{"id":6040,"date":"2026-02-26T00:00:00","date_gmt":"2026-02-25T23:00:00","guid":{"rendered":"https:\/\/www.monlau.com\/formacion-profesional\/jaume-andres-creatividad-reciclaje-y-diseno-sostenible-en-monlau-fp\/"},"modified":"2026-03-24T11:10:01","modified_gmt":"2026-03-24T10:10:01","slug":"jaume-andres-creatividad-reciclaje-y-diseno-sostenible-en-monlau-fp","status":"publish","type":"post","link":"https:\/\/www.monlau.com\/fp\/2026\/02\/26\/jaume-andres-creatividad-reciclaje-y-diseno-sostenible-en-monlau-fp\/","title":{"rendered":"Jaume Andr\u00e9s: creatividad, reciclaje y dise\u00f1o sostenible en Monlau FP"},"content":{"rendered":"\t\t<div data-elementor-type=\"wp-post\" data-elementor-id=\"6040\" class=\"elementor elementor-6040\" data-elementor-post-type=\"post\">\n\t\t\t\t<div class=\"elementor-element elementor-element-f9eeddd e-flex e-con-boxed e-con e-parent\" data-id=\"f9eeddd\" data-element_type=\"container\">\n\t\t\t\t\t<div class=\"e-con-inner\">\n\t\t\t\t<div class=\"elementor-element elementor-element-10e4dfc3 elementor-widget elementor-widget-text-editor\" data-id=\"10e4dfc3\" data-element_type=\"widget\" data-widget_type=\"text-editor.default\">\n\t\t\t\t\t\t\t\t\t<p>En <strong>Monlau FP<\/strong> tenemos la suerte de contar con profes que no solo ense\u00f1an, sino que tambi\u00e9n inspiran con su propio ejemplo. Uno de ellos es <strong>Jaume Andr\u00e9s<\/strong>, un profesor que combina la pasi\u00f3n por la docencia con un talento sorprendente en el <strong>reciclaje creativo<\/strong>.<\/p><p>Jaume no se limita a las aulas: transforma objetos cotidianos y materiales descartados en piezas \u00fanicas que mezclan <strong>dise\u00f1o, arte y funcionalidad<\/strong>. Desde <strong>coches y cascos reutilizados<\/strong> hasta <strong>sof\u00e1s construidos con piezas recuperadas<\/strong>, sus proyectos demuestran que, con creatividad y visi\u00f3n, cualquier material puede tener una segunda vida.<\/p><p>Su iniciativa <strong>@ja_projects_<\/strong> refleja esta filosof\u00eda: cada creaci\u00f3n no solo es est\u00e9tica, sino tambi\u00e9n un mensaje sobre <strong>sostenibilidad y reutilizaci\u00f3n<\/strong>. Jaume ense\u00f1a a sus alumnos que el dise\u00f1o no solo se trata de lo nuevo, sino de c\u00f3mo podemos <strong>reinventar lo que ya existe<\/strong>, convirtiendo lo descartado en algo valioso y sorprendente.<\/p><p>M\u00e1s all\u00e1 de sus proyectos art\u00edsticos, Jaume Andr\u00e9s es un ejemplo de c\u00f3mo la pasi\u00f3n y la creatividad pueden inspirar en todos los \u00e1mbitos. En Monlau FP, sus ense\u00f1anzas no se limitan al contenido acad\u00e9mico: tambi\u00e9n transmiten la importancia de <strong>mirar el mundo con ojos curiosos y responsables<\/strong>, y de encontrar oportunidades creativas en cada desaf\u00edo.<\/p><p>Si quieres conocer m\u00e1s sobre su trabajo, puedes seguir su proyecto en <strong>@ja_projects_<\/strong>, donde cada pieza cuenta una historia de innovaci\u00f3n, reciclaje y arte.<\/p>\t\t\t\t\t\t\t\t<\/div>\n\t\t\t\t\t<\/div>\n\t\t\t\t<\/div>\n\t\t<div class=\"elementor-element elementor-element-7b008ad e-flex e-con-boxed e-con e-parent\" data-id=\"7b008ad\" data-element_type=\"container\">\n\t\t\t\t\t<div class=\"e-con-inner\">\n\t\t\t\t<div class=\"elementor-element elementor-element-e4c24e2 elementor-widget elementor-widget-image\" data-id=\"e4c24e2\" data-element_type=\"widget\" data-widget_type=\"image.default\">\n\t\t\t\t\t\t\t\t\t\t\t\t\t\t\t<img fetchpriority=\"high\" decoding=\"async\" width=\"1024\" height=\"715\" src=\"https:\/\/www.monlau.com\/app\/uploads\/sites\/3\/2026\/02\/POST-FP-25-26-1-1-1024x715.jpg\" class=\"attachment-large size-large wp-image-9845\" alt=\"\" srcset=\"https:\/\/www.monlau.com\/app\/uploads\/sites\/3\/2026\/02\/POST-FP-25-26-1-1-1024x715.jpg 1024w, https:\/\/www.monlau.com\/app\/uploads\/sites\/3\/2026\/02\/POST-FP-25-26-1-1-300x209.jpg 300w, https:\/\/www.monlau.com\/app\/uploads\/sites\/3\/2026\/02\/POST-FP-25-26-1-1-768x536.jpg 768w, https:\/\/www.monlau.com\/app\/uploads\/sites\/3\/2026\/02\/POST-FP-25-26-1-1.jpg 1080w\" sizes=\"(max-width: 1024px) 100vw, 1024px\" \/>\t\t\t\t\t\t\t\t\t\t\t\t\t\t\t<\/div>\n\t\t\t\t\t<\/div>\n\t\t\t\t<\/div>\n\t\t\t\t<\/div>\n\t\t","protected":false},"excerpt":{"rendered":"<p>En Monlau FP tenemos la suerte de contar con profes que no solo ense\u00f1an, sino que tambi\u00e9n inspiran con su propio ejemplo. Uno de ellos es Jaume Andr\u00e9s, un profesor que combina la pasi\u00f3n por la docencia con un talento sorprendente en el reciclaje creativo. Jaume no se limita a las aulas: transforma objetos cotidianos [&hellip;]<\/p>\n","protected":false},"author":1,"featured_media":3835,"comment_status":"closed","ping_status":"closed","sticky":false,"template":"","format":"standard","meta":{"footnotes":""},"categories":[36],"tags":[],"class_list":["post-6040","post","type-post","status-publish","format-standard","has-post-thumbnail","hentry","category-automocion"],"yoast_head":"<!-- This site is optimized with the Yoast SEO plugin v27.2 - https:\/\/yoast.com\/product\/yoast-seo-wordpress\/ -->\n<title>Reciclaje creativo en la educaci\u00f3n<\/title>\n<meta name=\"description\" content=\"Reciclaje creativo en la educaci\u00f3n con Jaume Andr\u00e9s, profesor de Monlau FP, que transforma materiales en arte y fomenta el dise\u00f1o sostenible.\" \/>\n<meta name=\"robots\" content=\"index, follow, max-snippet:-1, max-image-preview:large, max-video-preview:-1\" \/>\n<link rel=\"canonical\" href=\"https:\/\/www.monlau.com\/fp\/2026\/02\/26\/jaume-andres-creatividad-reciclaje-y-diseno-sostenible-en-monlau-fp\/\" \/>\n<meta property=\"og:locale\" content=\"es_ES\" \/>\n<meta property=\"og:type\" content=\"article\" \/>\n<meta property=\"og:title\" content=\"Reciclaje creativo en la educaci\u00f3n\" \/>\n<meta property=\"og:description\" content=\"Reciclaje creativo en la educaci\u00f3n con Jaume Andr\u00e9s, profesor de Monlau FP, que transforma materiales en arte y fomenta el dise\u00f1o sostenible.\" \/>\n<meta property=\"og:url\" content=\"https:\/\/www.monlau.com\/fp\/2026\/02\/26\/jaume-andres-creatividad-reciclaje-y-diseno-sostenible-en-monlau-fp\/\" \/>\n<meta property=\"og:site_name\" content=\"Formaci\u00f3n profesional\" \/>\n<meta property=\"article:published_time\" content=\"2026-02-25T23:00:00+00:00\" \/>\n<meta property=\"article:modified_time\" content=\"2026-03-24T10:10:01+00:00\" \/>\n<meta property=\"og:image\" content=\"https:\/\/www.monlau.com\/app\/uploads\/sites\/3\/2026\/03\/Captura-de-pantalla-2026-02-26-101308.png\" \/>\n\t<meta property=\"og:image:width\" content=\"850\" \/>\n\t<meta property=\"og:image:height\" content=\"845\" \/>\n\t<meta property=\"og:image:type\" content=\"image\/png\" \/>\n<meta name=\"author\" content=\"adsmurai\" \/>\n<meta name=\"twitter:card\" content=\"summary_large_image\" \/>\n<meta name=\"twitter:label1\" content=\"Escrito por\" \/>\n\t<meta name=\"twitter:data1\" content=\"adsmurai\" \/>\n\t<meta name=\"twitter:label2\" content=\"Tiempo de lectura\" \/>\n\t<meta name=\"twitter:data2\" content=\"2 minutos\" \/>\n<script type=\"application\/ld+json\" class=\"yoast-schema-graph\">{\"@context\":\"https:\/\/schema.org\",\"@graph\":[{\"@type\":\"Article\",\"@id\":\"https:\/\/www.monlau.com\/fp\/2026\/02\/26\/jaume-andres-creatividad-reciclaje-y-diseno-sostenible-en-monlau-fp\/#article\",\"isPartOf\":{\"@id\":\"https:\/\/www.monlau.com\/fp\/2026\/02\/26\/jaume-andres-creatividad-reciclaje-y-diseno-sostenible-en-monlau-fp\/\"},\"author\":{\"name\":\"adsmurai\",\"@id\":\"https:\/\/www.monlau.com\/fp\/#\/schema\/person\/419cfdf054323e24e0a2ef1d8597f051\"},\"headline\":\"Jaume Andr\u00e9s: creatividad, reciclaje y dise\u00f1o sostenible en Monlau FP\",\"datePublished\":\"2026-02-25T23:00:00+00:00\",\"dateModified\":\"2026-03-24T10:10:01+00:00\",\"mainEntityOfPage\":{\"@id\":\"https:\/\/www.monlau.com\/fp\/2026\/02\/26\/jaume-andres-creatividad-reciclaje-y-diseno-sostenible-en-monlau-fp\/\"},\"wordCount\":265,\"publisher\":{\"@id\":\"https:\/\/www.monlau.com\/fp\/#organization\"},\"image\":{\"@id\":\"https:\/\/www.monlau.com\/fp\/2026\/02\/26\/jaume-andres-creatividad-reciclaje-y-diseno-sostenible-en-monlau-fp\/#primaryimage\"},\"thumbnailUrl\":\"https:\/\/www.monlau.com\/app\/uploads\/sites\/3\/2026\/03\/Captura-de-pantalla-2026-02-26-101308.png\",\"articleSection\":[\"Automoci\u00f3n\"],\"inLanguage\":\"es\"},{\"@type\":\"WebPage\",\"@id\":\"https:\/\/www.monlau.com\/fp\/2026\/02\/26\/jaume-andres-creatividad-reciclaje-y-diseno-sostenible-en-monlau-fp\/\",\"url\":\"https:\/\/www.monlau.com\/fp\/2026\/02\/26\/jaume-andres-creatividad-reciclaje-y-diseno-sostenible-en-monlau-fp\/\",\"name\":\"Reciclaje creativo en la educaci\u00f3n\",\"isPartOf\":{\"@id\":\"https:\/\/www.monlau.com\/fp\/#website\"},\"primaryImageOfPage\":{\"@id\":\"https:\/\/www.monlau.com\/fp\/2026\/02\/26\/jaume-andres-creatividad-reciclaje-y-diseno-sostenible-en-monlau-fp\/#primaryimage\"},\"image\":{\"@id\":\"https:\/\/www.monlau.com\/fp\/2026\/02\/26\/jaume-andres-creatividad-reciclaje-y-diseno-sostenible-en-monlau-fp\/#primaryimage\"},\"thumbnailUrl\":\"https:\/\/www.monlau.com\/app\/uploads\/sites\/3\/2026\/03\/Captura-de-pantalla-2026-02-26-101308.png\",\"datePublished\":\"2026-02-25T23:00:00+00:00\",\"dateModified\":\"2026-03-24T10:10:01+00:00\",\"description\":\"Reciclaje creativo en la educaci\u00f3n con Jaume Andr\u00e9s, profesor de Monlau FP, que transforma materiales en arte y fomenta el dise\u00f1o sostenible.\",\"breadcrumb\":{\"@id\":\"https:\/\/www.monlau.com\/fp\/2026\/02\/26\/jaume-andres-creatividad-reciclaje-y-diseno-sostenible-en-monlau-fp\/#breadcrumb\"},\"inLanguage\":\"es\",\"potentialAction\":[{\"@type\":\"ReadAction\",\"target\":[\"https:\/\/www.monlau.com\/fp\/2026\/02\/26\/jaume-andres-creatividad-reciclaje-y-diseno-sostenible-en-monlau-fp\/\"]}]},{\"@type\":\"ImageObject\",\"inLanguage\":\"es\",\"@id\":\"https:\/\/www.monlau.com\/fp\/2026\/02\/26\/jaume-andres-creatividad-reciclaje-y-diseno-sostenible-en-monlau-fp\/#primaryimage\",\"url\":\"https:\/\/www.monlau.com\/app\/uploads\/sites\/3\/2026\/03\/Captura-de-pantalla-2026-02-26-101308.png\",\"contentUrl\":\"https:\/\/www.monlau.com\/app\/uploads\/sites\/3\/2026\/03\/Captura-de-pantalla-2026-02-26-101308.png\",\"width\":850,\"height\":845},{\"@type\":\"BreadcrumbList\",\"@id\":\"https:\/\/www.monlau.com\/fp\/2026\/02\/26\/jaume-andres-creatividad-reciclaje-y-diseno-sostenible-en-monlau-fp\/#breadcrumb\",\"itemListElement\":[{\"@type\":\"ListItem\",\"position\":1,\"name\":\"Portada\",\"item\":\"https:\/\/www.monlau.com\/fp\/\"},{\"@type\":\"ListItem\",\"position\":2,\"name\":\"Jaume Andr\u00e9s: creatividad, reciclaje y dise\u00f1o sostenible en Monlau FP\"}]},{\"@type\":\"WebSite\",\"@id\":\"https:\/\/www.monlau.com\/fp\/#website\",\"url\":\"https:\/\/www.monlau.com\/fp\/\",\"name\":\"Formaci\u00f3n profesional\",\"description\":\"Monlau\",\"publisher\":{\"@id\":\"https:\/\/www.monlau.com\/fp\/#organization\"},\"potentialAction\":[{\"@type\":\"SearchAction\",\"target\":{\"@type\":\"EntryPoint\",\"urlTemplate\":\"https:\/\/www.monlau.com\/fp\/?s={search_term_string}\"},\"query-input\":{\"@type\":\"PropertyValueSpecification\",\"valueRequired\":true,\"valueName\":\"search_term_string\"}}],\"inLanguage\":\"es\"},{\"@type\":\"Organization\",\"@id\":\"https:\/\/www.monlau.com\/fp\/#organization\",\"name\":\"Formaci\u00f3n profesional\",\"url\":\"https:\/\/www.monlau.com\/fp\/\",\"logo\":{\"@type\":\"ImageObject\",\"inLanguage\":\"es\",\"@id\":\"https:\/\/www.monlau.com\/fp\/#\/schema\/logo\/image\/\",\"url\":\"https:\/\/www.monlau.com\/app\/uploads\/sites\/3\/2026\/01\/fp.png\",\"contentUrl\":\"https:\/\/www.monlau.com\/app\/uploads\/sites\/3\/2026\/01\/fp.png\",\"width\":1024,\"height\":878,\"caption\":\"Formaci\u00f3n profesional\"},\"image\":{\"@id\":\"https:\/\/www.monlau.com\/fp\/#\/schema\/logo\/image\/\"}},{\"@type\":\"Person\",\"@id\":\"https:\/\/www.monlau.com\/fp\/#\/schema\/person\/419cfdf054323e24e0a2ef1d8597f051\",\"name\":\"adsmurai\",\"image\":{\"@type\":\"ImageObject\",\"inLanguage\":\"es\",\"@id\":\"https:\/\/secure.gravatar.com\/avatar\/0748788578f91786454454fa3b4c295644edb991ad6caadc70b41d26790d38fc?s=96&d=mm&r=g\",\"url\":\"https:\/\/secure.gravatar.com\/avatar\/0748788578f91786454454fa3b4c295644edb991ad6caadc70b41d26790d38fc?s=96&d=mm&r=g\",\"contentUrl\":\"https:\/\/secure.gravatar.com\/avatar\/0748788578f91786454454fa3b4c295644edb991ad6caadc70b41d26790d38fc?s=96&d=mm&r=g\",\"caption\":\"adsmurai\"},\"sameAs\":[\"https:\/\/www.monlau.com\"],\"url\":\"https:\/\/www.monlau.com\/fp\/author\/adsmurai\/\"}]}<\/script>\n<!-- \/ Yoast SEO plugin. -->","yoast_head_json":{"title":"Reciclaje creativo en la educaci\u00f3n","description":"Reciclaje creativo en la educaci\u00f3n con Jaume Andr\u00e9s, profesor de Monlau FP, que transforma materiales en arte y fomenta el dise\u00f1o sostenible.","robots":{"index":"index","follow":"follow","max-snippet":"max-snippet:-1","max-image-preview":"max-image-preview:large","max-video-preview":"max-video-preview:-1"},"canonical":"https:\/\/www.monlau.com\/fp\/2026\/02\/26\/jaume-andres-creatividad-reciclaje-y-diseno-sostenible-en-monlau-fp\/","og_locale":"es_ES","og_type":"article","og_title":"Reciclaje creativo en la educaci\u00f3n","og_description":"Reciclaje creativo en la educaci\u00f3n con Jaume Andr\u00e9s, profesor de Monlau FP, que transforma materiales en arte y fomenta el dise\u00f1o sostenible.","og_url":"https:\/\/www.monlau.com\/fp\/2026\/02\/26\/jaume-andres-creatividad-reciclaje-y-diseno-sostenible-en-monlau-fp\/","og_site_name":"Formaci\u00f3n profesional","article_published_time":"2026-02-25T23:00:00+00:00","article_modified_time":"2026-03-24T10:10:01+00:00","og_image":[{"width":850,"height":845,"url":"https:\/\/www.monlau.com\/app\/uploads\/sites\/3\/2026\/03\/Captura-de-pantalla-2026-02-26-101308.png","type":"image\/png"}],"author":"adsmurai","twitter_card":"summary_large_image","twitter_misc":{"Escrito por":"adsmurai","Tiempo de lectura":"2 minutos"},"schema":{"@context":"https:\/\/schema.org","@graph":[{"@type":"Article","@id":"https:\/\/www.monlau.com\/fp\/2026\/02\/26\/jaume-andres-creatividad-reciclaje-y-diseno-sostenible-en-monlau-fp\/#article","isPartOf":{"@id":"https:\/\/www.monlau.com\/fp\/2026\/02\/26\/jaume-andres-creatividad-reciclaje-y-diseno-sostenible-en-monlau-fp\/"},"author":{"name":"adsmurai","@id":"https:\/\/www.monlau.com\/fp\/#\/schema\/person\/419cfdf054323e24e0a2ef1d8597f051"},"headline":"Jaume Andr\u00e9s: creatividad, reciclaje y dise\u00f1o sostenible en Monlau FP","datePublished":"2026-02-25T23:00:00+00:00","dateModified":"2026-03-24T10:10:01+00:00","mainEntityOfPage":{"@id":"https:\/\/www.monlau.com\/fp\/2026\/02\/26\/jaume-andres-creatividad-reciclaje-y-diseno-sostenible-en-monlau-fp\/"},"wordCount":265,"publisher":{"@id":"https:\/\/www.monlau.com\/fp\/#organization"},"image":{"@id":"https:\/\/www.monlau.com\/fp\/2026\/02\/26\/jaume-andres-creatividad-reciclaje-y-diseno-sostenible-en-monlau-fp\/#primaryimage"},"thumbnailUrl":"https:\/\/www.monlau.com\/app\/uploads\/sites\/3\/2026\/03\/Captura-de-pantalla-2026-02-26-101308.png","articleSection":["Automoci\u00f3n"],"inLanguage":"es"},{"@type":"WebPage","@id":"https:\/\/www.monlau.com\/fp\/2026\/02\/26\/jaume-andres-creatividad-reciclaje-y-diseno-sostenible-en-monlau-fp\/","url":"https:\/\/www.monlau.com\/fp\/2026\/02\/26\/jaume-andres-creatividad-reciclaje-y-diseno-sostenible-en-monlau-fp\/","name":"Reciclaje creativo en la educaci\u00f3n","isPartOf":{"@id":"https:\/\/www.monlau.com\/fp\/#website"},"primaryImageOfPage":{"@id":"https:\/\/www.monlau.com\/fp\/2026\/02\/26\/jaume-andres-creatividad-reciclaje-y-diseno-sostenible-en-monlau-fp\/#primaryimage"},"image":{"@id":"https:\/\/www.monlau.com\/fp\/2026\/02\/26\/jaume-andres-creatividad-reciclaje-y-diseno-sostenible-en-monlau-fp\/#primaryimage"},"thumbnailUrl":"https:\/\/www.monlau.com\/app\/uploads\/sites\/3\/2026\/03\/Captura-de-pantalla-2026-02-26-101308.png","datePublished":"2026-02-25T23:00:00+00:00","dateModified":"2026-03-24T10:10:01+00:00","description":"Reciclaje creativo en la educaci\u00f3n con Jaume Andr\u00e9s, profesor de Monlau FP, que transforma materiales en arte y fomenta el dise\u00f1o sostenible.","breadcrumb":{"@id":"https:\/\/www.monlau.com\/fp\/2026\/02\/26\/jaume-andres-creatividad-reciclaje-y-diseno-sostenible-en-monlau-fp\/#breadcrumb"},"inLanguage":"es","potentialAction":[{"@type":"ReadAction","target":["https:\/\/www.monlau.com\/fp\/2026\/02\/26\/jaume-andres-creatividad-reciclaje-y-diseno-sostenible-en-monlau-fp\/"]}]},{"@type":"ImageObject","inLanguage":"es","@id":"https:\/\/www.monlau.com\/fp\/2026\/02\/26\/jaume-andres-creatividad-reciclaje-y-diseno-sostenible-en-monlau-fp\/#primaryimage","url":"https:\/\/www.monlau.com\/app\/uploads\/sites\/3\/2026\/03\/Captura-de-pantalla-2026-02-26-101308.png","contentUrl":"https:\/\/www.monlau.com\/app\/uploads\/sites\/3\/2026\/03\/Captura-de-pantalla-2026-02-26-101308.png","width":850,"height":845},{"@type":"BreadcrumbList","@id":"https:\/\/www.monlau.com\/fp\/2026\/02\/26\/jaume-andres-creatividad-reciclaje-y-diseno-sostenible-en-monlau-fp\/#breadcrumb","itemListElement":[{"@type":"ListItem","position":1,"name":"Portada","item":"https:\/\/www.monlau.com\/fp\/"},{"@type":"ListItem","position":2,"name":"Jaume Andr\u00e9s: creatividad, reciclaje y dise\u00f1o sostenible en Monlau FP"}]},{"@type":"WebSite","@id":"https:\/\/www.monlau.com\/fp\/#website","url":"https:\/\/www.monlau.com\/fp\/","name":"Formaci\u00f3n profesional","description":"Monlau","publisher":{"@id":"https:\/\/www.monlau.com\/fp\/#organization"},"potentialAction":[{"@type":"SearchAction","target":{"@type":"EntryPoint","urlTemplate":"https:\/\/www.monlau.com\/fp\/?s={search_term_string}"},"query-input":{"@type":"PropertyValueSpecification","valueRequired":true,"valueName":"search_term_string"}}],"inLanguage":"es"},{"@type":"Organization","@id":"https:\/\/www.monlau.com\/fp\/#organization","name":"Formaci\u00f3n profesional","url":"https:\/\/www.monlau.com\/fp\/","logo":{"@type":"ImageObject","inLanguage":"es","@id":"https:\/\/www.monlau.com\/fp\/#\/schema\/logo\/image\/","url":"https:\/\/www.monlau.com\/app\/uploads\/sites\/3\/2026\/01\/fp.png","contentUrl":"https:\/\/www.monlau.com\/app\/uploads\/sites\/3\/2026\/01\/fp.png","width":1024,"height":878,"caption":"Formaci\u00f3n profesional"},"image":{"@id":"https:\/\/www.monlau.com\/fp\/#\/schema\/logo\/image\/"}},{"@type":"Person","@id":"https:\/\/www.monlau.com\/fp\/#\/schema\/person\/419cfdf054323e24e0a2ef1d8597f051","name":"adsmurai","image":{"@type":"ImageObject","inLanguage":"es","@id":"https:\/\/secure.gravatar.com\/avatar\/0748788578f91786454454fa3b4c295644edb991ad6caadc70b41d26790d38fc?s=96&d=mm&r=g","url":"https:\/\/secure.gravatar.com\/avatar\/0748788578f91786454454fa3b4c295644edb991ad6caadc70b41d26790d38fc?s=96&d=mm&r=g","contentUrl":"https:\/\/secure.gravatar.com\/avatar\/0748788578f91786454454fa3b4c295644edb991ad6caadc70b41d26790d38fc?s=96&d=mm&r=g","caption":"adsmurai"},"sameAs":["https:\/\/www.monlau.com"],"url":"https:\/\/www.monlau.com\/fp\/author\/adsmurai\/"}]}},"_links":{"self":[{"href":"https:\/\/www.monlau.com\/fp\/wp-json\/wp\/v2\/posts\/6040","targetHints":{"allow":["GET"]}}],"collection":[{"href":"https:\/\/www.monlau.com\/fp\/wp-json\/wp\/v2\/posts"}],"about":[{"href":"https:\/\/www.monlau.com\/fp\/wp-json\/wp\/v2\/types\/post"}],"author":[{"embeddable":true,"href":"https:\/\/www.monlau.com\/fp\/wp-json\/wp\/v2\/users\/1"}],"replies":[{"embeddable":true,"href":"https:\/\/www.monlau.com\/fp\/wp-json\/wp\/v2\/comments?post=6040"}],"version-history":[{"count":11,"href":"https:\/\/www.monlau.com\/fp\/wp-json\/wp\/v2\/posts\/6040\/revisions"}],"predecessor-version":[{"id":9848,"href":"https:\/\/www.monlau.com\/fp\/wp-json\/wp\/v2\/posts\/6040\/revisions\/9848"}],"wp:featuredmedia":[{"embeddable":true,"href":"https:\/\/www.monlau.com\/fp\/wp-json\/wp\/v2\/media\/3835"}],"wp:attachment":[{"href":"https:\/\/www.monlau.com\/fp\/wp-json\/wp\/v2\/media?parent=6040"}],"wp:term":[{"taxonomy":"category","embeddable":true,"href":"https:\/\/www.monlau.com\/fp\/wp-json\/wp\/v2\/categories?post=6040"},{"taxonomy":"post_tag","embeddable":true,"href":"https:\/\/www.monlau.com\/fp\/wp-json\/wp\/v2\/tags?post=6040"}],"curies":[{"name":"wp","href":"https:\/\/api.w.org\/{rel}","templated":true}]}}