{"id":6037,"date":"2026-01-12T00:00:00","date_gmt":"2026-01-11T23:00:00","guid":{"rendered":"https:\/\/www.monlau.com\/formacion-profesional\/monlau-firma-un-convenio-con-wolters-kluwer-para-formar-al-alumnado-con-a3innuva-y-certificacion-oficial\/"},"modified":"2026-03-10T10:03:26","modified_gmt":"2026-03-10T09:03:26","slug":"monlau-firma-un-convenio-con-wolters-kluwer-para-formar-al-alumnado-con-a3innuva-y-certificacion-oficial","status":"publish","type":"post","link":"https:\/\/www.monlau.com\/fp\/2026\/01\/12\/monlau-firma-un-convenio-con-wolters-kluwer-para-formar-al-alumnado-con-a3innuva-y-certificacion-oficial\/","title":{"rendered":"Monlau firma un convenio con Wolters Kluwer para formar al alumnado con a3innuva y certificaci\u00f3n oficial"},"content":{"rendered":"<p><span data-contrast=\"auto\">En <a href=\"https:\/\/www.monlau.com\/\">Monlau<\/a> seguimos reforzando nuestro compromiso con una Formaci\u00f3n Profesional conectada con el mundo real. Por ello,\u00a0hemos firmado\u00a0un\u00a0<\/span><b><span data-contrast=\"auto\">convenio de colaboraci\u00f3n con <a href=\"https:\/\/www.wolterskluwer.com\/es-es\">Wolters\u00a0Kluwer<\/a><\/span><\/b><span data-contrast=\"auto\">, una de las empresas l\u00edderes en soluciones tecnol\u00f3gicas para la gesti\u00f3n empresarial.<\/span><span data-ccp-props=\"{}\">\u00a0<\/span><\/p>\n<p><span data-contrast=\"auto\">Este acuerdo supone una oportunidad directa para el alumnado del \u00e1rea de Empresa,\u00a0especialmente del Grado Superior de Administraci\u00f3n y Finanzas,\u00a0que podr\u00e1 formarse con herramientas utilizadas actualmente en el sector y salir al mercado laboral con una preparaci\u00f3n m\u00e1s s\u00f3lida.<\/span><span data-ccp-props=\"{}\">\u00a0<\/span><\/p>\n<p><span data-contrast=\"auto\">Gracias a esta colaboraci\u00f3n, nuestros estudiantes podr\u00e1n\u00a0<\/span><b><span data-contrast=\"auto\">formarse con soluciones profesionales de Wolters\u00a0Kluwer\u00a0a3innuva<\/span><\/b><span data-contrast=\"auto\">\u00a0y acceder a\u00a0<\/span><b><span data-contrast=\"auto\">certificaciones oficiales sin coste<\/span><\/b><span data-contrast=\"auto\">, en los siguientes programas:<\/span><span data-ccp-props=\"{}\">\u00a0<\/span><\/p>\n<ul>\n<li data-leveltext=\"\uf0b7\" data-font=\"Symbol\" data-listid=\"1\" data-list-defn-props=\"{&quot;335552541&quot;:1,&quot;335559685&quot;:720,&quot;335559991&quot;:360,&quot;469769226&quot;:&quot;Symbol&quot;,&quot;469769242&quot;:[8226],&quot;469777803&quot;:&quot;left&quot;,&quot;469777804&quot;:&quot;\uf0b7&quot;,&quot;469777815&quot;:&quot;multilevel&quot;}\" data-aria-posinset=\"1\" data-aria-level=\"1\"><b><span data-contrast=\"auto\">a3innuva ERP<\/span><\/b><span data-ccp-props=\"{}\">\u00a0<\/span><\/li>\n<\/ul>\n<ul>\n<li data-leveltext=\"\uf0b7\" data-font=\"Symbol\" data-listid=\"1\" data-list-defn-props=\"{&quot;335552541&quot;:1,&quot;335559685&quot;:720,&quot;335559991&quot;:360,&quot;469769226&quot;:&quot;Symbol&quot;,&quot;469769242&quot;:[8226],&quot;469777803&quot;:&quot;left&quot;,&quot;469777804&quot;:&quot;\uf0b7&quot;,&quot;469777815&quot;:&quot;multilevel&quot;}\" data-aria-posinset=\"2\" data-aria-level=\"1\"><b><span data-contrast=\"auto\">a3innuva Contabilidad<\/span><\/b><span data-ccp-props=\"{}\">\u00a0<\/span><\/li>\n<\/ul>\n<ul>\n<li data-leveltext=\"\uf0b7\" data-font=\"Symbol\" data-listid=\"1\" data-list-defn-props=\"{&quot;335552541&quot;:1,&quot;335559685&quot;:720,&quot;335559991&quot;:360,&quot;469769226&quot;:&quot;Symbol&quot;,&quot;469769242&quot;:[8226],&quot;469777803&quot;:&quot;left&quot;,&quot;469777804&quot;:&quot;\uf0b7&quot;,&quot;469777815&quot;:&quot;multilevel&quot;}\" data-aria-posinset=\"3\" data-aria-level=\"1\"><b><span data-contrast=\"auto\">a3innuva N\u00f3mina<\/span><\/b><span data-ccp-props=\"{}\">\u00a0<\/span><\/li>\n<\/ul>\n<p><span data-contrast=\"auto\">Este aprendizaje se traduce en una mejora clara de la empleabilidad, ya que el alumnado trabajar\u00e1 con software real, presente en miles de empresas, y obtendr\u00e1 certificaciones que refuerzan su perfil profesional.<\/span><span data-ccp-props=\"{}\">\u00a0<\/span><\/p>\n<p><span data-contrast=\"auto\">En la firma del convenio participaron representantes de Wolters\u00a0Kluwer\u00a0y del equipo directivo de Monlau, reafirmando nuestra apuesta por una\u00a0<\/span><b><span data-contrast=\"auto\">Formaci\u00f3n Profesional alineada con las necesidades del mercado<\/span><\/b><span data-contrast=\"auto\">.<\/span><span data-ccp-props=\"{}\">\u00a0<\/span><\/p>\n<p><span data-contrast=\"auto\">Seguimos avanzando con iniciativas que aportan valor real al alumnado y lo preparan para el futuro profesional con formaci\u00f3n actualizada, pr\u00e1ctica y reconocida.<\/span><span data-ccp-props=\"{}\">\u00a0<\/span><\/p>\n","protected":false},"excerpt":{"rendered":"<p>En Monlau seguimos reforzando nuestro compromiso con una Formaci\u00f3n Profesional conectada con el mundo real. Por ello,\u00a0hemos firmado\u00a0un\u00a0convenio de colaboraci\u00f3n con Wolters\u00a0Kluwer, una de las empresas l\u00edderes en soluciones tecnol\u00f3gicas para la gesti\u00f3n empresarial.\u00a0 Este acuerdo supone una oportunidad directa para el alumnado del \u00e1rea de Empresa,\u00a0especialmente del Grado Superior de Administraci\u00f3n y Finanzas,\u00a0que podr\u00e1 [&hellip;]<\/p>\n","protected":false},"author":1,"featured_media":3829,"comment_status":"closed","ping_status":"closed","sticky":false,"template":"","format":"standard","meta":{"footnotes":""},"categories":[32,57],"tags":[],"class_list":["post-6037","post","type-post","status-publish","format-standard","has-post-thumbnail","hentry","category-empresa-y-marketing","category-monlau"],"yoast_head":"<!-- This site is optimized with the Yoast SEO plugin v27.2 - https:\/\/yoast.com\/product\/yoast-seo-wordpress\/ -->\n<title>Monlau firma un convenio con Wolters Kluwer para formar al alumnado con a3innuva y certificaci\u00f3n oficial - Formaci\u00f3n profesional<\/title>\n<meta name=\"robots\" content=\"index, follow, max-snippet:-1, max-image-preview:large, max-video-preview:-1\" \/>\n<link rel=\"canonical\" href=\"https:\/\/www.monlau.com\/fp\/2026\/01\/12\/monlau-firma-un-convenio-con-wolters-kluwer-para-formar-al-alumnado-con-a3innuva-y-certificacion-oficial\/\" \/>\n<meta property=\"og:locale\" content=\"es_ES\" \/>\n<meta property=\"og:type\" content=\"article\" \/>\n<meta property=\"og:title\" content=\"Monlau firma un convenio con Wolters Kluwer para formar al alumnado con a3innuva y certificaci\u00f3n oficial - Formaci\u00f3n profesional\" \/>\n<meta property=\"og:description\" content=\"En Monlau seguimos reforzando nuestro compromiso con una Formaci\u00f3n Profesional conectada con el mundo real. Por ello,\u00a0hemos firmado\u00a0un\u00a0convenio de colaboraci\u00f3n con Wolters\u00a0Kluwer, una de las empresas l\u00edderes en soluciones tecnol\u00f3gicas para la gesti\u00f3n empresarial.\u00a0 Este acuerdo supone una oportunidad directa para el alumnado del \u00e1rea de Empresa,\u00a0especialmente del Grado Superior de Administraci\u00f3n y Finanzas,\u00a0que podr\u00e1 [&hellip;]\" \/>\n<meta property=\"og:url\" content=\"https:\/\/www.monlau.com\/fp\/2026\/01\/12\/monlau-firma-un-convenio-con-wolters-kluwer-para-formar-al-alumnado-con-a3innuva-y-certificacion-oficial\/\" \/>\n<meta property=\"og:site_name\" content=\"Formaci\u00f3n profesional\" \/>\n<meta property=\"article:published_time\" content=\"2026-01-11T23:00:00+00:00\" \/>\n<meta property=\"article:modified_time\" content=\"2026-03-10T09:03:26+00:00\" \/>\n<meta property=\"og:image\" content=\"https:\/\/www.monlau.com\/app\/uploads\/sites\/3\/2026\/03\/IMG_0454B.jpg\" \/>\n\t<meta property=\"og:image:width\" content=\"1000\" \/>\n\t<meta property=\"og:image:height\" content=\"667\" \/>\n\t<meta property=\"og:image:type\" content=\"image\/jpeg\" \/>\n<meta name=\"author\" content=\"adsmurai\" \/>\n<meta name=\"twitter:card\" content=\"summary_large_image\" \/>\n<meta name=\"twitter:label1\" content=\"Escrito por\" \/>\n\t<meta name=\"twitter:data1\" content=\"adsmurai\" \/>\n\t<meta name=\"twitter:label2\" content=\"Tiempo de lectura\" \/>\n\t<meta name=\"twitter:data2\" content=\"1 minuto\" \/>\n<script type=\"application\/ld+json\" class=\"yoast-schema-graph\">{\"@context\":\"https:\/\/schema.org\",\"@graph\":[{\"@type\":\"Article\",\"@id\":\"https:\/\/www.monlau.com\/fp\/2026\/01\/12\/monlau-firma-un-convenio-con-wolters-kluwer-para-formar-al-alumnado-con-a3innuva-y-certificacion-oficial\/#article\",\"isPartOf\":{\"@id\":\"https:\/\/www.monlau.com\/fp\/2026\/01\/12\/monlau-firma-un-convenio-con-wolters-kluwer-para-formar-al-alumnado-con-a3innuva-y-certificacion-oficial\/\"},\"author\":{\"name\":\"adsmurai\",\"@id\":\"https:\/\/www.monlau.com\/fp\/#\/schema\/person\/419cfdf054323e24e0a2ef1d8597f051\"},\"headline\":\"Monlau firma un convenio con Wolters Kluwer para formar al alumnado con a3innuva y certificaci\u00f3n oficial\",\"datePublished\":\"2026-01-11T23:00:00+00:00\",\"dateModified\":\"2026-03-10T09:03:26+00:00\",\"mainEntityOfPage\":{\"@id\":\"https:\/\/www.monlau.com\/fp\/2026\/01\/12\/monlau-firma-un-convenio-con-wolters-kluwer-para-formar-al-alumnado-con-a3innuva-y-certificacion-oficial\/\"},\"wordCount\":232,\"publisher\":{\"@id\":\"https:\/\/www.monlau.com\/fp\/#organization\"},\"image\":{\"@id\":\"https:\/\/www.monlau.com\/fp\/2026\/01\/12\/monlau-firma-un-convenio-con-wolters-kluwer-para-formar-al-alumnado-con-a3innuva-y-certificacion-oficial\/#primaryimage\"},\"thumbnailUrl\":\"https:\/\/www.monlau.com\/app\/uploads\/sites\/3\/2026\/03\/IMG_0454B.jpg\",\"articleSection\":[\"Empresa y Marketing\",\"Monlau\"],\"inLanguage\":\"es\"},{\"@type\":\"WebPage\",\"@id\":\"https:\/\/www.monlau.com\/fp\/2026\/01\/12\/monlau-firma-un-convenio-con-wolters-kluwer-para-formar-al-alumnado-con-a3innuva-y-certificacion-oficial\/\",\"url\":\"https:\/\/www.monlau.com\/fp\/2026\/01\/12\/monlau-firma-un-convenio-con-wolters-kluwer-para-formar-al-alumnado-con-a3innuva-y-certificacion-oficial\/\",\"name\":\"Monlau firma un convenio con Wolters Kluwer para formar al alumnado con a3innuva y certificaci\u00f3n oficial - Formaci\u00f3n profesional\",\"isPartOf\":{\"@id\":\"https:\/\/www.monlau.com\/fp\/#website\"},\"primaryImageOfPage\":{\"@id\":\"https:\/\/www.monlau.com\/fp\/2026\/01\/12\/monlau-firma-un-convenio-con-wolters-kluwer-para-formar-al-alumnado-con-a3innuva-y-certificacion-oficial\/#primaryimage\"},\"image\":{\"@id\":\"https:\/\/www.monlau.com\/fp\/2026\/01\/12\/monlau-firma-un-convenio-con-wolters-kluwer-para-formar-al-alumnado-con-a3innuva-y-certificacion-oficial\/#primaryimage\"},\"thumbnailUrl\":\"https:\/\/www.monlau.com\/app\/uploads\/sites\/3\/2026\/03\/IMG_0454B.jpg\",\"datePublished\":\"2026-01-11T23:00:00+00:00\",\"dateModified\":\"2026-03-10T09:03:26+00:00\",\"breadcrumb\":{\"@id\":\"https:\/\/www.monlau.com\/fp\/2026\/01\/12\/monlau-firma-un-convenio-con-wolters-kluwer-para-formar-al-alumnado-con-a3innuva-y-certificacion-oficial\/#breadcrumb\"},\"inLanguage\":\"es\",\"potentialAction\":[{\"@type\":\"ReadAction\",\"target\":[\"https:\/\/www.monlau.com\/fp\/2026\/01\/12\/monlau-firma-un-convenio-con-wolters-kluwer-para-formar-al-alumnado-con-a3innuva-y-certificacion-oficial\/\"]}]},{\"@type\":\"ImageObject\",\"inLanguage\":\"es\",\"@id\":\"https:\/\/www.monlau.com\/fp\/2026\/01\/12\/monlau-firma-un-convenio-con-wolters-kluwer-para-formar-al-alumnado-con-a3innuva-y-certificacion-oficial\/#primaryimage\",\"url\":\"https:\/\/www.monlau.com\/app\/uploads\/sites\/3\/2026\/03\/IMG_0454B.jpg\",\"contentUrl\":\"https:\/\/www.monlau.com\/app\/uploads\/sites\/3\/2026\/03\/IMG_0454B.jpg\",\"width\":1000,\"height\":667},{\"@type\":\"BreadcrumbList\",\"@id\":\"https:\/\/www.monlau.com\/fp\/2026\/01\/12\/monlau-firma-un-convenio-con-wolters-kluwer-para-formar-al-alumnado-con-a3innuva-y-certificacion-oficial\/#breadcrumb\",\"itemListElement\":[{\"@type\":\"ListItem\",\"position\":1,\"name\":\"Portada\",\"item\":\"https:\/\/www.monlau.com\/fp\/\"},{\"@type\":\"ListItem\",\"position\":2,\"name\":\"Monlau firma un convenio con Wolters Kluwer para formar al alumnado con a3innuva y certificaci\u00f3n oficial\"}]},{\"@type\":\"WebSite\",\"@id\":\"https:\/\/www.monlau.com\/fp\/#website\",\"url\":\"https:\/\/www.monlau.com\/fp\/\",\"name\":\"Formaci\u00f3n profesional\",\"description\":\"Monlau\",\"publisher\":{\"@id\":\"https:\/\/www.monlau.com\/fp\/#organization\"},\"potentialAction\":[{\"@type\":\"SearchAction\",\"target\":{\"@type\":\"EntryPoint\",\"urlTemplate\":\"https:\/\/www.monlau.com\/fp\/?s={search_term_string}\"},\"query-input\":{\"@type\":\"PropertyValueSpecification\",\"valueRequired\":true,\"valueName\":\"search_term_string\"}}],\"inLanguage\":\"es\"},{\"@type\":\"Organization\",\"@id\":\"https:\/\/www.monlau.com\/fp\/#organization\",\"name\":\"Formaci\u00f3n profesional\",\"url\":\"https:\/\/www.monlau.com\/fp\/\",\"logo\":{\"@type\":\"ImageObject\",\"inLanguage\":\"es\",\"@id\":\"https:\/\/www.monlau.com\/fp\/#\/schema\/logo\/image\/\",\"url\":\"https:\/\/www.monlau.com\/app\/uploads\/sites\/3\/2026\/01\/fp.png\",\"contentUrl\":\"https:\/\/www.monlau.com\/app\/uploads\/sites\/3\/2026\/01\/fp.png\",\"width\":1024,\"height\":878,\"caption\":\"Formaci\u00f3n profesional\"},\"image\":{\"@id\":\"https:\/\/www.monlau.com\/fp\/#\/schema\/logo\/image\/\"}},{\"@type\":\"Person\",\"@id\":\"https:\/\/www.monlau.com\/fp\/#\/schema\/person\/419cfdf054323e24e0a2ef1d8597f051\",\"name\":\"adsmurai\",\"image\":{\"@type\":\"ImageObject\",\"inLanguage\":\"es\",\"@id\":\"https:\/\/secure.gravatar.com\/avatar\/0748788578f91786454454fa3b4c295644edb991ad6caadc70b41d26790d38fc?s=96&d=mm&r=g\",\"url\":\"https:\/\/secure.gravatar.com\/avatar\/0748788578f91786454454fa3b4c295644edb991ad6caadc70b41d26790d38fc?s=96&d=mm&r=g\",\"contentUrl\":\"https:\/\/secure.gravatar.com\/avatar\/0748788578f91786454454fa3b4c295644edb991ad6caadc70b41d26790d38fc?s=96&d=mm&r=g\",\"caption\":\"adsmurai\"},\"sameAs\":[\"https:\/\/www.monlau.com\"],\"url\":\"https:\/\/www.monlau.com\/fp\/author\/adsmurai\/\"}]}<\/script>\n<!-- \/ Yoast SEO plugin. -->","yoast_head_json":{"title":"Monlau firma un convenio con Wolters Kluwer para formar al alumnado con a3innuva y certificaci\u00f3n oficial - Formaci\u00f3n profesional","robots":{"index":"index","follow":"follow","max-snippet":"max-snippet:-1","max-image-preview":"max-image-preview:large","max-video-preview":"max-video-preview:-1"},"canonical":"https:\/\/www.monlau.com\/fp\/2026\/01\/12\/monlau-firma-un-convenio-con-wolters-kluwer-para-formar-al-alumnado-con-a3innuva-y-certificacion-oficial\/","og_locale":"es_ES","og_type":"article","og_title":"Monlau firma un convenio con Wolters Kluwer para formar al alumnado con a3innuva y certificaci\u00f3n oficial - Formaci\u00f3n profesional","og_description":"En Monlau seguimos reforzando nuestro compromiso con una Formaci\u00f3n Profesional conectada con el mundo real. Por ello,\u00a0hemos firmado\u00a0un\u00a0convenio de colaboraci\u00f3n con Wolters\u00a0Kluwer, una de las empresas l\u00edderes en soluciones tecnol\u00f3gicas para la gesti\u00f3n empresarial.\u00a0 Este acuerdo supone una oportunidad directa para el alumnado del \u00e1rea de Empresa,\u00a0especialmente del Grado Superior de Administraci\u00f3n y Finanzas,\u00a0que podr\u00e1 [&hellip;]","og_url":"https:\/\/www.monlau.com\/fp\/2026\/01\/12\/monlau-firma-un-convenio-con-wolters-kluwer-para-formar-al-alumnado-con-a3innuva-y-certificacion-oficial\/","og_site_name":"Formaci\u00f3n profesional","article_published_time":"2026-01-11T23:00:00+00:00","article_modified_time":"2026-03-10T09:03:26+00:00","og_image":[{"width":1000,"height":667,"url":"https:\/\/www.monlau.com\/app\/uploads\/sites\/3\/2026\/03\/IMG_0454B.jpg","type":"image\/jpeg"}],"author":"adsmurai","twitter_card":"summary_large_image","twitter_misc":{"Escrito por":"adsmurai","Tiempo de lectura":"1 minuto"},"schema":{"@context":"https:\/\/schema.org","@graph":[{"@type":"Article","@id":"https:\/\/www.monlau.com\/fp\/2026\/01\/12\/monlau-firma-un-convenio-con-wolters-kluwer-para-formar-al-alumnado-con-a3innuva-y-certificacion-oficial\/#article","isPartOf":{"@id":"https:\/\/www.monlau.com\/fp\/2026\/01\/12\/monlau-firma-un-convenio-con-wolters-kluwer-para-formar-al-alumnado-con-a3innuva-y-certificacion-oficial\/"},"author":{"name":"adsmurai","@id":"https:\/\/www.monlau.com\/fp\/#\/schema\/person\/419cfdf054323e24e0a2ef1d8597f051"},"headline":"Monlau firma un convenio con Wolters Kluwer para formar al alumnado con a3innuva y certificaci\u00f3n oficial","datePublished":"2026-01-11T23:00:00+00:00","dateModified":"2026-03-10T09:03:26+00:00","mainEntityOfPage":{"@id":"https:\/\/www.monlau.com\/fp\/2026\/01\/12\/monlau-firma-un-convenio-con-wolters-kluwer-para-formar-al-alumnado-con-a3innuva-y-certificacion-oficial\/"},"wordCount":232,"publisher":{"@id":"https:\/\/www.monlau.com\/fp\/#organization"},"image":{"@id":"https:\/\/www.monlau.com\/fp\/2026\/01\/12\/monlau-firma-un-convenio-con-wolters-kluwer-para-formar-al-alumnado-con-a3innuva-y-certificacion-oficial\/#primaryimage"},"thumbnailUrl":"https:\/\/www.monlau.com\/app\/uploads\/sites\/3\/2026\/03\/IMG_0454B.jpg","articleSection":["Empresa y Marketing","Monlau"],"inLanguage":"es"},{"@type":"WebPage","@id":"https:\/\/www.monlau.com\/fp\/2026\/01\/12\/monlau-firma-un-convenio-con-wolters-kluwer-para-formar-al-alumnado-con-a3innuva-y-certificacion-oficial\/","url":"https:\/\/www.monlau.com\/fp\/2026\/01\/12\/monlau-firma-un-convenio-con-wolters-kluwer-para-formar-al-alumnado-con-a3innuva-y-certificacion-oficial\/","name":"Monlau firma un convenio con Wolters Kluwer para formar al alumnado con a3innuva y certificaci\u00f3n oficial - Formaci\u00f3n profesional","isPartOf":{"@id":"https:\/\/www.monlau.com\/fp\/#website"},"primaryImageOfPage":{"@id":"https:\/\/www.monlau.com\/fp\/2026\/01\/12\/monlau-firma-un-convenio-con-wolters-kluwer-para-formar-al-alumnado-con-a3innuva-y-certificacion-oficial\/#primaryimage"},"image":{"@id":"https:\/\/www.monlau.com\/fp\/2026\/01\/12\/monlau-firma-un-convenio-con-wolters-kluwer-para-formar-al-alumnado-con-a3innuva-y-certificacion-oficial\/#primaryimage"},"thumbnailUrl":"https:\/\/www.monlau.com\/app\/uploads\/sites\/3\/2026\/03\/IMG_0454B.jpg","datePublished":"2026-01-11T23:00:00+00:00","dateModified":"2026-03-10T09:03:26+00:00","breadcrumb":{"@id":"https:\/\/www.monlau.com\/fp\/2026\/01\/12\/monlau-firma-un-convenio-con-wolters-kluwer-para-formar-al-alumnado-con-a3innuva-y-certificacion-oficial\/#breadcrumb"},"inLanguage":"es","potentialAction":[{"@type":"ReadAction","target":["https:\/\/www.monlau.com\/fp\/2026\/01\/12\/monlau-firma-un-convenio-con-wolters-kluwer-para-formar-al-alumnado-con-a3innuva-y-certificacion-oficial\/"]}]},{"@type":"ImageObject","inLanguage":"es","@id":"https:\/\/www.monlau.com\/fp\/2026\/01\/12\/monlau-firma-un-convenio-con-wolters-kluwer-para-formar-al-alumnado-con-a3innuva-y-certificacion-oficial\/#primaryimage","url":"https:\/\/www.monlau.com\/app\/uploads\/sites\/3\/2026\/03\/IMG_0454B.jpg","contentUrl":"https:\/\/www.monlau.com\/app\/uploads\/sites\/3\/2026\/03\/IMG_0454B.jpg","width":1000,"height":667},{"@type":"BreadcrumbList","@id":"https:\/\/www.monlau.com\/fp\/2026\/01\/12\/monlau-firma-un-convenio-con-wolters-kluwer-para-formar-al-alumnado-con-a3innuva-y-certificacion-oficial\/#breadcrumb","itemListElement":[{"@type":"ListItem","position":1,"name":"Portada","item":"https:\/\/www.monlau.com\/fp\/"},{"@type":"ListItem","position":2,"name":"Monlau firma un convenio con Wolters Kluwer para formar al alumnado con a3innuva y certificaci\u00f3n oficial"}]},{"@type":"WebSite","@id":"https:\/\/www.monlau.com\/fp\/#website","url":"https:\/\/www.monlau.com\/fp\/","name":"Formaci\u00f3n profesional","description":"Monlau","publisher":{"@id":"https:\/\/www.monlau.com\/fp\/#organization"},"potentialAction":[{"@type":"SearchAction","target":{"@type":"EntryPoint","urlTemplate":"https:\/\/www.monlau.com\/fp\/?s={search_term_string}"},"query-input":{"@type":"PropertyValueSpecification","valueRequired":true,"valueName":"search_term_string"}}],"inLanguage":"es"},{"@type":"Organization","@id":"https:\/\/www.monlau.com\/fp\/#organization","name":"Formaci\u00f3n profesional","url":"https:\/\/www.monlau.com\/fp\/","logo":{"@type":"ImageObject","inLanguage":"es","@id":"https:\/\/www.monlau.com\/fp\/#\/schema\/logo\/image\/","url":"https:\/\/www.monlau.com\/app\/uploads\/sites\/3\/2026\/01\/fp.png","contentUrl":"https:\/\/www.monlau.com\/app\/uploads\/sites\/3\/2026\/01\/fp.png","width":1024,"height":878,"caption":"Formaci\u00f3n profesional"},"image":{"@id":"https:\/\/www.monlau.com\/fp\/#\/schema\/logo\/image\/"}},{"@type":"Person","@id":"https:\/\/www.monlau.com\/fp\/#\/schema\/person\/419cfdf054323e24e0a2ef1d8597f051","name":"adsmurai","image":{"@type":"ImageObject","inLanguage":"es","@id":"https:\/\/secure.gravatar.com\/avatar\/0748788578f91786454454fa3b4c295644edb991ad6caadc70b41d26790d38fc?s=96&d=mm&r=g","url":"https:\/\/secure.gravatar.com\/avatar\/0748788578f91786454454fa3b4c295644edb991ad6caadc70b41d26790d38fc?s=96&d=mm&r=g","contentUrl":"https:\/\/secure.gravatar.com\/avatar\/0748788578f91786454454fa3b4c295644edb991ad6caadc70b41d26790d38fc?s=96&d=mm&r=g","caption":"adsmurai"},"sameAs":["https:\/\/www.monlau.com"],"url":"https:\/\/www.monlau.com\/fp\/author\/adsmurai\/"}]}},"_links":{"self":[{"href":"https:\/\/www.monlau.com\/fp\/wp-json\/wp\/v2\/posts\/6037","targetHints":{"allow":["GET"]}}],"collection":[{"href":"https:\/\/www.monlau.com\/fp\/wp-json\/wp\/v2\/posts"}],"about":[{"href":"https:\/\/www.monlau.com\/fp\/wp-json\/wp\/v2\/types\/post"}],"author":[{"embeddable":true,"href":"https:\/\/www.monlau.com\/fp\/wp-json\/wp\/v2\/users\/1"}],"replies":[{"embeddable":true,"href":"https:\/\/www.monlau.com\/fp\/wp-json\/wp\/v2\/comments?post=6037"}],"version-history":[{"count":1,"href":"https:\/\/www.monlau.com\/fp\/wp-json\/wp\/v2\/posts\/6037\/revisions"}],"predecessor-version":[{"id":6317,"href":"https:\/\/www.monlau.com\/fp\/wp-json\/wp\/v2\/posts\/6037\/revisions\/6317"}],"wp:featuredmedia":[{"embeddable":true,"href":"https:\/\/www.monlau.com\/fp\/wp-json\/wp\/v2\/media\/3829"}],"wp:attachment":[{"href":"https:\/\/www.monlau.com\/fp\/wp-json\/wp\/v2\/media?parent=6037"}],"wp:term":[{"taxonomy":"category","embeddable":true,"href":"https:\/\/www.monlau.com\/fp\/wp-json\/wp\/v2\/categories?post=6037"},{"taxonomy":"post_tag","embeddable":true,"href":"https:\/\/www.monlau.com\/fp\/wp-json\/wp\/v2\/tags?post=6037"}],"curies":[{"name":"wp","href":"https:\/\/api.w.org\/{rel}","templated":true}]}}