{"id":6036,"date":"2026-01-12T00:00:00","date_gmt":"2026-01-11T23:00:00","guid":{"rendered":"https:\/\/www.monlau.com\/formacion-profesional\/la-falta-de-docentes-de-fp-un-reto-compartido\/"},"modified":"2026-03-10T10:03:26","modified_gmt":"2026-03-10T09:03:26","slug":"la-falta-de-docentes-de-fp-un-reto-compartido","status":"publish","type":"post","link":"https:\/\/www.monlau.com\/fp\/2026\/01\/12\/la-falta-de-docentes-de-fp-un-reto-compartido\/","title":{"rendered":"La falta de docentes de FP: un reto compartido"},"content":{"rendered":"<p data-start=\"341\" data-end=\"709\"><span data-contrast=\"auto\">Encontrar profesores de Formaci\u00f3n Profesional se ha convertido en uno de los grandes desaf\u00edos actuales. Y no es una tarea sencilla.<\/span><span data-ccp-props=\"{&quot;134233117&quot;:true,&quot;134233118&quot;:true,&quot;201341983&quot;:0,&quot;335551550&quot;:6,&quot;335551620&quot;:6,&quot;335559740&quot;:240}\">\u00a0<\/span><\/p>\n<p><span data-contrast=\"auto\">Es dif\u00edcil encontrar talento, cada vez m\u00e1s. Es dif\u00edcil encontrar un buen experto en su \u00e1rea, con experiencia profesional contrastada, que adem\u00e1s tenga vocaci\u00f3n y pasi\u00f3n por la docencia docente, habilidades pedag\u00f3gicas y capacidad para conectar con los j\u00f3venes. Y si adem\u00e1s a\u00f1adimos los requisitos\u00a0legales\u00a0que marca\u00a0la normativa educativa, el reto se multiplica.<\/span><span data-ccp-props=\"{&quot;134233117&quot;:true,&quot;134233118&quot;:true,&quot;201341983&quot;:0,&quot;335551550&quot;:6,&quot;335551620&quot;:6,&quot;335559740&quot;:240}\">\u00a0<\/span><\/p>\n<p><span data-contrast=\"auto\">En <a href=\"https:\/\/www.monlau.com\/formacio-professional\/\">FP<\/a>, la figura del profesor tiene una doble dimensi\u00f3n. Por un lado,\u00a0debe ser\u00a0<\/span><b><span data-contrast=\"auto\">buen t\u00e9cnico,<\/span><\/b><span data-contrast=\"auto\">\u00a0experto en su oficio\u00a0y con\u00a0experiencia real en el sector.\u00a0Por otro, debe ser un buen docente, demostrando\u00a0habilidades para entender a los alumnos en una etapa vital compleja: escucha activa, empat\u00eda, asertividad, paciencia,\u00a0resiliencia\u2026\u00a0Y todo ello cumpliendo los requisitos acad\u00e9micos que exige la Administraci\u00f3n educativa.<\/span><\/p>\n<p><span data-contrast=\"auto\">Una tarea compleja, sin duda.<\/span><span data-ccp-props=\"{&quot;134233117&quot;:true,&quot;134233118&quot;:true,&quot;201341983&quot;:0,&quot;335551550&quot;:6,&quot;335551620&quot;:6,&quot;335559740&quot;:240}\">\u00a0<\/span><\/p>\n<p><span data-contrast=\"auto\">Como directora de\u00a0Recursos Humanos\u00a0en la escuela <a href=\"https:\/\/www.monlau.com\/\">Monlau<\/a>, uno de nuestros grandes retos es planificar los equipos docentes con visi\u00f3n de futuro, garantizando el relevo generacional y asegurando que siempre haya profesionales preparados para formar a las pr\u00f3ximas generaciones.<\/span><span data-ccp-props=\"{&quot;134233117&quot;:true,&quot;134233118&quot;:true,&quot;201341983&quot;:0,&quot;335551550&quot;:6,&quot;335551620&quot;:6,&quot;335559740&quot;:240}\">\u00a0<\/span><\/p>\n<p><span data-contrast=\"auto\">En las \u00e1reas t\u00e9cnicas \u2014como\u00a0<\/span><b><span data-contrast=\"auto\">inform\u00e1tica, automoci\u00f3n o\u00a0electricidad<\/span><\/b><span data-contrast=\"auto\">\u2014 el mercado laboral ofrece salarios mucho m\u00e1s competitivos fuera de la ense\u00f1anza. Y es comprensible que muchos profesionales elijan trabajar en la empresa privada, donde pueden llegar a ganar tres veces m\u00e1s.<\/span><span data-ccp-props=\"{&quot;134233117&quot;:true,&quot;134233118&quot;:true,&quot;201341983&quot;:0,&quot;335551550&quot;:6,&quot;335551620&quot;:6,&quot;335559740&quot;:240}\">\u00a0<\/span><\/p>\n<p><span data-contrast=\"auto\">Adem\u00e1s, los requisitos formativos (ingenier\u00eda, m\u00e1ster, experiencia docente, etc.) dificultan cubrir las vacantes, especialmente en un momento de crecimiento de la <a href=\"https:\/\/www.monlau.com\/formacio-professional\/\">FP<\/a>. No basta con ser un excelente mec\u00e1nico o programador: hay que saber ense\u00f1ar el oficio, tener base pedag\u00f3gica y cumplir con la normativa.<\/span><span data-ccp-props=\"{&quot;134233117&quot;:true,&quot;134233118&quot;:true,&quot;201341983&quot;:0,&quot;335551550&quot;:6,&quot;335551620&quot;:6,&quot;335559740&quot;:240}\">\u00a0<\/span><\/p>\n<p><span data-contrast=\"auto\">En la escuela p\u00fablica, las oposiciones con plazas vacantes y la alta tasa de interinidad tampoco ayudan a estabilizar equipos. En cambio, en la escuela concertada, como <a href=\"https:\/\/www.monlau.com\/\">Monlau<\/a>, trabajamos con un modelo m\u00e1s estable que nos permite invertir en la identificaci\u00f3n del talento, el desarrollo profesional y los planes de carrera personalizados para nuestros docentes.<\/span><span data-ccp-props=\"{&quot;134233117&quot;:true,&quot;134233118&quot;:true,&quot;201341983&quot;:0,&quot;335551550&quot;:6,&quot;335551620&quot;:6,&quot;335559740&quot;:240}\">\u00a0<\/span><\/p>\n<p><span data-contrast=\"auto\">Queremos que nuestros profesores crezcan con nosotros, profesional y personalmente.<\/span><span data-ccp-props=\"{&quot;134233117&quot;:true,&quot;134233118&quot;:true,&quot;201341983&quot;:0,&quot;335551550&quot;:6,&quot;335551620&quot;:6,&quot;335559740&quot;:240}\">\u00a0<\/span><\/p>\n<p><span data-contrast=\"auto\">Debemos apostar por la gesti\u00f3n estrat\u00e9gica del talento docente. Se acab\u00f3 el \u201ccaf\u00e9 para todos\u201d. Es el momento de detectar potencial, acompa\u00f1ar trayectorias y ofrecer oportunidades reales de desarrollo.<\/span><span data-ccp-props=\"{&quot;134233117&quot;:true,&quot;134233118&quot;:true,&quot;201341983&quot;:0,&quot;335551550&quot;:6,&quot;335551620&quot;:6,&quot;335559740&quot;:240}\">\u00a0<\/span><\/p>\n<p><span data-contrast=\"auto\">Formar en <a href=\"https:\/\/www.monlau.com\/formacio-professional\/\">FP<\/a> no es solo ense\u00f1ar un oficio. Es acompa\u00f1ar a j\u00f3venes en la construcci\u00f3n de su identidad profesional y personal. Requiere competencias t\u00e9cnicas, s\u00ed, pero tambi\u00e9n habilidades emocionales: pasi\u00f3n, empat\u00eda,\u00a0asertividad,\u00a0 capacidad\u00a0para manejar la frustraci\u00f3n&#8230; Esas son las competencias\u00a0que hacen de alguien un PROFESOR con may\u00fasculas.<\/span><span data-ccp-props=\"{&quot;134233117&quot;:true,&quot;134233118&quot;:true,&quot;201341983&quot;:0,&quot;335551550&quot;:6,&quot;335551620&quot;:6,&quot;335559740&quot;:240}\">\u00a0<\/span><\/p>\n<p><span data-contrast=\"auto\">En <a href=\"https:\/\/www.monlau.com\/\">Monlau<\/a>, trabajamos cada d\u00eda para crear equipos humanos s\u00f3lidos, comprometidos y apasionados, que entienden la educaci\u00f3n como una forma de transformar vidas.<\/span><span data-ccp-props=\"{&quot;134233117&quot;:true,&quot;134233118&quot;:true,&quot;201341983&quot;:0,&quot;335551550&quot;:6,&quot;335551620&quot;:6,&quot;335559740&quot;:240}\">\u00a0<\/span><\/p>\n<p>&nbsp;<\/p>\n<p><span data-contrast=\"auto\">Ser profesor de <a href=\"https:\/\/www.monlau.com\/formacio-professional\/\">FP <\/a>es mucho m\u00e1s que ense\u00f1ar: es transmitir oficio, valores y futuro. Es tener la oportunidad de devolver al sector lo aprendido, de inspirar vocaciones, y de impactar directamente en la empleabilidad de los j\u00f3venes.<\/span><span data-ccp-props=\"{&quot;134233117&quot;:true,&quot;134233118&quot;:true,&quot;201341983&quot;:0,&quot;335551550&quot;:6,&quot;335551620&quot;:6,&quot;335559740&quot;:240}\">\u00a0<\/span><\/p>\n<p><span data-contrast=\"auto\">A los nuevos profesionales que se plantean esta carrera, les dir\u00eda:<\/span><span data-ccp-props=\"{&quot;134233117&quot;:true,&quot;134233118&quot;:true,&quot;201341983&quot;:0,&quot;335551550&quot;:6,&quot;335551620&quot;:6,&quot;335559740&quot;:240}\">\u00a0<\/span><\/p>\n<ul>\n<li data-leveltext=\"\uf0b7\" data-font=\"Symbol\" data-listid=\"8\" data-list-defn-props=\"{&quot;335552541&quot;:1,&quot;335559685&quot;:720,&quot;335559991&quot;:360,&quot;469769226&quot;:&quot;Symbol&quot;,&quot;469769242&quot;:[8226],&quot;469777803&quot;:&quot;left&quot;,&quot;469777804&quot;:&quot;\uf0b7&quot;,&quot;469777815&quot;:&quot;multilevel&quot;}\" data-aria-posinset=\"1\" data-aria-level=\"1\"><span data-contrast=\"auto\">Ense\u00f1ar en FP te permite seguir conectado con tu sector, pero desde otro lugar: el de quien forma a los que ma\u00f1ana ser\u00e1n tus compa\u00f1eros o tus sustitutos.<\/span><span data-ccp-props=\"{&quot;134233117&quot;:true,&quot;134233118&quot;:true,&quot;201341983&quot;:0,&quot;335551550&quot;:6,&quot;335551620&quot;:6,&quot;335559740&quot;:240}\">\u00a0<\/span><\/li>\n<\/ul>\n<ul>\n<li data-leveltext=\"\uf0b7\" data-font=\"Symbol\" data-listid=\"8\" data-list-defn-props=\"{&quot;335552541&quot;:1,&quot;335559685&quot;:720,&quot;335559991&quot;:360,&quot;469769226&quot;:&quot;Symbol&quot;,&quot;469769242&quot;:[8226],&quot;469777803&quot;:&quot;left&quot;,&quot;469777804&quot;:&quot;\uf0b7&quot;,&quot;469777815&quot;:&quot;multilevel&quot;}\" data-aria-posinset=\"2\" data-aria-level=\"1\"><span data-contrast=\"auto\">Es una profesi\u00f3n con prop\u00f3sito, que genera impacto real.<\/span><span data-ccp-props=\"{&quot;134233117&quot;:true,&quot;134233118&quot;:true,&quot;201341983&quot;:0,&quot;335551550&quot;:6,&quot;335551620&quot;:6,&quot;335559740&quot;:240}\">\u00a0<\/span><\/li>\n<\/ul>\n<ul>\n<li data-leveltext=\"\uf0b7\" data-font=\"Symbol\" data-listid=\"8\" data-list-defn-props=\"{&quot;335552541&quot;:1,&quot;335559685&quot;:720,&quot;335559991&quot;:360,&quot;469769226&quot;:&quot;Symbol&quot;,&quot;469769242&quot;:[8226],&quot;469777803&quot;:&quot;left&quot;,&quot;469777804&quot;:&quot;\uf0b7&quot;,&quot;469777815&quot;:&quot;multilevel&quot;}\" data-aria-posinset=\"3\" data-aria-level=\"1\"><span data-contrast=\"auto\">Y en centros como <a href=\"https:\/\/www.monlau.com\/\">Monlau<\/a>, encontrar\u00e1s un entorno donde se valora la innovaci\u00f3n, la experiencia y la persona. Un lugar donde se invierte en ti, donde puedes crecer como t\u00e9cnico, como docente y como persona.<\/span><span data-ccp-props=\"{&quot;134233117&quot;:true,&quot;134233118&quot;:true,&quot;201341983&quot;:0,&quot;335551550&quot;:6,&quot;335551620&quot;:6,&quot;335559740&quot;:240}\">\u00a0<\/span><\/li>\n<\/ul>\n<p><span data-contrast=\"auto\">Ser profesor de FP es formar futuro. Y ese futuro, empieza en nuestras aulas.<\/span><span data-ccp-props=\"{&quot;134233117&quot;:true,&quot;134233118&quot;:true,&quot;201341983&quot;:0,&quot;335551550&quot;:6,&quot;335551620&quot;:6,&quot;335559740&quot;:240}\">\u00a0<\/span><\/p>\n","protected":false},"excerpt":{"rendered":"<p>Encontrar profesores de Formaci\u00f3n Profesional se ha convertido en uno de los grandes desaf\u00edos actuales. Y no es una tarea sencilla.\u00a0 Es dif\u00edcil encontrar talento, cada vez m\u00e1s. Es dif\u00edcil encontrar un buen experto en su \u00e1rea, con experiencia profesional contrastada, que adem\u00e1s tenga vocaci\u00f3n y pasi\u00f3n por la docencia docente, habilidades pedag\u00f3gicas y capacidad [&hellip;]<\/p>\n","protected":false},"author":1,"featured_media":3826,"comment_status":"closed","ping_status":"closed","sticky":false,"template":"","format":"standard","meta":{"footnotes":""},"categories":[36,32,38,57],"tags":[],"class_list":["post-6036","post","type-post","status-publish","format-standard","has-post-thumbnail","hentry","category-automocion","category-empresa-y-marketing","category-informatica","category-monlau"],"yoast_head":"<!-- This site is optimized with the Yoast SEO plugin v27.2 - https:\/\/yoast.com\/product\/yoast-seo-wordpress\/ -->\n<title>La falta de docentes de FP: un reto compartido - Formaci\u00f3n profesional<\/title>\n<meta name=\"robots\" content=\"index, follow, max-snippet:-1, max-image-preview:large, max-video-preview:-1\" \/>\n<link rel=\"canonical\" href=\"https:\/\/www.monlau.com\/fp\/2026\/01\/12\/la-falta-de-docentes-de-fp-un-reto-compartido\/\" \/>\n<meta property=\"og:locale\" content=\"es_ES\" \/>\n<meta property=\"og:type\" content=\"article\" \/>\n<meta property=\"og:title\" content=\"La falta de docentes de FP: un reto compartido - Formaci\u00f3n profesional\" \/>\n<meta property=\"og:description\" content=\"Encontrar profesores de Formaci\u00f3n Profesional se ha convertido en uno de los grandes desaf\u00edos actuales. Y no es una tarea sencilla.\u00a0 Es dif\u00edcil encontrar talento, cada vez m\u00e1s. Es dif\u00edcil encontrar un buen experto en su \u00e1rea, con experiencia profesional contrastada, que adem\u00e1s tenga vocaci\u00f3n y pasi\u00f3n por la docencia docente, habilidades pedag\u00f3gicas y capacidad [&hellip;]\" \/>\n<meta property=\"og:url\" content=\"https:\/\/www.monlau.com\/fp\/2026\/01\/12\/la-falta-de-docentes-de-fp-un-reto-compartido\/\" \/>\n<meta property=\"og:site_name\" content=\"Formaci\u00f3n profesional\" \/>\n<meta property=\"article:published_time\" content=\"2026-01-11T23:00:00+00:00\" \/>\n<meta property=\"article:modified_time\" content=\"2026-03-10T09:03:26+00:00\" \/>\n<meta property=\"og:image\" content=\"https:\/\/www.monlau.com\/app\/uploads\/sites\/3\/2026\/03\/MONLAU-0096B.jpg\" \/>\n\t<meta property=\"og:image:width\" content=\"1000\" \/>\n\t<meta property=\"og:image:height\" content=\"750\" \/>\n\t<meta property=\"og:image:type\" content=\"image\/jpeg\" \/>\n<meta name=\"author\" content=\"adsmurai\" \/>\n<meta name=\"twitter:card\" content=\"summary_large_image\" \/>\n<meta name=\"twitter:label1\" content=\"Escrito por\" \/>\n\t<meta name=\"twitter:data1\" content=\"adsmurai\" \/>\n\t<meta name=\"twitter:label2\" content=\"Tiempo de lectura\" \/>\n\t<meta name=\"twitter:data2\" content=\"3 minutos\" \/>\n<script type=\"application\/ld+json\" class=\"yoast-schema-graph\">{\"@context\":\"https:\/\/schema.org\",\"@graph\":[{\"@type\":\"Article\",\"@id\":\"https:\/\/www.monlau.com\/fp\/2026\/01\/12\/la-falta-de-docentes-de-fp-un-reto-compartido\/#article\",\"isPartOf\":{\"@id\":\"https:\/\/www.monlau.com\/fp\/2026\/01\/12\/la-falta-de-docentes-de-fp-un-reto-compartido\/\"},\"author\":{\"name\":\"adsmurai\",\"@id\":\"https:\/\/www.monlau.com\/fp\/#\/schema\/person\/419cfdf054323e24e0a2ef1d8597f051\"},\"headline\":\"La falta de docentes de FP: un reto compartido\",\"datePublished\":\"2026-01-11T23:00:00+00:00\",\"dateModified\":\"2026-03-10T09:03:26+00:00\",\"mainEntityOfPage\":{\"@id\":\"https:\/\/www.monlau.com\/fp\/2026\/01\/12\/la-falta-de-docentes-de-fp-un-reto-compartido\/\"},\"wordCount\":647,\"publisher\":{\"@id\":\"https:\/\/www.monlau.com\/fp\/#organization\"},\"image\":{\"@id\":\"https:\/\/www.monlau.com\/fp\/2026\/01\/12\/la-falta-de-docentes-de-fp-un-reto-compartido\/#primaryimage\"},\"thumbnailUrl\":\"https:\/\/www.monlau.com\/app\/uploads\/sites\/3\/2026\/03\/MONLAU-0096B.jpg\",\"articleSection\":[\"Automoci\u00f3n\",\"Empresa y Marketing\",\"Inform\u00e1tica\",\"Monlau\"],\"inLanguage\":\"es\"},{\"@type\":\"WebPage\",\"@id\":\"https:\/\/www.monlau.com\/fp\/2026\/01\/12\/la-falta-de-docentes-de-fp-un-reto-compartido\/\",\"url\":\"https:\/\/www.monlau.com\/fp\/2026\/01\/12\/la-falta-de-docentes-de-fp-un-reto-compartido\/\",\"name\":\"La falta de docentes de FP: un reto compartido - Formaci\u00f3n profesional\",\"isPartOf\":{\"@id\":\"https:\/\/www.monlau.com\/fp\/#website\"},\"primaryImageOfPage\":{\"@id\":\"https:\/\/www.monlau.com\/fp\/2026\/01\/12\/la-falta-de-docentes-de-fp-un-reto-compartido\/#primaryimage\"},\"image\":{\"@id\":\"https:\/\/www.monlau.com\/fp\/2026\/01\/12\/la-falta-de-docentes-de-fp-un-reto-compartido\/#primaryimage\"},\"thumbnailUrl\":\"https:\/\/www.monlau.com\/app\/uploads\/sites\/3\/2026\/03\/MONLAU-0096B.jpg\",\"datePublished\":\"2026-01-11T23:00:00+00:00\",\"dateModified\":\"2026-03-10T09:03:26+00:00\",\"breadcrumb\":{\"@id\":\"https:\/\/www.monlau.com\/fp\/2026\/01\/12\/la-falta-de-docentes-de-fp-un-reto-compartido\/#breadcrumb\"},\"inLanguage\":\"es\",\"potentialAction\":[{\"@type\":\"ReadAction\",\"target\":[\"https:\/\/www.monlau.com\/fp\/2026\/01\/12\/la-falta-de-docentes-de-fp-un-reto-compartido\/\"]}]},{\"@type\":\"ImageObject\",\"inLanguage\":\"es\",\"@id\":\"https:\/\/www.monlau.com\/fp\/2026\/01\/12\/la-falta-de-docentes-de-fp-un-reto-compartido\/#primaryimage\",\"url\":\"https:\/\/www.monlau.com\/app\/uploads\/sites\/3\/2026\/03\/MONLAU-0096B.jpg\",\"contentUrl\":\"https:\/\/www.monlau.com\/app\/uploads\/sites\/3\/2026\/03\/MONLAU-0096B.jpg\",\"width\":1000,\"height\":750},{\"@type\":\"BreadcrumbList\",\"@id\":\"https:\/\/www.monlau.com\/fp\/2026\/01\/12\/la-falta-de-docentes-de-fp-un-reto-compartido\/#breadcrumb\",\"itemListElement\":[{\"@type\":\"ListItem\",\"position\":1,\"name\":\"Portada\",\"item\":\"https:\/\/www.monlau.com\/fp\/\"},{\"@type\":\"ListItem\",\"position\":2,\"name\":\"La falta de docentes de FP: un reto compartido\"}]},{\"@type\":\"WebSite\",\"@id\":\"https:\/\/www.monlau.com\/fp\/#website\",\"url\":\"https:\/\/www.monlau.com\/fp\/\",\"name\":\"Formaci\u00f3n profesional\",\"description\":\"Monlau\",\"publisher\":{\"@id\":\"https:\/\/www.monlau.com\/fp\/#organization\"},\"potentialAction\":[{\"@type\":\"SearchAction\",\"target\":{\"@type\":\"EntryPoint\",\"urlTemplate\":\"https:\/\/www.monlau.com\/fp\/?s={search_term_string}\"},\"query-input\":{\"@type\":\"PropertyValueSpecification\",\"valueRequired\":true,\"valueName\":\"search_term_string\"}}],\"inLanguage\":\"es\"},{\"@type\":\"Organization\",\"@id\":\"https:\/\/www.monlau.com\/fp\/#organization\",\"name\":\"Formaci\u00f3n profesional\",\"url\":\"https:\/\/www.monlau.com\/fp\/\",\"logo\":{\"@type\":\"ImageObject\",\"inLanguage\":\"es\",\"@id\":\"https:\/\/www.monlau.com\/fp\/#\/schema\/logo\/image\/\",\"url\":\"https:\/\/www.monlau.com\/app\/uploads\/sites\/3\/2026\/01\/fp.png\",\"contentUrl\":\"https:\/\/www.monlau.com\/app\/uploads\/sites\/3\/2026\/01\/fp.png\",\"width\":1024,\"height\":878,\"caption\":\"Formaci\u00f3n profesional\"},\"image\":{\"@id\":\"https:\/\/www.monlau.com\/fp\/#\/schema\/logo\/image\/\"}},{\"@type\":\"Person\",\"@id\":\"https:\/\/www.monlau.com\/fp\/#\/schema\/person\/419cfdf054323e24e0a2ef1d8597f051\",\"name\":\"adsmurai\",\"image\":{\"@type\":\"ImageObject\",\"inLanguage\":\"es\",\"@id\":\"https:\/\/secure.gravatar.com\/avatar\/0748788578f91786454454fa3b4c295644edb991ad6caadc70b41d26790d38fc?s=96&d=mm&r=g\",\"url\":\"https:\/\/secure.gravatar.com\/avatar\/0748788578f91786454454fa3b4c295644edb991ad6caadc70b41d26790d38fc?s=96&d=mm&r=g\",\"contentUrl\":\"https:\/\/secure.gravatar.com\/avatar\/0748788578f91786454454fa3b4c295644edb991ad6caadc70b41d26790d38fc?s=96&d=mm&r=g\",\"caption\":\"adsmurai\"},\"sameAs\":[\"https:\/\/www.monlau.com\"],\"url\":\"https:\/\/www.monlau.com\/fp\/author\/adsmurai\/\"}]}<\/script>\n<!-- \/ Yoast SEO plugin. -->","yoast_head_json":{"title":"La falta de docentes de FP: un reto compartido - Formaci\u00f3n profesional","robots":{"index":"index","follow":"follow","max-snippet":"max-snippet:-1","max-image-preview":"max-image-preview:large","max-video-preview":"max-video-preview:-1"},"canonical":"https:\/\/www.monlau.com\/fp\/2026\/01\/12\/la-falta-de-docentes-de-fp-un-reto-compartido\/","og_locale":"es_ES","og_type":"article","og_title":"La falta de docentes de FP: un reto compartido - Formaci\u00f3n profesional","og_description":"Encontrar profesores de Formaci\u00f3n Profesional se ha convertido en uno de los grandes desaf\u00edos actuales. Y no es una tarea sencilla.\u00a0 Es dif\u00edcil encontrar talento, cada vez m\u00e1s. Es dif\u00edcil encontrar un buen experto en su \u00e1rea, con experiencia profesional contrastada, que adem\u00e1s tenga vocaci\u00f3n y pasi\u00f3n por la docencia docente, habilidades pedag\u00f3gicas y capacidad [&hellip;]","og_url":"https:\/\/www.monlau.com\/fp\/2026\/01\/12\/la-falta-de-docentes-de-fp-un-reto-compartido\/","og_site_name":"Formaci\u00f3n profesional","article_published_time":"2026-01-11T23:00:00+00:00","article_modified_time":"2026-03-10T09:03:26+00:00","og_image":[{"width":1000,"height":750,"url":"https:\/\/www.monlau.com\/app\/uploads\/sites\/3\/2026\/03\/MONLAU-0096B.jpg","type":"image\/jpeg"}],"author":"adsmurai","twitter_card":"summary_large_image","twitter_misc":{"Escrito por":"adsmurai","Tiempo de lectura":"3 minutos"},"schema":{"@context":"https:\/\/schema.org","@graph":[{"@type":"Article","@id":"https:\/\/www.monlau.com\/fp\/2026\/01\/12\/la-falta-de-docentes-de-fp-un-reto-compartido\/#article","isPartOf":{"@id":"https:\/\/www.monlau.com\/fp\/2026\/01\/12\/la-falta-de-docentes-de-fp-un-reto-compartido\/"},"author":{"name":"adsmurai","@id":"https:\/\/www.monlau.com\/fp\/#\/schema\/person\/419cfdf054323e24e0a2ef1d8597f051"},"headline":"La falta de docentes de FP: un reto compartido","datePublished":"2026-01-11T23:00:00+00:00","dateModified":"2026-03-10T09:03:26+00:00","mainEntityOfPage":{"@id":"https:\/\/www.monlau.com\/fp\/2026\/01\/12\/la-falta-de-docentes-de-fp-un-reto-compartido\/"},"wordCount":647,"publisher":{"@id":"https:\/\/www.monlau.com\/fp\/#organization"},"image":{"@id":"https:\/\/www.monlau.com\/fp\/2026\/01\/12\/la-falta-de-docentes-de-fp-un-reto-compartido\/#primaryimage"},"thumbnailUrl":"https:\/\/www.monlau.com\/app\/uploads\/sites\/3\/2026\/03\/MONLAU-0096B.jpg","articleSection":["Automoci\u00f3n","Empresa y Marketing","Inform\u00e1tica","Monlau"],"inLanguage":"es"},{"@type":"WebPage","@id":"https:\/\/www.monlau.com\/fp\/2026\/01\/12\/la-falta-de-docentes-de-fp-un-reto-compartido\/","url":"https:\/\/www.monlau.com\/fp\/2026\/01\/12\/la-falta-de-docentes-de-fp-un-reto-compartido\/","name":"La falta de docentes de FP: un reto compartido - Formaci\u00f3n profesional","isPartOf":{"@id":"https:\/\/www.monlau.com\/fp\/#website"},"primaryImageOfPage":{"@id":"https:\/\/www.monlau.com\/fp\/2026\/01\/12\/la-falta-de-docentes-de-fp-un-reto-compartido\/#primaryimage"},"image":{"@id":"https:\/\/www.monlau.com\/fp\/2026\/01\/12\/la-falta-de-docentes-de-fp-un-reto-compartido\/#primaryimage"},"thumbnailUrl":"https:\/\/www.monlau.com\/app\/uploads\/sites\/3\/2026\/03\/MONLAU-0096B.jpg","datePublished":"2026-01-11T23:00:00+00:00","dateModified":"2026-03-10T09:03:26+00:00","breadcrumb":{"@id":"https:\/\/www.monlau.com\/fp\/2026\/01\/12\/la-falta-de-docentes-de-fp-un-reto-compartido\/#breadcrumb"},"inLanguage":"es","potentialAction":[{"@type":"ReadAction","target":["https:\/\/www.monlau.com\/fp\/2026\/01\/12\/la-falta-de-docentes-de-fp-un-reto-compartido\/"]}]},{"@type":"ImageObject","inLanguage":"es","@id":"https:\/\/www.monlau.com\/fp\/2026\/01\/12\/la-falta-de-docentes-de-fp-un-reto-compartido\/#primaryimage","url":"https:\/\/www.monlau.com\/app\/uploads\/sites\/3\/2026\/03\/MONLAU-0096B.jpg","contentUrl":"https:\/\/www.monlau.com\/app\/uploads\/sites\/3\/2026\/03\/MONLAU-0096B.jpg","width":1000,"height":750},{"@type":"BreadcrumbList","@id":"https:\/\/www.monlau.com\/fp\/2026\/01\/12\/la-falta-de-docentes-de-fp-un-reto-compartido\/#breadcrumb","itemListElement":[{"@type":"ListItem","position":1,"name":"Portada","item":"https:\/\/www.monlau.com\/fp\/"},{"@type":"ListItem","position":2,"name":"La falta de docentes de FP: un reto compartido"}]},{"@type":"WebSite","@id":"https:\/\/www.monlau.com\/fp\/#website","url":"https:\/\/www.monlau.com\/fp\/","name":"Formaci\u00f3n profesional","description":"Monlau","publisher":{"@id":"https:\/\/www.monlau.com\/fp\/#organization"},"potentialAction":[{"@type":"SearchAction","target":{"@type":"EntryPoint","urlTemplate":"https:\/\/www.monlau.com\/fp\/?s={search_term_string}"},"query-input":{"@type":"PropertyValueSpecification","valueRequired":true,"valueName":"search_term_string"}}],"inLanguage":"es"},{"@type":"Organization","@id":"https:\/\/www.monlau.com\/fp\/#organization","name":"Formaci\u00f3n profesional","url":"https:\/\/www.monlau.com\/fp\/","logo":{"@type":"ImageObject","inLanguage":"es","@id":"https:\/\/www.monlau.com\/fp\/#\/schema\/logo\/image\/","url":"https:\/\/www.monlau.com\/app\/uploads\/sites\/3\/2026\/01\/fp.png","contentUrl":"https:\/\/www.monlau.com\/app\/uploads\/sites\/3\/2026\/01\/fp.png","width":1024,"height":878,"caption":"Formaci\u00f3n profesional"},"image":{"@id":"https:\/\/www.monlau.com\/fp\/#\/schema\/logo\/image\/"}},{"@type":"Person","@id":"https:\/\/www.monlau.com\/fp\/#\/schema\/person\/419cfdf054323e24e0a2ef1d8597f051","name":"adsmurai","image":{"@type":"ImageObject","inLanguage":"es","@id":"https:\/\/secure.gravatar.com\/avatar\/0748788578f91786454454fa3b4c295644edb991ad6caadc70b41d26790d38fc?s=96&d=mm&r=g","url":"https:\/\/secure.gravatar.com\/avatar\/0748788578f91786454454fa3b4c295644edb991ad6caadc70b41d26790d38fc?s=96&d=mm&r=g","contentUrl":"https:\/\/secure.gravatar.com\/avatar\/0748788578f91786454454fa3b4c295644edb991ad6caadc70b41d26790d38fc?s=96&d=mm&r=g","caption":"adsmurai"},"sameAs":["https:\/\/www.monlau.com"],"url":"https:\/\/www.monlau.com\/fp\/author\/adsmurai\/"}]}},"_links":{"self":[{"href":"https:\/\/www.monlau.com\/fp\/wp-json\/wp\/v2\/posts\/6036","targetHints":{"allow":["GET"]}}],"collection":[{"href":"https:\/\/www.monlau.com\/fp\/wp-json\/wp\/v2\/posts"}],"about":[{"href":"https:\/\/www.monlau.com\/fp\/wp-json\/wp\/v2\/types\/post"}],"author":[{"embeddable":true,"href":"https:\/\/www.monlau.com\/fp\/wp-json\/wp\/v2\/users\/1"}],"replies":[{"embeddable":true,"href":"https:\/\/www.monlau.com\/fp\/wp-json\/wp\/v2\/comments?post=6036"}],"version-history":[{"count":1,"href":"https:\/\/www.monlau.com\/fp\/wp-json\/wp\/v2\/posts\/6036\/revisions"}],"predecessor-version":[{"id":6316,"href":"https:\/\/www.monlau.com\/fp\/wp-json\/wp\/v2\/posts\/6036\/revisions\/6316"}],"wp:featuredmedia":[{"embeddable":true,"href":"https:\/\/www.monlau.com\/fp\/wp-json\/wp\/v2\/media\/3826"}],"wp:attachment":[{"href":"https:\/\/www.monlau.com\/fp\/wp-json\/wp\/v2\/media?parent=6036"}],"wp:term":[{"taxonomy":"category","embeddable":true,"href":"https:\/\/www.monlau.com\/fp\/wp-json\/wp\/v2\/categories?post=6036"},{"taxonomy":"post_tag","embeddable":true,"href":"https:\/\/www.monlau.com\/fp\/wp-json\/wp\/v2\/tags?post=6036"}],"curies":[{"name":"wp","href":"https:\/\/api.w.org\/{rel}","templated":true}]}}