{"id":6035,"date":"2025-10-16T00:00:00","date_gmt":"2025-10-15T22:00:00","guid":{"rendered":"https:\/\/www.monlau.com\/formacion-profesional\/monlau-y-nissan-refuerzan-su-alianza-para-impulsar-la-formacion-en-automocion\/"},"modified":"2026-03-10T10:03:26","modified_gmt":"2026-03-10T09:03:26","slug":"monlau-y-nissan-refuerzan-su-alianza-para-impulsar-la-formacion-en-automocion","status":"publish","type":"post","link":"https:\/\/www.monlau.com\/fp\/2025\/10\/16\/monlau-y-nissan-refuerzan-su-alianza-para-impulsar-la-formacion-en-automocion\/","title":{"rendered":"Monlau y Nissan refuerzan su alianza para impulsar la formaci\u00f3n en Automoci\u00f3n"},"content":{"rendered":"<ul>\n<li>Nissan cede a Monlau una flota de 13 veh\u00edculos h\u00edbridos y el\u00e9ctricos de \u00faltima generaci\u00f3n, que ya est\u00e1n siendo empleados con fines formativos por parte del alumnado<\/li>\n<li>Monlau ha estrenado el Aula Nissan, un nuevo espacio exclusivo dedicado a la movilidad sostenible<\/li>\n<\/ul>\n<p style=\"text-align: left;\">Barcelona, 16 de octubre de 2025<\/p>\n<p>La colaboraci\u00f3n entre <strong>Monlau<\/strong> y <a href=\"https:\/\/www.nissan.es\/\"><strong>Nissan<\/strong><\/a> se refuerza con la llegada de una nueva flota de <strong>13 veh\u00edculos h\u00edbridos y el\u00e9ctricos de \u00faltima generaci\u00f3n<\/strong> al centro de FP Automoci\u00f3n de Monlau en Barcelona.<\/p>\n<p>En ese sentido, la cesi\u00f3n de los veh\u00edculos se enmarca dentro del acuerdo estrat\u00e9gico entre ambas entidades, que incluye la creaci\u00f3n del <strong>Aula Nissan<\/strong>, un espacio formativo exclusivo dedicado a la movilidad sostenible.<\/p>\n<p>Gracias a esta alianza, el alumnado de Monlau est\u00e1 form\u00e1ndose ya con <strong>veh\u00edculos equipados con la \u00faltima tecnolog\u00eda,<\/strong> cedidos directamente por <a href=\"https:\/\/www.nissan-europe.com\/\"><strong>Nissan Automotive Europe<\/strong><\/a> para su uso como material did\u00e1ctico. Los modelos incluidos en esta cesi\u00f3n son:<\/p>\n<p data-start=\"1016\" data-end=\"1064\">Los modelos que forman parte de esta cesi\u00f3n son:<\/p>\n<ul data-start=\"1066\" data-end=\"1163\">\n<li data-start=\"1066\" data-end=\"1086\">\n<p data-start=\"1068\" data-end=\"1086\">2 unidades del Nissan Qashqai<\/p>\n<\/li>\n<li data-start=\"1087\" data-end=\"1105\">\n<p data-start=\"1089\" data-end=\"1105\">1 unidad del Nissan Micra<\/p>\n<\/li>\n<li data-start=\"1106\" data-end=\"1126\">\n<p data-start=\"1108\" data-end=\"1126\">2 unidades del Nissan X-Trail<\/p>\n<\/li>\n<li data-start=\"1127\" data-end=\"1144\">\n<p data-start=\"1129\" data-end=\"1144\">2 unidades del Nissan Juke<\/p>\n<\/li>\n<li data-start=\"1145\" data-end=\"1163\">\n<p data-start=\"1147\" data-end=\"1163\">6 unidades del Nissan Ariya<\/p>\n<\/li>\n<\/ul>\n<p>Adem\u00e1s, estos veh\u00edculos permiten trabajar con tecnolog\u00eda puntera en electrificaci\u00f3n, diagnosis y seguridad activa, en un entorno controlado y adaptado a la normativa vigente. Se trata de una oportunidad \u00fanica para que los estudiantes se familiaricen con sistemas de propulsi\u00f3n h\u00edbridos y el\u00e9ctricos, y se preparen para los retos reales del mercado laboral.<\/p>\n<blockquote>\n<p><em>\u201cEste acuerdo nos permite ampliar a\u00fan m\u00e1s nuestros recursos formativos con veh\u00edculos de \u00faltima generaci\u00f3n. Gracias a ello, el alumnado puede profundizar en el funcionamiento real de los sistemas h\u00edbridos y el\u00e9ctricos que ya forman parte del presente y futuro del sector\u201d<\/em>, afirma <a href=\"https:\/\/www.linkedin.com\/in\/iban-ventura\/\"><strong>Iban Ventura<\/strong><\/a>, director del Grupo Monlau, quien ha agradecido a Nissan <em>\u201cla sensibilidad demostrada con esta contribuci\u00f3n que tambi\u00e9n perciben y reconocen los m\u00e1s de 1.000 alumnos que se forman en nuestras instalaciones\u201d.<\/em><\/p>\n<\/blockquote>\n<p>La formalizaci\u00f3n del acuerdo ha contado con la presencia de representantes de Nissan, entre ellos <a href=\"https:\/\/www.linkedin.com\/in\/francesccorbero\/\"><strong>Francesc Corber\u00f3<\/strong><\/a>, director de Comunicaci\u00f3n de Nissan Iberia, y <a href=\"https:\/\/www.linkedin.com\/in\/emanuellehervy\/\"><strong>Emanuelle Hervy<\/strong><\/a>, Training Manager, quienes han sido recibidos por parte del equipo directivo de Monlau: <strong>Iban Ventura<\/strong>, director general del Grupo Monlau; <a href=\"https:\/\/www.linkedin.com\/in\/carlos-salazar-gonzalez\/\"><strong>Carlos Salazar<\/strong><\/a>, director del centro de Automoci\u00f3n de Monlau,<strong> <a href=\"https:\/\/www.linkedin.com\/in\/montsebarrera\/\">Montse Barrera<\/a><\/strong>, directora de Relaciones Externas; y <a href=\"https:\/\/www.linkedin.com\/in\/xavier-castello\/?originalSubdomain=es\"><strong data-start=\"2068\" data-end=\"2085\">Xavi Castell\u00f3<\/strong><\/a>, coordinador de proyectos y formador de <a href=\"https:\/\/monlaucorporate.com\/\">Monlau Corporate<\/a>.<\/p>\n<blockquote>\n<p><em>\u201cEn Nissan creemos que la Formaci\u00f3n Profesional ha de estar conectada con las necesidades reales del sector. Esta colaboraci\u00f3n con Monlau permitir\u00e1 que podamos contribuir a que el talento joven pueda desarrollarse y, en consecuencia, beneficiar\u00e1 al futuro de la movilidad sostenible\u201d<\/em>, destac\u00f3 <strong>Corber\u00f3<\/strong> durante la visita.<\/p>\n<\/blockquote>\n<p>El<strong> Aula Nissan<\/strong> no solo refuerza la vertiente t\u00e9cnica del aprendizaje, sino que simboliza el compromiso mutuo por una formaci\u00f3n alineada con la transformaci\u00f3n del sector.<\/p>\n<p><strong>Con m\u00e1s de 40 a\u00f1os de experiencia, Monlau contin\u00faa posicion\u00e1ndose como un centro educativo de referencia<\/strong>, apostando por la innovaci\u00f3n, la calidad docente y las alianzas estrat\u00e9gicas con empresas l\u00edderes del sector automovil\u00edstico.<\/p>\n<p>En definitiva, este acuerdo garantiza que el alumnado de Monlau continuar\u00e1 form\u00e1ndose con las herramientas del presente y las competencias del futuro.<\/p>\n<p><strong>Para m\u00e1s informaci\u00f3n, puedes ponerte en contacto con nosotros: <\/strong><\/p>\n<ul>\n<li><strong>Grupo Monlau<\/strong>. Fernando Alabad\u00ed. E-mail: <a href=\"mailto:alabadif@monlau.com\">alabadif@monlau.com<\/a> Tel\u00e9fono de contacto: 667103717<\/li>\n<li><strong>Nissan<\/strong>. Media, Advertising and Retail Marketing. E-mail: <a href=\"mailto:callandrieu@nissan.es\">callandrieu@nissan.es<\/a> Tel\u00e9fono de contacto: 616321816<\/li>\n<\/ul>\n","protected":false},"excerpt":{"rendered":"<p>Nissan cede a Monlau una flota de 13 veh\u00edculos h\u00edbridos y el\u00e9ctricos de \u00faltima generaci\u00f3n, que ya est\u00e1n siendo empleados con fines formativos por parte del alumnado Monlau ha estrenado el Aula Nissan, un nuevo espacio exclusivo dedicado a la movilidad sostenible Barcelona, 16 de octubre de 2025 La colaboraci\u00f3n entre Monlau y Nissan se [&hellip;]<\/p>\n","protected":false},"author":1,"featured_media":3823,"comment_status":"closed","ping_status":"closed","sticky":false,"template":"","format":"standard","meta":{"footnotes":""},"categories":[36,57],"tags":[],"class_list":["post-6035","post","type-post","status-publish","format-standard","has-post-thumbnail","hentry","category-automocion","category-monlau"],"yoast_head":"<!-- This site is optimized with the Yoast SEO plugin v27.2 - https:\/\/yoast.com\/product\/yoast-seo-wordpress\/ -->\n<title>Monlau y Nissan refuerzan su alianza para impulsar la formaci\u00f3n en Automoci\u00f3n - Formaci\u00f3n profesional<\/title>\n<meta name=\"robots\" content=\"index, follow, max-snippet:-1, max-image-preview:large, max-video-preview:-1\" \/>\n<link rel=\"canonical\" href=\"https:\/\/www.monlau.com\/fp\/2025\/10\/16\/monlau-y-nissan-refuerzan-su-alianza-para-impulsar-la-formacion-en-automocion\/\" \/>\n<meta property=\"og:locale\" content=\"es_ES\" \/>\n<meta property=\"og:type\" content=\"article\" \/>\n<meta property=\"og:title\" content=\"Monlau y Nissan refuerzan su alianza para impulsar la formaci\u00f3n en Automoci\u00f3n - Formaci\u00f3n profesional\" \/>\n<meta property=\"og:description\" content=\"Nissan cede a Monlau una flota de 13 veh\u00edculos h\u00edbridos y el\u00e9ctricos de \u00faltima generaci\u00f3n, que ya est\u00e1n siendo empleados con fines formativos por parte del alumnado Monlau ha estrenado el Aula Nissan, un nuevo espacio exclusivo dedicado a la movilidad sostenible Barcelona, 16 de octubre de 2025 La colaboraci\u00f3n entre Monlau y Nissan se [&hellip;]\" \/>\n<meta property=\"og:url\" content=\"https:\/\/www.monlau.com\/fp\/2025\/10\/16\/monlau-y-nissan-refuerzan-su-alianza-para-impulsar-la-formacion-en-automocion\/\" \/>\n<meta property=\"og:site_name\" content=\"Formaci\u00f3n profesional\" \/>\n<meta property=\"article:published_time\" content=\"2025-10-15T22:00:00+00:00\" \/>\n<meta property=\"article:modified_time\" content=\"2026-03-10T09:03:26+00:00\" \/>\n<meta property=\"og:image\" content=\"https:\/\/www.monlau.com\/app\/uploads\/sites\/3\/2026\/03\/IMG_9415.jpg\" \/>\n\t<meta property=\"og:image:width\" content=\"1200\" \/>\n\t<meta property=\"og:image:height\" content=\"800\" \/>\n\t<meta property=\"og:image:type\" content=\"image\/jpeg\" \/>\n<meta name=\"author\" content=\"adsmurai\" \/>\n<meta name=\"twitter:card\" content=\"summary_large_image\" \/>\n<meta name=\"twitter:label1\" content=\"Escrito por\" \/>\n\t<meta name=\"twitter:data1\" content=\"adsmurai\" \/>\n\t<meta name=\"twitter:label2\" content=\"Tiempo de lectura\" \/>\n\t<meta name=\"twitter:data2\" content=\"3 minutos\" \/>\n<script type=\"application\/ld+json\" class=\"yoast-schema-graph\">{\"@context\":\"https:\/\/schema.org\",\"@graph\":[{\"@type\":\"Article\",\"@id\":\"https:\/\/www.monlau.com\/fp\/2025\/10\/16\/monlau-y-nissan-refuerzan-su-alianza-para-impulsar-la-formacion-en-automocion\/#article\",\"isPartOf\":{\"@id\":\"https:\/\/www.monlau.com\/fp\/2025\/10\/16\/monlau-y-nissan-refuerzan-su-alianza-para-impulsar-la-formacion-en-automocion\/\"},\"author\":{\"name\":\"adsmurai\",\"@id\":\"https:\/\/www.monlau.com\/fp\/#\/schema\/person\/419cfdf054323e24e0a2ef1d8597f051\"},\"headline\":\"Monlau y Nissan refuerzan su alianza para impulsar la formaci\u00f3n en Automoci\u00f3n\",\"datePublished\":\"2025-10-15T22:00:00+00:00\",\"dateModified\":\"2026-03-10T09:03:26+00:00\",\"mainEntityOfPage\":{\"@id\":\"https:\/\/www.monlau.com\/fp\/2025\/10\/16\/monlau-y-nissan-refuerzan-su-alianza-para-impulsar-la-formacion-en-automocion\/\"},\"wordCount\":608,\"publisher\":{\"@id\":\"https:\/\/www.monlau.com\/fp\/#organization\"},\"image\":{\"@id\":\"https:\/\/www.monlau.com\/fp\/2025\/10\/16\/monlau-y-nissan-refuerzan-su-alianza-para-impulsar-la-formacion-en-automocion\/#primaryimage\"},\"thumbnailUrl\":\"https:\/\/www.monlau.com\/app\/uploads\/sites\/3\/2026\/03\/IMG_9415.jpg\",\"articleSection\":[\"Automoci\u00f3n\",\"Monlau\"],\"inLanguage\":\"es\"},{\"@type\":\"WebPage\",\"@id\":\"https:\/\/www.monlau.com\/fp\/2025\/10\/16\/monlau-y-nissan-refuerzan-su-alianza-para-impulsar-la-formacion-en-automocion\/\",\"url\":\"https:\/\/www.monlau.com\/fp\/2025\/10\/16\/monlau-y-nissan-refuerzan-su-alianza-para-impulsar-la-formacion-en-automocion\/\",\"name\":\"Monlau y Nissan refuerzan su alianza para impulsar la formaci\u00f3n en Automoci\u00f3n - Formaci\u00f3n profesional\",\"isPartOf\":{\"@id\":\"https:\/\/www.monlau.com\/fp\/#website\"},\"primaryImageOfPage\":{\"@id\":\"https:\/\/www.monlau.com\/fp\/2025\/10\/16\/monlau-y-nissan-refuerzan-su-alianza-para-impulsar-la-formacion-en-automocion\/#primaryimage\"},\"image\":{\"@id\":\"https:\/\/www.monlau.com\/fp\/2025\/10\/16\/monlau-y-nissan-refuerzan-su-alianza-para-impulsar-la-formacion-en-automocion\/#primaryimage\"},\"thumbnailUrl\":\"https:\/\/www.monlau.com\/app\/uploads\/sites\/3\/2026\/03\/IMG_9415.jpg\",\"datePublished\":\"2025-10-15T22:00:00+00:00\",\"dateModified\":\"2026-03-10T09:03:26+00:00\",\"breadcrumb\":{\"@id\":\"https:\/\/www.monlau.com\/fp\/2025\/10\/16\/monlau-y-nissan-refuerzan-su-alianza-para-impulsar-la-formacion-en-automocion\/#breadcrumb\"},\"inLanguage\":\"es\",\"potentialAction\":[{\"@type\":\"ReadAction\",\"target\":[\"https:\/\/www.monlau.com\/fp\/2025\/10\/16\/monlau-y-nissan-refuerzan-su-alianza-para-impulsar-la-formacion-en-automocion\/\"]}]},{\"@type\":\"ImageObject\",\"inLanguage\":\"es\",\"@id\":\"https:\/\/www.monlau.com\/fp\/2025\/10\/16\/monlau-y-nissan-refuerzan-su-alianza-para-impulsar-la-formacion-en-automocion\/#primaryimage\",\"url\":\"https:\/\/www.monlau.com\/app\/uploads\/sites\/3\/2026\/03\/IMG_9415.jpg\",\"contentUrl\":\"https:\/\/www.monlau.com\/app\/uploads\/sites\/3\/2026\/03\/IMG_9415.jpg\",\"width\":1200,\"height\":800},{\"@type\":\"BreadcrumbList\",\"@id\":\"https:\/\/www.monlau.com\/fp\/2025\/10\/16\/monlau-y-nissan-refuerzan-su-alianza-para-impulsar-la-formacion-en-automocion\/#breadcrumb\",\"itemListElement\":[{\"@type\":\"ListItem\",\"position\":1,\"name\":\"Portada\",\"item\":\"https:\/\/www.monlau.com\/fp\/\"},{\"@type\":\"ListItem\",\"position\":2,\"name\":\"Monlau y Nissan refuerzan su alianza para impulsar la formaci\u00f3n en Automoci\u00f3n\"}]},{\"@type\":\"WebSite\",\"@id\":\"https:\/\/www.monlau.com\/fp\/#website\",\"url\":\"https:\/\/www.monlau.com\/fp\/\",\"name\":\"Formaci\u00f3n profesional\",\"description\":\"Monlau\",\"publisher\":{\"@id\":\"https:\/\/www.monlau.com\/fp\/#organization\"},\"potentialAction\":[{\"@type\":\"SearchAction\",\"target\":{\"@type\":\"EntryPoint\",\"urlTemplate\":\"https:\/\/www.monlau.com\/fp\/?s={search_term_string}\"},\"query-input\":{\"@type\":\"PropertyValueSpecification\",\"valueRequired\":true,\"valueName\":\"search_term_string\"}}],\"inLanguage\":\"es\"},{\"@type\":\"Organization\",\"@id\":\"https:\/\/www.monlau.com\/fp\/#organization\",\"name\":\"Formaci\u00f3n profesional\",\"url\":\"https:\/\/www.monlau.com\/fp\/\",\"logo\":{\"@type\":\"ImageObject\",\"inLanguage\":\"es\",\"@id\":\"https:\/\/www.monlau.com\/fp\/#\/schema\/logo\/image\/\",\"url\":\"https:\/\/www.monlau.com\/app\/uploads\/sites\/3\/2026\/01\/fp.png\",\"contentUrl\":\"https:\/\/www.monlau.com\/app\/uploads\/sites\/3\/2026\/01\/fp.png\",\"width\":1024,\"height\":878,\"caption\":\"Formaci\u00f3n profesional\"},\"image\":{\"@id\":\"https:\/\/www.monlau.com\/fp\/#\/schema\/logo\/image\/\"}},{\"@type\":\"Person\",\"@id\":\"https:\/\/www.monlau.com\/fp\/#\/schema\/person\/419cfdf054323e24e0a2ef1d8597f051\",\"name\":\"adsmurai\",\"image\":{\"@type\":\"ImageObject\",\"inLanguage\":\"es\",\"@id\":\"https:\/\/secure.gravatar.com\/avatar\/0748788578f91786454454fa3b4c295644edb991ad6caadc70b41d26790d38fc?s=96&d=mm&r=g\",\"url\":\"https:\/\/secure.gravatar.com\/avatar\/0748788578f91786454454fa3b4c295644edb991ad6caadc70b41d26790d38fc?s=96&d=mm&r=g\",\"contentUrl\":\"https:\/\/secure.gravatar.com\/avatar\/0748788578f91786454454fa3b4c295644edb991ad6caadc70b41d26790d38fc?s=96&d=mm&r=g\",\"caption\":\"adsmurai\"},\"sameAs\":[\"https:\/\/www.monlau.com\"],\"url\":\"https:\/\/www.monlau.com\/fp\/author\/adsmurai\/\"}]}<\/script>\n<!-- \/ Yoast SEO plugin. -->","yoast_head_json":{"title":"Monlau y Nissan refuerzan su alianza para impulsar la formaci\u00f3n en Automoci\u00f3n - Formaci\u00f3n profesional","robots":{"index":"index","follow":"follow","max-snippet":"max-snippet:-1","max-image-preview":"max-image-preview:large","max-video-preview":"max-video-preview:-1"},"canonical":"https:\/\/www.monlau.com\/fp\/2025\/10\/16\/monlau-y-nissan-refuerzan-su-alianza-para-impulsar-la-formacion-en-automocion\/","og_locale":"es_ES","og_type":"article","og_title":"Monlau y Nissan refuerzan su alianza para impulsar la formaci\u00f3n en Automoci\u00f3n - Formaci\u00f3n profesional","og_description":"Nissan cede a Monlau una flota de 13 veh\u00edculos h\u00edbridos y el\u00e9ctricos de \u00faltima generaci\u00f3n, que ya est\u00e1n siendo empleados con fines formativos por parte del alumnado Monlau ha estrenado el Aula Nissan, un nuevo espacio exclusivo dedicado a la movilidad sostenible Barcelona, 16 de octubre de 2025 La colaboraci\u00f3n entre Monlau y Nissan se [&hellip;]","og_url":"https:\/\/www.monlau.com\/fp\/2025\/10\/16\/monlau-y-nissan-refuerzan-su-alianza-para-impulsar-la-formacion-en-automocion\/","og_site_name":"Formaci\u00f3n profesional","article_published_time":"2025-10-15T22:00:00+00:00","article_modified_time":"2026-03-10T09:03:26+00:00","og_image":[{"width":1200,"height":800,"url":"https:\/\/www.monlau.com\/app\/uploads\/sites\/3\/2026\/03\/IMG_9415.jpg","type":"image\/jpeg"}],"author":"adsmurai","twitter_card":"summary_large_image","twitter_misc":{"Escrito por":"adsmurai","Tiempo de lectura":"3 minutos"},"schema":{"@context":"https:\/\/schema.org","@graph":[{"@type":"Article","@id":"https:\/\/www.monlau.com\/fp\/2025\/10\/16\/monlau-y-nissan-refuerzan-su-alianza-para-impulsar-la-formacion-en-automocion\/#article","isPartOf":{"@id":"https:\/\/www.monlau.com\/fp\/2025\/10\/16\/monlau-y-nissan-refuerzan-su-alianza-para-impulsar-la-formacion-en-automocion\/"},"author":{"name":"adsmurai","@id":"https:\/\/www.monlau.com\/fp\/#\/schema\/person\/419cfdf054323e24e0a2ef1d8597f051"},"headline":"Monlau y Nissan refuerzan su alianza para impulsar la formaci\u00f3n en Automoci\u00f3n","datePublished":"2025-10-15T22:00:00+00:00","dateModified":"2026-03-10T09:03:26+00:00","mainEntityOfPage":{"@id":"https:\/\/www.monlau.com\/fp\/2025\/10\/16\/monlau-y-nissan-refuerzan-su-alianza-para-impulsar-la-formacion-en-automocion\/"},"wordCount":608,"publisher":{"@id":"https:\/\/www.monlau.com\/fp\/#organization"},"image":{"@id":"https:\/\/www.monlau.com\/fp\/2025\/10\/16\/monlau-y-nissan-refuerzan-su-alianza-para-impulsar-la-formacion-en-automocion\/#primaryimage"},"thumbnailUrl":"https:\/\/www.monlau.com\/app\/uploads\/sites\/3\/2026\/03\/IMG_9415.jpg","articleSection":["Automoci\u00f3n","Monlau"],"inLanguage":"es"},{"@type":"WebPage","@id":"https:\/\/www.monlau.com\/fp\/2025\/10\/16\/monlau-y-nissan-refuerzan-su-alianza-para-impulsar-la-formacion-en-automocion\/","url":"https:\/\/www.monlau.com\/fp\/2025\/10\/16\/monlau-y-nissan-refuerzan-su-alianza-para-impulsar-la-formacion-en-automocion\/","name":"Monlau y Nissan refuerzan su alianza para impulsar la formaci\u00f3n en Automoci\u00f3n - Formaci\u00f3n profesional","isPartOf":{"@id":"https:\/\/www.monlau.com\/fp\/#website"},"primaryImageOfPage":{"@id":"https:\/\/www.monlau.com\/fp\/2025\/10\/16\/monlau-y-nissan-refuerzan-su-alianza-para-impulsar-la-formacion-en-automocion\/#primaryimage"},"image":{"@id":"https:\/\/www.monlau.com\/fp\/2025\/10\/16\/monlau-y-nissan-refuerzan-su-alianza-para-impulsar-la-formacion-en-automocion\/#primaryimage"},"thumbnailUrl":"https:\/\/www.monlau.com\/app\/uploads\/sites\/3\/2026\/03\/IMG_9415.jpg","datePublished":"2025-10-15T22:00:00+00:00","dateModified":"2026-03-10T09:03:26+00:00","breadcrumb":{"@id":"https:\/\/www.monlau.com\/fp\/2025\/10\/16\/monlau-y-nissan-refuerzan-su-alianza-para-impulsar-la-formacion-en-automocion\/#breadcrumb"},"inLanguage":"es","potentialAction":[{"@type":"ReadAction","target":["https:\/\/www.monlau.com\/fp\/2025\/10\/16\/monlau-y-nissan-refuerzan-su-alianza-para-impulsar-la-formacion-en-automocion\/"]}]},{"@type":"ImageObject","inLanguage":"es","@id":"https:\/\/www.monlau.com\/fp\/2025\/10\/16\/monlau-y-nissan-refuerzan-su-alianza-para-impulsar-la-formacion-en-automocion\/#primaryimage","url":"https:\/\/www.monlau.com\/app\/uploads\/sites\/3\/2026\/03\/IMG_9415.jpg","contentUrl":"https:\/\/www.monlau.com\/app\/uploads\/sites\/3\/2026\/03\/IMG_9415.jpg","width":1200,"height":800},{"@type":"BreadcrumbList","@id":"https:\/\/www.monlau.com\/fp\/2025\/10\/16\/monlau-y-nissan-refuerzan-su-alianza-para-impulsar-la-formacion-en-automocion\/#breadcrumb","itemListElement":[{"@type":"ListItem","position":1,"name":"Portada","item":"https:\/\/www.monlau.com\/fp\/"},{"@type":"ListItem","position":2,"name":"Monlau y Nissan refuerzan su alianza para impulsar la formaci\u00f3n en Automoci\u00f3n"}]},{"@type":"WebSite","@id":"https:\/\/www.monlau.com\/fp\/#website","url":"https:\/\/www.monlau.com\/fp\/","name":"Formaci\u00f3n profesional","description":"Monlau","publisher":{"@id":"https:\/\/www.monlau.com\/fp\/#organization"},"potentialAction":[{"@type":"SearchAction","target":{"@type":"EntryPoint","urlTemplate":"https:\/\/www.monlau.com\/fp\/?s={search_term_string}"},"query-input":{"@type":"PropertyValueSpecification","valueRequired":true,"valueName":"search_term_string"}}],"inLanguage":"es"},{"@type":"Organization","@id":"https:\/\/www.monlau.com\/fp\/#organization","name":"Formaci\u00f3n profesional","url":"https:\/\/www.monlau.com\/fp\/","logo":{"@type":"ImageObject","inLanguage":"es","@id":"https:\/\/www.monlau.com\/fp\/#\/schema\/logo\/image\/","url":"https:\/\/www.monlau.com\/app\/uploads\/sites\/3\/2026\/01\/fp.png","contentUrl":"https:\/\/www.monlau.com\/app\/uploads\/sites\/3\/2026\/01\/fp.png","width":1024,"height":878,"caption":"Formaci\u00f3n profesional"},"image":{"@id":"https:\/\/www.monlau.com\/fp\/#\/schema\/logo\/image\/"}},{"@type":"Person","@id":"https:\/\/www.monlau.com\/fp\/#\/schema\/person\/419cfdf054323e24e0a2ef1d8597f051","name":"adsmurai","image":{"@type":"ImageObject","inLanguage":"es","@id":"https:\/\/secure.gravatar.com\/avatar\/0748788578f91786454454fa3b4c295644edb991ad6caadc70b41d26790d38fc?s=96&d=mm&r=g","url":"https:\/\/secure.gravatar.com\/avatar\/0748788578f91786454454fa3b4c295644edb991ad6caadc70b41d26790d38fc?s=96&d=mm&r=g","contentUrl":"https:\/\/secure.gravatar.com\/avatar\/0748788578f91786454454fa3b4c295644edb991ad6caadc70b41d26790d38fc?s=96&d=mm&r=g","caption":"adsmurai"},"sameAs":["https:\/\/www.monlau.com"],"url":"https:\/\/www.monlau.com\/fp\/author\/adsmurai\/"}]}},"_links":{"self":[{"href":"https:\/\/www.monlau.com\/fp\/wp-json\/wp\/v2\/posts\/6035","targetHints":{"allow":["GET"]}}],"collection":[{"href":"https:\/\/www.monlau.com\/fp\/wp-json\/wp\/v2\/posts"}],"about":[{"href":"https:\/\/www.monlau.com\/fp\/wp-json\/wp\/v2\/types\/post"}],"author":[{"embeddable":true,"href":"https:\/\/www.monlau.com\/fp\/wp-json\/wp\/v2\/users\/1"}],"replies":[{"embeddable":true,"href":"https:\/\/www.monlau.com\/fp\/wp-json\/wp\/v2\/comments?post=6035"}],"version-history":[{"count":1,"href":"https:\/\/www.monlau.com\/fp\/wp-json\/wp\/v2\/posts\/6035\/revisions"}],"predecessor-version":[{"id":6324,"href":"https:\/\/www.monlau.com\/fp\/wp-json\/wp\/v2\/posts\/6035\/revisions\/6324"}],"wp:featuredmedia":[{"embeddable":true,"href":"https:\/\/www.monlau.com\/fp\/wp-json\/wp\/v2\/media\/3823"}],"wp:attachment":[{"href":"https:\/\/www.monlau.com\/fp\/wp-json\/wp\/v2\/media?parent=6035"}],"wp:term":[{"taxonomy":"category","embeddable":true,"href":"https:\/\/www.monlau.com\/fp\/wp-json\/wp\/v2\/categories?post=6035"},{"taxonomy":"post_tag","embeddable":true,"href":"https:\/\/www.monlau.com\/fp\/wp-json\/wp\/v2\/tags?post=6035"}],"curies":[{"name":"wp","href":"https:\/\/api.w.org\/{rel}","templated":true}]}}