{"id":6034,"date":"2025-11-14T00:00:00","date_gmt":"2025-11-13T23:00:00","guid":{"rendered":"https:\/\/www.monlau.com\/formacion-profesional\/monlau-y-electude-juntos-hacia-el-futuro-de-la-formacion-profesional-en-automocion\/"},"modified":"2026-03-10T10:03:26","modified_gmt":"2026-03-10T09:03:26","slug":"monlau-y-electude-juntos-hacia-el-futuro-de-la-formacion-profesional-en-automocion","status":"publish","type":"post","link":"https:\/\/www.monlau.com\/fp\/2025\/11\/14\/monlau-y-electude-juntos-hacia-el-futuro-de-la-formacion-profesional-en-automocion\/","title":{"rendered":"Monlau y Electude: juntos hacia el futuro de la Formaci\u00f3n Profesional en Automoci\u00f3n"},"content":{"rendered":"<p data-start=\"341\" data-end=\"709\">En <strong data-start=\"344\" data-end=\"354\">Monlau<\/strong> seguimos impulsando una <strong data-start=\"379\" data-end=\"418\">Formaci\u00f3n Profesional en Automoci\u00f3n<\/strong> de m\u00e1xima calidad, conectada con la realidad del sector de la Automoci\u00f3n y con la innovaci\u00f3n tecnol\u00f3gica.<br data-start=\"528\" data-end=\"531\" \/>Recientemente, tuvimos el privilegio de abrir nuestras puertas a <strong data-start=\"596\" data-end=\"608\">Electude<\/strong>, una de las plataformas l\u00edderes a nivel mundial en <strong data-start=\"660\" data-end=\"708\">formaci\u00f3n online especializada en automoci\u00f3n<\/strong>.<\/p>\n<p data-start=\"711\" data-end=\"1124\">La visita se realiz\u00f3 con motivo de su Encuentro Anual de Ventas. Esta ocasi\u00f3n permiti\u00f3 que el equipo de Electude conociera c\u00f3mo nuestro alumnado utiliza diariamente los recursos interactivos en el aula y en los talleres.<br data-start=\"931\" data-end=\"934\" \/>Durante la jornada, la plataforma se mostr\u00f3 en acci\u00f3n. Por ejemplo: simulaciones, diagnosis de sistemas, pr\u00e1cticas guiadas y resoluci\u00f3n de aver\u00edas con un enfoque <strong data-start=\"1096\" data-end=\"1116\">100% profesional<\/strong>.\u00a0<\/p>\n<p data-start=\"1185\" data-end=\"1486\">La sesi\u00f3n fue un espacio para compartir ideas sobre el futuro de la <strong data-start=\"1253\" data-end=\"1292\">Formaci\u00f3n Profesional en Automoci\u00f3n<\/strong>. Por lo tanto, permiti\u00f3 explorar nuevos enfoques metodol\u00f3gicos y herramientas que ayudan a nuestro alumnado a desarrollarse como los profesionales altamente cualificados que demanda la industria.\u00a0<\/p>\n<p data-start=\"1488\" data-end=\"1723\">Entre los asistentes se encontraban <strong data-start=\"1524\" data-end=\"1540\">Koen Berends<\/strong> y <strong data-start=\"1543\" data-end=\"1561\">Peter Nientker<\/strong>, CEOs de Electude, y <strong data-start=\"1583\" data-end=\"1599\">Iban Ventura<\/strong>, CEO de Monlau, quienes reafirmaron su compromiso con una formaci\u00f3n m\u00e1s pr\u00e1ctica, actual y conectada con la realidad empresarial.<\/p>\n<p data-start=\"1795\" data-end=\"1864\">Electude anunci\u00f3 en exclusiva una noticia que nos llena de ilusi\u00f3n:<\/p>\n<p data-start=\"1866\" data-end=\"2035\"><strong data-start=\"1869\" data-end=\"1890\">A inicios de 2026<\/strong>, nos ceder\u00e1n las dos primeras <strong data-start=\"1921\" data-end=\"1944\">maquetas did\u00e1cticas<\/strong> dise\u00f1adas para la diagnosis de circuitos y el aprendizaje de electricidad desde la base.<\/p>\n<p data-start=\"2037\" data-end=\"2263\">Los prototipos est\u00e1n en fase final de desarrollo. Adem\u00e1s, su dise\u00f1o ofrecer\u00e1 un enfoque <strong data-start=\"2119\" data-end=\"2147\">interactivo y gamificado<\/strong>, facilitando que nuestro alumnado comprenda conceptos el\u00e9ctricos complejos con mayor claridad y aplicabilidad.\u00a0<\/p>\n<p>&nbsp;<\/p>\n<p data-start=\"2338\" data-end=\"2432\">En definitiva, gracias a esta colaboraci\u00f3n con Electude, podemos:<\/p>\n<p data-start=\"2434\" data-end=\"2645\">\u2714 Potenciar el <strong data-start=\"2449\" data-end=\"2487\">aprendizaje pr\u00e1ctico en automoci\u00f3n<\/strong><br data-start=\"2487\" data-end=\"2490\" \/>\u2714 Ofrecer <strong data-start=\"2500\" data-end=\"2548\">experiencias formativas de \u00faltima generaci\u00f3n<\/strong><br data-start=\"2548\" data-end=\"2551\" \/>\u2714 Acercar a\u00fan m\u00e1s el aula a la empresa<br data-start=\"2589\" data-end=\"2592\" \/>\u2714 Formar a los <strong data-start=\"2607\" data-end=\"2643\">t\u00e9cnicos de movilidad del ma\u00f1ana<\/strong><\/p>\n<p data-start=\"2647\" data-end=\"2854\">Por esta raz\u00f3n, seguimos trabajando para que cada estudiante viva una <strong data-start=\"2717\" data-end=\"2757\">Formaci\u00f3n Profesional transformadora<\/strong>. Contar\u00e1 con herramientas y conocimientos que marcar\u00e1n la diferencia en su futuro profesional.<\/p>\n","protected":false},"excerpt":{"rendered":"<p>En Monlau seguimos impulsando una Formaci\u00f3n Profesional en Automoci\u00f3n de m\u00e1xima calidad, conectada con la realidad del sector de la Automoci\u00f3n y con la innovaci\u00f3n tecnol\u00f3gica.Recientemente, tuvimos el privilegio de abrir nuestras puertas a Electude, una de las plataformas l\u00edderes a nivel mundial en formaci\u00f3n online especializada en automoci\u00f3n. La visita se realiz\u00f3 con motivo [&hellip;]<\/p>\n","protected":false},"author":1,"featured_media":3817,"comment_status":"closed","ping_status":"closed","sticky":false,"template":"","format":"standard","meta":{"footnotes":""},"categories":[36],"tags":[102],"class_list":["post-6034","post","type-post","status-publish","format-standard","has-post-thumbnail","hentry","category-automocion","tag-marketing-y-publicidad"],"yoast_head":"<!-- This site is optimized with the Yoast SEO plugin v27.2 - https:\/\/yoast.com\/product\/yoast-seo-wordpress\/ -->\n<title>Monlau y Electude: juntos hacia el futuro de la Formaci\u00f3n Profesional en Automoci\u00f3n - Formaci\u00f3n profesional<\/title>\n<meta name=\"robots\" content=\"index, follow, max-snippet:-1, max-image-preview:large, max-video-preview:-1\" \/>\n<link rel=\"canonical\" href=\"https:\/\/www.monlau.com\/fp\/2025\/11\/14\/monlau-y-electude-juntos-hacia-el-futuro-de-la-formacion-profesional-en-automocion\/\" \/>\n<meta property=\"og:locale\" content=\"es_ES\" \/>\n<meta property=\"og:type\" content=\"article\" \/>\n<meta property=\"og:title\" content=\"Monlau y Electude: juntos hacia el futuro de la Formaci\u00f3n Profesional en Automoci\u00f3n - Formaci\u00f3n profesional\" \/>\n<meta property=\"og:description\" content=\"En Monlau seguimos impulsando una Formaci\u00f3n Profesional en Automoci\u00f3n de m\u00e1xima calidad, conectada con la realidad del sector de la Automoci\u00f3n y con la innovaci\u00f3n tecnol\u00f3gica.Recientemente, tuvimos el privilegio de abrir nuestras puertas a Electude, una de las plataformas l\u00edderes a nivel mundial en formaci\u00f3n online especializada en automoci\u00f3n. La visita se realiz\u00f3 con motivo [&hellip;]\" \/>\n<meta property=\"og:url\" content=\"https:\/\/www.monlau.com\/fp\/2025\/11\/14\/monlau-y-electude-juntos-hacia-el-futuro-de-la-formacion-profesional-en-automocion\/\" \/>\n<meta property=\"og:site_name\" content=\"Formaci\u00f3n profesional\" \/>\n<meta property=\"article:published_time\" content=\"2025-11-13T23:00:00+00:00\" \/>\n<meta property=\"article:modified_time\" content=\"2026-03-10T09:03:26+00:00\" \/>\n<meta property=\"og:image\" content=\"https:\/\/www.monlau.com\/app\/uploads\/sites\/3\/2026\/03\/Visita-Electude.jpg\" \/>\n\t<meta property=\"og:image:width\" content=\"1200\" \/>\n\t<meta property=\"og:image:height\" content=\"800\" \/>\n\t<meta property=\"og:image:type\" content=\"image\/jpeg\" \/>\n<meta name=\"author\" content=\"adsmurai\" \/>\n<meta name=\"twitter:card\" content=\"summary_large_image\" \/>\n<meta name=\"twitter:label1\" content=\"Escrito por\" \/>\n\t<meta name=\"twitter:data1\" content=\"adsmurai\" \/>\n\t<meta name=\"twitter:label2\" content=\"Tiempo de lectura\" \/>\n\t<meta name=\"twitter:data2\" content=\"2 minutos\" \/>\n<script type=\"application\/ld+json\" class=\"yoast-schema-graph\">{\"@context\":\"https:\/\/schema.org\",\"@graph\":[{\"@type\":\"Article\",\"@id\":\"https:\/\/www.monlau.com\/fp\/2025\/11\/14\/monlau-y-electude-juntos-hacia-el-futuro-de-la-formacion-profesional-en-automocion\/#article\",\"isPartOf\":{\"@id\":\"https:\/\/www.monlau.com\/fp\/2025\/11\/14\/monlau-y-electude-juntos-hacia-el-futuro-de-la-formacion-profesional-en-automocion\/\"},\"author\":{\"name\":\"adsmurai\",\"@id\":\"https:\/\/www.monlau.com\/fp\/#\/schema\/person\/419cfdf054323e24e0a2ef1d8597f051\"},\"headline\":\"Monlau y Electude: juntos hacia el futuro de la Formaci\u00f3n Profesional en Automoci\u00f3n\",\"datePublished\":\"2025-11-13T23:00:00+00:00\",\"dateModified\":\"2026-03-10T09:03:26+00:00\",\"mainEntityOfPage\":{\"@id\":\"https:\/\/www.monlau.com\/fp\/2025\/11\/14\/monlau-y-electude-juntos-hacia-el-futuro-de-la-formacion-profesional-en-automocion\/\"},\"wordCount\":375,\"publisher\":{\"@id\":\"https:\/\/www.monlau.com\/fp\/#organization\"},\"image\":{\"@id\":\"https:\/\/www.monlau.com\/fp\/2025\/11\/14\/monlau-y-electude-juntos-hacia-el-futuro-de-la-formacion-profesional-en-automocion\/#primaryimage\"},\"thumbnailUrl\":\"https:\/\/www.monlau.com\/app\/uploads\/sites\/3\/2026\/03\/Visita-Electude.jpg\",\"keywords\":[\"Marketing y Publicidad\"],\"articleSection\":[\"Automoci\u00f3n\"],\"inLanguage\":\"es\"},{\"@type\":\"WebPage\",\"@id\":\"https:\/\/www.monlau.com\/fp\/2025\/11\/14\/monlau-y-electude-juntos-hacia-el-futuro-de-la-formacion-profesional-en-automocion\/\",\"url\":\"https:\/\/www.monlau.com\/fp\/2025\/11\/14\/monlau-y-electude-juntos-hacia-el-futuro-de-la-formacion-profesional-en-automocion\/\",\"name\":\"Monlau y Electude: juntos hacia el futuro de la Formaci\u00f3n Profesional en Automoci\u00f3n - Formaci\u00f3n profesional\",\"isPartOf\":{\"@id\":\"https:\/\/www.monlau.com\/fp\/#website\"},\"primaryImageOfPage\":{\"@id\":\"https:\/\/www.monlau.com\/fp\/2025\/11\/14\/monlau-y-electude-juntos-hacia-el-futuro-de-la-formacion-profesional-en-automocion\/#primaryimage\"},\"image\":{\"@id\":\"https:\/\/www.monlau.com\/fp\/2025\/11\/14\/monlau-y-electude-juntos-hacia-el-futuro-de-la-formacion-profesional-en-automocion\/#primaryimage\"},\"thumbnailUrl\":\"https:\/\/www.monlau.com\/app\/uploads\/sites\/3\/2026\/03\/Visita-Electude.jpg\",\"datePublished\":\"2025-11-13T23:00:00+00:00\",\"dateModified\":\"2026-03-10T09:03:26+00:00\",\"breadcrumb\":{\"@id\":\"https:\/\/www.monlau.com\/fp\/2025\/11\/14\/monlau-y-electude-juntos-hacia-el-futuro-de-la-formacion-profesional-en-automocion\/#breadcrumb\"},\"inLanguage\":\"es\",\"potentialAction\":[{\"@type\":\"ReadAction\",\"target\":[\"https:\/\/www.monlau.com\/fp\/2025\/11\/14\/monlau-y-electude-juntos-hacia-el-futuro-de-la-formacion-profesional-en-automocion\/\"]}]},{\"@type\":\"ImageObject\",\"inLanguage\":\"es\",\"@id\":\"https:\/\/www.monlau.com\/fp\/2025\/11\/14\/monlau-y-electude-juntos-hacia-el-futuro-de-la-formacion-profesional-en-automocion\/#primaryimage\",\"url\":\"https:\/\/www.monlau.com\/app\/uploads\/sites\/3\/2026\/03\/Visita-Electude.jpg\",\"contentUrl\":\"https:\/\/www.monlau.com\/app\/uploads\/sites\/3\/2026\/03\/Visita-Electude.jpg\",\"width\":1200,\"height\":800},{\"@type\":\"BreadcrumbList\",\"@id\":\"https:\/\/www.monlau.com\/fp\/2025\/11\/14\/monlau-y-electude-juntos-hacia-el-futuro-de-la-formacion-profesional-en-automocion\/#breadcrumb\",\"itemListElement\":[{\"@type\":\"ListItem\",\"position\":1,\"name\":\"Portada\",\"item\":\"https:\/\/www.monlau.com\/fp\/\"},{\"@type\":\"ListItem\",\"position\":2,\"name\":\"Monlau y Electude: juntos hacia el futuro de la Formaci\u00f3n Profesional en Automoci\u00f3n\"}]},{\"@type\":\"WebSite\",\"@id\":\"https:\/\/www.monlau.com\/fp\/#website\",\"url\":\"https:\/\/www.monlau.com\/fp\/\",\"name\":\"Formaci\u00f3n profesional\",\"description\":\"Monlau\",\"publisher\":{\"@id\":\"https:\/\/www.monlau.com\/fp\/#organization\"},\"potentialAction\":[{\"@type\":\"SearchAction\",\"target\":{\"@type\":\"EntryPoint\",\"urlTemplate\":\"https:\/\/www.monlau.com\/fp\/?s={search_term_string}\"},\"query-input\":{\"@type\":\"PropertyValueSpecification\",\"valueRequired\":true,\"valueName\":\"search_term_string\"}}],\"inLanguage\":\"es\"},{\"@type\":\"Organization\",\"@id\":\"https:\/\/www.monlau.com\/fp\/#organization\",\"name\":\"Formaci\u00f3n profesional\",\"url\":\"https:\/\/www.monlau.com\/fp\/\",\"logo\":{\"@type\":\"ImageObject\",\"inLanguage\":\"es\",\"@id\":\"https:\/\/www.monlau.com\/fp\/#\/schema\/logo\/image\/\",\"url\":\"https:\/\/www.monlau.com\/app\/uploads\/sites\/3\/2026\/01\/fp.png\",\"contentUrl\":\"https:\/\/www.monlau.com\/app\/uploads\/sites\/3\/2026\/01\/fp.png\",\"width\":1024,\"height\":878,\"caption\":\"Formaci\u00f3n profesional\"},\"image\":{\"@id\":\"https:\/\/www.monlau.com\/fp\/#\/schema\/logo\/image\/\"}},{\"@type\":\"Person\",\"@id\":\"https:\/\/www.monlau.com\/fp\/#\/schema\/person\/419cfdf054323e24e0a2ef1d8597f051\",\"name\":\"adsmurai\",\"image\":{\"@type\":\"ImageObject\",\"inLanguage\":\"es\",\"@id\":\"https:\/\/secure.gravatar.com\/avatar\/0748788578f91786454454fa3b4c295644edb991ad6caadc70b41d26790d38fc?s=96&d=mm&r=g\",\"url\":\"https:\/\/secure.gravatar.com\/avatar\/0748788578f91786454454fa3b4c295644edb991ad6caadc70b41d26790d38fc?s=96&d=mm&r=g\",\"contentUrl\":\"https:\/\/secure.gravatar.com\/avatar\/0748788578f91786454454fa3b4c295644edb991ad6caadc70b41d26790d38fc?s=96&d=mm&r=g\",\"caption\":\"adsmurai\"},\"sameAs\":[\"https:\/\/www.monlau.com\"],\"url\":\"https:\/\/www.monlau.com\/fp\/author\/adsmurai\/\"}]}<\/script>\n<!-- \/ Yoast SEO plugin. -->","yoast_head_json":{"title":"Monlau y Electude: juntos hacia el futuro de la Formaci\u00f3n Profesional en Automoci\u00f3n - Formaci\u00f3n profesional","robots":{"index":"index","follow":"follow","max-snippet":"max-snippet:-1","max-image-preview":"max-image-preview:large","max-video-preview":"max-video-preview:-1"},"canonical":"https:\/\/www.monlau.com\/fp\/2025\/11\/14\/monlau-y-electude-juntos-hacia-el-futuro-de-la-formacion-profesional-en-automocion\/","og_locale":"es_ES","og_type":"article","og_title":"Monlau y Electude: juntos hacia el futuro de la Formaci\u00f3n Profesional en Automoci\u00f3n - Formaci\u00f3n profesional","og_description":"En Monlau seguimos impulsando una Formaci\u00f3n Profesional en Automoci\u00f3n de m\u00e1xima calidad, conectada con la realidad del sector de la Automoci\u00f3n y con la innovaci\u00f3n tecnol\u00f3gica.Recientemente, tuvimos el privilegio de abrir nuestras puertas a Electude, una de las plataformas l\u00edderes a nivel mundial en formaci\u00f3n online especializada en automoci\u00f3n. La visita se realiz\u00f3 con motivo [&hellip;]","og_url":"https:\/\/www.monlau.com\/fp\/2025\/11\/14\/monlau-y-electude-juntos-hacia-el-futuro-de-la-formacion-profesional-en-automocion\/","og_site_name":"Formaci\u00f3n profesional","article_published_time":"2025-11-13T23:00:00+00:00","article_modified_time":"2026-03-10T09:03:26+00:00","og_image":[{"width":1200,"height":800,"url":"https:\/\/www.monlau.com\/app\/uploads\/sites\/3\/2026\/03\/Visita-Electude.jpg","type":"image\/jpeg"}],"author":"adsmurai","twitter_card":"summary_large_image","twitter_misc":{"Escrito por":"adsmurai","Tiempo de lectura":"2 minutos"},"schema":{"@context":"https:\/\/schema.org","@graph":[{"@type":"Article","@id":"https:\/\/www.monlau.com\/fp\/2025\/11\/14\/monlau-y-electude-juntos-hacia-el-futuro-de-la-formacion-profesional-en-automocion\/#article","isPartOf":{"@id":"https:\/\/www.monlau.com\/fp\/2025\/11\/14\/monlau-y-electude-juntos-hacia-el-futuro-de-la-formacion-profesional-en-automocion\/"},"author":{"name":"adsmurai","@id":"https:\/\/www.monlau.com\/fp\/#\/schema\/person\/419cfdf054323e24e0a2ef1d8597f051"},"headline":"Monlau y Electude: juntos hacia el futuro de la Formaci\u00f3n Profesional en Automoci\u00f3n","datePublished":"2025-11-13T23:00:00+00:00","dateModified":"2026-03-10T09:03:26+00:00","mainEntityOfPage":{"@id":"https:\/\/www.monlau.com\/fp\/2025\/11\/14\/monlau-y-electude-juntos-hacia-el-futuro-de-la-formacion-profesional-en-automocion\/"},"wordCount":375,"publisher":{"@id":"https:\/\/www.monlau.com\/fp\/#organization"},"image":{"@id":"https:\/\/www.monlau.com\/fp\/2025\/11\/14\/monlau-y-electude-juntos-hacia-el-futuro-de-la-formacion-profesional-en-automocion\/#primaryimage"},"thumbnailUrl":"https:\/\/www.monlau.com\/app\/uploads\/sites\/3\/2026\/03\/Visita-Electude.jpg","keywords":["Marketing y Publicidad"],"articleSection":["Automoci\u00f3n"],"inLanguage":"es"},{"@type":"WebPage","@id":"https:\/\/www.monlau.com\/fp\/2025\/11\/14\/monlau-y-electude-juntos-hacia-el-futuro-de-la-formacion-profesional-en-automocion\/","url":"https:\/\/www.monlau.com\/fp\/2025\/11\/14\/monlau-y-electude-juntos-hacia-el-futuro-de-la-formacion-profesional-en-automocion\/","name":"Monlau y Electude: juntos hacia el futuro de la Formaci\u00f3n Profesional en Automoci\u00f3n - Formaci\u00f3n profesional","isPartOf":{"@id":"https:\/\/www.monlau.com\/fp\/#website"},"primaryImageOfPage":{"@id":"https:\/\/www.monlau.com\/fp\/2025\/11\/14\/monlau-y-electude-juntos-hacia-el-futuro-de-la-formacion-profesional-en-automocion\/#primaryimage"},"image":{"@id":"https:\/\/www.monlau.com\/fp\/2025\/11\/14\/monlau-y-electude-juntos-hacia-el-futuro-de-la-formacion-profesional-en-automocion\/#primaryimage"},"thumbnailUrl":"https:\/\/www.monlau.com\/app\/uploads\/sites\/3\/2026\/03\/Visita-Electude.jpg","datePublished":"2025-11-13T23:00:00+00:00","dateModified":"2026-03-10T09:03:26+00:00","breadcrumb":{"@id":"https:\/\/www.monlau.com\/fp\/2025\/11\/14\/monlau-y-electude-juntos-hacia-el-futuro-de-la-formacion-profesional-en-automocion\/#breadcrumb"},"inLanguage":"es","potentialAction":[{"@type":"ReadAction","target":["https:\/\/www.monlau.com\/fp\/2025\/11\/14\/monlau-y-electude-juntos-hacia-el-futuro-de-la-formacion-profesional-en-automocion\/"]}]},{"@type":"ImageObject","inLanguage":"es","@id":"https:\/\/www.monlau.com\/fp\/2025\/11\/14\/monlau-y-electude-juntos-hacia-el-futuro-de-la-formacion-profesional-en-automocion\/#primaryimage","url":"https:\/\/www.monlau.com\/app\/uploads\/sites\/3\/2026\/03\/Visita-Electude.jpg","contentUrl":"https:\/\/www.monlau.com\/app\/uploads\/sites\/3\/2026\/03\/Visita-Electude.jpg","width":1200,"height":800},{"@type":"BreadcrumbList","@id":"https:\/\/www.monlau.com\/fp\/2025\/11\/14\/monlau-y-electude-juntos-hacia-el-futuro-de-la-formacion-profesional-en-automocion\/#breadcrumb","itemListElement":[{"@type":"ListItem","position":1,"name":"Portada","item":"https:\/\/www.monlau.com\/fp\/"},{"@type":"ListItem","position":2,"name":"Monlau y Electude: juntos hacia el futuro de la Formaci\u00f3n Profesional en Automoci\u00f3n"}]},{"@type":"WebSite","@id":"https:\/\/www.monlau.com\/fp\/#website","url":"https:\/\/www.monlau.com\/fp\/","name":"Formaci\u00f3n profesional","description":"Monlau","publisher":{"@id":"https:\/\/www.monlau.com\/fp\/#organization"},"potentialAction":[{"@type":"SearchAction","target":{"@type":"EntryPoint","urlTemplate":"https:\/\/www.monlau.com\/fp\/?s={search_term_string}"},"query-input":{"@type":"PropertyValueSpecification","valueRequired":true,"valueName":"search_term_string"}}],"inLanguage":"es"},{"@type":"Organization","@id":"https:\/\/www.monlau.com\/fp\/#organization","name":"Formaci\u00f3n profesional","url":"https:\/\/www.monlau.com\/fp\/","logo":{"@type":"ImageObject","inLanguage":"es","@id":"https:\/\/www.monlau.com\/fp\/#\/schema\/logo\/image\/","url":"https:\/\/www.monlau.com\/app\/uploads\/sites\/3\/2026\/01\/fp.png","contentUrl":"https:\/\/www.monlau.com\/app\/uploads\/sites\/3\/2026\/01\/fp.png","width":1024,"height":878,"caption":"Formaci\u00f3n profesional"},"image":{"@id":"https:\/\/www.monlau.com\/fp\/#\/schema\/logo\/image\/"}},{"@type":"Person","@id":"https:\/\/www.monlau.com\/fp\/#\/schema\/person\/419cfdf054323e24e0a2ef1d8597f051","name":"adsmurai","image":{"@type":"ImageObject","inLanguage":"es","@id":"https:\/\/secure.gravatar.com\/avatar\/0748788578f91786454454fa3b4c295644edb991ad6caadc70b41d26790d38fc?s=96&d=mm&r=g","url":"https:\/\/secure.gravatar.com\/avatar\/0748788578f91786454454fa3b4c295644edb991ad6caadc70b41d26790d38fc?s=96&d=mm&r=g","contentUrl":"https:\/\/secure.gravatar.com\/avatar\/0748788578f91786454454fa3b4c295644edb991ad6caadc70b41d26790d38fc?s=96&d=mm&r=g","caption":"adsmurai"},"sameAs":["https:\/\/www.monlau.com"],"url":"https:\/\/www.monlau.com\/fp\/author\/adsmurai\/"}]}},"_links":{"self":[{"href":"https:\/\/www.monlau.com\/fp\/wp-json\/wp\/v2\/posts\/6034","targetHints":{"allow":["GET"]}}],"collection":[{"href":"https:\/\/www.monlau.com\/fp\/wp-json\/wp\/v2\/posts"}],"about":[{"href":"https:\/\/www.monlau.com\/fp\/wp-json\/wp\/v2\/types\/post"}],"author":[{"embeddable":true,"href":"https:\/\/www.monlau.com\/fp\/wp-json\/wp\/v2\/users\/1"}],"replies":[{"embeddable":true,"href":"https:\/\/www.monlau.com\/fp\/wp-json\/wp\/v2\/comments?post=6034"}],"version-history":[{"count":1,"href":"https:\/\/www.monlau.com\/fp\/wp-json\/wp\/v2\/posts\/6034\/revisions"}],"predecessor-version":[{"id":6319,"href":"https:\/\/www.monlau.com\/fp\/wp-json\/wp\/v2\/posts\/6034\/revisions\/6319"}],"wp:featuredmedia":[{"embeddable":true,"href":"https:\/\/www.monlau.com\/fp\/wp-json\/wp\/v2\/media\/3817"}],"wp:attachment":[{"href":"https:\/\/www.monlau.com\/fp\/wp-json\/wp\/v2\/media?parent=6034"}],"wp:term":[{"taxonomy":"category","embeddable":true,"href":"https:\/\/www.monlau.com\/fp\/wp-json\/wp\/v2\/categories?post=6034"},{"taxonomy":"post_tag","embeddable":true,"href":"https:\/\/www.monlau.com\/fp\/wp-json\/wp\/v2\/tags?post=6034"}],"curies":[{"name":"wp","href":"https:\/\/api.w.org\/{rel}","templated":true}]}}