{"id":6033,"date":"2025-11-06T00:00:00","date_gmt":"2025-11-05T23:00:00","guid":{"rendered":"https:\/\/www.monlau.com\/formacion-profesional\/agentes-del-cambio-en-transformacion-digital-formacion-gratuita-en-monlau-fp\/"},"modified":"2026-03-10T10:03:26","modified_gmt":"2026-03-10T09:03:26","slug":"agentes-del-cambio-en-transformacion-digital-formacion-gratuita-en-monlau-fp","status":"publish","type":"post","link":"https:\/\/www.monlau.com\/fp\/2025\/11\/06\/agentes-del-cambio-en-transformacion-digital-formacion-gratuita-en-monlau-fp\/","title":{"rendered":"Agentes del Cambio en Transformaci\u00f3n Digital: formaci\u00f3n gratuita en Monlau FP"},"content":{"rendered":"<p>En un entorno empresarial en constante transformaci\u00f3n, las empresas necesitan profesionales capaces de liderar el cambio, integrar la tecnolog\u00eda y promover la innovaci\u00f3n.<\/p>\n<p>En respuesta a esta necesidad, en <a href=\"https:\/\/www.monlau.com\/formacio-professional\/\"><strong>Monlau FP<\/strong><\/a> lanzamos una nueva edici\u00f3n del programa <strong>Agentes del Cambio en Transformaci\u00f3n Digital<\/strong>, una formaci\u00f3n 100% gratuita que te prepara para convertirte en protagonista de la evoluci\u00f3n digital de las organizaciones.<\/p>\n<p>En pocas palabras <strong>Agentes del Cambio<\/strong>, es un programa estatal que impulsa la <strong>transformaci\u00f3n digital en las empresas<\/strong> a trav\u00e9s de la capacitaci\u00f3n de nuevos profesionales.<\/p>\n<p>Durante el curso, desarrollar\u00e1s competencias en tres \u00e1reas:<\/p>\n<ul>\n<li>El primer lugar,<strong> innovaci\u00f3n y gesti\u00f3n empresarial.<\/strong><\/li>\n<li>Adem\u00e1s,<strong> tecnolog\u00eda y transformaci\u00f3n digital.<\/strong><\/li>\n<li>Por \u00faltimo, <strong>Soft skills y experiencia de cliente.<\/strong><\/li>\n<\/ul>\n<p>Asimismo, se trata de una formaci\u00f3n <strong>avalada por el <a href=\"https:\/\/digital.gob.es\/\">Ministerio<\/a><\/strong>, y cuenta con un formato mixto que combina <strong>clases presenciales en Monlau Sagrera<\/strong> con sesiones online.<\/p>\n<ul>\n<li><strong>Formaci\u00f3n 100% gratuita: <\/strong>accede a un programa de alto nivel sin coste alguno.<\/li>\n<li><strong>Certificaci\u00f3n oficial del Ministerio: <\/strong>obt\u00e9n el t\u00edtulo de <i>Agente del Cambio en Transformaci\u00f3n Digital<\/i>, con reconocimiento nacional.<\/li>\n<li><strong>Difer\u00e9nciate profesionalmente: <\/strong>as\u00ed mejorar\u00e1s\u00a0tu perfil y tus oportunidades de empleo en uno de los sectores con m\u00e1s demanda.<\/li>\n<li><strong>Convalidaci\u00f3n universitaria: <\/strong>en funci\u00f3n del centro, podr\u00e1s\u00a0obtener hasta <strong>15 cr\u00e9ditos ECTS<\/strong>, (principalmente en universidades privadas).<\/li>\n<li><strong>Ventajas exclusivas: <\/strong>adem\u00e1s, al completar la formaci\u00f3n recibir\u00e1s un regalo de <strong>200 \u20ac en<a href=\"https:\/\/www.mediamarkt.es\/\"> MediaMarkt<\/a><\/strong> y una <strong>mochila Samsonite.<\/strong><\/li>\n<li><strong>Empleabilidad real: <\/strong>Tendr\u00e1s acceso\u00a0a la <strong>bolsa interna de empresas colaboradoras, <\/strong>lo que ampliar\u00e1 tus oportunidades de inserci\u00f3n laboral.<\/li>\n<li><strong>Aprendizaje pr\u00e1ctico: <\/strong>de este modo, adquirir\u00e1s\u00a0conocimientos reales sobre innovaci\u00f3n, gesti\u00f3n del cambio, digitalizaci\u00f3n y liderazgo.<\/li>\n<\/ul>\n<ul><\/ul>\n<p>Con una duraci\u00f3n total de <strong data-start=\"358\" data-end=\"371\">150 horas<\/strong>, combina <strong>25 horas presenciales<\/strong> en Monlau Sagrera con clases online en directo, adapt\u00e1ndose a un formato flexible y pr\u00e1ctico.<\/p>\n<p>Te en cuenta que la asistencia m\u00ednima es del <strong>75%<\/strong>, y la evaluaci\u00f3n se basa en la <strong>observaci\u00f3n y un proyecto final<\/strong> (10h).<\/p>\n<p> \ufe0f <strong>Fechas:<\/strong> de enero a marzo de 2026<br \/>  <strong>Horario:<\/strong> de lunes a viernes, de 9:00 a 13:30 h<br \/>  <strong>Lugar:<\/strong> <a href=\"https:\/\/share.google\/MFGYNsu2nLH7UyVlS\">Monlau Sagrera<\/a><\/p>\n<p>&nbsp;<\/p>\n<p>Principalmente, a <strong>profesionales, titulados y estudiantes de FP o universidad<\/strong> que quieran especializarse en la gesti\u00f3n del cambio digital y posicionarse en un mercado cada vez m\u00e1s competitivo.<\/p>\n<p>Dado que las <strong>plazas son limitadas<\/strong>, te recomendamos inscribirte cuanto antes para no perder esta oportunidad \u00fanica de crecimiento profesional.<\/p>\n<p>&nbsp;<\/p>\n<p>En definitiva, formar parte de esta iniciativa significa <strong>estar preparado para liderar la transformaci\u00f3n digital<\/strong> en empresas de cualquier sector.<\/p>\n<p>En Monlau, te ofrecemos una formaci\u00f3n con visi\u00f3n de futuro, orientada al empleo y alineada con las necesidades reales del mercado.<\/p>\n<p>Si quieres dar el salto, <strong>inscr\u00edbete ahora y empieza a impulsar tu carrera<\/strong>. As\u00ed, ser\u00e1s parte del cambio.<\/p>\n","protected":false},"excerpt":{"rendered":"<p>En un entorno empresarial en constante transformaci\u00f3n, las empresas necesitan profesionales capaces de liderar el cambio, integrar la tecnolog\u00eda y promover la innovaci\u00f3n. En respuesta a esta necesidad, en Monlau FP lanzamos una nueva edici\u00f3n del programa Agentes del Cambio en Transformaci\u00f3n Digital, una formaci\u00f3n 100% gratuita que te prepara para convertirte en protagonista de [&hellip;]<\/p>\n","protected":false},"author":1,"featured_media":3815,"comment_status":"closed","ping_status":"closed","sticky":false,"template":"","format":"standard","meta":{"footnotes":""},"categories":[32,57],"tags":[102],"class_list":["post-6033","post","type-post","status-publish","format-standard","has-post-thumbnail","hentry","category-empresa-y-marketing","category-monlau","tag-marketing-y-publicidad"],"yoast_head":"<!-- This site is optimized with the Yoast SEO plugin v27.2 - https:\/\/yoast.com\/product\/yoast-seo-wordpress\/ -->\n<title>Agentes del Cambio en Transformaci\u00f3n Digital: formaci\u00f3n gratuita en Monlau FP - Formaci\u00f3n profesional<\/title>\n<meta name=\"robots\" content=\"index, follow, max-snippet:-1, max-image-preview:large, max-video-preview:-1\" \/>\n<link rel=\"canonical\" href=\"https:\/\/www.monlau.com\/fp\/2025\/11\/06\/agentes-del-cambio-en-transformacion-digital-formacion-gratuita-en-monlau-fp\/\" \/>\n<meta property=\"og:locale\" content=\"es_ES\" \/>\n<meta property=\"og:type\" content=\"article\" \/>\n<meta property=\"og:title\" content=\"Agentes del Cambio en Transformaci\u00f3n Digital: formaci\u00f3n gratuita en Monlau FP - Formaci\u00f3n profesional\" \/>\n<meta property=\"og:description\" content=\"En un entorno empresarial en constante transformaci\u00f3n, las empresas necesitan profesionales capaces de liderar el cambio, integrar la tecnolog\u00eda y promover la innovaci\u00f3n. En respuesta a esta necesidad, en Monlau FP lanzamos una nueva edici\u00f3n del programa Agentes del Cambio en Transformaci\u00f3n Digital, una formaci\u00f3n 100% gratuita que te prepara para convertirte en protagonista de [&hellip;]\" \/>\n<meta property=\"og:url\" content=\"https:\/\/www.monlau.com\/fp\/2025\/11\/06\/agentes-del-cambio-en-transformacion-digital-formacion-gratuita-en-monlau-fp\/\" \/>\n<meta property=\"og:site_name\" content=\"Formaci\u00f3n profesional\" \/>\n<meta property=\"article:published_time\" content=\"2025-11-05T23:00:00+00:00\" \/>\n<meta property=\"article:modified_time\" content=\"2026-03-10T09:03:26+00:00\" \/>\n<meta property=\"og:image\" content=\"https:\/\/www.monlau.com\/app\/uploads\/sites\/3\/2026\/03\/Agentes-del-Cambio-1.jpg\" \/>\n\t<meta property=\"og:image:width\" content=\"1089\" \/>\n\t<meta property=\"og:image:height\" content=\"675\" \/>\n\t<meta property=\"og:image:type\" content=\"image\/jpeg\" \/>\n<meta name=\"author\" content=\"adsmurai\" \/>\n<meta name=\"twitter:card\" content=\"summary_large_image\" \/>\n<meta name=\"twitter:label1\" content=\"Escrito por\" \/>\n\t<meta name=\"twitter:data1\" content=\"adsmurai\" \/>\n\t<meta name=\"twitter:label2\" content=\"Tiempo de lectura\" \/>\n\t<meta name=\"twitter:data2\" content=\"2 minutos\" \/>\n<script type=\"application\/ld+json\" class=\"yoast-schema-graph\">{\"@context\":\"https:\/\/schema.org\",\"@graph\":[{\"@type\":\"Article\",\"@id\":\"https:\/\/www.monlau.com\/fp\/2025\/11\/06\/agentes-del-cambio-en-transformacion-digital-formacion-gratuita-en-monlau-fp\/#article\",\"isPartOf\":{\"@id\":\"https:\/\/www.monlau.com\/fp\/2025\/11\/06\/agentes-del-cambio-en-transformacion-digital-formacion-gratuita-en-monlau-fp\/\"},\"author\":{\"name\":\"adsmurai\",\"@id\":\"https:\/\/www.monlau.com\/fp\/#\/schema\/person\/419cfdf054323e24e0a2ef1d8597f051\"},\"headline\":\"Agentes del Cambio en Transformaci\u00f3n Digital: formaci\u00f3n gratuita en Monlau FP\",\"datePublished\":\"2025-11-05T23:00:00+00:00\",\"dateModified\":\"2026-03-10T09:03:26+00:00\",\"mainEntityOfPage\":{\"@id\":\"https:\/\/www.monlau.com\/fp\/2025\/11\/06\/agentes-del-cambio-en-transformacion-digital-formacion-gratuita-en-monlau-fp\/\"},\"wordCount\":492,\"publisher\":{\"@id\":\"https:\/\/www.monlau.com\/fp\/#organization\"},\"image\":{\"@id\":\"https:\/\/www.monlau.com\/fp\/2025\/11\/06\/agentes-del-cambio-en-transformacion-digital-formacion-gratuita-en-monlau-fp\/#primaryimage\"},\"thumbnailUrl\":\"https:\/\/www.monlau.com\/app\/uploads\/sites\/3\/2026\/03\/Agentes-del-Cambio-1.jpg\",\"keywords\":[\"Marketing y Publicidad\"],\"articleSection\":[\"Empresa y Marketing\",\"Monlau\"],\"inLanguage\":\"es\"},{\"@type\":\"WebPage\",\"@id\":\"https:\/\/www.monlau.com\/fp\/2025\/11\/06\/agentes-del-cambio-en-transformacion-digital-formacion-gratuita-en-monlau-fp\/\",\"url\":\"https:\/\/www.monlau.com\/fp\/2025\/11\/06\/agentes-del-cambio-en-transformacion-digital-formacion-gratuita-en-monlau-fp\/\",\"name\":\"Agentes del Cambio en Transformaci\u00f3n Digital: formaci\u00f3n gratuita en Monlau FP - Formaci\u00f3n profesional\",\"isPartOf\":{\"@id\":\"https:\/\/www.monlau.com\/fp\/#website\"},\"primaryImageOfPage\":{\"@id\":\"https:\/\/www.monlau.com\/fp\/2025\/11\/06\/agentes-del-cambio-en-transformacion-digital-formacion-gratuita-en-monlau-fp\/#primaryimage\"},\"image\":{\"@id\":\"https:\/\/www.monlau.com\/fp\/2025\/11\/06\/agentes-del-cambio-en-transformacion-digital-formacion-gratuita-en-monlau-fp\/#primaryimage\"},\"thumbnailUrl\":\"https:\/\/www.monlau.com\/app\/uploads\/sites\/3\/2026\/03\/Agentes-del-Cambio-1.jpg\",\"datePublished\":\"2025-11-05T23:00:00+00:00\",\"dateModified\":\"2026-03-10T09:03:26+00:00\",\"breadcrumb\":{\"@id\":\"https:\/\/www.monlau.com\/fp\/2025\/11\/06\/agentes-del-cambio-en-transformacion-digital-formacion-gratuita-en-monlau-fp\/#breadcrumb\"},\"inLanguage\":\"es\",\"potentialAction\":[{\"@type\":\"ReadAction\",\"target\":[\"https:\/\/www.monlau.com\/fp\/2025\/11\/06\/agentes-del-cambio-en-transformacion-digital-formacion-gratuita-en-monlau-fp\/\"]}]},{\"@type\":\"ImageObject\",\"inLanguage\":\"es\",\"@id\":\"https:\/\/www.monlau.com\/fp\/2025\/11\/06\/agentes-del-cambio-en-transformacion-digital-formacion-gratuita-en-monlau-fp\/#primaryimage\",\"url\":\"https:\/\/www.monlau.com\/app\/uploads\/sites\/3\/2026\/03\/Agentes-del-Cambio-1.jpg\",\"contentUrl\":\"https:\/\/www.monlau.com\/app\/uploads\/sites\/3\/2026\/03\/Agentes-del-Cambio-1.jpg\",\"width\":1089,\"height\":675},{\"@type\":\"BreadcrumbList\",\"@id\":\"https:\/\/www.monlau.com\/fp\/2025\/11\/06\/agentes-del-cambio-en-transformacion-digital-formacion-gratuita-en-monlau-fp\/#breadcrumb\",\"itemListElement\":[{\"@type\":\"ListItem\",\"position\":1,\"name\":\"Portada\",\"item\":\"https:\/\/www.monlau.com\/fp\/\"},{\"@type\":\"ListItem\",\"position\":2,\"name\":\"Agentes del Cambio en Transformaci\u00f3n Digital: formaci\u00f3n gratuita en Monlau FP\"}]},{\"@type\":\"WebSite\",\"@id\":\"https:\/\/www.monlau.com\/fp\/#website\",\"url\":\"https:\/\/www.monlau.com\/fp\/\",\"name\":\"Formaci\u00f3n profesional\",\"description\":\"Monlau\",\"publisher\":{\"@id\":\"https:\/\/www.monlau.com\/fp\/#organization\"},\"potentialAction\":[{\"@type\":\"SearchAction\",\"target\":{\"@type\":\"EntryPoint\",\"urlTemplate\":\"https:\/\/www.monlau.com\/fp\/?s={search_term_string}\"},\"query-input\":{\"@type\":\"PropertyValueSpecification\",\"valueRequired\":true,\"valueName\":\"search_term_string\"}}],\"inLanguage\":\"es\"},{\"@type\":\"Organization\",\"@id\":\"https:\/\/www.monlau.com\/fp\/#organization\",\"name\":\"Formaci\u00f3n profesional\",\"url\":\"https:\/\/www.monlau.com\/fp\/\",\"logo\":{\"@type\":\"ImageObject\",\"inLanguage\":\"es\",\"@id\":\"https:\/\/www.monlau.com\/fp\/#\/schema\/logo\/image\/\",\"url\":\"https:\/\/www.monlau.com\/app\/uploads\/sites\/3\/2026\/01\/fp.png\",\"contentUrl\":\"https:\/\/www.monlau.com\/app\/uploads\/sites\/3\/2026\/01\/fp.png\",\"width\":1024,\"height\":878,\"caption\":\"Formaci\u00f3n profesional\"},\"image\":{\"@id\":\"https:\/\/www.monlau.com\/fp\/#\/schema\/logo\/image\/\"}},{\"@type\":\"Person\",\"@id\":\"https:\/\/www.monlau.com\/fp\/#\/schema\/person\/419cfdf054323e24e0a2ef1d8597f051\",\"name\":\"adsmurai\",\"image\":{\"@type\":\"ImageObject\",\"inLanguage\":\"es\",\"@id\":\"https:\/\/secure.gravatar.com\/avatar\/0748788578f91786454454fa3b4c295644edb991ad6caadc70b41d26790d38fc?s=96&d=mm&r=g\",\"url\":\"https:\/\/secure.gravatar.com\/avatar\/0748788578f91786454454fa3b4c295644edb991ad6caadc70b41d26790d38fc?s=96&d=mm&r=g\",\"contentUrl\":\"https:\/\/secure.gravatar.com\/avatar\/0748788578f91786454454fa3b4c295644edb991ad6caadc70b41d26790d38fc?s=96&d=mm&r=g\",\"caption\":\"adsmurai\"},\"sameAs\":[\"https:\/\/www.monlau.com\"],\"url\":\"https:\/\/www.monlau.com\/fp\/author\/adsmurai\/\"}]}<\/script>\n<!-- \/ Yoast SEO plugin. -->","yoast_head_json":{"title":"Agentes del Cambio en Transformaci\u00f3n Digital: formaci\u00f3n gratuita en Monlau FP - Formaci\u00f3n profesional","robots":{"index":"index","follow":"follow","max-snippet":"max-snippet:-1","max-image-preview":"max-image-preview:large","max-video-preview":"max-video-preview:-1"},"canonical":"https:\/\/www.monlau.com\/fp\/2025\/11\/06\/agentes-del-cambio-en-transformacion-digital-formacion-gratuita-en-monlau-fp\/","og_locale":"es_ES","og_type":"article","og_title":"Agentes del Cambio en Transformaci\u00f3n Digital: formaci\u00f3n gratuita en Monlau FP - Formaci\u00f3n profesional","og_description":"En un entorno empresarial en constante transformaci\u00f3n, las empresas necesitan profesionales capaces de liderar el cambio, integrar la tecnolog\u00eda y promover la innovaci\u00f3n. En respuesta a esta necesidad, en Monlau FP lanzamos una nueva edici\u00f3n del programa Agentes del Cambio en Transformaci\u00f3n Digital, una formaci\u00f3n 100% gratuita que te prepara para convertirte en protagonista de [&hellip;]","og_url":"https:\/\/www.monlau.com\/fp\/2025\/11\/06\/agentes-del-cambio-en-transformacion-digital-formacion-gratuita-en-monlau-fp\/","og_site_name":"Formaci\u00f3n profesional","article_published_time":"2025-11-05T23:00:00+00:00","article_modified_time":"2026-03-10T09:03:26+00:00","og_image":[{"width":1089,"height":675,"url":"https:\/\/www.monlau.com\/app\/uploads\/sites\/3\/2026\/03\/Agentes-del-Cambio-1.jpg","type":"image\/jpeg"}],"author":"adsmurai","twitter_card":"summary_large_image","twitter_misc":{"Escrito por":"adsmurai","Tiempo de lectura":"2 minutos"},"schema":{"@context":"https:\/\/schema.org","@graph":[{"@type":"Article","@id":"https:\/\/www.monlau.com\/fp\/2025\/11\/06\/agentes-del-cambio-en-transformacion-digital-formacion-gratuita-en-monlau-fp\/#article","isPartOf":{"@id":"https:\/\/www.monlau.com\/fp\/2025\/11\/06\/agentes-del-cambio-en-transformacion-digital-formacion-gratuita-en-monlau-fp\/"},"author":{"name":"adsmurai","@id":"https:\/\/www.monlau.com\/fp\/#\/schema\/person\/419cfdf054323e24e0a2ef1d8597f051"},"headline":"Agentes del Cambio en Transformaci\u00f3n Digital: formaci\u00f3n gratuita en Monlau FP","datePublished":"2025-11-05T23:00:00+00:00","dateModified":"2026-03-10T09:03:26+00:00","mainEntityOfPage":{"@id":"https:\/\/www.monlau.com\/fp\/2025\/11\/06\/agentes-del-cambio-en-transformacion-digital-formacion-gratuita-en-monlau-fp\/"},"wordCount":492,"publisher":{"@id":"https:\/\/www.monlau.com\/fp\/#organization"},"image":{"@id":"https:\/\/www.monlau.com\/fp\/2025\/11\/06\/agentes-del-cambio-en-transformacion-digital-formacion-gratuita-en-monlau-fp\/#primaryimage"},"thumbnailUrl":"https:\/\/www.monlau.com\/app\/uploads\/sites\/3\/2026\/03\/Agentes-del-Cambio-1.jpg","keywords":["Marketing y Publicidad"],"articleSection":["Empresa y Marketing","Monlau"],"inLanguage":"es"},{"@type":"WebPage","@id":"https:\/\/www.monlau.com\/fp\/2025\/11\/06\/agentes-del-cambio-en-transformacion-digital-formacion-gratuita-en-monlau-fp\/","url":"https:\/\/www.monlau.com\/fp\/2025\/11\/06\/agentes-del-cambio-en-transformacion-digital-formacion-gratuita-en-monlau-fp\/","name":"Agentes del Cambio en Transformaci\u00f3n Digital: formaci\u00f3n gratuita en Monlau FP - Formaci\u00f3n profesional","isPartOf":{"@id":"https:\/\/www.monlau.com\/fp\/#website"},"primaryImageOfPage":{"@id":"https:\/\/www.monlau.com\/fp\/2025\/11\/06\/agentes-del-cambio-en-transformacion-digital-formacion-gratuita-en-monlau-fp\/#primaryimage"},"image":{"@id":"https:\/\/www.monlau.com\/fp\/2025\/11\/06\/agentes-del-cambio-en-transformacion-digital-formacion-gratuita-en-monlau-fp\/#primaryimage"},"thumbnailUrl":"https:\/\/www.monlau.com\/app\/uploads\/sites\/3\/2026\/03\/Agentes-del-Cambio-1.jpg","datePublished":"2025-11-05T23:00:00+00:00","dateModified":"2026-03-10T09:03:26+00:00","breadcrumb":{"@id":"https:\/\/www.monlau.com\/fp\/2025\/11\/06\/agentes-del-cambio-en-transformacion-digital-formacion-gratuita-en-monlau-fp\/#breadcrumb"},"inLanguage":"es","potentialAction":[{"@type":"ReadAction","target":["https:\/\/www.monlau.com\/fp\/2025\/11\/06\/agentes-del-cambio-en-transformacion-digital-formacion-gratuita-en-monlau-fp\/"]}]},{"@type":"ImageObject","inLanguage":"es","@id":"https:\/\/www.monlau.com\/fp\/2025\/11\/06\/agentes-del-cambio-en-transformacion-digital-formacion-gratuita-en-monlau-fp\/#primaryimage","url":"https:\/\/www.monlau.com\/app\/uploads\/sites\/3\/2026\/03\/Agentes-del-Cambio-1.jpg","contentUrl":"https:\/\/www.monlau.com\/app\/uploads\/sites\/3\/2026\/03\/Agentes-del-Cambio-1.jpg","width":1089,"height":675},{"@type":"BreadcrumbList","@id":"https:\/\/www.monlau.com\/fp\/2025\/11\/06\/agentes-del-cambio-en-transformacion-digital-formacion-gratuita-en-monlau-fp\/#breadcrumb","itemListElement":[{"@type":"ListItem","position":1,"name":"Portada","item":"https:\/\/www.monlau.com\/fp\/"},{"@type":"ListItem","position":2,"name":"Agentes del Cambio en Transformaci\u00f3n Digital: formaci\u00f3n gratuita en Monlau FP"}]},{"@type":"WebSite","@id":"https:\/\/www.monlau.com\/fp\/#website","url":"https:\/\/www.monlau.com\/fp\/","name":"Formaci\u00f3n profesional","description":"Monlau","publisher":{"@id":"https:\/\/www.monlau.com\/fp\/#organization"},"potentialAction":[{"@type":"SearchAction","target":{"@type":"EntryPoint","urlTemplate":"https:\/\/www.monlau.com\/fp\/?s={search_term_string}"},"query-input":{"@type":"PropertyValueSpecification","valueRequired":true,"valueName":"search_term_string"}}],"inLanguage":"es"},{"@type":"Organization","@id":"https:\/\/www.monlau.com\/fp\/#organization","name":"Formaci\u00f3n profesional","url":"https:\/\/www.monlau.com\/fp\/","logo":{"@type":"ImageObject","inLanguage":"es","@id":"https:\/\/www.monlau.com\/fp\/#\/schema\/logo\/image\/","url":"https:\/\/www.monlau.com\/app\/uploads\/sites\/3\/2026\/01\/fp.png","contentUrl":"https:\/\/www.monlau.com\/app\/uploads\/sites\/3\/2026\/01\/fp.png","width":1024,"height":878,"caption":"Formaci\u00f3n profesional"},"image":{"@id":"https:\/\/www.monlau.com\/fp\/#\/schema\/logo\/image\/"}},{"@type":"Person","@id":"https:\/\/www.monlau.com\/fp\/#\/schema\/person\/419cfdf054323e24e0a2ef1d8597f051","name":"adsmurai","image":{"@type":"ImageObject","inLanguage":"es","@id":"https:\/\/secure.gravatar.com\/avatar\/0748788578f91786454454fa3b4c295644edb991ad6caadc70b41d26790d38fc?s=96&d=mm&r=g","url":"https:\/\/secure.gravatar.com\/avatar\/0748788578f91786454454fa3b4c295644edb991ad6caadc70b41d26790d38fc?s=96&d=mm&r=g","contentUrl":"https:\/\/secure.gravatar.com\/avatar\/0748788578f91786454454fa3b4c295644edb991ad6caadc70b41d26790d38fc?s=96&d=mm&r=g","caption":"adsmurai"},"sameAs":["https:\/\/www.monlau.com"],"url":"https:\/\/www.monlau.com\/fp\/author\/adsmurai\/"}]}},"_links":{"self":[{"href":"https:\/\/www.monlau.com\/fp\/wp-json\/wp\/v2\/posts\/6033","targetHints":{"allow":["GET"]}}],"collection":[{"href":"https:\/\/www.monlau.com\/fp\/wp-json\/wp\/v2\/posts"}],"about":[{"href":"https:\/\/www.monlau.com\/fp\/wp-json\/wp\/v2\/types\/post"}],"author":[{"embeddable":true,"href":"https:\/\/www.monlau.com\/fp\/wp-json\/wp\/v2\/users\/1"}],"replies":[{"embeddable":true,"href":"https:\/\/www.monlau.com\/fp\/wp-json\/wp\/v2\/comments?post=6033"}],"version-history":[{"count":1,"href":"https:\/\/www.monlau.com\/fp\/wp-json\/wp\/v2\/posts\/6033\/revisions"}],"predecessor-version":[{"id":6321,"href":"https:\/\/www.monlau.com\/fp\/wp-json\/wp\/v2\/posts\/6033\/revisions\/6321"}],"wp:featuredmedia":[{"embeddable":true,"href":"https:\/\/www.monlau.com\/fp\/wp-json\/wp\/v2\/media\/3815"}],"wp:attachment":[{"href":"https:\/\/www.monlau.com\/fp\/wp-json\/wp\/v2\/media?parent=6033"}],"wp:term":[{"taxonomy":"category","embeddable":true,"href":"https:\/\/www.monlau.com\/fp\/wp-json\/wp\/v2\/categories?post=6033"},{"taxonomy":"post_tag","embeddable":true,"href":"https:\/\/www.monlau.com\/fp\/wp-json\/wp\/v2\/tags?post=6033"}],"curies":[{"name":"wp","href":"https:\/\/api.w.org\/{rel}","templated":true}]}}