{"id":6031,"date":"2025-10-27T00:00:00","date_gmt":"2025-10-26T23:00:00","guid":{"rendered":"https:\/\/www.monlau.com\/formacion-profesional\/una-sala-inmersiva-que-transforma-la-formacion-en-barcelona\/"},"modified":"2026-03-10T10:03:26","modified_gmt":"2026-03-10T09:03:26","slug":"una-sala-inmersiva-que-transforma-la-formacion-en-barcelona","status":"publish","type":"post","link":"https:\/\/www.monlau.com\/fp\/2025\/10\/27\/una-sala-inmersiva-que-transforma-la-formacion-en-barcelona\/","title":{"rendered":"Una sala inmersiva que transforma la formaci\u00f3n en Barcelona"},"content":{"rendered":"<p><span style=\"font-weight: 400\">En el \u00e1mbito de la Formaci\u00f3n Profesional, cada vez cobra m\u00e1s importancia ofrecer experiencias educativas que conecten con la realidad tecnol\u00f3gica actual. Por eso, <a href=\"https:\/\/www.monlau.com\/\">Monlau<\/a> ha incorporado una <strong>sala<\/strong> <\/span><b>inmersiva <\/b><span style=\"font-weight: 400\">que transforma el aprendizaje tradicional en una experiencia interactiva, multisensorial y orientada al futuro.<\/span><\/p>\n<p><span style=\"font-weight: 400\">Este entorno est\u00e1 dise\u00f1ado para <\/span><b>sumergir al alumnado en el conocimiento<\/b><span style=\"font-weight: 400\">, fomentando la exploraci\u00f3n, la experimentaci\u00f3n y el aprendizaje significativo. Se trata de un nuevo concepto de aula que permite <\/span><b>vivir la formaci\u00f3n desde dentro<\/b><span style=\"font-weight: 400\">, gracias a la integraci\u00f3n de tecnolog\u00eda avanzada.<\/span><\/p>\n<p><span style=\"font-weight: 400\">Este proyecto ha sido desarrollado en colaboraci\u00f3n con <\/span><a href=\"https:\/\/www.digalix.com\/es\/\"><b>Digalix<\/b><\/a><span style=\"font-weight: 400\">, empresa con sede en Barcelona especializada en soluciones tecnol\u00f3gicas para entornos formativos.<\/span><\/p>\n<p><span style=\"font-weight: 400\">La sala combina diferentes elementos que convierten cada clase en una experiencia transformadora:<\/span><\/p>\n<ul>\n<li style=\"font-weight: 400\"><span style=\"font-weight: 400\">  <\/span><b>Tecnolog\u00eda 360\u00ba<\/b><\/li>\n<li style=\"font-weight: 400\"><span style=\"font-weight: 400\"> \ufe0f <\/span><b>Mesas digitales interactivas y t\u00e1ctiles<\/b><\/li>\n<li style=\"font-weight: 400\"><span style=\"font-weight: 400\">  Un entorno inmersivo que va m\u00e1s all\u00e1 de la observaci\u00f3n: se experimenta<\/span><\/li>\n<\/ul>\n<p><span style=\"font-weight: 400\">Esta iniciativa refuerza el compromiso con la innovaci\u00f3n educativa y con la implementaci\u00f3n de metodolog\u00edas activas orientadas al desarrollo de competencias digitales.<\/span><\/p>\n<p><span style=\"font-weight: 400\">Este entorno inmersivo forma parte de la experiencia educativa de los <\/span><b>m\u00e1steres de inform\u00e1tica de FP en Monlau<\/b><span style=\"font-weight: 400\">, como el <\/span><a href=\"https:\/\/www.monlau.com\/formacio-professional\/project\/master-desarrollo-videojuegos-realidad-virtual-barcelona\/\"><b>M\u00e1ster en Videojuegos y Realidad Virtual<\/b><\/a><span style=\"font-weight: 400\">. Una formaci\u00f3n que permite al alumnado aplicar conocimientos t\u00e9cnicos en escenarios reales, utilizando herramientas que reflejan el entorno laboral actual.<\/span><\/p>\n<p><span style=\"font-weight: 400\">La propuesta formativa est\u00e1 pensada para preparar a los futuros profesionales del sector tecnol\u00f3gico con una metodolog\u00eda pr\u00e1ctica, innovadora y adaptada a los retos del mercado.<\/span><\/p>\n<p><span style=\"font-weight: 400\">Barcelona es una ciudad l\u00edder en innovaci\u00f3n y tecnolog\u00eda. En consecuencia, estudiar un m\u00e1ster de inform\u00e1tica supone una oportunidad para integrarse en un entorno din\u00e1mico y lleno de posibilidades.<\/span><\/p>\n<p><span style=\"font-weight: 400\">Monlau ofrece programas formativos que combinan teor\u00eda, pr\u00e1ctica y tecnolog\u00eda de vanguardia, posicion\u00e1ndose como un referente en la Formaci\u00f3n Profesional Tecnol\u00f3gica en Catalu\u00f1a.<\/span><\/p>\n","protected":false},"excerpt":{"rendered":"<p>En el \u00e1mbito de la Formaci\u00f3n Profesional, cada vez cobra m\u00e1s importancia ofrecer experiencias educativas que conecten con la realidad tecnol\u00f3gica actual. Por eso, Monlau ha incorporado una sala inmersiva que transforma el aprendizaje tradicional en una experiencia interactiva, multisensorial y orientada al futuro. Este entorno est\u00e1 dise\u00f1ado para sumergir al alumnado en el conocimiento, [&hellip;]<\/p>\n","protected":false},"author":1,"featured_media":3809,"comment_status":"closed","ping_status":"closed","sticky":false,"template":"","format":"standard","meta":{"footnotes":""},"categories":[57],"tags":[251],"class_list":["post-6031","post","type-post","status-publish","format-standard","has-post-thumbnail","hentry","category-monlau","tag-sala-inmersiva"],"yoast_head":"<!-- This site is optimized with the Yoast SEO plugin v27.2 - https:\/\/yoast.com\/product\/yoast-seo-wordpress\/ -->\n<title>Una sala inmersiva que transforma la formaci\u00f3n en Barcelona - Formaci\u00f3n profesional<\/title>\n<meta name=\"robots\" content=\"index, follow, max-snippet:-1, max-image-preview:large, max-video-preview:-1\" \/>\n<link rel=\"canonical\" href=\"https:\/\/www.monlau.com\/fp\/2025\/10\/27\/una-sala-inmersiva-que-transforma-la-formacion-en-barcelona\/\" \/>\n<meta property=\"og:locale\" content=\"es_ES\" \/>\n<meta property=\"og:type\" content=\"article\" \/>\n<meta property=\"og:title\" content=\"Una sala inmersiva que transforma la formaci\u00f3n en Barcelona - Formaci\u00f3n profesional\" \/>\n<meta property=\"og:description\" content=\"En el \u00e1mbito de la Formaci\u00f3n Profesional, cada vez cobra m\u00e1s importancia ofrecer experiencias educativas que conecten con la realidad tecnol\u00f3gica actual. Por eso, Monlau ha incorporado una sala inmersiva que transforma el aprendizaje tradicional en una experiencia interactiva, multisensorial y orientada al futuro. Este entorno est\u00e1 dise\u00f1ado para sumergir al alumnado en el conocimiento, [&hellip;]\" \/>\n<meta property=\"og:url\" content=\"https:\/\/www.monlau.com\/fp\/2025\/10\/27\/una-sala-inmersiva-que-transforma-la-formacion-en-barcelona\/\" \/>\n<meta property=\"og:site_name\" content=\"Formaci\u00f3n profesional\" \/>\n<meta property=\"article:published_time\" content=\"2025-10-26T23:00:00+00:00\" \/>\n<meta property=\"article:modified_time\" content=\"2026-03-10T09:03:26+00:00\" \/>\n<meta property=\"og:image\" content=\"https:\/\/www.monlau.com\/app\/uploads\/sites\/3\/2026\/03\/MONLAU-FP-Sala-inmersiva.jpg\" \/>\n\t<meta property=\"og:image:width\" content=\"1000\" \/>\n\t<meta property=\"og:image:height\" content=\"750\" \/>\n\t<meta property=\"og:image:type\" content=\"image\/jpeg\" \/>\n<meta name=\"author\" content=\"adsmurai\" \/>\n<meta name=\"twitter:card\" content=\"summary_large_image\" \/>\n<meta name=\"twitter:label1\" content=\"Escrito por\" \/>\n\t<meta name=\"twitter:data1\" content=\"adsmurai\" \/>\n\t<meta name=\"twitter:label2\" content=\"Tiempo de lectura\" \/>\n\t<meta name=\"twitter:data2\" content=\"2 minutos\" \/>\n<script type=\"application\/ld+json\" class=\"yoast-schema-graph\">{\"@context\":\"https:\/\/schema.org\",\"@graph\":[{\"@type\":\"Article\",\"@id\":\"https:\/\/www.monlau.com\/fp\/2025\/10\/27\/una-sala-inmersiva-que-transforma-la-formacion-en-barcelona\/#article\",\"isPartOf\":{\"@id\":\"https:\/\/www.monlau.com\/fp\/2025\/10\/27\/una-sala-inmersiva-que-transforma-la-formacion-en-barcelona\/\"},\"author\":{\"name\":\"adsmurai\",\"@id\":\"https:\/\/www.monlau.com\/fp\/#\/schema\/person\/419cfdf054323e24e0a2ef1d8597f051\"},\"headline\":\"Una sala inmersiva que transforma la formaci\u00f3n en Barcelona\",\"datePublished\":\"2025-10-26T23:00:00+00:00\",\"dateModified\":\"2026-03-10T09:03:26+00:00\",\"mainEntityOfPage\":{\"@id\":\"https:\/\/www.monlau.com\/fp\/2025\/10\/27\/una-sala-inmersiva-que-transforma-la-formacion-en-barcelona\/\"},\"wordCount\":333,\"publisher\":{\"@id\":\"https:\/\/www.monlau.com\/fp\/#organization\"},\"image\":{\"@id\":\"https:\/\/www.monlau.com\/fp\/2025\/10\/27\/una-sala-inmersiva-que-transforma-la-formacion-en-barcelona\/#primaryimage\"},\"thumbnailUrl\":\"https:\/\/www.monlau.com\/app\/uploads\/sites\/3\/2026\/03\/MONLAU-FP-Sala-inmersiva.jpg\",\"keywords\":[\"Sala inmersiva\"],\"articleSection\":[\"Monlau\"],\"inLanguage\":\"es\"},{\"@type\":\"WebPage\",\"@id\":\"https:\/\/www.monlau.com\/fp\/2025\/10\/27\/una-sala-inmersiva-que-transforma-la-formacion-en-barcelona\/\",\"url\":\"https:\/\/www.monlau.com\/fp\/2025\/10\/27\/una-sala-inmersiva-que-transforma-la-formacion-en-barcelona\/\",\"name\":\"Una sala inmersiva que transforma la formaci\u00f3n en Barcelona - Formaci\u00f3n profesional\",\"isPartOf\":{\"@id\":\"https:\/\/www.monlau.com\/fp\/#website\"},\"primaryImageOfPage\":{\"@id\":\"https:\/\/www.monlau.com\/fp\/2025\/10\/27\/una-sala-inmersiva-que-transforma-la-formacion-en-barcelona\/#primaryimage\"},\"image\":{\"@id\":\"https:\/\/www.monlau.com\/fp\/2025\/10\/27\/una-sala-inmersiva-que-transforma-la-formacion-en-barcelona\/#primaryimage\"},\"thumbnailUrl\":\"https:\/\/www.monlau.com\/app\/uploads\/sites\/3\/2026\/03\/MONLAU-FP-Sala-inmersiva.jpg\",\"datePublished\":\"2025-10-26T23:00:00+00:00\",\"dateModified\":\"2026-03-10T09:03:26+00:00\",\"breadcrumb\":{\"@id\":\"https:\/\/www.monlau.com\/fp\/2025\/10\/27\/una-sala-inmersiva-que-transforma-la-formacion-en-barcelona\/#breadcrumb\"},\"inLanguage\":\"es\",\"potentialAction\":[{\"@type\":\"ReadAction\",\"target\":[\"https:\/\/www.monlau.com\/fp\/2025\/10\/27\/una-sala-inmersiva-que-transforma-la-formacion-en-barcelona\/\"]}]},{\"@type\":\"ImageObject\",\"inLanguage\":\"es\",\"@id\":\"https:\/\/www.monlau.com\/fp\/2025\/10\/27\/una-sala-inmersiva-que-transforma-la-formacion-en-barcelona\/#primaryimage\",\"url\":\"https:\/\/www.monlau.com\/app\/uploads\/sites\/3\/2026\/03\/MONLAU-FP-Sala-inmersiva.jpg\",\"contentUrl\":\"https:\/\/www.monlau.com\/app\/uploads\/sites\/3\/2026\/03\/MONLAU-FP-Sala-inmersiva.jpg\",\"width\":1000,\"height\":750},{\"@type\":\"BreadcrumbList\",\"@id\":\"https:\/\/www.monlau.com\/fp\/2025\/10\/27\/una-sala-inmersiva-que-transforma-la-formacion-en-barcelona\/#breadcrumb\",\"itemListElement\":[{\"@type\":\"ListItem\",\"position\":1,\"name\":\"Portada\",\"item\":\"https:\/\/www.monlau.com\/fp\/\"},{\"@type\":\"ListItem\",\"position\":2,\"name\":\"Una sala inmersiva que transforma la formaci\u00f3n en Barcelona\"}]},{\"@type\":\"WebSite\",\"@id\":\"https:\/\/www.monlau.com\/fp\/#website\",\"url\":\"https:\/\/www.monlau.com\/fp\/\",\"name\":\"Formaci\u00f3n profesional\",\"description\":\"Monlau\",\"publisher\":{\"@id\":\"https:\/\/www.monlau.com\/fp\/#organization\"},\"potentialAction\":[{\"@type\":\"SearchAction\",\"target\":{\"@type\":\"EntryPoint\",\"urlTemplate\":\"https:\/\/www.monlau.com\/fp\/?s={search_term_string}\"},\"query-input\":{\"@type\":\"PropertyValueSpecification\",\"valueRequired\":true,\"valueName\":\"search_term_string\"}}],\"inLanguage\":\"es\"},{\"@type\":\"Organization\",\"@id\":\"https:\/\/www.monlau.com\/fp\/#organization\",\"name\":\"Formaci\u00f3n profesional\",\"url\":\"https:\/\/www.monlau.com\/fp\/\",\"logo\":{\"@type\":\"ImageObject\",\"inLanguage\":\"es\",\"@id\":\"https:\/\/www.monlau.com\/fp\/#\/schema\/logo\/image\/\",\"url\":\"https:\/\/www.monlau.com\/app\/uploads\/sites\/3\/2026\/01\/fp.png\",\"contentUrl\":\"https:\/\/www.monlau.com\/app\/uploads\/sites\/3\/2026\/01\/fp.png\",\"width\":1024,\"height\":878,\"caption\":\"Formaci\u00f3n profesional\"},\"image\":{\"@id\":\"https:\/\/www.monlau.com\/fp\/#\/schema\/logo\/image\/\"}},{\"@type\":\"Person\",\"@id\":\"https:\/\/www.monlau.com\/fp\/#\/schema\/person\/419cfdf054323e24e0a2ef1d8597f051\",\"name\":\"adsmurai\",\"image\":{\"@type\":\"ImageObject\",\"inLanguage\":\"es\",\"@id\":\"https:\/\/secure.gravatar.com\/avatar\/0748788578f91786454454fa3b4c295644edb991ad6caadc70b41d26790d38fc?s=96&d=mm&r=g\",\"url\":\"https:\/\/secure.gravatar.com\/avatar\/0748788578f91786454454fa3b4c295644edb991ad6caadc70b41d26790d38fc?s=96&d=mm&r=g\",\"contentUrl\":\"https:\/\/secure.gravatar.com\/avatar\/0748788578f91786454454fa3b4c295644edb991ad6caadc70b41d26790d38fc?s=96&d=mm&r=g\",\"caption\":\"adsmurai\"},\"sameAs\":[\"https:\/\/www.monlau.com\"],\"url\":\"https:\/\/www.monlau.com\/fp\/author\/adsmurai\/\"}]}<\/script>\n<!-- \/ Yoast SEO plugin. -->","yoast_head_json":{"title":"Una sala inmersiva que transforma la formaci\u00f3n en Barcelona - Formaci\u00f3n profesional","robots":{"index":"index","follow":"follow","max-snippet":"max-snippet:-1","max-image-preview":"max-image-preview:large","max-video-preview":"max-video-preview:-1"},"canonical":"https:\/\/www.monlau.com\/fp\/2025\/10\/27\/una-sala-inmersiva-que-transforma-la-formacion-en-barcelona\/","og_locale":"es_ES","og_type":"article","og_title":"Una sala inmersiva que transforma la formaci\u00f3n en Barcelona - Formaci\u00f3n profesional","og_description":"En el \u00e1mbito de la Formaci\u00f3n Profesional, cada vez cobra m\u00e1s importancia ofrecer experiencias educativas que conecten con la realidad tecnol\u00f3gica actual. Por eso, Monlau ha incorporado una sala inmersiva que transforma el aprendizaje tradicional en una experiencia interactiva, multisensorial y orientada al futuro. Este entorno est\u00e1 dise\u00f1ado para sumergir al alumnado en el conocimiento, [&hellip;]","og_url":"https:\/\/www.monlau.com\/fp\/2025\/10\/27\/una-sala-inmersiva-que-transforma-la-formacion-en-barcelona\/","og_site_name":"Formaci\u00f3n profesional","article_published_time":"2025-10-26T23:00:00+00:00","article_modified_time":"2026-03-10T09:03:26+00:00","og_image":[{"width":1000,"height":750,"url":"https:\/\/www.monlau.com\/app\/uploads\/sites\/3\/2026\/03\/MONLAU-FP-Sala-inmersiva.jpg","type":"image\/jpeg"}],"author":"adsmurai","twitter_card":"summary_large_image","twitter_misc":{"Escrito por":"adsmurai","Tiempo de lectura":"2 minutos"},"schema":{"@context":"https:\/\/schema.org","@graph":[{"@type":"Article","@id":"https:\/\/www.monlau.com\/fp\/2025\/10\/27\/una-sala-inmersiva-que-transforma-la-formacion-en-barcelona\/#article","isPartOf":{"@id":"https:\/\/www.monlau.com\/fp\/2025\/10\/27\/una-sala-inmersiva-que-transforma-la-formacion-en-barcelona\/"},"author":{"name":"adsmurai","@id":"https:\/\/www.monlau.com\/fp\/#\/schema\/person\/419cfdf054323e24e0a2ef1d8597f051"},"headline":"Una sala inmersiva que transforma la formaci\u00f3n en Barcelona","datePublished":"2025-10-26T23:00:00+00:00","dateModified":"2026-03-10T09:03:26+00:00","mainEntityOfPage":{"@id":"https:\/\/www.monlau.com\/fp\/2025\/10\/27\/una-sala-inmersiva-que-transforma-la-formacion-en-barcelona\/"},"wordCount":333,"publisher":{"@id":"https:\/\/www.monlau.com\/fp\/#organization"},"image":{"@id":"https:\/\/www.monlau.com\/fp\/2025\/10\/27\/una-sala-inmersiva-que-transforma-la-formacion-en-barcelona\/#primaryimage"},"thumbnailUrl":"https:\/\/www.monlau.com\/app\/uploads\/sites\/3\/2026\/03\/MONLAU-FP-Sala-inmersiva.jpg","keywords":["Sala inmersiva"],"articleSection":["Monlau"],"inLanguage":"es"},{"@type":"WebPage","@id":"https:\/\/www.monlau.com\/fp\/2025\/10\/27\/una-sala-inmersiva-que-transforma-la-formacion-en-barcelona\/","url":"https:\/\/www.monlau.com\/fp\/2025\/10\/27\/una-sala-inmersiva-que-transforma-la-formacion-en-barcelona\/","name":"Una sala inmersiva que transforma la formaci\u00f3n en Barcelona - Formaci\u00f3n profesional","isPartOf":{"@id":"https:\/\/www.monlau.com\/fp\/#website"},"primaryImageOfPage":{"@id":"https:\/\/www.monlau.com\/fp\/2025\/10\/27\/una-sala-inmersiva-que-transforma-la-formacion-en-barcelona\/#primaryimage"},"image":{"@id":"https:\/\/www.monlau.com\/fp\/2025\/10\/27\/una-sala-inmersiva-que-transforma-la-formacion-en-barcelona\/#primaryimage"},"thumbnailUrl":"https:\/\/www.monlau.com\/app\/uploads\/sites\/3\/2026\/03\/MONLAU-FP-Sala-inmersiva.jpg","datePublished":"2025-10-26T23:00:00+00:00","dateModified":"2026-03-10T09:03:26+00:00","breadcrumb":{"@id":"https:\/\/www.monlau.com\/fp\/2025\/10\/27\/una-sala-inmersiva-que-transforma-la-formacion-en-barcelona\/#breadcrumb"},"inLanguage":"es","potentialAction":[{"@type":"ReadAction","target":["https:\/\/www.monlau.com\/fp\/2025\/10\/27\/una-sala-inmersiva-que-transforma-la-formacion-en-barcelona\/"]}]},{"@type":"ImageObject","inLanguage":"es","@id":"https:\/\/www.monlau.com\/fp\/2025\/10\/27\/una-sala-inmersiva-que-transforma-la-formacion-en-barcelona\/#primaryimage","url":"https:\/\/www.monlau.com\/app\/uploads\/sites\/3\/2026\/03\/MONLAU-FP-Sala-inmersiva.jpg","contentUrl":"https:\/\/www.monlau.com\/app\/uploads\/sites\/3\/2026\/03\/MONLAU-FP-Sala-inmersiva.jpg","width":1000,"height":750},{"@type":"BreadcrumbList","@id":"https:\/\/www.monlau.com\/fp\/2025\/10\/27\/una-sala-inmersiva-que-transforma-la-formacion-en-barcelona\/#breadcrumb","itemListElement":[{"@type":"ListItem","position":1,"name":"Portada","item":"https:\/\/www.monlau.com\/fp\/"},{"@type":"ListItem","position":2,"name":"Una sala inmersiva que transforma la formaci\u00f3n en Barcelona"}]},{"@type":"WebSite","@id":"https:\/\/www.monlau.com\/fp\/#website","url":"https:\/\/www.monlau.com\/fp\/","name":"Formaci\u00f3n profesional","description":"Monlau","publisher":{"@id":"https:\/\/www.monlau.com\/fp\/#organization"},"potentialAction":[{"@type":"SearchAction","target":{"@type":"EntryPoint","urlTemplate":"https:\/\/www.monlau.com\/fp\/?s={search_term_string}"},"query-input":{"@type":"PropertyValueSpecification","valueRequired":true,"valueName":"search_term_string"}}],"inLanguage":"es"},{"@type":"Organization","@id":"https:\/\/www.monlau.com\/fp\/#organization","name":"Formaci\u00f3n profesional","url":"https:\/\/www.monlau.com\/fp\/","logo":{"@type":"ImageObject","inLanguage":"es","@id":"https:\/\/www.monlau.com\/fp\/#\/schema\/logo\/image\/","url":"https:\/\/www.monlau.com\/app\/uploads\/sites\/3\/2026\/01\/fp.png","contentUrl":"https:\/\/www.monlau.com\/app\/uploads\/sites\/3\/2026\/01\/fp.png","width":1024,"height":878,"caption":"Formaci\u00f3n profesional"},"image":{"@id":"https:\/\/www.monlau.com\/fp\/#\/schema\/logo\/image\/"}},{"@type":"Person","@id":"https:\/\/www.monlau.com\/fp\/#\/schema\/person\/419cfdf054323e24e0a2ef1d8597f051","name":"adsmurai","image":{"@type":"ImageObject","inLanguage":"es","@id":"https:\/\/secure.gravatar.com\/avatar\/0748788578f91786454454fa3b4c295644edb991ad6caadc70b41d26790d38fc?s=96&d=mm&r=g","url":"https:\/\/secure.gravatar.com\/avatar\/0748788578f91786454454fa3b4c295644edb991ad6caadc70b41d26790d38fc?s=96&d=mm&r=g","contentUrl":"https:\/\/secure.gravatar.com\/avatar\/0748788578f91786454454fa3b4c295644edb991ad6caadc70b41d26790d38fc?s=96&d=mm&r=g","caption":"adsmurai"},"sameAs":["https:\/\/www.monlau.com"],"url":"https:\/\/www.monlau.com\/fp\/author\/adsmurai\/"}]}},"_links":{"self":[{"href":"https:\/\/www.monlau.com\/fp\/wp-json\/wp\/v2\/posts\/6031","targetHints":{"allow":["GET"]}}],"collection":[{"href":"https:\/\/www.monlau.com\/fp\/wp-json\/wp\/v2\/posts"}],"about":[{"href":"https:\/\/www.monlau.com\/fp\/wp-json\/wp\/v2\/types\/post"}],"author":[{"embeddable":true,"href":"https:\/\/www.monlau.com\/fp\/wp-json\/wp\/v2\/users\/1"}],"replies":[{"embeddable":true,"href":"https:\/\/www.monlau.com\/fp\/wp-json\/wp\/v2\/comments?post=6031"}],"version-history":[{"count":1,"href":"https:\/\/www.monlau.com\/fp\/wp-json\/wp\/v2\/posts\/6031\/revisions"}],"predecessor-version":[{"id":6323,"href":"https:\/\/www.monlau.com\/fp\/wp-json\/wp\/v2\/posts\/6031\/revisions\/6323"}],"wp:featuredmedia":[{"embeddable":true,"href":"https:\/\/www.monlau.com\/fp\/wp-json\/wp\/v2\/media\/3809"}],"wp:attachment":[{"href":"https:\/\/www.monlau.com\/fp\/wp-json\/wp\/v2\/media?parent=6031"}],"wp:term":[{"taxonomy":"category","embeddable":true,"href":"https:\/\/www.monlau.com\/fp\/wp-json\/wp\/v2\/categories?post=6031"},{"taxonomy":"post_tag","embeddable":true,"href":"https:\/\/www.monlau.com\/fp\/wp-json\/wp\/v2\/tags?post=6031"}],"curies":[{"name":"wp","href":"https:\/\/api.w.org\/{rel}","templated":true}]}}