{"id":6029,"date":"2025-09-26T00:00:00","date_gmt":"2025-09-25T22:00:00","guid":{"rendered":"https:\/\/www.monlau.com\/formacion-profesional\/napa-y-monlau-fp-impulsan-la-fp-en-automocion-con-acceso-a-recambios-de-primer-nivel\/"},"modified":"2026-03-10T10:03:26","modified_gmt":"2026-03-10T09:03:26","slug":"napa-y-monlau-fp-impulsan-la-fp-en-automocion-con-acceso-a-recambios-de-primer-nivel","status":"publish","type":"post","link":"https:\/\/www.monlau.com\/fp\/2025\/09\/26\/napa-y-monlau-fp-impulsan-la-fp-en-automocion-con-acceso-a-recambios-de-primer-nivel\/","title":{"rendered":"NAPA y Monlau FP impulsan la FP en Automoci\u00f3n con acceso a recambios de primer nivel"},"content":{"rendered":"<p>En <strong data-start=\"369\" data-end=\"401\">Monlau Formaci\u00f3n Profesional<\/strong> celebramos una nueva <strong data-start=\"423\" data-end=\"454\">alianza en FP de Automoci\u00f3n<\/strong> junto a <a href=\"https:\/\/www.napaautoparts.es\/es\"><strong>NAPA<\/strong><\/a>, marca l\u00edder mundial en recambios con casi 100 a\u00f1os de trayectoria y presencia en m\u00e1s de 13 pa\u00edses. Sabemos que aprender va m\u00e1s all\u00e1 de estudiar. Se trata de vivir la experiencia real de la industria y prepararse para un futuro lleno de oportunidades.<\/p>\n<p data-start=\"727\" data-end=\"848\">Por eso seguimos sumando aliados estrat\u00e9gicos que acercan la <strong data-start=\"788\" data-end=\"827\">formaci\u00f3n profesional en automoci\u00f3n<\/strong> al pulso del sector.<\/p>\n<p>La colaboraci\u00f3n con <a href=\"https:\/\/www.napaautoparts.es\/es\"><strong>NAPA<\/strong><\/a> refuerza nuestra misi\u00f3n: ofrecer a los estudiantes recursos t\u00e9cnicos de \u00faltima generaci\u00f3n, contacto directo con empresas punteras y una visi\u00f3n global de la automoci\u00f3n. Este acuerdo permitir\u00e1 que nuestro alumnado trabaje con productos y tecnolog\u00edas usadas por talleres y distribuidores l\u00edderes.<\/p>\n<p>Esta nueva etapa con <a href=\"https:\/\/www.napaautoparts.es\/es\"><strong>NAPA<\/strong><\/a>\u00a0tambi\u00e9n nos brinda la posibilidad de incorporar <strong data-start=\"1252\" data-end=\"1291\">materiales y soluciones innovadoras<\/strong> directamente en nuestras aulas y talleres. Con ello, los estudiantes pueden experimentar desde el primer d\u00eda c\u00f3mo trabaja una marca de referencia internacional y adaptarse antes de llegar a su primer empleo. Adem\u00e1s, este v\u00ednculo refuerza nuestra red de contactos profesionales, clave para quienes quieren crecer en el sector de la automoci\u00f3n.<\/p>\n<p>Adem\u00e1s, abre la puerta a nuevas oportunidades de <strong data-start=\"1679\" data-end=\"1716\">pr\u00e1cticas profesionales y FP dual<\/strong>. Con ello consolidamos nuestro compromiso con la empleabilidad y el desarrollo de competencias adaptadas a las necesidades reales del mercado.<\/p>\n<p>En la firma del acuerdo nos acompa\u00f1aron <a href=\"https:\/\/www.linkedin.com\/in\/danieltejadahidalgo\/\">Daniel Tejada<\/a>, <strong>Regional Director de NAPA<\/strong>, y <a href=\"https:\/\/www.linkedin.com\/in\/consoalarconballesteros\/\">Conso Alarc\u00f3n<\/a>, HRBP Regional \u2013 Talent &amp; Development Specialist de <strong>NAPA en Espa\u00f1a. <\/strong>Por parte de Monlau participaron nuestro director general <a href=\"https:\/\/www.linkedin.com\/in\/iban-ventura\/\">Iban Ventura<\/a>, el director del \u00e1rea de Automoci\u00f3n <a href=\"https:\/\/www.linkedin.com\/in\/carlos-salazar-gonzalez\/\">Carlos Salazar<\/a> y la directora de Relaciones Externas <a href=\"https:\/\/www.linkedin.com\/in\/montsebarrera\/\">Montse Barrera<\/a>.<\/p>\n<p>Un encuentro que refleja una visi\u00f3n compartida: <em>preparar a profesionales altamente cualificados, listos para afrontar los retos de un sector en constante evoluci\u00f3n.<\/em><\/p>\n<p>Esta alianza refuerza nuestra posici\u00f3n como referente en <strong data-start=\"2173\" data-end=\"2231\">FP de automoci\u00f3n pr\u00e1ctica y conectada con la industria<\/strong>. Seguimos avanzando para que nuestros estudiantes tengan acceso a la mejor formaci\u00f3n y a las empresas que lideran el mercado.<\/p>\n","protected":false},"excerpt":{"rendered":"<p>En Monlau Formaci\u00f3n Profesional celebramos una nueva alianza en FP de Automoci\u00f3n junto a NAPA, marca l\u00edder mundial en recambios con casi 100 a\u00f1os de trayectoria y presencia en m\u00e1s de 13 pa\u00edses. Sabemos que aprender va m\u00e1s all\u00e1 de estudiar. Se trata de vivir la experiencia real de la industria y prepararse para un [&hellip;]<\/p>\n","protected":false},"author":1,"featured_media":3804,"comment_status":"closed","ping_status":"closed","sticky":false,"template":"","format":"standard","meta":{"footnotes":""},"categories":[36,57],"tags":[],"class_list":["post-6029","post","type-post","status-publish","format-standard","has-post-thumbnail","hentry","category-automocion","category-monlau"],"yoast_head":"<!-- This site is optimized with the Yoast SEO plugin v27.2 - https:\/\/yoast.com\/product\/yoast-seo-wordpress\/ -->\n<title>NAPA y Monlau FP impulsan la FP en Automoci\u00f3n con acceso a recambios de primer nivel - Formaci\u00f3n profesional<\/title>\n<meta name=\"robots\" content=\"index, follow, max-snippet:-1, max-image-preview:large, max-video-preview:-1\" \/>\n<link rel=\"canonical\" href=\"https:\/\/www.monlau.com\/fp\/2025\/09\/26\/napa-y-monlau-fp-impulsan-la-fp-en-automocion-con-acceso-a-recambios-de-primer-nivel\/\" \/>\n<meta property=\"og:locale\" content=\"es_ES\" \/>\n<meta property=\"og:type\" content=\"article\" \/>\n<meta property=\"og:title\" content=\"NAPA y Monlau FP impulsan la FP en Automoci\u00f3n con acceso a recambios de primer nivel - Formaci\u00f3n profesional\" \/>\n<meta property=\"og:description\" content=\"En Monlau Formaci\u00f3n Profesional celebramos una nueva alianza en FP de Automoci\u00f3n junto a NAPA, marca l\u00edder mundial en recambios con casi 100 a\u00f1os de trayectoria y presencia en m\u00e1s de 13 pa\u00edses. Sabemos que aprender va m\u00e1s all\u00e1 de estudiar. Se trata de vivir la experiencia real de la industria y prepararse para un [&hellip;]\" \/>\n<meta property=\"og:url\" content=\"https:\/\/www.monlau.com\/fp\/2025\/09\/26\/napa-y-monlau-fp-impulsan-la-fp-en-automocion-con-acceso-a-recambios-de-primer-nivel\/\" \/>\n<meta property=\"og:site_name\" content=\"Formaci\u00f3n profesional\" \/>\n<meta property=\"article:published_time\" content=\"2025-09-25T22:00:00+00:00\" \/>\n<meta property=\"article:modified_time\" content=\"2026-03-10T09:03:26+00:00\" \/>\n<meta property=\"og:image\" content=\"https:\/\/www.monlau.com\/app\/uploads\/sites\/3\/2026\/03\/Iban-Ventura-y-Daniel-Tejada.jpg\" \/>\n\t<meta property=\"og:image:width\" content=\"1200\" \/>\n\t<meta property=\"og:image:height\" content=\"800\" \/>\n\t<meta property=\"og:image:type\" content=\"image\/jpeg\" \/>\n<meta name=\"author\" content=\"adsmurai\" \/>\n<meta name=\"twitter:card\" content=\"summary_large_image\" \/>\n<meta name=\"twitter:label1\" content=\"Escrito por\" \/>\n\t<meta name=\"twitter:data1\" content=\"adsmurai\" \/>\n\t<meta name=\"twitter:label2\" content=\"Tiempo de lectura\" \/>\n\t<meta name=\"twitter:data2\" content=\"2 minutos\" \/>\n<script type=\"application\/ld+json\" class=\"yoast-schema-graph\">{\"@context\":\"https:\/\/schema.org\",\"@graph\":[{\"@type\":\"Article\",\"@id\":\"https:\/\/www.monlau.com\/fp\/2025\/09\/26\/napa-y-monlau-fp-impulsan-la-fp-en-automocion-con-acceso-a-recambios-de-primer-nivel\/#article\",\"isPartOf\":{\"@id\":\"https:\/\/www.monlau.com\/fp\/2025\/09\/26\/napa-y-monlau-fp-impulsan-la-fp-en-automocion-con-acceso-a-recambios-de-primer-nivel\/\"},\"author\":{\"name\":\"adsmurai\",\"@id\":\"https:\/\/www.monlau.com\/fp\/#\/schema\/person\/419cfdf054323e24e0a2ef1d8597f051\"},\"headline\":\"NAPA y Monlau FP impulsan la FP en Automoci\u00f3n con acceso a recambios de primer nivel\",\"datePublished\":\"2025-09-25T22:00:00+00:00\",\"dateModified\":\"2026-03-10T09:03:26+00:00\",\"mainEntityOfPage\":{\"@id\":\"https:\/\/www.monlau.com\/fp\/2025\/09\/26\/napa-y-monlau-fp-impulsan-la-fp-en-automocion-con-acceso-a-recambios-de-primer-nivel\/\"},\"wordCount\":385,\"publisher\":{\"@id\":\"https:\/\/www.monlau.com\/fp\/#organization\"},\"image\":{\"@id\":\"https:\/\/www.monlau.com\/fp\/2025\/09\/26\/napa-y-monlau-fp-impulsan-la-fp-en-automocion-con-acceso-a-recambios-de-primer-nivel\/#primaryimage\"},\"thumbnailUrl\":\"https:\/\/www.monlau.com\/app\/uploads\/sites\/3\/2026\/03\/Iban-Ventura-y-Daniel-Tejada.jpg\",\"articleSection\":[\"Automoci\u00f3n\",\"Monlau\"],\"inLanguage\":\"es\"},{\"@type\":\"WebPage\",\"@id\":\"https:\/\/www.monlau.com\/fp\/2025\/09\/26\/napa-y-monlau-fp-impulsan-la-fp-en-automocion-con-acceso-a-recambios-de-primer-nivel\/\",\"url\":\"https:\/\/www.monlau.com\/fp\/2025\/09\/26\/napa-y-monlau-fp-impulsan-la-fp-en-automocion-con-acceso-a-recambios-de-primer-nivel\/\",\"name\":\"NAPA y Monlau FP impulsan la FP en Automoci\u00f3n con acceso a recambios de primer nivel - Formaci\u00f3n profesional\",\"isPartOf\":{\"@id\":\"https:\/\/www.monlau.com\/fp\/#website\"},\"primaryImageOfPage\":{\"@id\":\"https:\/\/www.monlau.com\/fp\/2025\/09\/26\/napa-y-monlau-fp-impulsan-la-fp-en-automocion-con-acceso-a-recambios-de-primer-nivel\/#primaryimage\"},\"image\":{\"@id\":\"https:\/\/www.monlau.com\/fp\/2025\/09\/26\/napa-y-monlau-fp-impulsan-la-fp-en-automocion-con-acceso-a-recambios-de-primer-nivel\/#primaryimage\"},\"thumbnailUrl\":\"https:\/\/www.monlau.com\/app\/uploads\/sites\/3\/2026\/03\/Iban-Ventura-y-Daniel-Tejada.jpg\",\"datePublished\":\"2025-09-25T22:00:00+00:00\",\"dateModified\":\"2026-03-10T09:03:26+00:00\",\"breadcrumb\":{\"@id\":\"https:\/\/www.monlau.com\/fp\/2025\/09\/26\/napa-y-monlau-fp-impulsan-la-fp-en-automocion-con-acceso-a-recambios-de-primer-nivel\/#breadcrumb\"},\"inLanguage\":\"es\",\"potentialAction\":[{\"@type\":\"ReadAction\",\"target\":[\"https:\/\/www.monlau.com\/fp\/2025\/09\/26\/napa-y-monlau-fp-impulsan-la-fp-en-automocion-con-acceso-a-recambios-de-primer-nivel\/\"]}]},{\"@type\":\"ImageObject\",\"inLanguage\":\"es\",\"@id\":\"https:\/\/www.monlau.com\/fp\/2025\/09\/26\/napa-y-monlau-fp-impulsan-la-fp-en-automocion-con-acceso-a-recambios-de-primer-nivel\/#primaryimage\",\"url\":\"https:\/\/www.monlau.com\/app\/uploads\/sites\/3\/2026\/03\/Iban-Ventura-y-Daniel-Tejada.jpg\",\"contentUrl\":\"https:\/\/www.monlau.com\/app\/uploads\/sites\/3\/2026\/03\/Iban-Ventura-y-Daniel-Tejada.jpg\",\"width\":1200,\"height\":800},{\"@type\":\"BreadcrumbList\",\"@id\":\"https:\/\/www.monlau.com\/fp\/2025\/09\/26\/napa-y-monlau-fp-impulsan-la-fp-en-automocion-con-acceso-a-recambios-de-primer-nivel\/#breadcrumb\",\"itemListElement\":[{\"@type\":\"ListItem\",\"position\":1,\"name\":\"Portada\",\"item\":\"https:\/\/www.monlau.com\/fp\/\"},{\"@type\":\"ListItem\",\"position\":2,\"name\":\"NAPA y Monlau FP impulsan la FP en Automoci\u00f3n con acceso a recambios de primer nivel\"}]},{\"@type\":\"WebSite\",\"@id\":\"https:\/\/www.monlau.com\/fp\/#website\",\"url\":\"https:\/\/www.monlau.com\/fp\/\",\"name\":\"Formaci\u00f3n profesional\",\"description\":\"Monlau\",\"publisher\":{\"@id\":\"https:\/\/www.monlau.com\/fp\/#organization\"},\"potentialAction\":[{\"@type\":\"SearchAction\",\"target\":{\"@type\":\"EntryPoint\",\"urlTemplate\":\"https:\/\/www.monlau.com\/fp\/?s={search_term_string}\"},\"query-input\":{\"@type\":\"PropertyValueSpecification\",\"valueRequired\":true,\"valueName\":\"search_term_string\"}}],\"inLanguage\":\"es\"},{\"@type\":\"Organization\",\"@id\":\"https:\/\/www.monlau.com\/fp\/#organization\",\"name\":\"Formaci\u00f3n profesional\",\"url\":\"https:\/\/www.monlau.com\/fp\/\",\"logo\":{\"@type\":\"ImageObject\",\"inLanguage\":\"es\",\"@id\":\"https:\/\/www.monlau.com\/fp\/#\/schema\/logo\/image\/\",\"url\":\"https:\/\/www.monlau.com\/app\/uploads\/sites\/3\/2026\/01\/fp.png\",\"contentUrl\":\"https:\/\/www.monlau.com\/app\/uploads\/sites\/3\/2026\/01\/fp.png\",\"width\":1024,\"height\":878,\"caption\":\"Formaci\u00f3n profesional\"},\"image\":{\"@id\":\"https:\/\/www.monlau.com\/fp\/#\/schema\/logo\/image\/\"}},{\"@type\":\"Person\",\"@id\":\"https:\/\/www.monlau.com\/fp\/#\/schema\/person\/419cfdf054323e24e0a2ef1d8597f051\",\"name\":\"adsmurai\",\"image\":{\"@type\":\"ImageObject\",\"inLanguage\":\"es\",\"@id\":\"https:\/\/secure.gravatar.com\/avatar\/0748788578f91786454454fa3b4c295644edb991ad6caadc70b41d26790d38fc?s=96&d=mm&r=g\",\"url\":\"https:\/\/secure.gravatar.com\/avatar\/0748788578f91786454454fa3b4c295644edb991ad6caadc70b41d26790d38fc?s=96&d=mm&r=g\",\"contentUrl\":\"https:\/\/secure.gravatar.com\/avatar\/0748788578f91786454454fa3b4c295644edb991ad6caadc70b41d26790d38fc?s=96&d=mm&r=g\",\"caption\":\"adsmurai\"},\"sameAs\":[\"https:\/\/www.monlau.com\"],\"url\":\"https:\/\/www.monlau.com\/fp\/author\/adsmurai\/\"}]}<\/script>\n<!-- \/ Yoast SEO plugin. -->","yoast_head_json":{"title":"NAPA y Monlau FP impulsan la FP en Automoci\u00f3n con acceso a recambios de primer nivel - Formaci\u00f3n profesional","robots":{"index":"index","follow":"follow","max-snippet":"max-snippet:-1","max-image-preview":"max-image-preview:large","max-video-preview":"max-video-preview:-1"},"canonical":"https:\/\/www.monlau.com\/fp\/2025\/09\/26\/napa-y-monlau-fp-impulsan-la-fp-en-automocion-con-acceso-a-recambios-de-primer-nivel\/","og_locale":"es_ES","og_type":"article","og_title":"NAPA y Monlau FP impulsan la FP en Automoci\u00f3n con acceso a recambios de primer nivel - Formaci\u00f3n profesional","og_description":"En Monlau Formaci\u00f3n Profesional celebramos una nueva alianza en FP de Automoci\u00f3n junto a NAPA, marca l\u00edder mundial en recambios con casi 100 a\u00f1os de trayectoria y presencia en m\u00e1s de 13 pa\u00edses. Sabemos que aprender va m\u00e1s all\u00e1 de estudiar. Se trata de vivir la experiencia real de la industria y prepararse para un [&hellip;]","og_url":"https:\/\/www.monlau.com\/fp\/2025\/09\/26\/napa-y-monlau-fp-impulsan-la-fp-en-automocion-con-acceso-a-recambios-de-primer-nivel\/","og_site_name":"Formaci\u00f3n profesional","article_published_time":"2025-09-25T22:00:00+00:00","article_modified_time":"2026-03-10T09:03:26+00:00","og_image":[{"width":1200,"height":800,"url":"https:\/\/www.monlau.com\/app\/uploads\/sites\/3\/2026\/03\/Iban-Ventura-y-Daniel-Tejada.jpg","type":"image\/jpeg"}],"author":"adsmurai","twitter_card":"summary_large_image","twitter_misc":{"Escrito por":"adsmurai","Tiempo de lectura":"2 minutos"},"schema":{"@context":"https:\/\/schema.org","@graph":[{"@type":"Article","@id":"https:\/\/www.monlau.com\/fp\/2025\/09\/26\/napa-y-monlau-fp-impulsan-la-fp-en-automocion-con-acceso-a-recambios-de-primer-nivel\/#article","isPartOf":{"@id":"https:\/\/www.monlau.com\/fp\/2025\/09\/26\/napa-y-monlau-fp-impulsan-la-fp-en-automocion-con-acceso-a-recambios-de-primer-nivel\/"},"author":{"name":"adsmurai","@id":"https:\/\/www.monlau.com\/fp\/#\/schema\/person\/419cfdf054323e24e0a2ef1d8597f051"},"headline":"NAPA y Monlau FP impulsan la FP en Automoci\u00f3n con acceso a recambios de primer nivel","datePublished":"2025-09-25T22:00:00+00:00","dateModified":"2026-03-10T09:03:26+00:00","mainEntityOfPage":{"@id":"https:\/\/www.monlau.com\/fp\/2025\/09\/26\/napa-y-monlau-fp-impulsan-la-fp-en-automocion-con-acceso-a-recambios-de-primer-nivel\/"},"wordCount":385,"publisher":{"@id":"https:\/\/www.monlau.com\/fp\/#organization"},"image":{"@id":"https:\/\/www.monlau.com\/fp\/2025\/09\/26\/napa-y-monlau-fp-impulsan-la-fp-en-automocion-con-acceso-a-recambios-de-primer-nivel\/#primaryimage"},"thumbnailUrl":"https:\/\/www.monlau.com\/app\/uploads\/sites\/3\/2026\/03\/Iban-Ventura-y-Daniel-Tejada.jpg","articleSection":["Automoci\u00f3n","Monlau"],"inLanguage":"es"},{"@type":"WebPage","@id":"https:\/\/www.monlau.com\/fp\/2025\/09\/26\/napa-y-monlau-fp-impulsan-la-fp-en-automocion-con-acceso-a-recambios-de-primer-nivel\/","url":"https:\/\/www.monlau.com\/fp\/2025\/09\/26\/napa-y-monlau-fp-impulsan-la-fp-en-automocion-con-acceso-a-recambios-de-primer-nivel\/","name":"NAPA y Monlau FP impulsan la FP en Automoci\u00f3n con acceso a recambios de primer nivel - Formaci\u00f3n profesional","isPartOf":{"@id":"https:\/\/www.monlau.com\/fp\/#website"},"primaryImageOfPage":{"@id":"https:\/\/www.monlau.com\/fp\/2025\/09\/26\/napa-y-monlau-fp-impulsan-la-fp-en-automocion-con-acceso-a-recambios-de-primer-nivel\/#primaryimage"},"image":{"@id":"https:\/\/www.monlau.com\/fp\/2025\/09\/26\/napa-y-monlau-fp-impulsan-la-fp-en-automocion-con-acceso-a-recambios-de-primer-nivel\/#primaryimage"},"thumbnailUrl":"https:\/\/www.monlau.com\/app\/uploads\/sites\/3\/2026\/03\/Iban-Ventura-y-Daniel-Tejada.jpg","datePublished":"2025-09-25T22:00:00+00:00","dateModified":"2026-03-10T09:03:26+00:00","breadcrumb":{"@id":"https:\/\/www.monlau.com\/fp\/2025\/09\/26\/napa-y-monlau-fp-impulsan-la-fp-en-automocion-con-acceso-a-recambios-de-primer-nivel\/#breadcrumb"},"inLanguage":"es","potentialAction":[{"@type":"ReadAction","target":["https:\/\/www.monlau.com\/fp\/2025\/09\/26\/napa-y-monlau-fp-impulsan-la-fp-en-automocion-con-acceso-a-recambios-de-primer-nivel\/"]}]},{"@type":"ImageObject","inLanguage":"es","@id":"https:\/\/www.monlau.com\/fp\/2025\/09\/26\/napa-y-monlau-fp-impulsan-la-fp-en-automocion-con-acceso-a-recambios-de-primer-nivel\/#primaryimage","url":"https:\/\/www.monlau.com\/app\/uploads\/sites\/3\/2026\/03\/Iban-Ventura-y-Daniel-Tejada.jpg","contentUrl":"https:\/\/www.monlau.com\/app\/uploads\/sites\/3\/2026\/03\/Iban-Ventura-y-Daniel-Tejada.jpg","width":1200,"height":800},{"@type":"BreadcrumbList","@id":"https:\/\/www.monlau.com\/fp\/2025\/09\/26\/napa-y-monlau-fp-impulsan-la-fp-en-automocion-con-acceso-a-recambios-de-primer-nivel\/#breadcrumb","itemListElement":[{"@type":"ListItem","position":1,"name":"Portada","item":"https:\/\/www.monlau.com\/fp\/"},{"@type":"ListItem","position":2,"name":"NAPA y Monlau FP impulsan la FP en Automoci\u00f3n con acceso a recambios de primer nivel"}]},{"@type":"WebSite","@id":"https:\/\/www.monlau.com\/fp\/#website","url":"https:\/\/www.monlau.com\/fp\/","name":"Formaci\u00f3n profesional","description":"Monlau","publisher":{"@id":"https:\/\/www.monlau.com\/fp\/#organization"},"potentialAction":[{"@type":"SearchAction","target":{"@type":"EntryPoint","urlTemplate":"https:\/\/www.monlau.com\/fp\/?s={search_term_string}"},"query-input":{"@type":"PropertyValueSpecification","valueRequired":true,"valueName":"search_term_string"}}],"inLanguage":"es"},{"@type":"Organization","@id":"https:\/\/www.monlau.com\/fp\/#organization","name":"Formaci\u00f3n profesional","url":"https:\/\/www.monlau.com\/fp\/","logo":{"@type":"ImageObject","inLanguage":"es","@id":"https:\/\/www.monlau.com\/fp\/#\/schema\/logo\/image\/","url":"https:\/\/www.monlau.com\/app\/uploads\/sites\/3\/2026\/01\/fp.png","contentUrl":"https:\/\/www.monlau.com\/app\/uploads\/sites\/3\/2026\/01\/fp.png","width":1024,"height":878,"caption":"Formaci\u00f3n profesional"},"image":{"@id":"https:\/\/www.monlau.com\/fp\/#\/schema\/logo\/image\/"}},{"@type":"Person","@id":"https:\/\/www.monlau.com\/fp\/#\/schema\/person\/419cfdf054323e24e0a2ef1d8597f051","name":"adsmurai","image":{"@type":"ImageObject","inLanguage":"es","@id":"https:\/\/secure.gravatar.com\/avatar\/0748788578f91786454454fa3b4c295644edb991ad6caadc70b41d26790d38fc?s=96&d=mm&r=g","url":"https:\/\/secure.gravatar.com\/avatar\/0748788578f91786454454fa3b4c295644edb991ad6caadc70b41d26790d38fc?s=96&d=mm&r=g","contentUrl":"https:\/\/secure.gravatar.com\/avatar\/0748788578f91786454454fa3b4c295644edb991ad6caadc70b41d26790d38fc?s=96&d=mm&r=g","caption":"adsmurai"},"sameAs":["https:\/\/www.monlau.com"],"url":"https:\/\/www.monlau.com\/fp\/author\/adsmurai\/"}]}},"_links":{"self":[{"href":"https:\/\/www.monlau.com\/fp\/wp-json\/wp\/v2\/posts\/6029","targetHints":{"allow":["GET"]}}],"collection":[{"href":"https:\/\/www.monlau.com\/fp\/wp-json\/wp\/v2\/posts"}],"about":[{"href":"https:\/\/www.monlau.com\/fp\/wp-json\/wp\/v2\/types\/post"}],"author":[{"embeddable":true,"href":"https:\/\/www.monlau.com\/fp\/wp-json\/wp\/v2\/users\/1"}],"replies":[{"embeddable":true,"href":"https:\/\/www.monlau.com\/fp\/wp-json\/wp\/v2\/comments?post=6029"}],"version-history":[{"count":1,"href":"https:\/\/www.monlau.com\/fp\/wp-json\/wp\/v2\/posts\/6029\/revisions"}],"predecessor-version":[{"id":6325,"href":"https:\/\/www.monlau.com\/fp\/wp-json\/wp\/v2\/posts\/6029\/revisions\/6325"}],"wp:featuredmedia":[{"embeddable":true,"href":"https:\/\/www.monlau.com\/fp\/wp-json\/wp\/v2\/media\/3804"}],"wp:attachment":[{"href":"https:\/\/www.monlau.com\/fp\/wp-json\/wp\/v2\/media?parent=6029"}],"wp:term":[{"taxonomy":"category","embeddable":true,"href":"https:\/\/www.monlau.com\/fp\/wp-json\/wp\/v2\/categories?post=6029"},{"taxonomy":"post_tag","embeddable":true,"href":"https:\/\/www.monlau.com\/fp\/wp-json\/wp\/v2\/tags?post=6029"}],"curies":[{"name":"wp","href":"https:\/\/api.w.org\/{rel}","templated":true}]}}