{"id":6028,"date":"2025-09-17T00:00:00","date_gmt":"2025-09-16T22:00:00","guid":{"rendered":"https:\/\/www.monlau.com\/formacion-profesional\/formacion-profesional-en-barcelona-monlau-inicia-el-curso-con-nueva-estructura-en-las-areas-de-informatica-y-marketing-y-publicidad\/"},"modified":"2026-03-10T10:03:26","modified_gmt":"2026-03-10T09:03:26","slug":"formacion-profesional-en-barcelona-monlau-inicia-el-curso-con-nueva-estructura-en-las-areas-de-informatica-y-marketing-y-publicidad","status":"publish","type":"post","link":"https:\/\/www.monlau.com\/fp\/2025\/09\/17\/formacion-profesional-en-barcelona-monlau-inicia-el-curso-con-nueva-estructura-en-las-areas-de-informatica-y-marketing-y-publicidad\/","title":{"rendered":"Formaci\u00f3n Profesional en Barcelona: Monlau inicia el curso con nueva estructura en las \u00e1reas de Inform\u00e1tica y Marketing y Publicidad"},"content":{"rendered":"<p><strong>Monlau Sagrera<\/strong>, ubicado en Barcelona, ha iniciado el nuevo curso acad\u00e9mico con novedades importantes en su oferta de <strong>Formaci\u00f3n Profesional<\/strong>, especialmente en los ciclos de <strong><a href=\"https:\/\/www.monlau.com\/formacio-professional\/area-informatica\/\">Inform\u00e1tica<\/a> y <a href=\"https:\/\/www.monlau.com\/formacio-professional\/area-empresa-marketing\/\">Marketing y Publicidad<\/a><\/strong>.<\/p>\n<p>Con m\u00e1s de 40 a\u00f1os de experiencia en el \u00e1mbito educativo, <strong>Monlau Formaci\u00f3n Profesional<\/strong> refuerza su apuesta por una ense\u00f1anza de vanguardia, conectada con el entorno empresarial y adaptada a las demandas del mercado laboral.<\/p>\n<p>Monlau Sagrera ofrece una amplia propuesta educativa que incluye <a href=\"https:\/\/www.monlau.com\/eso-batxillerat\/eso\/?lang=es\"><strong>Educaci\u00f3n Secundaria Obligatoria (ESO)<\/strong><\/a>, <a href=\"https:\/\/www.monlau.com\/eso-batxillerat\/bachillerato\/?lang=es\">Bachillerato<\/a> y Formaci\u00f3n Profesional. Dentro del \u00e1mbito de la FP, destacan los ciclos formativos de las siguientes \u00e1reas:<\/p>\n<ul>\n<li><strong>Inform\u00e1tica<\/strong>: con programas especializados en el desarrollo de aplicaciones multiplataforma, aplicaciones web, redes, ciberseguridad, Videojuegos e Inteligencia Artificial.<\/li>\n<li><strong>Empresa, Marketing y Publicidad<\/strong>: con itinerarios orientados a la comunicaci\u00f3n digital, gesti\u00f3n de negocios y planificaci\u00f3n estrat\u00e9gica de campa\u00f1as.<\/li>\n<\/ul>\n<p>Estos programas de <strong>FP en Barcelona<\/strong> combinan formaci\u00f3n t\u00e9cnica, proyectos reales, pr\u00e1cticas en empresas y una fuerte orientaci\u00f3n para preparar al alumnado y que incorpore los conocimientos que precisa el mercado laboral.<\/p>\n<p>Este curso 2025, Monlau ha implementado una nueva estructura organizativa para potenciar a\u00fan m\u00e1s su modelo formativo. Se han creado dos direcciones espec\u00edficas para cada \u00e1rea de Formaci\u00f3n Profesional:<\/p>\n<ul>\n<li><a href=\"https:\/\/www.linkedin.com\/in\/casanellas\/\"><strong>David Casanellas<\/strong><\/a>, <strong>director del \u00e1rea de Empresa y Marketing<\/strong>, ser\u00e1 el encargado de liderar los ciclos relacionados con la comunicaci\u00f3n, la gesti\u00f3n comercial y la publicidad.<\/li>\n<li><a href=\"https:\/\/www.linkedin.com\/in\/paulaandreazanetti\/\"><strong>Paula Andrea Zanetti<\/strong><\/a>, nueva incorporaci\u00f3n al equipo, ser\u00e1 la <strong>directora del \u00e1rea de Inform\u00e1tica<\/strong>, con el objetivo de consolidar una ense\u00f1anza puntera en programaci\u00f3n, sistemas y tecnolog\u00edas digitales.<\/li>\n<\/ul>\n<p>Ambos trabajar\u00e1n bajo la direcci\u00f3n general de <a href=\"https:\/\/www.linkedin.com\/in\/joan-segarra-oller-5a402a162\/\"><strong>Joan Segarra Oller<\/strong><\/a>, director del centro <a href=\"https:\/\/share.google\/5cwTXBetqtDOJqnoN\">Monlau Sagrera<\/a>, y con el respaldo del equipo pedag\u00f3gico de Monlau.<\/p>\n<p>Seg\u00fan palabras de <strong>Iban Ventura<\/strong>, director general del grupo Monlau:<\/p>\n<p><em>\u201cLo que caracteriza al equipo es el gran compromiso con el alumnado y la capacidad de adaptaci\u00f3n al cambio, demostrada en numerosas ocasiones\u201d<\/em>.<\/p>\n<p>Este enfoque humano y profesional define el modelo educativo de Monlau, basado en el acompa\u00f1amiento, innovaci\u00f3n metodol\u00f3gica y conexi\u00f3n directa con el entorno laboral.<\/p>\n<p>Elegir estudiar <strong>Formaci\u00f3n Profesional en Barcelona<\/strong> es una excelente opci\u00f3n para quienes buscan una formaci\u00f3n pr\u00e1ctica, orientada al empleo y con acceso a sectores en crecimiento como la <strong>Inform\u00e1tica y el Marketing y la Publicidad<\/strong>.<\/p>\n<p>Por esta raz\u00f3n, Monlau es uno de los centros referentes en FP en la ciudad. Sus ciclos est\u00e1n adaptados a las necesidades del mercado, colaboraciones con empresas y una comunidad educativa comprometida.<\/p>\n<p>Consulta nuestra oferta de ciclos formativos de grado medio y superior en Barcelona:<\/p>\n","protected":false},"excerpt":{"rendered":"<p>Monlau Sagrera, ubicado en Barcelona, ha iniciado el nuevo curso acad\u00e9mico con novedades importantes en su oferta de Formaci\u00f3n Profesional, especialmente en los ciclos de Inform\u00e1tica y Marketing y Publicidad. Con m\u00e1s de 40 a\u00f1os de experiencia en el \u00e1mbito educativo, Monlau Formaci\u00f3n Profesional refuerza su apuesta por una ense\u00f1anza de vanguardia, conectada con el [&hellip;]<\/p>\n","protected":false},"author":1,"featured_media":3802,"comment_status":"closed","ping_status":"closed","sticky":false,"template":"","format":"standard","meta":{"footnotes":""},"categories":[36,32,220,38,57],"tags":[166,96,49],"class_list":["post-6028","post","type-post","status-publish","format-standard","has-post-thumbnail","hentry","category-automocion","category-empresa-y-marketing","category-especializacion","category-informatica","category-monlau","tag-barcelona","tag-empresas","tag-formacion-profesional"],"yoast_head":"<!-- This site is optimized with the Yoast SEO plugin v27.2 - https:\/\/yoast.com\/product\/yoast-seo-wordpress\/ -->\n<title>Formaci\u00f3n Profesional en Barcelona: Monlau inicia el curso con nueva estructura en las \u00e1reas de Inform\u00e1tica y Marketing y Publicidad - Formaci\u00f3n profesional<\/title>\n<meta name=\"robots\" content=\"index, follow, max-snippet:-1, max-image-preview:large, max-video-preview:-1\" \/>\n<link rel=\"canonical\" href=\"https:\/\/www.monlau.com\/fp\/2025\/09\/17\/formacion-profesional-en-barcelona-monlau-inicia-el-curso-con-nueva-estructura-en-las-areas-de-informatica-y-marketing-y-publicidad\/\" \/>\n<meta property=\"og:locale\" content=\"es_ES\" \/>\n<meta property=\"og:type\" content=\"article\" \/>\n<meta property=\"og:title\" content=\"Formaci\u00f3n Profesional en Barcelona: Monlau inicia el curso con nueva estructura en las \u00e1reas de Inform\u00e1tica y Marketing y Publicidad - Formaci\u00f3n profesional\" \/>\n<meta property=\"og:description\" content=\"Monlau Sagrera, ubicado en Barcelona, ha iniciado el nuevo curso acad\u00e9mico con novedades importantes en su oferta de Formaci\u00f3n Profesional, especialmente en los ciclos de Inform\u00e1tica y Marketing y Publicidad. Con m\u00e1s de 40 a\u00f1os de experiencia en el \u00e1mbito educativo, Monlau Formaci\u00f3n Profesional refuerza su apuesta por una ense\u00f1anza de vanguardia, conectada con el [&hellip;]\" \/>\n<meta property=\"og:url\" content=\"https:\/\/www.monlau.com\/fp\/2025\/09\/17\/formacion-profesional-en-barcelona-monlau-inicia-el-curso-con-nueva-estructura-en-las-areas-de-informatica-y-marketing-y-publicidad\/\" \/>\n<meta property=\"og:site_name\" content=\"Formaci\u00f3n profesional\" \/>\n<meta property=\"article:published_time\" content=\"2025-09-16T22:00:00+00:00\" \/>\n<meta property=\"article:modified_time\" content=\"2026-03-10T09:03:26+00:00\" \/>\n<meta property=\"og:image\" content=\"https:\/\/www.monlau.com\/app\/uploads\/sites\/3\/2026\/03\/Formacion-Profesional-en-Barcelona.jpg\" \/>\n\t<meta property=\"og:image:width\" content=\"1200\" \/>\n\t<meta property=\"og:image:height\" content=\"800\" \/>\n\t<meta property=\"og:image:type\" content=\"image\/jpeg\" \/>\n<meta name=\"author\" content=\"adsmurai\" \/>\n<meta name=\"twitter:card\" content=\"summary_large_image\" \/>\n<meta name=\"twitter:label1\" content=\"Escrito por\" \/>\n\t<meta name=\"twitter:data1\" content=\"adsmurai\" \/>\n\t<meta name=\"twitter:label2\" content=\"Tiempo de lectura\" \/>\n\t<meta name=\"twitter:data2\" content=\"2 minutos\" \/>\n<script type=\"application\/ld+json\" class=\"yoast-schema-graph\">{\"@context\":\"https:\/\/schema.org\",\"@graph\":[{\"@type\":\"Article\",\"@id\":\"https:\/\/www.monlau.com\/fp\/2025\/09\/17\/formacion-profesional-en-barcelona-monlau-inicia-el-curso-con-nueva-estructura-en-las-areas-de-informatica-y-marketing-y-publicidad\/#article\",\"isPartOf\":{\"@id\":\"https:\/\/www.monlau.com\/fp\/2025\/09\/17\/formacion-profesional-en-barcelona-monlau-inicia-el-curso-con-nueva-estructura-en-las-areas-de-informatica-y-marketing-y-publicidad\/\"},\"author\":{\"name\":\"adsmurai\",\"@id\":\"https:\/\/www.monlau.com\/fp\/#\/schema\/person\/419cfdf054323e24e0a2ef1d8597f051\"},\"headline\":\"Formaci\u00f3n Profesional en Barcelona: Monlau inicia el curso con nueva estructura en las \u00e1reas de Inform\u00e1tica y Marketing y Publicidad\",\"datePublished\":\"2025-09-16T22:00:00+00:00\",\"dateModified\":\"2026-03-10T09:03:26+00:00\",\"mainEntityOfPage\":{\"@id\":\"https:\/\/www.monlau.com\/fp\/2025\/09\/17\/formacion-profesional-en-barcelona-monlau-inicia-el-curso-con-nueva-estructura-en-las-areas-de-informatica-y-marketing-y-publicidad\/\"},\"wordCount\":475,\"publisher\":{\"@id\":\"https:\/\/www.monlau.com\/fp\/#organization\"},\"image\":{\"@id\":\"https:\/\/www.monlau.com\/fp\/2025\/09\/17\/formacion-profesional-en-barcelona-monlau-inicia-el-curso-con-nueva-estructura-en-las-areas-de-informatica-y-marketing-y-publicidad\/#primaryimage\"},\"thumbnailUrl\":\"https:\/\/www.monlau.com\/app\/uploads\/sites\/3\/2026\/03\/Formacion-Profesional-en-Barcelona.jpg\",\"keywords\":[\"barcelona\",\"empresas\",\"formaci\u00f3n profesional\"],\"articleSection\":[\"Automoci\u00f3n\",\"Empresa y Marketing\",\"Especializaci\u00f3n\",\"Inform\u00e1tica\",\"Monlau\"],\"inLanguage\":\"es\"},{\"@type\":\"WebPage\",\"@id\":\"https:\/\/www.monlau.com\/fp\/2025\/09\/17\/formacion-profesional-en-barcelona-monlau-inicia-el-curso-con-nueva-estructura-en-las-areas-de-informatica-y-marketing-y-publicidad\/\",\"url\":\"https:\/\/www.monlau.com\/fp\/2025\/09\/17\/formacion-profesional-en-barcelona-monlau-inicia-el-curso-con-nueva-estructura-en-las-areas-de-informatica-y-marketing-y-publicidad\/\",\"name\":\"Formaci\u00f3n Profesional en Barcelona: Monlau inicia el curso con nueva estructura en las \u00e1reas de Inform\u00e1tica y Marketing y Publicidad - Formaci\u00f3n profesional\",\"isPartOf\":{\"@id\":\"https:\/\/www.monlau.com\/fp\/#website\"},\"primaryImageOfPage\":{\"@id\":\"https:\/\/www.monlau.com\/fp\/2025\/09\/17\/formacion-profesional-en-barcelona-monlau-inicia-el-curso-con-nueva-estructura-en-las-areas-de-informatica-y-marketing-y-publicidad\/#primaryimage\"},\"image\":{\"@id\":\"https:\/\/www.monlau.com\/fp\/2025\/09\/17\/formacion-profesional-en-barcelona-monlau-inicia-el-curso-con-nueva-estructura-en-las-areas-de-informatica-y-marketing-y-publicidad\/#primaryimage\"},\"thumbnailUrl\":\"https:\/\/www.monlau.com\/app\/uploads\/sites\/3\/2026\/03\/Formacion-Profesional-en-Barcelona.jpg\",\"datePublished\":\"2025-09-16T22:00:00+00:00\",\"dateModified\":\"2026-03-10T09:03:26+00:00\",\"breadcrumb\":{\"@id\":\"https:\/\/www.monlau.com\/fp\/2025\/09\/17\/formacion-profesional-en-barcelona-monlau-inicia-el-curso-con-nueva-estructura-en-las-areas-de-informatica-y-marketing-y-publicidad\/#breadcrumb\"},\"inLanguage\":\"es\",\"potentialAction\":[{\"@type\":\"ReadAction\",\"target\":[\"https:\/\/www.monlau.com\/fp\/2025\/09\/17\/formacion-profesional-en-barcelona-monlau-inicia-el-curso-con-nueva-estructura-en-las-areas-de-informatica-y-marketing-y-publicidad\/\"]}]},{\"@type\":\"ImageObject\",\"inLanguage\":\"es\",\"@id\":\"https:\/\/www.monlau.com\/fp\/2025\/09\/17\/formacion-profesional-en-barcelona-monlau-inicia-el-curso-con-nueva-estructura-en-las-areas-de-informatica-y-marketing-y-publicidad\/#primaryimage\",\"url\":\"https:\/\/www.monlau.com\/app\/uploads\/sites\/3\/2026\/03\/Formacion-Profesional-en-Barcelona.jpg\",\"contentUrl\":\"https:\/\/www.monlau.com\/app\/uploads\/sites\/3\/2026\/03\/Formacion-Profesional-en-Barcelona.jpg\",\"width\":1200,\"height\":800},{\"@type\":\"BreadcrumbList\",\"@id\":\"https:\/\/www.monlau.com\/fp\/2025\/09\/17\/formacion-profesional-en-barcelona-monlau-inicia-el-curso-con-nueva-estructura-en-las-areas-de-informatica-y-marketing-y-publicidad\/#breadcrumb\",\"itemListElement\":[{\"@type\":\"ListItem\",\"position\":1,\"name\":\"Portada\",\"item\":\"https:\/\/www.monlau.com\/fp\/\"},{\"@type\":\"ListItem\",\"position\":2,\"name\":\"Formaci\u00f3n Profesional en Barcelona: Monlau inicia el curso con nueva estructura en las \u00e1reas de Inform\u00e1tica y Marketing y Publicidad\"}]},{\"@type\":\"WebSite\",\"@id\":\"https:\/\/www.monlau.com\/fp\/#website\",\"url\":\"https:\/\/www.monlau.com\/fp\/\",\"name\":\"Formaci\u00f3n profesional\",\"description\":\"Monlau\",\"publisher\":{\"@id\":\"https:\/\/www.monlau.com\/fp\/#organization\"},\"potentialAction\":[{\"@type\":\"SearchAction\",\"target\":{\"@type\":\"EntryPoint\",\"urlTemplate\":\"https:\/\/www.monlau.com\/fp\/?s={search_term_string}\"},\"query-input\":{\"@type\":\"PropertyValueSpecification\",\"valueRequired\":true,\"valueName\":\"search_term_string\"}}],\"inLanguage\":\"es\"},{\"@type\":\"Organization\",\"@id\":\"https:\/\/www.monlau.com\/fp\/#organization\",\"name\":\"Formaci\u00f3n profesional\",\"url\":\"https:\/\/www.monlau.com\/fp\/\",\"logo\":{\"@type\":\"ImageObject\",\"inLanguage\":\"es\",\"@id\":\"https:\/\/www.monlau.com\/fp\/#\/schema\/logo\/image\/\",\"url\":\"https:\/\/www.monlau.com\/app\/uploads\/sites\/3\/2026\/01\/fp.png\",\"contentUrl\":\"https:\/\/www.monlau.com\/app\/uploads\/sites\/3\/2026\/01\/fp.png\",\"width\":1024,\"height\":878,\"caption\":\"Formaci\u00f3n profesional\"},\"image\":{\"@id\":\"https:\/\/www.monlau.com\/fp\/#\/schema\/logo\/image\/\"}},{\"@type\":\"Person\",\"@id\":\"https:\/\/www.monlau.com\/fp\/#\/schema\/person\/419cfdf054323e24e0a2ef1d8597f051\",\"name\":\"adsmurai\",\"image\":{\"@type\":\"ImageObject\",\"inLanguage\":\"es\",\"@id\":\"https:\/\/secure.gravatar.com\/avatar\/0748788578f91786454454fa3b4c295644edb991ad6caadc70b41d26790d38fc?s=96&d=mm&r=g\",\"url\":\"https:\/\/secure.gravatar.com\/avatar\/0748788578f91786454454fa3b4c295644edb991ad6caadc70b41d26790d38fc?s=96&d=mm&r=g\",\"contentUrl\":\"https:\/\/secure.gravatar.com\/avatar\/0748788578f91786454454fa3b4c295644edb991ad6caadc70b41d26790d38fc?s=96&d=mm&r=g\",\"caption\":\"adsmurai\"},\"sameAs\":[\"https:\/\/www.monlau.com\"],\"url\":\"https:\/\/www.monlau.com\/fp\/author\/adsmurai\/\"}]}<\/script>\n<!-- \/ Yoast SEO plugin. -->","yoast_head_json":{"title":"Formaci\u00f3n Profesional en Barcelona: Monlau inicia el curso con nueva estructura en las \u00e1reas de Inform\u00e1tica y Marketing y Publicidad - Formaci\u00f3n profesional","robots":{"index":"index","follow":"follow","max-snippet":"max-snippet:-1","max-image-preview":"max-image-preview:large","max-video-preview":"max-video-preview:-1"},"canonical":"https:\/\/www.monlau.com\/fp\/2025\/09\/17\/formacion-profesional-en-barcelona-monlau-inicia-el-curso-con-nueva-estructura-en-las-areas-de-informatica-y-marketing-y-publicidad\/","og_locale":"es_ES","og_type":"article","og_title":"Formaci\u00f3n Profesional en Barcelona: Monlau inicia el curso con nueva estructura en las \u00e1reas de Inform\u00e1tica y Marketing y Publicidad - Formaci\u00f3n profesional","og_description":"Monlau Sagrera, ubicado en Barcelona, ha iniciado el nuevo curso acad\u00e9mico con novedades importantes en su oferta de Formaci\u00f3n Profesional, especialmente en los ciclos de Inform\u00e1tica y Marketing y Publicidad. Con m\u00e1s de 40 a\u00f1os de experiencia en el \u00e1mbito educativo, Monlau Formaci\u00f3n Profesional refuerza su apuesta por una ense\u00f1anza de vanguardia, conectada con el [&hellip;]","og_url":"https:\/\/www.monlau.com\/fp\/2025\/09\/17\/formacion-profesional-en-barcelona-monlau-inicia-el-curso-con-nueva-estructura-en-las-areas-de-informatica-y-marketing-y-publicidad\/","og_site_name":"Formaci\u00f3n profesional","article_published_time":"2025-09-16T22:00:00+00:00","article_modified_time":"2026-03-10T09:03:26+00:00","og_image":[{"width":1200,"height":800,"url":"https:\/\/www.monlau.com\/app\/uploads\/sites\/3\/2026\/03\/Formacion-Profesional-en-Barcelona.jpg","type":"image\/jpeg"}],"author":"adsmurai","twitter_card":"summary_large_image","twitter_misc":{"Escrito por":"adsmurai","Tiempo de lectura":"2 minutos"},"schema":{"@context":"https:\/\/schema.org","@graph":[{"@type":"Article","@id":"https:\/\/www.monlau.com\/fp\/2025\/09\/17\/formacion-profesional-en-barcelona-monlau-inicia-el-curso-con-nueva-estructura-en-las-areas-de-informatica-y-marketing-y-publicidad\/#article","isPartOf":{"@id":"https:\/\/www.monlau.com\/fp\/2025\/09\/17\/formacion-profesional-en-barcelona-monlau-inicia-el-curso-con-nueva-estructura-en-las-areas-de-informatica-y-marketing-y-publicidad\/"},"author":{"name":"adsmurai","@id":"https:\/\/www.monlau.com\/fp\/#\/schema\/person\/419cfdf054323e24e0a2ef1d8597f051"},"headline":"Formaci\u00f3n Profesional en Barcelona: Monlau inicia el curso con nueva estructura en las \u00e1reas de Inform\u00e1tica y Marketing y Publicidad","datePublished":"2025-09-16T22:00:00+00:00","dateModified":"2026-03-10T09:03:26+00:00","mainEntityOfPage":{"@id":"https:\/\/www.monlau.com\/fp\/2025\/09\/17\/formacion-profesional-en-barcelona-monlau-inicia-el-curso-con-nueva-estructura-en-las-areas-de-informatica-y-marketing-y-publicidad\/"},"wordCount":475,"publisher":{"@id":"https:\/\/www.monlau.com\/fp\/#organization"},"image":{"@id":"https:\/\/www.monlau.com\/fp\/2025\/09\/17\/formacion-profesional-en-barcelona-monlau-inicia-el-curso-con-nueva-estructura-en-las-areas-de-informatica-y-marketing-y-publicidad\/#primaryimage"},"thumbnailUrl":"https:\/\/www.monlau.com\/app\/uploads\/sites\/3\/2026\/03\/Formacion-Profesional-en-Barcelona.jpg","keywords":["barcelona","empresas","formaci\u00f3n profesional"],"articleSection":["Automoci\u00f3n","Empresa y Marketing","Especializaci\u00f3n","Inform\u00e1tica","Monlau"],"inLanguage":"es"},{"@type":"WebPage","@id":"https:\/\/www.monlau.com\/fp\/2025\/09\/17\/formacion-profesional-en-barcelona-monlau-inicia-el-curso-con-nueva-estructura-en-las-areas-de-informatica-y-marketing-y-publicidad\/","url":"https:\/\/www.monlau.com\/fp\/2025\/09\/17\/formacion-profesional-en-barcelona-monlau-inicia-el-curso-con-nueva-estructura-en-las-areas-de-informatica-y-marketing-y-publicidad\/","name":"Formaci\u00f3n Profesional en Barcelona: Monlau inicia el curso con nueva estructura en las \u00e1reas de Inform\u00e1tica y Marketing y Publicidad - Formaci\u00f3n profesional","isPartOf":{"@id":"https:\/\/www.monlau.com\/fp\/#website"},"primaryImageOfPage":{"@id":"https:\/\/www.monlau.com\/fp\/2025\/09\/17\/formacion-profesional-en-barcelona-monlau-inicia-el-curso-con-nueva-estructura-en-las-areas-de-informatica-y-marketing-y-publicidad\/#primaryimage"},"image":{"@id":"https:\/\/www.monlau.com\/fp\/2025\/09\/17\/formacion-profesional-en-barcelona-monlau-inicia-el-curso-con-nueva-estructura-en-las-areas-de-informatica-y-marketing-y-publicidad\/#primaryimage"},"thumbnailUrl":"https:\/\/www.monlau.com\/app\/uploads\/sites\/3\/2026\/03\/Formacion-Profesional-en-Barcelona.jpg","datePublished":"2025-09-16T22:00:00+00:00","dateModified":"2026-03-10T09:03:26+00:00","breadcrumb":{"@id":"https:\/\/www.monlau.com\/fp\/2025\/09\/17\/formacion-profesional-en-barcelona-monlau-inicia-el-curso-con-nueva-estructura-en-las-areas-de-informatica-y-marketing-y-publicidad\/#breadcrumb"},"inLanguage":"es","potentialAction":[{"@type":"ReadAction","target":["https:\/\/www.monlau.com\/fp\/2025\/09\/17\/formacion-profesional-en-barcelona-monlau-inicia-el-curso-con-nueva-estructura-en-las-areas-de-informatica-y-marketing-y-publicidad\/"]}]},{"@type":"ImageObject","inLanguage":"es","@id":"https:\/\/www.monlau.com\/fp\/2025\/09\/17\/formacion-profesional-en-barcelona-monlau-inicia-el-curso-con-nueva-estructura-en-las-areas-de-informatica-y-marketing-y-publicidad\/#primaryimage","url":"https:\/\/www.monlau.com\/app\/uploads\/sites\/3\/2026\/03\/Formacion-Profesional-en-Barcelona.jpg","contentUrl":"https:\/\/www.monlau.com\/app\/uploads\/sites\/3\/2026\/03\/Formacion-Profesional-en-Barcelona.jpg","width":1200,"height":800},{"@type":"BreadcrumbList","@id":"https:\/\/www.monlau.com\/fp\/2025\/09\/17\/formacion-profesional-en-barcelona-monlau-inicia-el-curso-con-nueva-estructura-en-las-areas-de-informatica-y-marketing-y-publicidad\/#breadcrumb","itemListElement":[{"@type":"ListItem","position":1,"name":"Portada","item":"https:\/\/www.monlau.com\/fp\/"},{"@type":"ListItem","position":2,"name":"Formaci\u00f3n Profesional en Barcelona: Monlau inicia el curso con nueva estructura en las \u00e1reas de Inform\u00e1tica y Marketing y Publicidad"}]},{"@type":"WebSite","@id":"https:\/\/www.monlau.com\/fp\/#website","url":"https:\/\/www.monlau.com\/fp\/","name":"Formaci\u00f3n profesional","description":"Monlau","publisher":{"@id":"https:\/\/www.monlau.com\/fp\/#organization"},"potentialAction":[{"@type":"SearchAction","target":{"@type":"EntryPoint","urlTemplate":"https:\/\/www.monlau.com\/fp\/?s={search_term_string}"},"query-input":{"@type":"PropertyValueSpecification","valueRequired":true,"valueName":"search_term_string"}}],"inLanguage":"es"},{"@type":"Organization","@id":"https:\/\/www.monlau.com\/fp\/#organization","name":"Formaci\u00f3n profesional","url":"https:\/\/www.monlau.com\/fp\/","logo":{"@type":"ImageObject","inLanguage":"es","@id":"https:\/\/www.monlau.com\/fp\/#\/schema\/logo\/image\/","url":"https:\/\/www.monlau.com\/app\/uploads\/sites\/3\/2026\/01\/fp.png","contentUrl":"https:\/\/www.monlau.com\/app\/uploads\/sites\/3\/2026\/01\/fp.png","width":1024,"height":878,"caption":"Formaci\u00f3n profesional"},"image":{"@id":"https:\/\/www.monlau.com\/fp\/#\/schema\/logo\/image\/"}},{"@type":"Person","@id":"https:\/\/www.monlau.com\/fp\/#\/schema\/person\/419cfdf054323e24e0a2ef1d8597f051","name":"adsmurai","image":{"@type":"ImageObject","inLanguage":"es","@id":"https:\/\/secure.gravatar.com\/avatar\/0748788578f91786454454fa3b4c295644edb991ad6caadc70b41d26790d38fc?s=96&d=mm&r=g","url":"https:\/\/secure.gravatar.com\/avatar\/0748788578f91786454454fa3b4c295644edb991ad6caadc70b41d26790d38fc?s=96&d=mm&r=g","contentUrl":"https:\/\/secure.gravatar.com\/avatar\/0748788578f91786454454fa3b4c295644edb991ad6caadc70b41d26790d38fc?s=96&d=mm&r=g","caption":"adsmurai"},"sameAs":["https:\/\/www.monlau.com"],"url":"https:\/\/www.monlau.com\/fp\/author\/adsmurai\/"}]}},"_links":{"self":[{"href":"https:\/\/www.monlau.com\/fp\/wp-json\/wp\/v2\/posts\/6028","targetHints":{"allow":["GET"]}}],"collection":[{"href":"https:\/\/www.monlau.com\/fp\/wp-json\/wp\/v2\/posts"}],"about":[{"href":"https:\/\/www.monlau.com\/fp\/wp-json\/wp\/v2\/types\/post"}],"author":[{"embeddable":true,"href":"https:\/\/www.monlau.com\/fp\/wp-json\/wp\/v2\/users\/1"}],"replies":[{"embeddable":true,"href":"https:\/\/www.monlau.com\/fp\/wp-json\/wp\/v2\/comments?post=6028"}],"version-history":[{"count":1,"href":"https:\/\/www.monlau.com\/fp\/wp-json\/wp\/v2\/posts\/6028\/revisions"}],"predecessor-version":[{"id":6326,"href":"https:\/\/www.monlau.com\/fp\/wp-json\/wp\/v2\/posts\/6028\/revisions\/6326"}],"wp:featuredmedia":[{"embeddable":true,"href":"https:\/\/www.monlau.com\/fp\/wp-json\/wp\/v2\/media\/3802"}],"wp:attachment":[{"href":"https:\/\/www.monlau.com\/fp\/wp-json\/wp\/v2\/media?parent=6028"}],"wp:term":[{"taxonomy":"category","embeddable":true,"href":"https:\/\/www.monlau.com\/fp\/wp-json\/wp\/v2\/categories?post=6028"},{"taxonomy":"post_tag","embeddable":true,"href":"https:\/\/www.monlau.com\/fp\/wp-json\/wp\/v2\/tags?post=6028"}],"curies":[{"name":"wp","href":"https:\/\/api.w.org\/{rel}","templated":true}]}}