{"id":6027,"date":"2025-09-03T00:00:00","date_gmt":"2025-09-02T22:00:00","guid":{"rendered":"https:\/\/www.monlau.com\/formacion-profesional\/novedades-en-la-fp-de-automocion-en-barcelona-descubre-los-nuevos-modulos-optativos-2025-de-monlau\/"},"modified":"2026-03-10T10:03:26","modified_gmt":"2026-03-10T09:03:26","slug":"novedades-en-la-fp-de-automocion-en-barcelona-descubre-los-nuevos-modulos-optativos-2025-de-monlau","status":"publish","type":"post","link":"https:\/\/www.monlau.com\/fp\/2025\/09\/03\/novedades-en-la-fp-de-automocion-en-barcelona-descubre-los-nuevos-modulos-optativos-2025-de-monlau\/","title":{"rendered":"Novedades en la FP de Automoci\u00f3n en Barcelona: descubre los nuevos m\u00f3dulos optativos 2025 de Monlau"},"content":{"rendered":"<p data-olk-copy-source=\"MessageBody\">La Formaci\u00f3n Profesional en <a href=\"https:\/\/www.monlau.com\/formacio-professional\/area-automocion\/\">Automoci\u00f3n<\/a> est\u00e1 viviendo una aut\u00e9ntica revoluci\u00f3n. A partir de la entrada en vigor de la nueva ley de FP, los ciclos formativos incorporan m\u00f3dulos optativos especializados que permiten a los estudiantes profundizar en \u00e1reas clave del sector de la movilidad y la reparaci\u00f3n.<\/p>\n<p>En Monlau Formaci\u00f3n Profesional, centro de referencia en <a href=\"https:\/\/www.monlau.com\/formacio-professional\/project\/grado-superior-automocion\/\">FP Automoci\u00f3n en Barcelona<\/a>, hemos actualizado nuestra oferta formativa para adaptarnos a las necesidades reales de los talleres, concesionarios, aseguradoras y fabricantes. A partir de este curso, nuestros alumnos podr\u00e1n acceder a materias optativas innovadoras que abren la puerta a nuevas oportunidades laborales.<\/p>\n<p>A continuaci\u00f3n, te explicamos todas las novedades para el curso 2025-2026.<\/p>\n<p data-olk-copy-source=\"MessageBody\">Hasta ahora, los ciclos de FP en Automoci\u00f3n contaban con un curr\u00edculo com\u00fan para todo el sector educativo. Sin embargo, con la nueva ley, se introducen m\u00f3dulos optativos que permiten a cada centro de FP elegir asignaturas espec\u00edficas que permitan a que sus alumnos est\u00e9n m\u00e1s preparados, en funci\u00f3n de las necesidades que determinen.\u00a0\u00a0<\/p>\n<p>En nuestro centro hemos apostado por m\u00f3dulos que reflejan la transformaci\u00f3n tecnol\u00f3gica del sector, adapt\u00e1ndonos a la Industria 4.0. Y, en este sentido, vamos a impartir materias que van desde la movilidad el\u00e9ctrica en motos, hasta la inteligencia artificial aplicada a la postventa, pasando por la peritaci\u00f3n digital de da\u00f1os o la producci\u00f3n aditiva (impresi\u00f3n 3D). Tambi\u00e9n digitalizaci\u00f3n de piezas, prototipado, etc.\u00a0<\/p>\n<p>Esta novedad no solo mejora la experiencia acad\u00e9mica, sino que tambi\u00e9n acerca la FP al mercado laboral, ofreciendo perfiles m\u00e1s especializados y preparados para afrontar los retos de la automoci\u00f3n actual.<\/p>\n<p><span data-olk-copy-source=\"MessageBody\">A continuaci\u00f3n, te presentamos los m\u00f3dulos optativos m\u00e1s destacados que se incorporan este curso en nuestros ciclos de Grado Medio y Grado Superior en Automoci\u00f3n:<\/span><\/p>\n<h3 data-start=\"100\" data-end=\"154\">Grado Medio Electromec\u00e1nica de Coches (1r curso)<\/h3>\n<ul>\n<li data-start=\"155\" data-end=\"610\"><strong data-start=\"155\" data-end=\"198\">66h. Aplicaciones de gesti\u00f3n de Taller.<\/strong><br data-start=\"198\" data-end=\"201\" \/>Este m\u00f3dulo introduce al alumnado en el uso de programas inform\u00e1ticos de gesti\u00f3n propios de los talleres mec\u00e1nicos. Se trabajan aspectos como la planificaci\u00f3n de reparaciones, la gesti\u00f3n de presupuestos, el control de stock de piezas y la atenci\u00f3n al cliente. El objetivo es dotar a los estudiantes de competencias digitales para optimizar la organizaci\u00f3n del taller y mejorar la eficiencia en los procesos.<\/li>\n<\/ul>\n<h3 data-start=\"100\" data-end=\"154\"><span style=\"font-size: 22px;\">Grado Medio Carrocer\u00edas (1r curso)<\/span><\/h3>\n<ul>\n<li data-start=\"658\" data-end=\"1094\"><strong data-start=\"658\" data-end=\"704\">66h. Reparaci\u00f3n con materiales compuestos.<\/strong><br data-start=\"704\" data-end=\"707\" \/>Este m\u00f3dulo se centra en la reparaci\u00f3n de carrocer\u00edas utilizando materiales compuestos como fibra de vidrio, carbono y resinas. Se estudian las propiedades de estos materiales, as\u00ed como las t\u00e9cnicas de reparaci\u00f3n, lijado, encolado y acabado. El alumnado adquiere habilidades pr\u00e1cticas para realizar reparaciones modernas y sostenibles, muy demandadas en la industria automotriz actual.<\/li>\n<\/ul>\n<h3><a href=\"https:\/\/www.monlau.com\/formacio-professional\/project\/grado-medio-electromecanica-vehiculos-motocicletas\/\"><span data-olk-copy-source=\"MessageBody\">Grado Medio Electromec\u00e1nica de Motos (2\u00ba curso)<\/span><\/a><\/h3>\n<ul type=\"disc\">\n<li data-olk-copy-source=\"MessageBody\"><strong>99h<\/strong>. <strong>Movilidad el\u00e9ctrica en veh\u00edculos de dos ruedas de baja tensi\u00f3n.<\/strong><br \/>La moto el\u00e9ctrica es una realidad creciente en las ciudades. De hecho, este m\u00f3dulo prepara a los estudiantes en el mantenimiento y reparaci\u00f3n de scooters y motocicletas el\u00e9ctricas, un campo en plena expansi\u00f3n en Barcelona.<\/li>\n<\/ul>\n<h3><a href=\"https:\/\/www.monlau.com\/formacio-professional\/project\/grado-medio-carroceria\/\"><span data-olk-copy-source=\"MessageBody\">Grado Medio de Carrocer\u00eda (2\u00ba curso)<\/span><\/a><\/h3>\n<ul type=\"disc\">\n<li data-olk-copy-source=\"MessageBody\"><strong>33h. Peritaci\u00f3n y valoraci\u00f3n de da\u00f1os.<\/strong><br \/>Asignatura clave para aprender a evaluar da\u00f1os en veh\u00edculos, realizar presupuestos y gestionar la relaci\u00f3n con aseguradoras, una de las salidas laborales m\u00e1s demandadas.<\/li>\n<\/ul>\n<h3><a href=\"https:\/\/www.monlau.com\/formacio-professional\/project\/grado-superior-automocion\/\"><span data-olk-copy-source=\"MessageBody\">Grado Superior de Automoci\u00f3n (2\u00ba curso)<\/span><\/a><\/h3>\n<ul type=\"disc\">\n<li data-olk-copy-source=\"MessageBody\"><strong>66h. Producci\u00f3n aditiva.<\/strong><br \/>Conocida como impresi\u00f3n 3D aplicada al sector automovil\u00edstico, esta materia abre la puerta a nuevas formas de fabricar piezas y prototipos en talleres y empresas de automoci\u00f3n.<\/li>\n<li><strong>33h. Procesos de uni\u00f3n y fabricaci\u00f3n mec\u00e1nica.<\/strong><br \/>Un m\u00f3dulo enfocado en la innovaci\u00f3n en procesos industriales, uni\u00f3n de materiales y fabricaci\u00f3n avanzada.<\/li>\n<\/ul>\n<p aria-hidden=\"true\"><span data-olk-copy-source=\"MessageBody\"><\/span><\/p>\n<p data-olk-copy-source=\"MessageBody\">El sector de la automoci\u00f3n est\u00e1 inmerso en un cambio muy importante. En consecuencia, la electrificaci\u00f3n de veh\u00edculos, la llegada de la inteligencia artificial, el auge de la fabricaci\u00f3n digital y la digitalizaci\u00f3n de procesos en talleres y concesionarios est\u00e1n cambiando las reglas del juego.<\/p>\n<p>Con estos m\u00f3dulos optativos, los estudiantes podr\u00e1n:<\/p>\n<ul type=\"disc\">\n<li>Especializarse en movilidad el\u00e9ctrica (coches y motos).<\/li>\n<li>Adem\u00e1s, podr\u00e1n adquirir competencias en digitalizaci\u00f3n y gesti\u00f3n inteligente de talleres.<\/li>\n<li>Por otro lado, tendr\u00e1n la posibilidad de formarse en tecnolog\u00edas punteras como la impresi\u00f3n 3D.<\/li>\n<li>De este modo, ampliar\u00e1n sus oportunidades en sectores vinculados como la peritaci\u00f3n de desperfectos.<\/li>\n<\/ul>\n<p>En resumen, la FP de Automoci\u00f3n en Barcelona ya no solo prepara para ser mec\u00e1nico o carrocero, sino tambi\u00e9n para desempe\u00f1ar nuevas profesiones tecnol\u00f3gicas dentro de la movilidad.<\/p>\n<p aria-hidden=\"true\">\n<p data-olk-copy-source=\"MessageBody\">Uno de los grandes atractivos de estudiar en Monlau es que nuestros ciclos est\u00e1n dise\u00f1ados en colaboraci\u00f3n con empresas del sector automovil\u00edstico. Esto asegura que los contenidos est\u00e9n alineados con lo que demanda el mercado laboral.<\/p>\n<p>Con la introducci\u00f3n de los nuevos m\u00f3dulos optativos, las salidas laborales se ampl\u00edan:<\/p>\n<ul type=\"disc\">\n<li>T\u00e9cnico en movilidad el\u00e9ctrica (motos y coches).<\/li>\n<li>Especialista en IA aplicada al sector automoci\u00f3n.<\/li>\n<li>Perito de veh\u00edculos y valorador de da\u00f1os.<\/li>\n<li>T\u00e9cnico en escaneado, digitalizaci\u00f3n de piezas y prototipado mediante impresi\u00f3n 3D.<\/li>\n<li>Responsable de postventa y gesti\u00f3n de taller digital.<\/li>\n<\/ul>\n<p>En una ciudad como Barcelona, con gran proyecci\u00f3n en innovaci\u00f3n, movilidad sostenible y digitalizaci\u00f3n, estas especialidades tienen un enorme potencial.<\/p>\n<p data-olk-copy-source=\"MessageBody\">En Monlau Formaci\u00f3n Profesional llevamos m\u00e1s de 40 a\u00f1os formando a futuros profesionales de la automoci\u00f3n. Por este motivo, nuestro compromiso con la excelencia acad\u00e9mica y la innovaci\u00f3n nos convierte en un centro de referencia en FP Automoci\u00f3n en Barcelona.<\/p>\n<p>Ofrecemos:<\/p>\n<ul>\n<li><span data-olk-copy-source=\"MessageBody\">Instalaciones modernas y talleres totalmente equipados.<\/span><\/li>\n<li><span data-olk-copy-source=\"MessageBody\">Profesorado con experiencia real en el sector.<\/span><\/li>\n<li><span data-olk-copy-source=\"MessageBody\">Colaboraci\u00f3n con empresas l\u00edderes para realizar pr\u00e1cticas y fomentar la inserci\u00f3n laboral.<\/span><\/li>\n<li><span data-olk-copy-source=\"MessageBody\">Itinerarios flexibles con nuevos m\u00f3dulos optativos para adaptarse al futuro de la automoci\u00f3n.<\/span><\/li>\n<\/ul>\n<p><span data-olk-copy-source=\"MessageBody\">La nueva ley de FP trae consigo una <\/span><span style=\"font-size: 16px;\">formaci\u00f3n\u00a0 actualizada y conectada con la realidad del mercado. En Monlau Formaci\u00f3n Profesional apostamos por integrar estos m\u00f3dulos optativos en Automoci\u00f3n en Barcelona para que nuestros alumnos se conviertan en profesionales preparados para liderar el cambio en el sector.<\/span><\/p>\n<p><span data-olk-copy-source=\"MessageBody\">Si quieres formarte en un <a href=\"https:\/\/www.monlau.com\/formacio-professional\/area-automocion\/\">Grado Medio o Grado Superior de Automoci\u00f3n en Barcelona<\/a>, con contenidos adaptados al futuro de la movilidad, te invitamos a conocer la oferta formativa de Monlau y dar el siguiente paso en tu carrera profesional.<\/span><span data-olk-copy-source=\"MessageBody\"><\/span><\/p>\n","protected":false},"excerpt":{"rendered":"<p>La Formaci\u00f3n Profesional en Automoci\u00f3n est\u00e1 viviendo una aut\u00e9ntica revoluci\u00f3n. A partir de la entrada en vigor de la nueva ley de FP, los ciclos formativos incorporan m\u00f3dulos optativos especializados que permiten a los estudiantes profundizar en \u00e1reas clave del sector de la movilidad y la reparaci\u00f3n. En Monlau Formaci\u00f3n Profesional, centro de referencia en [&hellip;]<\/p>\n","protected":false},"author":1,"featured_media":3800,"comment_status":"closed","ping_status":"closed","sticky":false,"template":"","format":"standard","meta":{"footnotes":""},"categories":[36,220],"tags":[166,96,49],"class_list":["post-6027","post","type-post","status-publish","format-standard","has-post-thumbnail","hentry","category-automocion","category-especializacion","tag-barcelona","tag-empresas","tag-formacion-profesional"],"yoast_head":"<!-- This site is optimized with the Yoast SEO plugin v27.2 - https:\/\/yoast.com\/product\/yoast-seo-wordpress\/ -->\n<title>Novedades en la FP de Automoci\u00f3n en Barcelona: descubre los nuevos m\u00f3dulos optativos 2025 de Monlau - Formaci\u00f3n profesional<\/title>\n<meta name=\"robots\" content=\"index, follow, max-snippet:-1, max-image-preview:large, max-video-preview:-1\" \/>\n<link rel=\"canonical\" href=\"https:\/\/www.monlau.com\/fp\/2025\/09\/03\/novedades-en-la-fp-de-automocion-en-barcelona-descubre-los-nuevos-modulos-optativos-2025-de-monlau\/\" \/>\n<meta property=\"og:locale\" content=\"es_ES\" \/>\n<meta property=\"og:type\" content=\"article\" \/>\n<meta property=\"og:title\" content=\"Novedades en la FP de Automoci\u00f3n en Barcelona: descubre los nuevos m\u00f3dulos optativos 2025 de Monlau - Formaci\u00f3n profesional\" \/>\n<meta property=\"og:description\" content=\"La Formaci\u00f3n Profesional en Automoci\u00f3n est\u00e1 viviendo una aut\u00e9ntica revoluci\u00f3n. A partir de la entrada en vigor de la nueva ley de FP, los ciclos formativos incorporan m\u00f3dulos optativos especializados que permiten a los estudiantes profundizar en \u00e1reas clave del sector de la movilidad y la reparaci\u00f3n. En Monlau Formaci\u00f3n Profesional, centro de referencia en [&hellip;]\" \/>\n<meta property=\"og:url\" content=\"https:\/\/www.monlau.com\/fp\/2025\/09\/03\/novedades-en-la-fp-de-automocion-en-barcelona-descubre-los-nuevos-modulos-optativos-2025-de-monlau\/\" \/>\n<meta property=\"og:site_name\" content=\"Formaci\u00f3n profesional\" \/>\n<meta property=\"article:published_time\" content=\"2025-09-02T22:00:00+00:00\" \/>\n<meta property=\"article:modified_time\" content=\"2026-03-10T09:03:26+00:00\" \/>\n<meta property=\"og:image\" content=\"https:\/\/www.monlau.com\/app\/uploads\/sites\/3\/2026\/03\/Novedades-en-la-FP-de-Automocion-en-Barcelona-descubre-los-nuevos-modulos-optativos-2025-de-Monlau.jpg\" \/>\n\t<meta property=\"og:image:width\" content=\"1100\" \/>\n\t<meta property=\"og:image:height\" content=\"825\" \/>\n\t<meta property=\"og:image:type\" content=\"image\/jpeg\" \/>\n<meta name=\"author\" content=\"adsmurai\" \/>\n<meta name=\"twitter:card\" content=\"summary_large_image\" \/>\n<meta name=\"twitter:label1\" content=\"Escrito por\" \/>\n\t<meta name=\"twitter:data1\" content=\"adsmurai\" \/>\n\t<meta name=\"twitter:label2\" content=\"Tiempo de lectura\" \/>\n\t<meta name=\"twitter:data2\" content=\"6 minutos\" \/>\n<script type=\"application\/ld+json\" class=\"yoast-schema-graph\">{\"@context\":\"https:\/\/schema.org\",\"@graph\":[{\"@type\":\"Article\",\"@id\":\"https:\/\/www.monlau.com\/fp\/2025\/09\/03\/novedades-en-la-fp-de-automocion-en-barcelona-descubre-los-nuevos-modulos-optativos-2025-de-monlau\/#article\",\"isPartOf\":{\"@id\":\"https:\/\/www.monlau.com\/fp\/2025\/09\/03\/novedades-en-la-fp-de-automocion-en-barcelona-descubre-los-nuevos-modulos-optativos-2025-de-monlau\/\"},\"author\":{\"name\":\"adsmurai\",\"@id\":\"https:\/\/www.monlau.com\/fp\/#\/schema\/person\/419cfdf054323e24e0a2ef1d8597f051\"},\"headline\":\"Novedades en la FP de Automoci\u00f3n en Barcelona: descubre los nuevos m\u00f3dulos optativos 2025 de Monlau\",\"datePublished\":\"2025-09-02T22:00:00+00:00\",\"dateModified\":\"2026-03-10T09:03:26+00:00\",\"mainEntityOfPage\":{\"@id\":\"https:\/\/www.monlau.com\/fp\/2025\/09\/03\/novedades-en-la-fp-de-automocion-en-barcelona-descubre-los-nuevos-modulos-optativos-2025-de-monlau\/\"},\"wordCount\":1128,\"publisher\":{\"@id\":\"https:\/\/www.monlau.com\/fp\/#organization\"},\"image\":{\"@id\":\"https:\/\/www.monlau.com\/fp\/2025\/09\/03\/novedades-en-la-fp-de-automocion-en-barcelona-descubre-los-nuevos-modulos-optativos-2025-de-monlau\/#primaryimage\"},\"thumbnailUrl\":\"https:\/\/www.monlau.com\/app\/uploads\/sites\/3\/2026\/03\/Novedades-en-la-FP-de-Automocion-en-Barcelona-descubre-los-nuevos-modulos-optativos-2025-de-Monlau.jpg\",\"keywords\":[\"barcelona\",\"empresas\",\"formaci\u00f3n profesional\"],\"articleSection\":[\"Automoci\u00f3n\",\"Especializaci\u00f3n\"],\"inLanguage\":\"es\"},{\"@type\":\"WebPage\",\"@id\":\"https:\/\/www.monlau.com\/fp\/2025\/09\/03\/novedades-en-la-fp-de-automocion-en-barcelona-descubre-los-nuevos-modulos-optativos-2025-de-monlau\/\",\"url\":\"https:\/\/www.monlau.com\/fp\/2025\/09\/03\/novedades-en-la-fp-de-automocion-en-barcelona-descubre-los-nuevos-modulos-optativos-2025-de-monlau\/\",\"name\":\"Novedades en la FP de Automoci\u00f3n en Barcelona: descubre los nuevos m\u00f3dulos optativos 2025 de Monlau - Formaci\u00f3n profesional\",\"isPartOf\":{\"@id\":\"https:\/\/www.monlau.com\/fp\/#website\"},\"primaryImageOfPage\":{\"@id\":\"https:\/\/www.monlau.com\/fp\/2025\/09\/03\/novedades-en-la-fp-de-automocion-en-barcelona-descubre-los-nuevos-modulos-optativos-2025-de-monlau\/#primaryimage\"},\"image\":{\"@id\":\"https:\/\/www.monlau.com\/fp\/2025\/09\/03\/novedades-en-la-fp-de-automocion-en-barcelona-descubre-los-nuevos-modulos-optativos-2025-de-monlau\/#primaryimage\"},\"thumbnailUrl\":\"https:\/\/www.monlau.com\/app\/uploads\/sites\/3\/2026\/03\/Novedades-en-la-FP-de-Automocion-en-Barcelona-descubre-los-nuevos-modulos-optativos-2025-de-Monlau.jpg\",\"datePublished\":\"2025-09-02T22:00:00+00:00\",\"dateModified\":\"2026-03-10T09:03:26+00:00\",\"breadcrumb\":{\"@id\":\"https:\/\/www.monlau.com\/fp\/2025\/09\/03\/novedades-en-la-fp-de-automocion-en-barcelona-descubre-los-nuevos-modulos-optativos-2025-de-monlau\/#breadcrumb\"},\"inLanguage\":\"es\",\"potentialAction\":[{\"@type\":\"ReadAction\",\"target\":[\"https:\/\/www.monlau.com\/fp\/2025\/09\/03\/novedades-en-la-fp-de-automocion-en-barcelona-descubre-los-nuevos-modulos-optativos-2025-de-monlau\/\"]}]},{\"@type\":\"ImageObject\",\"inLanguage\":\"es\",\"@id\":\"https:\/\/www.monlau.com\/fp\/2025\/09\/03\/novedades-en-la-fp-de-automocion-en-barcelona-descubre-los-nuevos-modulos-optativos-2025-de-monlau\/#primaryimage\",\"url\":\"https:\/\/www.monlau.com\/app\/uploads\/sites\/3\/2026\/03\/Novedades-en-la-FP-de-Automocion-en-Barcelona-descubre-los-nuevos-modulos-optativos-2025-de-Monlau.jpg\",\"contentUrl\":\"https:\/\/www.monlau.com\/app\/uploads\/sites\/3\/2026\/03\/Novedades-en-la-FP-de-Automocion-en-Barcelona-descubre-los-nuevos-modulos-optativos-2025-de-Monlau.jpg\",\"width\":1100,\"height\":825},{\"@type\":\"BreadcrumbList\",\"@id\":\"https:\/\/www.monlau.com\/fp\/2025\/09\/03\/novedades-en-la-fp-de-automocion-en-barcelona-descubre-los-nuevos-modulos-optativos-2025-de-monlau\/#breadcrumb\",\"itemListElement\":[{\"@type\":\"ListItem\",\"position\":1,\"name\":\"Portada\",\"item\":\"https:\/\/www.monlau.com\/fp\/\"},{\"@type\":\"ListItem\",\"position\":2,\"name\":\"Novedades en la FP de Automoci\u00f3n en Barcelona: descubre los nuevos m\u00f3dulos optativos 2025 de Monlau\"}]},{\"@type\":\"WebSite\",\"@id\":\"https:\/\/www.monlau.com\/fp\/#website\",\"url\":\"https:\/\/www.monlau.com\/fp\/\",\"name\":\"Formaci\u00f3n profesional\",\"description\":\"Monlau\",\"publisher\":{\"@id\":\"https:\/\/www.monlau.com\/fp\/#organization\"},\"potentialAction\":[{\"@type\":\"SearchAction\",\"target\":{\"@type\":\"EntryPoint\",\"urlTemplate\":\"https:\/\/www.monlau.com\/fp\/?s={search_term_string}\"},\"query-input\":{\"@type\":\"PropertyValueSpecification\",\"valueRequired\":true,\"valueName\":\"search_term_string\"}}],\"inLanguage\":\"es\"},{\"@type\":\"Organization\",\"@id\":\"https:\/\/www.monlau.com\/fp\/#organization\",\"name\":\"Formaci\u00f3n profesional\",\"url\":\"https:\/\/www.monlau.com\/fp\/\",\"logo\":{\"@type\":\"ImageObject\",\"inLanguage\":\"es\",\"@id\":\"https:\/\/www.monlau.com\/fp\/#\/schema\/logo\/image\/\",\"url\":\"https:\/\/www.monlau.com\/app\/uploads\/sites\/3\/2026\/01\/fp.png\",\"contentUrl\":\"https:\/\/www.monlau.com\/app\/uploads\/sites\/3\/2026\/01\/fp.png\",\"width\":1024,\"height\":878,\"caption\":\"Formaci\u00f3n profesional\"},\"image\":{\"@id\":\"https:\/\/www.monlau.com\/fp\/#\/schema\/logo\/image\/\"}},{\"@type\":\"Person\",\"@id\":\"https:\/\/www.monlau.com\/fp\/#\/schema\/person\/419cfdf054323e24e0a2ef1d8597f051\",\"name\":\"adsmurai\",\"image\":{\"@type\":\"ImageObject\",\"inLanguage\":\"es\",\"@id\":\"https:\/\/secure.gravatar.com\/avatar\/0748788578f91786454454fa3b4c295644edb991ad6caadc70b41d26790d38fc?s=96&d=mm&r=g\",\"url\":\"https:\/\/secure.gravatar.com\/avatar\/0748788578f91786454454fa3b4c295644edb991ad6caadc70b41d26790d38fc?s=96&d=mm&r=g\",\"contentUrl\":\"https:\/\/secure.gravatar.com\/avatar\/0748788578f91786454454fa3b4c295644edb991ad6caadc70b41d26790d38fc?s=96&d=mm&r=g\",\"caption\":\"adsmurai\"},\"sameAs\":[\"https:\/\/www.monlau.com\"],\"url\":\"https:\/\/www.monlau.com\/fp\/author\/adsmurai\/\"}]}<\/script>\n<!-- \/ Yoast SEO plugin. -->","yoast_head_json":{"title":"Novedades en la FP de Automoci\u00f3n en Barcelona: descubre los nuevos m\u00f3dulos optativos 2025 de Monlau - Formaci\u00f3n profesional","robots":{"index":"index","follow":"follow","max-snippet":"max-snippet:-1","max-image-preview":"max-image-preview:large","max-video-preview":"max-video-preview:-1"},"canonical":"https:\/\/www.monlau.com\/fp\/2025\/09\/03\/novedades-en-la-fp-de-automocion-en-barcelona-descubre-los-nuevos-modulos-optativos-2025-de-monlau\/","og_locale":"es_ES","og_type":"article","og_title":"Novedades en la FP de Automoci\u00f3n en Barcelona: descubre los nuevos m\u00f3dulos optativos 2025 de Monlau - Formaci\u00f3n profesional","og_description":"La Formaci\u00f3n Profesional en Automoci\u00f3n est\u00e1 viviendo una aut\u00e9ntica revoluci\u00f3n. A partir de la entrada en vigor de la nueva ley de FP, los ciclos formativos incorporan m\u00f3dulos optativos especializados que permiten a los estudiantes profundizar en \u00e1reas clave del sector de la movilidad y la reparaci\u00f3n. En Monlau Formaci\u00f3n Profesional, centro de referencia en [&hellip;]","og_url":"https:\/\/www.monlau.com\/fp\/2025\/09\/03\/novedades-en-la-fp-de-automocion-en-barcelona-descubre-los-nuevos-modulos-optativos-2025-de-monlau\/","og_site_name":"Formaci\u00f3n profesional","article_published_time":"2025-09-02T22:00:00+00:00","article_modified_time":"2026-03-10T09:03:26+00:00","og_image":[{"width":1100,"height":825,"url":"https:\/\/www.monlau.com\/app\/uploads\/sites\/3\/2026\/03\/Novedades-en-la-FP-de-Automocion-en-Barcelona-descubre-los-nuevos-modulos-optativos-2025-de-Monlau.jpg","type":"image\/jpeg"}],"author":"adsmurai","twitter_card":"summary_large_image","twitter_misc":{"Escrito por":"adsmurai","Tiempo de lectura":"6 minutos"},"schema":{"@context":"https:\/\/schema.org","@graph":[{"@type":"Article","@id":"https:\/\/www.monlau.com\/fp\/2025\/09\/03\/novedades-en-la-fp-de-automocion-en-barcelona-descubre-los-nuevos-modulos-optativos-2025-de-monlau\/#article","isPartOf":{"@id":"https:\/\/www.monlau.com\/fp\/2025\/09\/03\/novedades-en-la-fp-de-automocion-en-barcelona-descubre-los-nuevos-modulos-optativos-2025-de-monlau\/"},"author":{"name":"adsmurai","@id":"https:\/\/www.monlau.com\/fp\/#\/schema\/person\/419cfdf054323e24e0a2ef1d8597f051"},"headline":"Novedades en la FP de Automoci\u00f3n en Barcelona: descubre los nuevos m\u00f3dulos optativos 2025 de Monlau","datePublished":"2025-09-02T22:00:00+00:00","dateModified":"2026-03-10T09:03:26+00:00","mainEntityOfPage":{"@id":"https:\/\/www.monlau.com\/fp\/2025\/09\/03\/novedades-en-la-fp-de-automocion-en-barcelona-descubre-los-nuevos-modulos-optativos-2025-de-monlau\/"},"wordCount":1128,"publisher":{"@id":"https:\/\/www.monlau.com\/fp\/#organization"},"image":{"@id":"https:\/\/www.monlau.com\/fp\/2025\/09\/03\/novedades-en-la-fp-de-automocion-en-barcelona-descubre-los-nuevos-modulos-optativos-2025-de-monlau\/#primaryimage"},"thumbnailUrl":"https:\/\/www.monlau.com\/app\/uploads\/sites\/3\/2026\/03\/Novedades-en-la-FP-de-Automocion-en-Barcelona-descubre-los-nuevos-modulos-optativos-2025-de-Monlau.jpg","keywords":["barcelona","empresas","formaci\u00f3n profesional"],"articleSection":["Automoci\u00f3n","Especializaci\u00f3n"],"inLanguage":"es"},{"@type":"WebPage","@id":"https:\/\/www.monlau.com\/fp\/2025\/09\/03\/novedades-en-la-fp-de-automocion-en-barcelona-descubre-los-nuevos-modulos-optativos-2025-de-monlau\/","url":"https:\/\/www.monlau.com\/fp\/2025\/09\/03\/novedades-en-la-fp-de-automocion-en-barcelona-descubre-los-nuevos-modulos-optativos-2025-de-monlau\/","name":"Novedades en la FP de Automoci\u00f3n en Barcelona: descubre los nuevos m\u00f3dulos optativos 2025 de Monlau - Formaci\u00f3n profesional","isPartOf":{"@id":"https:\/\/www.monlau.com\/fp\/#website"},"primaryImageOfPage":{"@id":"https:\/\/www.monlau.com\/fp\/2025\/09\/03\/novedades-en-la-fp-de-automocion-en-barcelona-descubre-los-nuevos-modulos-optativos-2025-de-monlau\/#primaryimage"},"image":{"@id":"https:\/\/www.monlau.com\/fp\/2025\/09\/03\/novedades-en-la-fp-de-automocion-en-barcelona-descubre-los-nuevos-modulos-optativos-2025-de-monlau\/#primaryimage"},"thumbnailUrl":"https:\/\/www.monlau.com\/app\/uploads\/sites\/3\/2026\/03\/Novedades-en-la-FP-de-Automocion-en-Barcelona-descubre-los-nuevos-modulos-optativos-2025-de-Monlau.jpg","datePublished":"2025-09-02T22:00:00+00:00","dateModified":"2026-03-10T09:03:26+00:00","breadcrumb":{"@id":"https:\/\/www.monlau.com\/fp\/2025\/09\/03\/novedades-en-la-fp-de-automocion-en-barcelona-descubre-los-nuevos-modulos-optativos-2025-de-monlau\/#breadcrumb"},"inLanguage":"es","potentialAction":[{"@type":"ReadAction","target":["https:\/\/www.monlau.com\/fp\/2025\/09\/03\/novedades-en-la-fp-de-automocion-en-barcelona-descubre-los-nuevos-modulos-optativos-2025-de-monlau\/"]}]},{"@type":"ImageObject","inLanguage":"es","@id":"https:\/\/www.monlau.com\/fp\/2025\/09\/03\/novedades-en-la-fp-de-automocion-en-barcelona-descubre-los-nuevos-modulos-optativos-2025-de-monlau\/#primaryimage","url":"https:\/\/www.monlau.com\/app\/uploads\/sites\/3\/2026\/03\/Novedades-en-la-FP-de-Automocion-en-Barcelona-descubre-los-nuevos-modulos-optativos-2025-de-Monlau.jpg","contentUrl":"https:\/\/www.monlau.com\/app\/uploads\/sites\/3\/2026\/03\/Novedades-en-la-FP-de-Automocion-en-Barcelona-descubre-los-nuevos-modulos-optativos-2025-de-Monlau.jpg","width":1100,"height":825},{"@type":"BreadcrumbList","@id":"https:\/\/www.monlau.com\/fp\/2025\/09\/03\/novedades-en-la-fp-de-automocion-en-barcelona-descubre-los-nuevos-modulos-optativos-2025-de-monlau\/#breadcrumb","itemListElement":[{"@type":"ListItem","position":1,"name":"Portada","item":"https:\/\/www.monlau.com\/fp\/"},{"@type":"ListItem","position":2,"name":"Novedades en la FP de Automoci\u00f3n en Barcelona: descubre los nuevos m\u00f3dulos optativos 2025 de Monlau"}]},{"@type":"WebSite","@id":"https:\/\/www.monlau.com\/fp\/#website","url":"https:\/\/www.monlau.com\/fp\/","name":"Formaci\u00f3n profesional","description":"Monlau","publisher":{"@id":"https:\/\/www.monlau.com\/fp\/#organization"},"potentialAction":[{"@type":"SearchAction","target":{"@type":"EntryPoint","urlTemplate":"https:\/\/www.monlau.com\/fp\/?s={search_term_string}"},"query-input":{"@type":"PropertyValueSpecification","valueRequired":true,"valueName":"search_term_string"}}],"inLanguage":"es"},{"@type":"Organization","@id":"https:\/\/www.monlau.com\/fp\/#organization","name":"Formaci\u00f3n profesional","url":"https:\/\/www.monlau.com\/fp\/","logo":{"@type":"ImageObject","inLanguage":"es","@id":"https:\/\/www.monlau.com\/fp\/#\/schema\/logo\/image\/","url":"https:\/\/www.monlau.com\/app\/uploads\/sites\/3\/2026\/01\/fp.png","contentUrl":"https:\/\/www.monlau.com\/app\/uploads\/sites\/3\/2026\/01\/fp.png","width":1024,"height":878,"caption":"Formaci\u00f3n profesional"},"image":{"@id":"https:\/\/www.monlau.com\/fp\/#\/schema\/logo\/image\/"}},{"@type":"Person","@id":"https:\/\/www.monlau.com\/fp\/#\/schema\/person\/419cfdf054323e24e0a2ef1d8597f051","name":"adsmurai","image":{"@type":"ImageObject","inLanguage":"es","@id":"https:\/\/secure.gravatar.com\/avatar\/0748788578f91786454454fa3b4c295644edb991ad6caadc70b41d26790d38fc?s=96&d=mm&r=g","url":"https:\/\/secure.gravatar.com\/avatar\/0748788578f91786454454fa3b4c295644edb991ad6caadc70b41d26790d38fc?s=96&d=mm&r=g","contentUrl":"https:\/\/secure.gravatar.com\/avatar\/0748788578f91786454454fa3b4c295644edb991ad6caadc70b41d26790d38fc?s=96&d=mm&r=g","caption":"adsmurai"},"sameAs":["https:\/\/www.monlau.com"],"url":"https:\/\/www.monlau.com\/fp\/author\/adsmurai\/"}]}},"_links":{"self":[{"href":"https:\/\/www.monlau.com\/fp\/wp-json\/wp\/v2\/posts\/6027","targetHints":{"allow":["GET"]}}],"collection":[{"href":"https:\/\/www.monlau.com\/fp\/wp-json\/wp\/v2\/posts"}],"about":[{"href":"https:\/\/www.monlau.com\/fp\/wp-json\/wp\/v2\/types\/post"}],"author":[{"embeddable":true,"href":"https:\/\/www.monlau.com\/fp\/wp-json\/wp\/v2\/users\/1"}],"replies":[{"embeddable":true,"href":"https:\/\/www.monlau.com\/fp\/wp-json\/wp\/v2\/comments?post=6027"}],"version-history":[{"count":1,"href":"https:\/\/www.monlau.com\/fp\/wp-json\/wp\/v2\/posts\/6027\/revisions"}],"predecessor-version":[{"id":6327,"href":"https:\/\/www.monlau.com\/fp\/wp-json\/wp\/v2\/posts\/6027\/revisions\/6327"}],"wp:featuredmedia":[{"embeddable":true,"href":"https:\/\/www.monlau.com\/fp\/wp-json\/wp\/v2\/media\/3800"}],"wp:attachment":[{"href":"https:\/\/www.monlau.com\/fp\/wp-json\/wp\/v2\/media?parent=6027"}],"wp:term":[{"taxonomy":"category","embeddable":true,"href":"https:\/\/www.monlau.com\/fp\/wp-json\/wp\/v2\/categories?post=6027"},{"taxonomy":"post_tag","embeddable":true,"href":"https:\/\/www.monlau.com\/fp\/wp-json\/wp\/v2\/tags?post=6027"}],"curies":[{"name":"wp","href":"https:\/\/api.w.org\/{rel}","templated":true}]}}