{"id":6026,"date":"2025-07-03T00:00:00","date_gmt":"2025-07-02T22:00:00","guid":{"rendered":"https:\/\/www.monlau.com\/formacion-profesional\/finalizamos-la-formacion-agents-del-canvi-transformando-el-futuro-de-las-pymes\/"},"modified":"2026-03-10T10:03:26","modified_gmt":"2026-03-10T09:03:26","slug":"finalizamos-la-formacion-agents-del-canvi-transformando-el-futuro-de-las-pymes","status":"publish","type":"post","link":"https:\/\/www.monlau.com\/fp\/2025\/07\/03\/finalizamos-la-formacion-agents-del-canvi-transformando-el-futuro-de-las-pymes\/","title":{"rendered":"Finalizamos la formaci\u00f3n \u00abAgents del Canvi\u00bb: Transformando el Futuro de las PYMES"},"content":{"rendered":"<p>En <a href=\"https:\/\/www.monlau.com\/formacio-professional\/\">Monlau<\/a> seguimos apostando por una formaci\u00f3n alineada con los grandes retos del mundo empresarial actual. Por primera vez, hemos implementado en nuestra oferta educativa el programa \u00ab<a href=\"https:\/\/www.accio.gencat.cat\/ca\/serveis\/cercador-ajuts-empresa\/ajutsiserveis\/22484-next-generation-eu-ajuts-generacio-digital-agents-del-canvi\"><strong>Agents del Canvi\u00bb<\/strong><\/a> (Agentes del Cambio), una iniciativa innovadora que prepara a nuestros estudiantes no solo en competencias t\u00e9cnicas, sino en <strong>habilidades clave para liderar el cambio en las empresas<\/strong>, especialmente en el \u00e1mbito de la transformaci\u00f3n digital.<\/p>\n<p>Este programa, respaldado por el <a href=\"https:\/\/www.mintur.gob.es\/es-es\/Paginas\/index.aspx\"><strong>Ministerio de Industria y Turismo<\/strong><\/a>, ha brindado a nuestro alumnado las herramientas y el conocimiento para convertirse en protagonistas de la innovaci\u00f3n y el cambio en las PYMES. Adem\u00e1s, se trata de una formaci\u00f3n 100% subvencionada a trav\u00e9s de los fondos europeos <strong>Next Generation<\/strong>, \u201clo que supone una oportunidad \u00fanica tanto para los estudiantes como para las empresas que los incorporen\u201d, ha destacado la coordinadora de competencias transversales del \u00e1rea de Empresa, Marketing e Inform\u00e1tica de Monlau, Sonia Molero.<\/p>\n<p>El mercado laboral actual demanda perfiles polivalentes, con competencias digitales avanzadas y, sobre todo, con <strong>Soft Skills<\/strong>, esas habilidades interpersonales y de liderazgo que marcan la diferencia a la hora de afrontar los retos empresariales. Precisamente, <strong>Agents del Canvi <\/strong>(Agentes del Cambio) se centra en potenciar estos aspectos:<\/p>\n<ul>\n<li><strong>Gesti\u00f3n empresarial y estrategia<\/strong>: Herramientas y conocimientos para comprender los nuevos modelos de negocio, gestionar el cambio y liderar la transformaci\u00f3n dentro de las organizaciones.<\/li>\n<li><strong>Habilidades personales (Soft Skills)<\/strong>: Comunicaci\u00f3n, liderazgo, gesti\u00f3n del tiempo y competencias emocionales para ser un verdadero motor del cambio.<\/li>\n<li><strong>Tecnolog\u00eda y transformaci\u00f3n digital<\/strong>: Conocimiento de tecnolog\u00edas clave como Big Data, Business Intelligence, an\u00e1lisis de datos, infraestructuras digitales y el <strong>Kit Digital<\/strong>, orientado a facilitar la transformaci\u00f3n tecnol\u00f3gica de las PYMES.<\/li>\n<li><strong>Relaci\u00f3n y procesos con el cliente<\/strong>: Mejorar la experiencia del cliente y los canales de distribuci\u00f3n, desde un enfoque de marketing 360\u00ba, log\u00edstica y postventa.<\/li>\n<li><strong>Innovaci\u00f3n y creatividad<\/strong>: Metodolog\u00edas \u00e1giles y herramientas colaborativas para impulsar la innovaci\u00f3n en los equipos de trabajo.<\/li>\n<\/ul>\n<p>Los alumnos que han finalizado el programa <strong>Agents del Canvi <\/strong>(Agentes del Cambio) no solo est\u00e1n preparados para liderar procesos de transformaci\u00f3n digital, sino que las <strong>empresas que los contraten podr\u00e1n beneficiarse de ayudas y subvenciones<\/strong>, lo que posiciona a estos j\u00f3venes como perfiles estrat\u00e9gicos dentro de cualquier organizaci\u00f3n.<\/p>\n<p>Adem\u00e1s, el programa incluye:<\/p>\n<p>\u2714 <strong>Mentor\u00edas personalizadas<\/strong> con expertos en transformaci\u00f3n digital.<br \/>\u2714 Recursos formativos adicionales a trav\u00e9s del MOOC \u00abGeneraci\u00f3n Digital\u00bb.<br \/>\u2714 Orientaci\u00f3n a la inserci\u00f3n laboral y al acompa\u00f1amiento profesional.<\/p>\n<p>Una formaci\u00f3n que combina modalidad <strong>70% online y 30% presencial<\/strong>, dise\u00f1ada para maximizar el aprendizaje pr\u00e1ctico y la aplicabilidad real en el mundo de la empresa.<\/p>\n<p>El programa est\u00e1 dirigido a j\u00f3venes de hasta 35 a\u00f1os, en situaci\u00f3n de desempleo o que trabajen en una PYME de entre 10 y 249 empleados, que cumplan con alguno de los siguientes requisitos:<\/p>\n<ul>\n<li>Titulaci\u00f3n universitaria o estudiantes de \u00faltimo a\u00f1o con al menos 6 meses de experiencia (pr\u00e1cticas incluidas).<\/li>\n<li>Titulaci\u00f3n de FP de Grado Superior con al menos 6 meses de experiencia.<\/li>\n<li>Certificado de profesionalidad de nivel 3, Bachillerato o FP de Grado Medio con al menos 2 a\u00f1os de experiencia en competencias digitales.<\/li>\n<\/ul>\n<p>Estamos orgullosos del compromiso, la implicaci\u00f3n y las ganas de transformar el futuro que ha demostrado nuestro alumnado. Porque formar parte del cambio es una decisi\u00f3n que empieza hoy.<\/p>\n<p>\u00a1Gracias a todos los que han confiado en Monlau y en el programa Agents del Canvi (Agentes del Cambio) para prepararse para los desaf\u00edos del ma\u00f1ana!<\/p>\n","protected":false},"excerpt":{"rendered":"<p>En Monlau seguimos apostando por una formaci\u00f3n alineada con los grandes retos del mundo empresarial actual. Por primera vez, hemos implementado en nuestra oferta educativa el programa \u00abAgents del Canvi\u00bb (Agentes del Cambio), una iniciativa innovadora que prepara a nuestros estudiantes no solo en competencias t\u00e9cnicas, sino en habilidades clave para liderar el cambio en [&hellip;]<\/p>\n","protected":false},"author":1,"featured_media":3798,"comment_status":"closed","ping_status":"closed","sticky":false,"template":"","format":"standard","meta":{"footnotes":""},"categories":[32,220,38,57],"tags":[166,96,49],"class_list":["post-6026","post","type-post","status-publish","format-standard","has-post-thumbnail","hentry","category-empresa-y-marketing","category-especializacion","category-informatica","category-monlau","tag-barcelona","tag-empresas","tag-formacion-profesional"],"yoast_head":"<!-- This site is optimized with the Yoast SEO plugin v27.2 - https:\/\/yoast.com\/product\/yoast-seo-wordpress\/ -->\n<title>Finalizamos la formaci\u00f3n &quot;Agents del Canvi&quot;: Transformando el Futuro de las PYMES - Formaci\u00f3n profesional<\/title>\n<meta name=\"robots\" content=\"index, follow, max-snippet:-1, max-image-preview:large, max-video-preview:-1\" \/>\n<link rel=\"canonical\" href=\"https:\/\/www.monlau.com\/fp\/2025\/07\/03\/finalizamos-la-formacion-agents-del-canvi-transformando-el-futuro-de-las-pymes\/\" \/>\n<meta property=\"og:locale\" content=\"es_ES\" \/>\n<meta property=\"og:type\" content=\"article\" \/>\n<meta property=\"og:title\" content=\"Finalizamos la formaci\u00f3n &quot;Agents del Canvi&quot;: Transformando el Futuro de las PYMES - Formaci\u00f3n profesional\" \/>\n<meta property=\"og:description\" content=\"En Monlau seguimos apostando por una formaci\u00f3n alineada con los grandes retos del mundo empresarial actual. Por primera vez, hemos implementado en nuestra oferta educativa el programa \u00abAgents del Canvi\u00bb (Agentes del Cambio), una iniciativa innovadora que prepara a nuestros estudiantes no solo en competencias t\u00e9cnicas, sino en habilidades clave para liderar el cambio en [&hellip;]\" \/>\n<meta property=\"og:url\" content=\"https:\/\/www.monlau.com\/fp\/2025\/07\/03\/finalizamos-la-formacion-agents-del-canvi-transformando-el-futuro-de-las-pymes\/\" \/>\n<meta property=\"og:site_name\" content=\"Formaci\u00f3n profesional\" \/>\n<meta property=\"article:published_time\" content=\"2025-07-02T22:00:00+00:00\" \/>\n<meta property=\"article:modified_time\" content=\"2026-03-10T09:03:26+00:00\" \/>\n<meta property=\"og:image\" content=\"https:\/\/www.monlau.com\/app\/uploads\/sites\/3\/2026\/03\/Agentes-del-Cambio-Monlau.jpg\" \/>\n\t<meta property=\"og:image:width\" content=\"1200\" \/>\n\t<meta property=\"og:image:height\" content=\"900\" \/>\n\t<meta property=\"og:image:type\" content=\"image\/jpeg\" \/>\n<meta name=\"author\" content=\"adsmurai\" \/>\n<meta name=\"twitter:card\" content=\"summary_large_image\" \/>\n<meta name=\"twitter:label1\" content=\"Escrito por\" \/>\n\t<meta name=\"twitter:data1\" content=\"adsmurai\" \/>\n\t<meta name=\"twitter:label2\" content=\"Tiempo de lectura\" \/>\n\t<meta name=\"twitter:data2\" content=\"3 minutos\" \/>\n<script type=\"application\/ld+json\" class=\"yoast-schema-graph\">{\"@context\":\"https:\/\/schema.org\",\"@graph\":[{\"@type\":\"Article\",\"@id\":\"https:\/\/www.monlau.com\/fp\/2025\/07\/03\/finalizamos-la-formacion-agents-del-canvi-transformando-el-futuro-de-las-pymes\/#article\",\"isPartOf\":{\"@id\":\"https:\/\/www.monlau.com\/fp\/2025\/07\/03\/finalizamos-la-formacion-agents-del-canvi-transformando-el-futuro-de-las-pymes\/\"},\"author\":{\"name\":\"adsmurai\",\"@id\":\"https:\/\/www.monlau.com\/fp\/#\/schema\/person\/419cfdf054323e24e0a2ef1d8597f051\"},\"headline\":\"Finalizamos la formaci\u00f3n \u00abAgents del Canvi\u00bb: Transformando el Futuro de las PYMES\",\"datePublished\":\"2025-07-02T22:00:00+00:00\",\"dateModified\":\"2026-03-10T09:03:26+00:00\",\"mainEntityOfPage\":{\"@id\":\"https:\/\/www.monlau.com\/fp\/2025\/07\/03\/finalizamos-la-formacion-agents-del-canvi-transformando-el-futuro-de-las-pymes\/\"},\"wordCount\":613,\"publisher\":{\"@id\":\"https:\/\/www.monlau.com\/fp\/#organization\"},\"image\":{\"@id\":\"https:\/\/www.monlau.com\/fp\/2025\/07\/03\/finalizamos-la-formacion-agents-del-canvi-transformando-el-futuro-de-las-pymes\/#primaryimage\"},\"thumbnailUrl\":\"https:\/\/www.monlau.com\/app\/uploads\/sites\/3\/2026\/03\/Agentes-del-Cambio-Monlau.jpg\",\"keywords\":[\"barcelona\",\"empresas\",\"formaci\u00f3n profesional\"],\"articleSection\":[\"Empresa y Marketing\",\"Especializaci\u00f3n\",\"Inform\u00e1tica\",\"Monlau\"],\"inLanguage\":\"es\"},{\"@type\":\"WebPage\",\"@id\":\"https:\/\/www.monlau.com\/fp\/2025\/07\/03\/finalizamos-la-formacion-agents-del-canvi-transformando-el-futuro-de-las-pymes\/\",\"url\":\"https:\/\/www.monlau.com\/fp\/2025\/07\/03\/finalizamos-la-formacion-agents-del-canvi-transformando-el-futuro-de-las-pymes\/\",\"name\":\"Finalizamos la formaci\u00f3n \\\"Agents del Canvi\\\": Transformando el Futuro de las PYMES - Formaci\u00f3n profesional\",\"isPartOf\":{\"@id\":\"https:\/\/www.monlau.com\/fp\/#website\"},\"primaryImageOfPage\":{\"@id\":\"https:\/\/www.monlau.com\/fp\/2025\/07\/03\/finalizamos-la-formacion-agents-del-canvi-transformando-el-futuro-de-las-pymes\/#primaryimage\"},\"image\":{\"@id\":\"https:\/\/www.monlau.com\/fp\/2025\/07\/03\/finalizamos-la-formacion-agents-del-canvi-transformando-el-futuro-de-las-pymes\/#primaryimage\"},\"thumbnailUrl\":\"https:\/\/www.monlau.com\/app\/uploads\/sites\/3\/2026\/03\/Agentes-del-Cambio-Monlau.jpg\",\"datePublished\":\"2025-07-02T22:00:00+00:00\",\"dateModified\":\"2026-03-10T09:03:26+00:00\",\"breadcrumb\":{\"@id\":\"https:\/\/www.monlau.com\/fp\/2025\/07\/03\/finalizamos-la-formacion-agents-del-canvi-transformando-el-futuro-de-las-pymes\/#breadcrumb\"},\"inLanguage\":\"es\",\"potentialAction\":[{\"@type\":\"ReadAction\",\"target\":[\"https:\/\/www.monlau.com\/fp\/2025\/07\/03\/finalizamos-la-formacion-agents-del-canvi-transformando-el-futuro-de-las-pymes\/\"]}]},{\"@type\":\"ImageObject\",\"inLanguage\":\"es\",\"@id\":\"https:\/\/www.monlau.com\/fp\/2025\/07\/03\/finalizamos-la-formacion-agents-del-canvi-transformando-el-futuro-de-las-pymes\/#primaryimage\",\"url\":\"https:\/\/www.monlau.com\/app\/uploads\/sites\/3\/2026\/03\/Agentes-del-Cambio-Monlau.jpg\",\"contentUrl\":\"https:\/\/www.monlau.com\/app\/uploads\/sites\/3\/2026\/03\/Agentes-del-Cambio-Monlau.jpg\",\"width\":1200,\"height\":900},{\"@type\":\"BreadcrumbList\",\"@id\":\"https:\/\/www.monlau.com\/fp\/2025\/07\/03\/finalizamos-la-formacion-agents-del-canvi-transformando-el-futuro-de-las-pymes\/#breadcrumb\",\"itemListElement\":[{\"@type\":\"ListItem\",\"position\":1,\"name\":\"Portada\",\"item\":\"https:\/\/www.monlau.com\/fp\/\"},{\"@type\":\"ListItem\",\"position\":2,\"name\":\"Finalizamos la formaci\u00f3n \u00abAgents del Canvi\u00bb: Transformando el Futuro de las PYMES\"}]},{\"@type\":\"WebSite\",\"@id\":\"https:\/\/www.monlau.com\/fp\/#website\",\"url\":\"https:\/\/www.monlau.com\/fp\/\",\"name\":\"Formaci\u00f3n profesional\",\"description\":\"Monlau\",\"publisher\":{\"@id\":\"https:\/\/www.monlau.com\/fp\/#organization\"},\"potentialAction\":[{\"@type\":\"SearchAction\",\"target\":{\"@type\":\"EntryPoint\",\"urlTemplate\":\"https:\/\/www.monlau.com\/fp\/?s={search_term_string}\"},\"query-input\":{\"@type\":\"PropertyValueSpecification\",\"valueRequired\":true,\"valueName\":\"search_term_string\"}}],\"inLanguage\":\"es\"},{\"@type\":\"Organization\",\"@id\":\"https:\/\/www.monlau.com\/fp\/#organization\",\"name\":\"Formaci\u00f3n profesional\",\"url\":\"https:\/\/www.monlau.com\/fp\/\",\"logo\":{\"@type\":\"ImageObject\",\"inLanguage\":\"es\",\"@id\":\"https:\/\/www.monlau.com\/fp\/#\/schema\/logo\/image\/\",\"url\":\"https:\/\/www.monlau.com\/app\/uploads\/sites\/3\/2026\/01\/fp.png\",\"contentUrl\":\"https:\/\/www.monlau.com\/app\/uploads\/sites\/3\/2026\/01\/fp.png\",\"width\":1024,\"height\":878,\"caption\":\"Formaci\u00f3n profesional\"},\"image\":{\"@id\":\"https:\/\/www.monlau.com\/fp\/#\/schema\/logo\/image\/\"}},{\"@type\":\"Person\",\"@id\":\"https:\/\/www.monlau.com\/fp\/#\/schema\/person\/419cfdf054323e24e0a2ef1d8597f051\",\"name\":\"adsmurai\",\"image\":{\"@type\":\"ImageObject\",\"inLanguage\":\"es\",\"@id\":\"https:\/\/secure.gravatar.com\/avatar\/0748788578f91786454454fa3b4c295644edb991ad6caadc70b41d26790d38fc?s=96&d=mm&r=g\",\"url\":\"https:\/\/secure.gravatar.com\/avatar\/0748788578f91786454454fa3b4c295644edb991ad6caadc70b41d26790d38fc?s=96&d=mm&r=g\",\"contentUrl\":\"https:\/\/secure.gravatar.com\/avatar\/0748788578f91786454454fa3b4c295644edb991ad6caadc70b41d26790d38fc?s=96&d=mm&r=g\",\"caption\":\"adsmurai\"},\"sameAs\":[\"https:\/\/www.monlau.com\"],\"url\":\"https:\/\/www.monlau.com\/fp\/author\/adsmurai\/\"}]}<\/script>\n<!-- \/ Yoast SEO plugin. -->","yoast_head_json":{"title":"Finalizamos la formaci\u00f3n \"Agents del Canvi\": Transformando el Futuro de las PYMES - Formaci\u00f3n profesional","robots":{"index":"index","follow":"follow","max-snippet":"max-snippet:-1","max-image-preview":"max-image-preview:large","max-video-preview":"max-video-preview:-1"},"canonical":"https:\/\/www.monlau.com\/fp\/2025\/07\/03\/finalizamos-la-formacion-agents-del-canvi-transformando-el-futuro-de-las-pymes\/","og_locale":"es_ES","og_type":"article","og_title":"Finalizamos la formaci\u00f3n \"Agents del Canvi\": Transformando el Futuro de las PYMES - Formaci\u00f3n profesional","og_description":"En Monlau seguimos apostando por una formaci\u00f3n alineada con los grandes retos del mundo empresarial actual. Por primera vez, hemos implementado en nuestra oferta educativa el programa \u00abAgents del Canvi\u00bb (Agentes del Cambio), una iniciativa innovadora que prepara a nuestros estudiantes no solo en competencias t\u00e9cnicas, sino en habilidades clave para liderar el cambio en [&hellip;]","og_url":"https:\/\/www.monlau.com\/fp\/2025\/07\/03\/finalizamos-la-formacion-agents-del-canvi-transformando-el-futuro-de-las-pymes\/","og_site_name":"Formaci\u00f3n profesional","article_published_time":"2025-07-02T22:00:00+00:00","article_modified_time":"2026-03-10T09:03:26+00:00","og_image":[{"width":1200,"height":900,"url":"https:\/\/www.monlau.com\/app\/uploads\/sites\/3\/2026\/03\/Agentes-del-Cambio-Monlau.jpg","type":"image\/jpeg"}],"author":"adsmurai","twitter_card":"summary_large_image","twitter_misc":{"Escrito por":"adsmurai","Tiempo de lectura":"3 minutos"},"schema":{"@context":"https:\/\/schema.org","@graph":[{"@type":"Article","@id":"https:\/\/www.monlau.com\/fp\/2025\/07\/03\/finalizamos-la-formacion-agents-del-canvi-transformando-el-futuro-de-las-pymes\/#article","isPartOf":{"@id":"https:\/\/www.monlau.com\/fp\/2025\/07\/03\/finalizamos-la-formacion-agents-del-canvi-transformando-el-futuro-de-las-pymes\/"},"author":{"name":"adsmurai","@id":"https:\/\/www.monlau.com\/fp\/#\/schema\/person\/419cfdf054323e24e0a2ef1d8597f051"},"headline":"Finalizamos la formaci\u00f3n \u00abAgents del Canvi\u00bb: Transformando el Futuro de las PYMES","datePublished":"2025-07-02T22:00:00+00:00","dateModified":"2026-03-10T09:03:26+00:00","mainEntityOfPage":{"@id":"https:\/\/www.monlau.com\/fp\/2025\/07\/03\/finalizamos-la-formacion-agents-del-canvi-transformando-el-futuro-de-las-pymes\/"},"wordCount":613,"publisher":{"@id":"https:\/\/www.monlau.com\/fp\/#organization"},"image":{"@id":"https:\/\/www.monlau.com\/fp\/2025\/07\/03\/finalizamos-la-formacion-agents-del-canvi-transformando-el-futuro-de-las-pymes\/#primaryimage"},"thumbnailUrl":"https:\/\/www.monlau.com\/app\/uploads\/sites\/3\/2026\/03\/Agentes-del-Cambio-Monlau.jpg","keywords":["barcelona","empresas","formaci\u00f3n profesional"],"articleSection":["Empresa y Marketing","Especializaci\u00f3n","Inform\u00e1tica","Monlau"],"inLanguage":"es"},{"@type":"WebPage","@id":"https:\/\/www.monlau.com\/fp\/2025\/07\/03\/finalizamos-la-formacion-agents-del-canvi-transformando-el-futuro-de-las-pymes\/","url":"https:\/\/www.monlau.com\/fp\/2025\/07\/03\/finalizamos-la-formacion-agents-del-canvi-transformando-el-futuro-de-las-pymes\/","name":"Finalizamos la formaci\u00f3n \"Agents del Canvi\": Transformando el Futuro de las PYMES - Formaci\u00f3n profesional","isPartOf":{"@id":"https:\/\/www.monlau.com\/fp\/#website"},"primaryImageOfPage":{"@id":"https:\/\/www.monlau.com\/fp\/2025\/07\/03\/finalizamos-la-formacion-agents-del-canvi-transformando-el-futuro-de-las-pymes\/#primaryimage"},"image":{"@id":"https:\/\/www.monlau.com\/fp\/2025\/07\/03\/finalizamos-la-formacion-agents-del-canvi-transformando-el-futuro-de-las-pymes\/#primaryimage"},"thumbnailUrl":"https:\/\/www.monlau.com\/app\/uploads\/sites\/3\/2026\/03\/Agentes-del-Cambio-Monlau.jpg","datePublished":"2025-07-02T22:00:00+00:00","dateModified":"2026-03-10T09:03:26+00:00","breadcrumb":{"@id":"https:\/\/www.monlau.com\/fp\/2025\/07\/03\/finalizamos-la-formacion-agents-del-canvi-transformando-el-futuro-de-las-pymes\/#breadcrumb"},"inLanguage":"es","potentialAction":[{"@type":"ReadAction","target":["https:\/\/www.monlau.com\/fp\/2025\/07\/03\/finalizamos-la-formacion-agents-del-canvi-transformando-el-futuro-de-las-pymes\/"]}]},{"@type":"ImageObject","inLanguage":"es","@id":"https:\/\/www.monlau.com\/fp\/2025\/07\/03\/finalizamos-la-formacion-agents-del-canvi-transformando-el-futuro-de-las-pymes\/#primaryimage","url":"https:\/\/www.monlau.com\/app\/uploads\/sites\/3\/2026\/03\/Agentes-del-Cambio-Monlau.jpg","contentUrl":"https:\/\/www.monlau.com\/app\/uploads\/sites\/3\/2026\/03\/Agentes-del-Cambio-Monlau.jpg","width":1200,"height":900},{"@type":"BreadcrumbList","@id":"https:\/\/www.monlau.com\/fp\/2025\/07\/03\/finalizamos-la-formacion-agents-del-canvi-transformando-el-futuro-de-las-pymes\/#breadcrumb","itemListElement":[{"@type":"ListItem","position":1,"name":"Portada","item":"https:\/\/www.monlau.com\/fp\/"},{"@type":"ListItem","position":2,"name":"Finalizamos la formaci\u00f3n \u00abAgents del Canvi\u00bb: Transformando el Futuro de las PYMES"}]},{"@type":"WebSite","@id":"https:\/\/www.monlau.com\/fp\/#website","url":"https:\/\/www.monlau.com\/fp\/","name":"Formaci\u00f3n profesional","description":"Monlau","publisher":{"@id":"https:\/\/www.monlau.com\/fp\/#organization"},"potentialAction":[{"@type":"SearchAction","target":{"@type":"EntryPoint","urlTemplate":"https:\/\/www.monlau.com\/fp\/?s={search_term_string}"},"query-input":{"@type":"PropertyValueSpecification","valueRequired":true,"valueName":"search_term_string"}}],"inLanguage":"es"},{"@type":"Organization","@id":"https:\/\/www.monlau.com\/fp\/#organization","name":"Formaci\u00f3n profesional","url":"https:\/\/www.monlau.com\/fp\/","logo":{"@type":"ImageObject","inLanguage":"es","@id":"https:\/\/www.monlau.com\/fp\/#\/schema\/logo\/image\/","url":"https:\/\/www.monlau.com\/app\/uploads\/sites\/3\/2026\/01\/fp.png","contentUrl":"https:\/\/www.monlau.com\/app\/uploads\/sites\/3\/2026\/01\/fp.png","width":1024,"height":878,"caption":"Formaci\u00f3n profesional"},"image":{"@id":"https:\/\/www.monlau.com\/fp\/#\/schema\/logo\/image\/"}},{"@type":"Person","@id":"https:\/\/www.monlau.com\/fp\/#\/schema\/person\/419cfdf054323e24e0a2ef1d8597f051","name":"adsmurai","image":{"@type":"ImageObject","inLanguage":"es","@id":"https:\/\/secure.gravatar.com\/avatar\/0748788578f91786454454fa3b4c295644edb991ad6caadc70b41d26790d38fc?s=96&d=mm&r=g","url":"https:\/\/secure.gravatar.com\/avatar\/0748788578f91786454454fa3b4c295644edb991ad6caadc70b41d26790d38fc?s=96&d=mm&r=g","contentUrl":"https:\/\/secure.gravatar.com\/avatar\/0748788578f91786454454fa3b4c295644edb991ad6caadc70b41d26790d38fc?s=96&d=mm&r=g","caption":"adsmurai"},"sameAs":["https:\/\/www.monlau.com"],"url":"https:\/\/www.monlau.com\/fp\/author\/adsmurai\/"}]}},"_links":{"self":[{"href":"https:\/\/www.monlau.com\/fp\/wp-json\/wp\/v2\/posts\/6026","targetHints":{"allow":["GET"]}}],"collection":[{"href":"https:\/\/www.monlau.com\/fp\/wp-json\/wp\/v2\/posts"}],"about":[{"href":"https:\/\/www.monlau.com\/fp\/wp-json\/wp\/v2\/types\/post"}],"author":[{"embeddable":true,"href":"https:\/\/www.monlau.com\/fp\/wp-json\/wp\/v2\/users\/1"}],"replies":[{"embeddable":true,"href":"https:\/\/www.monlau.com\/fp\/wp-json\/wp\/v2\/comments?post=6026"}],"version-history":[{"count":1,"href":"https:\/\/www.monlau.com\/fp\/wp-json\/wp\/v2\/posts\/6026\/revisions"}],"predecessor-version":[{"id":6328,"href":"https:\/\/www.monlau.com\/fp\/wp-json\/wp\/v2\/posts\/6026\/revisions\/6328"}],"wp:featuredmedia":[{"embeddable":true,"href":"https:\/\/www.monlau.com\/fp\/wp-json\/wp\/v2\/media\/3798"}],"wp:attachment":[{"href":"https:\/\/www.monlau.com\/fp\/wp-json\/wp\/v2\/media?parent=6026"}],"wp:term":[{"taxonomy":"category","embeddable":true,"href":"https:\/\/www.monlau.com\/fp\/wp-json\/wp\/v2\/categories?post=6026"},{"taxonomy":"post_tag","embeddable":true,"href":"https:\/\/www.monlau.com\/fp\/wp-json\/wp\/v2\/tags?post=6026"}],"curies":[{"name":"wp","href":"https:\/\/api.w.org\/{rel}","templated":true}]}}