{"id":6025,"date":"2025-06-26T00:00:00","date_gmt":"2025-06-25T22:00:00","guid":{"rendered":"https:\/\/www.monlau.com\/formacion-profesional\/monlau-y-digalix-ponen-en-marcha-un-aula-inmersiva-pionera-en-barcelona-para-transformar-la-formacion-profesional\/"},"modified":"2026-03-10T10:03:26","modified_gmt":"2026-03-10T09:03:26","slug":"monlau-y-digalix-ponen-en-marcha-un-aula-inmersiva-pionera-en-barcelona-para-transformar-la-formacion-profesional","status":"publish","type":"post","link":"https:\/\/www.monlau.com\/fp\/2025\/06\/26\/monlau-y-digalix-ponen-en-marcha-un-aula-inmersiva-pionera-en-barcelona-para-transformar-la-formacion-profesional\/","title":{"rendered":"Monlau y Digalix ponen en marcha un aula inmersiva pionera en Barcelona para transformar la Formaci\u00f3n Profesional"},"content":{"rendered":"<blockquote>\n<p><span data-olk-copy-source=\"MessageBody\">Ubicada en el centro Monlau La Sagrera, esta aula combina Realidad Virtual y Aumentada para ofrecer experiencias formativas \u00fanicas a m\u00e1s de 1.000 alumnos<\/span><\/p>\n<\/blockquote>\n<p class=\"x_xxmsonormal\"><span>Grupo Monlau y la empresa <a href=\"https:\/\/www.digalix.com\/es\/\">Digalix<\/a> han colaborado para crear un\u00a0<b>aula inmersiva pionera en Barcelona<\/b>, un espacio que ya est\u00e1 en funcionamiento en el centro de <a href=\"https:\/\/share.google\/zfpsE7sDO3xbO53z8\">Monlau La Sagrera<\/a> y que marcar\u00e1 un antes y un despu\u00e9s en la manera de ense\u00f1ar y aprender.<\/span><\/p>\n<p class=\"x_xxmsonormal\"><span>Se trata de la\u00a0<b>primera sala inmersiva que dise\u00f1a Digalix en la ciudad<\/b>, pensada para que el alumnado viva\u00a0<b>experiencias educativas compartidas<\/b>\u00a0a trav\u00e9s de tecnolog\u00edas de\u00a0<a href=\"https:\/\/www.monlau.com\/formacio-professional\/project\/master-desarrollo-videojuegos-realidad-virtual-barcelona\/\"><b>Realidad Virtual y Realidad Aumentada<\/b><\/a>.<\/span><\/p>\n<p class=\"x_xxmsonormal\"><span>Gracias a esta iniciativa,\u00a0<b>m\u00e1s de 1.000 alumnos<\/b>\u00a0podr\u00e1n aprender desde la gamificaci\u00f3n y la inmersi\u00f3n tecnol\u00f3gica, facilitando la comprensi\u00f3n de conceptos complejos y fomentando una participaci\u00f3n activa en el aula. Esta innovaci\u00f3n no solo captar\u00e1 su atenci\u00f3n, sino que conectar\u00e1 con su manera de aprender y con las demandas del mundo profesional actual.<\/span><\/p>\n<p class=\"x_xxmsonormal\"><span>\u201cLa tecnolog\u00eda est\u00e1 transformando los espacios educativos. Con el aula inmersiva, vamos a ser capaces de ofrecer una herramienta real para potenciar el aprendizaje significativo\u201d, explica el director de Monlau en La Sagrera, Joan Segarra.<\/span><\/p>\n<p class=\"x_xxmsonormal\"><span>La experiencia ya ha despertado el inter\u00e9s de otros centros. De hecho, ya han venido a visitar el aula, entre otros, la\u00a0<a href=\"http:\/\/www.insehtb.cat\/\"><b>Escola d\u2019Hoteleria i Turisme de Barcelona<\/b><\/a>, que pudo conocer de primera mano c\u00f3mo se aplica esta innovaci\u00f3n pedag\u00f3gica.<\/span><\/p>\n<p class=\"x_xxmsonormal\"><span>Con esta acci\u00f3n conjunta, Monlau y Digalix refuerzan su apuesta por una\u00a0<b>educaci\u00f3n m\u00e1s tecnol\u00f3gica, atractiva y conectada con el futuro del trabajo<\/b>.<\/span><\/p>\n","protected":false},"excerpt":{"rendered":"<p>Ubicada en el centro Monlau La Sagrera, esta aula combina Realidad Virtual y Aumentada para ofrecer experiencias formativas \u00fanicas a m\u00e1s de 1.000 alumnos Grupo Monlau y la empresa Digalix han colaborado para crear un\u00a0aula inmersiva pionera en Barcelona, un espacio que ya est\u00e1 en funcionamiento en el centro de Monlau La Sagrera y que [&hellip;]<\/p>\n","protected":false},"author":1,"featured_media":3796,"comment_status":"closed","ping_status":"closed","sticky":false,"template":"","format":"standard","meta":{"footnotes":""},"categories":[38,57],"tags":[166,96,49],"class_list":["post-6025","post","type-post","status-publish","format-standard","has-post-thumbnail","hentry","category-informatica","category-monlau","tag-barcelona","tag-empresas","tag-formacion-profesional"],"yoast_head":"<!-- This site is optimized with the Yoast SEO plugin v27.2 - https:\/\/yoast.com\/product\/yoast-seo-wordpress\/ -->\n<title>Monlau y Digalix ponen en marcha un aula inmersiva pionera en Barcelona para transformar la Formaci\u00f3n Profesional - Formaci\u00f3n profesional<\/title>\n<meta name=\"robots\" content=\"index, follow, max-snippet:-1, max-image-preview:large, max-video-preview:-1\" \/>\n<link rel=\"canonical\" href=\"https:\/\/www.monlau.com\/fp\/2025\/06\/26\/monlau-y-digalix-ponen-en-marcha-un-aula-inmersiva-pionera-en-barcelona-para-transformar-la-formacion-profesional\/\" \/>\n<meta property=\"og:locale\" content=\"es_ES\" \/>\n<meta property=\"og:type\" content=\"article\" \/>\n<meta property=\"og:title\" content=\"Monlau y Digalix ponen en marcha un aula inmersiva pionera en Barcelona para transformar la Formaci\u00f3n Profesional - Formaci\u00f3n profesional\" \/>\n<meta property=\"og:description\" content=\"Ubicada en el centro Monlau La Sagrera, esta aula combina Realidad Virtual y Aumentada para ofrecer experiencias formativas \u00fanicas a m\u00e1s de 1.000 alumnos Grupo Monlau y la empresa Digalix han colaborado para crear un\u00a0aula inmersiva pionera en Barcelona, un espacio que ya est\u00e1 en funcionamiento en el centro de Monlau La Sagrera y que [&hellip;]\" \/>\n<meta property=\"og:url\" content=\"https:\/\/www.monlau.com\/fp\/2025\/06\/26\/monlau-y-digalix-ponen-en-marcha-un-aula-inmersiva-pionera-en-barcelona-para-transformar-la-formacion-profesional\/\" \/>\n<meta property=\"og:site_name\" content=\"Formaci\u00f3n profesional\" \/>\n<meta property=\"article:published_time\" content=\"2025-06-25T22:00:00+00:00\" \/>\n<meta property=\"article:modified_time\" content=\"2026-03-10T09:03:26+00:00\" \/>\n<meta property=\"og:image\" content=\"https:\/\/www.monlau.com\/app\/uploads\/sites\/3\/2026\/03\/Monlau-y-Digalix-ponen-en-marcha-un-aula-inmersiva-pionera-en-Barcelona-para-transformar-la-Formacion-Profesional.jpg\" \/>\n\t<meta property=\"og:image:width\" content=\"1440\" \/>\n\t<meta property=\"og:image:height\" content=\"810\" \/>\n\t<meta property=\"og:image:type\" content=\"image\/jpeg\" \/>\n<meta name=\"author\" content=\"adsmurai\" \/>\n<meta name=\"twitter:card\" content=\"summary_large_image\" \/>\n<meta name=\"twitter:label1\" content=\"Escrito por\" \/>\n\t<meta name=\"twitter:data1\" content=\"adsmurai\" \/>\n\t<meta name=\"twitter:label2\" content=\"Tiempo de lectura\" \/>\n\t<meta name=\"twitter:data2\" content=\"1 minuto\" \/>\n<script type=\"application\/ld+json\" class=\"yoast-schema-graph\">{\"@context\":\"https:\/\/schema.org\",\"@graph\":[{\"@type\":\"Article\",\"@id\":\"https:\/\/www.monlau.com\/fp\/2025\/06\/26\/monlau-y-digalix-ponen-en-marcha-un-aula-inmersiva-pionera-en-barcelona-para-transformar-la-formacion-profesional\/#article\",\"isPartOf\":{\"@id\":\"https:\/\/www.monlau.com\/fp\/2025\/06\/26\/monlau-y-digalix-ponen-en-marcha-un-aula-inmersiva-pionera-en-barcelona-para-transformar-la-formacion-profesional\/\"},\"author\":{\"name\":\"adsmurai\",\"@id\":\"https:\/\/www.monlau.com\/fp\/#\/schema\/person\/419cfdf054323e24e0a2ef1d8597f051\"},\"headline\":\"Monlau y Digalix ponen en marcha un aula inmersiva pionera en Barcelona para transformar la Formaci\u00f3n Profesional\",\"datePublished\":\"2025-06-25T22:00:00+00:00\",\"dateModified\":\"2026-03-10T09:03:26+00:00\",\"mainEntityOfPage\":{\"@id\":\"https:\/\/www.monlau.com\/fp\/2025\/06\/26\/monlau-y-digalix-ponen-en-marcha-un-aula-inmersiva-pionera-en-barcelona-para-transformar-la-formacion-profesional\/\"},\"wordCount\":294,\"publisher\":{\"@id\":\"https:\/\/www.monlau.com\/fp\/#organization\"},\"image\":{\"@id\":\"https:\/\/www.monlau.com\/fp\/2025\/06\/26\/monlau-y-digalix-ponen-en-marcha-un-aula-inmersiva-pionera-en-barcelona-para-transformar-la-formacion-profesional\/#primaryimage\"},\"thumbnailUrl\":\"https:\/\/www.monlau.com\/app\/uploads\/sites\/3\/2026\/03\/Monlau-y-Digalix-ponen-en-marcha-un-aula-inmersiva-pionera-en-Barcelona-para-transformar-la-Formacion-Profesional.jpg\",\"keywords\":[\"barcelona\",\"empresas\",\"formaci\u00f3n profesional\"],\"articleSection\":[\"Inform\u00e1tica\",\"Monlau\"],\"inLanguage\":\"es\"},{\"@type\":\"WebPage\",\"@id\":\"https:\/\/www.monlau.com\/fp\/2025\/06\/26\/monlau-y-digalix-ponen-en-marcha-un-aula-inmersiva-pionera-en-barcelona-para-transformar-la-formacion-profesional\/\",\"url\":\"https:\/\/www.monlau.com\/fp\/2025\/06\/26\/monlau-y-digalix-ponen-en-marcha-un-aula-inmersiva-pionera-en-barcelona-para-transformar-la-formacion-profesional\/\",\"name\":\"Monlau y Digalix ponen en marcha un aula inmersiva pionera en Barcelona para transformar la Formaci\u00f3n Profesional - Formaci\u00f3n profesional\",\"isPartOf\":{\"@id\":\"https:\/\/www.monlau.com\/fp\/#website\"},\"primaryImageOfPage\":{\"@id\":\"https:\/\/www.monlau.com\/fp\/2025\/06\/26\/monlau-y-digalix-ponen-en-marcha-un-aula-inmersiva-pionera-en-barcelona-para-transformar-la-formacion-profesional\/#primaryimage\"},\"image\":{\"@id\":\"https:\/\/www.monlau.com\/fp\/2025\/06\/26\/monlau-y-digalix-ponen-en-marcha-un-aula-inmersiva-pionera-en-barcelona-para-transformar-la-formacion-profesional\/#primaryimage\"},\"thumbnailUrl\":\"https:\/\/www.monlau.com\/app\/uploads\/sites\/3\/2026\/03\/Monlau-y-Digalix-ponen-en-marcha-un-aula-inmersiva-pionera-en-Barcelona-para-transformar-la-Formacion-Profesional.jpg\",\"datePublished\":\"2025-06-25T22:00:00+00:00\",\"dateModified\":\"2026-03-10T09:03:26+00:00\",\"breadcrumb\":{\"@id\":\"https:\/\/www.monlau.com\/fp\/2025\/06\/26\/monlau-y-digalix-ponen-en-marcha-un-aula-inmersiva-pionera-en-barcelona-para-transformar-la-formacion-profesional\/#breadcrumb\"},\"inLanguage\":\"es\",\"potentialAction\":[{\"@type\":\"ReadAction\",\"target\":[\"https:\/\/www.monlau.com\/fp\/2025\/06\/26\/monlau-y-digalix-ponen-en-marcha-un-aula-inmersiva-pionera-en-barcelona-para-transformar-la-formacion-profesional\/\"]}]},{\"@type\":\"ImageObject\",\"inLanguage\":\"es\",\"@id\":\"https:\/\/www.monlau.com\/fp\/2025\/06\/26\/monlau-y-digalix-ponen-en-marcha-un-aula-inmersiva-pionera-en-barcelona-para-transformar-la-formacion-profesional\/#primaryimage\",\"url\":\"https:\/\/www.monlau.com\/app\/uploads\/sites\/3\/2026\/03\/Monlau-y-Digalix-ponen-en-marcha-un-aula-inmersiva-pionera-en-Barcelona-para-transformar-la-Formacion-Profesional.jpg\",\"contentUrl\":\"https:\/\/www.monlau.com\/app\/uploads\/sites\/3\/2026\/03\/Monlau-y-Digalix-ponen-en-marcha-un-aula-inmersiva-pionera-en-Barcelona-para-transformar-la-Formacion-Profesional.jpg\",\"width\":1440,\"height\":810},{\"@type\":\"BreadcrumbList\",\"@id\":\"https:\/\/www.monlau.com\/fp\/2025\/06\/26\/monlau-y-digalix-ponen-en-marcha-un-aula-inmersiva-pionera-en-barcelona-para-transformar-la-formacion-profesional\/#breadcrumb\",\"itemListElement\":[{\"@type\":\"ListItem\",\"position\":1,\"name\":\"Portada\",\"item\":\"https:\/\/www.monlau.com\/fp\/\"},{\"@type\":\"ListItem\",\"position\":2,\"name\":\"Monlau y Digalix ponen en marcha un aula inmersiva pionera en Barcelona para transformar la Formaci\u00f3n Profesional\"}]},{\"@type\":\"WebSite\",\"@id\":\"https:\/\/www.monlau.com\/fp\/#website\",\"url\":\"https:\/\/www.monlau.com\/fp\/\",\"name\":\"Formaci\u00f3n profesional\",\"description\":\"Monlau\",\"publisher\":{\"@id\":\"https:\/\/www.monlau.com\/fp\/#organization\"},\"potentialAction\":[{\"@type\":\"SearchAction\",\"target\":{\"@type\":\"EntryPoint\",\"urlTemplate\":\"https:\/\/www.monlau.com\/fp\/?s={search_term_string}\"},\"query-input\":{\"@type\":\"PropertyValueSpecification\",\"valueRequired\":true,\"valueName\":\"search_term_string\"}}],\"inLanguage\":\"es\"},{\"@type\":\"Organization\",\"@id\":\"https:\/\/www.monlau.com\/fp\/#organization\",\"name\":\"Formaci\u00f3n profesional\",\"url\":\"https:\/\/www.monlau.com\/fp\/\",\"logo\":{\"@type\":\"ImageObject\",\"inLanguage\":\"es\",\"@id\":\"https:\/\/www.monlau.com\/fp\/#\/schema\/logo\/image\/\",\"url\":\"https:\/\/www.monlau.com\/app\/uploads\/sites\/3\/2026\/01\/fp.png\",\"contentUrl\":\"https:\/\/www.monlau.com\/app\/uploads\/sites\/3\/2026\/01\/fp.png\",\"width\":1024,\"height\":878,\"caption\":\"Formaci\u00f3n profesional\"},\"image\":{\"@id\":\"https:\/\/www.monlau.com\/fp\/#\/schema\/logo\/image\/\"}},{\"@type\":\"Person\",\"@id\":\"https:\/\/www.monlau.com\/fp\/#\/schema\/person\/419cfdf054323e24e0a2ef1d8597f051\",\"name\":\"adsmurai\",\"image\":{\"@type\":\"ImageObject\",\"inLanguage\":\"es\",\"@id\":\"https:\/\/secure.gravatar.com\/avatar\/0748788578f91786454454fa3b4c295644edb991ad6caadc70b41d26790d38fc?s=96&d=mm&r=g\",\"url\":\"https:\/\/secure.gravatar.com\/avatar\/0748788578f91786454454fa3b4c295644edb991ad6caadc70b41d26790d38fc?s=96&d=mm&r=g\",\"contentUrl\":\"https:\/\/secure.gravatar.com\/avatar\/0748788578f91786454454fa3b4c295644edb991ad6caadc70b41d26790d38fc?s=96&d=mm&r=g\",\"caption\":\"adsmurai\"},\"sameAs\":[\"https:\/\/www.monlau.com\"],\"url\":\"https:\/\/www.monlau.com\/fp\/author\/adsmurai\/\"}]}<\/script>\n<!-- \/ Yoast SEO plugin. -->","yoast_head_json":{"title":"Monlau y Digalix ponen en marcha un aula inmersiva pionera en Barcelona para transformar la Formaci\u00f3n Profesional - Formaci\u00f3n profesional","robots":{"index":"index","follow":"follow","max-snippet":"max-snippet:-1","max-image-preview":"max-image-preview:large","max-video-preview":"max-video-preview:-1"},"canonical":"https:\/\/www.monlau.com\/fp\/2025\/06\/26\/monlau-y-digalix-ponen-en-marcha-un-aula-inmersiva-pionera-en-barcelona-para-transformar-la-formacion-profesional\/","og_locale":"es_ES","og_type":"article","og_title":"Monlau y Digalix ponen en marcha un aula inmersiva pionera en Barcelona para transformar la Formaci\u00f3n Profesional - Formaci\u00f3n profesional","og_description":"Ubicada en el centro Monlau La Sagrera, esta aula combina Realidad Virtual y Aumentada para ofrecer experiencias formativas \u00fanicas a m\u00e1s de 1.000 alumnos Grupo Monlau y la empresa Digalix han colaborado para crear un\u00a0aula inmersiva pionera en Barcelona, un espacio que ya est\u00e1 en funcionamiento en el centro de Monlau La Sagrera y que [&hellip;]","og_url":"https:\/\/www.monlau.com\/fp\/2025\/06\/26\/monlau-y-digalix-ponen-en-marcha-un-aula-inmersiva-pionera-en-barcelona-para-transformar-la-formacion-profesional\/","og_site_name":"Formaci\u00f3n profesional","article_published_time":"2025-06-25T22:00:00+00:00","article_modified_time":"2026-03-10T09:03:26+00:00","og_image":[{"width":1440,"height":810,"url":"https:\/\/www.monlau.com\/app\/uploads\/sites\/3\/2026\/03\/Monlau-y-Digalix-ponen-en-marcha-un-aula-inmersiva-pionera-en-Barcelona-para-transformar-la-Formacion-Profesional.jpg","type":"image\/jpeg"}],"author":"adsmurai","twitter_card":"summary_large_image","twitter_misc":{"Escrito por":"adsmurai","Tiempo de lectura":"1 minuto"},"schema":{"@context":"https:\/\/schema.org","@graph":[{"@type":"Article","@id":"https:\/\/www.monlau.com\/fp\/2025\/06\/26\/monlau-y-digalix-ponen-en-marcha-un-aula-inmersiva-pionera-en-barcelona-para-transformar-la-formacion-profesional\/#article","isPartOf":{"@id":"https:\/\/www.monlau.com\/fp\/2025\/06\/26\/monlau-y-digalix-ponen-en-marcha-un-aula-inmersiva-pionera-en-barcelona-para-transformar-la-formacion-profesional\/"},"author":{"name":"adsmurai","@id":"https:\/\/www.monlau.com\/fp\/#\/schema\/person\/419cfdf054323e24e0a2ef1d8597f051"},"headline":"Monlau y Digalix ponen en marcha un aula inmersiva pionera en Barcelona para transformar la Formaci\u00f3n Profesional","datePublished":"2025-06-25T22:00:00+00:00","dateModified":"2026-03-10T09:03:26+00:00","mainEntityOfPage":{"@id":"https:\/\/www.monlau.com\/fp\/2025\/06\/26\/monlau-y-digalix-ponen-en-marcha-un-aula-inmersiva-pionera-en-barcelona-para-transformar-la-formacion-profesional\/"},"wordCount":294,"publisher":{"@id":"https:\/\/www.monlau.com\/fp\/#organization"},"image":{"@id":"https:\/\/www.monlau.com\/fp\/2025\/06\/26\/monlau-y-digalix-ponen-en-marcha-un-aula-inmersiva-pionera-en-barcelona-para-transformar-la-formacion-profesional\/#primaryimage"},"thumbnailUrl":"https:\/\/www.monlau.com\/app\/uploads\/sites\/3\/2026\/03\/Monlau-y-Digalix-ponen-en-marcha-un-aula-inmersiva-pionera-en-Barcelona-para-transformar-la-Formacion-Profesional.jpg","keywords":["barcelona","empresas","formaci\u00f3n profesional"],"articleSection":["Inform\u00e1tica","Monlau"],"inLanguage":"es"},{"@type":"WebPage","@id":"https:\/\/www.monlau.com\/fp\/2025\/06\/26\/monlau-y-digalix-ponen-en-marcha-un-aula-inmersiva-pionera-en-barcelona-para-transformar-la-formacion-profesional\/","url":"https:\/\/www.monlau.com\/fp\/2025\/06\/26\/monlau-y-digalix-ponen-en-marcha-un-aula-inmersiva-pionera-en-barcelona-para-transformar-la-formacion-profesional\/","name":"Monlau y Digalix ponen en marcha un aula inmersiva pionera en Barcelona para transformar la Formaci\u00f3n Profesional - Formaci\u00f3n profesional","isPartOf":{"@id":"https:\/\/www.monlau.com\/fp\/#website"},"primaryImageOfPage":{"@id":"https:\/\/www.monlau.com\/fp\/2025\/06\/26\/monlau-y-digalix-ponen-en-marcha-un-aula-inmersiva-pionera-en-barcelona-para-transformar-la-formacion-profesional\/#primaryimage"},"image":{"@id":"https:\/\/www.monlau.com\/fp\/2025\/06\/26\/monlau-y-digalix-ponen-en-marcha-un-aula-inmersiva-pionera-en-barcelona-para-transformar-la-formacion-profesional\/#primaryimage"},"thumbnailUrl":"https:\/\/www.monlau.com\/app\/uploads\/sites\/3\/2026\/03\/Monlau-y-Digalix-ponen-en-marcha-un-aula-inmersiva-pionera-en-Barcelona-para-transformar-la-Formacion-Profesional.jpg","datePublished":"2025-06-25T22:00:00+00:00","dateModified":"2026-03-10T09:03:26+00:00","breadcrumb":{"@id":"https:\/\/www.monlau.com\/fp\/2025\/06\/26\/monlau-y-digalix-ponen-en-marcha-un-aula-inmersiva-pionera-en-barcelona-para-transformar-la-formacion-profesional\/#breadcrumb"},"inLanguage":"es","potentialAction":[{"@type":"ReadAction","target":["https:\/\/www.monlau.com\/fp\/2025\/06\/26\/monlau-y-digalix-ponen-en-marcha-un-aula-inmersiva-pionera-en-barcelona-para-transformar-la-formacion-profesional\/"]}]},{"@type":"ImageObject","inLanguage":"es","@id":"https:\/\/www.monlau.com\/fp\/2025\/06\/26\/monlau-y-digalix-ponen-en-marcha-un-aula-inmersiva-pionera-en-barcelona-para-transformar-la-formacion-profesional\/#primaryimage","url":"https:\/\/www.monlau.com\/app\/uploads\/sites\/3\/2026\/03\/Monlau-y-Digalix-ponen-en-marcha-un-aula-inmersiva-pionera-en-Barcelona-para-transformar-la-Formacion-Profesional.jpg","contentUrl":"https:\/\/www.monlau.com\/app\/uploads\/sites\/3\/2026\/03\/Monlau-y-Digalix-ponen-en-marcha-un-aula-inmersiva-pionera-en-Barcelona-para-transformar-la-Formacion-Profesional.jpg","width":1440,"height":810},{"@type":"BreadcrumbList","@id":"https:\/\/www.monlau.com\/fp\/2025\/06\/26\/monlau-y-digalix-ponen-en-marcha-un-aula-inmersiva-pionera-en-barcelona-para-transformar-la-formacion-profesional\/#breadcrumb","itemListElement":[{"@type":"ListItem","position":1,"name":"Portada","item":"https:\/\/www.monlau.com\/fp\/"},{"@type":"ListItem","position":2,"name":"Monlau y Digalix ponen en marcha un aula inmersiva pionera en Barcelona para transformar la Formaci\u00f3n Profesional"}]},{"@type":"WebSite","@id":"https:\/\/www.monlau.com\/fp\/#website","url":"https:\/\/www.monlau.com\/fp\/","name":"Formaci\u00f3n profesional","description":"Monlau","publisher":{"@id":"https:\/\/www.monlau.com\/fp\/#organization"},"potentialAction":[{"@type":"SearchAction","target":{"@type":"EntryPoint","urlTemplate":"https:\/\/www.monlau.com\/fp\/?s={search_term_string}"},"query-input":{"@type":"PropertyValueSpecification","valueRequired":true,"valueName":"search_term_string"}}],"inLanguage":"es"},{"@type":"Organization","@id":"https:\/\/www.monlau.com\/fp\/#organization","name":"Formaci\u00f3n profesional","url":"https:\/\/www.monlau.com\/fp\/","logo":{"@type":"ImageObject","inLanguage":"es","@id":"https:\/\/www.monlau.com\/fp\/#\/schema\/logo\/image\/","url":"https:\/\/www.monlau.com\/app\/uploads\/sites\/3\/2026\/01\/fp.png","contentUrl":"https:\/\/www.monlau.com\/app\/uploads\/sites\/3\/2026\/01\/fp.png","width":1024,"height":878,"caption":"Formaci\u00f3n profesional"},"image":{"@id":"https:\/\/www.monlau.com\/fp\/#\/schema\/logo\/image\/"}},{"@type":"Person","@id":"https:\/\/www.monlau.com\/fp\/#\/schema\/person\/419cfdf054323e24e0a2ef1d8597f051","name":"adsmurai","image":{"@type":"ImageObject","inLanguage":"es","@id":"https:\/\/secure.gravatar.com\/avatar\/0748788578f91786454454fa3b4c295644edb991ad6caadc70b41d26790d38fc?s=96&d=mm&r=g","url":"https:\/\/secure.gravatar.com\/avatar\/0748788578f91786454454fa3b4c295644edb991ad6caadc70b41d26790d38fc?s=96&d=mm&r=g","contentUrl":"https:\/\/secure.gravatar.com\/avatar\/0748788578f91786454454fa3b4c295644edb991ad6caadc70b41d26790d38fc?s=96&d=mm&r=g","caption":"adsmurai"},"sameAs":["https:\/\/www.monlau.com"],"url":"https:\/\/www.monlau.com\/fp\/author\/adsmurai\/"}]}},"_links":{"self":[{"href":"https:\/\/www.monlau.com\/fp\/wp-json\/wp\/v2\/posts\/6025","targetHints":{"allow":["GET"]}}],"collection":[{"href":"https:\/\/www.monlau.com\/fp\/wp-json\/wp\/v2\/posts"}],"about":[{"href":"https:\/\/www.monlau.com\/fp\/wp-json\/wp\/v2\/types\/post"}],"author":[{"embeddable":true,"href":"https:\/\/www.monlau.com\/fp\/wp-json\/wp\/v2\/users\/1"}],"replies":[{"embeddable":true,"href":"https:\/\/www.monlau.com\/fp\/wp-json\/wp\/v2\/comments?post=6025"}],"version-history":[{"count":1,"href":"https:\/\/www.monlau.com\/fp\/wp-json\/wp\/v2\/posts\/6025\/revisions"}],"predecessor-version":[{"id":6329,"href":"https:\/\/www.monlau.com\/fp\/wp-json\/wp\/v2\/posts\/6025\/revisions\/6329"}],"wp:featuredmedia":[{"embeddable":true,"href":"https:\/\/www.monlau.com\/fp\/wp-json\/wp\/v2\/media\/3796"}],"wp:attachment":[{"href":"https:\/\/www.monlau.com\/fp\/wp-json\/wp\/v2\/media?parent=6025"}],"wp:term":[{"taxonomy":"category","embeddable":true,"href":"https:\/\/www.monlau.com\/fp\/wp-json\/wp\/v2\/categories?post=6025"},{"taxonomy":"post_tag","embeddable":true,"href":"https:\/\/www.monlau.com\/fp\/wp-json\/wp\/v2\/tags?post=6025"}],"curies":[{"name":"wp","href":"https:\/\/api.w.org\/{rel}","templated":true}]}}