{"id":6024,"date":"2025-06-03T00:00:00","date_gmt":"2025-06-02T22:00:00","guid":{"rendered":"https:\/\/www.monlau.com\/formacion-profesional\/la-formacion-profesional-reune-a-mas-de-1-200-personas-y-75-empresas-del-sector-en-la-iv-jornada-de-la-automocion\/"},"modified":"2026-03-10T10:03:26","modified_gmt":"2026-03-10T09:03:26","slug":"la-formacion-profesional-reune-a-mas-de-1-200-personas-y-75-empresas-del-sector-en-la-iv-jornada-de-la-automocion","status":"publish","type":"post","link":"https:\/\/www.monlau.com\/fp\/2025\/06\/03\/la-formacion-profesional-reune-a-mas-de-1-200-personas-y-75-empresas-del-sector-en-la-iv-jornada-de-la-automocion\/","title":{"rendered":"La Formaci\u00f3n Profesional re\u00fane a m\u00e1s de 1.200 personas y 75 empresas del sector en la IV Jornada de la Automoci\u00f3n"},"content":{"rendered":"<blockquote>\n<p><span style=\"font-size: 16px;\">El secretario de Formaci\u00f3n Profesional del Departament d\u2019Educaci\u00f3 de la Generalitat de Catalunya, <strong>Francesc Roca<\/strong>, inaugura la jornada y destaca \u201cel talento\u201d del alumnado.<\/span><\/p>\n<p><span style=\"font-size: 16px;\"><\/span><\/p>\n<p><span style=\"font-size: 16px;\">El director general de Grupo Monlau, Iban Ventura, subraya que la Jornada de la Automoci\u00f3n es un <strong>\u201cevento consolidado en el sector\u201d<\/strong> y felicita al alumnado de Monlau por los excelentes trabajos presentados<\/span><\/p>\n<p><span style=\"font-size: 16px;\"><\/span><\/p>\n<p><span style=\"font-size: 16px;\">Iban Ventura: \u201cSi queremos conseguir una Formaci\u00f3n Profesional de primer nivel, es imprescindible que haya una conexi\u00f3n directa entre los centros de formaci\u00f3n y las empresas\u201d<\/span><\/p>\n<p><span style=\"font-size: 16px;\"><\/span><\/p>\n<p><span style=\"font-size: 16px;\">Durante la Jornada, se produjeron <strong>m\u00e1s de 200 contactos reales entre empresas y estudiantes, y se realizaron m\u00e1s de 70 entrevistas de trabajo<\/strong><\/span><strong><span style=\"font-size: 16px;\"><br \/><\/span><\/strong><\/p>\n<\/blockquote>\n<p style=\"text-align: right;\">Barcelona, 3 de junio de 2025<\/p>\n<p style=\"text-align: justify;\">La Formaci\u00f3n Profesional ha reunido a m\u00e1s de 1.200 personas y 75 empresas del sector en la <strong><a href=\"https:\/\/www.monlau.com\/formacio-professional\/jornada-de-la-automocion-2025\/\">IV Jornada de la Automoci\u00f3n de Monlau<\/a>,<\/strong> que ha cerrado su edici\u00f3n m\u00e1s exitosa, en cuanto a n\u00famero de asistentes y empresas participantes. Los Grupos <a href=\"https:\/\/www.quadis.es\/actualidad\/asi-fue-la-4-jornada-de-l-automocio-en-nurburgreen-indoor\/78104073\">Quadis<\/a>,<a href=\"https:\/\/m-automocion.com\/m-automocion-vuelve-a-apostar-por-el-talento-joven-en-la-4a-jornada-de-la-automocion-de-monlau-fp\/\"> M Automoci\u00f3n<\/a>, <a href=\"https:\/\/moventia.es\/news\/moventia-repite-su-presencia-en-la-jornada-de-la-automocion-de-monlau-un-impulso-a-la-formacion-profesional-y-al-talento-joven\/\">Moventia<\/a>, Lever Touch, BMW Barcelona Premium, Dongfeng, Autel Equipataller y Porsche Barcelona, entre otros muchos, han participado activamente de este encuentro del sector de la Automoci\u00f3n.<\/p>\n<p style=\"text-align: justify;\">Se trata de un acto acad\u00e9mico en el que los estudiantes de Grado Medio y Grado Superior de Monlau presentan sus proyectos finales, y al que asisten numerosas empresas interesadas en llevar a cabo demostraciones de producto y realizar actividades de captaci\u00f3n de talento.<\/p>\n<p style=\"text-align: justify;\">La Jornada ha tenido lugar por tercer a\u00f1o consecutivo en el circuito de <strong>N\u00fcrburgreen Indoor<\/strong>, el karting el\u00e9ctrico m\u00e1s grande de Europa, que est\u00e1 dirigido por dos exalumnos de Monlau, <strong>Marc y Edgar<\/strong>.<\/p>\n<p style=\"text-align: justify;\">El evento ha sido inaugurado por el <strong>secretario de Formaci\u00f3n Profesional del Departament d\u2019Educaci\u00f3 de la Generalitat de Catalunya, Francesc Roca<\/strong>, quien ha querido destacar \u201c<strong>el talento<\/strong>\u201d y la capacidad de los estudiantes de Monlau, y quien se ha mostrado gratamente sorprendido por \u201cla magnitud y el impacto real de la jornada\u201d.<\/p>\n<p style=\"text-align: justify;\">El <strong>director general del Grupo Monlau, Iban Ventura<\/strong>, ha subrayado que \u201cla Jornada de la Automoci\u00f3n es un <strong>evento plenamente consolidado<\/strong> en el sector\u201d. Ventura ha reconocido al alumnado por \u201clos <strong>excelentes trabajos<\/strong> presentados\u201d y ha remarcado que \u201c<strong>si queremos conseguir una Formaci\u00f3n Profesional de primer nivel, es imprescindible que haya una conexi\u00f3n directa entre los centros de formaci\u00f3n y las empresas<\/strong>. Y este evento es un claro ejemplo de ello\u201d.<\/p>\n<p style=\"text-align: justify;\">Esa conexi\u00f3n ha quedado m\u00e1s que demostrada durante esta edici\u00f3n, en la que se han generado <strong>m\u00e1s de 200 contactos reales entre empresas y estudiantes<\/strong> y se han realizado <strong>m\u00e1s de 70 entrevistas de trabajo in situ<\/strong>, confirmando el valor del evento como <strong>puente directo entre la formaci\u00f3n acad\u00e9mica y la inserci\u00f3n laboral<\/strong>.<\/p>\n<p style=\"text-align: justify;\">En total, <strong>225 alumnos<\/strong> de <strong>Ciclos Formativos de Grado Medio y Superior<\/strong> expusieron sus <strong>proyectos finales<\/strong>, dando muestra de su capacidad t\u00e9cnica, creatividad e iniciativa. La jornada tambi\u00e9n cont\u00f3 con una importante presencia de <strong>familias<\/strong>, que acompa\u00f1aron a los estudiantes en este momento decisivo de su trayectoria formativa.<\/p>\n<p style=\"text-align: justify;\">Ganadora de reconocimientos como el <strong>Premio Educaweb 2024<\/strong>, la Jornada de la Automoci\u00f3n se reafirma como una <strong>referencia educativa y profesional<\/strong>, y Monlau fortalece de nuevo su compromiso con una <strong>formaci\u00f3n t\u00e9cnica conectada con las demandas reales del sector<\/strong>.<\/p>\n<p style=\"text-align: justify;\">Este a\u00f1o, por primera vez, centros de otras comunidades aut\u00f3nomas han asistido a la Jornada de la Automoci\u00f3n. La directora del CPIFP de El Arenal, Cristina Caballero, se\u00f1al\u00f3 que se trata de un evento \u201cexportable\u201d a otras ciudades y alab\u00f3 la buena organizaci\u00f3n y la predisposici\u00f3n de alumnos y empresas a la hora de encontrar puntos de contacto y sinergias.<\/p>\n<p><strong>Si deseas m\u00e1s informaci\u00f3n puedes ponerte en contacto con nosotros: <\/strong><\/p>\n<ul>\n<li><strong>Grupo Monlau<\/strong>. Fernando Alabad\u00ed. E-mail: <a href=\"mailto:alabadif@monlau.com\">alabadif@monlau.com<\/a> Tel\u00e9fono de contacto: 667103717<\/li>\n<\/ul>\n","protected":false},"excerpt":{"rendered":"<p>El secretario de Formaci\u00f3n Profesional del Departament d\u2019Educaci\u00f3 de la Generalitat de Catalunya, Francesc Roca, inaugura la jornada y destaca \u201cel talento\u201d del alumnado. El director general de Grupo Monlau, Iban Ventura, subraya que la Jornada de la Automoci\u00f3n es un \u201cevento consolidado en el sector\u201d y felicita al alumnado de Monlau por los excelentes [&hellip;]<\/p>\n","protected":false},"author":1,"featured_media":3794,"comment_status":"closed","ping_status":"closed","sticky":false,"template":"","format":"standard","meta":{"footnotes":""},"categories":[36,57],"tags":[107,166,96,49],"class_list":["post-6024","post","type-post","status-publish","format-standard","has-post-thumbnail","hentry","category-automocion","category-monlau","tag-automocion","tag-barcelona","tag-empresas","tag-formacion-profesional"],"yoast_head":"<!-- This site is optimized with the Yoast SEO plugin v27.2 - https:\/\/yoast.com\/product\/yoast-seo-wordpress\/ -->\n<title>La Formaci\u00f3n Profesional re\u00fane a m\u00e1s de 1.200 personas y 75 empresas del sector en la IV Jornada de la Automoci\u00f3n - Formaci\u00f3n profesional<\/title>\n<meta name=\"robots\" content=\"index, follow, max-snippet:-1, max-image-preview:large, max-video-preview:-1\" \/>\n<link rel=\"canonical\" href=\"https:\/\/www.monlau.com\/fp\/2025\/06\/03\/la-formacion-profesional-reune-a-mas-de-1-200-personas-y-75-empresas-del-sector-en-la-iv-jornada-de-la-automocion\/\" \/>\n<meta property=\"og:locale\" content=\"es_ES\" \/>\n<meta property=\"og:type\" content=\"article\" \/>\n<meta property=\"og:title\" content=\"La Formaci\u00f3n Profesional re\u00fane a m\u00e1s de 1.200 personas y 75 empresas del sector en la IV Jornada de la Automoci\u00f3n - Formaci\u00f3n profesional\" \/>\n<meta property=\"og:description\" content=\"El secretario de Formaci\u00f3n Profesional del Departament d\u2019Educaci\u00f3 de la Generalitat de Catalunya, Francesc Roca, inaugura la jornada y destaca \u201cel talento\u201d del alumnado. El director general de Grupo Monlau, Iban Ventura, subraya que la Jornada de la Automoci\u00f3n es un \u201cevento consolidado en el sector\u201d y felicita al alumnado de Monlau por los excelentes [&hellip;]\" \/>\n<meta property=\"og:url\" content=\"https:\/\/www.monlau.com\/fp\/2025\/06\/03\/la-formacion-profesional-reune-a-mas-de-1-200-personas-y-75-empresas-del-sector-en-la-iv-jornada-de-la-automocion\/\" \/>\n<meta property=\"og:site_name\" content=\"Formaci\u00f3n profesional\" \/>\n<meta property=\"article:published_time\" content=\"2025-06-02T22:00:00+00:00\" \/>\n<meta property=\"article:modified_time\" content=\"2026-03-10T09:03:26+00:00\" \/>\n<meta property=\"og:image\" content=\"https:\/\/www.monlau.com\/app\/uploads\/sites\/3\/2026\/03\/Iban-Ventura-y-Francesc-Roca-en-la-IV-Jornada-de-la-Autmocion.jpg\" \/>\n\t<meta property=\"og:image:width\" content=\"1000\" \/>\n\t<meta property=\"og:image:height\" content=\"750\" \/>\n\t<meta property=\"og:image:type\" content=\"image\/jpeg\" \/>\n<meta name=\"author\" content=\"adsmurai\" \/>\n<meta name=\"twitter:card\" content=\"summary_large_image\" \/>\n<meta name=\"twitter:label1\" content=\"Escrito por\" \/>\n\t<meta name=\"twitter:data1\" content=\"adsmurai\" \/>\n\t<meta name=\"twitter:label2\" content=\"Tiempo de lectura\" \/>\n\t<meta name=\"twitter:data2\" content=\"3 minutos\" \/>\n<script type=\"application\/ld+json\" class=\"yoast-schema-graph\">{\"@context\":\"https:\/\/schema.org\",\"@graph\":[{\"@type\":\"Article\",\"@id\":\"https:\/\/www.monlau.com\/fp\/2025\/06\/03\/la-formacion-profesional-reune-a-mas-de-1-200-personas-y-75-empresas-del-sector-en-la-iv-jornada-de-la-automocion\/#article\",\"isPartOf\":{\"@id\":\"https:\/\/www.monlau.com\/fp\/2025\/06\/03\/la-formacion-profesional-reune-a-mas-de-1-200-personas-y-75-empresas-del-sector-en-la-iv-jornada-de-la-automocion\/\"},\"author\":{\"name\":\"adsmurai\",\"@id\":\"https:\/\/www.monlau.com\/fp\/#\/schema\/person\/419cfdf054323e24e0a2ef1d8597f051\"},\"headline\":\"La Formaci\u00f3n Profesional re\u00fane a m\u00e1s de 1.200 personas y 75 empresas del sector en la IV Jornada de la Automoci\u00f3n\",\"datePublished\":\"2025-06-02T22:00:00+00:00\",\"dateModified\":\"2026-03-10T09:03:26+00:00\",\"mainEntityOfPage\":{\"@id\":\"https:\/\/www.monlau.com\/fp\/2025\/06\/03\/la-formacion-profesional-reune-a-mas-de-1-200-personas-y-75-empresas-del-sector-en-la-iv-jornada-de-la-automocion\/\"},\"wordCount\":668,\"publisher\":{\"@id\":\"https:\/\/www.monlau.com\/fp\/#organization\"},\"image\":{\"@id\":\"https:\/\/www.monlau.com\/fp\/2025\/06\/03\/la-formacion-profesional-reune-a-mas-de-1-200-personas-y-75-empresas-del-sector-en-la-iv-jornada-de-la-automocion\/#primaryimage\"},\"thumbnailUrl\":\"https:\/\/www.monlau.com\/app\/uploads\/sites\/3\/2026\/03\/Iban-Ventura-y-Francesc-Roca-en-la-IV-Jornada-de-la-Autmocion.jpg\",\"keywords\":[\"Automoci\u00f3n\",\"barcelona\",\"empresas\",\"formaci\u00f3n profesional\"],\"articleSection\":[\"Automoci\u00f3n\",\"Monlau\"],\"inLanguage\":\"es\"},{\"@type\":\"WebPage\",\"@id\":\"https:\/\/www.monlau.com\/fp\/2025\/06\/03\/la-formacion-profesional-reune-a-mas-de-1-200-personas-y-75-empresas-del-sector-en-la-iv-jornada-de-la-automocion\/\",\"url\":\"https:\/\/www.monlau.com\/fp\/2025\/06\/03\/la-formacion-profesional-reune-a-mas-de-1-200-personas-y-75-empresas-del-sector-en-la-iv-jornada-de-la-automocion\/\",\"name\":\"La Formaci\u00f3n Profesional re\u00fane a m\u00e1s de 1.200 personas y 75 empresas del sector en la IV Jornada de la Automoci\u00f3n - Formaci\u00f3n profesional\",\"isPartOf\":{\"@id\":\"https:\/\/www.monlau.com\/fp\/#website\"},\"primaryImageOfPage\":{\"@id\":\"https:\/\/www.monlau.com\/fp\/2025\/06\/03\/la-formacion-profesional-reune-a-mas-de-1-200-personas-y-75-empresas-del-sector-en-la-iv-jornada-de-la-automocion\/#primaryimage\"},\"image\":{\"@id\":\"https:\/\/www.monlau.com\/fp\/2025\/06\/03\/la-formacion-profesional-reune-a-mas-de-1-200-personas-y-75-empresas-del-sector-en-la-iv-jornada-de-la-automocion\/#primaryimage\"},\"thumbnailUrl\":\"https:\/\/www.monlau.com\/app\/uploads\/sites\/3\/2026\/03\/Iban-Ventura-y-Francesc-Roca-en-la-IV-Jornada-de-la-Autmocion.jpg\",\"datePublished\":\"2025-06-02T22:00:00+00:00\",\"dateModified\":\"2026-03-10T09:03:26+00:00\",\"breadcrumb\":{\"@id\":\"https:\/\/www.monlau.com\/fp\/2025\/06\/03\/la-formacion-profesional-reune-a-mas-de-1-200-personas-y-75-empresas-del-sector-en-la-iv-jornada-de-la-automocion\/#breadcrumb\"},\"inLanguage\":\"es\",\"potentialAction\":[{\"@type\":\"ReadAction\",\"target\":[\"https:\/\/www.monlau.com\/fp\/2025\/06\/03\/la-formacion-profesional-reune-a-mas-de-1-200-personas-y-75-empresas-del-sector-en-la-iv-jornada-de-la-automocion\/\"]}]},{\"@type\":\"ImageObject\",\"inLanguage\":\"es\",\"@id\":\"https:\/\/www.monlau.com\/fp\/2025\/06\/03\/la-formacion-profesional-reune-a-mas-de-1-200-personas-y-75-empresas-del-sector-en-la-iv-jornada-de-la-automocion\/#primaryimage\",\"url\":\"https:\/\/www.monlau.com\/app\/uploads\/sites\/3\/2026\/03\/Iban-Ventura-y-Francesc-Roca-en-la-IV-Jornada-de-la-Autmocion.jpg\",\"contentUrl\":\"https:\/\/www.monlau.com\/app\/uploads\/sites\/3\/2026\/03\/Iban-Ventura-y-Francesc-Roca-en-la-IV-Jornada-de-la-Autmocion.jpg\",\"width\":1000,\"height\":750},{\"@type\":\"BreadcrumbList\",\"@id\":\"https:\/\/www.monlau.com\/fp\/2025\/06\/03\/la-formacion-profesional-reune-a-mas-de-1-200-personas-y-75-empresas-del-sector-en-la-iv-jornada-de-la-automocion\/#breadcrumb\",\"itemListElement\":[{\"@type\":\"ListItem\",\"position\":1,\"name\":\"Portada\",\"item\":\"https:\/\/www.monlau.com\/fp\/\"},{\"@type\":\"ListItem\",\"position\":2,\"name\":\"La Formaci\u00f3n Profesional re\u00fane a m\u00e1s de 1.200 personas y 75 empresas del sector en la IV Jornada de la Automoci\u00f3n\"}]},{\"@type\":\"WebSite\",\"@id\":\"https:\/\/www.monlau.com\/fp\/#website\",\"url\":\"https:\/\/www.monlau.com\/fp\/\",\"name\":\"Formaci\u00f3n profesional\",\"description\":\"Monlau\",\"publisher\":{\"@id\":\"https:\/\/www.monlau.com\/fp\/#organization\"},\"potentialAction\":[{\"@type\":\"SearchAction\",\"target\":{\"@type\":\"EntryPoint\",\"urlTemplate\":\"https:\/\/www.monlau.com\/fp\/?s={search_term_string}\"},\"query-input\":{\"@type\":\"PropertyValueSpecification\",\"valueRequired\":true,\"valueName\":\"search_term_string\"}}],\"inLanguage\":\"es\"},{\"@type\":\"Organization\",\"@id\":\"https:\/\/www.monlau.com\/fp\/#organization\",\"name\":\"Formaci\u00f3n profesional\",\"url\":\"https:\/\/www.monlau.com\/fp\/\",\"logo\":{\"@type\":\"ImageObject\",\"inLanguage\":\"es\",\"@id\":\"https:\/\/www.monlau.com\/fp\/#\/schema\/logo\/image\/\",\"url\":\"https:\/\/www.monlau.com\/app\/uploads\/sites\/3\/2026\/01\/fp.png\",\"contentUrl\":\"https:\/\/www.monlau.com\/app\/uploads\/sites\/3\/2026\/01\/fp.png\",\"width\":1024,\"height\":878,\"caption\":\"Formaci\u00f3n profesional\"},\"image\":{\"@id\":\"https:\/\/www.monlau.com\/fp\/#\/schema\/logo\/image\/\"}},{\"@type\":\"Person\",\"@id\":\"https:\/\/www.monlau.com\/fp\/#\/schema\/person\/419cfdf054323e24e0a2ef1d8597f051\",\"name\":\"adsmurai\",\"image\":{\"@type\":\"ImageObject\",\"inLanguage\":\"es\",\"@id\":\"https:\/\/secure.gravatar.com\/avatar\/0748788578f91786454454fa3b4c295644edb991ad6caadc70b41d26790d38fc?s=96&d=mm&r=g\",\"url\":\"https:\/\/secure.gravatar.com\/avatar\/0748788578f91786454454fa3b4c295644edb991ad6caadc70b41d26790d38fc?s=96&d=mm&r=g\",\"contentUrl\":\"https:\/\/secure.gravatar.com\/avatar\/0748788578f91786454454fa3b4c295644edb991ad6caadc70b41d26790d38fc?s=96&d=mm&r=g\",\"caption\":\"adsmurai\"},\"sameAs\":[\"https:\/\/www.monlau.com\"],\"url\":\"https:\/\/www.monlau.com\/fp\/author\/adsmurai\/\"}]}<\/script>\n<!-- \/ Yoast SEO plugin. -->","yoast_head_json":{"title":"La Formaci\u00f3n Profesional re\u00fane a m\u00e1s de 1.200 personas y 75 empresas del sector en la IV Jornada de la Automoci\u00f3n - Formaci\u00f3n profesional","robots":{"index":"index","follow":"follow","max-snippet":"max-snippet:-1","max-image-preview":"max-image-preview:large","max-video-preview":"max-video-preview:-1"},"canonical":"https:\/\/www.monlau.com\/fp\/2025\/06\/03\/la-formacion-profesional-reune-a-mas-de-1-200-personas-y-75-empresas-del-sector-en-la-iv-jornada-de-la-automocion\/","og_locale":"es_ES","og_type":"article","og_title":"La Formaci\u00f3n Profesional re\u00fane a m\u00e1s de 1.200 personas y 75 empresas del sector en la IV Jornada de la Automoci\u00f3n - Formaci\u00f3n profesional","og_description":"El secretario de Formaci\u00f3n Profesional del Departament d\u2019Educaci\u00f3 de la Generalitat de Catalunya, Francesc Roca, inaugura la jornada y destaca \u201cel talento\u201d del alumnado. El director general de Grupo Monlau, Iban Ventura, subraya que la Jornada de la Automoci\u00f3n es un \u201cevento consolidado en el sector\u201d y felicita al alumnado de Monlau por los excelentes [&hellip;]","og_url":"https:\/\/www.monlau.com\/fp\/2025\/06\/03\/la-formacion-profesional-reune-a-mas-de-1-200-personas-y-75-empresas-del-sector-en-la-iv-jornada-de-la-automocion\/","og_site_name":"Formaci\u00f3n profesional","article_published_time":"2025-06-02T22:00:00+00:00","article_modified_time":"2026-03-10T09:03:26+00:00","og_image":[{"width":1000,"height":750,"url":"https:\/\/www.monlau.com\/app\/uploads\/sites\/3\/2026\/03\/Iban-Ventura-y-Francesc-Roca-en-la-IV-Jornada-de-la-Autmocion.jpg","type":"image\/jpeg"}],"author":"adsmurai","twitter_card":"summary_large_image","twitter_misc":{"Escrito por":"adsmurai","Tiempo de lectura":"3 minutos"},"schema":{"@context":"https:\/\/schema.org","@graph":[{"@type":"Article","@id":"https:\/\/www.monlau.com\/fp\/2025\/06\/03\/la-formacion-profesional-reune-a-mas-de-1-200-personas-y-75-empresas-del-sector-en-la-iv-jornada-de-la-automocion\/#article","isPartOf":{"@id":"https:\/\/www.monlau.com\/fp\/2025\/06\/03\/la-formacion-profesional-reune-a-mas-de-1-200-personas-y-75-empresas-del-sector-en-la-iv-jornada-de-la-automocion\/"},"author":{"name":"adsmurai","@id":"https:\/\/www.monlau.com\/fp\/#\/schema\/person\/419cfdf054323e24e0a2ef1d8597f051"},"headline":"La Formaci\u00f3n Profesional re\u00fane a m\u00e1s de 1.200 personas y 75 empresas del sector en la IV Jornada de la Automoci\u00f3n","datePublished":"2025-06-02T22:00:00+00:00","dateModified":"2026-03-10T09:03:26+00:00","mainEntityOfPage":{"@id":"https:\/\/www.monlau.com\/fp\/2025\/06\/03\/la-formacion-profesional-reune-a-mas-de-1-200-personas-y-75-empresas-del-sector-en-la-iv-jornada-de-la-automocion\/"},"wordCount":668,"publisher":{"@id":"https:\/\/www.monlau.com\/fp\/#organization"},"image":{"@id":"https:\/\/www.monlau.com\/fp\/2025\/06\/03\/la-formacion-profesional-reune-a-mas-de-1-200-personas-y-75-empresas-del-sector-en-la-iv-jornada-de-la-automocion\/#primaryimage"},"thumbnailUrl":"https:\/\/www.monlau.com\/app\/uploads\/sites\/3\/2026\/03\/Iban-Ventura-y-Francesc-Roca-en-la-IV-Jornada-de-la-Autmocion.jpg","keywords":["Automoci\u00f3n","barcelona","empresas","formaci\u00f3n profesional"],"articleSection":["Automoci\u00f3n","Monlau"],"inLanguage":"es"},{"@type":"WebPage","@id":"https:\/\/www.monlau.com\/fp\/2025\/06\/03\/la-formacion-profesional-reune-a-mas-de-1-200-personas-y-75-empresas-del-sector-en-la-iv-jornada-de-la-automocion\/","url":"https:\/\/www.monlau.com\/fp\/2025\/06\/03\/la-formacion-profesional-reune-a-mas-de-1-200-personas-y-75-empresas-del-sector-en-la-iv-jornada-de-la-automocion\/","name":"La Formaci\u00f3n Profesional re\u00fane a m\u00e1s de 1.200 personas y 75 empresas del sector en la IV Jornada de la Automoci\u00f3n - Formaci\u00f3n profesional","isPartOf":{"@id":"https:\/\/www.monlau.com\/fp\/#website"},"primaryImageOfPage":{"@id":"https:\/\/www.monlau.com\/fp\/2025\/06\/03\/la-formacion-profesional-reune-a-mas-de-1-200-personas-y-75-empresas-del-sector-en-la-iv-jornada-de-la-automocion\/#primaryimage"},"image":{"@id":"https:\/\/www.monlau.com\/fp\/2025\/06\/03\/la-formacion-profesional-reune-a-mas-de-1-200-personas-y-75-empresas-del-sector-en-la-iv-jornada-de-la-automocion\/#primaryimage"},"thumbnailUrl":"https:\/\/www.monlau.com\/app\/uploads\/sites\/3\/2026\/03\/Iban-Ventura-y-Francesc-Roca-en-la-IV-Jornada-de-la-Autmocion.jpg","datePublished":"2025-06-02T22:00:00+00:00","dateModified":"2026-03-10T09:03:26+00:00","breadcrumb":{"@id":"https:\/\/www.monlau.com\/fp\/2025\/06\/03\/la-formacion-profesional-reune-a-mas-de-1-200-personas-y-75-empresas-del-sector-en-la-iv-jornada-de-la-automocion\/#breadcrumb"},"inLanguage":"es","potentialAction":[{"@type":"ReadAction","target":["https:\/\/www.monlau.com\/fp\/2025\/06\/03\/la-formacion-profesional-reune-a-mas-de-1-200-personas-y-75-empresas-del-sector-en-la-iv-jornada-de-la-automocion\/"]}]},{"@type":"ImageObject","inLanguage":"es","@id":"https:\/\/www.monlau.com\/fp\/2025\/06\/03\/la-formacion-profesional-reune-a-mas-de-1-200-personas-y-75-empresas-del-sector-en-la-iv-jornada-de-la-automocion\/#primaryimage","url":"https:\/\/www.monlau.com\/app\/uploads\/sites\/3\/2026\/03\/Iban-Ventura-y-Francesc-Roca-en-la-IV-Jornada-de-la-Autmocion.jpg","contentUrl":"https:\/\/www.monlau.com\/app\/uploads\/sites\/3\/2026\/03\/Iban-Ventura-y-Francesc-Roca-en-la-IV-Jornada-de-la-Autmocion.jpg","width":1000,"height":750},{"@type":"BreadcrumbList","@id":"https:\/\/www.monlau.com\/fp\/2025\/06\/03\/la-formacion-profesional-reune-a-mas-de-1-200-personas-y-75-empresas-del-sector-en-la-iv-jornada-de-la-automocion\/#breadcrumb","itemListElement":[{"@type":"ListItem","position":1,"name":"Portada","item":"https:\/\/www.monlau.com\/fp\/"},{"@type":"ListItem","position":2,"name":"La Formaci\u00f3n Profesional re\u00fane a m\u00e1s de 1.200 personas y 75 empresas del sector en la IV Jornada de la Automoci\u00f3n"}]},{"@type":"WebSite","@id":"https:\/\/www.monlau.com\/fp\/#website","url":"https:\/\/www.monlau.com\/fp\/","name":"Formaci\u00f3n profesional","description":"Monlau","publisher":{"@id":"https:\/\/www.monlau.com\/fp\/#organization"},"potentialAction":[{"@type":"SearchAction","target":{"@type":"EntryPoint","urlTemplate":"https:\/\/www.monlau.com\/fp\/?s={search_term_string}"},"query-input":{"@type":"PropertyValueSpecification","valueRequired":true,"valueName":"search_term_string"}}],"inLanguage":"es"},{"@type":"Organization","@id":"https:\/\/www.monlau.com\/fp\/#organization","name":"Formaci\u00f3n profesional","url":"https:\/\/www.monlau.com\/fp\/","logo":{"@type":"ImageObject","inLanguage":"es","@id":"https:\/\/www.monlau.com\/fp\/#\/schema\/logo\/image\/","url":"https:\/\/www.monlau.com\/app\/uploads\/sites\/3\/2026\/01\/fp.png","contentUrl":"https:\/\/www.monlau.com\/app\/uploads\/sites\/3\/2026\/01\/fp.png","width":1024,"height":878,"caption":"Formaci\u00f3n profesional"},"image":{"@id":"https:\/\/www.monlau.com\/fp\/#\/schema\/logo\/image\/"}},{"@type":"Person","@id":"https:\/\/www.monlau.com\/fp\/#\/schema\/person\/419cfdf054323e24e0a2ef1d8597f051","name":"adsmurai","image":{"@type":"ImageObject","inLanguage":"es","@id":"https:\/\/secure.gravatar.com\/avatar\/0748788578f91786454454fa3b4c295644edb991ad6caadc70b41d26790d38fc?s=96&d=mm&r=g","url":"https:\/\/secure.gravatar.com\/avatar\/0748788578f91786454454fa3b4c295644edb991ad6caadc70b41d26790d38fc?s=96&d=mm&r=g","contentUrl":"https:\/\/secure.gravatar.com\/avatar\/0748788578f91786454454fa3b4c295644edb991ad6caadc70b41d26790d38fc?s=96&d=mm&r=g","caption":"adsmurai"},"sameAs":["https:\/\/www.monlau.com"],"url":"https:\/\/www.monlau.com\/fp\/author\/adsmurai\/"}]}},"_links":{"self":[{"href":"https:\/\/www.monlau.com\/fp\/wp-json\/wp\/v2\/posts\/6024","targetHints":{"allow":["GET"]}}],"collection":[{"href":"https:\/\/www.monlau.com\/fp\/wp-json\/wp\/v2\/posts"}],"about":[{"href":"https:\/\/www.monlau.com\/fp\/wp-json\/wp\/v2\/types\/post"}],"author":[{"embeddable":true,"href":"https:\/\/www.monlau.com\/fp\/wp-json\/wp\/v2\/users\/1"}],"replies":[{"embeddable":true,"href":"https:\/\/www.monlau.com\/fp\/wp-json\/wp\/v2\/comments?post=6024"}],"version-history":[{"count":1,"href":"https:\/\/www.monlau.com\/fp\/wp-json\/wp\/v2\/posts\/6024\/revisions"}],"predecessor-version":[{"id":6330,"href":"https:\/\/www.monlau.com\/fp\/wp-json\/wp\/v2\/posts\/6024\/revisions\/6330"}],"wp:featuredmedia":[{"embeddable":true,"href":"https:\/\/www.monlau.com\/fp\/wp-json\/wp\/v2\/media\/3794"}],"wp:attachment":[{"href":"https:\/\/www.monlau.com\/fp\/wp-json\/wp\/v2\/media?parent=6024"}],"wp:term":[{"taxonomy":"category","embeddable":true,"href":"https:\/\/www.monlau.com\/fp\/wp-json\/wp\/v2\/categories?post=6024"},{"taxonomy":"post_tag","embeddable":true,"href":"https:\/\/www.monlau.com\/fp\/wp-json\/wp\/v2\/tags?post=6024"}],"curies":[{"name":"wp","href":"https:\/\/api.w.org\/{rel}","templated":true}]}}