{"id":6020,"date":"2025-03-26T00:00:00","date_gmt":"2025-03-25T23:00:00","guid":{"rendered":"https:\/\/www.monlau.com\/formacion-profesional\/barcelona-premium-y-monlau\/"},"modified":"2026-03-23T16:49:22","modified_gmt":"2026-03-23T15:49:22","slug":"barcelona-premium-y-monlau","status":"publish","type":"post","link":"https:\/\/www.monlau.com\/fp\/2025\/03\/26\/barcelona-premium-y-monlau\/","title":{"rendered":"Barcelona Premium y Monlau: una alianza para formar talento en el sector premium"},"content":{"rendered":"<p class=\"\" data-start=\"525\" data-end=\"705\">En Monlau, apostamos por una formaci\u00f3n conectada con empresas reales. Por eso, hemos firmado una alianza con <strong data-start=\"634\" data-end=\"655\">Barcelona Premium<\/strong>, concesionario oficial BMW y MINI en Barcelona.<\/p>\n<p class=\"\" data-start=\"707\" data-end=\"904\">Esta colaboraci\u00f3n acerca al alumnado a dos marcas l\u00edderes en automoci\u00f3n. Adem\u00e1s, refuerza el v\u00ednculo entre formaci\u00f3n y empleo en uno de los sectores m\u00e1s exigentes: el de la automoci\u00f3n de alta gama.<\/p>\n<h2 class=\"x_MsoNormal\"><b data-olk-copy-source=\"MessageBody\">Barcelona Premium, una presencia que marca la diferencia<\/b><\/h2>\n<p class=\"\" data-start=\"950\" data-end=\"1059\">Gracias a este acuerdo, nace el espacio <strong data-start=\"990\" data-end=\"1018\">\u2018Aula Barcelona Premium\u2019<\/strong> en nuestro centro de FP en Automoci\u00f3n.<\/p>\n<p class=\"\" data-start=\"1061\" data-end=\"1251\">Este aula permitir\u00e1 que el alumnado aprenda con herramientas reales desde el primer d\u00eda. Adem\u00e1s, contar\u00e1 con contenidos adaptados al nivel t\u00e9cnico y profesional que exige el mercado premium.<\/p>\n<p class=\"\" data-start=\"1253\" data-end=\"1325\">Por tanto, la formaci\u00f3n ser\u00e1 m\u00e1s cercana, m\u00e1s pr\u00e1ctica y m\u00e1s motivadora.<\/p>\n<h3 class=\"x_MsoNormal\"><b data-olk-copy-source=\"MessageBody\">Oportunidades que se trasforman en empleo con Barcelona Premium<\/b><\/h3>\n<p class=\"\" data-start=\"1376\" data-end=\"1497\">El acuerdo con Barcelona Premium no solo mejora la experiencia educativa. Tambi\u00e9n abre puertas reales al mundo laboral.<\/p>\n<p class=\"\" data-start=\"1499\" data-end=\"1529\">Entre las ventajas destacan:<\/p>\n<ul data-start=\"1531\" data-end=\"1712\">\n<li class=\"\" data-start=\"1531\" data-end=\"1571\">\n<p class=\"\" data-start=\"1533\" data-end=\"1571\">Pr\u00e1cticas en entornos profesionales.<\/p>\n<\/li>\n<li class=\"\" data-start=\"1572\" data-end=\"1611\">\n<p class=\"\" data-start=\"1574\" data-end=\"1611\">Formaci\u00f3n dual con enfoque premium.<\/p>\n<\/li>\n<li class=\"\" data-start=\"1612\" data-end=\"1712\">\n<p class=\"\" data-start=\"1614\" data-end=\"1712\">Posibilidades de empleo en el sector posventa, diagnosis, atenci\u00f3n al cliente o mec\u00e1nica avanzada.<\/p>\n<\/li>\n<\/ul>\n<p class=\"\" data-start=\"1714\" data-end=\"1861\">Adem\u00e1s, trabajar con marcas como BMW y MINI mejora el perfil profesional del alumnado. Les permite destacar en un mercado cada vez m\u00e1s competitivo.<\/p>\n<h3 class=\"x_MsoNormal\"><b data-olk-copy-source=\"MessageBody\">Excelencia, servicio e innovaci\u00f3n en Barcelona Premium<\/b><\/h3>\n<p class=\"\" data-start=\"1903\" data-end=\"2111\"><strong data-start=\"1903\" data-end=\"1924\">Barcelona Premium<\/strong> representa valores clave como la calidad, la innovaci\u00f3n y la atenci\u00f3n al detalle. Es un referente en la automoci\u00f3n de gama alta y un aliado ideal para formar a los t\u00e9cnicos del futuro.<\/p>\n<p class=\"\" data-start=\"2113\" data-end=\"2291\">En Monlau, sabemos que el entorno cambia. Por eso, conectamos con empresas que miran hacia adelante. As\u00ed, preparamos al alumnado para lo que viene, no solo para lo que ya existe.<\/p>\n<p class=\"x_MsoNormal\" aria-hidden=\"true\">\n","protected":false},"excerpt":{"rendered":"<p>En Monlau, apostamos por una formaci\u00f3n conectada con empresas reales. Por eso, hemos firmado una alianza con Barcelona Premium, concesionario oficial BMW y MINI en Barcelona. Esta colaboraci\u00f3n acerca al alumnado a dos marcas l\u00edderes en automoci\u00f3n. Adem\u00e1s, refuerza el v\u00ednculo entre formaci\u00f3n y empleo en uno de los sectores m\u00e1s exigentes: el de la [&hellip;]<\/p>\n","protected":false},"author":1,"featured_media":3787,"comment_status":"closed","ping_status":"closed","sticky":false,"template":"","format":"standard","meta":{"footnotes":""},"categories":[36,57],"tags":[],"class_list":["post-6020","post","type-post","status-publish","format-standard","has-post-thumbnail","hentry","category-automocion","category-monlau"],"yoast_head":"<!-- This site is optimized with the Yoast SEO plugin v27.2 - https:\/\/yoast.com\/product\/yoast-seo-wordpress\/ -->\n<title>Barcelona Premium y Monlau: una alianza para formar talento en el sector premium - Formaci\u00f3n profesional<\/title>\n<meta name=\"description\" content=\"Monlau y Barcelona Premium: un nuevo acuerdo que impulsa la empleabilidad en el sector de la movilidad. En Monlau reforzamos...\" \/>\n<meta name=\"robots\" content=\"index, follow, max-snippet:-1, max-image-preview:large, max-video-preview:-1\" \/>\n<link rel=\"canonical\" href=\"https:\/\/www.monlau.com\/fp\/2025\/03\/26\/barcelona-premium-y-monlau\/\" \/>\n<meta property=\"og:locale\" content=\"es_ES\" \/>\n<meta property=\"og:type\" content=\"article\" \/>\n<meta property=\"og:title\" content=\"Barcelona Premium y Monlau: una alianza para formar talento en el sector premium - Formaci\u00f3n profesional\" \/>\n<meta property=\"og:description\" content=\"Monlau y Barcelona Premium: un nuevo acuerdo que impulsa la empleabilidad en el sector de la movilidad. En Monlau reforzamos...\" \/>\n<meta property=\"og:url\" content=\"https:\/\/www.monlau.com\/fp\/2025\/03\/26\/barcelona-premium-y-monlau\/\" \/>\n<meta property=\"og:site_name\" content=\"Formaci\u00f3n profesional\" \/>\n<meta property=\"article:published_time\" content=\"2025-03-25T23:00:00+00:00\" \/>\n<meta property=\"article:modified_time\" content=\"2026-03-23T15:49:22+00:00\" \/>\n<meta property=\"og:image\" content=\"https:\/\/www.monlau.com\/app\/uploads\/sites\/3\/2026\/03\/IMG_0795-1024x683.jpg\" \/>\n\t<meta property=\"og:image:width\" content=\"1024\" \/>\n\t<meta property=\"og:image:height\" content=\"683\" \/>\n\t<meta property=\"og:image:type\" content=\"image\/jpeg\" \/>\n<meta name=\"author\" content=\"adsmurai\" \/>\n<meta name=\"twitter:card\" content=\"summary_large_image\" \/>\n<meta name=\"twitter:label1\" content=\"Escrito por\" \/>\n\t<meta name=\"twitter:data1\" content=\"adsmurai\" \/>\n\t<meta name=\"twitter:label2\" content=\"Tiempo de lectura\" \/>\n\t<meta name=\"twitter:data2\" content=\"2 minutos\" \/>\n<script type=\"application\/ld+json\" class=\"yoast-schema-graph\">{\"@context\":\"https:\/\/schema.org\",\"@graph\":[{\"@type\":\"Article\",\"@id\":\"https:\/\/www.monlau.com\/fp\/2025\/03\/26\/barcelona-premium-y-monlau\/#article\",\"isPartOf\":{\"@id\":\"https:\/\/www.monlau.com\/fp\/2025\/03\/26\/barcelona-premium-y-monlau\/\"},\"author\":{\"name\":\"adsmurai\",\"@id\":\"https:\/\/www.monlau.com\/fp\/#\/schema\/person\/419cfdf054323e24e0a2ef1d8597f051\"},\"headline\":\"Barcelona Premium y Monlau: una alianza para formar talento en el sector premium\",\"datePublished\":\"2025-03-25T23:00:00+00:00\",\"dateModified\":\"2026-03-23T15:49:22+00:00\",\"mainEntityOfPage\":{\"@id\":\"https:\/\/www.monlau.com\/fp\/2025\/03\/26\/barcelona-premium-y-monlau\/\"},\"wordCount\":319,\"publisher\":{\"@id\":\"https:\/\/www.monlau.com\/fp\/#organization\"},\"image\":{\"@id\":\"https:\/\/www.monlau.com\/fp\/2025\/03\/26\/barcelona-premium-y-monlau\/#primaryimage\"},\"thumbnailUrl\":\"https:\/\/www.monlau.com\/app\/uploads\/sites\/3\/2026\/03\/IMG_0795.jpg\",\"articleSection\":[\"Automoci\u00f3n\",\"Monlau\"],\"inLanguage\":\"es\"},{\"@type\":\"WebPage\",\"@id\":\"https:\/\/www.monlau.com\/fp\/2025\/03\/26\/barcelona-premium-y-monlau\/\",\"url\":\"https:\/\/www.monlau.com\/fp\/2025\/03\/26\/barcelona-premium-y-monlau\/\",\"name\":\"Barcelona Premium y Monlau: una alianza para formar talento en el sector premium - Formaci\u00f3n profesional\",\"isPartOf\":{\"@id\":\"https:\/\/www.monlau.com\/fp\/#website\"},\"primaryImageOfPage\":{\"@id\":\"https:\/\/www.monlau.com\/fp\/2025\/03\/26\/barcelona-premium-y-monlau\/#primaryimage\"},\"image\":{\"@id\":\"https:\/\/www.monlau.com\/fp\/2025\/03\/26\/barcelona-premium-y-monlau\/#primaryimage\"},\"thumbnailUrl\":\"https:\/\/www.monlau.com\/app\/uploads\/sites\/3\/2026\/03\/IMG_0795.jpg\",\"datePublished\":\"2025-03-25T23:00:00+00:00\",\"dateModified\":\"2026-03-23T15:49:22+00:00\",\"description\":\"Monlau y Barcelona Premium: un nuevo acuerdo que impulsa la empleabilidad en el sector de la movilidad. En Monlau reforzamos...\",\"breadcrumb\":{\"@id\":\"https:\/\/www.monlau.com\/fp\/2025\/03\/26\/barcelona-premium-y-monlau\/#breadcrumb\"},\"inLanguage\":\"es\",\"potentialAction\":[{\"@type\":\"ReadAction\",\"target\":[\"https:\/\/www.monlau.com\/fp\/2025\/03\/26\/barcelona-premium-y-monlau\/\"]}]},{\"@type\":\"ImageObject\",\"inLanguage\":\"es\",\"@id\":\"https:\/\/www.monlau.com\/fp\/2025\/03\/26\/barcelona-premium-y-monlau\/#primaryimage\",\"url\":\"https:\/\/www.monlau.com\/app\/uploads\/sites\/3\/2026\/03\/IMG_0795.jpg\",\"contentUrl\":\"https:\/\/www.monlau.com\/app\/uploads\/sites\/3\/2026\/03\/IMG_0795.jpg\",\"width\":2560,\"height\":1707},{\"@type\":\"BreadcrumbList\",\"@id\":\"https:\/\/www.monlau.com\/fp\/2025\/03\/26\/barcelona-premium-y-monlau\/#breadcrumb\",\"itemListElement\":[{\"@type\":\"ListItem\",\"position\":1,\"name\":\"Portada\",\"item\":\"https:\/\/www.monlau.com\/fp\/\"},{\"@type\":\"ListItem\",\"position\":2,\"name\":\"Barcelona Premium y Monlau: una alianza para formar talento en el sector premium\"}]},{\"@type\":\"WebSite\",\"@id\":\"https:\/\/www.monlau.com\/fp\/#website\",\"url\":\"https:\/\/www.monlau.com\/fp\/\",\"name\":\"Formaci\u00f3n profesional\",\"description\":\"Monlau\",\"publisher\":{\"@id\":\"https:\/\/www.monlau.com\/fp\/#organization\"},\"potentialAction\":[{\"@type\":\"SearchAction\",\"target\":{\"@type\":\"EntryPoint\",\"urlTemplate\":\"https:\/\/www.monlau.com\/fp\/?s={search_term_string}\"},\"query-input\":{\"@type\":\"PropertyValueSpecification\",\"valueRequired\":true,\"valueName\":\"search_term_string\"}}],\"inLanguage\":\"es\"},{\"@type\":\"Organization\",\"@id\":\"https:\/\/www.monlau.com\/fp\/#organization\",\"name\":\"Formaci\u00f3n profesional\",\"url\":\"https:\/\/www.monlau.com\/fp\/\",\"logo\":{\"@type\":\"ImageObject\",\"inLanguage\":\"es\",\"@id\":\"https:\/\/www.monlau.com\/fp\/#\/schema\/logo\/image\/\",\"url\":\"https:\/\/www.monlau.com\/app\/uploads\/sites\/3\/2026\/01\/fp.png\",\"contentUrl\":\"https:\/\/www.monlau.com\/app\/uploads\/sites\/3\/2026\/01\/fp.png\",\"width\":1024,\"height\":878,\"caption\":\"Formaci\u00f3n profesional\"},\"image\":{\"@id\":\"https:\/\/www.monlau.com\/fp\/#\/schema\/logo\/image\/\"}},{\"@type\":\"Person\",\"@id\":\"https:\/\/www.monlau.com\/fp\/#\/schema\/person\/419cfdf054323e24e0a2ef1d8597f051\",\"name\":\"adsmurai\",\"image\":{\"@type\":\"ImageObject\",\"inLanguage\":\"es\",\"@id\":\"https:\/\/secure.gravatar.com\/avatar\/0748788578f91786454454fa3b4c295644edb991ad6caadc70b41d26790d38fc?s=96&d=mm&r=g\",\"url\":\"https:\/\/secure.gravatar.com\/avatar\/0748788578f91786454454fa3b4c295644edb991ad6caadc70b41d26790d38fc?s=96&d=mm&r=g\",\"contentUrl\":\"https:\/\/secure.gravatar.com\/avatar\/0748788578f91786454454fa3b4c295644edb991ad6caadc70b41d26790d38fc?s=96&d=mm&r=g\",\"caption\":\"adsmurai\"},\"sameAs\":[\"https:\/\/www.monlau.com\"],\"url\":\"https:\/\/www.monlau.com\/fp\/author\/adsmurai\/\"}]}<\/script>\n<!-- \/ Yoast SEO plugin. -->","yoast_head_json":{"title":"Barcelona Premium y Monlau: una alianza para formar talento en el sector premium - Formaci\u00f3n profesional","description":"Monlau y Barcelona Premium: un nuevo acuerdo que impulsa la empleabilidad en el sector de la movilidad. En Monlau reforzamos...","robots":{"index":"index","follow":"follow","max-snippet":"max-snippet:-1","max-image-preview":"max-image-preview:large","max-video-preview":"max-video-preview:-1"},"canonical":"https:\/\/www.monlau.com\/fp\/2025\/03\/26\/barcelona-premium-y-monlau\/","og_locale":"es_ES","og_type":"article","og_title":"Barcelona Premium y Monlau: una alianza para formar talento en el sector premium - Formaci\u00f3n profesional","og_description":"Monlau y Barcelona Premium: un nuevo acuerdo que impulsa la empleabilidad en el sector de la movilidad. En Monlau reforzamos...","og_url":"https:\/\/www.monlau.com\/fp\/2025\/03\/26\/barcelona-premium-y-monlau\/","og_site_name":"Formaci\u00f3n profesional","article_published_time":"2025-03-25T23:00:00+00:00","article_modified_time":"2026-03-23T15:49:22+00:00","og_image":[{"width":1024,"height":683,"url":"https:\/\/www.monlau.com\/app\/uploads\/sites\/3\/2026\/03\/IMG_0795-1024x683.jpg","type":"image\/jpeg"}],"author":"adsmurai","twitter_card":"summary_large_image","twitter_misc":{"Escrito por":"adsmurai","Tiempo de lectura":"2 minutos"},"schema":{"@context":"https:\/\/schema.org","@graph":[{"@type":"Article","@id":"https:\/\/www.monlau.com\/fp\/2025\/03\/26\/barcelona-premium-y-monlau\/#article","isPartOf":{"@id":"https:\/\/www.monlau.com\/fp\/2025\/03\/26\/barcelona-premium-y-monlau\/"},"author":{"name":"adsmurai","@id":"https:\/\/www.monlau.com\/fp\/#\/schema\/person\/419cfdf054323e24e0a2ef1d8597f051"},"headline":"Barcelona Premium y Monlau: una alianza para formar talento en el sector premium","datePublished":"2025-03-25T23:00:00+00:00","dateModified":"2026-03-23T15:49:22+00:00","mainEntityOfPage":{"@id":"https:\/\/www.monlau.com\/fp\/2025\/03\/26\/barcelona-premium-y-monlau\/"},"wordCount":319,"publisher":{"@id":"https:\/\/www.monlau.com\/fp\/#organization"},"image":{"@id":"https:\/\/www.monlau.com\/fp\/2025\/03\/26\/barcelona-premium-y-monlau\/#primaryimage"},"thumbnailUrl":"https:\/\/www.monlau.com\/app\/uploads\/sites\/3\/2026\/03\/IMG_0795.jpg","articleSection":["Automoci\u00f3n","Monlau"],"inLanguage":"es"},{"@type":"WebPage","@id":"https:\/\/www.monlau.com\/fp\/2025\/03\/26\/barcelona-premium-y-monlau\/","url":"https:\/\/www.monlau.com\/fp\/2025\/03\/26\/barcelona-premium-y-monlau\/","name":"Barcelona Premium y Monlau: una alianza para formar talento en el sector premium - Formaci\u00f3n profesional","isPartOf":{"@id":"https:\/\/www.monlau.com\/fp\/#website"},"primaryImageOfPage":{"@id":"https:\/\/www.monlau.com\/fp\/2025\/03\/26\/barcelona-premium-y-monlau\/#primaryimage"},"image":{"@id":"https:\/\/www.monlau.com\/fp\/2025\/03\/26\/barcelona-premium-y-monlau\/#primaryimage"},"thumbnailUrl":"https:\/\/www.monlau.com\/app\/uploads\/sites\/3\/2026\/03\/IMG_0795.jpg","datePublished":"2025-03-25T23:00:00+00:00","dateModified":"2026-03-23T15:49:22+00:00","description":"Monlau y Barcelona Premium: un nuevo acuerdo que impulsa la empleabilidad en el sector de la movilidad. En Monlau reforzamos...","breadcrumb":{"@id":"https:\/\/www.monlau.com\/fp\/2025\/03\/26\/barcelona-premium-y-monlau\/#breadcrumb"},"inLanguage":"es","potentialAction":[{"@type":"ReadAction","target":["https:\/\/www.monlau.com\/fp\/2025\/03\/26\/barcelona-premium-y-monlau\/"]}]},{"@type":"ImageObject","inLanguage":"es","@id":"https:\/\/www.monlau.com\/fp\/2025\/03\/26\/barcelona-premium-y-monlau\/#primaryimage","url":"https:\/\/www.monlau.com\/app\/uploads\/sites\/3\/2026\/03\/IMG_0795.jpg","contentUrl":"https:\/\/www.monlau.com\/app\/uploads\/sites\/3\/2026\/03\/IMG_0795.jpg","width":2560,"height":1707},{"@type":"BreadcrumbList","@id":"https:\/\/www.monlau.com\/fp\/2025\/03\/26\/barcelona-premium-y-monlau\/#breadcrumb","itemListElement":[{"@type":"ListItem","position":1,"name":"Portada","item":"https:\/\/www.monlau.com\/fp\/"},{"@type":"ListItem","position":2,"name":"Barcelona Premium y Monlau: una alianza para formar talento en el sector premium"}]},{"@type":"WebSite","@id":"https:\/\/www.monlau.com\/fp\/#website","url":"https:\/\/www.monlau.com\/fp\/","name":"Formaci\u00f3n profesional","description":"Monlau","publisher":{"@id":"https:\/\/www.monlau.com\/fp\/#organization"},"potentialAction":[{"@type":"SearchAction","target":{"@type":"EntryPoint","urlTemplate":"https:\/\/www.monlau.com\/fp\/?s={search_term_string}"},"query-input":{"@type":"PropertyValueSpecification","valueRequired":true,"valueName":"search_term_string"}}],"inLanguage":"es"},{"@type":"Organization","@id":"https:\/\/www.monlau.com\/fp\/#organization","name":"Formaci\u00f3n profesional","url":"https:\/\/www.monlau.com\/fp\/","logo":{"@type":"ImageObject","inLanguage":"es","@id":"https:\/\/www.monlau.com\/fp\/#\/schema\/logo\/image\/","url":"https:\/\/www.monlau.com\/app\/uploads\/sites\/3\/2026\/01\/fp.png","contentUrl":"https:\/\/www.monlau.com\/app\/uploads\/sites\/3\/2026\/01\/fp.png","width":1024,"height":878,"caption":"Formaci\u00f3n profesional"},"image":{"@id":"https:\/\/www.monlau.com\/fp\/#\/schema\/logo\/image\/"}},{"@type":"Person","@id":"https:\/\/www.monlau.com\/fp\/#\/schema\/person\/419cfdf054323e24e0a2ef1d8597f051","name":"adsmurai","image":{"@type":"ImageObject","inLanguage":"es","@id":"https:\/\/secure.gravatar.com\/avatar\/0748788578f91786454454fa3b4c295644edb991ad6caadc70b41d26790d38fc?s=96&d=mm&r=g","url":"https:\/\/secure.gravatar.com\/avatar\/0748788578f91786454454fa3b4c295644edb991ad6caadc70b41d26790d38fc?s=96&d=mm&r=g","contentUrl":"https:\/\/secure.gravatar.com\/avatar\/0748788578f91786454454fa3b4c295644edb991ad6caadc70b41d26790d38fc?s=96&d=mm&r=g","caption":"adsmurai"},"sameAs":["https:\/\/www.monlau.com"],"url":"https:\/\/www.monlau.com\/fp\/author\/adsmurai\/"}]}},"_links":{"self":[{"href":"https:\/\/www.monlau.com\/fp\/wp-json\/wp\/v2\/posts\/6020","targetHints":{"allow":["GET"]}}],"collection":[{"href":"https:\/\/www.monlau.com\/fp\/wp-json\/wp\/v2\/posts"}],"about":[{"href":"https:\/\/www.monlau.com\/fp\/wp-json\/wp\/v2\/types\/post"}],"author":[{"embeddable":true,"href":"https:\/\/www.monlau.com\/fp\/wp-json\/wp\/v2\/users\/1"}],"replies":[{"embeddable":true,"href":"https:\/\/www.monlau.com\/fp\/wp-json\/wp\/v2\/comments?post=6020"}],"version-history":[{"count":2,"href":"https:\/\/www.monlau.com\/fp\/wp-json\/wp\/v2\/posts\/6020\/revisions"}],"predecessor-version":[{"id":9782,"href":"https:\/\/www.monlau.com\/fp\/wp-json\/wp\/v2\/posts\/6020\/revisions\/9782"}],"wp:featuredmedia":[{"embeddable":true,"href":"https:\/\/www.monlau.com\/fp\/wp-json\/wp\/v2\/media\/3787"}],"wp:attachment":[{"href":"https:\/\/www.monlau.com\/fp\/wp-json\/wp\/v2\/media?parent=6020"}],"wp:term":[{"taxonomy":"category","embeddable":true,"href":"https:\/\/www.monlau.com\/fp\/wp-json\/wp\/v2\/categories?post=6020"},{"taxonomy":"post_tag","embeddable":true,"href":"https:\/\/www.monlau.com\/fp\/wp-json\/wp\/v2\/tags?post=6020"}],"curies":[{"name":"wp","href":"https:\/\/api.w.org\/{rel}","templated":true}]}}