{"id":6018,"date":"2025-03-24T00:00:00","date_gmt":"2025-03-23T23:00:00","guid":{"rendered":"https:\/\/www.monlau.com\/formacion-profesional\/electromecanica-de-automoviles-en-barcelona-salidas-laborales-del-grado-medio-y-casos-de-exito\/"},"modified":"2026-03-10T10:03:26","modified_gmt":"2026-03-10T09:03:26","slug":"electromecanica-de-automoviles-en-barcelona-salidas-laborales-del-grado-medio-y-casos-de-exito","status":"publish","type":"post","link":"https:\/\/www.monlau.com\/fp\/2025\/03\/24\/electromecanica-de-automoviles-en-barcelona-salidas-laborales-del-grado-medio-y-casos-de-exito\/","title":{"rendered":"Electromec\u00e1nica de Autom\u00f3viles en Barcelona: salidas laborales del Grado Medio y casos de \u00e9xito"},"content":{"rendered":"<h2>Electromec\u00e1nica de Autom\u00f3viles en Barcelona.<br \/>Salidas laborales del Grado Medio y casos de \u00e9xito<\/h2>\n<p data-start=\"238\" data-end=\"487\" class=\"\">Estudiar un ciclo de Formaci\u00f3n Profesional es mucho m\u00e1s que una etapa acad\u00e9mica: es un trampol\u00edn directo al mundo laboral. Y cuando hablamos de <strong data-start=\"382\" data-end=\"429\">Electromec\u00e1nica de Autom\u00f3viles en Barcelona<\/strong>, hablamos de una FP con alta demanda y m\u00faltiples salidas.<\/p>\n<p data-start=\"489\" data-end=\"754\" class=\"\">\u00bfD\u00f3nde puedes trabajar tras obtener el t\u00edtulo? \u00bfQu\u00e9 perfiles buscan las empresas? \u00bfHay verdaderas oportunidades o es solo teor\u00eda? En este art\u00edculo te lo contamos todo, con datos, ejemplos y testimonios reales de alumnos que ya est\u00e1n cumpliendo su sue\u00f1o profesional.<\/p>\n<p>&nbsp;<\/p>\n<h2>\u00bfPor qu\u00e9 elegir el Grado Medio en Electromec\u00e1nica?<\/h2>\n<p data-start=\"817\" data-end=\"1169\" class=\"\">La automoci\u00f3n es uno de los sectores industriales m\u00e1s din\u00e1micos. Con la electrificaci\u00f3n del parque m\u00f3vil, los coches ya no solo son mec\u00e1nica: tambi\u00e9n requieren conocimientos de electr\u00f3nica, diagnosis digital y sistemas de seguridad avanzados. Y aqu\u00ed es donde entra en juego el <strong data-start=\"1094\" data-end=\"1124\">t\u00e9cnico en electromec\u00e1nica<\/strong>: un perfil con formaci\u00f3n mixta, muy buscado.<\/p>\n<p data-start=\"1076\" data-end=\"1244\" class=\"\">Estudiar este Grado Medio en Barcelona te permite:<span><\/span><\/p>\n<ul>\n<li data-start=\"1227\" data-end=\"1282\" class=\"\">\n<p data-start=\"1229\" data-end=\"1282\" class=\"\">Aprender en un entorno industrial activo y conectado.<\/p>\n<\/li>\n<li data-start=\"1283\" data-end=\"1354\" class=\"\">\n<p data-start=\"1285\" data-end=\"1354\" class=\"\">Realizar pr\u00e1cticas en talleres, concesionarios o flotas de veh\u00edculos.<\/p>\n<\/li>\n<li data-start=\"1355\" data-end=\"1396\" class=\"\">\n<p data-start=\"1357\" data-end=\"1396\" class=\"\">Acceder r\u00e1pidamente al mercado laboral.<\/p>\n<\/li>\n<li data-start=\"1397\" data-end=\"1461\" class=\"\">\n<p data-start=\"1399\" data-end=\"1461\" class=\"\">O seguir form\u00e1ndote con un Grado Superior o especializaciones.<\/p>\n<\/li>\n<\/ul>\n<p>&nbsp;<\/p>\n<p data-start=\"1328\" data-end=\"1570\"><span style=\"color: #000000; font-family: Raleway, Helvetica, Arial, Lucida, sans-serif; font-size: 26px;\"><\/span><\/p>\n<h3 data-start=\"1328\" data-end=\"1570\">Salidas laborales del Grado Medio en Electromec\u00e1nica<\/h3>\n<p data-start=\"1526\" data-end=\"1682\" class=\"\">Al finalizar este ciclo, estar\u00e1s preparado para trabajar en diferentes \u00e1mbitos del sector de la automoci\u00f3n. Estas son algunas de las salidas m\u00e1s habituales:<\/p>\n<p data-start=\"1684\" data-end=\"2072\" class=\"\">  <strong data-start=\"1687\" data-end=\"1728\">T\u00e9cnico en mantenimiento de veh\u00edculos<\/strong><br data-start=\"1728\" data-end=\"1731\" \/> \u200d  <strong data-start=\"1737\" data-end=\"1764\">Mec\u00e1nico de autom\u00f3viles<\/strong><br data-start=\"1764\" data-end=\"1767\" \/>  <strong data-start=\"1770\" data-end=\"1837\">Especialista en sistemas el\u00e9ctricos y electr\u00f3nicos del veh\u00edculo<\/strong><br data-start=\"1837\" data-end=\"1840\" \/>  <strong data-start=\"1843\" data-end=\"1902\">Reparador de sistemas de suspensi\u00f3n, frenos y direcci\u00f3n<\/strong><br data-start=\"1902\" data-end=\"1905\" \/>  <strong data-start=\"1908\" data-end=\"1944\">T\u00e9cnico de diagnosis electr\u00f3nica<\/strong><br data-start=\"1944\" data-end=\"1947\" \/>  <strong data-start=\"1950\" data-end=\"2002\">Empleado de concesionarios y servicios postventa<\/strong><br data-start=\"2002\" data-end=\"2005\" \/>  <strong data-start=\"2008\" data-end=\"2072\">Mec\u00e1nico en flotas de transporte, talleres m\u00f3viles o renting<\/strong><\/p>\n<p data-start=\"2074\" data-end=\"2221\" class=\"\">Y no solo en talleres: cada vez m\u00e1s empresas necesitan profesionales que mantengan su propia flota o que presten servicios t\u00e9cnicos especializados.<\/p>\n<p data-pm-slice=\"1 1 []\"><span><\/span><\/p>\n<p data-start=\"3299\" data-end=\"3464\"><span><\/span><\/p>\n<p><span><\/span><\/p>\n<p><span><\/span><\/p>\n<h3>\u00bfC\u00f3mo es la empleabilidad en este sector?<\/h3>\n<p data-start=\"3290\" data-end=\"3563\" class=\"\">Seg\u00fan datos recientes del Observatorio de la FP y entidades como Educaweb, <strong data-start=\"3365\" data-end=\"3481\">m\u00e1s del 70 % de los titulados en electromec\u00e1nica encuentran trabajo en menos de 6 meses tras finalizar el ciclo.<\/strong> Y en centros con alta inserci\u00f3n laboral como Monlau, ese porcentaje es a\u00fan mayor.<\/p>\n<p data-start=\"3565\" data-end=\"3706\" class=\"\">Las empresas valoran la formaci\u00f3n pr\u00e1ctica, la capacidad de adaptaci\u00f3n a nuevas tecnolog\u00edas y la experiencia en situaciones reales de taller.<\/p>\n<p data-start=\"3708\" data-end=\"3799\" class=\"\">Adem\u00e1s, muchos alumnos consiguen trabajo <strong data-start=\"3749\" data-end=\"3798\">en la misma empresa donde hacen las pr\u00e1cticas<\/strong>.<\/p>\n<p data-pm-slice=\"1 1 []\">\n<p data-pm-slice=\"1 1 []\"><span style=\"font-size: 16px;\"><strong data-start=\"3163\" data-end=\"3228\"><\/strong><\/span><\/p>\n<h3 data-pm-slice=\"1 1 []\">Barcelona, una ciudad llena de oportunidades<\/h3>\n<p data-start=\"3856\" data-end=\"4074\" class=\"\">Estudiar <strong data-start=\"3865\" data-end=\"3897\">electromec\u00e1nica en Barcelona<\/strong> es hacerlo en una ciudad con un fuerte ecosistema automovil\u00edstico: concesionarios oficiales, flotas de empresas de movilidad, startups de electromovilidad, talleres multimarca\u2026<\/p>\n<p data-start=\"4076\" data-end=\"4291\" class=\"\">La red de contactos y las opciones de pr\u00e1cticas son clave para una r\u00e1pida inserci\u00f3n laboral. En Monlau, colaboramos con m\u00e1s de 500 empresas del sector para asegurar que la formaci\u00f3n est\u00e9 conectada con el mundo real.<\/p>\n<p data-start=\"4345\" data-end=\"4641\" class=\"\">Si te gusta la mec\u00e1nica, la tecnolog\u00eda y quieres una formaci\u00f3n con salidas reales, la <strong data-start=\"4431\" data-end=\"4478\">Electromec\u00e1nica de Autom\u00f3viles en Barcelona<\/strong> puede ser tu camino. No necesitas una carrera universitaria para empezar a trabajar en lo que te gusta: solo las ganas de aprender, ensuciarte las manos y crecer.<\/p>\n<p data-start=\"5046\" data-end=\"5332\"><span><\/span><\/p>\n","protected":false},"excerpt":{"rendered":"<p>Electromec\u00e1nica de Autom\u00f3viles en Barcelona.Salidas laborales del Grado Medio y casos de \u00e9xito Estudiar un ciclo de Formaci\u00f3n Profesional es mucho m\u00e1s que una etapa acad\u00e9mica: es un trampol\u00edn directo al mundo laboral. Y cuando hablamos de Electromec\u00e1nica de Autom\u00f3viles en Barcelona, hablamos de una FP con alta demanda y m\u00faltiples salidas. \u00bfD\u00f3nde puedes trabajar [&hellip;]<\/p>\n","protected":false},"author":1,"featured_media":3783,"comment_status":"closed","ping_status":"closed","sticky":false,"template":"","format":"standard","meta":{"footnotes":""},"categories":[36,31,57],"tags":[],"class_list":["post-6018","post","type-post","status-publish","format-standard","has-post-thumbnail","hentry","category-automocion","category-fp-dual","category-monlau"],"yoast_head":"<!-- This site is optimized with the Yoast SEO plugin v27.2 - https:\/\/yoast.com\/product\/yoast-seo-wordpress\/ -->\n<title>Electromec\u00e1nica de Autom\u00f3viles en Barcelona: salidas laborales del Grado Medio y casos de \u00e9xito - Formaci\u00f3n profesional<\/title>\n<meta name=\"robots\" content=\"index, follow, max-snippet:-1, max-image-preview:large, max-video-preview:-1\" \/>\n<link rel=\"canonical\" href=\"https:\/\/www.monlau.com\/fp\/2025\/03\/24\/electromecanica-de-automoviles-en-barcelona-salidas-laborales-del-grado-medio-y-casos-de-exito\/\" \/>\n<meta property=\"og:locale\" content=\"es_ES\" \/>\n<meta property=\"og:type\" content=\"article\" \/>\n<meta property=\"og:title\" content=\"Electromec\u00e1nica de Autom\u00f3viles en Barcelona: salidas laborales del Grado Medio y casos de \u00e9xito - Formaci\u00f3n profesional\" \/>\n<meta property=\"og:description\" content=\"Electromec\u00e1nica de Autom\u00f3viles en Barcelona.Salidas laborales del Grado Medio y casos de \u00e9xito Estudiar un ciclo de Formaci\u00f3n Profesional es mucho m\u00e1s que una etapa acad\u00e9mica: es un trampol\u00edn directo al mundo laboral. Y cuando hablamos de Electromec\u00e1nica de Autom\u00f3viles en Barcelona, hablamos de una FP con alta demanda y m\u00faltiples salidas. \u00bfD\u00f3nde puedes trabajar [&hellip;]\" \/>\n<meta property=\"og:url\" content=\"https:\/\/www.monlau.com\/fp\/2025\/03\/24\/electromecanica-de-automoviles-en-barcelona-salidas-laborales-del-grado-medio-y-casos-de-exito\/\" \/>\n<meta property=\"og:site_name\" content=\"Formaci\u00f3n profesional\" \/>\n<meta property=\"article:published_time\" content=\"2025-03-23T23:00:00+00:00\" \/>\n<meta property=\"article:modified_time\" content=\"2026-03-10T09:03:26+00:00\" \/>\n<meta property=\"og:image\" content=\"https:\/\/www.monlau.com\/app\/uploads\/sites\/3\/2026\/03\/Monlau_238-1024x768.jpg\" \/>\n\t<meta property=\"og:image:width\" content=\"1024\" \/>\n\t<meta property=\"og:image:height\" content=\"768\" \/>\n\t<meta property=\"og:image:type\" content=\"image\/jpeg\" \/>\n<meta name=\"author\" content=\"adsmurai\" \/>\n<meta name=\"twitter:card\" content=\"summary_large_image\" \/>\n<meta name=\"twitter:label1\" content=\"Escrito por\" \/>\n\t<meta name=\"twitter:data1\" content=\"adsmurai\" \/>\n\t<meta name=\"twitter:label2\" content=\"Tiempo de lectura\" \/>\n\t<meta name=\"twitter:data2\" content=\"3 minutos\" \/>\n<script type=\"application\/ld+json\" class=\"yoast-schema-graph\">{\"@context\":\"https:\/\/schema.org\",\"@graph\":[{\"@type\":\"Article\",\"@id\":\"https:\/\/www.monlau.com\/fp\/2025\/03\/24\/electromecanica-de-automoviles-en-barcelona-salidas-laborales-del-grado-medio-y-casos-de-exito\/#article\",\"isPartOf\":{\"@id\":\"https:\/\/www.monlau.com\/fp\/2025\/03\/24\/electromecanica-de-automoviles-en-barcelona-salidas-laborales-del-grado-medio-y-casos-de-exito\/\"},\"author\":{\"name\":\"adsmurai\",\"@id\":\"https:\/\/www.monlau.com\/fp\/#\/schema\/person\/419cfdf054323e24e0a2ef1d8597f051\"},\"headline\":\"Electromec\u00e1nica de Autom\u00f3viles en Barcelona: salidas laborales del Grado Medio y casos de \u00e9xito\",\"datePublished\":\"2025-03-23T23:00:00+00:00\",\"dateModified\":\"2026-03-10T09:03:26+00:00\",\"mainEntityOfPage\":{\"@id\":\"https:\/\/www.monlau.com\/fp\/2025\/03\/24\/electromecanica-de-automoviles-en-barcelona-salidas-laborales-del-grado-medio-y-casos-de-exito\/\"},\"wordCount\":582,\"publisher\":{\"@id\":\"https:\/\/www.monlau.com\/fp\/#organization\"},\"image\":{\"@id\":\"https:\/\/www.monlau.com\/fp\/2025\/03\/24\/electromecanica-de-automoviles-en-barcelona-salidas-laborales-del-grado-medio-y-casos-de-exito\/#primaryimage\"},\"thumbnailUrl\":\"https:\/\/www.monlau.com\/app\/uploads\/sites\/3\/2026\/03\/Monlau_238.jpg\",\"articleSection\":[\"Automoci\u00f3n\",\"FP Dual\",\"Monlau\"],\"inLanguage\":\"es\"},{\"@type\":\"WebPage\",\"@id\":\"https:\/\/www.monlau.com\/fp\/2025\/03\/24\/electromecanica-de-automoviles-en-barcelona-salidas-laborales-del-grado-medio-y-casos-de-exito\/\",\"url\":\"https:\/\/www.monlau.com\/fp\/2025\/03\/24\/electromecanica-de-automoviles-en-barcelona-salidas-laborales-del-grado-medio-y-casos-de-exito\/\",\"name\":\"Electromec\u00e1nica de Autom\u00f3viles en Barcelona: salidas laborales del Grado Medio y casos de \u00e9xito - Formaci\u00f3n profesional\",\"isPartOf\":{\"@id\":\"https:\/\/www.monlau.com\/fp\/#website\"},\"primaryImageOfPage\":{\"@id\":\"https:\/\/www.monlau.com\/fp\/2025\/03\/24\/electromecanica-de-automoviles-en-barcelona-salidas-laborales-del-grado-medio-y-casos-de-exito\/#primaryimage\"},\"image\":{\"@id\":\"https:\/\/www.monlau.com\/fp\/2025\/03\/24\/electromecanica-de-automoviles-en-barcelona-salidas-laborales-del-grado-medio-y-casos-de-exito\/#primaryimage\"},\"thumbnailUrl\":\"https:\/\/www.monlau.com\/app\/uploads\/sites\/3\/2026\/03\/Monlau_238.jpg\",\"datePublished\":\"2025-03-23T23:00:00+00:00\",\"dateModified\":\"2026-03-10T09:03:26+00:00\",\"breadcrumb\":{\"@id\":\"https:\/\/www.monlau.com\/fp\/2025\/03\/24\/electromecanica-de-automoviles-en-barcelona-salidas-laborales-del-grado-medio-y-casos-de-exito\/#breadcrumb\"},\"inLanguage\":\"es\",\"potentialAction\":[{\"@type\":\"ReadAction\",\"target\":[\"https:\/\/www.monlau.com\/fp\/2025\/03\/24\/electromecanica-de-automoviles-en-barcelona-salidas-laborales-del-grado-medio-y-casos-de-exito\/\"]}]},{\"@type\":\"ImageObject\",\"inLanguage\":\"es\",\"@id\":\"https:\/\/www.monlau.com\/fp\/2025\/03\/24\/electromecanica-de-automoviles-en-barcelona-salidas-laborales-del-grado-medio-y-casos-de-exito\/#primaryimage\",\"url\":\"https:\/\/www.monlau.com\/app\/uploads\/sites\/3\/2026\/03\/Monlau_238.jpg\",\"contentUrl\":\"https:\/\/www.monlau.com\/app\/uploads\/sites\/3\/2026\/03\/Monlau_238.jpg\",\"width\":2560,\"height\":1920},{\"@type\":\"BreadcrumbList\",\"@id\":\"https:\/\/www.monlau.com\/fp\/2025\/03\/24\/electromecanica-de-automoviles-en-barcelona-salidas-laborales-del-grado-medio-y-casos-de-exito\/#breadcrumb\",\"itemListElement\":[{\"@type\":\"ListItem\",\"position\":1,\"name\":\"Portada\",\"item\":\"https:\/\/www.monlau.com\/fp\/\"},{\"@type\":\"ListItem\",\"position\":2,\"name\":\"Electromec\u00e1nica de Autom\u00f3viles en Barcelona: salidas laborales del Grado Medio y casos de \u00e9xito\"}]},{\"@type\":\"WebSite\",\"@id\":\"https:\/\/www.monlau.com\/fp\/#website\",\"url\":\"https:\/\/www.monlau.com\/fp\/\",\"name\":\"Formaci\u00f3n profesional\",\"description\":\"Monlau\",\"publisher\":{\"@id\":\"https:\/\/www.monlau.com\/fp\/#organization\"},\"potentialAction\":[{\"@type\":\"SearchAction\",\"target\":{\"@type\":\"EntryPoint\",\"urlTemplate\":\"https:\/\/www.monlau.com\/fp\/?s={search_term_string}\"},\"query-input\":{\"@type\":\"PropertyValueSpecification\",\"valueRequired\":true,\"valueName\":\"search_term_string\"}}],\"inLanguage\":\"es\"},{\"@type\":\"Organization\",\"@id\":\"https:\/\/www.monlau.com\/fp\/#organization\",\"name\":\"Formaci\u00f3n profesional\",\"url\":\"https:\/\/www.monlau.com\/fp\/\",\"logo\":{\"@type\":\"ImageObject\",\"inLanguage\":\"es\",\"@id\":\"https:\/\/www.monlau.com\/fp\/#\/schema\/logo\/image\/\",\"url\":\"https:\/\/www.monlau.com\/app\/uploads\/sites\/3\/2026\/01\/fp.png\",\"contentUrl\":\"https:\/\/www.monlau.com\/app\/uploads\/sites\/3\/2026\/01\/fp.png\",\"width\":1024,\"height\":878,\"caption\":\"Formaci\u00f3n profesional\"},\"image\":{\"@id\":\"https:\/\/www.monlau.com\/fp\/#\/schema\/logo\/image\/\"}},{\"@type\":\"Person\",\"@id\":\"https:\/\/www.monlau.com\/fp\/#\/schema\/person\/419cfdf054323e24e0a2ef1d8597f051\",\"name\":\"adsmurai\",\"image\":{\"@type\":\"ImageObject\",\"inLanguage\":\"es\",\"@id\":\"https:\/\/secure.gravatar.com\/avatar\/0748788578f91786454454fa3b4c295644edb991ad6caadc70b41d26790d38fc?s=96&d=mm&r=g\",\"url\":\"https:\/\/secure.gravatar.com\/avatar\/0748788578f91786454454fa3b4c295644edb991ad6caadc70b41d26790d38fc?s=96&d=mm&r=g\",\"contentUrl\":\"https:\/\/secure.gravatar.com\/avatar\/0748788578f91786454454fa3b4c295644edb991ad6caadc70b41d26790d38fc?s=96&d=mm&r=g\",\"caption\":\"adsmurai\"},\"sameAs\":[\"https:\/\/www.monlau.com\"],\"url\":\"https:\/\/www.monlau.com\/fp\/author\/adsmurai\/\"}]}<\/script>\n<!-- \/ Yoast SEO plugin. -->","yoast_head_json":{"title":"Electromec\u00e1nica de Autom\u00f3viles en Barcelona: salidas laborales del Grado Medio y casos de \u00e9xito - Formaci\u00f3n profesional","robots":{"index":"index","follow":"follow","max-snippet":"max-snippet:-1","max-image-preview":"max-image-preview:large","max-video-preview":"max-video-preview:-1"},"canonical":"https:\/\/www.monlau.com\/fp\/2025\/03\/24\/electromecanica-de-automoviles-en-barcelona-salidas-laborales-del-grado-medio-y-casos-de-exito\/","og_locale":"es_ES","og_type":"article","og_title":"Electromec\u00e1nica de Autom\u00f3viles en Barcelona: salidas laborales del Grado Medio y casos de \u00e9xito - Formaci\u00f3n profesional","og_description":"Electromec\u00e1nica de Autom\u00f3viles en Barcelona.Salidas laborales del Grado Medio y casos de \u00e9xito Estudiar un ciclo de Formaci\u00f3n Profesional es mucho m\u00e1s que una etapa acad\u00e9mica: es un trampol\u00edn directo al mundo laboral. Y cuando hablamos de Electromec\u00e1nica de Autom\u00f3viles en Barcelona, hablamos de una FP con alta demanda y m\u00faltiples salidas. \u00bfD\u00f3nde puedes trabajar [&hellip;]","og_url":"https:\/\/www.monlau.com\/fp\/2025\/03\/24\/electromecanica-de-automoviles-en-barcelona-salidas-laborales-del-grado-medio-y-casos-de-exito\/","og_site_name":"Formaci\u00f3n profesional","article_published_time":"2025-03-23T23:00:00+00:00","article_modified_time":"2026-03-10T09:03:26+00:00","og_image":[{"width":1024,"height":768,"url":"https:\/\/www.monlau.com\/app\/uploads\/sites\/3\/2026\/03\/Monlau_238-1024x768.jpg","type":"image\/jpeg"}],"author":"adsmurai","twitter_card":"summary_large_image","twitter_misc":{"Escrito por":"adsmurai","Tiempo de lectura":"3 minutos"},"schema":{"@context":"https:\/\/schema.org","@graph":[{"@type":"Article","@id":"https:\/\/www.monlau.com\/fp\/2025\/03\/24\/electromecanica-de-automoviles-en-barcelona-salidas-laborales-del-grado-medio-y-casos-de-exito\/#article","isPartOf":{"@id":"https:\/\/www.monlau.com\/fp\/2025\/03\/24\/electromecanica-de-automoviles-en-barcelona-salidas-laborales-del-grado-medio-y-casos-de-exito\/"},"author":{"name":"adsmurai","@id":"https:\/\/www.monlau.com\/fp\/#\/schema\/person\/419cfdf054323e24e0a2ef1d8597f051"},"headline":"Electromec\u00e1nica de Autom\u00f3viles en Barcelona: salidas laborales del Grado Medio y casos de \u00e9xito","datePublished":"2025-03-23T23:00:00+00:00","dateModified":"2026-03-10T09:03:26+00:00","mainEntityOfPage":{"@id":"https:\/\/www.monlau.com\/fp\/2025\/03\/24\/electromecanica-de-automoviles-en-barcelona-salidas-laborales-del-grado-medio-y-casos-de-exito\/"},"wordCount":582,"publisher":{"@id":"https:\/\/www.monlau.com\/fp\/#organization"},"image":{"@id":"https:\/\/www.monlau.com\/fp\/2025\/03\/24\/electromecanica-de-automoviles-en-barcelona-salidas-laborales-del-grado-medio-y-casos-de-exito\/#primaryimage"},"thumbnailUrl":"https:\/\/www.monlau.com\/app\/uploads\/sites\/3\/2026\/03\/Monlau_238.jpg","articleSection":["Automoci\u00f3n","FP Dual","Monlau"],"inLanguage":"es"},{"@type":"WebPage","@id":"https:\/\/www.monlau.com\/fp\/2025\/03\/24\/electromecanica-de-automoviles-en-barcelona-salidas-laborales-del-grado-medio-y-casos-de-exito\/","url":"https:\/\/www.monlau.com\/fp\/2025\/03\/24\/electromecanica-de-automoviles-en-barcelona-salidas-laborales-del-grado-medio-y-casos-de-exito\/","name":"Electromec\u00e1nica de Autom\u00f3viles en Barcelona: salidas laborales del Grado Medio y casos de \u00e9xito - Formaci\u00f3n profesional","isPartOf":{"@id":"https:\/\/www.monlau.com\/fp\/#website"},"primaryImageOfPage":{"@id":"https:\/\/www.monlau.com\/fp\/2025\/03\/24\/electromecanica-de-automoviles-en-barcelona-salidas-laborales-del-grado-medio-y-casos-de-exito\/#primaryimage"},"image":{"@id":"https:\/\/www.monlau.com\/fp\/2025\/03\/24\/electromecanica-de-automoviles-en-barcelona-salidas-laborales-del-grado-medio-y-casos-de-exito\/#primaryimage"},"thumbnailUrl":"https:\/\/www.monlau.com\/app\/uploads\/sites\/3\/2026\/03\/Monlau_238.jpg","datePublished":"2025-03-23T23:00:00+00:00","dateModified":"2026-03-10T09:03:26+00:00","breadcrumb":{"@id":"https:\/\/www.monlau.com\/fp\/2025\/03\/24\/electromecanica-de-automoviles-en-barcelona-salidas-laborales-del-grado-medio-y-casos-de-exito\/#breadcrumb"},"inLanguage":"es","potentialAction":[{"@type":"ReadAction","target":["https:\/\/www.monlau.com\/fp\/2025\/03\/24\/electromecanica-de-automoviles-en-barcelona-salidas-laborales-del-grado-medio-y-casos-de-exito\/"]}]},{"@type":"ImageObject","inLanguage":"es","@id":"https:\/\/www.monlau.com\/fp\/2025\/03\/24\/electromecanica-de-automoviles-en-barcelona-salidas-laborales-del-grado-medio-y-casos-de-exito\/#primaryimage","url":"https:\/\/www.monlau.com\/app\/uploads\/sites\/3\/2026\/03\/Monlau_238.jpg","contentUrl":"https:\/\/www.monlau.com\/app\/uploads\/sites\/3\/2026\/03\/Monlau_238.jpg","width":2560,"height":1920},{"@type":"BreadcrumbList","@id":"https:\/\/www.monlau.com\/fp\/2025\/03\/24\/electromecanica-de-automoviles-en-barcelona-salidas-laborales-del-grado-medio-y-casos-de-exito\/#breadcrumb","itemListElement":[{"@type":"ListItem","position":1,"name":"Portada","item":"https:\/\/www.monlau.com\/fp\/"},{"@type":"ListItem","position":2,"name":"Electromec\u00e1nica de Autom\u00f3viles en Barcelona: salidas laborales del Grado Medio y casos de \u00e9xito"}]},{"@type":"WebSite","@id":"https:\/\/www.monlau.com\/fp\/#website","url":"https:\/\/www.monlau.com\/fp\/","name":"Formaci\u00f3n profesional","description":"Monlau","publisher":{"@id":"https:\/\/www.monlau.com\/fp\/#organization"},"potentialAction":[{"@type":"SearchAction","target":{"@type":"EntryPoint","urlTemplate":"https:\/\/www.monlau.com\/fp\/?s={search_term_string}"},"query-input":{"@type":"PropertyValueSpecification","valueRequired":true,"valueName":"search_term_string"}}],"inLanguage":"es"},{"@type":"Organization","@id":"https:\/\/www.monlau.com\/fp\/#organization","name":"Formaci\u00f3n profesional","url":"https:\/\/www.monlau.com\/fp\/","logo":{"@type":"ImageObject","inLanguage":"es","@id":"https:\/\/www.monlau.com\/fp\/#\/schema\/logo\/image\/","url":"https:\/\/www.monlau.com\/app\/uploads\/sites\/3\/2026\/01\/fp.png","contentUrl":"https:\/\/www.monlau.com\/app\/uploads\/sites\/3\/2026\/01\/fp.png","width":1024,"height":878,"caption":"Formaci\u00f3n profesional"},"image":{"@id":"https:\/\/www.monlau.com\/fp\/#\/schema\/logo\/image\/"}},{"@type":"Person","@id":"https:\/\/www.monlau.com\/fp\/#\/schema\/person\/419cfdf054323e24e0a2ef1d8597f051","name":"adsmurai","image":{"@type":"ImageObject","inLanguage":"es","@id":"https:\/\/secure.gravatar.com\/avatar\/0748788578f91786454454fa3b4c295644edb991ad6caadc70b41d26790d38fc?s=96&d=mm&r=g","url":"https:\/\/secure.gravatar.com\/avatar\/0748788578f91786454454fa3b4c295644edb991ad6caadc70b41d26790d38fc?s=96&d=mm&r=g","contentUrl":"https:\/\/secure.gravatar.com\/avatar\/0748788578f91786454454fa3b4c295644edb991ad6caadc70b41d26790d38fc?s=96&d=mm&r=g","caption":"adsmurai"},"sameAs":["https:\/\/www.monlau.com"],"url":"https:\/\/www.monlau.com\/fp\/author\/adsmurai\/"}]}},"_links":{"self":[{"href":"https:\/\/www.monlau.com\/fp\/wp-json\/wp\/v2\/posts\/6018","targetHints":{"allow":["GET"]}}],"collection":[{"href":"https:\/\/www.monlau.com\/fp\/wp-json\/wp\/v2\/posts"}],"about":[{"href":"https:\/\/www.monlau.com\/fp\/wp-json\/wp\/v2\/types\/post"}],"author":[{"embeddable":true,"href":"https:\/\/www.monlau.com\/fp\/wp-json\/wp\/v2\/users\/1"}],"replies":[{"embeddable":true,"href":"https:\/\/www.monlau.com\/fp\/wp-json\/wp\/v2\/comments?post=6018"}],"version-history":[{"count":1,"href":"https:\/\/www.monlau.com\/fp\/wp-json\/wp\/v2\/posts\/6018\/revisions"}],"predecessor-version":[{"id":6336,"href":"https:\/\/www.monlau.com\/fp\/wp-json\/wp\/v2\/posts\/6018\/revisions\/6336"}],"wp:featuredmedia":[{"embeddable":true,"href":"https:\/\/www.monlau.com\/fp\/wp-json\/wp\/v2\/media\/3783"}],"wp:attachment":[{"href":"https:\/\/www.monlau.com\/fp\/wp-json\/wp\/v2\/media?parent=6018"}],"wp:term":[{"taxonomy":"category","embeddable":true,"href":"https:\/\/www.monlau.com\/fp\/wp-json\/wp\/v2\/categories?post=6018"},{"taxonomy":"post_tag","embeddable":true,"href":"https:\/\/www.monlau.com\/fp\/wp-json\/wp\/v2\/tags?post=6018"}],"curies":[{"name":"wp","href":"https:\/\/api.w.org\/{rel}","templated":true}]}}