{"id":6017,"date":"2025-03-24T00:00:00","date_gmt":"2025-03-23T23:00:00","guid":{"rendered":"https:\/\/www.monlau.com\/formacion-profesional\/como-el-grado-medio-en-carroceria-te-prepara-para-el-futuro-de-la-automocion-en-barcelona-2\/"},"modified":"2026-03-10T10:03:26","modified_gmt":"2026-03-10T09:03:26","slug":"como-el-grado-medio-en-carroceria-te-prepara-para-el-futuro-de-la-automocion-en-barcelona-2","status":"publish","type":"post","link":"https:\/\/www.monlau.com\/fp\/2025\/03\/24\/como-el-grado-medio-en-carroceria-te-prepara-para-el-futuro-de-la-automocion-en-barcelona-2\/","title":{"rendered":"Grado Medio en Electromec\u00e1nica de Autom\u00f3viles en Barcelona: ventajas frente a otras formaciones"},"content":{"rendered":"<h2>Grado Medio en Electromec\u00e1nica de Autom\u00f3viles en Barcelona. \u00bfPor qu\u00e9 elegir esta formaci\u00f3n?<\/h2>\n<p data-start=\"215\" data-end=\"509\" class=\"\">\u00bfTe apasionan los coches? \u00bfEres de los que disfrutan desmontando y entendiendo c\u00f3mo funciona un motor? Si est\u00e1s buscando una formaci\u00f3n profesional con futuro, pr\u00e1ctica y con salidas laborales reales, el <strong data-start=\"418\" data-end=\"480\">Grado Medio en Electromec\u00e1nica de Autom\u00f3viles en Barcelona<\/strong> puede ser tu mejor elecci\u00f3n.<\/p>\n<p data-start=\"511\" data-end=\"686\" class=\"\">En este art\u00edculo te explicamos por qu\u00e9 esta formaci\u00f3n destaca frente a otras opciones del sector de la automoci\u00f3n y qu\u00e9 ventajas espec\u00edficas ofrece para tu futuro profesional.<\/p>\n<p>&nbsp;<\/p>\n<h2>\u00bfQu\u00e9 es el grado medio en electromec\u00e1nica de autom\u00f3viles?<\/h2>\n<p data-start=\"756\" data-end=\"1074\" class=\"\">Es una <strong data-start=\"763\" data-end=\"788\">formaci\u00f3n profesional<\/strong> orientada a personas que quieren convertirse en <strong data-start=\"837\" data-end=\"909\">t\u00e9cnicos especialistas en la reparaci\u00f3n y mantenimiento de veh\u00edculos<\/strong>. A lo largo del ciclo, aprender\u00e1s tanto la parte mec\u00e1nica como la el\u00e9ctrica y electr\u00f3nica del autom\u00f3vil, lo que te convertir\u00e1 en un perfil muy completo y demandado.<\/p>\n<p data-start=\"1076\" data-end=\"1244\" class=\"\">Esta FP tiene una duraci\u00f3n de dos a\u00f1os, incluyendo pr\u00e1cticas en empresas del sector, y combina conocimientos t\u00e9cnicos con experiencia real en talleres y concesionarios.<span><\/span><\/p>\n<p>&nbsp;<\/p>\n<p data-start=\"1328\" data-end=\"1570\"><span style=\"color: #000000; font-family: Raleway, Helvetica, Arial, Lucida, sans-serif; font-size: 26px;\"><\/span><\/p>\n<h3 data-start=\"1328\" data-end=\"1570\">\u00bfPor qu\u00e9 estudiar este grado en Barcelona?<\/h3>\n<p data-start=\"1299\" data-end=\"1537\" class=\"\">Barcelona no solo es una ciudad con un alto tejido industrial y automovil\u00edstico, sino que adem\u00e1s <strong data-start=\"1396\" data-end=\"1461\">concentra una gran red de centros especializados, como Monlau<\/strong>, donde la formaci\u00f3n se adapta a las necesidades del mercado laboral actual.<\/p>\n<p data-pm-slice=\"1 1 []\"><strong>Ventajas de estudiar en Barcelona:<\/strong><\/p>\n<ul>\n<li data-pm-slice=\"1 1 []\">Acceso a empresas del sector automoci\u00f3n l\u00edderes.<\/li>\n<li data-pm-slice=\"1 1 []\">Alta empleabilidad tras acabar los estudios.<\/li>\n<li data-pm-slice=\"1 1 []\">Posibilidades de seguir form\u00e1ndote en un grado superior.<\/li>\n<li data-pm-slice=\"1 1 []\">Formaci\u00f3n adaptada a las nuevas tecnolog\u00edas.<\/li>\n<\/ul>\n<p data-pm-slice=\"1 1 []\"><span><\/span><\/p>\n<p data-start=\"3299\" data-end=\"3464\"><span><\/span><\/p>\n<p><span><\/span><\/p>\n<p><span><\/span><\/p>\n<h3>Ventajas espec\u00edficas del grado medio en Monlau<\/h3>\n<p data-pm-slice=\"1 1 []\"><span style=\"font-size: 16px;\">En Monlau, llevamos m\u00e1s de 40 a\u00f1os formando a los profesionales del motor. \u00bfQu\u00e9 nos hace diferentes? <\/span><\/p>\n<p data-pm-slice=\"1 1 []\"><span style=\"font-size: 16px;\">  <strong data-start=\"2900\" data-end=\"2964\">Talleres equipados con tecnolog\u00eda real de \u00faltima generaci\u00f3n.<\/strong><br data-start=\"2964\" data-end=\"2967\" \/> \u200d  <strong data-start=\"2973\" data-end=\"3032\">Profesores en activo con experiencia real en el sector.<\/strong><br data-start=\"3032\" data-end=\"3035\" \/>  <strong data-start=\"3038\" data-end=\"3085\">Metodolog\u00eda pr\u00e1ctica desde el primer curso.<\/strong><br data-start=\"3085\" data-end=\"3088\" \/>  <strong data-start=\"3091\" data-end=\"3157\">Posibilidad de participar en proyectos como Monlau Motorsport.<\/strong><br data-start=\"3157\" data-end=\"3160\" \/>  <strong data-start=\"3163\" data-end=\"3228\">Bolsa de trabajo y convenios con empresas l\u00edderes del sector.<\/strong><\/span><span><\/span><\/p>\n<p data-pm-slice=\"1 1 []\"><span style=\"font-size: 16px;\"><strong data-start=\"3163\" data-end=\"3228\"><\/strong><\/span><\/p>\n<h3 data-pm-slice=\"1 1 []\">\u00bfY despu\u00e9s del grado, qu\u00e9?<span style=\"font-size: 16px;\"><strong data-start=\"3163\" data-end=\"3228\"><\/strong><\/span><\/h3>\n<p data-start=\"3267\" data-end=\"3323\" class=\"\">Una vez finalices el ciclo, tendr\u00e1s dos opciones claras:<\/p>\n<ul>\n<li data-start=\"3328\" data-end=\"3518\"><strong data-start=\"3328\" data-end=\"3369\">Entrar directamente al mundo laboral.<\/strong> Con un t\u00edtulo oficial y experiencia pr\u00e1ctica, podr\u00e1s trabajar como t\u00e9cnico electromec\u00e1nico en talleres, concesionarios, empresas de transporte, etc.<\/li>\n<li data-start=\"3522\" data-end=\"3660\"><strong data-start=\"3522\" data-end=\"3580\">Seguir form\u00e1ndote con un Grado Superior en Automoci\u00f3n.<\/strong> Una opci\u00f3n muy interesante si quieres optar a puestos de mayor responsabilidad.<\/li>\n<\/ul>\n<p>Si te interesa la mec\u00e1nica, te gusta el trabajo pr\u00e1ctico y quieres una profesi\u00f3n con futuro, el <strong data-start=\"3779\" data-end=\"3841\">Grado Medio en Electromec\u00e1nica de Autom\u00f3viles en Barcelona<\/strong> es una de las mejores decisiones que puedes tomar.<\/p>\n<p data-start=\"5046\" data-end=\"5332\"><span><\/span><\/p>\n","protected":false},"excerpt":{"rendered":"<p>Grado Medio en Electromec\u00e1nica de Autom\u00f3viles en Barcelona. \u00bfPor qu\u00e9 elegir esta formaci\u00f3n? \u00bfTe apasionan los coches? \u00bfEres de los que disfrutan desmontando y entendiendo c\u00f3mo funciona un motor? Si est\u00e1s buscando una formaci\u00f3n profesional con futuro, pr\u00e1ctica y con salidas laborales reales, el Grado Medio en Electromec\u00e1nica de Autom\u00f3viles en Barcelona puede ser tu [&hellip;]<\/p>\n","protected":false},"author":1,"featured_media":3781,"comment_status":"closed","ping_status":"closed","sticky":false,"template":"","format":"standard","meta":{"footnotes":""},"categories":[36,31,57],"tags":[],"class_list":["post-6017","post","type-post","status-publish","format-standard","has-post-thumbnail","hentry","category-automocion","category-fp-dual","category-monlau"],"yoast_head":"<!-- This site is optimized with the Yoast SEO plugin v27.2 - https:\/\/yoast.com\/product\/yoast-seo-wordpress\/ -->\n<title>Grado Medio en Electromec\u00e1nica de Autom\u00f3viles en Barcelona: ventajas frente a otras formaciones - Formaci\u00f3n profesional<\/title>\n<meta name=\"robots\" content=\"index, follow, max-snippet:-1, max-image-preview:large, max-video-preview:-1\" \/>\n<link rel=\"canonical\" href=\"https:\/\/www.monlau.com\/fp\/2025\/03\/24\/como-el-grado-medio-en-carroceria-te-prepara-para-el-futuro-de-la-automocion-en-barcelona-2\/\" \/>\n<meta property=\"og:locale\" content=\"es_ES\" \/>\n<meta property=\"og:type\" content=\"article\" \/>\n<meta property=\"og:title\" content=\"Grado Medio en Electromec\u00e1nica de Autom\u00f3viles en Barcelona: ventajas frente a otras formaciones - Formaci\u00f3n profesional\" \/>\n<meta property=\"og:description\" content=\"Grado Medio en Electromec\u00e1nica de Autom\u00f3viles en Barcelona. \u00bfPor qu\u00e9 elegir esta formaci\u00f3n? \u00bfTe apasionan los coches? \u00bfEres de los que disfrutan desmontando y entendiendo c\u00f3mo funciona un motor? Si est\u00e1s buscando una formaci\u00f3n profesional con futuro, pr\u00e1ctica y con salidas laborales reales, el Grado Medio en Electromec\u00e1nica de Autom\u00f3viles en Barcelona puede ser tu [&hellip;]\" \/>\n<meta property=\"og:url\" content=\"https:\/\/www.monlau.com\/fp\/2025\/03\/24\/como-el-grado-medio-en-carroceria-te-prepara-para-el-futuro-de-la-automocion-en-barcelona-2\/\" \/>\n<meta property=\"og:site_name\" content=\"Formaci\u00f3n profesional\" \/>\n<meta property=\"article:published_time\" content=\"2025-03-23T23:00:00+00:00\" \/>\n<meta property=\"article:modified_time\" content=\"2026-03-10T09:03:26+00:00\" \/>\n<meta property=\"og:image\" content=\"https:\/\/www.monlau.com\/app\/uploads\/sites\/3\/2026\/03\/Monlau_229-1024x768.jpg\" \/>\n\t<meta property=\"og:image:width\" content=\"1024\" \/>\n\t<meta property=\"og:image:height\" content=\"768\" \/>\n\t<meta property=\"og:image:type\" content=\"image\/jpeg\" \/>\n<meta name=\"author\" content=\"adsmurai\" \/>\n<meta name=\"twitter:card\" content=\"summary_large_image\" \/>\n<meta name=\"twitter:label1\" content=\"Escrito por\" \/>\n\t<meta name=\"twitter:data1\" content=\"adsmurai\" \/>\n\t<meta name=\"twitter:label2\" content=\"Tiempo de lectura\" \/>\n\t<meta name=\"twitter:data2\" content=\"2 minutos\" \/>\n<script type=\"application\/ld+json\" class=\"yoast-schema-graph\">{\"@context\":\"https:\/\/schema.org\",\"@graph\":[{\"@type\":\"Article\",\"@id\":\"https:\/\/www.monlau.com\/fp\/2025\/03\/24\/como-el-grado-medio-en-carroceria-te-prepara-para-el-futuro-de-la-automocion-en-barcelona-2\/#article\",\"isPartOf\":{\"@id\":\"https:\/\/www.monlau.com\/fp\/2025\/03\/24\/como-el-grado-medio-en-carroceria-te-prepara-para-el-futuro-de-la-automocion-en-barcelona-2\/\"},\"author\":{\"name\":\"adsmurai\",\"@id\":\"https:\/\/www.monlau.com\/fp\/#\/schema\/person\/419cfdf054323e24e0a2ef1d8597f051\"},\"headline\":\"Grado Medio en Electromec\u00e1nica de Autom\u00f3viles en Barcelona: ventajas frente a otras formaciones\",\"datePublished\":\"2025-03-23T23:00:00+00:00\",\"dateModified\":\"2026-03-10T09:03:26+00:00\",\"mainEntityOfPage\":{\"@id\":\"https:\/\/www.monlau.com\/fp\/2025\/03\/24\/como-el-grado-medio-en-carroceria-te-prepara-para-el-futuro-de-la-automocion-en-barcelona-2\/\"},\"wordCount\":476,\"publisher\":{\"@id\":\"https:\/\/www.monlau.com\/fp\/#organization\"},\"image\":{\"@id\":\"https:\/\/www.monlau.com\/fp\/2025\/03\/24\/como-el-grado-medio-en-carroceria-te-prepara-para-el-futuro-de-la-automocion-en-barcelona-2\/#primaryimage\"},\"thumbnailUrl\":\"https:\/\/www.monlau.com\/app\/uploads\/sites\/3\/2026\/03\/Monlau_229.jpg\",\"articleSection\":[\"Automoci\u00f3n\",\"FP Dual\",\"Monlau\"],\"inLanguage\":\"es\"},{\"@type\":\"WebPage\",\"@id\":\"https:\/\/www.monlau.com\/fp\/2025\/03\/24\/como-el-grado-medio-en-carroceria-te-prepara-para-el-futuro-de-la-automocion-en-barcelona-2\/\",\"url\":\"https:\/\/www.monlau.com\/fp\/2025\/03\/24\/como-el-grado-medio-en-carroceria-te-prepara-para-el-futuro-de-la-automocion-en-barcelona-2\/\",\"name\":\"Grado Medio en Electromec\u00e1nica de Autom\u00f3viles en Barcelona: ventajas frente a otras formaciones - Formaci\u00f3n profesional\",\"isPartOf\":{\"@id\":\"https:\/\/www.monlau.com\/fp\/#website\"},\"primaryImageOfPage\":{\"@id\":\"https:\/\/www.monlau.com\/fp\/2025\/03\/24\/como-el-grado-medio-en-carroceria-te-prepara-para-el-futuro-de-la-automocion-en-barcelona-2\/#primaryimage\"},\"image\":{\"@id\":\"https:\/\/www.monlau.com\/fp\/2025\/03\/24\/como-el-grado-medio-en-carroceria-te-prepara-para-el-futuro-de-la-automocion-en-barcelona-2\/#primaryimage\"},\"thumbnailUrl\":\"https:\/\/www.monlau.com\/app\/uploads\/sites\/3\/2026\/03\/Monlau_229.jpg\",\"datePublished\":\"2025-03-23T23:00:00+00:00\",\"dateModified\":\"2026-03-10T09:03:26+00:00\",\"breadcrumb\":{\"@id\":\"https:\/\/www.monlau.com\/fp\/2025\/03\/24\/como-el-grado-medio-en-carroceria-te-prepara-para-el-futuro-de-la-automocion-en-barcelona-2\/#breadcrumb\"},\"inLanguage\":\"es\",\"potentialAction\":[{\"@type\":\"ReadAction\",\"target\":[\"https:\/\/www.monlau.com\/fp\/2025\/03\/24\/como-el-grado-medio-en-carroceria-te-prepara-para-el-futuro-de-la-automocion-en-barcelona-2\/\"]}]},{\"@type\":\"ImageObject\",\"inLanguage\":\"es\",\"@id\":\"https:\/\/www.monlau.com\/fp\/2025\/03\/24\/como-el-grado-medio-en-carroceria-te-prepara-para-el-futuro-de-la-automocion-en-barcelona-2\/#primaryimage\",\"url\":\"https:\/\/www.monlau.com\/app\/uploads\/sites\/3\/2026\/03\/Monlau_229.jpg\",\"contentUrl\":\"https:\/\/www.monlau.com\/app\/uploads\/sites\/3\/2026\/03\/Monlau_229.jpg\",\"width\":2560,\"height\":1920},{\"@type\":\"BreadcrumbList\",\"@id\":\"https:\/\/www.monlau.com\/fp\/2025\/03\/24\/como-el-grado-medio-en-carroceria-te-prepara-para-el-futuro-de-la-automocion-en-barcelona-2\/#breadcrumb\",\"itemListElement\":[{\"@type\":\"ListItem\",\"position\":1,\"name\":\"Portada\",\"item\":\"https:\/\/www.monlau.com\/fp\/\"},{\"@type\":\"ListItem\",\"position\":2,\"name\":\"Grado Medio en Electromec\u00e1nica de Autom\u00f3viles en Barcelona: ventajas frente a otras formaciones\"}]},{\"@type\":\"WebSite\",\"@id\":\"https:\/\/www.monlau.com\/fp\/#website\",\"url\":\"https:\/\/www.monlau.com\/fp\/\",\"name\":\"Formaci\u00f3n profesional\",\"description\":\"Monlau\",\"publisher\":{\"@id\":\"https:\/\/www.monlau.com\/fp\/#organization\"},\"potentialAction\":[{\"@type\":\"SearchAction\",\"target\":{\"@type\":\"EntryPoint\",\"urlTemplate\":\"https:\/\/www.monlau.com\/fp\/?s={search_term_string}\"},\"query-input\":{\"@type\":\"PropertyValueSpecification\",\"valueRequired\":true,\"valueName\":\"search_term_string\"}}],\"inLanguage\":\"es\"},{\"@type\":\"Organization\",\"@id\":\"https:\/\/www.monlau.com\/fp\/#organization\",\"name\":\"Formaci\u00f3n profesional\",\"url\":\"https:\/\/www.monlau.com\/fp\/\",\"logo\":{\"@type\":\"ImageObject\",\"inLanguage\":\"es\",\"@id\":\"https:\/\/www.monlau.com\/fp\/#\/schema\/logo\/image\/\",\"url\":\"https:\/\/www.monlau.com\/app\/uploads\/sites\/3\/2026\/01\/fp.png\",\"contentUrl\":\"https:\/\/www.monlau.com\/app\/uploads\/sites\/3\/2026\/01\/fp.png\",\"width\":1024,\"height\":878,\"caption\":\"Formaci\u00f3n profesional\"},\"image\":{\"@id\":\"https:\/\/www.monlau.com\/fp\/#\/schema\/logo\/image\/\"}},{\"@type\":\"Person\",\"@id\":\"https:\/\/www.monlau.com\/fp\/#\/schema\/person\/419cfdf054323e24e0a2ef1d8597f051\",\"name\":\"adsmurai\",\"image\":{\"@type\":\"ImageObject\",\"inLanguage\":\"es\",\"@id\":\"https:\/\/secure.gravatar.com\/avatar\/0748788578f91786454454fa3b4c295644edb991ad6caadc70b41d26790d38fc?s=96&d=mm&r=g\",\"url\":\"https:\/\/secure.gravatar.com\/avatar\/0748788578f91786454454fa3b4c295644edb991ad6caadc70b41d26790d38fc?s=96&d=mm&r=g\",\"contentUrl\":\"https:\/\/secure.gravatar.com\/avatar\/0748788578f91786454454fa3b4c295644edb991ad6caadc70b41d26790d38fc?s=96&d=mm&r=g\",\"caption\":\"adsmurai\"},\"sameAs\":[\"https:\/\/www.monlau.com\"],\"url\":\"https:\/\/www.monlau.com\/fp\/author\/adsmurai\/\"}]}<\/script>\n<!-- \/ Yoast SEO plugin. -->","yoast_head_json":{"title":"Grado Medio en Electromec\u00e1nica de Autom\u00f3viles en Barcelona: ventajas frente a otras formaciones - Formaci\u00f3n profesional","robots":{"index":"index","follow":"follow","max-snippet":"max-snippet:-1","max-image-preview":"max-image-preview:large","max-video-preview":"max-video-preview:-1"},"canonical":"https:\/\/www.monlau.com\/fp\/2025\/03\/24\/como-el-grado-medio-en-carroceria-te-prepara-para-el-futuro-de-la-automocion-en-barcelona-2\/","og_locale":"es_ES","og_type":"article","og_title":"Grado Medio en Electromec\u00e1nica de Autom\u00f3viles en Barcelona: ventajas frente a otras formaciones - Formaci\u00f3n profesional","og_description":"Grado Medio en Electromec\u00e1nica de Autom\u00f3viles en Barcelona. \u00bfPor qu\u00e9 elegir esta formaci\u00f3n? \u00bfTe apasionan los coches? \u00bfEres de los que disfrutan desmontando y entendiendo c\u00f3mo funciona un motor? Si est\u00e1s buscando una formaci\u00f3n profesional con futuro, pr\u00e1ctica y con salidas laborales reales, el Grado Medio en Electromec\u00e1nica de Autom\u00f3viles en Barcelona puede ser tu [&hellip;]","og_url":"https:\/\/www.monlau.com\/fp\/2025\/03\/24\/como-el-grado-medio-en-carroceria-te-prepara-para-el-futuro-de-la-automocion-en-barcelona-2\/","og_site_name":"Formaci\u00f3n profesional","article_published_time":"2025-03-23T23:00:00+00:00","article_modified_time":"2026-03-10T09:03:26+00:00","og_image":[{"width":1024,"height":768,"url":"https:\/\/www.monlau.com\/app\/uploads\/sites\/3\/2026\/03\/Monlau_229-1024x768.jpg","type":"image\/jpeg"}],"author":"adsmurai","twitter_card":"summary_large_image","twitter_misc":{"Escrito por":"adsmurai","Tiempo de lectura":"2 minutos"},"schema":{"@context":"https:\/\/schema.org","@graph":[{"@type":"Article","@id":"https:\/\/www.monlau.com\/fp\/2025\/03\/24\/como-el-grado-medio-en-carroceria-te-prepara-para-el-futuro-de-la-automocion-en-barcelona-2\/#article","isPartOf":{"@id":"https:\/\/www.monlau.com\/fp\/2025\/03\/24\/como-el-grado-medio-en-carroceria-te-prepara-para-el-futuro-de-la-automocion-en-barcelona-2\/"},"author":{"name":"adsmurai","@id":"https:\/\/www.monlau.com\/fp\/#\/schema\/person\/419cfdf054323e24e0a2ef1d8597f051"},"headline":"Grado Medio en Electromec\u00e1nica de Autom\u00f3viles en Barcelona: ventajas frente a otras formaciones","datePublished":"2025-03-23T23:00:00+00:00","dateModified":"2026-03-10T09:03:26+00:00","mainEntityOfPage":{"@id":"https:\/\/www.monlau.com\/fp\/2025\/03\/24\/como-el-grado-medio-en-carroceria-te-prepara-para-el-futuro-de-la-automocion-en-barcelona-2\/"},"wordCount":476,"publisher":{"@id":"https:\/\/www.monlau.com\/fp\/#organization"},"image":{"@id":"https:\/\/www.monlau.com\/fp\/2025\/03\/24\/como-el-grado-medio-en-carroceria-te-prepara-para-el-futuro-de-la-automocion-en-barcelona-2\/#primaryimage"},"thumbnailUrl":"https:\/\/www.monlau.com\/app\/uploads\/sites\/3\/2026\/03\/Monlau_229.jpg","articleSection":["Automoci\u00f3n","FP Dual","Monlau"],"inLanguage":"es"},{"@type":"WebPage","@id":"https:\/\/www.monlau.com\/fp\/2025\/03\/24\/como-el-grado-medio-en-carroceria-te-prepara-para-el-futuro-de-la-automocion-en-barcelona-2\/","url":"https:\/\/www.monlau.com\/fp\/2025\/03\/24\/como-el-grado-medio-en-carroceria-te-prepara-para-el-futuro-de-la-automocion-en-barcelona-2\/","name":"Grado Medio en Electromec\u00e1nica de Autom\u00f3viles en Barcelona: ventajas frente a otras formaciones - Formaci\u00f3n profesional","isPartOf":{"@id":"https:\/\/www.monlau.com\/fp\/#website"},"primaryImageOfPage":{"@id":"https:\/\/www.monlau.com\/fp\/2025\/03\/24\/como-el-grado-medio-en-carroceria-te-prepara-para-el-futuro-de-la-automocion-en-barcelona-2\/#primaryimage"},"image":{"@id":"https:\/\/www.monlau.com\/fp\/2025\/03\/24\/como-el-grado-medio-en-carroceria-te-prepara-para-el-futuro-de-la-automocion-en-barcelona-2\/#primaryimage"},"thumbnailUrl":"https:\/\/www.monlau.com\/app\/uploads\/sites\/3\/2026\/03\/Monlau_229.jpg","datePublished":"2025-03-23T23:00:00+00:00","dateModified":"2026-03-10T09:03:26+00:00","breadcrumb":{"@id":"https:\/\/www.monlau.com\/fp\/2025\/03\/24\/como-el-grado-medio-en-carroceria-te-prepara-para-el-futuro-de-la-automocion-en-barcelona-2\/#breadcrumb"},"inLanguage":"es","potentialAction":[{"@type":"ReadAction","target":["https:\/\/www.monlau.com\/fp\/2025\/03\/24\/como-el-grado-medio-en-carroceria-te-prepara-para-el-futuro-de-la-automocion-en-barcelona-2\/"]}]},{"@type":"ImageObject","inLanguage":"es","@id":"https:\/\/www.monlau.com\/fp\/2025\/03\/24\/como-el-grado-medio-en-carroceria-te-prepara-para-el-futuro-de-la-automocion-en-barcelona-2\/#primaryimage","url":"https:\/\/www.monlau.com\/app\/uploads\/sites\/3\/2026\/03\/Monlau_229.jpg","contentUrl":"https:\/\/www.monlau.com\/app\/uploads\/sites\/3\/2026\/03\/Monlau_229.jpg","width":2560,"height":1920},{"@type":"BreadcrumbList","@id":"https:\/\/www.monlau.com\/fp\/2025\/03\/24\/como-el-grado-medio-en-carroceria-te-prepara-para-el-futuro-de-la-automocion-en-barcelona-2\/#breadcrumb","itemListElement":[{"@type":"ListItem","position":1,"name":"Portada","item":"https:\/\/www.monlau.com\/fp\/"},{"@type":"ListItem","position":2,"name":"Grado Medio en Electromec\u00e1nica de Autom\u00f3viles en Barcelona: ventajas frente a otras formaciones"}]},{"@type":"WebSite","@id":"https:\/\/www.monlau.com\/fp\/#website","url":"https:\/\/www.monlau.com\/fp\/","name":"Formaci\u00f3n profesional","description":"Monlau","publisher":{"@id":"https:\/\/www.monlau.com\/fp\/#organization"},"potentialAction":[{"@type":"SearchAction","target":{"@type":"EntryPoint","urlTemplate":"https:\/\/www.monlau.com\/fp\/?s={search_term_string}"},"query-input":{"@type":"PropertyValueSpecification","valueRequired":true,"valueName":"search_term_string"}}],"inLanguage":"es"},{"@type":"Organization","@id":"https:\/\/www.monlau.com\/fp\/#organization","name":"Formaci\u00f3n profesional","url":"https:\/\/www.monlau.com\/fp\/","logo":{"@type":"ImageObject","inLanguage":"es","@id":"https:\/\/www.monlau.com\/fp\/#\/schema\/logo\/image\/","url":"https:\/\/www.monlau.com\/app\/uploads\/sites\/3\/2026\/01\/fp.png","contentUrl":"https:\/\/www.monlau.com\/app\/uploads\/sites\/3\/2026\/01\/fp.png","width":1024,"height":878,"caption":"Formaci\u00f3n profesional"},"image":{"@id":"https:\/\/www.monlau.com\/fp\/#\/schema\/logo\/image\/"}},{"@type":"Person","@id":"https:\/\/www.monlau.com\/fp\/#\/schema\/person\/419cfdf054323e24e0a2ef1d8597f051","name":"adsmurai","image":{"@type":"ImageObject","inLanguage":"es","@id":"https:\/\/secure.gravatar.com\/avatar\/0748788578f91786454454fa3b4c295644edb991ad6caadc70b41d26790d38fc?s=96&d=mm&r=g","url":"https:\/\/secure.gravatar.com\/avatar\/0748788578f91786454454fa3b4c295644edb991ad6caadc70b41d26790d38fc?s=96&d=mm&r=g","contentUrl":"https:\/\/secure.gravatar.com\/avatar\/0748788578f91786454454fa3b4c295644edb991ad6caadc70b41d26790d38fc?s=96&d=mm&r=g","caption":"adsmurai"},"sameAs":["https:\/\/www.monlau.com"],"url":"https:\/\/www.monlau.com\/fp\/author\/adsmurai\/"}]}},"_links":{"self":[{"href":"https:\/\/www.monlau.com\/fp\/wp-json\/wp\/v2\/posts\/6017","targetHints":{"allow":["GET"]}}],"collection":[{"href":"https:\/\/www.monlau.com\/fp\/wp-json\/wp\/v2\/posts"}],"about":[{"href":"https:\/\/www.monlau.com\/fp\/wp-json\/wp\/v2\/types\/post"}],"author":[{"embeddable":true,"href":"https:\/\/www.monlau.com\/fp\/wp-json\/wp\/v2\/users\/1"}],"replies":[{"embeddable":true,"href":"https:\/\/www.monlau.com\/fp\/wp-json\/wp\/v2\/comments?post=6017"}],"version-history":[{"count":1,"href":"https:\/\/www.monlau.com\/fp\/wp-json\/wp\/v2\/posts\/6017\/revisions"}],"predecessor-version":[{"id":6335,"href":"https:\/\/www.monlau.com\/fp\/wp-json\/wp\/v2\/posts\/6017\/revisions\/6335"}],"wp:featuredmedia":[{"embeddable":true,"href":"https:\/\/www.monlau.com\/fp\/wp-json\/wp\/v2\/media\/3781"}],"wp:attachment":[{"href":"https:\/\/www.monlau.com\/fp\/wp-json\/wp\/v2\/media?parent=6017"}],"wp:term":[{"taxonomy":"category","embeddable":true,"href":"https:\/\/www.monlau.com\/fp\/wp-json\/wp\/v2\/categories?post=6017"},{"taxonomy":"post_tag","embeddable":true,"href":"https:\/\/www.monlau.com\/fp\/wp-json\/wp\/v2\/tags?post=6017"}],"curies":[{"name":"wp","href":"https:\/\/api.w.org\/{rel}","templated":true}]}}