{"id":6016,"date":"2025-03-17T00:00:00","date_gmt":"2025-03-16T23:00:00","guid":{"rendered":"https:\/\/www.monlau.com\/formacion-profesional\/como-el-grado-medio-en-carroceria-te-prepara-para-el-futuro-de-la-automocion-en-barcelona\/"},"modified":"2026-03-10T10:03:26","modified_gmt":"2026-03-10T09:03:26","slug":"como-el-grado-medio-en-carroceria-te-prepara-para-el-futuro-de-la-automocion-en-barcelona","status":"publish","type":"post","link":"https:\/\/www.monlau.com\/fp\/2025\/03\/17\/como-el-grado-medio-en-carroceria-te-prepara-para-el-futuro-de-la-automocion-en-barcelona\/","title":{"rendered":"C\u00f3mo el Grado Medio en Carrocer\u00eda te prepara para el futuro de la automoci\u00f3n en Barcelona"},"content":{"rendered":"<h2>C\u00f3mo el Grado Medio en Carrocer\u00eda te prepara para el futuro de la automoci\u00f3n en Barcelona<\/h2>\n<p data-pm-slice=\"1 1 []\"><span>El sector de la automoci\u00f3n cambia r\u00e1pidamente, por lo que necesita profesionales bien preparados. Si buscas una formaci\u00f3n pr\u00e1ctica que te ayude a encontrar trabajo, el <\/span><span><strong>Grado Medio en Carrocer\u00eda en Barcelona<\/strong><\/span><span> es una gran opci\u00f3n. En este art\u00edculo, te explicamos por qu\u00e9 este ciclo es clave para el futuro de la automoci\u00f3n.<\/span><\/p>\n<p>&nbsp;<\/p>\n<h2>Habilidades pr\u00e1cticas que adquirir\u00e1s en el Grado Medio en Carrocer\u00eda<\/h2>\n<p data-pm-slice=\"1 1 []\"><span>Este ciclo formativo est\u00e1 pensado para que aprendas con la pr\u00e1ctica. As\u00ed, cuando termines, estar\u00e1s listo para empezar a trabajar. Durante el curso, aprender\u00e1s a:<\/span><\/p>\n<ul data-spread=\"false\">\n<li>\n<p><span>Identificar y reparar da\u00f1os en la carrocer\u00eda.<\/span><\/p>\n<\/li>\n<li>\n<p><span>Usar t\u00e9cnicas de soldadura y ensamblaje.<\/span><\/p>\n<\/li>\n<li>\n<p><span>Sustituir y ajustar piezas estructurales.<\/span><\/p>\n<\/li>\n<li>\n<p><span>Aplicar pintura y acabados de calidad.<\/span><\/p>\n<\/li>\n<li>\n<p><span>Seguir las normas de seguridad en el trabajo.<\/span><\/p>\n<\/li>\n<\/ul>\n<p><span>Gracias a este aprendizaje, podr\u00e1s trabajar en el sector con confianza y precisi\u00f3n.<\/span><\/p>\n<p>&nbsp;<\/p>\n<p data-start=\"1328\" data-end=\"1570\"><span style=\"color: #000000; font-family: Raleway, Helvetica, Arial, Lucida, sans-serif; font-size: 26px;\"><\/span><\/p>\n<h2 data-start=\"1328\" data-end=\"1570\">Oportunidades laborales en un sector en crecimiento<\/h2>\n<p data-pm-slice=\"1 1 []\"><span>Hoy en d\u00eda, la tecnolog\u00eda est\u00e1 cambiando los coches. Por ejemplo, los veh\u00edculos el\u00e9ctricos y los nuevos materiales requieren especialistas en carrocer\u00eda. Por eso, al completar este grado, podr\u00e1s trabajar en muchos sitios, como:<\/span><\/p>\n<ul data-spread=\"false\">\n<li>\n<p><span><strong>Talleres especializados en reparaci\u00f3n de carrocer\u00eda.<\/strong><\/span><\/p>\n<\/li>\n<li>\n<p><span><strong>Concesionarios de coches y empresas del sector.<\/strong><\/span><\/p>\n<\/li>\n<li>\n<p><span><strong>Centros de pintura y personalizaci\u00f3n de veh\u00edculos.<\/strong><\/span><\/p>\n<\/li>\n<li>\n<p><span><strong>Empresas de peritaci\u00f3n y aseguradoras.<\/strong><\/span><\/p>\n<\/li>\n<\/ul>\n<p><span>Si despu\u00e9s quieres seguir aprendiendo, tambi\u00e9n podr\u00e1s acceder a un <\/span><span><strong>Grado Superior en Automoci\u00f3n<\/strong><\/span><span>, lo que ampliar\u00e1 tus oportunidades de trabajo.<\/span><\/p>\n<p data-pm-slice=\"1 1 []\"><span><\/span><\/p>\n<p data-start=\"3299\" data-end=\"3464\"><span><\/span><\/p>\n<p><span><\/span><\/p>\n<p><span><\/span><\/p>\n<h2>\u00bfPor qu\u00e9 estudiar el Grado Medio en Carrocer\u00eda en Barcelona?<\/h2>\n<p data-pm-slice=\"1 1 []\"><span>Barcelona es una ciudad con muchas oportunidades en la automoci\u00f3n. Adem\u00e1s, estudiar aqu\u00ed te ofrece grandes ventajas, como:<\/span><\/p>\n<ul data-spread=\"false\">\n<li>\n<p><span><strong>Centros con tecnolog\u00eda moderna y talleres equipados.<\/strong><\/span><\/p>\n<\/li>\n<li>\n<p><span><strong>Pr\u00e1cticas en empresas importantes del sector.<\/strong><\/span><\/p>\n<\/li>\n<li>\n<p><span><strong>Profesores con experiencia en la industria.<\/strong><\/span><\/p>\n<\/li>\n<li>\n<p><span><strong>Posibilidades de encontrar trabajo r\u00e1pidamente.<\/strong><\/span><\/p>\n<\/li>\n<\/ul>\n<p><span>Si buscas una ciudad con opciones laborales y una buena formaci\u00f3n, Barcelona es una gran elecci\u00f3n.<\/span><\/p>\n<p data-pm-slice=\"1 1 []\"><span>El <\/span><span><strong>Grado Medio en Carrocer\u00eda en Barcelona<\/strong><\/span><span> es la mejor manera de prepararte para trabajar en un sector que sigue creciendo. Gracias a su enfoque pr\u00e1ctico, aprender\u00e1s habilidades esenciales que te abrir\u00e1n muchas puertas en el mundo laboral.<\/span><\/p>\n<p data-pm-slice=\"1 1 []\"><span>\u00a1No pierdas la oportunidad de formarte en una profesi\u00f3n con futuro!  <\/span><\/p>\n<p data-start=\"5046\" data-end=\"5332\"><span><\/span><\/p>\n","protected":false},"excerpt":{"rendered":"<p>C\u00f3mo el Grado Medio en Carrocer\u00eda te prepara para el futuro de la automoci\u00f3n en Barcelona El sector de la automoci\u00f3n cambia r\u00e1pidamente, por lo que necesita profesionales bien preparados. Si buscas una formaci\u00f3n pr\u00e1ctica que te ayude a encontrar trabajo, el Grado Medio en Carrocer\u00eda en Barcelona es una gran opci\u00f3n. En este art\u00edculo, [&hellip;]<\/p>\n","protected":false},"author":1,"featured_media":3777,"comment_status":"closed","ping_status":"closed","sticky":false,"template":"","format":"standard","meta":{"footnotes":""},"categories":[36,31,57],"tags":[],"class_list":["post-6016","post","type-post","status-publish","format-standard","has-post-thumbnail","hentry","category-automocion","category-fp-dual","category-monlau"],"yoast_head":"<!-- This site is optimized with the Yoast SEO plugin v27.2 - https:\/\/yoast.com\/product\/yoast-seo-wordpress\/ -->\n<title>C\u00f3mo el Grado Medio en Carrocer\u00eda te prepara para el futuro de la automoci\u00f3n en Barcelona - Formaci\u00f3n profesional<\/title>\n<meta name=\"robots\" content=\"index, follow, max-snippet:-1, max-image-preview:large, max-video-preview:-1\" \/>\n<link rel=\"canonical\" href=\"https:\/\/www.monlau.com\/fp\/2025\/03\/17\/como-el-grado-medio-en-carroceria-te-prepara-para-el-futuro-de-la-automocion-en-barcelona\/\" \/>\n<meta property=\"og:locale\" content=\"es_ES\" \/>\n<meta property=\"og:type\" content=\"article\" \/>\n<meta property=\"og:title\" content=\"C\u00f3mo el Grado Medio en Carrocer\u00eda te prepara para el futuro de la automoci\u00f3n en Barcelona - Formaci\u00f3n profesional\" \/>\n<meta property=\"og:description\" content=\"C\u00f3mo el Grado Medio en Carrocer\u00eda te prepara para el futuro de la automoci\u00f3n en Barcelona El sector de la automoci\u00f3n cambia r\u00e1pidamente, por lo que necesita profesionales bien preparados. Si buscas una formaci\u00f3n pr\u00e1ctica que te ayude a encontrar trabajo, el Grado Medio en Carrocer\u00eda en Barcelona es una gran opci\u00f3n. En este art\u00edculo, [&hellip;]\" \/>\n<meta property=\"og:url\" content=\"https:\/\/www.monlau.com\/fp\/2025\/03\/17\/como-el-grado-medio-en-carroceria-te-prepara-para-el-futuro-de-la-automocion-en-barcelona\/\" \/>\n<meta property=\"og:site_name\" content=\"Formaci\u00f3n profesional\" \/>\n<meta property=\"article:published_time\" content=\"2025-03-16T23:00:00+00:00\" \/>\n<meta property=\"article:modified_time\" content=\"2026-03-10T09:03:26+00:00\" \/>\n<meta property=\"og:image\" content=\"https:\/\/www.monlau.com\/app\/uploads\/sites\/3\/2026\/03\/Monlau_050v2-1024x768.jpg\" \/>\n\t<meta property=\"og:image:width\" content=\"1024\" \/>\n\t<meta property=\"og:image:height\" content=\"768\" \/>\n\t<meta property=\"og:image:type\" content=\"image\/jpeg\" \/>\n<meta name=\"author\" content=\"adsmurai\" \/>\n<meta name=\"twitter:card\" content=\"summary_large_image\" \/>\n<meta name=\"twitter:label1\" content=\"Escrito por\" \/>\n\t<meta name=\"twitter:data1\" content=\"adsmurai\" \/>\n\t<meta name=\"twitter:label2\" content=\"Tiempo de lectura\" \/>\n\t<meta name=\"twitter:data2\" content=\"2 minutos\" \/>\n<script type=\"application\/ld+json\" class=\"yoast-schema-graph\">{\"@context\":\"https:\/\/schema.org\",\"@graph\":[{\"@type\":\"Article\",\"@id\":\"https:\/\/www.monlau.com\/fp\/2025\/03\/17\/como-el-grado-medio-en-carroceria-te-prepara-para-el-futuro-de-la-automocion-en-barcelona\/#article\",\"isPartOf\":{\"@id\":\"https:\/\/www.monlau.com\/fp\/2025\/03\/17\/como-el-grado-medio-en-carroceria-te-prepara-para-el-futuro-de-la-automocion-en-barcelona\/\"},\"author\":{\"name\":\"adsmurai\",\"@id\":\"https:\/\/www.monlau.com\/fp\/#\/schema\/person\/419cfdf054323e24e0a2ef1d8597f051\"},\"headline\":\"C\u00f3mo el Grado Medio en Carrocer\u00eda te prepara para el futuro de la automoci\u00f3n en Barcelona\",\"datePublished\":\"2025-03-16T23:00:00+00:00\",\"dateModified\":\"2026-03-10T09:03:26+00:00\",\"mainEntityOfPage\":{\"@id\":\"https:\/\/www.monlau.com\/fp\/2025\/03\/17\/como-el-grado-medio-en-carroceria-te-prepara-para-el-futuro-de-la-automocion-en-barcelona\/\"},\"wordCount\":424,\"publisher\":{\"@id\":\"https:\/\/www.monlau.com\/fp\/#organization\"},\"image\":{\"@id\":\"https:\/\/www.monlau.com\/fp\/2025\/03\/17\/como-el-grado-medio-en-carroceria-te-prepara-para-el-futuro-de-la-automocion-en-barcelona\/#primaryimage\"},\"thumbnailUrl\":\"https:\/\/www.monlau.com\/app\/uploads\/sites\/3\/2026\/03\/Monlau_050v2.jpg\",\"articleSection\":[\"Automoci\u00f3n\",\"FP Dual\",\"Monlau\"],\"inLanguage\":\"es\"},{\"@type\":\"WebPage\",\"@id\":\"https:\/\/www.monlau.com\/fp\/2025\/03\/17\/como-el-grado-medio-en-carroceria-te-prepara-para-el-futuro-de-la-automocion-en-barcelona\/\",\"url\":\"https:\/\/www.monlau.com\/fp\/2025\/03\/17\/como-el-grado-medio-en-carroceria-te-prepara-para-el-futuro-de-la-automocion-en-barcelona\/\",\"name\":\"C\u00f3mo el Grado Medio en Carrocer\u00eda te prepara para el futuro de la automoci\u00f3n en Barcelona - Formaci\u00f3n profesional\",\"isPartOf\":{\"@id\":\"https:\/\/www.monlau.com\/fp\/#website\"},\"primaryImageOfPage\":{\"@id\":\"https:\/\/www.monlau.com\/fp\/2025\/03\/17\/como-el-grado-medio-en-carroceria-te-prepara-para-el-futuro-de-la-automocion-en-barcelona\/#primaryimage\"},\"image\":{\"@id\":\"https:\/\/www.monlau.com\/fp\/2025\/03\/17\/como-el-grado-medio-en-carroceria-te-prepara-para-el-futuro-de-la-automocion-en-barcelona\/#primaryimage\"},\"thumbnailUrl\":\"https:\/\/www.monlau.com\/app\/uploads\/sites\/3\/2026\/03\/Monlau_050v2.jpg\",\"datePublished\":\"2025-03-16T23:00:00+00:00\",\"dateModified\":\"2026-03-10T09:03:26+00:00\",\"breadcrumb\":{\"@id\":\"https:\/\/www.monlau.com\/fp\/2025\/03\/17\/como-el-grado-medio-en-carroceria-te-prepara-para-el-futuro-de-la-automocion-en-barcelona\/#breadcrumb\"},\"inLanguage\":\"es\",\"potentialAction\":[{\"@type\":\"ReadAction\",\"target\":[\"https:\/\/www.monlau.com\/fp\/2025\/03\/17\/como-el-grado-medio-en-carroceria-te-prepara-para-el-futuro-de-la-automocion-en-barcelona\/\"]}]},{\"@type\":\"ImageObject\",\"inLanguage\":\"es\",\"@id\":\"https:\/\/www.monlau.com\/fp\/2025\/03\/17\/como-el-grado-medio-en-carroceria-te-prepara-para-el-futuro-de-la-automocion-en-barcelona\/#primaryimage\",\"url\":\"https:\/\/www.monlau.com\/app\/uploads\/sites\/3\/2026\/03\/Monlau_050v2.jpg\",\"contentUrl\":\"https:\/\/www.monlau.com\/app\/uploads\/sites\/3\/2026\/03\/Monlau_050v2.jpg\",\"width\":2560,\"height\":1920},{\"@type\":\"BreadcrumbList\",\"@id\":\"https:\/\/www.monlau.com\/fp\/2025\/03\/17\/como-el-grado-medio-en-carroceria-te-prepara-para-el-futuro-de-la-automocion-en-barcelona\/#breadcrumb\",\"itemListElement\":[{\"@type\":\"ListItem\",\"position\":1,\"name\":\"Portada\",\"item\":\"https:\/\/www.monlau.com\/fp\/\"},{\"@type\":\"ListItem\",\"position\":2,\"name\":\"C\u00f3mo el Grado Medio en Carrocer\u00eda te prepara para el futuro de la automoci\u00f3n en Barcelona\"}]},{\"@type\":\"WebSite\",\"@id\":\"https:\/\/www.monlau.com\/fp\/#website\",\"url\":\"https:\/\/www.monlau.com\/fp\/\",\"name\":\"Formaci\u00f3n profesional\",\"description\":\"Monlau\",\"publisher\":{\"@id\":\"https:\/\/www.monlau.com\/fp\/#organization\"},\"potentialAction\":[{\"@type\":\"SearchAction\",\"target\":{\"@type\":\"EntryPoint\",\"urlTemplate\":\"https:\/\/www.monlau.com\/fp\/?s={search_term_string}\"},\"query-input\":{\"@type\":\"PropertyValueSpecification\",\"valueRequired\":true,\"valueName\":\"search_term_string\"}}],\"inLanguage\":\"es\"},{\"@type\":\"Organization\",\"@id\":\"https:\/\/www.monlau.com\/fp\/#organization\",\"name\":\"Formaci\u00f3n profesional\",\"url\":\"https:\/\/www.monlau.com\/fp\/\",\"logo\":{\"@type\":\"ImageObject\",\"inLanguage\":\"es\",\"@id\":\"https:\/\/www.monlau.com\/fp\/#\/schema\/logo\/image\/\",\"url\":\"https:\/\/www.monlau.com\/app\/uploads\/sites\/3\/2026\/01\/fp.png\",\"contentUrl\":\"https:\/\/www.monlau.com\/app\/uploads\/sites\/3\/2026\/01\/fp.png\",\"width\":1024,\"height\":878,\"caption\":\"Formaci\u00f3n profesional\"},\"image\":{\"@id\":\"https:\/\/www.monlau.com\/fp\/#\/schema\/logo\/image\/\"}},{\"@type\":\"Person\",\"@id\":\"https:\/\/www.monlau.com\/fp\/#\/schema\/person\/419cfdf054323e24e0a2ef1d8597f051\",\"name\":\"adsmurai\",\"image\":{\"@type\":\"ImageObject\",\"inLanguage\":\"es\",\"@id\":\"https:\/\/secure.gravatar.com\/avatar\/0748788578f91786454454fa3b4c295644edb991ad6caadc70b41d26790d38fc?s=96&d=mm&r=g\",\"url\":\"https:\/\/secure.gravatar.com\/avatar\/0748788578f91786454454fa3b4c295644edb991ad6caadc70b41d26790d38fc?s=96&d=mm&r=g\",\"contentUrl\":\"https:\/\/secure.gravatar.com\/avatar\/0748788578f91786454454fa3b4c295644edb991ad6caadc70b41d26790d38fc?s=96&d=mm&r=g\",\"caption\":\"adsmurai\"},\"sameAs\":[\"https:\/\/www.monlau.com\"],\"url\":\"https:\/\/www.monlau.com\/fp\/author\/adsmurai\/\"}]}<\/script>\n<!-- \/ Yoast SEO plugin. -->","yoast_head_json":{"title":"C\u00f3mo el Grado Medio en Carrocer\u00eda te prepara para el futuro de la automoci\u00f3n en Barcelona - Formaci\u00f3n profesional","robots":{"index":"index","follow":"follow","max-snippet":"max-snippet:-1","max-image-preview":"max-image-preview:large","max-video-preview":"max-video-preview:-1"},"canonical":"https:\/\/www.monlau.com\/fp\/2025\/03\/17\/como-el-grado-medio-en-carroceria-te-prepara-para-el-futuro-de-la-automocion-en-barcelona\/","og_locale":"es_ES","og_type":"article","og_title":"C\u00f3mo el Grado Medio en Carrocer\u00eda te prepara para el futuro de la automoci\u00f3n en Barcelona - Formaci\u00f3n profesional","og_description":"C\u00f3mo el Grado Medio en Carrocer\u00eda te prepara para el futuro de la automoci\u00f3n en Barcelona El sector de la automoci\u00f3n cambia r\u00e1pidamente, por lo que necesita profesionales bien preparados. Si buscas una formaci\u00f3n pr\u00e1ctica que te ayude a encontrar trabajo, el Grado Medio en Carrocer\u00eda en Barcelona es una gran opci\u00f3n. En este art\u00edculo, [&hellip;]","og_url":"https:\/\/www.monlau.com\/fp\/2025\/03\/17\/como-el-grado-medio-en-carroceria-te-prepara-para-el-futuro-de-la-automocion-en-barcelona\/","og_site_name":"Formaci\u00f3n profesional","article_published_time":"2025-03-16T23:00:00+00:00","article_modified_time":"2026-03-10T09:03:26+00:00","og_image":[{"width":1024,"height":768,"url":"https:\/\/www.monlau.com\/app\/uploads\/sites\/3\/2026\/03\/Monlau_050v2-1024x768.jpg","type":"image\/jpeg"}],"author":"adsmurai","twitter_card":"summary_large_image","twitter_misc":{"Escrito por":"adsmurai","Tiempo de lectura":"2 minutos"},"schema":{"@context":"https:\/\/schema.org","@graph":[{"@type":"Article","@id":"https:\/\/www.monlau.com\/fp\/2025\/03\/17\/como-el-grado-medio-en-carroceria-te-prepara-para-el-futuro-de-la-automocion-en-barcelona\/#article","isPartOf":{"@id":"https:\/\/www.monlau.com\/fp\/2025\/03\/17\/como-el-grado-medio-en-carroceria-te-prepara-para-el-futuro-de-la-automocion-en-barcelona\/"},"author":{"name":"adsmurai","@id":"https:\/\/www.monlau.com\/fp\/#\/schema\/person\/419cfdf054323e24e0a2ef1d8597f051"},"headline":"C\u00f3mo el Grado Medio en Carrocer\u00eda te prepara para el futuro de la automoci\u00f3n en Barcelona","datePublished":"2025-03-16T23:00:00+00:00","dateModified":"2026-03-10T09:03:26+00:00","mainEntityOfPage":{"@id":"https:\/\/www.monlau.com\/fp\/2025\/03\/17\/como-el-grado-medio-en-carroceria-te-prepara-para-el-futuro-de-la-automocion-en-barcelona\/"},"wordCount":424,"publisher":{"@id":"https:\/\/www.monlau.com\/fp\/#organization"},"image":{"@id":"https:\/\/www.monlau.com\/fp\/2025\/03\/17\/como-el-grado-medio-en-carroceria-te-prepara-para-el-futuro-de-la-automocion-en-barcelona\/#primaryimage"},"thumbnailUrl":"https:\/\/www.monlau.com\/app\/uploads\/sites\/3\/2026\/03\/Monlau_050v2.jpg","articleSection":["Automoci\u00f3n","FP Dual","Monlau"],"inLanguage":"es"},{"@type":"WebPage","@id":"https:\/\/www.monlau.com\/fp\/2025\/03\/17\/como-el-grado-medio-en-carroceria-te-prepara-para-el-futuro-de-la-automocion-en-barcelona\/","url":"https:\/\/www.monlau.com\/fp\/2025\/03\/17\/como-el-grado-medio-en-carroceria-te-prepara-para-el-futuro-de-la-automocion-en-barcelona\/","name":"C\u00f3mo el Grado Medio en Carrocer\u00eda te prepara para el futuro de la automoci\u00f3n en Barcelona - Formaci\u00f3n profesional","isPartOf":{"@id":"https:\/\/www.monlau.com\/fp\/#website"},"primaryImageOfPage":{"@id":"https:\/\/www.monlau.com\/fp\/2025\/03\/17\/como-el-grado-medio-en-carroceria-te-prepara-para-el-futuro-de-la-automocion-en-barcelona\/#primaryimage"},"image":{"@id":"https:\/\/www.monlau.com\/fp\/2025\/03\/17\/como-el-grado-medio-en-carroceria-te-prepara-para-el-futuro-de-la-automocion-en-barcelona\/#primaryimage"},"thumbnailUrl":"https:\/\/www.monlau.com\/app\/uploads\/sites\/3\/2026\/03\/Monlau_050v2.jpg","datePublished":"2025-03-16T23:00:00+00:00","dateModified":"2026-03-10T09:03:26+00:00","breadcrumb":{"@id":"https:\/\/www.monlau.com\/fp\/2025\/03\/17\/como-el-grado-medio-en-carroceria-te-prepara-para-el-futuro-de-la-automocion-en-barcelona\/#breadcrumb"},"inLanguage":"es","potentialAction":[{"@type":"ReadAction","target":["https:\/\/www.monlau.com\/fp\/2025\/03\/17\/como-el-grado-medio-en-carroceria-te-prepara-para-el-futuro-de-la-automocion-en-barcelona\/"]}]},{"@type":"ImageObject","inLanguage":"es","@id":"https:\/\/www.monlau.com\/fp\/2025\/03\/17\/como-el-grado-medio-en-carroceria-te-prepara-para-el-futuro-de-la-automocion-en-barcelona\/#primaryimage","url":"https:\/\/www.monlau.com\/app\/uploads\/sites\/3\/2026\/03\/Monlau_050v2.jpg","contentUrl":"https:\/\/www.monlau.com\/app\/uploads\/sites\/3\/2026\/03\/Monlau_050v2.jpg","width":2560,"height":1920},{"@type":"BreadcrumbList","@id":"https:\/\/www.monlau.com\/fp\/2025\/03\/17\/como-el-grado-medio-en-carroceria-te-prepara-para-el-futuro-de-la-automocion-en-barcelona\/#breadcrumb","itemListElement":[{"@type":"ListItem","position":1,"name":"Portada","item":"https:\/\/www.monlau.com\/fp\/"},{"@type":"ListItem","position":2,"name":"C\u00f3mo el Grado Medio en Carrocer\u00eda te prepara para el futuro de la automoci\u00f3n en Barcelona"}]},{"@type":"WebSite","@id":"https:\/\/www.monlau.com\/fp\/#website","url":"https:\/\/www.monlau.com\/fp\/","name":"Formaci\u00f3n profesional","description":"Monlau","publisher":{"@id":"https:\/\/www.monlau.com\/fp\/#organization"},"potentialAction":[{"@type":"SearchAction","target":{"@type":"EntryPoint","urlTemplate":"https:\/\/www.monlau.com\/fp\/?s={search_term_string}"},"query-input":{"@type":"PropertyValueSpecification","valueRequired":true,"valueName":"search_term_string"}}],"inLanguage":"es"},{"@type":"Organization","@id":"https:\/\/www.monlau.com\/fp\/#organization","name":"Formaci\u00f3n profesional","url":"https:\/\/www.monlau.com\/fp\/","logo":{"@type":"ImageObject","inLanguage":"es","@id":"https:\/\/www.monlau.com\/fp\/#\/schema\/logo\/image\/","url":"https:\/\/www.monlau.com\/app\/uploads\/sites\/3\/2026\/01\/fp.png","contentUrl":"https:\/\/www.monlau.com\/app\/uploads\/sites\/3\/2026\/01\/fp.png","width":1024,"height":878,"caption":"Formaci\u00f3n profesional"},"image":{"@id":"https:\/\/www.monlau.com\/fp\/#\/schema\/logo\/image\/"}},{"@type":"Person","@id":"https:\/\/www.monlau.com\/fp\/#\/schema\/person\/419cfdf054323e24e0a2ef1d8597f051","name":"adsmurai","image":{"@type":"ImageObject","inLanguage":"es","@id":"https:\/\/secure.gravatar.com\/avatar\/0748788578f91786454454fa3b4c295644edb991ad6caadc70b41d26790d38fc?s=96&d=mm&r=g","url":"https:\/\/secure.gravatar.com\/avatar\/0748788578f91786454454fa3b4c295644edb991ad6caadc70b41d26790d38fc?s=96&d=mm&r=g","contentUrl":"https:\/\/secure.gravatar.com\/avatar\/0748788578f91786454454fa3b4c295644edb991ad6caadc70b41d26790d38fc?s=96&d=mm&r=g","caption":"adsmurai"},"sameAs":["https:\/\/www.monlau.com"],"url":"https:\/\/www.monlau.com\/fp\/author\/adsmurai\/"}]}},"_links":{"self":[{"href":"https:\/\/www.monlau.com\/fp\/wp-json\/wp\/v2\/posts\/6016","targetHints":{"allow":["GET"]}}],"collection":[{"href":"https:\/\/www.monlau.com\/fp\/wp-json\/wp\/v2\/posts"}],"about":[{"href":"https:\/\/www.monlau.com\/fp\/wp-json\/wp\/v2\/types\/post"}],"author":[{"embeddable":true,"href":"https:\/\/www.monlau.com\/fp\/wp-json\/wp\/v2\/users\/1"}],"replies":[{"embeddable":true,"href":"https:\/\/www.monlau.com\/fp\/wp-json\/wp\/v2\/comments?post=6016"}],"version-history":[{"count":1,"href":"https:\/\/www.monlau.com\/fp\/wp-json\/wp\/v2\/posts\/6016\/revisions"}],"predecessor-version":[{"id":6338,"href":"https:\/\/www.monlau.com\/fp\/wp-json\/wp\/v2\/posts\/6016\/revisions\/6338"}],"wp:featuredmedia":[{"embeddable":true,"href":"https:\/\/www.monlau.com\/fp\/wp-json\/wp\/v2\/media\/3777"}],"wp:attachment":[{"href":"https:\/\/www.monlau.com\/fp\/wp-json\/wp\/v2\/media?parent=6016"}],"wp:term":[{"taxonomy":"category","embeddable":true,"href":"https:\/\/www.monlau.com\/fp\/wp-json\/wp\/v2\/categories?post=6016"},{"taxonomy":"post_tag","embeddable":true,"href":"https:\/\/www.monlau.com\/fp\/wp-json\/wp\/v2\/tags?post=6016"}],"curies":[{"name":"wp","href":"https:\/\/api.w.org\/{rel}","templated":true}]}}