{"id":6015,"date":"2025-03-17T00:00:00","date_gmt":"2025-03-16T23:00:00","guid":{"rendered":"https:\/\/www.monlau.com\/formacion-profesional\/descubre-el-grado-medio-en-carroceria-en-barcelona-todo-lo-que-necesitas-saber\/"},"modified":"2026-03-10T10:03:26","modified_gmt":"2026-03-10T09:03:26","slug":"descubre-el-grado-medio-en-carroceria-en-barcelona-todo-lo-que-necesitas-saber","status":"publish","type":"post","link":"https:\/\/www.monlau.com\/fp\/2025\/03\/17\/descubre-el-grado-medio-en-carroceria-en-barcelona-todo-lo-que-necesitas-saber\/","title":{"rendered":"Descubre el Grado Medio en Carrocer\u00eda en Barcelona: Todo lo que necesitas saber"},"content":{"rendered":"<h2>Descubre el Grado Medio en Carrocer\u00eda en Barcelona: Todo lo que necesitas saber<\/h2>\n<p data-pm-slice=\"1 1 []\"><span>Si te gusta el mundo del motor y quieres aprender a reparar y cuidar carrocer\u00edas, el <\/span><span><strong>Grado Medio en Carrocer\u00eda en Barcelona<\/strong><\/span><span> es una gran opci\u00f3n. En este art\u00edculo, te explicamos todo lo que necesitas saber. Te contaremos sobre el programa, los requisitos y las oportunidades laborales.<\/span><\/p>\n<p>&nbsp;<\/p>\n<h2>\u00bfQu\u00e9 aprender\u00e1s en el grado medio de carrocer\u00eda?<\/h2>\n<p data-pm-slice=\"1 3 []\"><span>Este ciclo est\u00e1 dise\u00f1ado para que aprendas tanto la teor\u00eda como la pr\u00e1ctica. Adem\u00e1s, te preparar\u00e1 para el mundo laboral. A lo largo del curso, conocer\u00e1s sobre:<\/span><\/p>\n<ul data-spread=\"false\">\n<li>\n<p><span>C\u00f3mo diagnosticar y reparar da\u00f1os en la carrocer\u00eda.<\/span><\/p>\n<\/li>\n<li>\n<p><span>C\u00f3mo sustituir y ajustar piezas estructurales.<\/span><\/p>\n<\/li>\n<li>\n<p><span>T\u00e9cnicas de pintura y acabados para autom\u00f3viles.<\/span><\/p>\n<\/li>\n<li>\n<p><span>Uso de soldadura y ensamblaje de piezas.<\/span><\/p>\n<\/li>\n<li>\n<p><span>C\u00f3mo aplicar normas de seguridad en el trabajo.\u00a1<\/span><\/p>\n<\/li>\n<\/ul>\n<p><span><\/span><\/p>\n<p data-start=\"1328\" data-end=\"1570\"><span style=\"color: #000000; font-family: Raleway, Helvetica, Arial, Lucida, sans-serif; font-size: 26px;\"><\/span><\/p>\n<h2 data-start=\"1328\" data-end=\"1570\">Requisitos de acceso<\/h2>\n<p data-pm-slice=\"1 3 []\"><span>Para inscribirte en el <\/span><span><strong>Grado Medio en Carrocer\u00eda<\/strong><\/span><span>, necesitas cumplir con alguno de estos requisitos:<\/span><\/p>\n<ul data-spread=\"false\">\n<li>\n<p><span>Tener el <\/span><span><strong>t\u00edtulo de la ESO<\/strong><\/span><span> o un nivel similar.<\/span><\/p>\n<\/li>\n<li>\n<p><span>Haber completado una <\/span><span><strong>FP B\u00e1sica<\/strong><\/span><span>.<\/span><\/p>\n<\/li>\n<li>\n<p><span>Aprobar la <\/span><span><strong>prueba de acceso a ciclos formativos de grado medio<\/strong><\/span><span>.<\/span><\/p>\n<\/li>\n<\/ul>\n<p data-start=\"3299\" data-end=\"3464\"><span><\/span><\/p>\n<p><span><\/span><\/p>\n<p><span><\/span><\/p>\n<h2>\u00a1Un sector con gran demanda!<\/h2>\n<p data-pm-slice=\"1 1 []\"><span>El sector del autom\u00f3vil sigue creciendo. Por eso, los expertos en carrocer\u00eda tienen muchas oportunidades de trabajo. Con este t\u00edtulo, podr\u00e1s desempe\u00f1arte como:<\/span><\/p>\n<ul data-spread=\"false\">\n<li>\n<p><span><strong>T\u00e9cnico en carrocer\u00eda<\/strong><\/span><span>, trabajando en talleres.<\/span><\/p>\n<\/li>\n<li>\n<p><span><strong>Pintor de coches<\/strong><\/span><span> en concesionarios o empresas especializadas.<\/span><\/p>\n<\/li>\n<li>\n<p><span><strong>Especialista en reparaci\u00f3n de pl\u00e1sticos y materiales modernos<\/strong><\/span><span>.<\/span><\/p>\n<\/li>\n<li>\n<p><span><strong>Chapista en automoci\u00f3n<\/strong><\/span><span>.<\/span><\/p>\n<\/li>\n<li>\n<p><span><strong>T\u00e9cnico en peritaci\u00f3n y valoraci\u00f3n de siniestros<\/strong><\/span><span>.<\/span><\/p>\n<\/li>\n<\/ul>\n<p><span>Si quieres seguir aprendiendo, puedes continuar con un <\/span><span><strong>Grado Superior en Automoci\u00f3n<\/strong><\/span><span> o especializarte m\u00e1s en el sector.<\/span><\/p>\n<p><span><\/span><\/p>\n<h2><span style=\"font-family: Poppins;\"><span class=\"TextRun SCXW83663527 BCX8\" lang=\"ES-ES\" xml_lang=\"ES-ES\" data-contrast=\"auto\"><span class=\"NormalTextRun SCXW83663527 BCX8\">\u00bfD\u00f3nde estudiar el grado medio en carrocer\u00eda en Barcelona?<\/span><\/span><\/span><\/h2>\n<p data-pm-slice=\"1 1 []\"><span>En Barcelona, hay centros que ofrecen este ciclo con metodolog\u00edas innovadoras. Adem\u00e1s, contar\u00e1s con talleres equipados con tecnolog\u00eda avanzada. Es importante elegir un centro con experiencia y conexiones con empresas para facilitar tu acceso al mundo laboral.<\/span><\/p>\n<p data-pm-slice=\"1 1 []\"><span>Si buscas una profesi\u00f3n con futuro en el sector del autom\u00f3vil, el <\/span><span><strong>Grado Medio en Carrocer\u00eda en Barcelona<\/strong><\/span><span> es una gran opci\u00f3n. No solo aprender\u00e1s en un entorno pr\u00e1ctico, sino que tambi\u00e9n tendr\u00e1s muchas oportunidades de empleo.<\/span><\/p>\n<p data-pm-slice=\"1 1 []\"><span>\u00a1Inf\u00f3rmate y da el primer paso hacia una carrera llena de posibilidades!  <\/span><\/p>\n<p data-start=\"5046\" data-end=\"5332\"><span><\/span><\/p>\n","protected":false},"excerpt":{"rendered":"<p>Descubre el Grado Medio en Carrocer\u00eda en Barcelona: Todo lo que necesitas saber Si te gusta el mundo del motor y quieres aprender a reparar y cuidar carrocer\u00edas, el Grado Medio en Carrocer\u00eda en Barcelona es una gran opci\u00f3n. En este art\u00edculo, te explicamos todo lo que necesitas saber. Te contaremos sobre el programa, los [&hellip;]<\/p>\n","protected":false},"author":1,"featured_media":3774,"comment_status":"closed","ping_status":"closed","sticky":false,"template":"","format":"standard","meta":{"footnotes":""},"categories":[36,31,57],"tags":[],"class_list":["post-6015","post","type-post","status-publish","format-standard","has-post-thumbnail","hentry","category-automocion","category-fp-dual","category-monlau"],"yoast_head":"<!-- This site is optimized with the Yoast SEO plugin v27.2 - https:\/\/yoast.com\/product\/yoast-seo-wordpress\/ -->\n<title>Descubre el Grado Medio en Carrocer\u00eda en Barcelona: Todo lo que necesitas saber - Formaci\u00f3n profesional<\/title>\n<meta name=\"robots\" content=\"index, follow, max-snippet:-1, max-image-preview:large, max-video-preview:-1\" \/>\n<link rel=\"canonical\" href=\"https:\/\/www.monlau.com\/fp\/2025\/03\/17\/descubre-el-grado-medio-en-carroceria-en-barcelona-todo-lo-que-necesitas-saber\/\" \/>\n<meta property=\"og:locale\" content=\"es_ES\" \/>\n<meta property=\"og:type\" content=\"article\" \/>\n<meta property=\"og:title\" content=\"Descubre el Grado Medio en Carrocer\u00eda en Barcelona: Todo lo que necesitas saber - Formaci\u00f3n profesional\" \/>\n<meta property=\"og:description\" content=\"Descubre el Grado Medio en Carrocer\u00eda en Barcelona: Todo lo que necesitas saber Si te gusta el mundo del motor y quieres aprender a reparar y cuidar carrocer\u00edas, el Grado Medio en Carrocer\u00eda en Barcelona es una gran opci\u00f3n. En este art\u00edculo, te explicamos todo lo que necesitas saber. Te contaremos sobre el programa, los [&hellip;]\" \/>\n<meta property=\"og:url\" content=\"https:\/\/www.monlau.com\/fp\/2025\/03\/17\/descubre-el-grado-medio-en-carroceria-en-barcelona-todo-lo-que-necesitas-saber\/\" \/>\n<meta property=\"og:site_name\" content=\"Formaci\u00f3n profesional\" \/>\n<meta property=\"article:published_time\" content=\"2025-03-16T23:00:00+00:00\" \/>\n<meta property=\"article:modified_time\" content=\"2026-03-10T09:03:26+00:00\" \/>\n<meta property=\"og:image\" content=\"https:\/\/www.monlau.com\/app\/uploads\/sites\/3\/2026\/03\/Monlau_224v2-1024x768.jpg\" \/>\n\t<meta property=\"og:image:width\" content=\"1024\" \/>\n\t<meta property=\"og:image:height\" content=\"768\" \/>\n\t<meta property=\"og:image:type\" content=\"image\/jpeg\" \/>\n<meta name=\"author\" content=\"adsmurai\" \/>\n<meta name=\"twitter:card\" content=\"summary_large_image\" \/>\n<meta name=\"twitter:label1\" content=\"Escrito por\" \/>\n\t<meta name=\"twitter:data1\" content=\"adsmurai\" \/>\n\t<meta name=\"twitter:label2\" content=\"Tiempo de lectura\" \/>\n\t<meta name=\"twitter:data2\" content=\"2 minutos\" \/>\n<script type=\"application\/ld+json\" class=\"yoast-schema-graph\">{\"@context\":\"https:\/\/schema.org\",\"@graph\":[{\"@type\":\"Article\",\"@id\":\"https:\/\/www.monlau.com\/fp\/2025\/03\/17\/descubre-el-grado-medio-en-carroceria-en-barcelona-todo-lo-que-necesitas-saber\/#article\",\"isPartOf\":{\"@id\":\"https:\/\/www.monlau.com\/fp\/2025\/03\/17\/descubre-el-grado-medio-en-carroceria-en-barcelona-todo-lo-que-necesitas-saber\/\"},\"author\":{\"name\":\"adsmurai\",\"@id\":\"https:\/\/www.monlau.com\/fp\/#\/schema\/person\/419cfdf054323e24e0a2ef1d8597f051\"},\"headline\":\"Descubre el Grado Medio en Carrocer\u00eda en Barcelona: Todo lo que necesitas saber\",\"datePublished\":\"2025-03-16T23:00:00+00:00\",\"dateModified\":\"2026-03-10T09:03:26+00:00\",\"mainEntityOfPage\":{\"@id\":\"https:\/\/www.monlau.com\/fp\/2025\/03\/17\/descubre-el-grado-medio-en-carroceria-en-barcelona-todo-lo-que-necesitas-saber\/\"},\"wordCount\":415,\"publisher\":{\"@id\":\"https:\/\/www.monlau.com\/fp\/#organization\"},\"image\":{\"@id\":\"https:\/\/www.monlau.com\/fp\/2025\/03\/17\/descubre-el-grado-medio-en-carroceria-en-barcelona-todo-lo-que-necesitas-saber\/#primaryimage\"},\"thumbnailUrl\":\"https:\/\/www.monlau.com\/app\/uploads\/sites\/3\/2026\/03\/Monlau_224v2.jpg\",\"articleSection\":[\"Automoci\u00f3n\",\"FP Dual\",\"Monlau\"],\"inLanguage\":\"es\"},{\"@type\":\"WebPage\",\"@id\":\"https:\/\/www.monlau.com\/fp\/2025\/03\/17\/descubre-el-grado-medio-en-carroceria-en-barcelona-todo-lo-que-necesitas-saber\/\",\"url\":\"https:\/\/www.monlau.com\/fp\/2025\/03\/17\/descubre-el-grado-medio-en-carroceria-en-barcelona-todo-lo-que-necesitas-saber\/\",\"name\":\"Descubre el Grado Medio en Carrocer\u00eda en Barcelona: Todo lo que necesitas saber - Formaci\u00f3n profesional\",\"isPartOf\":{\"@id\":\"https:\/\/www.monlau.com\/fp\/#website\"},\"primaryImageOfPage\":{\"@id\":\"https:\/\/www.monlau.com\/fp\/2025\/03\/17\/descubre-el-grado-medio-en-carroceria-en-barcelona-todo-lo-que-necesitas-saber\/#primaryimage\"},\"image\":{\"@id\":\"https:\/\/www.monlau.com\/fp\/2025\/03\/17\/descubre-el-grado-medio-en-carroceria-en-barcelona-todo-lo-que-necesitas-saber\/#primaryimage\"},\"thumbnailUrl\":\"https:\/\/www.monlau.com\/app\/uploads\/sites\/3\/2026\/03\/Monlau_224v2.jpg\",\"datePublished\":\"2025-03-16T23:00:00+00:00\",\"dateModified\":\"2026-03-10T09:03:26+00:00\",\"breadcrumb\":{\"@id\":\"https:\/\/www.monlau.com\/fp\/2025\/03\/17\/descubre-el-grado-medio-en-carroceria-en-barcelona-todo-lo-que-necesitas-saber\/#breadcrumb\"},\"inLanguage\":\"es\",\"potentialAction\":[{\"@type\":\"ReadAction\",\"target\":[\"https:\/\/www.monlau.com\/fp\/2025\/03\/17\/descubre-el-grado-medio-en-carroceria-en-barcelona-todo-lo-que-necesitas-saber\/\"]}]},{\"@type\":\"ImageObject\",\"inLanguage\":\"es\",\"@id\":\"https:\/\/www.monlau.com\/fp\/2025\/03\/17\/descubre-el-grado-medio-en-carroceria-en-barcelona-todo-lo-que-necesitas-saber\/#primaryimage\",\"url\":\"https:\/\/www.monlau.com\/app\/uploads\/sites\/3\/2026\/03\/Monlau_224v2.jpg\",\"contentUrl\":\"https:\/\/www.monlau.com\/app\/uploads\/sites\/3\/2026\/03\/Monlau_224v2.jpg\",\"width\":2560,\"height\":1920},{\"@type\":\"BreadcrumbList\",\"@id\":\"https:\/\/www.monlau.com\/fp\/2025\/03\/17\/descubre-el-grado-medio-en-carroceria-en-barcelona-todo-lo-que-necesitas-saber\/#breadcrumb\",\"itemListElement\":[{\"@type\":\"ListItem\",\"position\":1,\"name\":\"Portada\",\"item\":\"https:\/\/www.monlau.com\/fp\/\"},{\"@type\":\"ListItem\",\"position\":2,\"name\":\"Descubre el Grado Medio en Carrocer\u00eda en Barcelona: Todo lo que necesitas saber\"}]},{\"@type\":\"WebSite\",\"@id\":\"https:\/\/www.monlau.com\/fp\/#website\",\"url\":\"https:\/\/www.monlau.com\/fp\/\",\"name\":\"Formaci\u00f3n profesional\",\"description\":\"Monlau\",\"publisher\":{\"@id\":\"https:\/\/www.monlau.com\/fp\/#organization\"},\"potentialAction\":[{\"@type\":\"SearchAction\",\"target\":{\"@type\":\"EntryPoint\",\"urlTemplate\":\"https:\/\/www.monlau.com\/fp\/?s={search_term_string}\"},\"query-input\":{\"@type\":\"PropertyValueSpecification\",\"valueRequired\":true,\"valueName\":\"search_term_string\"}}],\"inLanguage\":\"es\"},{\"@type\":\"Organization\",\"@id\":\"https:\/\/www.monlau.com\/fp\/#organization\",\"name\":\"Formaci\u00f3n profesional\",\"url\":\"https:\/\/www.monlau.com\/fp\/\",\"logo\":{\"@type\":\"ImageObject\",\"inLanguage\":\"es\",\"@id\":\"https:\/\/www.monlau.com\/fp\/#\/schema\/logo\/image\/\",\"url\":\"https:\/\/www.monlau.com\/app\/uploads\/sites\/3\/2026\/01\/fp.png\",\"contentUrl\":\"https:\/\/www.monlau.com\/app\/uploads\/sites\/3\/2026\/01\/fp.png\",\"width\":1024,\"height\":878,\"caption\":\"Formaci\u00f3n profesional\"},\"image\":{\"@id\":\"https:\/\/www.monlau.com\/fp\/#\/schema\/logo\/image\/\"}},{\"@type\":\"Person\",\"@id\":\"https:\/\/www.monlau.com\/fp\/#\/schema\/person\/419cfdf054323e24e0a2ef1d8597f051\",\"name\":\"adsmurai\",\"image\":{\"@type\":\"ImageObject\",\"inLanguage\":\"es\",\"@id\":\"https:\/\/secure.gravatar.com\/avatar\/0748788578f91786454454fa3b4c295644edb991ad6caadc70b41d26790d38fc?s=96&d=mm&r=g\",\"url\":\"https:\/\/secure.gravatar.com\/avatar\/0748788578f91786454454fa3b4c295644edb991ad6caadc70b41d26790d38fc?s=96&d=mm&r=g\",\"contentUrl\":\"https:\/\/secure.gravatar.com\/avatar\/0748788578f91786454454fa3b4c295644edb991ad6caadc70b41d26790d38fc?s=96&d=mm&r=g\",\"caption\":\"adsmurai\"},\"sameAs\":[\"https:\/\/www.monlau.com\"],\"url\":\"https:\/\/www.monlau.com\/fp\/author\/adsmurai\/\"}]}<\/script>\n<!-- \/ Yoast SEO plugin. -->","yoast_head_json":{"title":"Descubre el Grado Medio en Carrocer\u00eda en Barcelona: Todo lo que necesitas saber - Formaci\u00f3n profesional","robots":{"index":"index","follow":"follow","max-snippet":"max-snippet:-1","max-image-preview":"max-image-preview:large","max-video-preview":"max-video-preview:-1"},"canonical":"https:\/\/www.monlau.com\/fp\/2025\/03\/17\/descubre-el-grado-medio-en-carroceria-en-barcelona-todo-lo-que-necesitas-saber\/","og_locale":"es_ES","og_type":"article","og_title":"Descubre el Grado Medio en Carrocer\u00eda en Barcelona: Todo lo que necesitas saber - Formaci\u00f3n profesional","og_description":"Descubre el Grado Medio en Carrocer\u00eda en Barcelona: Todo lo que necesitas saber Si te gusta el mundo del motor y quieres aprender a reparar y cuidar carrocer\u00edas, el Grado Medio en Carrocer\u00eda en Barcelona es una gran opci\u00f3n. En este art\u00edculo, te explicamos todo lo que necesitas saber. Te contaremos sobre el programa, los [&hellip;]","og_url":"https:\/\/www.monlau.com\/fp\/2025\/03\/17\/descubre-el-grado-medio-en-carroceria-en-barcelona-todo-lo-que-necesitas-saber\/","og_site_name":"Formaci\u00f3n profesional","article_published_time":"2025-03-16T23:00:00+00:00","article_modified_time":"2026-03-10T09:03:26+00:00","og_image":[{"width":1024,"height":768,"url":"https:\/\/www.monlau.com\/app\/uploads\/sites\/3\/2026\/03\/Monlau_224v2-1024x768.jpg","type":"image\/jpeg"}],"author":"adsmurai","twitter_card":"summary_large_image","twitter_misc":{"Escrito por":"adsmurai","Tiempo de lectura":"2 minutos"},"schema":{"@context":"https:\/\/schema.org","@graph":[{"@type":"Article","@id":"https:\/\/www.monlau.com\/fp\/2025\/03\/17\/descubre-el-grado-medio-en-carroceria-en-barcelona-todo-lo-que-necesitas-saber\/#article","isPartOf":{"@id":"https:\/\/www.monlau.com\/fp\/2025\/03\/17\/descubre-el-grado-medio-en-carroceria-en-barcelona-todo-lo-que-necesitas-saber\/"},"author":{"name":"adsmurai","@id":"https:\/\/www.monlau.com\/fp\/#\/schema\/person\/419cfdf054323e24e0a2ef1d8597f051"},"headline":"Descubre el Grado Medio en Carrocer\u00eda en Barcelona: Todo lo que necesitas saber","datePublished":"2025-03-16T23:00:00+00:00","dateModified":"2026-03-10T09:03:26+00:00","mainEntityOfPage":{"@id":"https:\/\/www.monlau.com\/fp\/2025\/03\/17\/descubre-el-grado-medio-en-carroceria-en-barcelona-todo-lo-que-necesitas-saber\/"},"wordCount":415,"publisher":{"@id":"https:\/\/www.monlau.com\/fp\/#organization"},"image":{"@id":"https:\/\/www.monlau.com\/fp\/2025\/03\/17\/descubre-el-grado-medio-en-carroceria-en-barcelona-todo-lo-que-necesitas-saber\/#primaryimage"},"thumbnailUrl":"https:\/\/www.monlau.com\/app\/uploads\/sites\/3\/2026\/03\/Monlau_224v2.jpg","articleSection":["Automoci\u00f3n","FP Dual","Monlau"],"inLanguage":"es"},{"@type":"WebPage","@id":"https:\/\/www.monlau.com\/fp\/2025\/03\/17\/descubre-el-grado-medio-en-carroceria-en-barcelona-todo-lo-que-necesitas-saber\/","url":"https:\/\/www.monlau.com\/fp\/2025\/03\/17\/descubre-el-grado-medio-en-carroceria-en-barcelona-todo-lo-que-necesitas-saber\/","name":"Descubre el Grado Medio en Carrocer\u00eda en Barcelona: Todo lo que necesitas saber - Formaci\u00f3n profesional","isPartOf":{"@id":"https:\/\/www.monlau.com\/fp\/#website"},"primaryImageOfPage":{"@id":"https:\/\/www.monlau.com\/fp\/2025\/03\/17\/descubre-el-grado-medio-en-carroceria-en-barcelona-todo-lo-que-necesitas-saber\/#primaryimage"},"image":{"@id":"https:\/\/www.monlau.com\/fp\/2025\/03\/17\/descubre-el-grado-medio-en-carroceria-en-barcelona-todo-lo-que-necesitas-saber\/#primaryimage"},"thumbnailUrl":"https:\/\/www.monlau.com\/app\/uploads\/sites\/3\/2026\/03\/Monlau_224v2.jpg","datePublished":"2025-03-16T23:00:00+00:00","dateModified":"2026-03-10T09:03:26+00:00","breadcrumb":{"@id":"https:\/\/www.monlau.com\/fp\/2025\/03\/17\/descubre-el-grado-medio-en-carroceria-en-barcelona-todo-lo-que-necesitas-saber\/#breadcrumb"},"inLanguage":"es","potentialAction":[{"@type":"ReadAction","target":["https:\/\/www.monlau.com\/fp\/2025\/03\/17\/descubre-el-grado-medio-en-carroceria-en-barcelona-todo-lo-que-necesitas-saber\/"]}]},{"@type":"ImageObject","inLanguage":"es","@id":"https:\/\/www.monlau.com\/fp\/2025\/03\/17\/descubre-el-grado-medio-en-carroceria-en-barcelona-todo-lo-que-necesitas-saber\/#primaryimage","url":"https:\/\/www.monlau.com\/app\/uploads\/sites\/3\/2026\/03\/Monlau_224v2.jpg","contentUrl":"https:\/\/www.monlau.com\/app\/uploads\/sites\/3\/2026\/03\/Monlau_224v2.jpg","width":2560,"height":1920},{"@type":"BreadcrumbList","@id":"https:\/\/www.monlau.com\/fp\/2025\/03\/17\/descubre-el-grado-medio-en-carroceria-en-barcelona-todo-lo-que-necesitas-saber\/#breadcrumb","itemListElement":[{"@type":"ListItem","position":1,"name":"Portada","item":"https:\/\/www.monlau.com\/fp\/"},{"@type":"ListItem","position":2,"name":"Descubre el Grado Medio en Carrocer\u00eda en Barcelona: Todo lo que necesitas saber"}]},{"@type":"WebSite","@id":"https:\/\/www.monlau.com\/fp\/#website","url":"https:\/\/www.monlau.com\/fp\/","name":"Formaci\u00f3n profesional","description":"Monlau","publisher":{"@id":"https:\/\/www.monlau.com\/fp\/#organization"},"potentialAction":[{"@type":"SearchAction","target":{"@type":"EntryPoint","urlTemplate":"https:\/\/www.monlau.com\/fp\/?s={search_term_string}"},"query-input":{"@type":"PropertyValueSpecification","valueRequired":true,"valueName":"search_term_string"}}],"inLanguage":"es"},{"@type":"Organization","@id":"https:\/\/www.monlau.com\/fp\/#organization","name":"Formaci\u00f3n profesional","url":"https:\/\/www.monlau.com\/fp\/","logo":{"@type":"ImageObject","inLanguage":"es","@id":"https:\/\/www.monlau.com\/fp\/#\/schema\/logo\/image\/","url":"https:\/\/www.monlau.com\/app\/uploads\/sites\/3\/2026\/01\/fp.png","contentUrl":"https:\/\/www.monlau.com\/app\/uploads\/sites\/3\/2026\/01\/fp.png","width":1024,"height":878,"caption":"Formaci\u00f3n profesional"},"image":{"@id":"https:\/\/www.monlau.com\/fp\/#\/schema\/logo\/image\/"}},{"@type":"Person","@id":"https:\/\/www.monlau.com\/fp\/#\/schema\/person\/419cfdf054323e24e0a2ef1d8597f051","name":"adsmurai","image":{"@type":"ImageObject","inLanguage":"es","@id":"https:\/\/secure.gravatar.com\/avatar\/0748788578f91786454454fa3b4c295644edb991ad6caadc70b41d26790d38fc?s=96&d=mm&r=g","url":"https:\/\/secure.gravatar.com\/avatar\/0748788578f91786454454fa3b4c295644edb991ad6caadc70b41d26790d38fc?s=96&d=mm&r=g","contentUrl":"https:\/\/secure.gravatar.com\/avatar\/0748788578f91786454454fa3b4c295644edb991ad6caadc70b41d26790d38fc?s=96&d=mm&r=g","caption":"adsmurai"},"sameAs":["https:\/\/www.monlau.com"],"url":"https:\/\/www.monlau.com\/fp\/author\/adsmurai\/"}]}},"_links":{"self":[{"href":"https:\/\/www.monlau.com\/fp\/wp-json\/wp\/v2\/posts\/6015","targetHints":{"allow":["GET"]}}],"collection":[{"href":"https:\/\/www.monlau.com\/fp\/wp-json\/wp\/v2\/posts"}],"about":[{"href":"https:\/\/www.monlau.com\/fp\/wp-json\/wp\/v2\/types\/post"}],"author":[{"embeddable":true,"href":"https:\/\/www.monlau.com\/fp\/wp-json\/wp\/v2\/users\/1"}],"replies":[{"embeddable":true,"href":"https:\/\/www.monlau.com\/fp\/wp-json\/wp\/v2\/comments?post=6015"}],"version-history":[{"count":1,"href":"https:\/\/www.monlau.com\/fp\/wp-json\/wp\/v2\/posts\/6015\/revisions"}],"predecessor-version":[{"id":6337,"href":"https:\/\/www.monlau.com\/fp\/wp-json\/wp\/v2\/posts\/6015\/revisions\/6337"}],"wp:featuredmedia":[{"embeddable":true,"href":"https:\/\/www.monlau.com\/fp\/wp-json\/wp\/v2\/media\/3774"}],"wp:attachment":[{"href":"https:\/\/www.monlau.com\/fp\/wp-json\/wp\/v2\/media?parent=6015"}],"wp:term":[{"taxonomy":"category","embeddable":true,"href":"https:\/\/www.monlau.com\/fp\/wp-json\/wp\/v2\/categories?post=6015"},{"taxonomy":"post_tag","embeddable":true,"href":"https:\/\/www.monlau.com\/fp\/wp-json\/wp\/v2\/tags?post=6015"}],"curies":[{"name":"wp","href":"https:\/\/api.w.org\/{rel}","templated":true}]}}