{"id":6014,"date":"2025-03-11T00:00:00","date_gmt":"2025-03-10T23:00:00","guid":{"rendered":"https:\/\/www.monlau.com\/formacion-profesional\/grupo-moventia-y-monlau-un-nuevo-acuerdo-que-impulsa-la-empleabilidad-en-el-sector-de-la-movilidad\/"},"modified":"2026-03-10T10:03:27","modified_gmt":"2026-03-10T09:03:27","slug":"grupo-moventia-y-monlau-un-nuevo-acuerdo-que-impulsa-la-empleabilidad-en-el-sector-de-la-movilidad","status":"publish","type":"post","link":"https:\/\/www.monlau.com\/fp\/2025\/03\/11\/grupo-moventia-y-monlau-un-nuevo-acuerdo-que-impulsa-la-empleabilidad-en-el-sector-de-la-movilidad\/","title":{"rendered":"Grupo Moventia y Monlau: un nuevo acuerdo que impulsa la empleabilidad en el sector de la movilidad"},"content":{"rendered":"<p><span>En Monlau, reforzamos nuestro compromiso con la\u00a0<\/span><b>formaci\u00f3n pr\u00e1ctica y la empleabilidad<\/b><span>\u00a0de nuestros estudiantes con la firma de un nuevo acuerdo de colaboraci\u00f3n con\u00a0<\/span><b>Grupo <a href=\"https:\/\/moventia.es\/\">Moventia<\/a><\/b><span>. Esta alianza, que engloba a sus divisiones\u00a0<\/span><a href=\"https:\/\/www.moventis.es\/es\"><b>Moventis<\/b><\/a><span>\u00a0y\u00a0<\/span><a href=\"https:\/\/www.movento.es\/\"><b>Movento<\/b><\/a><span>, permitir\u00e1 a los alumnos de Monlau acceder a oportunidades \u00fanicas en el sector de la movilidad, tanto en transporte colectivo como en automoci\u00f3n.<\/span><\/p>\n<p class=\"x_MsoNormal\"><b data-olk-copy-source=\"MessageBody\"><\/b><\/p>\n<p class=\"x_MsoNormal\"><b data-olk-copy-source=\"MessageBody\">Un paso m\u00e1s en la formaci\u00f3n del talento: nace el &#8216;Aula Moventia&#8217; en Monlau<br \/><\/b>Como parte de este convenio, desde hoy, las instalaciones de Monlau dedicadas a la Formaci\u00f3n Profesional en<span>\u00a0<\/span><b>Automoci\u00f3n<\/b><span>\u00a0<\/span>cuentan con un nuevo espacio de aprendizaje: el<span>\u00a0<\/span><b>&#8216;Aula Moventia&#8217;<\/b>. Esta aula se convertir\u00e1 en el punto de encuentro donde los estudiantes recibir\u00e1n su formaci\u00f3n te\u00f3rica, acerc\u00e1ndose as\u00ed a la realidad del sector desde el primer d\u00eda.<\/p>\n<p class=\"x_MsoNormal\">\n<h2 class=\"x_MsoNormal\"><b data-olk-copy-source=\"MessageBody\">Moventia: un referente en movilidad colectiva y privada<\/b><\/h2>\n<p class=\"x_MsoNormal\">Grupo Moventia es una compa\u00f1\u00eda con m\u00e1s de 100 a\u00f1os de experiencia en movilidad, estructurada en dos grandes divisiones:<\/p>\n<p class=\"x_MsoNormal\"><span> <\/span><span>\u00a0<\/span><a href=\"https:\/\/www.moventis.es\/es\"><b>Moventis<\/b><\/a>, especializada en<span>\u00a0<\/span>movilidad colectiva, gestiona el transporte p\u00fablico y privado, incluyendo\u00a0autobuses, autocares, tranv\u00edas y servicios de micro movilidad.<br \/><span> <\/span><span>\u00a0<\/span><a href=\"https:\/\/www.movento.es\/\"><b>Movento<\/b><\/a>, enfocada en la<span>\u00a0<\/span>movilidad privada, ofrece soluciones innovadoras en el sector de la automoci\u00f3n, como\u00a0venta, reparaci\u00f3n y modelos de pago por uso.<\/p>\n<p class=\"x_MsoNormal\">Gracias a esta colaboraci\u00f3n, los estudiantes de Monlau tendr\u00e1n acceso a\u00a0pr\u00e1cticas, formaci\u00f3n dual y oportunidades de empleo estable\u00a0en \u00e1reas como mec\u00e1nica, chapa y pintura, y asesor\u00eda de taller, tanto en transporte colectivo como en automoci\u00f3n privada.<\/p>\n<p class=\"x_MsoNormal\">\n<p class=\"x_MsoNormal\">\n<h3 class=\"x_MsoNormal\"><b data-olk-copy-source=\"MessageBody\">Una alianza estrat\u00e9gica con impacto real en la empleabilidad<br \/><\/b><\/h3>\n<p class=\"x_MsoNormal\">Este acuerdo refuerza el compromiso de Monlau con la formaci\u00f3n conectada con el mundo laboral, brindando a los alumnos:<\/p>\n<ul>\n<li class=\"x_MsoNormal\">Formaci\u00f3n especializada en un sector clave\u00a0para la movilidad sostenible.<\/li>\n<li class=\"x_MsoNormal\">Acceso a tecnolog\u00eda y conocimientos de vanguardia, gracias a la colaboraci\u00f3n con expertos de Moventia.<\/li>\n<li class=\"x_MsoNormal\">Oportunidades reales de empleo, en empresas referentes del sector.<\/li>\n<\/ul>\n<p class=\"x_MsoNormal\">\n<p class=\"x_MsoNormal\">\n<h3 class=\"x_MsoNormal\"><b data-olk-copy-source=\"MessageBody\">Firma del convenio: un encuentro clave para el futuro del sector<br \/><\/b><\/h3>\n<p class=\"x_MsoNormal\">La firma del convenio ha contado con la presencia de representantes de ambas entidades, reforzando la importancia de este acuerdo.<\/p>\n<p class=\"x_MsoNormal\">Por parte de<span>\u00a0<\/span><b>Grupo Moventia<\/b>, han asistido:<\/p>\n<ul type=\"disc\">\n<li class=\"x_MsoNormal\"><span style=\"color: #000000;\"><a href=\"https:\/\/www.linkedin.com\/in\/s%C3%ADlvia-mart%C3%AD-escursell-70a6622a\/\" style=\"color: #000000;\"><b>Silvia Mart\u00ed<\/b><\/a><\/span>, Vicepresidenta de Moventia.<\/li>\n<li class=\"x_MsoNormal\"><span style=\"color: #000000;\"><a href=\"https:\/\/www.linkedin.com\/in\/daniel-piera-m%C3%A1s-268a89112\/\" style=\"color: #000000;\"><b>Daniel Piera<\/b><\/a><\/span>, Cap de Servei d\u2019Operacions Movento.<\/li>\n<li class=\"x_MsoNormal\"><span style=\"color: #000000;\"><a href=\"https:\/\/www.linkedin.com\/in\/jaume-safont-tort-12181650\/\" style=\"color: #000000;\"><b>Jaume Safont<\/b><\/a><\/span>, Cap de Servei d\u2019Operacions Moventis.<\/li>\n<li class=\"x_MsoNormal\"><span style=\"color: #000000;\"><a href=\"https:\/\/www.linkedin.com\/in\/b%C3%A1rbara-wright-52977665\/\" style=\"color: #000000;\"><b>Barbara Wright<\/b><\/a><\/span>, RRHH Moventia.<\/li>\n<li class=\"x_MsoNormal\"><span style=\"color: #000000;\"><a href=\"https:\/\/www.linkedin.com\/in\/miriam-rodr%C3%ADguez-77084042\/\" style=\"color: #000000;\"><b>Miriam Rodr\u00edguez<\/b><\/a><\/span>, RRHH Moventia.<\/li>\n<\/ul>\n<p>&nbsp;<\/p>\n<p class=\"x_MsoNormal\" data-olk-copy-source=\"MessageBody\">Por parte de<span>\u00a0<\/span><b>Grupo Monlau<\/b>, han estado presentes:<\/p>\n<ul type=\"disc\">\n<li class=\"x_MsoNormal\"><span style=\"color: #000000;\"><a href=\"https:\/\/www.linkedin.com\/in\/iban-ventura\/\" style=\"color: #000000;\"><b>Iban Ventura<\/b><\/a><\/span>, Director General.<\/li>\n<li class=\"x_MsoNormal\"><span style=\"color: #000000;\"><a href=\"https:\/\/www.linkedin.com\/in\/montsebarrera\/\" style=\"color: #000000;\"><b>Monte Barrera<\/b><\/a><\/span>, Directora de Relaciones Externas.<\/li>\n<li class=\"x_MsoNormal\"><b>Carlos Salazar<\/b>, Director del Centro de Automoci\u00f3n.<\/li>\n<\/ul>\n<p class=\"x_MsoNormal\"><b data-olk-copy-source=\"MessageBody\"><\/b><\/p>\n<h4 class=\"x_MsoNormal\"><b data-olk-copy-source=\"MessageBody\">Monlau y Moventia: formando juntos a los profesionales del ma\u00f1ana<br \/><\/b><\/h4>\n<p class=\"x_MsoNormal\">Con este nuevo acuerdo, Monlau sigue consolidando su modelo de<span>\u00a0<\/span><b>Formaci\u00f3n Profesional de excelencia<\/b>, conectando a sus estudiantes con empresas l\u00edderes en el sector. Porque el futuro de la movilidad se construye hoy, y en Monlau lo hacemos posible.<\/p>\n<p class=\"x_MsoNormal\" aria-hidden=\"true\">\n","protected":false},"excerpt":{"rendered":"<p>En Monlau, reforzamos nuestro compromiso con la\u00a0formaci\u00f3n pr\u00e1ctica y la empleabilidad\u00a0de nuestros estudiantes con la firma de un nuevo acuerdo de colaboraci\u00f3n con\u00a0Grupo Moventia. Esta alianza, que engloba a sus divisiones\u00a0Moventis\u00a0y\u00a0Movento, permitir\u00e1 a los alumnos de Monlau acceder a oportunidades \u00fanicas en el sector de la movilidad, tanto en transporte colectivo como en automoci\u00f3n. Un [&hellip;]<\/p>\n","protected":false},"author":1,"featured_media":3772,"comment_status":"closed","ping_status":"closed","sticky":false,"template":"","format":"standard","meta":{"footnotes":""},"categories":[36,57],"tags":[],"class_list":["post-6014","post","type-post","status-publish","format-standard","has-post-thumbnail","hentry","category-automocion","category-monlau"],"yoast_head":"<!-- This site is optimized with the Yoast SEO plugin v27.2 - https:\/\/yoast.com\/product\/yoast-seo-wordpress\/ -->\n<title>Grupo Moventia y Monlau: un nuevo acuerdo que impulsa la empleabilidad en el sector de la movilidad - Formaci\u00f3n profesional<\/title>\n<meta name=\"robots\" content=\"index, follow, max-snippet:-1, max-image-preview:large, max-video-preview:-1\" \/>\n<link rel=\"canonical\" href=\"https:\/\/www.monlau.com\/fp\/2025\/03\/11\/grupo-moventia-y-monlau-un-nuevo-acuerdo-que-impulsa-la-empleabilidad-en-el-sector-de-la-movilidad\/\" \/>\n<meta property=\"og:locale\" content=\"es_ES\" \/>\n<meta property=\"og:type\" content=\"article\" \/>\n<meta property=\"og:title\" content=\"Grupo Moventia y Monlau: un nuevo acuerdo que impulsa la empleabilidad en el sector de la movilidad - Formaci\u00f3n profesional\" \/>\n<meta property=\"og:description\" content=\"En Monlau, reforzamos nuestro compromiso con la\u00a0formaci\u00f3n pr\u00e1ctica y la empleabilidad\u00a0de nuestros estudiantes con la firma de un nuevo acuerdo de colaboraci\u00f3n con\u00a0Grupo Moventia. Esta alianza, que engloba a sus divisiones\u00a0Moventis\u00a0y\u00a0Movento, permitir\u00e1 a los alumnos de Monlau acceder a oportunidades \u00fanicas en el sector de la movilidad, tanto en transporte colectivo como en automoci\u00f3n. Un [&hellip;]\" \/>\n<meta property=\"og:url\" content=\"https:\/\/www.monlau.com\/fp\/2025\/03\/11\/grupo-moventia-y-monlau-un-nuevo-acuerdo-que-impulsa-la-empleabilidad-en-el-sector-de-la-movilidad\/\" \/>\n<meta property=\"og:site_name\" content=\"Formaci\u00f3n profesional\" \/>\n<meta property=\"article:published_time\" content=\"2025-03-10T23:00:00+00:00\" \/>\n<meta property=\"article:modified_time\" content=\"2026-03-10T09:03:27+00:00\" \/>\n<meta property=\"og:image\" content=\"https:\/\/www.monlau.com\/app\/uploads\/sites\/3\/2026\/03\/IMG_9582v2-1024x683.jpg\" \/>\n\t<meta property=\"og:image:width\" content=\"1024\" \/>\n\t<meta property=\"og:image:height\" content=\"683\" \/>\n\t<meta property=\"og:image:type\" content=\"image\/jpeg\" \/>\n<meta name=\"author\" content=\"adsmurai\" \/>\n<meta name=\"twitter:card\" content=\"summary_large_image\" \/>\n<meta name=\"twitter:label1\" content=\"Escrito por\" \/>\n\t<meta name=\"twitter:data1\" content=\"adsmurai\" \/>\n\t<meta name=\"twitter:label2\" content=\"Tiempo de lectura\" \/>\n\t<meta name=\"twitter:data2\" content=\"2 minutos\" \/>\n<script type=\"application\/ld+json\" class=\"yoast-schema-graph\">{\"@context\":\"https:\/\/schema.org\",\"@graph\":[{\"@type\":\"Article\",\"@id\":\"https:\/\/www.monlau.com\/fp\/2025\/03\/11\/grupo-moventia-y-monlau-un-nuevo-acuerdo-que-impulsa-la-empleabilidad-en-el-sector-de-la-movilidad\/#article\",\"isPartOf\":{\"@id\":\"https:\/\/www.monlau.com\/fp\/2025\/03\/11\/grupo-moventia-y-monlau-un-nuevo-acuerdo-que-impulsa-la-empleabilidad-en-el-sector-de-la-movilidad\/\"},\"author\":{\"name\":\"adsmurai\",\"@id\":\"https:\/\/www.monlau.com\/fp\/#\/schema\/person\/419cfdf054323e24e0a2ef1d8597f051\"},\"headline\":\"Grupo Moventia y Monlau: un nuevo acuerdo que impulsa la empleabilidad en el sector de la movilidad\",\"datePublished\":\"2025-03-10T23:00:00+00:00\",\"dateModified\":\"2026-03-10T09:03:27+00:00\",\"mainEntityOfPage\":{\"@id\":\"https:\/\/www.monlau.com\/fp\/2025\/03\/11\/grupo-moventia-y-monlau-un-nuevo-acuerdo-que-impulsa-la-empleabilidad-en-el-sector-de-la-movilidad\/\"},\"wordCount\":495,\"publisher\":{\"@id\":\"https:\/\/www.monlau.com\/fp\/#organization\"},\"image\":{\"@id\":\"https:\/\/www.monlau.com\/fp\/2025\/03\/11\/grupo-moventia-y-monlau-un-nuevo-acuerdo-que-impulsa-la-empleabilidad-en-el-sector-de-la-movilidad\/#primaryimage\"},\"thumbnailUrl\":\"https:\/\/www.monlau.com\/app\/uploads\/sites\/3\/2026\/03\/IMG_9582v2.jpg\",\"articleSection\":[\"Automoci\u00f3n\",\"Monlau\"],\"inLanguage\":\"es\"},{\"@type\":\"WebPage\",\"@id\":\"https:\/\/www.monlau.com\/fp\/2025\/03\/11\/grupo-moventia-y-monlau-un-nuevo-acuerdo-que-impulsa-la-empleabilidad-en-el-sector-de-la-movilidad\/\",\"url\":\"https:\/\/www.monlau.com\/fp\/2025\/03\/11\/grupo-moventia-y-monlau-un-nuevo-acuerdo-que-impulsa-la-empleabilidad-en-el-sector-de-la-movilidad\/\",\"name\":\"Grupo Moventia y Monlau: un nuevo acuerdo que impulsa la empleabilidad en el sector de la movilidad - Formaci\u00f3n profesional\",\"isPartOf\":{\"@id\":\"https:\/\/www.monlau.com\/fp\/#website\"},\"primaryImageOfPage\":{\"@id\":\"https:\/\/www.monlau.com\/fp\/2025\/03\/11\/grupo-moventia-y-monlau-un-nuevo-acuerdo-que-impulsa-la-empleabilidad-en-el-sector-de-la-movilidad\/#primaryimage\"},\"image\":{\"@id\":\"https:\/\/www.monlau.com\/fp\/2025\/03\/11\/grupo-moventia-y-monlau-un-nuevo-acuerdo-que-impulsa-la-empleabilidad-en-el-sector-de-la-movilidad\/#primaryimage\"},\"thumbnailUrl\":\"https:\/\/www.monlau.com\/app\/uploads\/sites\/3\/2026\/03\/IMG_9582v2.jpg\",\"datePublished\":\"2025-03-10T23:00:00+00:00\",\"dateModified\":\"2026-03-10T09:03:27+00:00\",\"breadcrumb\":{\"@id\":\"https:\/\/www.monlau.com\/fp\/2025\/03\/11\/grupo-moventia-y-monlau-un-nuevo-acuerdo-que-impulsa-la-empleabilidad-en-el-sector-de-la-movilidad\/#breadcrumb\"},\"inLanguage\":\"es\",\"potentialAction\":[{\"@type\":\"ReadAction\",\"target\":[\"https:\/\/www.monlau.com\/fp\/2025\/03\/11\/grupo-moventia-y-monlau-un-nuevo-acuerdo-que-impulsa-la-empleabilidad-en-el-sector-de-la-movilidad\/\"]}]},{\"@type\":\"ImageObject\",\"inLanguage\":\"es\",\"@id\":\"https:\/\/www.monlau.com\/fp\/2025\/03\/11\/grupo-moventia-y-monlau-un-nuevo-acuerdo-que-impulsa-la-empleabilidad-en-el-sector-de-la-movilidad\/#primaryimage\",\"url\":\"https:\/\/www.monlau.com\/app\/uploads\/sites\/3\/2026\/03\/IMG_9582v2.jpg\",\"contentUrl\":\"https:\/\/www.monlau.com\/app\/uploads\/sites\/3\/2026\/03\/IMG_9582v2.jpg\",\"width\":2560,\"height\":1707},{\"@type\":\"BreadcrumbList\",\"@id\":\"https:\/\/www.monlau.com\/fp\/2025\/03\/11\/grupo-moventia-y-monlau-un-nuevo-acuerdo-que-impulsa-la-empleabilidad-en-el-sector-de-la-movilidad\/#breadcrumb\",\"itemListElement\":[{\"@type\":\"ListItem\",\"position\":1,\"name\":\"Portada\",\"item\":\"https:\/\/www.monlau.com\/fp\/\"},{\"@type\":\"ListItem\",\"position\":2,\"name\":\"Grupo Moventia y Monlau: un nuevo acuerdo que impulsa la empleabilidad en el sector de la movilidad\"}]},{\"@type\":\"WebSite\",\"@id\":\"https:\/\/www.monlau.com\/fp\/#website\",\"url\":\"https:\/\/www.monlau.com\/fp\/\",\"name\":\"Formaci\u00f3n profesional\",\"description\":\"Monlau\",\"publisher\":{\"@id\":\"https:\/\/www.monlau.com\/fp\/#organization\"},\"potentialAction\":[{\"@type\":\"SearchAction\",\"target\":{\"@type\":\"EntryPoint\",\"urlTemplate\":\"https:\/\/www.monlau.com\/fp\/?s={search_term_string}\"},\"query-input\":{\"@type\":\"PropertyValueSpecification\",\"valueRequired\":true,\"valueName\":\"search_term_string\"}}],\"inLanguage\":\"es\"},{\"@type\":\"Organization\",\"@id\":\"https:\/\/www.monlau.com\/fp\/#organization\",\"name\":\"Formaci\u00f3n profesional\",\"url\":\"https:\/\/www.monlau.com\/fp\/\",\"logo\":{\"@type\":\"ImageObject\",\"inLanguage\":\"es\",\"@id\":\"https:\/\/www.monlau.com\/fp\/#\/schema\/logo\/image\/\",\"url\":\"https:\/\/www.monlau.com\/app\/uploads\/sites\/3\/2026\/01\/fp.png\",\"contentUrl\":\"https:\/\/www.monlau.com\/app\/uploads\/sites\/3\/2026\/01\/fp.png\",\"width\":1024,\"height\":878,\"caption\":\"Formaci\u00f3n profesional\"},\"image\":{\"@id\":\"https:\/\/www.monlau.com\/fp\/#\/schema\/logo\/image\/\"}},{\"@type\":\"Person\",\"@id\":\"https:\/\/www.monlau.com\/fp\/#\/schema\/person\/419cfdf054323e24e0a2ef1d8597f051\",\"name\":\"adsmurai\",\"image\":{\"@type\":\"ImageObject\",\"inLanguage\":\"es\",\"@id\":\"https:\/\/secure.gravatar.com\/avatar\/0748788578f91786454454fa3b4c295644edb991ad6caadc70b41d26790d38fc?s=96&d=mm&r=g\",\"url\":\"https:\/\/secure.gravatar.com\/avatar\/0748788578f91786454454fa3b4c295644edb991ad6caadc70b41d26790d38fc?s=96&d=mm&r=g\",\"contentUrl\":\"https:\/\/secure.gravatar.com\/avatar\/0748788578f91786454454fa3b4c295644edb991ad6caadc70b41d26790d38fc?s=96&d=mm&r=g\",\"caption\":\"adsmurai\"},\"sameAs\":[\"https:\/\/www.monlau.com\"],\"url\":\"https:\/\/www.monlau.com\/fp\/author\/adsmurai\/\"}]}<\/script>\n<!-- \/ Yoast SEO plugin. -->","yoast_head_json":{"title":"Grupo Moventia y Monlau: un nuevo acuerdo que impulsa la empleabilidad en el sector de la movilidad - Formaci\u00f3n profesional","robots":{"index":"index","follow":"follow","max-snippet":"max-snippet:-1","max-image-preview":"max-image-preview:large","max-video-preview":"max-video-preview:-1"},"canonical":"https:\/\/www.monlau.com\/fp\/2025\/03\/11\/grupo-moventia-y-monlau-un-nuevo-acuerdo-que-impulsa-la-empleabilidad-en-el-sector-de-la-movilidad\/","og_locale":"es_ES","og_type":"article","og_title":"Grupo Moventia y Monlau: un nuevo acuerdo que impulsa la empleabilidad en el sector de la movilidad - Formaci\u00f3n profesional","og_description":"En Monlau, reforzamos nuestro compromiso con la\u00a0formaci\u00f3n pr\u00e1ctica y la empleabilidad\u00a0de nuestros estudiantes con la firma de un nuevo acuerdo de colaboraci\u00f3n con\u00a0Grupo Moventia. Esta alianza, que engloba a sus divisiones\u00a0Moventis\u00a0y\u00a0Movento, permitir\u00e1 a los alumnos de Monlau acceder a oportunidades \u00fanicas en el sector de la movilidad, tanto en transporte colectivo como en automoci\u00f3n. Un [&hellip;]","og_url":"https:\/\/www.monlau.com\/fp\/2025\/03\/11\/grupo-moventia-y-monlau-un-nuevo-acuerdo-que-impulsa-la-empleabilidad-en-el-sector-de-la-movilidad\/","og_site_name":"Formaci\u00f3n profesional","article_published_time":"2025-03-10T23:00:00+00:00","article_modified_time":"2026-03-10T09:03:27+00:00","og_image":[{"width":1024,"height":683,"url":"https:\/\/www.monlau.com\/app\/uploads\/sites\/3\/2026\/03\/IMG_9582v2-1024x683.jpg","type":"image\/jpeg"}],"author":"adsmurai","twitter_card":"summary_large_image","twitter_misc":{"Escrito por":"adsmurai","Tiempo de lectura":"2 minutos"},"schema":{"@context":"https:\/\/schema.org","@graph":[{"@type":"Article","@id":"https:\/\/www.monlau.com\/fp\/2025\/03\/11\/grupo-moventia-y-monlau-un-nuevo-acuerdo-que-impulsa-la-empleabilidad-en-el-sector-de-la-movilidad\/#article","isPartOf":{"@id":"https:\/\/www.monlau.com\/fp\/2025\/03\/11\/grupo-moventia-y-monlau-un-nuevo-acuerdo-que-impulsa-la-empleabilidad-en-el-sector-de-la-movilidad\/"},"author":{"name":"adsmurai","@id":"https:\/\/www.monlau.com\/fp\/#\/schema\/person\/419cfdf054323e24e0a2ef1d8597f051"},"headline":"Grupo Moventia y Monlau: un nuevo acuerdo que impulsa la empleabilidad en el sector de la movilidad","datePublished":"2025-03-10T23:00:00+00:00","dateModified":"2026-03-10T09:03:27+00:00","mainEntityOfPage":{"@id":"https:\/\/www.monlau.com\/fp\/2025\/03\/11\/grupo-moventia-y-monlau-un-nuevo-acuerdo-que-impulsa-la-empleabilidad-en-el-sector-de-la-movilidad\/"},"wordCount":495,"publisher":{"@id":"https:\/\/www.monlau.com\/fp\/#organization"},"image":{"@id":"https:\/\/www.monlau.com\/fp\/2025\/03\/11\/grupo-moventia-y-monlau-un-nuevo-acuerdo-que-impulsa-la-empleabilidad-en-el-sector-de-la-movilidad\/#primaryimage"},"thumbnailUrl":"https:\/\/www.monlau.com\/app\/uploads\/sites\/3\/2026\/03\/IMG_9582v2.jpg","articleSection":["Automoci\u00f3n","Monlau"],"inLanguage":"es"},{"@type":"WebPage","@id":"https:\/\/www.monlau.com\/fp\/2025\/03\/11\/grupo-moventia-y-monlau-un-nuevo-acuerdo-que-impulsa-la-empleabilidad-en-el-sector-de-la-movilidad\/","url":"https:\/\/www.monlau.com\/fp\/2025\/03\/11\/grupo-moventia-y-monlau-un-nuevo-acuerdo-que-impulsa-la-empleabilidad-en-el-sector-de-la-movilidad\/","name":"Grupo Moventia y Monlau: un nuevo acuerdo que impulsa la empleabilidad en el sector de la movilidad - Formaci\u00f3n profesional","isPartOf":{"@id":"https:\/\/www.monlau.com\/fp\/#website"},"primaryImageOfPage":{"@id":"https:\/\/www.monlau.com\/fp\/2025\/03\/11\/grupo-moventia-y-monlau-un-nuevo-acuerdo-que-impulsa-la-empleabilidad-en-el-sector-de-la-movilidad\/#primaryimage"},"image":{"@id":"https:\/\/www.monlau.com\/fp\/2025\/03\/11\/grupo-moventia-y-monlau-un-nuevo-acuerdo-que-impulsa-la-empleabilidad-en-el-sector-de-la-movilidad\/#primaryimage"},"thumbnailUrl":"https:\/\/www.monlau.com\/app\/uploads\/sites\/3\/2026\/03\/IMG_9582v2.jpg","datePublished":"2025-03-10T23:00:00+00:00","dateModified":"2026-03-10T09:03:27+00:00","breadcrumb":{"@id":"https:\/\/www.monlau.com\/fp\/2025\/03\/11\/grupo-moventia-y-monlau-un-nuevo-acuerdo-que-impulsa-la-empleabilidad-en-el-sector-de-la-movilidad\/#breadcrumb"},"inLanguage":"es","potentialAction":[{"@type":"ReadAction","target":["https:\/\/www.monlau.com\/fp\/2025\/03\/11\/grupo-moventia-y-monlau-un-nuevo-acuerdo-que-impulsa-la-empleabilidad-en-el-sector-de-la-movilidad\/"]}]},{"@type":"ImageObject","inLanguage":"es","@id":"https:\/\/www.monlau.com\/fp\/2025\/03\/11\/grupo-moventia-y-monlau-un-nuevo-acuerdo-que-impulsa-la-empleabilidad-en-el-sector-de-la-movilidad\/#primaryimage","url":"https:\/\/www.monlau.com\/app\/uploads\/sites\/3\/2026\/03\/IMG_9582v2.jpg","contentUrl":"https:\/\/www.monlau.com\/app\/uploads\/sites\/3\/2026\/03\/IMG_9582v2.jpg","width":2560,"height":1707},{"@type":"BreadcrumbList","@id":"https:\/\/www.monlau.com\/fp\/2025\/03\/11\/grupo-moventia-y-monlau-un-nuevo-acuerdo-que-impulsa-la-empleabilidad-en-el-sector-de-la-movilidad\/#breadcrumb","itemListElement":[{"@type":"ListItem","position":1,"name":"Portada","item":"https:\/\/www.monlau.com\/fp\/"},{"@type":"ListItem","position":2,"name":"Grupo Moventia y Monlau: un nuevo acuerdo que impulsa la empleabilidad en el sector de la movilidad"}]},{"@type":"WebSite","@id":"https:\/\/www.monlau.com\/fp\/#website","url":"https:\/\/www.monlau.com\/fp\/","name":"Formaci\u00f3n profesional","description":"Monlau","publisher":{"@id":"https:\/\/www.monlau.com\/fp\/#organization"},"potentialAction":[{"@type":"SearchAction","target":{"@type":"EntryPoint","urlTemplate":"https:\/\/www.monlau.com\/fp\/?s={search_term_string}"},"query-input":{"@type":"PropertyValueSpecification","valueRequired":true,"valueName":"search_term_string"}}],"inLanguage":"es"},{"@type":"Organization","@id":"https:\/\/www.monlau.com\/fp\/#organization","name":"Formaci\u00f3n profesional","url":"https:\/\/www.monlau.com\/fp\/","logo":{"@type":"ImageObject","inLanguage":"es","@id":"https:\/\/www.monlau.com\/fp\/#\/schema\/logo\/image\/","url":"https:\/\/www.monlau.com\/app\/uploads\/sites\/3\/2026\/01\/fp.png","contentUrl":"https:\/\/www.monlau.com\/app\/uploads\/sites\/3\/2026\/01\/fp.png","width":1024,"height":878,"caption":"Formaci\u00f3n profesional"},"image":{"@id":"https:\/\/www.monlau.com\/fp\/#\/schema\/logo\/image\/"}},{"@type":"Person","@id":"https:\/\/www.monlau.com\/fp\/#\/schema\/person\/419cfdf054323e24e0a2ef1d8597f051","name":"adsmurai","image":{"@type":"ImageObject","inLanguage":"es","@id":"https:\/\/secure.gravatar.com\/avatar\/0748788578f91786454454fa3b4c295644edb991ad6caadc70b41d26790d38fc?s=96&d=mm&r=g","url":"https:\/\/secure.gravatar.com\/avatar\/0748788578f91786454454fa3b4c295644edb991ad6caadc70b41d26790d38fc?s=96&d=mm&r=g","contentUrl":"https:\/\/secure.gravatar.com\/avatar\/0748788578f91786454454fa3b4c295644edb991ad6caadc70b41d26790d38fc?s=96&d=mm&r=g","caption":"adsmurai"},"sameAs":["https:\/\/www.monlau.com"],"url":"https:\/\/www.monlau.com\/fp\/author\/adsmurai\/"}]}},"_links":{"self":[{"href":"https:\/\/www.monlau.com\/fp\/wp-json\/wp\/v2\/posts\/6014","targetHints":{"allow":["GET"]}}],"collection":[{"href":"https:\/\/www.monlau.com\/fp\/wp-json\/wp\/v2\/posts"}],"about":[{"href":"https:\/\/www.monlau.com\/fp\/wp-json\/wp\/v2\/types\/post"}],"author":[{"embeddable":true,"href":"https:\/\/www.monlau.com\/fp\/wp-json\/wp\/v2\/users\/1"}],"replies":[{"embeddable":true,"href":"https:\/\/www.monlau.com\/fp\/wp-json\/wp\/v2\/comments?post=6014"}],"version-history":[{"count":1,"href":"https:\/\/www.monlau.com\/fp\/wp-json\/wp\/v2\/posts\/6014\/revisions"}],"predecessor-version":[{"id":6341,"href":"https:\/\/www.monlau.com\/fp\/wp-json\/wp\/v2\/posts\/6014\/revisions\/6341"}],"wp:featuredmedia":[{"embeddable":true,"href":"https:\/\/www.monlau.com\/fp\/wp-json\/wp\/v2\/media\/3772"}],"wp:attachment":[{"href":"https:\/\/www.monlau.com\/fp\/wp-json\/wp\/v2\/media?parent=6014"}],"wp:term":[{"taxonomy":"category","embeddable":true,"href":"https:\/\/www.monlau.com\/fp\/wp-json\/wp\/v2\/categories?post=6014"},{"taxonomy":"post_tag","embeddable":true,"href":"https:\/\/www.monlau.com\/fp\/wp-json\/wp\/v2\/tags?post=6014"}],"curies":[{"name":"wp","href":"https:\/\/api.w.org\/{rel}","templated":true}]}}