{"id":6010,"date":"2025-03-04T00:00:00","date_gmt":"2025-03-03T23:00:00","guid":{"rendered":"https:\/\/www.monlau.com\/formacion-profesional\/como-proteger-tus-datos-personales\/"},"modified":"2026-03-10T10:03:27","modified_gmt":"2026-03-10T09:03:27","slug":"como-proteger-tus-datos-personales","status":"publish","type":"post","link":"https:\/\/www.monlau.com\/fp\/2025\/03\/04\/como-proteger-tus-datos-personales\/","title":{"rendered":"C\u00f3mo proteger tus datos personales"},"content":{"rendered":"<h1>La importancia de la protecci\u00f3n de datos en la era digital\u00a0<\/h1>\n<p data-start=\"627\" data-end=\"930\">Hoy en d\u00eda, la informaci\u00f3n personal y empresarial es m\u00e1s vulnerable que nunca. Con el auge de la digitalizaci\u00f3n, cada vez m\u00e1s datos se almacenan en servidores, dispositivos y aplicaciones en la nube. Sin embargo, muchas personas y empresas no toman las medidas necesarias para proteger su informaci\u00f3n.<\/p>\n<p data-start=\"932\" data-end=\"1237\">Por esta raz\u00f3n, saber <strong data-start=\"954\" data-end=\"992\">c\u00f3mo proteger tus datos personales<\/strong> es esencial para evitar fraudes, robos de identidad y ciberataques. En este art\u00edculo, analizaremos estrategias efectivas tanto para usuarios como para empresas, con el fin de mejorar la <strong data-start=\"1179\" data-end=\"1213\">seguridad y privacidad digital<\/strong> en cualquier entorno.<\/p>\n<p>&nbsp;<\/p>\n<h2>\u00bfPor qu\u00e9 es importante proteger los datos personales?<\/h2>\n<p data-start=\"1312\" data-end=\"1494\">\n<p data-start=\"1312\" data-end=\"1494\">Cada d\u00eda, millones de datos personales se comparten en redes sociales, aplicaciones y plataformas digitales. Pero, \u00bfqu\u00e9 ocurre cuando esta informaci\u00f3n cae en las manos equivocadas?<\/p>\n<ul data-start=\"1496\" data-end=\"2044\">\n<li data-start=\"1496\" data-end=\"1672\"><strong data-start=\"1498\" data-end=\"1538\">Riesgo de suplantaci\u00f3n de identidad:<\/strong> Los ciberdelincuentes pueden utilizar tus datos para hacerse pasar por ti y realizar compras, solicitar cr\u00e9ditos o cometer fraudes.<\/li>\n<li data-start=\"1673\" data-end=\"1838\"><strong data-start=\"1675\" data-end=\"1707\">Acceso a cuentas personales:<\/strong> Sin medidas de seguridad adecuadas, es f\u00e1cil que hackers accedan a correos electr\u00f3nicos, redes sociales o plataformas bancarias.<\/li>\n<li data-start=\"1839\" data-end=\"2044\"><strong data-start=\"1841\" data-end=\"1877\">P\u00e9rdida de informaci\u00f3n sensible:<\/strong> Empresas y profesionales pueden ver comprometidos documentos, bases de datos y proyectos por no contar con medidas adecuadas de <strong data-start=\"2006\" data-end=\"2041\">protecci\u00f3n de datos en empresas<\/strong>.<\/li>\n<\/ul>\n<p data-start=\"2046\" data-end=\"2162\">En este contexto, implementar pr\u00e1cticas de <strong data-start=\"2089\" data-end=\"2123\">seguridad y privacidad digital<\/strong> es clave para reducir estos riesgos.<span style=\"color: #000000; font-family: Raleway, Helvetica, Arial, Lucida, sans-serif; font-size: 26px;\"><\/span><span style=\"color: #000000; font-family: Raleway, Helvetica, Arial, Lucida, sans-serif; font-size: 26px;\"><\/span><span style=\"color: #000000; font-family: Raleway, Helvetica, Arial, Lucida, sans-serif; font-size: 26px;\"><\/span><\/p>\n<p><span style=\"color: #000000; font-family: Raleway, Helvetica, Arial, Lucida, sans-serif; font-size: 26px;\"><\/span><\/p>\n<p><span style=\"color: #000000; font-family: Raleway, Helvetica, Arial, Lucida, sans-serif; font-size: 26px;\">Consejos para proteger tus datos personales en el d\u00eda a d\u00eda<\/span><\/p>\n<p><span style=\"font-size: 16px;\">Si eres usuario de internet, seguir estas recomendaciones te ayudar\u00e1 a mantener tu informaci\u00f3n segura:\u00a0<\/span><\/p>\n<ul>\n<li><span style=\"font-size: 16px;\"><strong data-start=\"2352\" data-end=\"2389\">Usa contrase\u00f1as seguras y \u00fanicas:<\/strong> Evita claves f\u00e1ciles de adivinar y utiliza combinaciones de letras, n\u00fameros y s\u00edmbolos. Adem\u00e1s, no repitas la misma contrase\u00f1a en varias cuentas.<\/span><\/li>\n<li><strong data-start=\"2542\" data-end=\"2585\">Habilita la autenticaci\u00f3n en dos pasos:<\/strong> Muchas plataformas permiten activar un segundo nivel de seguridad para evitar accesos no autorizados.<span style=\"font-size: 16px;\"><\/span><\/li>\n<li><strong data-start=\"2694\" data-end=\"2753\">Evita compartir informaci\u00f3n personal en redes sociales:<\/strong> Datos como tu direcci\u00f3n, n\u00famero de tel\u00e9fono o fecha de nacimiento pueden ser utilizados para suplantaci\u00f3n de identidad.<\/li>\n<li><strong data-start=\"2880\" data-end=\"2922\">Descarga solo aplicaciones confiables:<\/strong> Revisa los permisos que solicita cada app antes de instalarla y desc\u00e1rgalas solo desde tiendas oficiales.<\/li>\n<li><strong data-start=\"3035\" data-end=\"3084\">Cuidado con correos electr\u00f3nicos sospechosos:<\/strong> No hagas clic en enlaces de correos electr\u00f3nicos desconocidos, ya que pueden ser intentos de phishing.<\/li>\n<li><strong data-start=\"3194\" data-end=\"3235\">Mant\u00e9n tus dispositivos actualizados:<\/strong> Las actualizaciones de software incluyen mejoras en seguridad que protegen contra vulnerabilidades recientes.<\/li>\n<\/ul>\n<p>Estas pr\u00e1cticas de <strong data-start=\"3368\" data-end=\"3400\">protecci\u00f3n de la informaci\u00f3n<\/strong> pueden reducir el riesgo de que tus datos sean robados o utilizados sin tu consentimiento.<\/p>\n<p>&nbsp;<\/p>\n<p>&nbsp;<\/p>\n<h2>Medidas de seguridad para empresas y profesionales<\/h2>\n<p data-start=\"3565\" data-end=\"3746\">Las empresas manejan grandes vol\u00famenes de informaci\u00f3n, desde datos de clientes hasta informaci\u00f3n financiera. Por lo tanto, la <strong data-start=\"3691\" data-end=\"3726\">protecci\u00f3n de datos en empresas<\/strong> es una prioridad.<\/p>\n<ul>\n<li data-start=\"3748\" data-end=\"3900\"><strong data-start=\"3751\" data-end=\"3796\">Implementaci\u00f3n de Pol\u00edticas de Seguridad:<\/strong> Es fundamental que las empresas cuenten con normativas claras sobre el uso y almacenamiento de datos.<\/li>\n<li data-start=\"3902\" data-end=\"4028\"><strong data-start=\"3905\" data-end=\"3940\">Capacitaci\u00f3n en Ciberseguridad:<\/strong> Todo el equipo debe conocer las mejores pr\u00e1cticas para evitar ciberataques y fraudes.<\/li>\n<li data-start=\"4030\" data-end=\"4181\"><strong data-start=\"4033\" data-end=\"4066\">Uso de Software de Seguridad:<\/strong> Instalar firewalls, antivirus y sistemas de detecci\u00f3n de amenazas es clave para prevenir accesos no autorizados.<\/li>\n<li data-start=\"4183\" data-end=\"4306\"><strong data-start=\"4186\" data-end=\"4222\">Cifrado de Informaci\u00f3n Sensible:<\/strong> Cifrar datos protege archivos y bases de datos en caso de filtraciones o ataques.<\/li>\n<li data-start=\"4308\" data-end=\"4462\"><strong data-start=\"4311\" data-end=\"4345\">Accesos Seguros y Controlados:<\/strong> Limitar el acceso a la informaci\u00f3n seg\u00fan el nivel de responsabilidad de cada empleado reduce los riesgos internos.<\/li>\n<li data-start=\"4464\" data-end=\"4617\"><strong data-start=\"4467\" data-end=\"4506\">Realizaci\u00f3n de Copias de Seguridad:<\/strong> Hacer copias peri\u00f3dicas en la nube o en servidores seguros permite recuperar informaci\u00f3n en caso de p\u00e9rdida.<\/li>\n<\/ul>\n<p>&nbsp;<\/p>\n<h2>Herramientas para mejorar la seguridad y la privacidad digital<\/h2>\n<p data-start=\"4834\" data-end=\"5009\">Para reforzar la <strong data-start=\"4851\" data-end=\"4883\">protecci\u00f3n de la informaci\u00f3n<\/strong>, existen herramientas tecnol\u00f3gicas que pueden ayudar tanto a usuarios como a empresas. Algunas de las m\u00e1s recomendadas son:<\/p>\n<ul>\n<li data-start=\"5011\" data-end=\"5142\"><strong data-start=\"5014\" data-end=\"5042\">Gestores de Contrase\u00f1as:<\/strong> Aplicaciones como LastPass o Bitwarden generan y almacenan contrase\u00f1as seguras de manera cifrada.<\/li>\n<li data-start=\"5144\" data-end=\"5262\"><strong data-start=\"5147\" data-end=\"5177\">VPN (Red Privada Virtual):<\/strong> Permiten navegar de forma segura y an\u00f3nima, ocultando la direcci\u00f3n IP del usuario.<\/li>\n<li data-start=\"5264\" data-end=\"5378\"><strong data-start=\"5267\" data-end=\"5292\">Software Antimalware:<\/strong> Programas como Malwarebytes o Norton detectan y eliminan virus, troyanos y spyware.<\/li>\n<li data-start=\"5380\" data-end=\"5518\"><strong data-start=\"5383\" data-end=\"5418\">Autenticadores de Dos Factores:<\/strong> Google Authenticator y Microsoft Authenticator a\u00f1aden una capa extra de seguridad en los accesos.<\/li>\n<li data-start=\"5520\" data-end=\"5666\"><strong data-start=\"5523\" data-end=\"5547\">Cifrado de Archivos:<\/strong> Herramientas como VeraCrypt permiten proteger archivos y carpetas con contrase\u00f1as y algoritmos de cifrado avanzados.<\/li>\n<\/ul>\n<p data-start=\"5668\" data-end=\"5789\">Utilizar estas soluciones facilita la <strong data-start=\"5706\" data-end=\"5741\">protecci\u00f3n de datos en empresas<\/strong> y mejora la privacidad en el \u00e1mbito personal.<\/p>\n<h2 data-start=\"5668\" data-end=\"5789\">El futuro de la protecci\u00f3n de datos<\/h2>\n<p data-start=\"5846\" data-end=\"6040\">A medida que la tecnolog\u00eda avanza, tambi\u00e9n lo hacen los m\u00e9todos de ataque. Por esta raz\u00f3n, es esencial mantenerse actualizado sobre las mejores pr\u00e1cticas de <strong data-start=\"6003\" data-end=\"6037\">seguridad y privacidad digital<\/strong>.<\/p>\n<ul>\n<li data-start=\"6042\" data-end=\"6230\"><strong data-start=\"6045\" data-end=\"6080\">Mayor Regulaci\u00f3n y Legislaci\u00f3n:<\/strong> Cada vez m\u00e1s pa\u00edses implementan leyes que protegen la privacidad del usuario y sancionan a las empresas que no cumplan con est\u00e1ndares de seguridad.<\/li>\n<li data-start=\"6232\" data-end=\"6391\"><strong data-start=\"6235\" data-end=\"6274\">Avances en Inteligencia Artificial:<\/strong> Se est\u00e1n desarrollando sistemas que detectan patrones sospechosos para prevenir ciberataques antes de que ocurran.<\/li>\n<li data-start=\"6393\" data-end=\"6540\"><strong data-start=\"6396\" data-end=\"6429\">Aumento de la Concienciaci\u00f3n:<\/strong> Tanto empresas como usuarios est\u00e1n tomando mayor conciencia sobre la importancia de proteger su informaci\u00f3n.<\/li>\n<\/ul>\n<p data-start=\"6542\" data-end=\"6662\">Estos cambios refuerzan la necesidad de adoptar medidas de <strong data-start=\"6601\" data-end=\"6636\">protecci\u00f3n de datos en empresas<\/strong> y en la vida cotidiana.<\/p>\n<p data-start=\"6744\" data-end=\"6999\">Saber <strong data-start=\"6750\" data-end=\"6788\">c\u00f3mo proteger tus datos personales<\/strong> es una necesidad en un mundo digitalizado. Tanto usuarios como empresas deben aplicar estrategias de <strong data-start=\"6890\" data-end=\"6924\">seguridad y privacidad digital<\/strong> para reducir riesgos y evitar incidentes que comprometan su informaci\u00f3n.<\/p>\n<p data-start=\"7001\" data-end=\"7222\">Para quienes buscan especializarse en este campo, una <strong data-start=\"7055\" data-end=\"7086\">formaci\u00f3n en ciberseguridad<\/strong> es una excelente opci\u00f3n para desarrollar habilidades en protecci\u00f3n de datos, prevenci\u00f3n de ciberataques y cumplimiento de normativas.<\/p>\n<p data-start=\"7224\" data-end=\"7372\">La seguridad digital no es una opci\u00f3n, es una responsabilidad. Aplicar estos consejos es el primer paso para mantener nuestra informaci\u00f3n a salvo.<\/p>\n<p data-start=\"5668\" data-end=\"5789\">\n","protected":false},"excerpt":{"rendered":"<p>La importancia de la protecci\u00f3n de datos en la era digital\u00a0 Hoy en d\u00eda, la informaci\u00f3n personal y empresarial es m\u00e1s vulnerable que nunca. Con el auge de la digitalizaci\u00f3n, cada vez m\u00e1s datos se almacenan en servidores, dispositivos y aplicaciones en la nube. Sin embargo, muchas personas y empresas no toman las medidas necesarias [&hellip;]<\/p>\n","protected":false},"author":1,"featured_media":3763,"comment_status":"closed","ping_status":"closed","sticky":false,"template":"","format":"standard","meta":{"footnotes":""},"categories":[31,38,57],"tags":[],"class_list":["post-6010","post","type-post","status-publish","format-standard","has-post-thumbnail","hentry","category-fp-dual","category-informatica","category-monlau"],"yoast_head":"<!-- This site is optimized with the Yoast SEO plugin v27.2 - https:\/\/yoast.com\/product\/yoast-seo-wordpress\/ -->\n<title>C\u00f3mo proteger tus datos personales - Formaci\u00f3n profesional<\/title>\n<meta name=\"robots\" content=\"index, follow, max-snippet:-1, max-image-preview:large, max-video-preview:-1\" \/>\n<link rel=\"canonical\" href=\"https:\/\/www.monlau.com\/fp\/2025\/03\/04\/como-proteger-tus-datos-personales\/\" \/>\n<meta property=\"og:locale\" content=\"es_ES\" \/>\n<meta property=\"og:type\" content=\"article\" \/>\n<meta property=\"og:title\" content=\"C\u00f3mo proteger tus datos personales - Formaci\u00f3n profesional\" \/>\n<meta property=\"og:description\" content=\"La importancia de la protecci\u00f3n de datos en la era digital\u00a0 Hoy en d\u00eda, la informaci\u00f3n personal y empresarial es m\u00e1s vulnerable que nunca. Con el auge de la digitalizaci\u00f3n, cada vez m\u00e1s datos se almacenan en servidores, dispositivos y aplicaciones en la nube. Sin embargo, muchas personas y empresas no toman las medidas necesarias [&hellip;]\" \/>\n<meta property=\"og:url\" content=\"https:\/\/www.monlau.com\/fp\/2025\/03\/04\/como-proteger-tus-datos-personales\/\" \/>\n<meta property=\"og:site_name\" content=\"Formaci\u00f3n profesional\" \/>\n<meta property=\"article:published_time\" content=\"2025-03-03T23:00:00+00:00\" \/>\n<meta property=\"article:modified_time\" content=\"2026-03-10T09:03:27+00:00\" \/>\n<meta property=\"og:image\" content=\"https:\/\/www.monlau.com\/app\/uploads\/sites\/3\/2026\/03\/CETI-8-scaled-2.jpg\" \/>\n\t<meta property=\"og:image:width\" content=\"2560\" \/>\n\t<meta property=\"og:image:height\" content=\"1707\" \/>\n\t<meta property=\"og:image:type\" content=\"image\/jpeg\" \/>\n<meta name=\"author\" content=\"adsmurai\" \/>\n<meta name=\"twitter:card\" content=\"summary_large_image\" \/>\n<meta name=\"twitter:label1\" content=\"Escrito por\" \/>\n\t<meta name=\"twitter:data1\" content=\"adsmurai\" \/>\n\t<meta name=\"twitter:label2\" content=\"Tiempo de lectura\" \/>\n\t<meta name=\"twitter:data2\" content=\"5 minutos\" \/>\n<script type=\"application\/ld+json\" class=\"yoast-schema-graph\">{\"@context\":\"https:\/\/schema.org\",\"@graph\":[{\"@type\":\"Article\",\"@id\":\"https:\/\/www.monlau.com\/fp\/2025\/03\/04\/como-proteger-tus-datos-personales\/#article\",\"isPartOf\":{\"@id\":\"https:\/\/www.monlau.com\/fp\/2025\/03\/04\/como-proteger-tus-datos-personales\/\"},\"author\":{\"name\":\"adsmurai\",\"@id\":\"https:\/\/www.monlau.com\/fp\/#\/schema\/person\/419cfdf054323e24e0a2ef1d8597f051\"},\"headline\":\"C\u00f3mo proteger tus datos personales\",\"datePublished\":\"2025-03-03T23:00:00+00:00\",\"dateModified\":\"2026-03-10T09:03:27+00:00\",\"mainEntityOfPage\":{\"@id\":\"https:\/\/www.monlau.com\/fp\/2025\/03\/04\/como-proteger-tus-datos-personales\/\"},\"wordCount\":1004,\"publisher\":{\"@id\":\"https:\/\/www.monlau.com\/fp\/#organization\"},\"image\":{\"@id\":\"https:\/\/www.monlau.com\/fp\/2025\/03\/04\/como-proteger-tus-datos-personales\/#primaryimage\"},\"thumbnailUrl\":\"https:\/\/www.monlau.com\/app\/uploads\/sites\/3\/2026\/03\/CETI-8-scaled-2.jpg\",\"articleSection\":[\"FP Dual\",\"Inform\u00e1tica\",\"Monlau\"],\"inLanguage\":\"es\"},{\"@type\":\"WebPage\",\"@id\":\"https:\/\/www.monlau.com\/fp\/2025\/03\/04\/como-proteger-tus-datos-personales\/\",\"url\":\"https:\/\/www.monlau.com\/fp\/2025\/03\/04\/como-proteger-tus-datos-personales\/\",\"name\":\"C\u00f3mo proteger tus datos personales - Formaci\u00f3n profesional\",\"isPartOf\":{\"@id\":\"https:\/\/www.monlau.com\/fp\/#website\"},\"primaryImageOfPage\":{\"@id\":\"https:\/\/www.monlau.com\/fp\/2025\/03\/04\/como-proteger-tus-datos-personales\/#primaryimage\"},\"image\":{\"@id\":\"https:\/\/www.monlau.com\/fp\/2025\/03\/04\/como-proteger-tus-datos-personales\/#primaryimage\"},\"thumbnailUrl\":\"https:\/\/www.monlau.com\/app\/uploads\/sites\/3\/2026\/03\/CETI-8-scaled-2.jpg\",\"datePublished\":\"2025-03-03T23:00:00+00:00\",\"dateModified\":\"2026-03-10T09:03:27+00:00\",\"breadcrumb\":{\"@id\":\"https:\/\/www.monlau.com\/fp\/2025\/03\/04\/como-proteger-tus-datos-personales\/#breadcrumb\"},\"inLanguage\":\"es\",\"potentialAction\":[{\"@type\":\"ReadAction\",\"target\":[\"https:\/\/www.monlau.com\/fp\/2025\/03\/04\/como-proteger-tus-datos-personales\/\"]}]},{\"@type\":\"ImageObject\",\"inLanguage\":\"es\",\"@id\":\"https:\/\/www.monlau.com\/fp\/2025\/03\/04\/como-proteger-tus-datos-personales\/#primaryimage\",\"url\":\"https:\/\/www.monlau.com\/app\/uploads\/sites\/3\/2026\/03\/CETI-8-scaled-2.jpg\",\"contentUrl\":\"https:\/\/www.monlau.com\/app\/uploads\/sites\/3\/2026\/03\/CETI-8-scaled-2.jpg\",\"width\":2560,\"height\":1707},{\"@type\":\"BreadcrumbList\",\"@id\":\"https:\/\/www.monlau.com\/fp\/2025\/03\/04\/como-proteger-tus-datos-personales\/#breadcrumb\",\"itemListElement\":[{\"@type\":\"ListItem\",\"position\":1,\"name\":\"Portada\",\"item\":\"https:\/\/www.monlau.com\/fp\/\"},{\"@type\":\"ListItem\",\"position\":2,\"name\":\"C\u00f3mo proteger tus datos personales\"}]},{\"@type\":\"WebSite\",\"@id\":\"https:\/\/www.monlau.com\/fp\/#website\",\"url\":\"https:\/\/www.monlau.com\/fp\/\",\"name\":\"Formaci\u00f3n profesional\",\"description\":\"Monlau\",\"publisher\":{\"@id\":\"https:\/\/www.monlau.com\/fp\/#organization\"},\"potentialAction\":[{\"@type\":\"SearchAction\",\"target\":{\"@type\":\"EntryPoint\",\"urlTemplate\":\"https:\/\/www.monlau.com\/fp\/?s={search_term_string}\"},\"query-input\":{\"@type\":\"PropertyValueSpecification\",\"valueRequired\":true,\"valueName\":\"search_term_string\"}}],\"inLanguage\":\"es\"},{\"@type\":\"Organization\",\"@id\":\"https:\/\/www.monlau.com\/fp\/#organization\",\"name\":\"Formaci\u00f3n profesional\",\"url\":\"https:\/\/www.monlau.com\/fp\/\",\"logo\":{\"@type\":\"ImageObject\",\"inLanguage\":\"es\",\"@id\":\"https:\/\/www.monlau.com\/fp\/#\/schema\/logo\/image\/\",\"url\":\"https:\/\/www.monlau.com\/app\/uploads\/sites\/3\/2026\/01\/fp.png\",\"contentUrl\":\"https:\/\/www.monlau.com\/app\/uploads\/sites\/3\/2026\/01\/fp.png\",\"width\":1024,\"height\":878,\"caption\":\"Formaci\u00f3n profesional\"},\"image\":{\"@id\":\"https:\/\/www.monlau.com\/fp\/#\/schema\/logo\/image\/\"}},{\"@type\":\"Person\",\"@id\":\"https:\/\/www.monlau.com\/fp\/#\/schema\/person\/419cfdf054323e24e0a2ef1d8597f051\",\"name\":\"adsmurai\",\"image\":{\"@type\":\"ImageObject\",\"inLanguage\":\"es\",\"@id\":\"https:\/\/secure.gravatar.com\/avatar\/0748788578f91786454454fa3b4c295644edb991ad6caadc70b41d26790d38fc?s=96&d=mm&r=g\",\"url\":\"https:\/\/secure.gravatar.com\/avatar\/0748788578f91786454454fa3b4c295644edb991ad6caadc70b41d26790d38fc?s=96&d=mm&r=g\",\"contentUrl\":\"https:\/\/secure.gravatar.com\/avatar\/0748788578f91786454454fa3b4c295644edb991ad6caadc70b41d26790d38fc?s=96&d=mm&r=g\",\"caption\":\"adsmurai\"},\"sameAs\":[\"https:\/\/www.monlau.com\"],\"url\":\"https:\/\/www.monlau.com\/fp\/author\/adsmurai\/\"}]}<\/script>\n<!-- \/ Yoast SEO plugin. -->","yoast_head_json":{"title":"C\u00f3mo proteger tus datos personales - Formaci\u00f3n profesional","robots":{"index":"index","follow":"follow","max-snippet":"max-snippet:-1","max-image-preview":"max-image-preview:large","max-video-preview":"max-video-preview:-1"},"canonical":"https:\/\/www.monlau.com\/fp\/2025\/03\/04\/como-proteger-tus-datos-personales\/","og_locale":"es_ES","og_type":"article","og_title":"C\u00f3mo proteger tus datos personales - Formaci\u00f3n profesional","og_description":"La importancia de la protecci\u00f3n de datos en la era digital\u00a0 Hoy en d\u00eda, la informaci\u00f3n personal y empresarial es m\u00e1s vulnerable que nunca. Con el auge de la digitalizaci\u00f3n, cada vez m\u00e1s datos se almacenan en servidores, dispositivos y aplicaciones en la nube. Sin embargo, muchas personas y empresas no toman las medidas necesarias [&hellip;]","og_url":"https:\/\/www.monlau.com\/fp\/2025\/03\/04\/como-proteger-tus-datos-personales\/","og_site_name":"Formaci\u00f3n profesional","article_published_time":"2025-03-03T23:00:00+00:00","article_modified_time":"2026-03-10T09:03:27+00:00","og_image":[{"width":2560,"height":1707,"url":"https:\/\/www.monlau.com\/app\/uploads\/sites\/3\/2026\/03\/CETI-8-scaled-2.jpg","type":"image\/jpeg"}],"author":"adsmurai","twitter_card":"summary_large_image","twitter_misc":{"Escrito por":"adsmurai","Tiempo de lectura":"5 minutos"},"schema":{"@context":"https:\/\/schema.org","@graph":[{"@type":"Article","@id":"https:\/\/www.monlau.com\/fp\/2025\/03\/04\/como-proteger-tus-datos-personales\/#article","isPartOf":{"@id":"https:\/\/www.monlau.com\/fp\/2025\/03\/04\/como-proteger-tus-datos-personales\/"},"author":{"name":"adsmurai","@id":"https:\/\/www.monlau.com\/fp\/#\/schema\/person\/419cfdf054323e24e0a2ef1d8597f051"},"headline":"C\u00f3mo proteger tus datos personales","datePublished":"2025-03-03T23:00:00+00:00","dateModified":"2026-03-10T09:03:27+00:00","mainEntityOfPage":{"@id":"https:\/\/www.monlau.com\/fp\/2025\/03\/04\/como-proteger-tus-datos-personales\/"},"wordCount":1004,"publisher":{"@id":"https:\/\/www.monlau.com\/fp\/#organization"},"image":{"@id":"https:\/\/www.monlau.com\/fp\/2025\/03\/04\/como-proteger-tus-datos-personales\/#primaryimage"},"thumbnailUrl":"https:\/\/www.monlau.com\/app\/uploads\/sites\/3\/2026\/03\/CETI-8-scaled-2.jpg","articleSection":["FP Dual","Inform\u00e1tica","Monlau"],"inLanguage":"es"},{"@type":"WebPage","@id":"https:\/\/www.monlau.com\/fp\/2025\/03\/04\/como-proteger-tus-datos-personales\/","url":"https:\/\/www.monlau.com\/fp\/2025\/03\/04\/como-proteger-tus-datos-personales\/","name":"C\u00f3mo proteger tus datos personales - Formaci\u00f3n profesional","isPartOf":{"@id":"https:\/\/www.monlau.com\/fp\/#website"},"primaryImageOfPage":{"@id":"https:\/\/www.monlau.com\/fp\/2025\/03\/04\/como-proteger-tus-datos-personales\/#primaryimage"},"image":{"@id":"https:\/\/www.monlau.com\/fp\/2025\/03\/04\/como-proteger-tus-datos-personales\/#primaryimage"},"thumbnailUrl":"https:\/\/www.monlau.com\/app\/uploads\/sites\/3\/2026\/03\/CETI-8-scaled-2.jpg","datePublished":"2025-03-03T23:00:00+00:00","dateModified":"2026-03-10T09:03:27+00:00","breadcrumb":{"@id":"https:\/\/www.monlau.com\/fp\/2025\/03\/04\/como-proteger-tus-datos-personales\/#breadcrumb"},"inLanguage":"es","potentialAction":[{"@type":"ReadAction","target":["https:\/\/www.monlau.com\/fp\/2025\/03\/04\/como-proteger-tus-datos-personales\/"]}]},{"@type":"ImageObject","inLanguage":"es","@id":"https:\/\/www.monlau.com\/fp\/2025\/03\/04\/como-proteger-tus-datos-personales\/#primaryimage","url":"https:\/\/www.monlau.com\/app\/uploads\/sites\/3\/2026\/03\/CETI-8-scaled-2.jpg","contentUrl":"https:\/\/www.monlau.com\/app\/uploads\/sites\/3\/2026\/03\/CETI-8-scaled-2.jpg","width":2560,"height":1707},{"@type":"BreadcrumbList","@id":"https:\/\/www.monlau.com\/fp\/2025\/03\/04\/como-proteger-tus-datos-personales\/#breadcrumb","itemListElement":[{"@type":"ListItem","position":1,"name":"Portada","item":"https:\/\/www.monlau.com\/fp\/"},{"@type":"ListItem","position":2,"name":"C\u00f3mo proteger tus datos personales"}]},{"@type":"WebSite","@id":"https:\/\/www.monlau.com\/fp\/#website","url":"https:\/\/www.monlau.com\/fp\/","name":"Formaci\u00f3n profesional","description":"Monlau","publisher":{"@id":"https:\/\/www.monlau.com\/fp\/#organization"},"potentialAction":[{"@type":"SearchAction","target":{"@type":"EntryPoint","urlTemplate":"https:\/\/www.monlau.com\/fp\/?s={search_term_string}"},"query-input":{"@type":"PropertyValueSpecification","valueRequired":true,"valueName":"search_term_string"}}],"inLanguage":"es"},{"@type":"Organization","@id":"https:\/\/www.monlau.com\/fp\/#organization","name":"Formaci\u00f3n profesional","url":"https:\/\/www.monlau.com\/fp\/","logo":{"@type":"ImageObject","inLanguage":"es","@id":"https:\/\/www.monlau.com\/fp\/#\/schema\/logo\/image\/","url":"https:\/\/www.monlau.com\/app\/uploads\/sites\/3\/2026\/01\/fp.png","contentUrl":"https:\/\/www.monlau.com\/app\/uploads\/sites\/3\/2026\/01\/fp.png","width":1024,"height":878,"caption":"Formaci\u00f3n profesional"},"image":{"@id":"https:\/\/www.monlau.com\/fp\/#\/schema\/logo\/image\/"}},{"@type":"Person","@id":"https:\/\/www.monlau.com\/fp\/#\/schema\/person\/419cfdf054323e24e0a2ef1d8597f051","name":"adsmurai","image":{"@type":"ImageObject","inLanguage":"es","@id":"https:\/\/secure.gravatar.com\/avatar\/0748788578f91786454454fa3b4c295644edb991ad6caadc70b41d26790d38fc?s=96&d=mm&r=g","url":"https:\/\/secure.gravatar.com\/avatar\/0748788578f91786454454fa3b4c295644edb991ad6caadc70b41d26790d38fc?s=96&d=mm&r=g","contentUrl":"https:\/\/secure.gravatar.com\/avatar\/0748788578f91786454454fa3b4c295644edb991ad6caadc70b41d26790d38fc?s=96&d=mm&r=g","caption":"adsmurai"},"sameAs":["https:\/\/www.monlau.com"],"url":"https:\/\/www.monlau.com\/fp\/author\/adsmurai\/"}]}},"_links":{"self":[{"href":"https:\/\/www.monlau.com\/fp\/wp-json\/wp\/v2\/posts\/6010","targetHints":{"allow":["GET"]}}],"collection":[{"href":"https:\/\/www.monlau.com\/fp\/wp-json\/wp\/v2\/posts"}],"about":[{"href":"https:\/\/www.monlau.com\/fp\/wp-json\/wp\/v2\/types\/post"}],"author":[{"embeddable":true,"href":"https:\/\/www.monlau.com\/fp\/wp-json\/wp\/v2\/users\/1"}],"replies":[{"embeddable":true,"href":"https:\/\/www.monlau.com\/fp\/wp-json\/wp\/v2\/comments?post=6010"}],"version-history":[{"count":1,"href":"https:\/\/www.monlau.com\/fp\/wp-json\/wp\/v2\/posts\/6010\/revisions"}],"predecessor-version":[{"id":6342,"href":"https:\/\/www.monlau.com\/fp\/wp-json\/wp\/v2\/posts\/6010\/revisions\/6342"}],"wp:featuredmedia":[{"embeddable":true,"href":"https:\/\/www.monlau.com\/fp\/wp-json\/wp\/v2\/media\/3763"}],"wp:attachment":[{"href":"https:\/\/www.monlau.com\/fp\/wp-json\/wp\/v2\/media?parent=6010"}],"wp:term":[{"taxonomy":"category","embeddable":true,"href":"https:\/\/www.monlau.com\/fp\/wp-json\/wp\/v2\/categories?post=6010"},{"taxonomy":"post_tag","embeddable":true,"href":"https:\/\/www.monlau.com\/fp\/wp-json\/wp\/v2\/tags?post=6010"}],"curies":[{"name":"wp","href":"https:\/\/api.w.org\/{rel}","templated":true}]}}