{"id":6004,"date":"2025-02-13T00:00:00","date_gmt":"2025-02-12T23:00:00","guid":{"rendered":"https:\/\/www.monlau.com\/formacion-profesional\/como-ser-un-mecanico-especializado-en-vehiculos-electricos-en-5-pasos\/"},"modified":"2026-03-10T10:03:27","modified_gmt":"2026-03-10T09:03:27","slug":"como-ser-un-mecanico-especializado-en-vehiculos-electricos-en-5-pasos","status":"publish","type":"post","link":"https:\/\/www.monlau.com\/fp\/2025\/02\/13\/como-ser-un-mecanico-especializado-en-vehiculos-electricos-en-5-pasos\/","title":{"rendered":"C\u00f3mo ser un mec\u00e1nico especializado en veh\u00edculos el\u00e9ctricos en 5 pasos"},"content":{"rendered":"<h2> \ufe0f El futuro de los mec\u00e1nicos est\u00e1 en lo el\u00e9ctrico<\/h2>\n<p>Hoy en d\u00eda, la movilidad el\u00e9ctrica est\u00e1 transformando la industria del autom\u00f3vil. Los <strong data-start=\"926\" data-end=\"950\">veh\u00edculos el\u00e9ctricos<\/strong> se est\u00e1n convirtiendo en la opci\u00f3n preferida por su eficiencia y sostenibilidad. Esto ha creado una gran demanda de profesionales especializados en la <strong data-start=\"1102\" data-end=\"1138\">mec\u00e1nica de veh\u00edculos el\u00e9ctricos<\/strong>. Si est\u00e1s pensando en desarrollar una carrera en este sector, en esta gu\u00eda descubrir\u00e1s los 5 pasos para convertirte en un experto. Adem\u00e1s, conocer\u00e1s c\u00f3mo <strong data-start=\"1293\" data-end=\"1303\">Monlau<\/strong> puede ayudarte a alcanzar tus objetivos.<\/p>\n<p>&nbsp;<\/p>\n<h2>  Paso 1: Comprende el funcionamiento de los veh\u00edculos el\u00e9ctricos<\/h2>\n<p data-start=\"1427\" data-end=\"1661\">Antes de convertirte en un profesional, es fundamental entender c\u00f3mo funcionan estos veh\u00edculos. A diferencia de los de combusti\u00f3n interna, los coches el\u00e9ctricos se basan en motores el\u00e9ctricos alimentados por bater\u00edas de alto voltaje.<\/p>\n<p data-start=\"1427\" data-end=\"1661\">\n<ul>\n<li data-start=\"1427\" data-end=\"1661\"><strong>\u00bfPor qu\u00e9 es tan importante?<\/strong><br \/>Porque comprender la base tecnol\u00f3gica te ayudar\u00e1 a identificar problemas con mayor rapidez.<\/li>\n<li data-start=\"1427\" data-end=\"1661\"><strong>\u00bfC\u00f3mo hacerlo?<\/strong><br \/>En un ciclo formativo en automoci\u00f3n, aprender\u00e1s c\u00f3mo se integran los sistemas el\u00e9ctricos, las bater\u00edas y los motores.<\/li>\n<\/ul>\n<p data-start=\"1427\" data-end=\"1661\">\n<p><span style=\"font-size: 16px;\">\u00a0<\/span><\/p>\n<h2>\u2699\ufe0f Paso 2: Elige la formaci\u00f3n adecuada\u00a0<\/h2>\n<p>Para ser un t\u00e9cnico en automoci\u00f3n el\u00e9ctrica, es fundamental tener una formaci\u00f3n t\u00e9cnica s\u00f3lida. Aqu\u00ed es donde Monlau destaca, ofreciendo programas que est\u00e1n alineados con las necesidades del mercado actual.<\/p>\n<p><strong>\u00bfQu\u00e9 ofrece Monlau?<\/strong><\/p>\n<ul>\n<li><strong>Grado superior en automoci\u00f3n<\/strong>, programa completo que cubre desde el diagn\u00f3stico de fallos el\u00e9ctricos hasta el mantenimiento de bater\u00edas.<\/li>\n<li><strong>Formaci\u00f3n pr\u00e1ctica<\/strong> con acceso a talleres equipados con tecnolog\u00eda de \u00faltima generaci\u00f3n.<\/li>\n<li><strong>Conexiones con empresas<\/strong> con pr\u00e1cticas profesionales en compa\u00f1\u00edas del sector automotor, lo que facilita tu inserci\u00f3n laboral.<\/li>\n<\/ul>\n<p>&nbsp;<\/p>\n<h2>\u26a1 Paso 3: Desarrolla habilidades t\u00e9cnicas clave\u00a0<\/h2>\n<p>Adem\u00e1s de la teor\u00eda, necesitar\u00e1s habilidades pr\u00e1cticas para destacar en el mercado laboral.\u00a0<\/p>\n<ul>\n<li>\n<p><strong>Diagn\u00f3stico de sistemas el\u00e9ctricos<\/strong><\/p>\n<ul>\n<li>Aprender\u00e1s a utilizar equipos de diagn\u00f3stico para identificar y resolver fallos en los sistemas el\u00e9ctricos<\/li>\n<\/ul>\n<\/li>\n<li>\n<p><strong>Mantenimiento de bater\u00edas<\/strong><\/p>\n<ul>\n<li>Los veh\u00edculos el\u00e9ctricos dependen de bater\u00edas de alta capacidad. Saber c\u00f3mo mantenerlas y repararlas es esencial.<\/li>\n<\/ul>\n<\/li>\n<li>\n<p><strong>Normativas de seguridad<\/strong><\/p>\n<ul>\n<li>Trabajar\u00e1s con sistemas de alto voltaje, por lo que es vital conocer las medidas de seguridad para evitar riesgos<\/li>\n<\/ul>\n<\/li>\n<\/ul>\n<p>Consejo: En el ciclo que impartimos en Monlau, estas habilidades se desarrollan mejor a trav\u00e9s de talleres pr\u00e1cticos con situaciones del mundo real.<\/p>\n<p>&nbsp;<\/p>\n<h2><span style=\"font-family: Poppins;\"><span class=\"TextRun SCXW83663527 BCX8\" lang=\"ES-ES\" xml_lang=\"ES-ES\" data-contrast=\"auto\"><span class=\"NormalTextRun SCXW83663527 BCX8\">  <\/span><\/span><\/span>Paso 4: Gana experiencia pr\u00e1ctica en el sector\u00a0<\/h2>\n<p data-start=\"3431\" data-end=\"3621\">La experiencia pr\u00e1ctica es clave para cualquier <strong data-start=\"3479\" data-end=\"3515\">mec\u00e1nico de veh\u00edculos el\u00e9ctricos<\/strong>. En este sentido, <strong data-start=\"3534\" data-end=\"3544\">Monlau<\/strong> ofrece oportunidades de pr\u00e1cticas en empresas l\u00edderes del sector automotor<\/p>\n<p data-start=\"3431\" data-end=\"3621\">Ventajas de la formaci\u00f3n pr\u00e1ctica en <strong>Monlau<\/strong>:<\/p>\n<ul>\n<li data-start=\"3431\" data-end=\"3621\">Contacto directo con expertos de la industria.<\/li>\n<li data-start=\"3431\" data-end=\"3621\">Aplicaci\u00f3n de conocimientos en situaciones reales.<\/li>\n<li data-start=\"3431\" data-end=\"3621\">Posibilidad de acceder a ofertas de trabajo tras las pr\u00e1cticas<\/li>\n<\/ul>\n<p data-start=\"3431\" data-end=\"3621\">Esta experiencia te ayudar\u00e1 a desarrollar habilidades t\u00e9cnicas y tambi\u00e9n competencias transversales, como la resoluci\u00f3n de problemas y la gesti\u00f3n del tiempo.<\/p>\n<p data-start=\"3431\" data-end=\"3621\">\n<p data-start=\"3431\" data-end=\"3621\">\n<p><strong style=\"font-size: 22px;\"><span style=\"color: #000000; font-family: Raleway, Helvetica, Arial, Lucida, sans-serif;\"><\/span><\/strong><\/p>\n<h2> \ufe0f Paso 5: Mantente actualizado en nuevas tecnolog\u00edas\u00a0<\/h2>\n<p data-start=\"4085\" data-end=\"4233\">El sector de la automoci\u00f3n el\u00e9ctrica est\u00e1 en constante evoluci\u00f3n. Por eso, es importante que sigas aprendiendo incluso despu\u00e9s de obtener tu t\u00edtulo.<\/p>\n<ul>\n<li data-start=\"4085\" data-end=\"4233\"><strong>Participa en cursos de actualizaci\u00f3n:<\/strong> Monlau ofrece programas de formaci\u00f3n continua para que puedas mantenerte al d\u00eda con las \u00faltimas innovaciones<\/li>\n<li data-start=\"4085\" data-end=\"4233\"><strong>Asiste a eventos del sector:<\/strong> Ferias de automoci\u00f3n, seminarios y exposiciones son excelentes para conocer nuevas tecnolog\u00edas.<\/li>\n<li data-start=\"4085\" data-end=\"4233\"><strong>Certificaciones adicionales:<\/strong> Completa tu formaci\u00f3n con certificaciones espec\u00edficas en nuevas \u00e1reas como la carga r\u00e1pida o la programaci\u00f3n de veh\u00edculos el\u00e9ctricos.<\/li>\n<\/ul>\n<p>&nbsp;<\/p>\n<h2>  \u00bfPor qu\u00e9 elegir Monlau para tu formaci\u00f3n en automoci\u00f3n el\u00e9ctrica?<\/h2>\n<p data-start=\"4779\" data-end=\"5024\">Formarte en <strong data-start=\"4791\" data-end=\"4801\">Monlau<\/strong> te brinda una ventaja competitiva en el mercado laboral. No solo recibir\u00e1s una formaci\u00f3n t\u00e9cnica de calidad, sino que tambi\u00e9n tendr\u00e1s acceso a oportunidades reales de empleo gracias a sus convenios con empresas del sector.<\/p>\n<ul>\n<li data-start=\"5026\" data-end=\"5115\"><strong data-start=\"5028\" data-end=\"5055\">Programas Actualizados:<\/strong> Dise\u00f1ados para responder a la demanda actual del mercado.<\/li>\n<li data-start=\"5116\" data-end=\"5227\"><strong data-start=\"5118\" data-end=\"5157\">Instalaciones de \u00daltima Generaci\u00f3n:<\/strong> Con talleres y laboratorios equipados con tecnolog\u00eda de vanguardia.<\/li>\n<li data-start=\"5228\" data-end=\"5361\"><strong data-start=\"5230\" data-end=\"5257\">Alta Inserci\u00f3n Laboral:<\/strong> Gracias a sus pr\u00e1cticas en empresas, muchos estudiantes encuentran trabajo al finalizar su formaci\u00f3n.<\/li>\n<\/ul>\n<p data-start=\"5437\" data-end=\"5707\">Convertirse en un <strong data-start=\"5455\" data-end=\"5491\">mec\u00e1nico de veh\u00edculos el\u00e9ctricos<\/strong> es una oportunidad \u00fanica en un sector en crecimiento. Con la formaci\u00f3n adecuada, como la que ofrece <strong data-start=\"5592\" data-end=\"5602\">Monlau<\/strong>, podr\u00e1s adquirir las habilidades necesarias para trabajar en la industria de la automoci\u00f3n del futuro.<\/p>\n<p data-start=\"5709\" data-end=\"5836\">Si est\u00e1s listo para dar el primer paso hacia una carrera llena de oportunidades, \u00a1este es el momento perfecto para empezar!  \u26a1<\/p>\n<p data-start=\"4085\" data-end=\"4233\">\n","protected":false},"excerpt":{"rendered":"<p>\ufe0f El futuro de los mec\u00e1nicos est\u00e1 en lo el\u00e9ctrico Hoy en d\u00eda, la movilidad el\u00e9ctrica est\u00e1 transformando la industria del autom\u00f3vil. Los veh\u00edculos el\u00e9ctricos se est\u00e1n convirtiendo en la opci\u00f3n preferida por su eficiencia y sostenibilidad. Esto ha creado una gran demanda de profesionales especializados en la mec\u00e1nica de veh\u00edculos el\u00e9ctricos. Si est\u00e1s pensando [&hellip;]<\/p>\n","protected":false},"author":1,"featured_media":3752,"comment_status":"closed","ping_status":"closed","sticky":false,"template":"","format":"standard","meta":{"footnotes":""},"categories":[36,31,57],"tags":[],"class_list":["post-6004","post","type-post","status-publish","format-standard","has-post-thumbnail","hentry","category-automocion","category-fp-dual","category-monlau"],"yoast_head":"<!-- This site is optimized with the Yoast SEO plugin v27.2 - https:\/\/yoast.com\/product\/yoast-seo-wordpress\/ -->\n<title>C\u00f3mo ser un mec\u00e1nico especializado en veh\u00edculos el\u00e9ctricos en 5 pasos - Formaci\u00f3n profesional<\/title>\n<meta name=\"robots\" content=\"index, follow, max-snippet:-1, max-image-preview:large, max-video-preview:-1\" \/>\n<link rel=\"canonical\" href=\"https:\/\/www.monlau.com\/fp\/2025\/02\/13\/como-ser-un-mecanico-especializado-en-vehiculos-electricos-en-5-pasos\/\" \/>\n<meta property=\"og:locale\" content=\"es_ES\" \/>\n<meta property=\"og:type\" content=\"article\" \/>\n<meta property=\"og:title\" content=\"C\u00f3mo ser un mec\u00e1nico especializado en veh\u00edculos el\u00e9ctricos en 5 pasos - Formaci\u00f3n profesional\" \/>\n<meta property=\"og:description\" content=\"\ufe0f El futuro de los mec\u00e1nicos est\u00e1 en lo el\u00e9ctrico Hoy en d\u00eda, la movilidad el\u00e9ctrica est\u00e1 transformando la industria del autom\u00f3vil. Los veh\u00edculos el\u00e9ctricos se est\u00e1n convirtiendo en la opci\u00f3n preferida por su eficiencia y sostenibilidad. Esto ha creado una gran demanda de profesionales especializados en la mec\u00e1nica de veh\u00edculos el\u00e9ctricos. Si est\u00e1s pensando [&hellip;]\" \/>\n<meta property=\"og:url\" content=\"https:\/\/www.monlau.com\/fp\/2025\/02\/13\/como-ser-un-mecanico-especializado-en-vehiculos-electricos-en-5-pasos\/\" \/>\n<meta property=\"og:site_name\" content=\"Formaci\u00f3n profesional\" \/>\n<meta property=\"article:published_time\" content=\"2025-02-12T23:00:00+00:00\" \/>\n<meta property=\"article:modified_time\" content=\"2026-03-10T09:03:27+00:00\" \/>\n<meta property=\"og:image\" content=\"https:\/\/www.monlau.com\/app\/uploads\/sites\/3\/2026\/03\/Foto-monlau-1.0-1024x768.jpg\" \/>\n\t<meta property=\"og:image:width\" content=\"1024\" \/>\n\t<meta property=\"og:image:height\" content=\"768\" \/>\n\t<meta property=\"og:image:type\" content=\"image\/jpeg\" \/>\n<meta name=\"author\" content=\"adsmurai\" \/>\n<meta name=\"twitter:card\" content=\"summary_large_image\" \/>\n<meta name=\"twitter:label1\" content=\"Escrito por\" \/>\n\t<meta name=\"twitter:data1\" content=\"adsmurai\" \/>\n\t<meta name=\"twitter:label2\" content=\"Tiempo de lectura\" \/>\n\t<meta name=\"twitter:data2\" content=\"4 minutos\" \/>\n<script type=\"application\/ld+json\" class=\"yoast-schema-graph\">{\"@context\":\"https:\/\/schema.org\",\"@graph\":[{\"@type\":\"Article\",\"@id\":\"https:\/\/www.monlau.com\/fp\/2025\/02\/13\/como-ser-un-mecanico-especializado-en-vehiculos-electricos-en-5-pasos\/#article\",\"isPartOf\":{\"@id\":\"https:\/\/www.monlau.com\/fp\/2025\/02\/13\/como-ser-un-mecanico-especializado-en-vehiculos-electricos-en-5-pasos\/\"},\"author\":{\"name\":\"adsmurai\",\"@id\":\"https:\/\/www.monlau.com\/fp\/#\/schema\/person\/419cfdf054323e24e0a2ef1d8597f051\"},\"headline\":\"C\u00f3mo ser un mec\u00e1nico especializado en veh\u00edculos el\u00e9ctricos en 5 pasos\",\"datePublished\":\"2025-02-12T23:00:00+00:00\",\"dateModified\":\"2026-03-10T09:03:27+00:00\",\"mainEntityOfPage\":{\"@id\":\"https:\/\/www.monlau.com\/fp\/2025\/02\/13\/como-ser-un-mecanico-especializado-en-vehiculos-electricos-en-5-pasos\/\"},\"wordCount\":812,\"publisher\":{\"@id\":\"https:\/\/www.monlau.com\/fp\/#organization\"},\"image\":{\"@id\":\"https:\/\/www.monlau.com\/fp\/2025\/02\/13\/como-ser-un-mecanico-especializado-en-vehiculos-electricos-en-5-pasos\/#primaryimage\"},\"thumbnailUrl\":\"https:\/\/www.monlau.com\/app\/uploads\/sites\/3\/2026\/03\/Foto-monlau-1.0.jpg\",\"articleSection\":[\"Automoci\u00f3n\",\"FP Dual\",\"Monlau\"],\"inLanguage\":\"es\"},{\"@type\":\"WebPage\",\"@id\":\"https:\/\/www.monlau.com\/fp\/2025\/02\/13\/como-ser-un-mecanico-especializado-en-vehiculos-electricos-en-5-pasos\/\",\"url\":\"https:\/\/www.monlau.com\/fp\/2025\/02\/13\/como-ser-un-mecanico-especializado-en-vehiculos-electricos-en-5-pasos\/\",\"name\":\"C\u00f3mo ser un mec\u00e1nico especializado en veh\u00edculos el\u00e9ctricos en 5 pasos - Formaci\u00f3n profesional\",\"isPartOf\":{\"@id\":\"https:\/\/www.monlau.com\/fp\/#website\"},\"primaryImageOfPage\":{\"@id\":\"https:\/\/www.monlau.com\/fp\/2025\/02\/13\/como-ser-un-mecanico-especializado-en-vehiculos-electricos-en-5-pasos\/#primaryimage\"},\"image\":{\"@id\":\"https:\/\/www.monlau.com\/fp\/2025\/02\/13\/como-ser-un-mecanico-especializado-en-vehiculos-electricos-en-5-pasos\/#primaryimage\"},\"thumbnailUrl\":\"https:\/\/www.monlau.com\/app\/uploads\/sites\/3\/2026\/03\/Foto-monlau-1.0.jpg\",\"datePublished\":\"2025-02-12T23:00:00+00:00\",\"dateModified\":\"2026-03-10T09:03:27+00:00\",\"breadcrumb\":{\"@id\":\"https:\/\/www.monlau.com\/fp\/2025\/02\/13\/como-ser-un-mecanico-especializado-en-vehiculos-electricos-en-5-pasos\/#breadcrumb\"},\"inLanguage\":\"es\",\"potentialAction\":[{\"@type\":\"ReadAction\",\"target\":[\"https:\/\/www.monlau.com\/fp\/2025\/02\/13\/como-ser-un-mecanico-especializado-en-vehiculos-electricos-en-5-pasos\/\"]}]},{\"@type\":\"ImageObject\",\"inLanguage\":\"es\",\"@id\":\"https:\/\/www.monlau.com\/fp\/2025\/02\/13\/como-ser-un-mecanico-especializado-en-vehiculos-electricos-en-5-pasos\/#primaryimage\",\"url\":\"https:\/\/www.monlau.com\/app\/uploads\/sites\/3\/2026\/03\/Foto-monlau-1.0.jpg\",\"contentUrl\":\"https:\/\/www.monlau.com\/app\/uploads\/sites\/3\/2026\/03\/Foto-monlau-1.0.jpg\",\"width\":1920,\"height\":1440},{\"@type\":\"BreadcrumbList\",\"@id\":\"https:\/\/www.monlau.com\/fp\/2025\/02\/13\/como-ser-un-mecanico-especializado-en-vehiculos-electricos-en-5-pasos\/#breadcrumb\",\"itemListElement\":[{\"@type\":\"ListItem\",\"position\":1,\"name\":\"Portada\",\"item\":\"https:\/\/www.monlau.com\/fp\/\"},{\"@type\":\"ListItem\",\"position\":2,\"name\":\"C\u00f3mo ser un mec\u00e1nico especializado en veh\u00edculos el\u00e9ctricos en 5 pasos\"}]},{\"@type\":\"WebSite\",\"@id\":\"https:\/\/www.monlau.com\/fp\/#website\",\"url\":\"https:\/\/www.monlau.com\/fp\/\",\"name\":\"Formaci\u00f3n profesional\",\"description\":\"Monlau\",\"publisher\":{\"@id\":\"https:\/\/www.monlau.com\/fp\/#organization\"},\"potentialAction\":[{\"@type\":\"SearchAction\",\"target\":{\"@type\":\"EntryPoint\",\"urlTemplate\":\"https:\/\/www.monlau.com\/fp\/?s={search_term_string}\"},\"query-input\":{\"@type\":\"PropertyValueSpecification\",\"valueRequired\":true,\"valueName\":\"search_term_string\"}}],\"inLanguage\":\"es\"},{\"@type\":\"Organization\",\"@id\":\"https:\/\/www.monlau.com\/fp\/#organization\",\"name\":\"Formaci\u00f3n profesional\",\"url\":\"https:\/\/www.monlau.com\/fp\/\",\"logo\":{\"@type\":\"ImageObject\",\"inLanguage\":\"es\",\"@id\":\"https:\/\/www.monlau.com\/fp\/#\/schema\/logo\/image\/\",\"url\":\"https:\/\/www.monlau.com\/app\/uploads\/sites\/3\/2026\/01\/fp.png\",\"contentUrl\":\"https:\/\/www.monlau.com\/app\/uploads\/sites\/3\/2026\/01\/fp.png\",\"width\":1024,\"height\":878,\"caption\":\"Formaci\u00f3n profesional\"},\"image\":{\"@id\":\"https:\/\/www.monlau.com\/fp\/#\/schema\/logo\/image\/\"}},{\"@type\":\"Person\",\"@id\":\"https:\/\/www.monlau.com\/fp\/#\/schema\/person\/419cfdf054323e24e0a2ef1d8597f051\",\"name\":\"adsmurai\",\"image\":{\"@type\":\"ImageObject\",\"inLanguage\":\"es\",\"@id\":\"https:\/\/secure.gravatar.com\/avatar\/0748788578f91786454454fa3b4c295644edb991ad6caadc70b41d26790d38fc?s=96&d=mm&r=g\",\"url\":\"https:\/\/secure.gravatar.com\/avatar\/0748788578f91786454454fa3b4c295644edb991ad6caadc70b41d26790d38fc?s=96&d=mm&r=g\",\"contentUrl\":\"https:\/\/secure.gravatar.com\/avatar\/0748788578f91786454454fa3b4c295644edb991ad6caadc70b41d26790d38fc?s=96&d=mm&r=g\",\"caption\":\"adsmurai\"},\"sameAs\":[\"https:\/\/www.monlau.com\"],\"url\":\"https:\/\/www.monlau.com\/fp\/author\/adsmurai\/\"}]}<\/script>\n<!-- \/ Yoast SEO plugin. -->","yoast_head_json":{"title":"C\u00f3mo ser un mec\u00e1nico especializado en veh\u00edculos el\u00e9ctricos en 5 pasos - Formaci\u00f3n profesional","robots":{"index":"index","follow":"follow","max-snippet":"max-snippet:-1","max-image-preview":"max-image-preview:large","max-video-preview":"max-video-preview:-1"},"canonical":"https:\/\/www.monlau.com\/fp\/2025\/02\/13\/como-ser-un-mecanico-especializado-en-vehiculos-electricos-en-5-pasos\/","og_locale":"es_ES","og_type":"article","og_title":"C\u00f3mo ser un mec\u00e1nico especializado en veh\u00edculos el\u00e9ctricos en 5 pasos - Formaci\u00f3n profesional","og_description":"\ufe0f El futuro de los mec\u00e1nicos est\u00e1 en lo el\u00e9ctrico Hoy en d\u00eda, la movilidad el\u00e9ctrica est\u00e1 transformando la industria del autom\u00f3vil. Los veh\u00edculos el\u00e9ctricos se est\u00e1n convirtiendo en la opci\u00f3n preferida por su eficiencia y sostenibilidad. Esto ha creado una gran demanda de profesionales especializados en la mec\u00e1nica de veh\u00edculos el\u00e9ctricos. Si est\u00e1s pensando [&hellip;]","og_url":"https:\/\/www.monlau.com\/fp\/2025\/02\/13\/como-ser-un-mecanico-especializado-en-vehiculos-electricos-en-5-pasos\/","og_site_name":"Formaci\u00f3n profesional","article_published_time":"2025-02-12T23:00:00+00:00","article_modified_time":"2026-03-10T09:03:27+00:00","og_image":[{"width":1024,"height":768,"url":"https:\/\/www.monlau.com\/app\/uploads\/sites\/3\/2026\/03\/Foto-monlau-1.0-1024x768.jpg","type":"image\/jpeg"}],"author":"adsmurai","twitter_card":"summary_large_image","twitter_misc":{"Escrito por":"adsmurai","Tiempo de lectura":"4 minutos"},"schema":{"@context":"https:\/\/schema.org","@graph":[{"@type":"Article","@id":"https:\/\/www.monlau.com\/fp\/2025\/02\/13\/como-ser-un-mecanico-especializado-en-vehiculos-electricos-en-5-pasos\/#article","isPartOf":{"@id":"https:\/\/www.monlau.com\/fp\/2025\/02\/13\/como-ser-un-mecanico-especializado-en-vehiculos-electricos-en-5-pasos\/"},"author":{"name":"adsmurai","@id":"https:\/\/www.monlau.com\/fp\/#\/schema\/person\/419cfdf054323e24e0a2ef1d8597f051"},"headline":"C\u00f3mo ser un mec\u00e1nico especializado en veh\u00edculos el\u00e9ctricos en 5 pasos","datePublished":"2025-02-12T23:00:00+00:00","dateModified":"2026-03-10T09:03:27+00:00","mainEntityOfPage":{"@id":"https:\/\/www.monlau.com\/fp\/2025\/02\/13\/como-ser-un-mecanico-especializado-en-vehiculos-electricos-en-5-pasos\/"},"wordCount":812,"publisher":{"@id":"https:\/\/www.monlau.com\/fp\/#organization"},"image":{"@id":"https:\/\/www.monlau.com\/fp\/2025\/02\/13\/como-ser-un-mecanico-especializado-en-vehiculos-electricos-en-5-pasos\/#primaryimage"},"thumbnailUrl":"https:\/\/www.monlau.com\/app\/uploads\/sites\/3\/2026\/03\/Foto-monlau-1.0.jpg","articleSection":["Automoci\u00f3n","FP Dual","Monlau"],"inLanguage":"es"},{"@type":"WebPage","@id":"https:\/\/www.monlau.com\/fp\/2025\/02\/13\/como-ser-un-mecanico-especializado-en-vehiculos-electricos-en-5-pasos\/","url":"https:\/\/www.monlau.com\/fp\/2025\/02\/13\/como-ser-un-mecanico-especializado-en-vehiculos-electricos-en-5-pasos\/","name":"C\u00f3mo ser un mec\u00e1nico especializado en veh\u00edculos el\u00e9ctricos en 5 pasos - Formaci\u00f3n profesional","isPartOf":{"@id":"https:\/\/www.monlau.com\/fp\/#website"},"primaryImageOfPage":{"@id":"https:\/\/www.monlau.com\/fp\/2025\/02\/13\/como-ser-un-mecanico-especializado-en-vehiculos-electricos-en-5-pasos\/#primaryimage"},"image":{"@id":"https:\/\/www.monlau.com\/fp\/2025\/02\/13\/como-ser-un-mecanico-especializado-en-vehiculos-electricos-en-5-pasos\/#primaryimage"},"thumbnailUrl":"https:\/\/www.monlau.com\/app\/uploads\/sites\/3\/2026\/03\/Foto-monlau-1.0.jpg","datePublished":"2025-02-12T23:00:00+00:00","dateModified":"2026-03-10T09:03:27+00:00","breadcrumb":{"@id":"https:\/\/www.monlau.com\/fp\/2025\/02\/13\/como-ser-un-mecanico-especializado-en-vehiculos-electricos-en-5-pasos\/#breadcrumb"},"inLanguage":"es","potentialAction":[{"@type":"ReadAction","target":["https:\/\/www.monlau.com\/fp\/2025\/02\/13\/como-ser-un-mecanico-especializado-en-vehiculos-electricos-en-5-pasos\/"]}]},{"@type":"ImageObject","inLanguage":"es","@id":"https:\/\/www.monlau.com\/fp\/2025\/02\/13\/como-ser-un-mecanico-especializado-en-vehiculos-electricos-en-5-pasos\/#primaryimage","url":"https:\/\/www.monlau.com\/app\/uploads\/sites\/3\/2026\/03\/Foto-monlau-1.0.jpg","contentUrl":"https:\/\/www.monlau.com\/app\/uploads\/sites\/3\/2026\/03\/Foto-monlau-1.0.jpg","width":1920,"height":1440},{"@type":"BreadcrumbList","@id":"https:\/\/www.monlau.com\/fp\/2025\/02\/13\/como-ser-un-mecanico-especializado-en-vehiculos-electricos-en-5-pasos\/#breadcrumb","itemListElement":[{"@type":"ListItem","position":1,"name":"Portada","item":"https:\/\/www.monlau.com\/fp\/"},{"@type":"ListItem","position":2,"name":"C\u00f3mo ser un mec\u00e1nico especializado en veh\u00edculos el\u00e9ctricos en 5 pasos"}]},{"@type":"WebSite","@id":"https:\/\/www.monlau.com\/fp\/#website","url":"https:\/\/www.monlau.com\/fp\/","name":"Formaci\u00f3n profesional","description":"Monlau","publisher":{"@id":"https:\/\/www.monlau.com\/fp\/#organization"},"potentialAction":[{"@type":"SearchAction","target":{"@type":"EntryPoint","urlTemplate":"https:\/\/www.monlau.com\/fp\/?s={search_term_string}"},"query-input":{"@type":"PropertyValueSpecification","valueRequired":true,"valueName":"search_term_string"}}],"inLanguage":"es"},{"@type":"Organization","@id":"https:\/\/www.monlau.com\/fp\/#organization","name":"Formaci\u00f3n profesional","url":"https:\/\/www.monlau.com\/fp\/","logo":{"@type":"ImageObject","inLanguage":"es","@id":"https:\/\/www.monlau.com\/fp\/#\/schema\/logo\/image\/","url":"https:\/\/www.monlau.com\/app\/uploads\/sites\/3\/2026\/01\/fp.png","contentUrl":"https:\/\/www.monlau.com\/app\/uploads\/sites\/3\/2026\/01\/fp.png","width":1024,"height":878,"caption":"Formaci\u00f3n profesional"},"image":{"@id":"https:\/\/www.monlau.com\/fp\/#\/schema\/logo\/image\/"}},{"@type":"Person","@id":"https:\/\/www.monlau.com\/fp\/#\/schema\/person\/419cfdf054323e24e0a2ef1d8597f051","name":"adsmurai","image":{"@type":"ImageObject","inLanguage":"es","@id":"https:\/\/secure.gravatar.com\/avatar\/0748788578f91786454454fa3b4c295644edb991ad6caadc70b41d26790d38fc?s=96&d=mm&r=g","url":"https:\/\/secure.gravatar.com\/avatar\/0748788578f91786454454fa3b4c295644edb991ad6caadc70b41d26790d38fc?s=96&d=mm&r=g","contentUrl":"https:\/\/secure.gravatar.com\/avatar\/0748788578f91786454454fa3b4c295644edb991ad6caadc70b41d26790d38fc?s=96&d=mm&r=g","caption":"adsmurai"},"sameAs":["https:\/\/www.monlau.com"],"url":"https:\/\/www.monlau.com\/fp\/author\/adsmurai\/"}]}},"_links":{"self":[{"href":"https:\/\/www.monlau.com\/fp\/wp-json\/wp\/v2\/posts\/6004","targetHints":{"allow":["GET"]}}],"collection":[{"href":"https:\/\/www.monlau.com\/fp\/wp-json\/wp\/v2\/posts"}],"about":[{"href":"https:\/\/www.monlau.com\/fp\/wp-json\/wp\/v2\/types\/post"}],"author":[{"embeddable":true,"href":"https:\/\/www.monlau.com\/fp\/wp-json\/wp\/v2\/users\/1"}],"replies":[{"embeddable":true,"href":"https:\/\/www.monlau.com\/fp\/wp-json\/wp\/v2\/comments?post=6004"}],"version-history":[{"count":1,"href":"https:\/\/www.monlau.com\/fp\/wp-json\/wp\/v2\/posts\/6004\/revisions"}],"predecessor-version":[{"id":6348,"href":"https:\/\/www.monlau.com\/fp\/wp-json\/wp\/v2\/posts\/6004\/revisions\/6348"}],"wp:featuredmedia":[{"embeddable":true,"href":"https:\/\/www.monlau.com\/fp\/wp-json\/wp\/v2\/media\/3752"}],"wp:attachment":[{"href":"https:\/\/www.monlau.com\/fp\/wp-json\/wp\/v2\/media?parent=6004"}],"wp:term":[{"taxonomy":"category","embeddable":true,"href":"https:\/\/www.monlau.com\/fp\/wp-json\/wp\/v2\/categories?post=6004"},{"taxonomy":"post_tag","embeddable":true,"href":"https:\/\/www.monlau.com\/fp\/wp-json\/wp\/v2\/tags?post=6004"}],"curies":[{"name":"wp","href":"https:\/\/api.w.org\/{rel}","templated":true}]}}