{"id":6003,"date":"2025-01-25T00:00:00","date_gmt":"2025-01-24T23:00:00","guid":{"rendered":"https:\/\/www.monlau.com\/formacion-profesional\/nuevo-acuerdo-de-colaboracion-entre-monlau-y-quadis-impulsando-el-futuro-de-la-formacion-en-automocion\/"},"modified":"2026-03-10T10:03:27","modified_gmt":"2026-03-10T09:03:27","slug":"nuevo-acuerdo-de-colaboracion-entre-monlau-y-quadis-impulsando-el-futuro-de-la-formacion-en-automocion","status":"publish","type":"post","link":"https:\/\/www.monlau.com\/fp\/2025\/01\/25\/nuevo-acuerdo-de-colaboracion-entre-monlau-y-quadis-impulsando-el-futuro-de-la-formacion-en-automocion\/","title":{"rendered":"Nuevo Acuerdo de Colaboraci\u00f3n entre Monlau y QUADIS: Impulsando el Futuro de la Formaci\u00f3n en Automoci\u00f3n"},"content":{"rendered":"<p>En Monlau, estamos comprometidos con la excelencia educativa y el desarrollo del talento de nuestros estudiantes. Hoy nos enorgullece anunciar un paso m\u00e1s en esta misi\u00f3n: hemos firmado un <strong>acuerdo de colaboraci\u00f3n con <a href=\"https:\/\/www.quadis.es\/\">QUADIS<\/a><\/strong>, la mayor red de concesionarios y talleres oficiales de Espa\u00f1a.<\/p>\n<p>Este acuerdo no solo refuerza nuestro compromiso con la formaci\u00f3n t\u00e9cnica de excelencia, sino que tambi\u00e9n abre nuevas oportunidades para que nuestros estudiantes se preparen en entornos reales, de la mano de profesionales del sector. Se trata de una alianza estrat\u00e9gica que permitir\u00e1 a los alumnos de Monlau adquirir una visi\u00f3n integral de la automoci\u00f3n actual y futura.<\/p>\n<p>Gracias a esta colaboraci\u00f3n nace el <strong>Aula QUADIS<\/strong>, un espacio de aprendizaje din\u00e1mico e innovador dise\u00f1ado para potenciar el desarrollo de competencias t\u00e9cnicas y profesionales. Aqu\u00ed, las palabras <strong>Juntos, Futuro y Formaci\u00f3n<\/strong> se convierten en los pilares fundamentales que gu\u00edan cada actividad.<\/p>\n<p>En el <strong>Aula QUADIS<\/strong>, los futuros profesionales del sector tendr\u00e1n acceso a:<\/p>\n<p>\u2705 <strong>Formaci\u00f3n pr\u00e1ctica de alta calidad<\/strong>, basada en las \u00faltimas tecnolog\u00edas y procesos del sector de la automoci\u00f3n.<br \/>\u2705 <strong>Experiencias inmersivas en entornos de trabajo reales<\/strong>, donde podr\u00e1n aplicar sus conocimientos y desarrollar habilidades clave.<br \/>\u2705 <strong>Oportunidades de inserci\u00f3n labora<\/strong>l en una red que representa a m\u00e1s de 30 marcas de autom\u00f3viles y ofrece un servicio integral que abarca venta, posventa y soluciones de movilidad.<\/p>\n<p>Agradecemos a QUADIS por visitar nuestro centro formativo. Este encuentro marca el inicio de una etapa en la que, de manera conjunta, seguiremos<strong> desarrollando y potenciando el talento de j\u00f3venes prometedores<\/strong> que aspiran a incorporarse con \u00e9xito al mercado laboral.<\/p>\n<p>En Monlau, creemos que la mejor forma de preparar a nuestros estudiantes es acerc\u00e1ndolos a la realidad del sector. Y con QUADIS como aliado, estamos seguros de que este objetivo ser\u00e1 a\u00fan m\u00e1s alcanzable.<\/p>\n","protected":false},"excerpt":{"rendered":"<p>En Monlau, estamos comprometidos con la excelencia educativa y el desarrollo del talento de nuestros estudiantes. Hoy nos enorgullece anunciar un paso m\u00e1s en esta misi\u00f3n: hemos firmado un acuerdo de colaboraci\u00f3n con QUADIS, la mayor red de concesionarios y talleres oficiales de Espa\u00f1a. Este acuerdo no solo refuerza nuestro compromiso con la formaci\u00f3n t\u00e9cnica [&hellip;]<\/p>\n","protected":false},"author":1,"featured_media":3750,"comment_status":"closed","ping_status":"closed","sticky":false,"template":"","format":"standard","meta":{"footnotes":""},"categories":[36,57],"tags":[],"class_list":["post-6003","post","type-post","status-publish","format-standard","has-post-thumbnail","hentry","category-automocion","category-monlau"],"yoast_head":"<!-- This site is optimized with the Yoast SEO plugin v27.2 - https:\/\/yoast.com\/product\/yoast-seo-wordpress\/ -->\n<title>Nuevo Acuerdo de Colaboraci\u00f3n entre Monlau y QUADIS: Impulsando el Futuro de la Formaci\u00f3n en Automoci\u00f3n - Formaci\u00f3n profesional<\/title>\n<meta name=\"robots\" content=\"index, follow, max-snippet:-1, max-image-preview:large, max-video-preview:-1\" \/>\n<link rel=\"canonical\" href=\"https:\/\/www.monlau.com\/fp\/2025\/01\/25\/nuevo-acuerdo-de-colaboracion-entre-monlau-y-quadis-impulsando-el-futuro-de-la-formacion-en-automocion\/\" \/>\n<meta property=\"og:locale\" content=\"es_ES\" \/>\n<meta property=\"og:type\" content=\"article\" \/>\n<meta property=\"og:title\" content=\"Nuevo Acuerdo de Colaboraci\u00f3n entre Monlau y QUADIS: Impulsando el Futuro de la Formaci\u00f3n en Automoci\u00f3n - Formaci\u00f3n profesional\" \/>\n<meta property=\"og:description\" content=\"En Monlau, estamos comprometidos con la excelencia educativa y el desarrollo del talento de nuestros estudiantes. Hoy nos enorgullece anunciar un paso m\u00e1s en esta misi\u00f3n: hemos firmado un acuerdo de colaboraci\u00f3n con QUADIS, la mayor red de concesionarios y talleres oficiales de Espa\u00f1a. Este acuerdo no solo refuerza nuestro compromiso con la formaci\u00f3n t\u00e9cnica [&hellip;]\" \/>\n<meta property=\"og:url\" content=\"https:\/\/www.monlau.com\/fp\/2025\/01\/25\/nuevo-acuerdo-de-colaboracion-entre-monlau-y-quadis-impulsando-el-futuro-de-la-formacion-en-automocion\/\" \/>\n<meta property=\"og:site_name\" content=\"Formaci\u00f3n profesional\" \/>\n<meta property=\"article:published_time\" content=\"2025-01-24T23:00:00+00:00\" \/>\n<meta property=\"article:modified_time\" content=\"2026-03-10T09:03:27+00:00\" \/>\n<meta property=\"og:image\" content=\"https:\/\/www.monlau.com\/app\/uploads\/sites\/3\/2026\/03\/Iban-Ventura-y-director-de-QUADIS.jpg\" \/>\n\t<meta property=\"og:image:width\" content=\"1500\" \/>\n\t<meta property=\"og:image:height\" content=\"1000\" \/>\n\t<meta property=\"og:image:type\" content=\"image\/jpeg\" \/>\n<meta name=\"author\" content=\"adsmurai\" \/>\n<meta name=\"twitter:card\" content=\"summary_large_image\" \/>\n<meta name=\"twitter:label1\" content=\"Escrito por\" \/>\n\t<meta name=\"twitter:data1\" content=\"adsmurai\" \/>\n\t<meta name=\"twitter:label2\" content=\"Tiempo de lectura\" \/>\n\t<meta name=\"twitter:data2\" content=\"2 minutos\" \/>\n<script type=\"application\/ld+json\" class=\"yoast-schema-graph\">{\"@context\":\"https:\/\/schema.org\",\"@graph\":[{\"@type\":\"Article\",\"@id\":\"https:\/\/www.monlau.com\/fp\/2025\/01\/25\/nuevo-acuerdo-de-colaboracion-entre-monlau-y-quadis-impulsando-el-futuro-de-la-formacion-en-automocion\/#article\",\"isPartOf\":{\"@id\":\"https:\/\/www.monlau.com\/fp\/2025\/01\/25\/nuevo-acuerdo-de-colaboracion-entre-monlau-y-quadis-impulsando-el-futuro-de-la-formacion-en-automocion\/\"},\"author\":{\"name\":\"adsmurai\",\"@id\":\"https:\/\/www.monlau.com\/fp\/#\/schema\/person\/419cfdf054323e24e0a2ef1d8597f051\"},\"headline\":\"Nuevo Acuerdo de Colaboraci\u00f3n entre Monlau y QUADIS: Impulsando el Futuro de la Formaci\u00f3n en Automoci\u00f3n\",\"datePublished\":\"2025-01-24T23:00:00+00:00\",\"dateModified\":\"2026-03-10T09:03:27+00:00\",\"mainEntityOfPage\":{\"@id\":\"https:\/\/www.monlau.com\/fp\/2025\/01\/25\/nuevo-acuerdo-de-colaboracion-entre-monlau-y-quadis-impulsando-el-futuro-de-la-formacion-en-automocion\/\"},\"wordCount\":339,\"publisher\":{\"@id\":\"https:\/\/www.monlau.com\/fp\/#organization\"},\"image\":{\"@id\":\"https:\/\/www.monlau.com\/fp\/2025\/01\/25\/nuevo-acuerdo-de-colaboracion-entre-monlau-y-quadis-impulsando-el-futuro-de-la-formacion-en-automocion\/#primaryimage\"},\"thumbnailUrl\":\"https:\/\/www.monlau.com\/app\/uploads\/sites\/3\/2026\/03\/Iban-Ventura-y-director-de-QUADIS.jpg\",\"articleSection\":[\"Automoci\u00f3n\",\"Monlau\"],\"inLanguage\":\"es\"},{\"@type\":\"WebPage\",\"@id\":\"https:\/\/www.monlau.com\/fp\/2025\/01\/25\/nuevo-acuerdo-de-colaboracion-entre-monlau-y-quadis-impulsando-el-futuro-de-la-formacion-en-automocion\/\",\"url\":\"https:\/\/www.monlau.com\/fp\/2025\/01\/25\/nuevo-acuerdo-de-colaboracion-entre-monlau-y-quadis-impulsando-el-futuro-de-la-formacion-en-automocion\/\",\"name\":\"Nuevo Acuerdo de Colaboraci\u00f3n entre Monlau y QUADIS: Impulsando el Futuro de la Formaci\u00f3n en Automoci\u00f3n - Formaci\u00f3n profesional\",\"isPartOf\":{\"@id\":\"https:\/\/www.monlau.com\/fp\/#website\"},\"primaryImageOfPage\":{\"@id\":\"https:\/\/www.monlau.com\/fp\/2025\/01\/25\/nuevo-acuerdo-de-colaboracion-entre-monlau-y-quadis-impulsando-el-futuro-de-la-formacion-en-automocion\/#primaryimage\"},\"image\":{\"@id\":\"https:\/\/www.monlau.com\/fp\/2025\/01\/25\/nuevo-acuerdo-de-colaboracion-entre-monlau-y-quadis-impulsando-el-futuro-de-la-formacion-en-automocion\/#primaryimage\"},\"thumbnailUrl\":\"https:\/\/www.monlau.com\/app\/uploads\/sites\/3\/2026\/03\/Iban-Ventura-y-director-de-QUADIS.jpg\",\"datePublished\":\"2025-01-24T23:00:00+00:00\",\"dateModified\":\"2026-03-10T09:03:27+00:00\",\"breadcrumb\":{\"@id\":\"https:\/\/www.monlau.com\/fp\/2025\/01\/25\/nuevo-acuerdo-de-colaboracion-entre-monlau-y-quadis-impulsando-el-futuro-de-la-formacion-en-automocion\/#breadcrumb\"},\"inLanguage\":\"es\",\"potentialAction\":[{\"@type\":\"ReadAction\",\"target\":[\"https:\/\/www.monlau.com\/fp\/2025\/01\/25\/nuevo-acuerdo-de-colaboracion-entre-monlau-y-quadis-impulsando-el-futuro-de-la-formacion-en-automocion\/\"]}]},{\"@type\":\"ImageObject\",\"inLanguage\":\"es\",\"@id\":\"https:\/\/www.monlau.com\/fp\/2025\/01\/25\/nuevo-acuerdo-de-colaboracion-entre-monlau-y-quadis-impulsando-el-futuro-de-la-formacion-en-automocion\/#primaryimage\",\"url\":\"https:\/\/www.monlau.com\/app\/uploads\/sites\/3\/2026\/03\/Iban-Ventura-y-director-de-QUADIS.jpg\",\"contentUrl\":\"https:\/\/www.monlau.com\/app\/uploads\/sites\/3\/2026\/03\/Iban-Ventura-y-director-de-QUADIS.jpg\",\"width\":1500,\"height\":1000},{\"@type\":\"BreadcrumbList\",\"@id\":\"https:\/\/www.monlau.com\/fp\/2025\/01\/25\/nuevo-acuerdo-de-colaboracion-entre-monlau-y-quadis-impulsando-el-futuro-de-la-formacion-en-automocion\/#breadcrumb\",\"itemListElement\":[{\"@type\":\"ListItem\",\"position\":1,\"name\":\"Portada\",\"item\":\"https:\/\/www.monlau.com\/fp\/\"},{\"@type\":\"ListItem\",\"position\":2,\"name\":\"Nuevo Acuerdo de Colaboraci\u00f3n entre Monlau y QUADIS: Impulsando el Futuro de la Formaci\u00f3n en Automoci\u00f3n\"}]},{\"@type\":\"WebSite\",\"@id\":\"https:\/\/www.monlau.com\/fp\/#website\",\"url\":\"https:\/\/www.monlau.com\/fp\/\",\"name\":\"Formaci\u00f3n profesional\",\"description\":\"Monlau\",\"publisher\":{\"@id\":\"https:\/\/www.monlau.com\/fp\/#organization\"},\"potentialAction\":[{\"@type\":\"SearchAction\",\"target\":{\"@type\":\"EntryPoint\",\"urlTemplate\":\"https:\/\/www.monlau.com\/fp\/?s={search_term_string}\"},\"query-input\":{\"@type\":\"PropertyValueSpecification\",\"valueRequired\":true,\"valueName\":\"search_term_string\"}}],\"inLanguage\":\"es\"},{\"@type\":\"Organization\",\"@id\":\"https:\/\/www.monlau.com\/fp\/#organization\",\"name\":\"Formaci\u00f3n profesional\",\"url\":\"https:\/\/www.monlau.com\/fp\/\",\"logo\":{\"@type\":\"ImageObject\",\"inLanguage\":\"es\",\"@id\":\"https:\/\/www.monlau.com\/fp\/#\/schema\/logo\/image\/\",\"url\":\"https:\/\/www.monlau.com\/app\/uploads\/sites\/3\/2026\/01\/fp.png\",\"contentUrl\":\"https:\/\/www.monlau.com\/app\/uploads\/sites\/3\/2026\/01\/fp.png\",\"width\":1024,\"height\":878,\"caption\":\"Formaci\u00f3n profesional\"},\"image\":{\"@id\":\"https:\/\/www.monlau.com\/fp\/#\/schema\/logo\/image\/\"}},{\"@type\":\"Person\",\"@id\":\"https:\/\/www.monlau.com\/fp\/#\/schema\/person\/419cfdf054323e24e0a2ef1d8597f051\",\"name\":\"adsmurai\",\"image\":{\"@type\":\"ImageObject\",\"inLanguage\":\"es\",\"@id\":\"https:\/\/secure.gravatar.com\/avatar\/0748788578f91786454454fa3b4c295644edb991ad6caadc70b41d26790d38fc?s=96&d=mm&r=g\",\"url\":\"https:\/\/secure.gravatar.com\/avatar\/0748788578f91786454454fa3b4c295644edb991ad6caadc70b41d26790d38fc?s=96&d=mm&r=g\",\"contentUrl\":\"https:\/\/secure.gravatar.com\/avatar\/0748788578f91786454454fa3b4c295644edb991ad6caadc70b41d26790d38fc?s=96&d=mm&r=g\",\"caption\":\"adsmurai\"},\"sameAs\":[\"https:\/\/www.monlau.com\"],\"url\":\"https:\/\/www.monlau.com\/fp\/author\/adsmurai\/\"}]}<\/script>\n<!-- \/ Yoast SEO plugin. -->","yoast_head_json":{"title":"Nuevo Acuerdo de Colaboraci\u00f3n entre Monlau y QUADIS: Impulsando el Futuro de la Formaci\u00f3n en Automoci\u00f3n - Formaci\u00f3n profesional","robots":{"index":"index","follow":"follow","max-snippet":"max-snippet:-1","max-image-preview":"max-image-preview:large","max-video-preview":"max-video-preview:-1"},"canonical":"https:\/\/www.monlau.com\/fp\/2025\/01\/25\/nuevo-acuerdo-de-colaboracion-entre-monlau-y-quadis-impulsando-el-futuro-de-la-formacion-en-automocion\/","og_locale":"es_ES","og_type":"article","og_title":"Nuevo Acuerdo de Colaboraci\u00f3n entre Monlau y QUADIS: Impulsando el Futuro de la Formaci\u00f3n en Automoci\u00f3n - Formaci\u00f3n profesional","og_description":"En Monlau, estamos comprometidos con la excelencia educativa y el desarrollo del talento de nuestros estudiantes. Hoy nos enorgullece anunciar un paso m\u00e1s en esta misi\u00f3n: hemos firmado un acuerdo de colaboraci\u00f3n con QUADIS, la mayor red de concesionarios y talleres oficiales de Espa\u00f1a. Este acuerdo no solo refuerza nuestro compromiso con la formaci\u00f3n t\u00e9cnica [&hellip;]","og_url":"https:\/\/www.monlau.com\/fp\/2025\/01\/25\/nuevo-acuerdo-de-colaboracion-entre-monlau-y-quadis-impulsando-el-futuro-de-la-formacion-en-automocion\/","og_site_name":"Formaci\u00f3n profesional","article_published_time":"2025-01-24T23:00:00+00:00","article_modified_time":"2026-03-10T09:03:27+00:00","og_image":[{"width":1500,"height":1000,"url":"https:\/\/www.monlau.com\/app\/uploads\/sites\/3\/2026\/03\/Iban-Ventura-y-director-de-QUADIS.jpg","type":"image\/jpeg"}],"author":"adsmurai","twitter_card":"summary_large_image","twitter_misc":{"Escrito por":"adsmurai","Tiempo de lectura":"2 minutos"},"schema":{"@context":"https:\/\/schema.org","@graph":[{"@type":"Article","@id":"https:\/\/www.monlau.com\/fp\/2025\/01\/25\/nuevo-acuerdo-de-colaboracion-entre-monlau-y-quadis-impulsando-el-futuro-de-la-formacion-en-automocion\/#article","isPartOf":{"@id":"https:\/\/www.monlau.com\/fp\/2025\/01\/25\/nuevo-acuerdo-de-colaboracion-entre-monlau-y-quadis-impulsando-el-futuro-de-la-formacion-en-automocion\/"},"author":{"name":"adsmurai","@id":"https:\/\/www.monlau.com\/fp\/#\/schema\/person\/419cfdf054323e24e0a2ef1d8597f051"},"headline":"Nuevo Acuerdo de Colaboraci\u00f3n entre Monlau y QUADIS: Impulsando el Futuro de la Formaci\u00f3n en Automoci\u00f3n","datePublished":"2025-01-24T23:00:00+00:00","dateModified":"2026-03-10T09:03:27+00:00","mainEntityOfPage":{"@id":"https:\/\/www.monlau.com\/fp\/2025\/01\/25\/nuevo-acuerdo-de-colaboracion-entre-monlau-y-quadis-impulsando-el-futuro-de-la-formacion-en-automocion\/"},"wordCount":339,"publisher":{"@id":"https:\/\/www.monlau.com\/fp\/#organization"},"image":{"@id":"https:\/\/www.monlau.com\/fp\/2025\/01\/25\/nuevo-acuerdo-de-colaboracion-entre-monlau-y-quadis-impulsando-el-futuro-de-la-formacion-en-automocion\/#primaryimage"},"thumbnailUrl":"https:\/\/www.monlau.com\/app\/uploads\/sites\/3\/2026\/03\/Iban-Ventura-y-director-de-QUADIS.jpg","articleSection":["Automoci\u00f3n","Monlau"],"inLanguage":"es"},{"@type":"WebPage","@id":"https:\/\/www.monlau.com\/fp\/2025\/01\/25\/nuevo-acuerdo-de-colaboracion-entre-monlau-y-quadis-impulsando-el-futuro-de-la-formacion-en-automocion\/","url":"https:\/\/www.monlau.com\/fp\/2025\/01\/25\/nuevo-acuerdo-de-colaboracion-entre-monlau-y-quadis-impulsando-el-futuro-de-la-formacion-en-automocion\/","name":"Nuevo Acuerdo de Colaboraci\u00f3n entre Monlau y QUADIS: Impulsando el Futuro de la Formaci\u00f3n en Automoci\u00f3n - Formaci\u00f3n profesional","isPartOf":{"@id":"https:\/\/www.monlau.com\/fp\/#website"},"primaryImageOfPage":{"@id":"https:\/\/www.monlau.com\/fp\/2025\/01\/25\/nuevo-acuerdo-de-colaboracion-entre-monlau-y-quadis-impulsando-el-futuro-de-la-formacion-en-automocion\/#primaryimage"},"image":{"@id":"https:\/\/www.monlau.com\/fp\/2025\/01\/25\/nuevo-acuerdo-de-colaboracion-entre-monlau-y-quadis-impulsando-el-futuro-de-la-formacion-en-automocion\/#primaryimage"},"thumbnailUrl":"https:\/\/www.monlau.com\/app\/uploads\/sites\/3\/2026\/03\/Iban-Ventura-y-director-de-QUADIS.jpg","datePublished":"2025-01-24T23:00:00+00:00","dateModified":"2026-03-10T09:03:27+00:00","breadcrumb":{"@id":"https:\/\/www.monlau.com\/fp\/2025\/01\/25\/nuevo-acuerdo-de-colaboracion-entre-monlau-y-quadis-impulsando-el-futuro-de-la-formacion-en-automocion\/#breadcrumb"},"inLanguage":"es","potentialAction":[{"@type":"ReadAction","target":["https:\/\/www.monlau.com\/fp\/2025\/01\/25\/nuevo-acuerdo-de-colaboracion-entre-monlau-y-quadis-impulsando-el-futuro-de-la-formacion-en-automocion\/"]}]},{"@type":"ImageObject","inLanguage":"es","@id":"https:\/\/www.monlau.com\/fp\/2025\/01\/25\/nuevo-acuerdo-de-colaboracion-entre-monlau-y-quadis-impulsando-el-futuro-de-la-formacion-en-automocion\/#primaryimage","url":"https:\/\/www.monlau.com\/app\/uploads\/sites\/3\/2026\/03\/Iban-Ventura-y-director-de-QUADIS.jpg","contentUrl":"https:\/\/www.monlau.com\/app\/uploads\/sites\/3\/2026\/03\/Iban-Ventura-y-director-de-QUADIS.jpg","width":1500,"height":1000},{"@type":"BreadcrumbList","@id":"https:\/\/www.monlau.com\/fp\/2025\/01\/25\/nuevo-acuerdo-de-colaboracion-entre-monlau-y-quadis-impulsando-el-futuro-de-la-formacion-en-automocion\/#breadcrumb","itemListElement":[{"@type":"ListItem","position":1,"name":"Portada","item":"https:\/\/www.monlau.com\/fp\/"},{"@type":"ListItem","position":2,"name":"Nuevo Acuerdo de Colaboraci\u00f3n entre Monlau y QUADIS: Impulsando el Futuro de la Formaci\u00f3n en Automoci\u00f3n"}]},{"@type":"WebSite","@id":"https:\/\/www.monlau.com\/fp\/#website","url":"https:\/\/www.monlau.com\/fp\/","name":"Formaci\u00f3n profesional","description":"Monlau","publisher":{"@id":"https:\/\/www.monlau.com\/fp\/#organization"},"potentialAction":[{"@type":"SearchAction","target":{"@type":"EntryPoint","urlTemplate":"https:\/\/www.monlau.com\/fp\/?s={search_term_string}"},"query-input":{"@type":"PropertyValueSpecification","valueRequired":true,"valueName":"search_term_string"}}],"inLanguage":"es"},{"@type":"Organization","@id":"https:\/\/www.monlau.com\/fp\/#organization","name":"Formaci\u00f3n profesional","url":"https:\/\/www.monlau.com\/fp\/","logo":{"@type":"ImageObject","inLanguage":"es","@id":"https:\/\/www.monlau.com\/fp\/#\/schema\/logo\/image\/","url":"https:\/\/www.monlau.com\/app\/uploads\/sites\/3\/2026\/01\/fp.png","contentUrl":"https:\/\/www.monlau.com\/app\/uploads\/sites\/3\/2026\/01\/fp.png","width":1024,"height":878,"caption":"Formaci\u00f3n profesional"},"image":{"@id":"https:\/\/www.monlau.com\/fp\/#\/schema\/logo\/image\/"}},{"@type":"Person","@id":"https:\/\/www.monlau.com\/fp\/#\/schema\/person\/419cfdf054323e24e0a2ef1d8597f051","name":"adsmurai","image":{"@type":"ImageObject","inLanguage":"es","@id":"https:\/\/secure.gravatar.com\/avatar\/0748788578f91786454454fa3b4c295644edb991ad6caadc70b41d26790d38fc?s=96&d=mm&r=g","url":"https:\/\/secure.gravatar.com\/avatar\/0748788578f91786454454fa3b4c295644edb991ad6caadc70b41d26790d38fc?s=96&d=mm&r=g","contentUrl":"https:\/\/secure.gravatar.com\/avatar\/0748788578f91786454454fa3b4c295644edb991ad6caadc70b41d26790d38fc?s=96&d=mm&r=g","caption":"adsmurai"},"sameAs":["https:\/\/www.monlau.com"],"url":"https:\/\/www.monlau.com\/fp\/author\/adsmurai\/"}]}},"_links":{"self":[{"href":"https:\/\/www.monlau.com\/fp\/wp-json\/wp\/v2\/posts\/6003","targetHints":{"allow":["GET"]}}],"collection":[{"href":"https:\/\/www.monlau.com\/fp\/wp-json\/wp\/v2\/posts"}],"about":[{"href":"https:\/\/www.monlau.com\/fp\/wp-json\/wp\/v2\/types\/post"}],"author":[{"embeddable":true,"href":"https:\/\/www.monlau.com\/fp\/wp-json\/wp\/v2\/users\/1"}],"replies":[{"embeddable":true,"href":"https:\/\/www.monlau.com\/fp\/wp-json\/wp\/v2\/comments?post=6003"}],"version-history":[{"count":1,"href":"https:\/\/www.monlau.com\/fp\/wp-json\/wp\/v2\/posts\/6003\/revisions"}],"predecessor-version":[{"id":6350,"href":"https:\/\/www.monlau.com\/fp\/wp-json\/wp\/v2\/posts\/6003\/revisions\/6350"}],"wp:featuredmedia":[{"embeddable":true,"href":"https:\/\/www.monlau.com\/fp\/wp-json\/wp\/v2\/media\/3750"}],"wp:attachment":[{"href":"https:\/\/www.monlau.com\/fp\/wp-json\/wp\/v2\/media?parent=6003"}],"wp:term":[{"taxonomy":"category","embeddable":true,"href":"https:\/\/www.monlau.com\/fp\/wp-json\/wp\/v2\/categories?post=6003"},{"taxonomy":"post_tag","embeddable":true,"href":"https:\/\/www.monlau.com\/fp\/wp-json\/wp\/v2\/tags?post=6003"}],"curies":[{"name":"wp","href":"https:\/\/api.w.org\/{rel}","templated":true}]}}