{"id":5997,"date":"2024-12-19T00:00:00","date_gmt":"2024-12-18T23:00:00","guid":{"rendered":"https:\/\/www.monlau.com\/formacion-profesional\/gestion-administrativa-exito-empresarial\/"},"modified":"2026-03-10T10:03:27","modified_gmt":"2026-03-10T09:03:27","slug":"gestion-administrativa-exito-empresarial","status":"publish","type":"post","link":"https:\/\/www.monlau.com\/fp\/2024\/12\/19\/gestion-administrativa-exito-empresarial\/","title":{"rendered":"La clave del \u00e9xito en las empresas en Gesti\u00f3n Administrativa"},"content":{"rendered":"<h2>La Gesti\u00f3n Administrativa, el pilar del \u00e9xito empresarial<\/h2>\n<p>La <strong>Gesti\u00f3n Administrativa<\/strong> se ha convertido en un factor clave para garantizar el \u00e9xito de las empresas modernas. Este perfil profesional combina habilidades t\u00e9cnicas, organizativas y digitales, imprescindibles para el funcionamiento eficiente de cualquier negocio. Si te interesa este campo, programas como los de <strong>Monlau FP Barcelona<\/strong> son una excelente forma de acceder al mundo laboral con las herramientas necesarias para triunfar.<\/p>\n<p>&nbsp;<\/p>\n<h2>\u00bfQu\u00e9 es la Gesti\u00f3n Administrativa y por qu\u00e9 es importante?<\/h2>\n<p>La gesti\u00f3n administrativa abarca procesos fundamentales para que una empresa funcione de manera efectiva, como la organizaci\u00f3n de documentos, la optimizaci\u00f3n de recursos humanos y la gesti\u00f3n financiera. Profesionales formados en <strong>cfgm de GEAD (Gesti\u00f3n Administrativa)<\/strong> tienen las habilidades para coordinar estas tareas, mejorando la fluidez y el rendimiento empresarial.<\/p>\n<p>En ciclos de grado medio como los ofrecidos por <strong>Monlau FP Barcelona<\/strong>, los estudiantes aprenden a liderar estos procesos y a aportar valor en un entorno competitivo.<\/p>\n<p>&nbsp;<\/p>\n<h2>Factores clave del \u00e9xito empresarial<\/h2>\n<ul><\/ul>\n<ul>\n<li><strong>Optimizaci\u00f3n de procesos internos<\/strong><br \/>Una buena administraci\u00f3n asegura que los recursos se utilicen de manera eficiente. Desde la automatizaci\u00f3n de tareas hasta la digitalizaci\u00f3n de documentos, los egresados de Monlau FP est\u00e1n preparados para implementar mejoras que aumentan la productividad.<\/li>\n<li><strong>Gesti\u00f3n financiera y presupuestaria<\/strong><br \/>El control de presupuestos, gastos y flujos de caja es esencial para mantener la estabilidad financiera de las empresas. Los t\u00e9cnicos en administraci\u00f3n formados en Monlau FP aprenden a usar herramientas digitales que facilitan estas tareas.<\/li>\n<li><strong>Comunicaci\u00f3n empresarial efectiva<\/strong><br \/>El t\u00e9cnico en gesti\u00f3n administrativa act\u00faa como enlace entre diferentes departamentos, asegurando una comunicaci\u00f3n clara que mejora la toma de decisiones estrat\u00e9gicas.<\/li>\n<li><strong>Adaptaci\u00f3n a la transformaci\u00f3n digital<\/strong><br \/>En un mundo tecnol\u00f3gico, los profesionales de gesti\u00f3n administrativa destacan por su capacidad para implementar herramientas digitales que optimizan los procesos empresariales, algo muy demandado hoy en d\u00eda.<\/li>\n<\/ul>\n<p>&nbsp;<\/p>\n<h2>Habilidades m\u00e1s valoradas<\/h2>\n<ul>\n<li><strong>Organizaci\u00f3n y planificaci\u00f3n:<\/strong> Son esenciales para coordinar tareas de manera eficiente.<\/li>\n<li><strong>Dominio de herramientas digitales:<\/strong> En Monlau FP se ense\u00f1a software como SAP, <a href=\"https:\/\/www.microsoft.com\/es-es\/microsoft-365\/excel\">Excel<\/a> avanzado y sistemas de gesti\u00f3n documental.<\/li>\n<li><strong>Resoluci\u00f3n de problemas:<\/strong> Los t\u00e9cnicos est\u00e1n preparados para proponer soluciones pr\u00e1cticas ante los desaf\u00edos administrativos.<\/li>\n<li><strong>Adaptabilidad:<\/strong> Ser flexible es clave para adaptarse a los cambios constantes del entorno empresarial.<\/li>\n<\/ul>\n<p>&nbsp;<\/p>\n<h2><span style=\"font-family: Poppins;\"><span class=\"TextRun SCXW83663527 BCX8\" lang=\"ES-ES\" xml_lang=\"ES-ES\" data-contrast=\"auto\"><span class=\"NormalTextRun SCXW83663527 BCX8\">El papel de Monlau FP para formarte en Gesti\u00f3n Administrativa?<\/span><\/span><\/span><\/h2>\n<p>Si quieres formarte como t\u00e9cnico en gesti\u00f3n administrativa, Monlau FP en Barcelona ofrece programas dise\u00f1ados para el \u00e9xito. Este ciclo formativo combina teor\u00eda y pr\u00e1ctica, preparando a los estudiantes para ser indispensables en cualquier organizaci\u00f3n. Adem\u00e1s, la conexi\u00f3n de Monlau FP con empresas locales facilita la realizaci\u00f3n de pr\u00e1cticas y el acceso a empleo tras los estudios.<\/p>\n<p>\u00a0<span style=\"font-family: Poppins;\"><span class=\"TextRun SCXW83663527 BCX8\" lang=\"ES-ES\" xml_lang=\"ES-ES\" data-contrast=\"auto\"><span class=\"NormalTextRun SCXW83663527 BCX8\"><\/span><\/span><\/span><\/p>\n<h2>La Gesti\u00f3n Administrativa Como Elemento Estrat\u00e9gico<\/h2>\n<p>La <strong>Gesti\u00f3n Administrativa<\/strong> no solo es una tarea operativa, sino tambi\u00e9n un componente estrat\u00e9gico que impulsa el \u00e9xito empresarial. Los profesionales formados en ciclos como el <a href=\"https:\/\/www.monlau.com\/formacio-professional\/project\/grado-medio-gestion-administrativa\/\"><strong>cfgm de GEAD en Monlau FP<\/strong><\/a> est\u00e1n preparados para asumir este rol y contribuir al crecimiento de las empresas modernas.<\/p>\n<p>Si buscas una carrera con impacto y posibilidades de crecimiento, considera inscribirte en un grado medio en gesti\u00f3n administrativa en Barcelona. Es el primer paso hacia un futuro lleno de oportunidades.<\/p>\n<p>&nbsp;<\/p>\n","protected":false},"excerpt":{"rendered":"<p>La Gesti\u00f3n Administrativa, el pilar del \u00e9xito empresarial La Gesti\u00f3n Administrativa se ha convertido en un factor clave para garantizar el \u00e9xito de las empresas modernas. Este perfil profesional combina habilidades t\u00e9cnicas, organizativas y digitales, imprescindibles para el funcionamiento eficiente de cualquier negocio. Si te interesa este campo, programas como los de Monlau FP Barcelona [&hellip;]<\/p>\n","protected":false},"author":1,"featured_media":3737,"comment_status":"closed","ping_status":"closed","sticky":false,"template":"","format":"standard","meta":{"footnotes":""},"categories":[32,31,57],"tags":[],"class_list":["post-5997","post","type-post","status-publish","format-standard","has-post-thumbnail","hentry","category-empresa-y-marketing","category-fp-dual","category-monlau"],"yoast_head":"<!-- This site is optimized with the Yoast SEO plugin v27.2 - https:\/\/yoast.com\/product\/yoast-seo-wordpress\/ -->\n<title>La clave del \u00e9xito en las empresas en Gesti\u00f3n Administrativa - Formaci\u00f3n profesional<\/title>\n<meta name=\"robots\" content=\"index, follow, max-snippet:-1, max-image-preview:large, max-video-preview:-1\" \/>\n<link rel=\"canonical\" href=\"https:\/\/www.monlau.com\/fp\/2024\/12\/19\/gestion-administrativa-exito-empresarial\/\" \/>\n<meta property=\"og:locale\" content=\"es_ES\" \/>\n<meta property=\"og:type\" content=\"article\" \/>\n<meta property=\"og:title\" content=\"La clave del \u00e9xito en las empresas en Gesti\u00f3n Administrativa - Formaci\u00f3n profesional\" \/>\n<meta property=\"og:description\" content=\"La Gesti\u00f3n Administrativa, el pilar del \u00e9xito empresarial La Gesti\u00f3n Administrativa se ha convertido en un factor clave para garantizar el \u00e9xito de las empresas modernas. Este perfil profesional combina habilidades t\u00e9cnicas, organizativas y digitales, imprescindibles para el funcionamiento eficiente de cualquier negocio. Si te interesa este campo, programas como los de Monlau FP Barcelona [&hellip;]\" \/>\n<meta property=\"og:url\" content=\"https:\/\/www.monlau.com\/fp\/2024\/12\/19\/gestion-administrativa-exito-empresarial\/\" \/>\n<meta property=\"og:site_name\" content=\"Formaci\u00f3n profesional\" \/>\n<meta property=\"article:published_time\" content=\"2024-12-18T23:00:00+00:00\" \/>\n<meta property=\"article:modified_time\" content=\"2026-03-10T09:03:27+00:00\" \/>\n<meta property=\"og:image\" content=\"https:\/\/www.monlau.com\/app\/uploads\/sites\/3\/2026\/03\/gead-1-scaled-1.jpg\" \/>\n\t<meta property=\"og:image:width\" content=\"2560\" \/>\n\t<meta property=\"og:image:height\" content=\"1920\" \/>\n\t<meta property=\"og:image:type\" content=\"image\/jpeg\" \/>\n<meta name=\"author\" content=\"adsmurai\" \/>\n<meta name=\"twitter:card\" content=\"summary_large_image\" \/>\n<meta name=\"twitter:label1\" content=\"Escrito por\" \/>\n\t<meta name=\"twitter:data1\" content=\"adsmurai\" \/>\n\t<meta name=\"twitter:label2\" content=\"Tiempo de lectura\" \/>\n\t<meta name=\"twitter:data2\" content=\"3 minutos\" \/>\n<script type=\"application\/ld+json\" class=\"yoast-schema-graph\">{\"@context\":\"https:\/\/schema.org\",\"@graph\":[{\"@type\":\"Article\",\"@id\":\"https:\/\/www.monlau.com\/fp\/2024\/12\/19\/gestion-administrativa-exito-empresarial\/#article\",\"isPartOf\":{\"@id\":\"https:\/\/www.monlau.com\/fp\/2024\/12\/19\/gestion-administrativa-exito-empresarial\/\"},\"author\":{\"name\":\"adsmurai\",\"@id\":\"https:\/\/www.monlau.com\/fp\/#\/schema\/person\/419cfdf054323e24e0a2ef1d8597f051\"},\"headline\":\"La clave del \u00e9xito en las empresas en Gesti\u00f3n Administrativa\",\"datePublished\":\"2024-12-18T23:00:00+00:00\",\"dateModified\":\"2026-03-10T09:03:27+00:00\",\"mainEntityOfPage\":{\"@id\":\"https:\/\/www.monlau.com\/fp\/2024\/12\/19\/gestion-administrativa-exito-empresarial\/\"},\"wordCount\":584,\"publisher\":{\"@id\":\"https:\/\/www.monlau.com\/fp\/#organization\"},\"image\":{\"@id\":\"https:\/\/www.monlau.com\/fp\/2024\/12\/19\/gestion-administrativa-exito-empresarial\/#primaryimage\"},\"thumbnailUrl\":\"https:\/\/www.monlau.com\/app\/uploads\/sites\/3\/2026\/03\/gead-1-scaled-1.jpg\",\"articleSection\":[\"Empresa y Marketing\",\"FP Dual\",\"Monlau\"],\"inLanguage\":\"es\"},{\"@type\":\"WebPage\",\"@id\":\"https:\/\/www.monlau.com\/fp\/2024\/12\/19\/gestion-administrativa-exito-empresarial\/\",\"url\":\"https:\/\/www.monlau.com\/fp\/2024\/12\/19\/gestion-administrativa-exito-empresarial\/\",\"name\":\"La clave del \u00e9xito en las empresas en Gesti\u00f3n Administrativa - Formaci\u00f3n profesional\",\"isPartOf\":{\"@id\":\"https:\/\/www.monlau.com\/fp\/#website\"},\"primaryImageOfPage\":{\"@id\":\"https:\/\/www.monlau.com\/fp\/2024\/12\/19\/gestion-administrativa-exito-empresarial\/#primaryimage\"},\"image\":{\"@id\":\"https:\/\/www.monlau.com\/fp\/2024\/12\/19\/gestion-administrativa-exito-empresarial\/#primaryimage\"},\"thumbnailUrl\":\"https:\/\/www.monlau.com\/app\/uploads\/sites\/3\/2026\/03\/gead-1-scaled-1.jpg\",\"datePublished\":\"2024-12-18T23:00:00+00:00\",\"dateModified\":\"2026-03-10T09:03:27+00:00\",\"breadcrumb\":{\"@id\":\"https:\/\/www.monlau.com\/fp\/2024\/12\/19\/gestion-administrativa-exito-empresarial\/#breadcrumb\"},\"inLanguage\":\"es\",\"potentialAction\":[{\"@type\":\"ReadAction\",\"target\":[\"https:\/\/www.monlau.com\/fp\/2024\/12\/19\/gestion-administrativa-exito-empresarial\/\"]}]},{\"@type\":\"ImageObject\",\"inLanguage\":\"es\",\"@id\":\"https:\/\/www.monlau.com\/fp\/2024\/12\/19\/gestion-administrativa-exito-empresarial\/#primaryimage\",\"url\":\"https:\/\/www.monlau.com\/app\/uploads\/sites\/3\/2026\/03\/gead-1-scaled-1.jpg\",\"contentUrl\":\"https:\/\/www.monlau.com\/app\/uploads\/sites\/3\/2026\/03\/gead-1-scaled-1.jpg\",\"width\":2560,\"height\":1920},{\"@type\":\"BreadcrumbList\",\"@id\":\"https:\/\/www.monlau.com\/fp\/2024\/12\/19\/gestion-administrativa-exito-empresarial\/#breadcrumb\",\"itemListElement\":[{\"@type\":\"ListItem\",\"position\":1,\"name\":\"Portada\",\"item\":\"https:\/\/www.monlau.com\/fp\/\"},{\"@type\":\"ListItem\",\"position\":2,\"name\":\"La clave del \u00e9xito en las empresas en Gesti\u00f3n Administrativa\"}]},{\"@type\":\"WebSite\",\"@id\":\"https:\/\/www.monlau.com\/fp\/#website\",\"url\":\"https:\/\/www.monlau.com\/fp\/\",\"name\":\"Formaci\u00f3n profesional\",\"description\":\"Monlau\",\"publisher\":{\"@id\":\"https:\/\/www.monlau.com\/fp\/#organization\"},\"potentialAction\":[{\"@type\":\"SearchAction\",\"target\":{\"@type\":\"EntryPoint\",\"urlTemplate\":\"https:\/\/www.monlau.com\/fp\/?s={search_term_string}\"},\"query-input\":{\"@type\":\"PropertyValueSpecification\",\"valueRequired\":true,\"valueName\":\"search_term_string\"}}],\"inLanguage\":\"es\"},{\"@type\":\"Organization\",\"@id\":\"https:\/\/www.monlau.com\/fp\/#organization\",\"name\":\"Formaci\u00f3n profesional\",\"url\":\"https:\/\/www.monlau.com\/fp\/\",\"logo\":{\"@type\":\"ImageObject\",\"inLanguage\":\"es\",\"@id\":\"https:\/\/www.monlau.com\/fp\/#\/schema\/logo\/image\/\",\"url\":\"https:\/\/www.monlau.com\/app\/uploads\/sites\/3\/2026\/01\/fp.png\",\"contentUrl\":\"https:\/\/www.monlau.com\/app\/uploads\/sites\/3\/2026\/01\/fp.png\",\"width\":1024,\"height\":878,\"caption\":\"Formaci\u00f3n profesional\"},\"image\":{\"@id\":\"https:\/\/www.monlau.com\/fp\/#\/schema\/logo\/image\/\"}},{\"@type\":\"Person\",\"@id\":\"https:\/\/www.monlau.com\/fp\/#\/schema\/person\/419cfdf054323e24e0a2ef1d8597f051\",\"name\":\"adsmurai\",\"image\":{\"@type\":\"ImageObject\",\"inLanguage\":\"es\",\"@id\":\"https:\/\/secure.gravatar.com\/avatar\/0748788578f91786454454fa3b4c295644edb991ad6caadc70b41d26790d38fc?s=96&d=mm&r=g\",\"url\":\"https:\/\/secure.gravatar.com\/avatar\/0748788578f91786454454fa3b4c295644edb991ad6caadc70b41d26790d38fc?s=96&d=mm&r=g\",\"contentUrl\":\"https:\/\/secure.gravatar.com\/avatar\/0748788578f91786454454fa3b4c295644edb991ad6caadc70b41d26790d38fc?s=96&d=mm&r=g\",\"caption\":\"adsmurai\"},\"sameAs\":[\"https:\/\/www.monlau.com\"],\"url\":\"https:\/\/www.monlau.com\/fp\/author\/adsmurai\/\"}]}<\/script>\n<!-- \/ Yoast SEO plugin. -->","yoast_head_json":{"title":"La clave del \u00e9xito en las empresas en Gesti\u00f3n Administrativa - Formaci\u00f3n profesional","robots":{"index":"index","follow":"follow","max-snippet":"max-snippet:-1","max-image-preview":"max-image-preview:large","max-video-preview":"max-video-preview:-1"},"canonical":"https:\/\/www.monlau.com\/fp\/2024\/12\/19\/gestion-administrativa-exito-empresarial\/","og_locale":"es_ES","og_type":"article","og_title":"La clave del \u00e9xito en las empresas en Gesti\u00f3n Administrativa - Formaci\u00f3n profesional","og_description":"La Gesti\u00f3n Administrativa, el pilar del \u00e9xito empresarial La Gesti\u00f3n Administrativa se ha convertido en un factor clave para garantizar el \u00e9xito de las empresas modernas. Este perfil profesional combina habilidades t\u00e9cnicas, organizativas y digitales, imprescindibles para el funcionamiento eficiente de cualquier negocio. Si te interesa este campo, programas como los de Monlau FP Barcelona [&hellip;]","og_url":"https:\/\/www.monlau.com\/fp\/2024\/12\/19\/gestion-administrativa-exito-empresarial\/","og_site_name":"Formaci\u00f3n profesional","article_published_time":"2024-12-18T23:00:00+00:00","article_modified_time":"2026-03-10T09:03:27+00:00","og_image":[{"width":2560,"height":1920,"url":"https:\/\/www.monlau.com\/app\/uploads\/sites\/3\/2026\/03\/gead-1-scaled-1.jpg","type":"image\/jpeg"}],"author":"adsmurai","twitter_card":"summary_large_image","twitter_misc":{"Escrito por":"adsmurai","Tiempo de lectura":"3 minutos"},"schema":{"@context":"https:\/\/schema.org","@graph":[{"@type":"Article","@id":"https:\/\/www.monlau.com\/fp\/2024\/12\/19\/gestion-administrativa-exito-empresarial\/#article","isPartOf":{"@id":"https:\/\/www.monlau.com\/fp\/2024\/12\/19\/gestion-administrativa-exito-empresarial\/"},"author":{"name":"adsmurai","@id":"https:\/\/www.monlau.com\/fp\/#\/schema\/person\/419cfdf054323e24e0a2ef1d8597f051"},"headline":"La clave del \u00e9xito en las empresas en Gesti\u00f3n Administrativa","datePublished":"2024-12-18T23:00:00+00:00","dateModified":"2026-03-10T09:03:27+00:00","mainEntityOfPage":{"@id":"https:\/\/www.monlau.com\/fp\/2024\/12\/19\/gestion-administrativa-exito-empresarial\/"},"wordCount":584,"publisher":{"@id":"https:\/\/www.monlau.com\/fp\/#organization"},"image":{"@id":"https:\/\/www.monlau.com\/fp\/2024\/12\/19\/gestion-administrativa-exito-empresarial\/#primaryimage"},"thumbnailUrl":"https:\/\/www.monlau.com\/app\/uploads\/sites\/3\/2026\/03\/gead-1-scaled-1.jpg","articleSection":["Empresa y Marketing","FP Dual","Monlau"],"inLanguage":"es"},{"@type":"WebPage","@id":"https:\/\/www.monlau.com\/fp\/2024\/12\/19\/gestion-administrativa-exito-empresarial\/","url":"https:\/\/www.monlau.com\/fp\/2024\/12\/19\/gestion-administrativa-exito-empresarial\/","name":"La clave del \u00e9xito en las empresas en Gesti\u00f3n Administrativa - Formaci\u00f3n profesional","isPartOf":{"@id":"https:\/\/www.monlau.com\/fp\/#website"},"primaryImageOfPage":{"@id":"https:\/\/www.monlau.com\/fp\/2024\/12\/19\/gestion-administrativa-exito-empresarial\/#primaryimage"},"image":{"@id":"https:\/\/www.monlau.com\/fp\/2024\/12\/19\/gestion-administrativa-exito-empresarial\/#primaryimage"},"thumbnailUrl":"https:\/\/www.monlau.com\/app\/uploads\/sites\/3\/2026\/03\/gead-1-scaled-1.jpg","datePublished":"2024-12-18T23:00:00+00:00","dateModified":"2026-03-10T09:03:27+00:00","breadcrumb":{"@id":"https:\/\/www.monlau.com\/fp\/2024\/12\/19\/gestion-administrativa-exito-empresarial\/#breadcrumb"},"inLanguage":"es","potentialAction":[{"@type":"ReadAction","target":["https:\/\/www.monlau.com\/fp\/2024\/12\/19\/gestion-administrativa-exito-empresarial\/"]}]},{"@type":"ImageObject","inLanguage":"es","@id":"https:\/\/www.monlau.com\/fp\/2024\/12\/19\/gestion-administrativa-exito-empresarial\/#primaryimage","url":"https:\/\/www.monlau.com\/app\/uploads\/sites\/3\/2026\/03\/gead-1-scaled-1.jpg","contentUrl":"https:\/\/www.monlau.com\/app\/uploads\/sites\/3\/2026\/03\/gead-1-scaled-1.jpg","width":2560,"height":1920},{"@type":"BreadcrumbList","@id":"https:\/\/www.monlau.com\/fp\/2024\/12\/19\/gestion-administrativa-exito-empresarial\/#breadcrumb","itemListElement":[{"@type":"ListItem","position":1,"name":"Portada","item":"https:\/\/www.monlau.com\/fp\/"},{"@type":"ListItem","position":2,"name":"La clave del \u00e9xito en las empresas en Gesti\u00f3n Administrativa"}]},{"@type":"WebSite","@id":"https:\/\/www.monlau.com\/fp\/#website","url":"https:\/\/www.monlau.com\/fp\/","name":"Formaci\u00f3n profesional","description":"Monlau","publisher":{"@id":"https:\/\/www.monlau.com\/fp\/#organization"},"potentialAction":[{"@type":"SearchAction","target":{"@type":"EntryPoint","urlTemplate":"https:\/\/www.monlau.com\/fp\/?s={search_term_string}"},"query-input":{"@type":"PropertyValueSpecification","valueRequired":true,"valueName":"search_term_string"}}],"inLanguage":"es"},{"@type":"Organization","@id":"https:\/\/www.monlau.com\/fp\/#organization","name":"Formaci\u00f3n profesional","url":"https:\/\/www.monlau.com\/fp\/","logo":{"@type":"ImageObject","inLanguage":"es","@id":"https:\/\/www.monlau.com\/fp\/#\/schema\/logo\/image\/","url":"https:\/\/www.monlau.com\/app\/uploads\/sites\/3\/2026\/01\/fp.png","contentUrl":"https:\/\/www.monlau.com\/app\/uploads\/sites\/3\/2026\/01\/fp.png","width":1024,"height":878,"caption":"Formaci\u00f3n profesional"},"image":{"@id":"https:\/\/www.monlau.com\/fp\/#\/schema\/logo\/image\/"}},{"@type":"Person","@id":"https:\/\/www.monlau.com\/fp\/#\/schema\/person\/419cfdf054323e24e0a2ef1d8597f051","name":"adsmurai","image":{"@type":"ImageObject","inLanguage":"es","@id":"https:\/\/secure.gravatar.com\/avatar\/0748788578f91786454454fa3b4c295644edb991ad6caadc70b41d26790d38fc?s=96&d=mm&r=g","url":"https:\/\/secure.gravatar.com\/avatar\/0748788578f91786454454fa3b4c295644edb991ad6caadc70b41d26790d38fc?s=96&d=mm&r=g","contentUrl":"https:\/\/secure.gravatar.com\/avatar\/0748788578f91786454454fa3b4c295644edb991ad6caadc70b41d26790d38fc?s=96&d=mm&r=g","caption":"adsmurai"},"sameAs":["https:\/\/www.monlau.com"],"url":"https:\/\/www.monlau.com\/fp\/author\/adsmurai\/"}]}},"_links":{"self":[{"href":"https:\/\/www.monlau.com\/fp\/wp-json\/wp\/v2\/posts\/5997","targetHints":{"allow":["GET"]}}],"collection":[{"href":"https:\/\/www.monlau.com\/fp\/wp-json\/wp\/v2\/posts"}],"about":[{"href":"https:\/\/www.monlau.com\/fp\/wp-json\/wp\/v2\/types\/post"}],"author":[{"embeddable":true,"href":"https:\/\/www.monlau.com\/fp\/wp-json\/wp\/v2\/users\/1"}],"replies":[{"embeddable":true,"href":"https:\/\/www.monlau.com\/fp\/wp-json\/wp\/v2\/comments?post=5997"}],"version-history":[{"count":1,"href":"https:\/\/www.monlau.com\/fp\/wp-json\/wp\/v2\/posts\/5997\/revisions"}],"predecessor-version":[{"id":6358,"href":"https:\/\/www.monlau.com\/fp\/wp-json\/wp\/v2\/posts\/5997\/revisions\/6358"}],"wp:featuredmedia":[{"embeddable":true,"href":"https:\/\/www.monlau.com\/fp\/wp-json\/wp\/v2\/media\/3737"}],"wp:attachment":[{"href":"https:\/\/www.monlau.com\/fp\/wp-json\/wp\/v2\/media?parent=5997"}],"wp:term":[{"taxonomy":"category","embeddable":true,"href":"https:\/\/www.monlau.com\/fp\/wp-json\/wp\/v2\/categories?post=5997"},{"taxonomy":"post_tag","embeddable":true,"href":"https:\/\/www.monlau.com\/fp\/wp-json\/wp\/v2\/tags?post=5997"}],"curies":[{"name":"wp","href":"https:\/\/api.w.org\/{rel}","templated":true}]}}