{"id":5996,"date":"2024-12-19T00:00:00","date_gmt":"2024-12-18T23:00:00","guid":{"rendered":"https:\/\/www.monlau.com\/formacion-profesional\/las-salidas-laborales-mas-demandadas-en-gestion-administrativa\/"},"modified":"2026-03-10T10:03:27","modified_gmt":"2026-03-10T09:03:27","slug":"las-salidas-laborales-mas-demandadas-en-gestion-administrativa","status":"publish","type":"post","link":"https:\/\/www.monlau.com\/fp\/2024\/12\/19\/las-salidas-laborales-mas-demandadas-en-gestion-administrativa\/","title":{"rendered":"Las salidas laborales m\u00e1s demandadas en Gesti\u00f3n Administrativa"},"content":{"rendered":"<h2>La Gesti\u00f3n Administrativa como pilar del \u00e9xito empresarial<\/h2>\n<p>La <strong>Gesti\u00f3n Administrativa<\/strong> sigue siendo una pieza clave en el \u00e9xito de las empresas. Este sector ofrece grandes oportunidades, tanto en peque\u00f1as como en grandes organizaciones, gracias a su relevancia en el d\u00eda a d\u00eda del negocio. Si est\u00e1s considerando entrar en este mundo, un <strong>ciclo formativo de Grado Superior en Gesti\u00f3n Administrativa (GEAD)<\/strong> como el de Monlau FP Barcelona puede ser una excelente forma de construir tu futuro profesional.<\/p>\n<p>&nbsp;<\/p>\n<h2>Razones para elegir esta carrera profesional<\/h2>\n<p>Los t\u00e9cnicos administrativos tienen un rol esencial en tareas como contabilidad, gesti\u00f3n de documentos o recursos humanos. Adem\u00e1s, las empresas buscan personas con habilidades organizativas y dominio de herramientas digitales. La formaci\u00f3n en Monlau FP prepara a los estudiantes para destacar en estas \u00e1reas clave.<\/p>\n<p>&nbsp;<\/p>\n<h2>Opciones profesionales en Gesti\u00f3n Administrativa<\/h2>\n<ul>\n<li data-leveltext=\"%1.\" data-font=\"\" data-listid=\"1\" data-list-defn-props=\"{&quot;335552541&quot;:0,&quot;335559685&quot;:720,&quot;335559991&quot;:360,&quot;469769242&quot;:[65533,0],&quot;469777803&quot;:&quot;left&quot;,&quot;469777804&quot;:&quot;%1.&quot;,&quot;469777815&quot;:&quot;multilevel&quot;}\" aria-setsize=\"-1\" data-aria-posinset=\"1\" data-aria-level=\"1\"><span style=\"font-family: Poppins; font-weight: normal;\"><strong>Auxiliar Administrativo<\/strong><br \/>Este es uno de los puestos m\u00e1s habituales en este campo. Incluye tareas como la organizaci\u00f3n de documentos y la atenci\u00f3n al cliente. Profesionales formados en Monlau FP tienen las herramientas para cubrir este rol con eficacia.<\/span><\/li>\n<\/ul>\n<ul>\n<li data-leveltext=\"%1.\" data-font=\"\" data-listid=\"1\" data-list-defn-props=\"{&quot;335552541&quot;:0,&quot;335559685&quot;:720,&quot;335559991&quot;:360,&quot;469769242&quot;:[65533,0],&quot;469777803&quot;:&quot;left&quot;,&quot;469777804&quot;:&quot;%1.&quot;,&quot;469777815&quot;:&quot;multilevel&quot;}\" aria-setsize=\"-1\" data-aria-posinset=\"2\" data-aria-level=\"1\"><span style=\"font-family: Poppins; font-weight: normal;\"><b>Responsable de Facturaci\u00f3n<\/b><br \/>Con la digitalizaci\u00f3n, este puesto implica el uso de sistemas para registrar transacciones de manera m\u00e1s r\u00e1pida y segura..<br \/><\/span><\/li>\n<\/ul>\n<ul>\n<li data-leveltext=\"%1.\" data-font=\"\" data-listid=\"1\" data-list-defn-props=\"{&quot;335552541&quot;:0,&quot;335559685&quot;:720,&quot;335559991&quot;:360,&quot;469769242&quot;:[65533,0],&quot;469777803&quot;:&quot;left&quot;,&quot;469777804&quot;:&quot;%1.&quot;,&quot;469777815&quot;:&quot;multilevel&quot;}\" aria-setsize=\"-1\" data-aria-posinset=\"3\" data-aria-level=\"1\"><span style=\"font-family: Poppins; font-weight: normal;\"><strong>T\u00e9cnico en gesti\u00f3n de recursos humanos<\/strong><br \/>Desde contratos laborales hasta la gesti\u00f3n de n\u00f3minas, este rol es una combinaci\u00f3n de habilidades administrativas y organizativas.<br \/><\/span><\/li>\n<\/ul>\n<ul>\n<li data-leveltext=\"%1.\" data-font=\"\" data-listid=\"1\" data-list-defn-props=\"{&quot;335552541&quot;:0,&quot;335559685&quot;:720,&quot;335559991&quot;:360,&quot;469769242&quot;:[65533,0],&quot;469777803&quot;:&quot;left&quot;,&quot;469777804&quot;:&quot;%1.&quot;,&quot;469777815&quot;:&quot;multilevel&quot;}\" aria-setsize=\"-1\" data-aria-posinset=\"4\" data-aria-level=\"1\"><span style=\"font-family: Poppins; font-weight: normal;\"><b>Gestor de atenci\u00f3n al cliente<\/b><br \/>La interacci\u00f3n efectiva con los clientes es vital para cualquier empresa. Los t\u00e9cnicos en administraci\u00f3n formados tienen las habilidades necesarias para este trabajo.<br \/><\/span><\/li>\n<\/ul>\n<ul>\n<li data-leveltext=\"%1.\" data-font=\"\" data-listid=\"1\" data-list-defn-props=\"{&quot;335552541&quot;:0,&quot;335559685&quot;:720,&quot;335559991&quot;:360,&quot;469769242&quot;:[65533,0],&quot;469777803&quot;:&quot;left&quot;,&quot;469777804&quot;:&quot;%1.&quot;,&quot;469777815&quot;:&quot;multilevel&quot;}\" aria-setsize=\"-1\" data-aria-posinset=\"5\" data-aria-level=\"1\"><span style=\"font-family: Poppins; font-weight: normal;\"><b>Gestor de proyectos administrativos<\/b><br \/>En empresas m\u00e1s grandes, este rol estrat\u00e9gico incluye mejorar procesos internos relacionados con la administraci\u00f3n.<br \/><\/span><\/li>\n<\/ul>\n<p>&nbsp;<\/p>\n<h2>Habilidades clave para destacar<\/h2>\n<p><span style=\"font-family: Poppins;\">Para sobresalir en el mercado laboral, las empresas buscan t\u00e9cnicos con las siguientes competencias<\/span><span style=\"font-family: Poppins;\"><\/span><\/p>\n<ul>\n<li><span style=\"font-family: Poppins;\"><span class=\"TextRun SCXW83663527 BCX8\" lang=\"ES-ES\" xml_lang=\"ES-ES\" data-contrast=\"auto\"><span class=\"NormalTextRun SCXW83663527 BCX8\"><strong>Manejo de herramientas digitales:<\/strong> Centros como Monlau, ense\u00f1an softwares clave como SAP, <a href=\"https:\/\/www.microsoft.com\/es-es\/microsoft-365\/microsoft-office\">Microsoft Office<\/a> y aplicaciones de facturaci\u00f3n.<\/span><\/span><\/span><\/li>\n<li><span style=\"font-family: Poppins;\"><span class=\"TextRun SCXW83663527 BCX8\" lang=\"ES-ES\" xml_lang=\"ES-ES\" data-contrast=\"auto\"><span class=\"NormalTextRun SCXW83663527 BCX8\"><strong>Organizaci\u00f3n y planificaci\u00f3n<\/strong>: Estas habilidades ayudan a gestionar el flujo de trabajo de manera eficiente.<\/span><\/span><\/span><\/li>\n<li><span style=\"font-family: Poppins;\"><span class=\"TextRun SCXW83663527 BCX8\" lang=\"ES-ES\" xml_lang=\"ES-ES\" data-contrast=\"auto\"><span class=\"NormalTextRun SCXW83663527 BCX8\"><strong>Resoluci\u00f3n de problemas:<\/strong> La capacidad de resolver situaciones complejas muy valoradad.<\/span><\/span><\/span><\/li>\n<li><span style=\"font-family: Poppins;\"><span class=\"TextRun SCXW83663527 BCX8\" lang=\"ES-ES\" xml_lang=\"ES-ES\" data-contrast=\"auto\"><span class=\"NormalTextRun SCXW83663527 BCX8\"><strong>Adaptabilidad y flexibilidad:<\/strong> Es esencial poder trabajar en diferentes sectores empresariales.<\/span><\/span><\/span><\/li>\n<\/ul>\n<h2><span style=\"font-family: Poppins;\"><span class=\"TextRun SCXW83663527 BCX8\" lang=\"ES-ES\" xml_lang=\"ES-ES\" data-contrast=\"auto\"><span class=\"NormalTextRun SCXW83663527 BCX8\">\u00bfPor qu\u00e9 elegir Monlau FP para formarte en Gesti\u00f3n Administrativa?<\/span><\/span><\/span><\/h2>\n<p><span style=\"font-family: Poppins;\"><span class=\"TextRun SCXW83663527 BCX8\" lang=\"ES-ES\" xml_lang=\"ES-ES\" data-contrast=\"auto\"><span class=\"NormalTextRun SCXW83663527 BCX8\">Si est\u00e1s buscando un ciclo formativo de grado medio en Gesti\u00f3n Administrativa en Barcelona, Monlau FP es una excelente opci\u00f3n. Combinamos teor\u00eda con pr\u00e1ctica y esta dise\u00f1ado para responder a las demandas del mercado laboral. Adem\u00e1s, su red de contactos facilita la inserci\u00f3n laboral al finalizar el curso.<\/span><\/span><\/span><\/p>\n<p><span style=\"font-family: Poppins;\"><span class=\"TextRun SCXW83663527 BCX8\" lang=\"ES-ES\" xml_lang=\"ES-ES\" data-contrast=\"auto\"><span class=\"NormalTextRun SCXW83663527 BCX8\"><\/span><\/span><\/span><\/p>\n<h2>Un futuro brillante en Gesti\u00f3n Administrativa<\/h2>\n<p><span style=\"font-family: Poppins; font-weight: normal;\">La Gesti\u00f3n Administrativa no solo tiene alta demanda, sino que tambi\u00e9n es un sector din\u00e1mico con un gran potencial de crecimiento. Estudiar un <a href=\"https:\/\/www.monlau.com\/formacio-professional\/project\/grado-medio-gestion-administrativa\/\"><strong>grado medio en Gesti\u00f3n Administrativa<\/strong><\/a> en Barcelona, como el que ofrece Monlau FP, te dar\u00e1 acceso a un abanico de oportunidades laborales y te permitir\u00e1 contribuir al \u00e9xito de cualquier empresa. Si buscas una carrera con estabilidad y muchas opciones de desarrollo, este es el momento perfecto para empezar.<\/span><\/p>\n<p>&nbsp;<\/p>\n","protected":false},"excerpt":{"rendered":"<p>La Gesti\u00f3n Administrativa como pilar del \u00e9xito empresarial La Gesti\u00f3n Administrativa sigue siendo una pieza clave en el \u00e9xito de las empresas. Este sector ofrece grandes oportunidades, tanto en peque\u00f1as como en grandes organizaciones, gracias a su relevancia en el d\u00eda a d\u00eda del negocio. Si est\u00e1s considerando entrar en este mundo, un ciclo formativo [&hellip;]<\/p>\n","protected":false},"author":1,"featured_media":3736,"comment_status":"closed","ping_status":"closed","sticky":false,"template":"","format":"standard","meta":{"footnotes":""},"categories":[32,31,57],"tags":[],"class_list":["post-5996","post","type-post","status-publish","format-standard","has-post-thumbnail","hentry","category-empresa-y-marketing","category-fp-dual","category-monlau"],"yoast_head":"<!-- This site is optimized with the Yoast SEO plugin v27.2 - https:\/\/yoast.com\/product\/yoast-seo-wordpress\/ -->\n<title>Las salidas laborales m\u00e1s demandadas en Gesti\u00f3n Administrativa - Formaci\u00f3n profesional<\/title>\n<meta name=\"robots\" content=\"index, follow, max-snippet:-1, max-image-preview:large, max-video-preview:-1\" \/>\n<link rel=\"canonical\" href=\"https:\/\/www.monlau.com\/fp\/2024\/12\/19\/las-salidas-laborales-mas-demandadas-en-gestion-administrativa\/\" \/>\n<meta property=\"og:locale\" content=\"es_ES\" \/>\n<meta property=\"og:type\" content=\"article\" \/>\n<meta property=\"og:title\" content=\"Las salidas laborales m\u00e1s demandadas en Gesti\u00f3n Administrativa - Formaci\u00f3n profesional\" \/>\n<meta property=\"og:description\" content=\"La Gesti\u00f3n Administrativa como pilar del \u00e9xito empresarial La Gesti\u00f3n Administrativa sigue siendo una pieza clave en el \u00e9xito de las empresas. Este sector ofrece grandes oportunidades, tanto en peque\u00f1as como en grandes organizaciones, gracias a su relevancia en el d\u00eda a d\u00eda del negocio. Si est\u00e1s considerando entrar en este mundo, un ciclo formativo [&hellip;]\" \/>\n<meta property=\"og:url\" content=\"https:\/\/www.monlau.com\/fp\/2024\/12\/19\/las-salidas-laborales-mas-demandadas-en-gestion-administrativa\/\" \/>\n<meta property=\"og:site_name\" content=\"Formaci\u00f3n profesional\" \/>\n<meta property=\"article:published_time\" content=\"2024-12-18T23:00:00+00:00\" \/>\n<meta property=\"article:modified_time\" content=\"2026-03-10T09:03:27+00:00\" \/>\n<meta property=\"og:image\" content=\"https:\/\/www.monlau.com\/app\/uploads\/sites\/3\/2026\/03\/gead-2-scaled-1.jpg\" \/>\n\t<meta property=\"og:image:width\" content=\"2560\" \/>\n\t<meta property=\"og:image:height\" content=\"1920\" \/>\n\t<meta property=\"og:image:type\" content=\"image\/jpeg\" \/>\n<meta name=\"author\" content=\"adsmurai\" \/>\n<meta name=\"twitter:card\" content=\"summary_large_image\" \/>\n<meta name=\"twitter:label1\" content=\"Escrito por\" \/>\n\t<meta name=\"twitter:data1\" content=\"adsmurai\" \/>\n\t<meta name=\"twitter:label2\" content=\"Tiempo de lectura\" \/>\n\t<meta name=\"twitter:data2\" content=\"3 minutos\" \/>\n<script type=\"application\/ld+json\" class=\"yoast-schema-graph\">{\"@context\":\"https:\/\/schema.org\",\"@graph\":[{\"@type\":\"Article\",\"@id\":\"https:\/\/www.monlau.com\/fp\/2024\/12\/19\/las-salidas-laborales-mas-demandadas-en-gestion-administrativa\/#article\",\"isPartOf\":{\"@id\":\"https:\/\/www.monlau.com\/fp\/2024\/12\/19\/las-salidas-laborales-mas-demandadas-en-gestion-administrativa\/\"},\"author\":{\"name\":\"adsmurai\",\"@id\":\"https:\/\/www.monlau.com\/fp\/#\/schema\/person\/419cfdf054323e24e0a2ef1d8597f051\"},\"headline\":\"Las salidas laborales m\u00e1s demandadas en Gesti\u00f3n Administrativa\",\"datePublished\":\"2024-12-18T23:00:00+00:00\",\"dateModified\":\"2026-03-10T09:03:27+00:00\",\"mainEntityOfPage\":{\"@id\":\"https:\/\/www.monlau.com\/fp\/2024\/12\/19\/las-salidas-laborales-mas-demandadas-en-gestion-administrativa\/\"},\"wordCount\":540,\"publisher\":{\"@id\":\"https:\/\/www.monlau.com\/fp\/#organization\"},\"image\":{\"@id\":\"https:\/\/www.monlau.com\/fp\/2024\/12\/19\/las-salidas-laborales-mas-demandadas-en-gestion-administrativa\/#primaryimage\"},\"thumbnailUrl\":\"https:\/\/www.monlau.com\/app\/uploads\/sites\/3\/2026\/03\/gead-2-scaled-1.jpg\",\"articleSection\":[\"Empresa y Marketing\",\"FP Dual\",\"Monlau\"],\"inLanguage\":\"es\"},{\"@type\":\"WebPage\",\"@id\":\"https:\/\/www.monlau.com\/fp\/2024\/12\/19\/las-salidas-laborales-mas-demandadas-en-gestion-administrativa\/\",\"url\":\"https:\/\/www.monlau.com\/fp\/2024\/12\/19\/las-salidas-laborales-mas-demandadas-en-gestion-administrativa\/\",\"name\":\"Las salidas laborales m\u00e1s demandadas en Gesti\u00f3n Administrativa - Formaci\u00f3n profesional\",\"isPartOf\":{\"@id\":\"https:\/\/www.monlau.com\/fp\/#website\"},\"primaryImageOfPage\":{\"@id\":\"https:\/\/www.monlau.com\/fp\/2024\/12\/19\/las-salidas-laborales-mas-demandadas-en-gestion-administrativa\/#primaryimage\"},\"image\":{\"@id\":\"https:\/\/www.monlau.com\/fp\/2024\/12\/19\/las-salidas-laborales-mas-demandadas-en-gestion-administrativa\/#primaryimage\"},\"thumbnailUrl\":\"https:\/\/www.monlau.com\/app\/uploads\/sites\/3\/2026\/03\/gead-2-scaled-1.jpg\",\"datePublished\":\"2024-12-18T23:00:00+00:00\",\"dateModified\":\"2026-03-10T09:03:27+00:00\",\"breadcrumb\":{\"@id\":\"https:\/\/www.monlau.com\/fp\/2024\/12\/19\/las-salidas-laborales-mas-demandadas-en-gestion-administrativa\/#breadcrumb\"},\"inLanguage\":\"es\",\"potentialAction\":[{\"@type\":\"ReadAction\",\"target\":[\"https:\/\/www.monlau.com\/fp\/2024\/12\/19\/las-salidas-laborales-mas-demandadas-en-gestion-administrativa\/\"]}]},{\"@type\":\"ImageObject\",\"inLanguage\":\"es\",\"@id\":\"https:\/\/www.monlau.com\/fp\/2024\/12\/19\/las-salidas-laborales-mas-demandadas-en-gestion-administrativa\/#primaryimage\",\"url\":\"https:\/\/www.monlau.com\/app\/uploads\/sites\/3\/2026\/03\/gead-2-scaled-1.jpg\",\"contentUrl\":\"https:\/\/www.monlau.com\/app\/uploads\/sites\/3\/2026\/03\/gead-2-scaled-1.jpg\",\"width\":2560,\"height\":1920},{\"@type\":\"BreadcrumbList\",\"@id\":\"https:\/\/www.monlau.com\/fp\/2024\/12\/19\/las-salidas-laborales-mas-demandadas-en-gestion-administrativa\/#breadcrumb\",\"itemListElement\":[{\"@type\":\"ListItem\",\"position\":1,\"name\":\"Portada\",\"item\":\"https:\/\/www.monlau.com\/fp\/\"},{\"@type\":\"ListItem\",\"position\":2,\"name\":\"Las salidas laborales m\u00e1s demandadas en Gesti\u00f3n Administrativa\"}]},{\"@type\":\"WebSite\",\"@id\":\"https:\/\/www.monlau.com\/fp\/#website\",\"url\":\"https:\/\/www.monlau.com\/fp\/\",\"name\":\"Formaci\u00f3n profesional\",\"description\":\"Monlau\",\"publisher\":{\"@id\":\"https:\/\/www.monlau.com\/fp\/#organization\"},\"potentialAction\":[{\"@type\":\"SearchAction\",\"target\":{\"@type\":\"EntryPoint\",\"urlTemplate\":\"https:\/\/www.monlau.com\/fp\/?s={search_term_string}\"},\"query-input\":{\"@type\":\"PropertyValueSpecification\",\"valueRequired\":true,\"valueName\":\"search_term_string\"}}],\"inLanguage\":\"es\"},{\"@type\":\"Organization\",\"@id\":\"https:\/\/www.monlau.com\/fp\/#organization\",\"name\":\"Formaci\u00f3n profesional\",\"url\":\"https:\/\/www.monlau.com\/fp\/\",\"logo\":{\"@type\":\"ImageObject\",\"inLanguage\":\"es\",\"@id\":\"https:\/\/www.monlau.com\/fp\/#\/schema\/logo\/image\/\",\"url\":\"https:\/\/www.monlau.com\/app\/uploads\/sites\/3\/2026\/01\/fp.png\",\"contentUrl\":\"https:\/\/www.monlau.com\/app\/uploads\/sites\/3\/2026\/01\/fp.png\",\"width\":1024,\"height\":878,\"caption\":\"Formaci\u00f3n profesional\"},\"image\":{\"@id\":\"https:\/\/www.monlau.com\/fp\/#\/schema\/logo\/image\/\"}},{\"@type\":\"Person\",\"@id\":\"https:\/\/www.monlau.com\/fp\/#\/schema\/person\/419cfdf054323e24e0a2ef1d8597f051\",\"name\":\"adsmurai\",\"image\":{\"@type\":\"ImageObject\",\"inLanguage\":\"es\",\"@id\":\"https:\/\/secure.gravatar.com\/avatar\/0748788578f91786454454fa3b4c295644edb991ad6caadc70b41d26790d38fc?s=96&d=mm&r=g\",\"url\":\"https:\/\/secure.gravatar.com\/avatar\/0748788578f91786454454fa3b4c295644edb991ad6caadc70b41d26790d38fc?s=96&d=mm&r=g\",\"contentUrl\":\"https:\/\/secure.gravatar.com\/avatar\/0748788578f91786454454fa3b4c295644edb991ad6caadc70b41d26790d38fc?s=96&d=mm&r=g\",\"caption\":\"adsmurai\"},\"sameAs\":[\"https:\/\/www.monlau.com\"],\"url\":\"https:\/\/www.monlau.com\/fp\/author\/adsmurai\/\"}]}<\/script>\n<!-- \/ Yoast SEO plugin. -->","yoast_head_json":{"title":"Las salidas laborales m\u00e1s demandadas en Gesti\u00f3n Administrativa - Formaci\u00f3n profesional","robots":{"index":"index","follow":"follow","max-snippet":"max-snippet:-1","max-image-preview":"max-image-preview:large","max-video-preview":"max-video-preview:-1"},"canonical":"https:\/\/www.monlau.com\/fp\/2024\/12\/19\/las-salidas-laborales-mas-demandadas-en-gestion-administrativa\/","og_locale":"es_ES","og_type":"article","og_title":"Las salidas laborales m\u00e1s demandadas en Gesti\u00f3n Administrativa - Formaci\u00f3n profesional","og_description":"La Gesti\u00f3n Administrativa como pilar del \u00e9xito empresarial La Gesti\u00f3n Administrativa sigue siendo una pieza clave en el \u00e9xito de las empresas. Este sector ofrece grandes oportunidades, tanto en peque\u00f1as como en grandes organizaciones, gracias a su relevancia en el d\u00eda a d\u00eda del negocio. Si est\u00e1s considerando entrar en este mundo, un ciclo formativo [&hellip;]","og_url":"https:\/\/www.monlau.com\/fp\/2024\/12\/19\/las-salidas-laborales-mas-demandadas-en-gestion-administrativa\/","og_site_name":"Formaci\u00f3n profesional","article_published_time":"2024-12-18T23:00:00+00:00","article_modified_time":"2026-03-10T09:03:27+00:00","og_image":[{"width":2560,"height":1920,"url":"https:\/\/www.monlau.com\/app\/uploads\/sites\/3\/2026\/03\/gead-2-scaled-1.jpg","type":"image\/jpeg"}],"author":"adsmurai","twitter_card":"summary_large_image","twitter_misc":{"Escrito por":"adsmurai","Tiempo de lectura":"3 minutos"},"schema":{"@context":"https:\/\/schema.org","@graph":[{"@type":"Article","@id":"https:\/\/www.monlau.com\/fp\/2024\/12\/19\/las-salidas-laborales-mas-demandadas-en-gestion-administrativa\/#article","isPartOf":{"@id":"https:\/\/www.monlau.com\/fp\/2024\/12\/19\/las-salidas-laborales-mas-demandadas-en-gestion-administrativa\/"},"author":{"name":"adsmurai","@id":"https:\/\/www.monlau.com\/fp\/#\/schema\/person\/419cfdf054323e24e0a2ef1d8597f051"},"headline":"Las salidas laborales m\u00e1s demandadas en Gesti\u00f3n Administrativa","datePublished":"2024-12-18T23:00:00+00:00","dateModified":"2026-03-10T09:03:27+00:00","mainEntityOfPage":{"@id":"https:\/\/www.monlau.com\/fp\/2024\/12\/19\/las-salidas-laborales-mas-demandadas-en-gestion-administrativa\/"},"wordCount":540,"publisher":{"@id":"https:\/\/www.monlau.com\/fp\/#organization"},"image":{"@id":"https:\/\/www.monlau.com\/fp\/2024\/12\/19\/las-salidas-laborales-mas-demandadas-en-gestion-administrativa\/#primaryimage"},"thumbnailUrl":"https:\/\/www.monlau.com\/app\/uploads\/sites\/3\/2026\/03\/gead-2-scaled-1.jpg","articleSection":["Empresa y Marketing","FP Dual","Monlau"],"inLanguage":"es"},{"@type":"WebPage","@id":"https:\/\/www.monlau.com\/fp\/2024\/12\/19\/las-salidas-laborales-mas-demandadas-en-gestion-administrativa\/","url":"https:\/\/www.monlau.com\/fp\/2024\/12\/19\/las-salidas-laborales-mas-demandadas-en-gestion-administrativa\/","name":"Las salidas laborales m\u00e1s demandadas en Gesti\u00f3n Administrativa - Formaci\u00f3n profesional","isPartOf":{"@id":"https:\/\/www.monlau.com\/fp\/#website"},"primaryImageOfPage":{"@id":"https:\/\/www.monlau.com\/fp\/2024\/12\/19\/las-salidas-laborales-mas-demandadas-en-gestion-administrativa\/#primaryimage"},"image":{"@id":"https:\/\/www.monlau.com\/fp\/2024\/12\/19\/las-salidas-laborales-mas-demandadas-en-gestion-administrativa\/#primaryimage"},"thumbnailUrl":"https:\/\/www.monlau.com\/app\/uploads\/sites\/3\/2026\/03\/gead-2-scaled-1.jpg","datePublished":"2024-12-18T23:00:00+00:00","dateModified":"2026-03-10T09:03:27+00:00","breadcrumb":{"@id":"https:\/\/www.monlau.com\/fp\/2024\/12\/19\/las-salidas-laborales-mas-demandadas-en-gestion-administrativa\/#breadcrumb"},"inLanguage":"es","potentialAction":[{"@type":"ReadAction","target":["https:\/\/www.monlau.com\/fp\/2024\/12\/19\/las-salidas-laborales-mas-demandadas-en-gestion-administrativa\/"]}]},{"@type":"ImageObject","inLanguage":"es","@id":"https:\/\/www.monlau.com\/fp\/2024\/12\/19\/las-salidas-laborales-mas-demandadas-en-gestion-administrativa\/#primaryimage","url":"https:\/\/www.monlau.com\/app\/uploads\/sites\/3\/2026\/03\/gead-2-scaled-1.jpg","contentUrl":"https:\/\/www.monlau.com\/app\/uploads\/sites\/3\/2026\/03\/gead-2-scaled-1.jpg","width":2560,"height":1920},{"@type":"BreadcrumbList","@id":"https:\/\/www.monlau.com\/fp\/2024\/12\/19\/las-salidas-laborales-mas-demandadas-en-gestion-administrativa\/#breadcrumb","itemListElement":[{"@type":"ListItem","position":1,"name":"Portada","item":"https:\/\/www.monlau.com\/fp\/"},{"@type":"ListItem","position":2,"name":"Las salidas laborales m\u00e1s demandadas en Gesti\u00f3n Administrativa"}]},{"@type":"WebSite","@id":"https:\/\/www.monlau.com\/fp\/#website","url":"https:\/\/www.monlau.com\/fp\/","name":"Formaci\u00f3n profesional","description":"Monlau","publisher":{"@id":"https:\/\/www.monlau.com\/fp\/#organization"},"potentialAction":[{"@type":"SearchAction","target":{"@type":"EntryPoint","urlTemplate":"https:\/\/www.monlau.com\/fp\/?s={search_term_string}"},"query-input":{"@type":"PropertyValueSpecification","valueRequired":true,"valueName":"search_term_string"}}],"inLanguage":"es"},{"@type":"Organization","@id":"https:\/\/www.monlau.com\/fp\/#organization","name":"Formaci\u00f3n profesional","url":"https:\/\/www.monlau.com\/fp\/","logo":{"@type":"ImageObject","inLanguage":"es","@id":"https:\/\/www.monlau.com\/fp\/#\/schema\/logo\/image\/","url":"https:\/\/www.monlau.com\/app\/uploads\/sites\/3\/2026\/01\/fp.png","contentUrl":"https:\/\/www.monlau.com\/app\/uploads\/sites\/3\/2026\/01\/fp.png","width":1024,"height":878,"caption":"Formaci\u00f3n profesional"},"image":{"@id":"https:\/\/www.monlau.com\/fp\/#\/schema\/logo\/image\/"}},{"@type":"Person","@id":"https:\/\/www.monlau.com\/fp\/#\/schema\/person\/419cfdf054323e24e0a2ef1d8597f051","name":"adsmurai","image":{"@type":"ImageObject","inLanguage":"es","@id":"https:\/\/secure.gravatar.com\/avatar\/0748788578f91786454454fa3b4c295644edb991ad6caadc70b41d26790d38fc?s=96&d=mm&r=g","url":"https:\/\/secure.gravatar.com\/avatar\/0748788578f91786454454fa3b4c295644edb991ad6caadc70b41d26790d38fc?s=96&d=mm&r=g","contentUrl":"https:\/\/secure.gravatar.com\/avatar\/0748788578f91786454454fa3b4c295644edb991ad6caadc70b41d26790d38fc?s=96&d=mm&r=g","caption":"adsmurai"},"sameAs":["https:\/\/www.monlau.com"],"url":"https:\/\/www.monlau.com\/fp\/author\/adsmurai\/"}]}},"_links":{"self":[{"href":"https:\/\/www.monlau.com\/fp\/wp-json\/wp\/v2\/posts\/5996","targetHints":{"allow":["GET"]}}],"collection":[{"href":"https:\/\/www.monlau.com\/fp\/wp-json\/wp\/v2\/posts"}],"about":[{"href":"https:\/\/www.monlau.com\/fp\/wp-json\/wp\/v2\/types\/post"}],"author":[{"embeddable":true,"href":"https:\/\/www.monlau.com\/fp\/wp-json\/wp\/v2\/users\/1"}],"replies":[{"embeddable":true,"href":"https:\/\/www.monlau.com\/fp\/wp-json\/wp\/v2\/comments?post=5996"}],"version-history":[{"count":1,"href":"https:\/\/www.monlau.com\/fp\/wp-json\/wp\/v2\/posts\/5996\/revisions"}],"predecessor-version":[{"id":6357,"href":"https:\/\/www.monlau.com\/fp\/wp-json\/wp\/v2\/posts\/5996\/revisions\/6357"}],"wp:featuredmedia":[{"embeddable":true,"href":"https:\/\/www.monlau.com\/fp\/wp-json\/wp\/v2\/media\/3736"}],"wp:attachment":[{"href":"https:\/\/www.monlau.com\/fp\/wp-json\/wp\/v2\/media?parent=5996"}],"wp:term":[{"taxonomy":"category","embeddable":true,"href":"https:\/\/www.monlau.com\/fp\/wp-json\/wp\/v2\/categories?post=5996"},{"taxonomy":"post_tag","embeddable":true,"href":"https:\/\/www.monlau.com\/fp\/wp-json\/wp\/v2\/tags?post=5996"}],"curies":[{"name":"wp","href":"https:\/\/api.w.org\/{rel}","templated":true}]}}