{"id":5992,"date":"2025-01-08T00:00:00","date_gmt":"2025-01-07T23:00:00","guid":{"rendered":"https:\/\/www.monlau.com\/formacion-profesional\/autel-equipataller-y-monlau-hacen-un-pacto-para-impulsar-la-fp\/"},"modified":"2026-03-23T16:45:09","modified_gmt":"2026-03-23T15:45:09","slug":"autel-equipataller-y-monlau-hacen-un-pacto-para-impulsar-la-fp","status":"publish","type":"post","link":"https:\/\/www.monlau.com\/fp\/2025\/01\/08\/autel-equipataller-y-monlau-hacen-un-pacto-para-impulsar-la-fp\/","title":{"rendered":"Autel Equipataller y Monlau hacen un pacto para impulsar la FP."},"content":{"rendered":"<p><span style=\"font-size: xx-large;\">Grupo Monlau y Autel Equipataller firman un acuerdo para beneficiar al alumnado con tecnolog\u00eda avanzada<\/span><\/p>\n<ul>\n<li>Grupo Monlau y Autel Equipataller han firmado un acuerdo para que los dispositivos de inspecci\u00f3n de aver\u00edas que lance la marca sean usados por el alumnado de Monlau tan pronto est\u00e9n disponibles. Este convenio representa un paso importante en la formaci\u00f3n de futuros profesionales del sector.<\/li>\n<li>El Grupo Monlau, con m\u00e1s de 40 a\u00f1os de experiencia en formaci\u00f3n t\u00e9cnica, es el centro educativo en posventa de autom\u00f3viles con m\u00e1s estudiantes en Europa. Hasta ahora, ha ayudado a m\u00e1s de 80.000 personas a obtener una titulaci\u00f3n oficial.<\/li>\n<li>Por otro lado, Autel Equipataller colabora con Monlau para que los Grados Medios, Grados Superiores y M\u00e1steres de Formaci\u00f3n Profesional incorporen conocimientos pr\u00e1cticos. Esto incluye herramientas y procesos que ya utilizan los talleres mec\u00e1nicos. Sin duda, esta asociaci\u00f3n facilita que los estudiantes trabajen con soluciones avanzadas y confiables desde el inicio de su formaci\u00f3n.<\/li>\n<\/ul>\n<p style=\"text-align: right;\">Barcelona, 13 de diciembre de 2024<\/p>\n<p>El alumnado de Monlau tendr\u00e1 acceso a tecnolog\u00eda avanzada de diagnosis inteligente gracias a <strong><a href=\"https:\/\/auteliberica.es\/\">Autel Equipataller<\/a><\/strong>. Los dispositivos m\u00e1s innovadores para detectar aver\u00edas en veh\u00edculos estar\u00e1n disponibles en las aultas tan pronto lleguen al mercado.<\/p>\n<p>Durante los \u00faltimos a\u00f1os, Monlau ya hab\u00eda integrado dispositivos profesionales de Autel, ampliamente usados en talleres de todo el mundo para inspeccionar motores. Ahora, con esta renovaci\u00f3n de herramientas, los futuros mec\u00e1nicos y mec\u00e1nicas tendr\u00e1n la oportunidad de aprender a manejar tecnolog\u00edas complejas en una etapa temprana de su desarrollo.<\/p>\n<p>El convenio fue firmado por el director general del Grupo Monlau, Iban Ventura, el gerente de Autel Equipataller, Rosendo Pous, y la directora de Administraci\u00f3n de Autel Equipataller, Fina Soldado. Tambi\u00e9n particip\u00f3 Carlos Salazar, director del \u00e1rea de Monlau Automoci\u00f3n. Este acuerdo refuerza la colaboraci\u00f3n entre ambas entidades.<\/p>\n<p><strong>Taller Autel Equipataller en Monlau<br \/>\n<\/strong>Adem\u00e1s, como parte de esta asociaci\u00f3n, uno de los talleres de electricidad de Monlau pasar\u00e1 a llamarse <strong>Taller Autel Equipataller<\/strong>. Este espacio estar\u00e1 dise\u00f1ado para fomentar la colaboraci\u00f3n y promover la creaci\u00f3n de proyectos conjuntos entre estudiantes y expertos.<\/p>\n<p>Por \u00faltimo, Iban Ventura agradeci\u00f3 a Autel Equipataller su compromiso con la mejora de la formaci\u00f3n t\u00e9cnica. Esta alianza, seg\u00fan explic\u00f3, ser\u00e1 clave para preparar mejor a los futuros profesionales del sector automotriz.<\/p>\n","protected":false},"excerpt":{"rendered":"<p>Grupo Monlau y Autel Equipataller firman un acuerdo para beneficiar al alumnado con tecnolog\u00eda avanzada Grupo Monlau y Autel Equipataller han firmado un acuerdo para que los dispositivos de inspecci\u00f3n de aver\u00edas que lance la marca sean usados por el alumnado de Monlau tan pronto est\u00e9n disponibles. Este convenio representa un paso importante en la [&hellip;]<\/p>\n","protected":false},"author":1,"featured_media":3726,"comment_status":"closed","ping_status":"closed","sticky":false,"template":"","format":"standard","meta":{"footnotes":""},"categories":[36,31,57,71],"tags":[],"class_list":["post-5992","post","type-post","status-publish","format-standard","has-post-thumbnail","hentry","category-automocion","category-fp-dual","category-monlau","category-sin-categorizar"],"yoast_head":"<!-- This site is optimized with the Yoast SEO plugin v27.2 - https:\/\/yoast.com\/product\/yoast-seo-wordpress\/ -->\n<title>Autel Equipataller y Monlau hacen un pacto para impulsar la FP. - Formaci\u00f3n profesional<\/title>\n<meta name=\"description\" content=\"El alumnado de Monlau tendr\u00e1 acceso a la tecnolog\u00eda m\u00e1s avanzada de diagnosis inteligente gracias a Autel Equipataller\" \/>\n<meta name=\"robots\" content=\"index, follow, max-snippet:-1, max-image-preview:large, max-video-preview:-1\" \/>\n<link rel=\"canonical\" href=\"https:\/\/www.monlau.com\/fp\/2025\/01\/08\/autel-equipataller-y-monlau-hacen-un-pacto-para-impulsar-la-fp\/\" \/>\n<meta property=\"og:locale\" content=\"es_ES\" \/>\n<meta property=\"og:type\" content=\"article\" \/>\n<meta property=\"og:title\" content=\"Autel Equipataller y Monlau hacen un pacto para impulsar la FP. - Formaci\u00f3n profesional\" \/>\n<meta property=\"og:description\" content=\"El alumnado de Monlau tendr\u00e1 acceso a la tecnolog\u00eda m\u00e1s avanzada de diagnosis inteligente gracias a Autel Equipataller\" \/>\n<meta property=\"og:url\" content=\"https:\/\/www.monlau.com\/fp\/2025\/01\/08\/autel-equipataller-y-monlau-hacen-un-pacto-para-impulsar-la-fp\/\" \/>\n<meta property=\"og:site_name\" content=\"Formaci\u00f3n profesional\" \/>\n<meta property=\"article:published_time\" content=\"2025-01-07T23:00:00+00:00\" \/>\n<meta property=\"article:modified_time\" content=\"2026-03-23T15:45:09+00:00\" \/>\n<meta property=\"og:image\" content=\"https:\/\/www.monlau.com\/app\/uploads\/sites\/3\/2026\/03\/IMG_4014-scaled-1.jpg\" \/>\n\t<meta property=\"og:image:width\" content=\"2560\" \/>\n\t<meta property=\"og:image:height\" content=\"1707\" \/>\n\t<meta property=\"og:image:type\" content=\"image\/jpeg\" \/>\n<meta name=\"author\" content=\"adsmurai\" \/>\n<meta name=\"twitter:card\" content=\"summary_large_image\" \/>\n<meta name=\"twitter:label1\" content=\"Escrito por\" \/>\n\t<meta name=\"twitter:data1\" content=\"adsmurai\" \/>\n\t<meta name=\"twitter:label2\" content=\"Tiempo de lectura\" \/>\n\t<meta name=\"twitter:data2\" content=\"2 minutos\" \/>\n<script type=\"application\/ld+json\" class=\"yoast-schema-graph\">{\"@context\":\"https:\/\/schema.org\",\"@graph\":[{\"@type\":\"Article\",\"@id\":\"https:\/\/www.monlau.com\/fp\/2025\/01\/08\/autel-equipataller-y-monlau-hacen-un-pacto-para-impulsar-la-fp\/#article\",\"isPartOf\":{\"@id\":\"https:\/\/www.monlau.com\/fp\/2025\/01\/08\/autel-equipataller-y-monlau-hacen-un-pacto-para-impulsar-la-fp\/\"},\"author\":{\"name\":\"adsmurai\",\"@id\":\"https:\/\/www.monlau.com\/fp\/#\/schema\/person\/419cfdf054323e24e0a2ef1d8597f051\"},\"headline\":\"Autel Equipataller y Monlau hacen un pacto para impulsar la FP.\",\"datePublished\":\"2025-01-07T23:00:00+00:00\",\"dateModified\":\"2026-03-23T15:45:09+00:00\",\"mainEntityOfPage\":{\"@id\":\"https:\/\/www.monlau.com\/fp\/2025\/01\/08\/autel-equipataller-y-monlau-hacen-un-pacto-para-impulsar-la-fp\/\"},\"wordCount\":421,\"publisher\":{\"@id\":\"https:\/\/www.monlau.com\/fp\/#organization\"},\"image\":{\"@id\":\"https:\/\/www.monlau.com\/fp\/2025\/01\/08\/autel-equipataller-y-monlau-hacen-un-pacto-para-impulsar-la-fp\/#primaryimage\"},\"thumbnailUrl\":\"https:\/\/www.monlau.com\/app\/uploads\/sites\/3\/2026\/03\/IMG_4014-scaled-1.jpg\",\"articleSection\":[\"Automoci\u00f3n\",\"FP Dual\",\"Monlau\",\"Sin categorizar\"],\"inLanguage\":\"es\"},{\"@type\":\"WebPage\",\"@id\":\"https:\/\/www.monlau.com\/fp\/2025\/01\/08\/autel-equipataller-y-monlau-hacen-un-pacto-para-impulsar-la-fp\/\",\"url\":\"https:\/\/www.monlau.com\/fp\/2025\/01\/08\/autel-equipataller-y-monlau-hacen-un-pacto-para-impulsar-la-fp\/\",\"name\":\"Autel Equipataller y Monlau hacen un pacto para impulsar la FP. - Formaci\u00f3n profesional\",\"isPartOf\":{\"@id\":\"https:\/\/www.monlau.com\/fp\/#website\"},\"primaryImageOfPage\":{\"@id\":\"https:\/\/www.monlau.com\/fp\/2025\/01\/08\/autel-equipataller-y-monlau-hacen-un-pacto-para-impulsar-la-fp\/#primaryimage\"},\"image\":{\"@id\":\"https:\/\/www.monlau.com\/fp\/2025\/01\/08\/autel-equipataller-y-monlau-hacen-un-pacto-para-impulsar-la-fp\/#primaryimage\"},\"thumbnailUrl\":\"https:\/\/www.monlau.com\/app\/uploads\/sites\/3\/2026\/03\/IMG_4014-scaled-1.jpg\",\"datePublished\":\"2025-01-07T23:00:00+00:00\",\"dateModified\":\"2026-03-23T15:45:09+00:00\",\"description\":\"El alumnado de Monlau tendr\u00e1 acceso a la tecnolog\u00eda m\u00e1s avanzada de diagnosis inteligente gracias a Autel Equipataller\",\"breadcrumb\":{\"@id\":\"https:\/\/www.monlau.com\/fp\/2025\/01\/08\/autel-equipataller-y-monlau-hacen-un-pacto-para-impulsar-la-fp\/#breadcrumb\"},\"inLanguage\":\"es\",\"potentialAction\":[{\"@type\":\"ReadAction\",\"target\":[\"https:\/\/www.monlau.com\/fp\/2025\/01\/08\/autel-equipataller-y-monlau-hacen-un-pacto-para-impulsar-la-fp\/\"]}]},{\"@type\":\"ImageObject\",\"inLanguage\":\"es\",\"@id\":\"https:\/\/www.monlau.com\/fp\/2025\/01\/08\/autel-equipataller-y-monlau-hacen-un-pacto-para-impulsar-la-fp\/#primaryimage\",\"url\":\"https:\/\/www.monlau.com\/app\/uploads\/sites\/3\/2026\/03\/IMG_4014-scaled-1.jpg\",\"contentUrl\":\"https:\/\/www.monlau.com\/app\/uploads\/sites\/3\/2026\/03\/IMG_4014-scaled-1.jpg\",\"width\":2560,\"height\":1707},{\"@type\":\"BreadcrumbList\",\"@id\":\"https:\/\/www.monlau.com\/fp\/2025\/01\/08\/autel-equipataller-y-monlau-hacen-un-pacto-para-impulsar-la-fp\/#breadcrumb\",\"itemListElement\":[{\"@type\":\"ListItem\",\"position\":1,\"name\":\"Portada\",\"item\":\"https:\/\/www.monlau.com\/fp\/\"},{\"@type\":\"ListItem\",\"position\":2,\"name\":\"Autel Equipataller y Monlau hacen un pacto para impulsar la FP.\"}]},{\"@type\":\"WebSite\",\"@id\":\"https:\/\/www.monlau.com\/fp\/#website\",\"url\":\"https:\/\/www.monlau.com\/fp\/\",\"name\":\"Formaci\u00f3n profesional\",\"description\":\"Monlau\",\"publisher\":{\"@id\":\"https:\/\/www.monlau.com\/fp\/#organization\"},\"potentialAction\":[{\"@type\":\"SearchAction\",\"target\":{\"@type\":\"EntryPoint\",\"urlTemplate\":\"https:\/\/www.monlau.com\/fp\/?s={search_term_string}\"},\"query-input\":{\"@type\":\"PropertyValueSpecification\",\"valueRequired\":true,\"valueName\":\"search_term_string\"}}],\"inLanguage\":\"es\"},{\"@type\":\"Organization\",\"@id\":\"https:\/\/www.monlau.com\/fp\/#organization\",\"name\":\"Formaci\u00f3n profesional\",\"url\":\"https:\/\/www.monlau.com\/fp\/\",\"logo\":{\"@type\":\"ImageObject\",\"inLanguage\":\"es\",\"@id\":\"https:\/\/www.monlau.com\/fp\/#\/schema\/logo\/image\/\",\"url\":\"https:\/\/www.monlau.com\/app\/uploads\/sites\/3\/2026\/01\/fp.png\",\"contentUrl\":\"https:\/\/www.monlau.com\/app\/uploads\/sites\/3\/2026\/01\/fp.png\",\"width\":1024,\"height\":878,\"caption\":\"Formaci\u00f3n profesional\"},\"image\":{\"@id\":\"https:\/\/www.monlau.com\/fp\/#\/schema\/logo\/image\/\"}},{\"@type\":\"Person\",\"@id\":\"https:\/\/www.monlau.com\/fp\/#\/schema\/person\/419cfdf054323e24e0a2ef1d8597f051\",\"name\":\"adsmurai\",\"image\":{\"@type\":\"ImageObject\",\"inLanguage\":\"es\",\"@id\":\"https:\/\/secure.gravatar.com\/avatar\/0748788578f91786454454fa3b4c295644edb991ad6caadc70b41d26790d38fc?s=96&d=mm&r=g\",\"url\":\"https:\/\/secure.gravatar.com\/avatar\/0748788578f91786454454fa3b4c295644edb991ad6caadc70b41d26790d38fc?s=96&d=mm&r=g\",\"contentUrl\":\"https:\/\/secure.gravatar.com\/avatar\/0748788578f91786454454fa3b4c295644edb991ad6caadc70b41d26790d38fc?s=96&d=mm&r=g\",\"caption\":\"adsmurai\"},\"sameAs\":[\"https:\/\/www.monlau.com\"],\"url\":\"https:\/\/www.monlau.com\/fp\/author\/adsmurai\/\"}]}<\/script>\n<!-- \/ Yoast SEO plugin. -->","yoast_head_json":{"title":"Autel Equipataller y Monlau hacen un pacto para impulsar la FP. - Formaci\u00f3n profesional","description":"El alumnado de Monlau tendr\u00e1 acceso a la tecnolog\u00eda m\u00e1s avanzada de diagnosis inteligente gracias a Autel Equipataller","robots":{"index":"index","follow":"follow","max-snippet":"max-snippet:-1","max-image-preview":"max-image-preview:large","max-video-preview":"max-video-preview:-1"},"canonical":"https:\/\/www.monlau.com\/fp\/2025\/01\/08\/autel-equipataller-y-monlau-hacen-un-pacto-para-impulsar-la-fp\/","og_locale":"es_ES","og_type":"article","og_title":"Autel Equipataller y Monlau hacen un pacto para impulsar la FP. - Formaci\u00f3n profesional","og_description":"El alumnado de Monlau tendr\u00e1 acceso a la tecnolog\u00eda m\u00e1s avanzada de diagnosis inteligente gracias a Autel Equipataller","og_url":"https:\/\/www.monlau.com\/fp\/2025\/01\/08\/autel-equipataller-y-monlau-hacen-un-pacto-para-impulsar-la-fp\/","og_site_name":"Formaci\u00f3n profesional","article_published_time":"2025-01-07T23:00:00+00:00","article_modified_time":"2026-03-23T15:45:09+00:00","og_image":[{"width":2560,"height":1707,"url":"https:\/\/www.monlau.com\/app\/uploads\/sites\/3\/2026\/03\/IMG_4014-scaled-1.jpg","type":"image\/jpeg"}],"author":"adsmurai","twitter_card":"summary_large_image","twitter_misc":{"Escrito por":"adsmurai","Tiempo de lectura":"2 minutos"},"schema":{"@context":"https:\/\/schema.org","@graph":[{"@type":"Article","@id":"https:\/\/www.monlau.com\/fp\/2025\/01\/08\/autel-equipataller-y-monlau-hacen-un-pacto-para-impulsar-la-fp\/#article","isPartOf":{"@id":"https:\/\/www.monlau.com\/fp\/2025\/01\/08\/autel-equipataller-y-monlau-hacen-un-pacto-para-impulsar-la-fp\/"},"author":{"name":"adsmurai","@id":"https:\/\/www.monlau.com\/fp\/#\/schema\/person\/419cfdf054323e24e0a2ef1d8597f051"},"headline":"Autel Equipataller y Monlau hacen un pacto para impulsar la FP.","datePublished":"2025-01-07T23:00:00+00:00","dateModified":"2026-03-23T15:45:09+00:00","mainEntityOfPage":{"@id":"https:\/\/www.monlau.com\/fp\/2025\/01\/08\/autel-equipataller-y-monlau-hacen-un-pacto-para-impulsar-la-fp\/"},"wordCount":421,"publisher":{"@id":"https:\/\/www.monlau.com\/fp\/#organization"},"image":{"@id":"https:\/\/www.monlau.com\/fp\/2025\/01\/08\/autel-equipataller-y-monlau-hacen-un-pacto-para-impulsar-la-fp\/#primaryimage"},"thumbnailUrl":"https:\/\/www.monlau.com\/app\/uploads\/sites\/3\/2026\/03\/IMG_4014-scaled-1.jpg","articleSection":["Automoci\u00f3n","FP Dual","Monlau","Sin categorizar"],"inLanguage":"es"},{"@type":"WebPage","@id":"https:\/\/www.monlau.com\/fp\/2025\/01\/08\/autel-equipataller-y-monlau-hacen-un-pacto-para-impulsar-la-fp\/","url":"https:\/\/www.monlau.com\/fp\/2025\/01\/08\/autel-equipataller-y-monlau-hacen-un-pacto-para-impulsar-la-fp\/","name":"Autel Equipataller y Monlau hacen un pacto para impulsar la FP. - Formaci\u00f3n profesional","isPartOf":{"@id":"https:\/\/www.monlau.com\/fp\/#website"},"primaryImageOfPage":{"@id":"https:\/\/www.monlau.com\/fp\/2025\/01\/08\/autel-equipataller-y-monlau-hacen-un-pacto-para-impulsar-la-fp\/#primaryimage"},"image":{"@id":"https:\/\/www.monlau.com\/fp\/2025\/01\/08\/autel-equipataller-y-monlau-hacen-un-pacto-para-impulsar-la-fp\/#primaryimage"},"thumbnailUrl":"https:\/\/www.monlau.com\/app\/uploads\/sites\/3\/2026\/03\/IMG_4014-scaled-1.jpg","datePublished":"2025-01-07T23:00:00+00:00","dateModified":"2026-03-23T15:45:09+00:00","description":"El alumnado de Monlau tendr\u00e1 acceso a la tecnolog\u00eda m\u00e1s avanzada de diagnosis inteligente gracias a Autel Equipataller","breadcrumb":{"@id":"https:\/\/www.monlau.com\/fp\/2025\/01\/08\/autel-equipataller-y-monlau-hacen-un-pacto-para-impulsar-la-fp\/#breadcrumb"},"inLanguage":"es","potentialAction":[{"@type":"ReadAction","target":["https:\/\/www.monlau.com\/fp\/2025\/01\/08\/autel-equipataller-y-monlau-hacen-un-pacto-para-impulsar-la-fp\/"]}]},{"@type":"ImageObject","inLanguage":"es","@id":"https:\/\/www.monlau.com\/fp\/2025\/01\/08\/autel-equipataller-y-monlau-hacen-un-pacto-para-impulsar-la-fp\/#primaryimage","url":"https:\/\/www.monlau.com\/app\/uploads\/sites\/3\/2026\/03\/IMG_4014-scaled-1.jpg","contentUrl":"https:\/\/www.monlau.com\/app\/uploads\/sites\/3\/2026\/03\/IMG_4014-scaled-1.jpg","width":2560,"height":1707},{"@type":"BreadcrumbList","@id":"https:\/\/www.monlau.com\/fp\/2025\/01\/08\/autel-equipataller-y-monlau-hacen-un-pacto-para-impulsar-la-fp\/#breadcrumb","itemListElement":[{"@type":"ListItem","position":1,"name":"Portada","item":"https:\/\/www.monlau.com\/fp\/"},{"@type":"ListItem","position":2,"name":"Autel Equipataller y Monlau hacen un pacto para impulsar la FP."}]},{"@type":"WebSite","@id":"https:\/\/www.monlau.com\/fp\/#website","url":"https:\/\/www.monlau.com\/fp\/","name":"Formaci\u00f3n profesional","description":"Monlau","publisher":{"@id":"https:\/\/www.monlau.com\/fp\/#organization"},"potentialAction":[{"@type":"SearchAction","target":{"@type":"EntryPoint","urlTemplate":"https:\/\/www.monlau.com\/fp\/?s={search_term_string}"},"query-input":{"@type":"PropertyValueSpecification","valueRequired":true,"valueName":"search_term_string"}}],"inLanguage":"es"},{"@type":"Organization","@id":"https:\/\/www.monlau.com\/fp\/#organization","name":"Formaci\u00f3n profesional","url":"https:\/\/www.monlau.com\/fp\/","logo":{"@type":"ImageObject","inLanguage":"es","@id":"https:\/\/www.monlau.com\/fp\/#\/schema\/logo\/image\/","url":"https:\/\/www.monlau.com\/app\/uploads\/sites\/3\/2026\/01\/fp.png","contentUrl":"https:\/\/www.monlau.com\/app\/uploads\/sites\/3\/2026\/01\/fp.png","width":1024,"height":878,"caption":"Formaci\u00f3n profesional"},"image":{"@id":"https:\/\/www.monlau.com\/fp\/#\/schema\/logo\/image\/"}},{"@type":"Person","@id":"https:\/\/www.monlau.com\/fp\/#\/schema\/person\/419cfdf054323e24e0a2ef1d8597f051","name":"adsmurai","image":{"@type":"ImageObject","inLanguage":"es","@id":"https:\/\/secure.gravatar.com\/avatar\/0748788578f91786454454fa3b4c295644edb991ad6caadc70b41d26790d38fc?s=96&d=mm&r=g","url":"https:\/\/secure.gravatar.com\/avatar\/0748788578f91786454454fa3b4c295644edb991ad6caadc70b41d26790d38fc?s=96&d=mm&r=g","contentUrl":"https:\/\/secure.gravatar.com\/avatar\/0748788578f91786454454fa3b4c295644edb991ad6caadc70b41d26790d38fc?s=96&d=mm&r=g","caption":"adsmurai"},"sameAs":["https:\/\/www.monlau.com"],"url":"https:\/\/www.monlau.com\/fp\/author\/adsmurai\/"}]}},"_links":{"self":[{"href":"https:\/\/www.monlau.com\/fp\/wp-json\/wp\/v2\/posts\/5992","targetHints":{"allow":["GET"]}}],"collection":[{"href":"https:\/\/www.monlau.com\/fp\/wp-json\/wp\/v2\/posts"}],"about":[{"href":"https:\/\/www.monlau.com\/fp\/wp-json\/wp\/v2\/types\/post"}],"author":[{"embeddable":true,"href":"https:\/\/www.monlau.com\/fp\/wp-json\/wp\/v2\/users\/1"}],"replies":[{"embeddable":true,"href":"https:\/\/www.monlau.com\/fp\/wp-json\/wp\/v2\/comments?post=5992"}],"version-history":[{"count":2,"href":"https:\/\/www.monlau.com\/fp\/wp-json\/wp\/v2\/posts\/5992\/revisions"}],"predecessor-version":[{"id":9776,"href":"https:\/\/www.monlau.com\/fp\/wp-json\/wp\/v2\/posts\/5992\/revisions\/9776"}],"wp:featuredmedia":[{"embeddable":true,"href":"https:\/\/www.monlau.com\/fp\/wp-json\/wp\/v2\/media\/3726"}],"wp:attachment":[{"href":"https:\/\/www.monlau.com\/fp\/wp-json\/wp\/v2\/media?parent=5992"}],"wp:term":[{"taxonomy":"category","embeddable":true,"href":"https:\/\/www.monlau.com\/fp\/wp-json\/wp\/v2\/categories?post=5992"},{"taxonomy":"post_tag","embeddable":true,"href":"https:\/\/www.monlau.com\/fp\/wp-json\/wp\/v2\/tags?post=5992"}],"curies":[{"name":"wp","href":"https:\/\/api.w.org\/{rel}","templated":true}]}}