{"id":5990,"date":"2024-11-07T00:00:00","date_gmt":"2024-11-06T23:00:00","guid":{"rendered":"https:\/\/www.monlau.com\/formacion-profesional\/m-automocion-y-monlau-firman-un-nuevo-acuerdo-para-incrementar-la-colaboracion-con-la-llegada-de-la-nueva-fp\/"},"modified":"2026-03-10T10:03:27","modified_gmt":"2026-03-10T09:03:27","slug":"m-automocion-y-monlau-firman-un-nuevo-acuerdo-para-incrementar-la-colaboracion-con-la-llegada-de-la-nueva-fp","status":"publish","type":"post","link":"https:\/\/www.monlau.com\/fp\/2024\/11\/07\/m-automocion-y-monlau-firman-un-nuevo-acuerdo-para-incrementar-la-colaboracion-con-la-llegada-de-la-nueva-fp\/","title":{"rendered":"M Automoci\u00f3n y Monlau firman un nuevo acuerdo para incrementar la colaboraci\u00f3n con la llegada de la nueva FP"},"content":{"rendered":"<ul>\n<li>M Automoci\u00f3n es uno de los grandes operadores del sector del autom\u00f3vil, con m\u00e1s de 60 a\u00f1os de experiencia y presente en todo el territorio espa\u00f1ol con un total de 45 concesionarios, 37 talleres y una plantilla que supera los 900 profesionales especializados.<\/li>\n<li>El Grupo Monlau, con m\u00e1s de 40 a\u00f1os de experiencia en el sector de la Formaci\u00f3n Profesional, es el centro de formaci\u00f3n en Posventa de Automoci\u00f3n con mayor n\u00famero de alumnos de toda Europa y ha conseguido ya que m\u00e1s de 80.000 estudiantes obtengan una titulaci\u00f3n oficial.<\/li>\n<li>El aula 6 de Monlau, a partir de ahora, pasar\u00e1 a denominarse Aula M Automoci\u00f3n.<\/li>\n<li>Las competencias adquiridas en el aula estar\u00e1n alineadas con las demandas y necesidades actuales del mercado laboral.<\/li>\n<\/ul>\n<p style=\"text-align: right;\">Barcelona, 6 de noviembre de 2024<\/p>\n<p><strong><a href=\"https:\/\/m-automocion.com\/\">M Automoci\u00f3n<\/a><\/strong> y el Grupo Monlau han firmado un nuevo acuerdo por el que, a partir de ahora, incrementar\u00e1n a\u00fan m\u00e1s la colaboraci\u00f3n. La llegada de la nueva Formaci\u00f3n Profesional, que ha empezado ya a implantarse este curso acad\u00e9mico, permite que los alumnos y alumnas empiecen a formarse en empresas desde el primer a\u00f1o del ciclo formativo, con estancias de mayor duraci\u00f3n.<\/p>\n<p>Precisamente por este motivo, Monlau y M Automoci\u00f3n han decidido fortalecer los v\u00ednculos y los canales de comunicaci\u00f3n existentes, para asegurar que las competencias adquiridas en el aula est\u00e9n totalmente alineadas con las demandas y necesidades actuales del mercado laboral en un sector, como es el de la Automoci\u00f3n, que est\u00e1 en constante cambio.<\/p>\n<p>As\u00ed lo han firmado en un convenio de colaboraci\u00f3n el director general de Grupo Monlau, <a href=\"https:\/\/www.linkedin.com\/in\/iban-ventura\/\">Iban Ventura<\/a>, el director general de M Automoci\u00f3n, <a href=\"https:\/\/www.linkedin.com\/in\/miguel-angel-garc%C3%ADa-moreta-9baa0635\/\">Miguel \u00c1ngel Garc\u00eda-Moreta<\/a>, y el Director Financiero, Claudio Garc\u00eda-Moreta, en una reuni\u00f3n que ha tenido lugar en las instalaciones de Monlau donde se imparte Automoci\u00f3n, en la que tambi\u00e9n han estado presentes directivos de ambas compa\u00f1\u00edas.<\/p>\n<p>La colaboraci\u00f3n tiene como uno de sus objetivos hacer m\u00e1s presente, si cabe, el sector profesional en el centro. Es por eso que, a partir de ahora, el aula 6 pasar\u00e1 a denominarse <strong>Aula M Automoci\u00f3n<\/strong>. Una acci\u00f3n que, junto a otras muchas, fomentar\u00e1 la creaci\u00f3n de espacios de trabajo conjuntos.<\/p>\n<p>El director general del Grupo Monlau, Iban Ventura, ha agradecido la apuesta realizada por M Automoci\u00f3n porque no han dudado en ning\u00fan momento acerca de la necesidad de acercar a\u00fan m\u00e1s empresa y centro educativo. \u201cPara conseguir una Formaci\u00f3n Profesional de calidad es imprescindible la implicaci\u00f3n del tejido empresarial y de empresas como M-Automoci\u00f3n\u201d, ha se\u00f1alado. Ventura ha a\u00f1adido que \u201ceste nuevo acuerdo aportar\u00e1 valor a la formaci\u00f3n de los alumnos y alumnas y ayudar\u00e1 a mejorar su nivel de empleabilidad\u201d.<\/p>\n<p>Por su parte, el director general de M Automoci\u00f3n, Miguel \u00c1ngel Garc\u00eda-Moreta, se\u00f1al\u00f3 que el prop\u00f3sito de la empresa es firme. \u201cApostamos por la formaci\u00f3n de los profesionales del futuro\u201d. Adem\u00e1s, el director financiero del grupo, Claudio Garc\u00eda-Moreta, ha asegurado que, junto a Grupo Monlau, encontraremos nuevas f\u00f3rmulas \u201cpara impulsar el talento y construir nuevas oportunidades para los futuros profesionales del sector\u201d.<\/p>\n<p><strong>M Automoci\u00f3n<\/strong> es uno de los grandes operadores del sector del autom\u00f3vil y est\u00e1 presente en todo el territorio espa\u00f1ol con un total de 45 concesionarios, 37 talleres y una plantilla que supera los 900 profesionales especializados.<\/p>\n<p><strong>El Grupo Monlau,<\/strong> con m\u00e1s de 40 a\u00f1os de experiencia en el sector de la Formaci\u00f3n Profesional, es el centro de formaci\u00f3n en Posventa de Automoci\u00f3n con mayor n\u00famero de alumnos de toda Europa y ha conseguido ya que m\u00e1s de 80.000 estudiantes obtengan una titulaci\u00f3n oficial.<\/p>\n<p><strong>Si deseas m\u00e1s informaci\u00f3n puedes ponerte en contacto con nosotros:<\/strong><\/p>\n<p><strong><\/strong><\/p>\n<ul>\n<li><strong>Grupo Monlau<\/strong>. Fernando Alabad\u00ed. E-mail: <a href=\"mailto:alabadif@monlau.com\">alabadif@monlau.com<\/a> Tel\u00e9fono de contacto: 667103717<\/li>\n<li><strong>Contacto M Automoci\u00f3n<\/strong>: Virginia Bernal. E-mail: <a href=\"mailto:virginia.bernal@m-automoci\u00f3n.com\">virginia.bernal@m-automoci\u00f3n.com<\/a> Tel\u00e9fono de contacto: 607435638<\/li>\n<\/ul>\n","protected":false},"excerpt":{"rendered":"<p>M Automoci\u00f3n es uno de los grandes operadores del sector del autom\u00f3vil, con m\u00e1s de 60 a\u00f1os de experiencia y presente en todo el territorio espa\u00f1ol con un total de 45 concesionarios, 37 talleres y una plantilla que supera los 900 profesionales especializados. El Grupo Monlau, con m\u00e1s de 40 a\u00f1os de experiencia en el [&hellip;]<\/p>\n","protected":false},"author":1,"featured_media":3721,"comment_status":"closed","ping_status":"closed","sticky":false,"template":"","format":"standard","meta":{"footnotes":""},"categories":[36,31,57,71],"tags":[],"class_list":["post-5990","post","type-post","status-publish","format-standard","has-post-thumbnail","hentry","category-automocion","category-fp-dual","category-monlau","category-sin-categorizar"],"yoast_head":"<!-- This site is optimized with the Yoast SEO plugin v27.2 - https:\/\/yoast.com\/product\/yoast-seo-wordpress\/ -->\n<title>M Automoci\u00f3n y Monlau firman un nuevo acuerdo para incrementar la colaboraci\u00f3n con la llegada de la nueva FP - Formaci\u00f3n profesional<\/title>\n<meta name=\"robots\" content=\"index, follow, max-snippet:-1, max-image-preview:large, max-video-preview:-1\" \/>\n<link rel=\"canonical\" href=\"https:\/\/www.monlau.com\/fp\/2024\/11\/07\/m-automocion-y-monlau-firman-un-nuevo-acuerdo-para-incrementar-la-colaboracion-con-la-llegada-de-la-nueva-fp\/\" \/>\n<meta property=\"og:locale\" content=\"es_ES\" \/>\n<meta property=\"og:type\" content=\"article\" \/>\n<meta property=\"og:title\" content=\"M Automoci\u00f3n y Monlau firman un nuevo acuerdo para incrementar la colaboraci\u00f3n con la llegada de la nueva FP - Formaci\u00f3n profesional\" \/>\n<meta property=\"og:description\" content=\"M Automoci\u00f3n es uno de los grandes operadores del sector del autom\u00f3vil, con m\u00e1s de 60 a\u00f1os de experiencia y presente en todo el territorio espa\u00f1ol con un total de 45 concesionarios, 37 talleres y una plantilla que supera los 900 profesionales especializados. El Grupo Monlau, con m\u00e1s de 40 a\u00f1os de experiencia en el [&hellip;]\" \/>\n<meta property=\"og:url\" content=\"https:\/\/www.monlau.com\/fp\/2024\/11\/07\/m-automocion-y-monlau-firman-un-nuevo-acuerdo-para-incrementar-la-colaboracion-con-la-llegada-de-la-nueva-fp\/\" \/>\n<meta property=\"og:site_name\" content=\"Formaci\u00f3n profesional\" \/>\n<meta property=\"article:published_time\" content=\"2024-11-06T23:00:00+00:00\" \/>\n<meta property=\"article:modified_time\" content=\"2026-03-10T09:03:27+00:00\" \/>\n<meta property=\"og:image\" content=\"https:\/\/www.monlau.com\/app\/uploads\/sites\/3\/2026\/03\/IMG_2757-scaled-1.jpg\" \/>\n\t<meta property=\"og:image:width\" content=\"2560\" \/>\n\t<meta property=\"og:image:height\" content=\"1707\" \/>\n\t<meta property=\"og:image:type\" content=\"image\/jpeg\" \/>\n<meta name=\"author\" content=\"adsmurai\" \/>\n<meta name=\"twitter:card\" content=\"summary_large_image\" \/>\n<meta name=\"twitter:label1\" content=\"Escrito por\" \/>\n\t<meta name=\"twitter:data1\" content=\"adsmurai\" \/>\n\t<meta name=\"twitter:label2\" content=\"Tiempo de lectura\" \/>\n\t<meta name=\"twitter:data2\" content=\"3 minutos\" \/>\n<script type=\"application\/ld+json\" class=\"yoast-schema-graph\">{\"@context\":\"https:\/\/schema.org\",\"@graph\":[{\"@type\":\"Article\",\"@id\":\"https:\/\/www.monlau.com\/fp\/2024\/11\/07\/m-automocion-y-monlau-firman-un-nuevo-acuerdo-para-incrementar-la-colaboracion-con-la-llegada-de-la-nueva-fp\/#article\",\"isPartOf\":{\"@id\":\"https:\/\/www.monlau.com\/fp\/2024\/11\/07\/m-automocion-y-monlau-firman-un-nuevo-acuerdo-para-incrementar-la-colaboracion-con-la-llegada-de-la-nueva-fp\/\"},\"author\":{\"name\":\"adsmurai\",\"@id\":\"https:\/\/www.monlau.com\/fp\/#\/schema\/person\/419cfdf054323e24e0a2ef1d8597f051\"},\"headline\":\"M Automoci\u00f3n y Monlau firman un nuevo acuerdo para incrementar la colaboraci\u00f3n con la llegada de la nueva FP\",\"datePublished\":\"2024-11-06T23:00:00+00:00\",\"dateModified\":\"2026-03-10T09:03:27+00:00\",\"mainEntityOfPage\":{\"@id\":\"https:\/\/www.monlau.com\/fp\/2024\/11\/07\/m-automocion-y-monlau-firman-un-nuevo-acuerdo-para-incrementar-la-colaboracion-con-la-llegada-de-la-nueva-fp\/\"},\"wordCount\":698,\"publisher\":{\"@id\":\"https:\/\/www.monlau.com\/fp\/#organization\"},\"image\":{\"@id\":\"https:\/\/www.monlau.com\/fp\/2024\/11\/07\/m-automocion-y-monlau-firman-un-nuevo-acuerdo-para-incrementar-la-colaboracion-con-la-llegada-de-la-nueva-fp\/#primaryimage\"},\"thumbnailUrl\":\"https:\/\/www.monlau.com\/app\/uploads\/sites\/3\/2026\/03\/IMG_2757-scaled-1.jpg\",\"articleSection\":[\"Automoci\u00f3n\",\"FP Dual\",\"Monlau\",\"Sin categorizar\"],\"inLanguage\":\"es\"},{\"@type\":\"WebPage\",\"@id\":\"https:\/\/www.monlau.com\/fp\/2024\/11\/07\/m-automocion-y-monlau-firman-un-nuevo-acuerdo-para-incrementar-la-colaboracion-con-la-llegada-de-la-nueva-fp\/\",\"url\":\"https:\/\/www.monlau.com\/fp\/2024\/11\/07\/m-automocion-y-monlau-firman-un-nuevo-acuerdo-para-incrementar-la-colaboracion-con-la-llegada-de-la-nueva-fp\/\",\"name\":\"M Automoci\u00f3n y Monlau firman un nuevo acuerdo para incrementar la colaboraci\u00f3n con la llegada de la nueva FP - Formaci\u00f3n profesional\",\"isPartOf\":{\"@id\":\"https:\/\/www.monlau.com\/fp\/#website\"},\"primaryImageOfPage\":{\"@id\":\"https:\/\/www.monlau.com\/fp\/2024\/11\/07\/m-automocion-y-monlau-firman-un-nuevo-acuerdo-para-incrementar-la-colaboracion-con-la-llegada-de-la-nueva-fp\/#primaryimage\"},\"image\":{\"@id\":\"https:\/\/www.monlau.com\/fp\/2024\/11\/07\/m-automocion-y-monlau-firman-un-nuevo-acuerdo-para-incrementar-la-colaboracion-con-la-llegada-de-la-nueva-fp\/#primaryimage\"},\"thumbnailUrl\":\"https:\/\/www.monlau.com\/app\/uploads\/sites\/3\/2026\/03\/IMG_2757-scaled-1.jpg\",\"datePublished\":\"2024-11-06T23:00:00+00:00\",\"dateModified\":\"2026-03-10T09:03:27+00:00\",\"breadcrumb\":{\"@id\":\"https:\/\/www.monlau.com\/fp\/2024\/11\/07\/m-automocion-y-monlau-firman-un-nuevo-acuerdo-para-incrementar-la-colaboracion-con-la-llegada-de-la-nueva-fp\/#breadcrumb\"},\"inLanguage\":\"es\",\"potentialAction\":[{\"@type\":\"ReadAction\",\"target\":[\"https:\/\/www.monlau.com\/fp\/2024\/11\/07\/m-automocion-y-monlau-firman-un-nuevo-acuerdo-para-incrementar-la-colaboracion-con-la-llegada-de-la-nueva-fp\/\"]}]},{\"@type\":\"ImageObject\",\"inLanguage\":\"es\",\"@id\":\"https:\/\/www.monlau.com\/fp\/2024\/11\/07\/m-automocion-y-monlau-firman-un-nuevo-acuerdo-para-incrementar-la-colaboracion-con-la-llegada-de-la-nueva-fp\/#primaryimage\",\"url\":\"https:\/\/www.monlau.com\/app\/uploads\/sites\/3\/2026\/03\/IMG_2757-scaled-1.jpg\",\"contentUrl\":\"https:\/\/www.monlau.com\/app\/uploads\/sites\/3\/2026\/03\/IMG_2757-scaled-1.jpg\",\"width\":2560,\"height\":1707},{\"@type\":\"BreadcrumbList\",\"@id\":\"https:\/\/www.monlau.com\/fp\/2024\/11\/07\/m-automocion-y-monlau-firman-un-nuevo-acuerdo-para-incrementar-la-colaboracion-con-la-llegada-de-la-nueva-fp\/#breadcrumb\",\"itemListElement\":[{\"@type\":\"ListItem\",\"position\":1,\"name\":\"Portada\",\"item\":\"https:\/\/www.monlau.com\/fp\/\"},{\"@type\":\"ListItem\",\"position\":2,\"name\":\"M Automoci\u00f3n y Monlau firman un nuevo acuerdo para incrementar la colaboraci\u00f3n con la llegada de la nueva FP\"}]},{\"@type\":\"WebSite\",\"@id\":\"https:\/\/www.monlau.com\/fp\/#website\",\"url\":\"https:\/\/www.monlau.com\/fp\/\",\"name\":\"Formaci\u00f3n profesional\",\"description\":\"Monlau\",\"publisher\":{\"@id\":\"https:\/\/www.monlau.com\/fp\/#organization\"},\"potentialAction\":[{\"@type\":\"SearchAction\",\"target\":{\"@type\":\"EntryPoint\",\"urlTemplate\":\"https:\/\/www.monlau.com\/fp\/?s={search_term_string}\"},\"query-input\":{\"@type\":\"PropertyValueSpecification\",\"valueRequired\":true,\"valueName\":\"search_term_string\"}}],\"inLanguage\":\"es\"},{\"@type\":\"Organization\",\"@id\":\"https:\/\/www.monlau.com\/fp\/#organization\",\"name\":\"Formaci\u00f3n profesional\",\"url\":\"https:\/\/www.monlau.com\/fp\/\",\"logo\":{\"@type\":\"ImageObject\",\"inLanguage\":\"es\",\"@id\":\"https:\/\/www.monlau.com\/fp\/#\/schema\/logo\/image\/\",\"url\":\"https:\/\/www.monlau.com\/app\/uploads\/sites\/3\/2026\/01\/fp.png\",\"contentUrl\":\"https:\/\/www.monlau.com\/app\/uploads\/sites\/3\/2026\/01\/fp.png\",\"width\":1024,\"height\":878,\"caption\":\"Formaci\u00f3n profesional\"},\"image\":{\"@id\":\"https:\/\/www.monlau.com\/fp\/#\/schema\/logo\/image\/\"}},{\"@type\":\"Person\",\"@id\":\"https:\/\/www.monlau.com\/fp\/#\/schema\/person\/419cfdf054323e24e0a2ef1d8597f051\",\"name\":\"adsmurai\",\"image\":{\"@type\":\"ImageObject\",\"inLanguage\":\"es\",\"@id\":\"https:\/\/secure.gravatar.com\/avatar\/0748788578f91786454454fa3b4c295644edb991ad6caadc70b41d26790d38fc?s=96&d=mm&r=g\",\"url\":\"https:\/\/secure.gravatar.com\/avatar\/0748788578f91786454454fa3b4c295644edb991ad6caadc70b41d26790d38fc?s=96&d=mm&r=g\",\"contentUrl\":\"https:\/\/secure.gravatar.com\/avatar\/0748788578f91786454454fa3b4c295644edb991ad6caadc70b41d26790d38fc?s=96&d=mm&r=g\",\"caption\":\"adsmurai\"},\"sameAs\":[\"https:\/\/www.monlau.com\"],\"url\":\"https:\/\/www.monlau.com\/fp\/author\/adsmurai\/\"}]}<\/script>\n<!-- \/ Yoast SEO plugin. -->","yoast_head_json":{"title":"M Automoci\u00f3n y Monlau firman un nuevo acuerdo para incrementar la colaboraci\u00f3n con la llegada de la nueva FP - Formaci\u00f3n profesional","robots":{"index":"index","follow":"follow","max-snippet":"max-snippet:-1","max-image-preview":"max-image-preview:large","max-video-preview":"max-video-preview:-1"},"canonical":"https:\/\/www.monlau.com\/fp\/2024\/11\/07\/m-automocion-y-monlau-firman-un-nuevo-acuerdo-para-incrementar-la-colaboracion-con-la-llegada-de-la-nueva-fp\/","og_locale":"es_ES","og_type":"article","og_title":"M Automoci\u00f3n y Monlau firman un nuevo acuerdo para incrementar la colaboraci\u00f3n con la llegada de la nueva FP - Formaci\u00f3n profesional","og_description":"M Automoci\u00f3n es uno de los grandes operadores del sector del autom\u00f3vil, con m\u00e1s de 60 a\u00f1os de experiencia y presente en todo el territorio espa\u00f1ol con un total de 45 concesionarios, 37 talleres y una plantilla que supera los 900 profesionales especializados. El Grupo Monlau, con m\u00e1s de 40 a\u00f1os de experiencia en el [&hellip;]","og_url":"https:\/\/www.monlau.com\/fp\/2024\/11\/07\/m-automocion-y-monlau-firman-un-nuevo-acuerdo-para-incrementar-la-colaboracion-con-la-llegada-de-la-nueva-fp\/","og_site_name":"Formaci\u00f3n profesional","article_published_time":"2024-11-06T23:00:00+00:00","article_modified_time":"2026-03-10T09:03:27+00:00","og_image":[{"width":2560,"height":1707,"url":"https:\/\/www.monlau.com\/app\/uploads\/sites\/3\/2026\/03\/IMG_2757-scaled-1.jpg","type":"image\/jpeg"}],"author":"adsmurai","twitter_card":"summary_large_image","twitter_misc":{"Escrito por":"adsmurai","Tiempo de lectura":"3 minutos"},"schema":{"@context":"https:\/\/schema.org","@graph":[{"@type":"Article","@id":"https:\/\/www.monlau.com\/fp\/2024\/11\/07\/m-automocion-y-monlau-firman-un-nuevo-acuerdo-para-incrementar-la-colaboracion-con-la-llegada-de-la-nueva-fp\/#article","isPartOf":{"@id":"https:\/\/www.monlau.com\/fp\/2024\/11\/07\/m-automocion-y-monlau-firman-un-nuevo-acuerdo-para-incrementar-la-colaboracion-con-la-llegada-de-la-nueva-fp\/"},"author":{"name":"adsmurai","@id":"https:\/\/www.monlau.com\/fp\/#\/schema\/person\/419cfdf054323e24e0a2ef1d8597f051"},"headline":"M Automoci\u00f3n y Monlau firman un nuevo acuerdo para incrementar la colaboraci\u00f3n con la llegada de la nueva FP","datePublished":"2024-11-06T23:00:00+00:00","dateModified":"2026-03-10T09:03:27+00:00","mainEntityOfPage":{"@id":"https:\/\/www.monlau.com\/fp\/2024\/11\/07\/m-automocion-y-monlau-firman-un-nuevo-acuerdo-para-incrementar-la-colaboracion-con-la-llegada-de-la-nueva-fp\/"},"wordCount":698,"publisher":{"@id":"https:\/\/www.monlau.com\/fp\/#organization"},"image":{"@id":"https:\/\/www.monlau.com\/fp\/2024\/11\/07\/m-automocion-y-monlau-firman-un-nuevo-acuerdo-para-incrementar-la-colaboracion-con-la-llegada-de-la-nueva-fp\/#primaryimage"},"thumbnailUrl":"https:\/\/www.monlau.com\/app\/uploads\/sites\/3\/2026\/03\/IMG_2757-scaled-1.jpg","articleSection":["Automoci\u00f3n","FP Dual","Monlau","Sin categorizar"],"inLanguage":"es"},{"@type":"WebPage","@id":"https:\/\/www.monlau.com\/fp\/2024\/11\/07\/m-automocion-y-monlau-firman-un-nuevo-acuerdo-para-incrementar-la-colaboracion-con-la-llegada-de-la-nueva-fp\/","url":"https:\/\/www.monlau.com\/fp\/2024\/11\/07\/m-automocion-y-monlau-firman-un-nuevo-acuerdo-para-incrementar-la-colaboracion-con-la-llegada-de-la-nueva-fp\/","name":"M Automoci\u00f3n y Monlau firman un nuevo acuerdo para incrementar la colaboraci\u00f3n con la llegada de la nueva FP - Formaci\u00f3n profesional","isPartOf":{"@id":"https:\/\/www.monlau.com\/fp\/#website"},"primaryImageOfPage":{"@id":"https:\/\/www.monlau.com\/fp\/2024\/11\/07\/m-automocion-y-monlau-firman-un-nuevo-acuerdo-para-incrementar-la-colaboracion-con-la-llegada-de-la-nueva-fp\/#primaryimage"},"image":{"@id":"https:\/\/www.monlau.com\/fp\/2024\/11\/07\/m-automocion-y-monlau-firman-un-nuevo-acuerdo-para-incrementar-la-colaboracion-con-la-llegada-de-la-nueva-fp\/#primaryimage"},"thumbnailUrl":"https:\/\/www.monlau.com\/app\/uploads\/sites\/3\/2026\/03\/IMG_2757-scaled-1.jpg","datePublished":"2024-11-06T23:00:00+00:00","dateModified":"2026-03-10T09:03:27+00:00","breadcrumb":{"@id":"https:\/\/www.monlau.com\/fp\/2024\/11\/07\/m-automocion-y-monlau-firman-un-nuevo-acuerdo-para-incrementar-la-colaboracion-con-la-llegada-de-la-nueva-fp\/#breadcrumb"},"inLanguage":"es","potentialAction":[{"@type":"ReadAction","target":["https:\/\/www.monlau.com\/fp\/2024\/11\/07\/m-automocion-y-monlau-firman-un-nuevo-acuerdo-para-incrementar-la-colaboracion-con-la-llegada-de-la-nueva-fp\/"]}]},{"@type":"ImageObject","inLanguage":"es","@id":"https:\/\/www.monlau.com\/fp\/2024\/11\/07\/m-automocion-y-monlau-firman-un-nuevo-acuerdo-para-incrementar-la-colaboracion-con-la-llegada-de-la-nueva-fp\/#primaryimage","url":"https:\/\/www.monlau.com\/app\/uploads\/sites\/3\/2026\/03\/IMG_2757-scaled-1.jpg","contentUrl":"https:\/\/www.monlau.com\/app\/uploads\/sites\/3\/2026\/03\/IMG_2757-scaled-1.jpg","width":2560,"height":1707},{"@type":"BreadcrumbList","@id":"https:\/\/www.monlau.com\/fp\/2024\/11\/07\/m-automocion-y-monlau-firman-un-nuevo-acuerdo-para-incrementar-la-colaboracion-con-la-llegada-de-la-nueva-fp\/#breadcrumb","itemListElement":[{"@type":"ListItem","position":1,"name":"Portada","item":"https:\/\/www.monlau.com\/fp\/"},{"@type":"ListItem","position":2,"name":"M Automoci\u00f3n y Monlau firman un nuevo acuerdo para incrementar la colaboraci\u00f3n con la llegada de la nueva FP"}]},{"@type":"WebSite","@id":"https:\/\/www.monlau.com\/fp\/#website","url":"https:\/\/www.monlau.com\/fp\/","name":"Formaci\u00f3n profesional","description":"Monlau","publisher":{"@id":"https:\/\/www.monlau.com\/fp\/#organization"},"potentialAction":[{"@type":"SearchAction","target":{"@type":"EntryPoint","urlTemplate":"https:\/\/www.monlau.com\/fp\/?s={search_term_string}"},"query-input":{"@type":"PropertyValueSpecification","valueRequired":true,"valueName":"search_term_string"}}],"inLanguage":"es"},{"@type":"Organization","@id":"https:\/\/www.monlau.com\/fp\/#organization","name":"Formaci\u00f3n profesional","url":"https:\/\/www.monlau.com\/fp\/","logo":{"@type":"ImageObject","inLanguage":"es","@id":"https:\/\/www.monlau.com\/fp\/#\/schema\/logo\/image\/","url":"https:\/\/www.monlau.com\/app\/uploads\/sites\/3\/2026\/01\/fp.png","contentUrl":"https:\/\/www.monlau.com\/app\/uploads\/sites\/3\/2026\/01\/fp.png","width":1024,"height":878,"caption":"Formaci\u00f3n profesional"},"image":{"@id":"https:\/\/www.monlau.com\/fp\/#\/schema\/logo\/image\/"}},{"@type":"Person","@id":"https:\/\/www.monlau.com\/fp\/#\/schema\/person\/419cfdf054323e24e0a2ef1d8597f051","name":"adsmurai","image":{"@type":"ImageObject","inLanguage":"es","@id":"https:\/\/secure.gravatar.com\/avatar\/0748788578f91786454454fa3b4c295644edb991ad6caadc70b41d26790d38fc?s=96&d=mm&r=g","url":"https:\/\/secure.gravatar.com\/avatar\/0748788578f91786454454fa3b4c295644edb991ad6caadc70b41d26790d38fc?s=96&d=mm&r=g","contentUrl":"https:\/\/secure.gravatar.com\/avatar\/0748788578f91786454454fa3b4c295644edb991ad6caadc70b41d26790d38fc?s=96&d=mm&r=g","caption":"adsmurai"},"sameAs":["https:\/\/www.monlau.com"],"url":"https:\/\/www.monlau.com\/fp\/author\/adsmurai\/"}]}},"_links":{"self":[{"href":"https:\/\/www.monlau.com\/fp\/wp-json\/wp\/v2\/posts\/5990","targetHints":{"allow":["GET"]}}],"collection":[{"href":"https:\/\/www.monlau.com\/fp\/wp-json\/wp\/v2\/posts"}],"about":[{"href":"https:\/\/www.monlau.com\/fp\/wp-json\/wp\/v2\/types\/post"}],"author":[{"embeddable":true,"href":"https:\/\/www.monlau.com\/fp\/wp-json\/wp\/v2\/users\/1"}],"replies":[{"embeddable":true,"href":"https:\/\/www.monlau.com\/fp\/wp-json\/wp\/v2\/comments?post=5990"}],"version-history":[{"count":1,"href":"https:\/\/www.monlau.com\/fp\/wp-json\/wp\/v2\/posts\/5990\/revisions"}],"predecessor-version":[{"id":6363,"href":"https:\/\/www.monlau.com\/fp\/wp-json\/wp\/v2\/posts\/5990\/revisions\/6363"}],"wp:featuredmedia":[{"embeddable":true,"href":"https:\/\/www.monlau.com\/fp\/wp-json\/wp\/v2\/media\/3721"}],"wp:attachment":[{"href":"https:\/\/www.monlau.com\/fp\/wp-json\/wp\/v2\/media?parent=5990"}],"wp:term":[{"taxonomy":"category","embeddable":true,"href":"https:\/\/www.monlau.com\/fp\/wp-json\/wp\/v2\/categories?post=5990"},{"taxonomy":"post_tag","embeddable":true,"href":"https:\/\/www.monlau.com\/fp\/wp-json\/wp\/v2\/tags?post=5990"}],"curies":[{"name":"wp","href":"https:\/\/api.w.org\/{rel}","templated":true}]}}