{"id":5986,"date":"2024-06-21T00:00:00","date_gmt":"2024-06-20T22:00:00","guid":{"rendered":"https:\/\/www.monlau.com\/formacion-profesional\/tienes-interes-en-conocer-mas-sobre-los-cursos-subvencionados-por-el-soc-que-ofrecemos-en-monlau\/"},"modified":"2026-03-10T10:03:28","modified_gmt":"2026-03-10T09:03:28","slug":"tienes-interes-en-conocer-mas-sobre-los-cursos-subvencionados-por-el-soc-que-ofrecemos-en-monlau","status":"publish","type":"post","link":"https:\/\/www.monlau.com\/fp\/2024\/06\/21\/tienes-interes-en-conocer-mas-sobre-los-cursos-subvencionados-por-el-soc-que-ofrecemos-en-monlau\/","title":{"rendered":"\u00bfTienes inter\u00e9s en conocer m\u00e1s sobre los cursos subvencionados por el SOC que ofrecemos en Monlau?"},"content":{"rendered":"<p><span style=\"font-family: 'Aptos',sans-serif\">\u00a1Ya puedes inscribirte para que te enviemos informaci\u00f3n acerca de los cursos subvencionados por el Servei d\u2019Ocupaci\u00f3 de Catalunya (SOC)! <\/span><\/p>\n<h3><b><span style=\"font-size: 12.0pt;line-height: 115%;color: windowtext\">Cursos del Servei d\u2019Ocupaci\u00f3 de Catalunya (SOC) en Monlau<\/span><\/b><\/h3>\n<p><span style=\"font-family: 'Aptos',sans-serif\">A continuaci\u00f3n, te presentamos los cursos subvencionados por el SOC que ofreceremos en Monlau en 2025<\/span><\/p>\n<p><strong><span style=\"font-family: 'Aptos',sans-serif\"><\/span><\/strong><\/p>\n<p><strong><span style=\"font-family: 'Aptos',sans-serif\">Para saber m\u00e1s: <a href=\"https:\/\/serveiocupacio.gencat.cat\/es\/persones\/vull-formar-me\/cercadors-formacio-especialitats\/\">Buscador de cursos, especialidades y centros de formaci\u00f3n. Servei P\u00fablic d&#8217;Ocupaci\u00f3 de Catalunya (gencat.cat)<\/a><\/span><\/strong><\/p>\n<h2>\u00bfQu\u00e9 te ofrecemos?<\/h2>\n<p><strong>Disponemos de:<\/strong><\/p>\n<ul>\n<li>Operaciones auxiliares de mantenimiento de carrocer\u00eda de veh\u00edculos.<\/li>\n<li>Operaciones auxiliares de mantenimiento en electromec\u00e1nica de veh\u00edculos.<\/li>\n<li>Operaciones auxiliares de servicios administrativos y generales.<\/li>\n<li>Confecci\u00f3n y publicaci\u00f3n de p\u00e1ginas web.<\/li>\n<\/ul>\n<p>Monlau cuenta con una amplia experiencia en la realizaci\u00f3n de cursos del SOC.<\/p>\n<p>Personas como Claudia, Sheila y Erick han realizado sus pr\u00e1cticas en talleres de Barcelona y se muestran muy satisfechas con los conocimientos adquiridos.<\/p>\n<h2>\u00bfQu\u00e9 necesito?<\/h2>\n<p><span style=\"font-family: 'Aptos',sans-serif\">Estos cursos son gratuitos y, para inscribirse, uno de los requisitos es estar en situaci\u00f3n de desempleo. <\/span><\/p>\n<p><span style=\"font-family: 'Aptos',sans-serif\">Para ello, deber\u00e1s presentar tu documento de Renovaci\u00f3n de la Demanda de Empleo (DARDE) junto con un documento de identificaci\u00f3n personal, como el DNI o permiso de residencia.<\/span><\/p>\n<p><span style=\"font-family: 'Aptos',sans-serif\">Monlau lleva a\u00f1os formando a personas que desean mejorar su futuro laboral. Estos cursos representan una oportunidad \u00fanica para formarse en una instituci\u00f3n como Monlau, que cuenta con m\u00e1s de 30 a\u00f1os de prestigio en la Formaci\u00f3n Profesional en Barcelona.<\/span><\/p>\n<h3><b><span style=\"font-size: 12.0pt;line-height: 115%;color: windowtext\">\u00a1Inscr\u00edbete Ahora!<\/span><\/b><\/h3>\n<p><span style=\"font-family: 'Aptos',sans-serif\">No dejes pasar esta oportunidad para mejorar tu futuro laboral. Para obtener m\u00e1s informaci\u00f3n sobre los cursos subvencionados por el SOC en Monlau, cont\u00e1ctanos directamente.<\/span><\/p>\n<p><span style=\"font-family: 'Aptos',sans-serif\">Los pr\u00f3ximos cursos del SOC arrancar\u00e1n ya en 2025, pero si crees que podr\u00e1 interesarte alguno de ellos, d\u00e9janos tus datos y nos pondremos en contacto contigo.<\/span><\/p>\n<p><strong><span style=\"font-family: 'Aptos',sans-serif\"><\/span><\/strong><\/p>\n<p><strong><span style=\"font-family: 'Aptos',sans-serif\">Para m\u00e1s informaci\u00f3n: <a href=\"https:\/\/www.monlau.com\/formacio-professional\/servei-ocupacio-catalunya-soc\/\">Cursos del Servei d\u2019Ocupaci\u00f3 de Catalunya (SOC) (monlau.com)<\/a><\/span><\/strong><span style=\"font-family: 'Aptos',sans-serif\"><\/span><\/p>\n","protected":false},"excerpt":{"rendered":"<p>\u00a1Ya puedes inscribirte para que te enviemos informaci\u00f3n acerca de los cursos subvencionados por el Servei d\u2019Ocupaci\u00f3 de Catalunya (SOC)! Cursos del Servei d\u2019Ocupaci\u00f3 de Catalunya (SOC) en Monlau A continuaci\u00f3n, te presentamos los cursos subvencionados por el SOC que ofreceremos en Monlau en 2025 Para saber m\u00e1s: Buscador de cursos, especialidades y centros de [&hellip;]<\/p>\n","protected":false},"author":1,"featured_media":3700,"comment_status":"closed","ping_status":"closed","sticky":false,"template":"","format":"standard","meta":{"footnotes":""},"categories":[36,32,38,57,41],"tags":[166,155,96,176,218,111],"class_list":["post-5986","post","type-post","status-publish","format-standard","has-post-thumbnail","hentry","category-automocion","category-empresa-y-marketing","category-informatica","category-monlau","category-postgrado","tag-barcelona","tag-carroceria","tag-empresas","tag-estudios-profesionales","tag-lever-touch","tag-postgrado"],"yoast_head":"<!-- This site is optimized with the Yoast SEO plugin v27.2 - https:\/\/yoast.com\/product\/yoast-seo-wordpress\/ -->\n<title>\u00bfTienes inter\u00e9s en conocer m\u00e1s sobre los cursos subvencionados por el SOC que ofrecemos en Monlau? - Formaci\u00f3n profesional<\/title>\n<meta name=\"robots\" content=\"index, follow, max-snippet:-1, max-image-preview:large, max-video-preview:-1\" \/>\n<link rel=\"canonical\" href=\"https:\/\/www.monlau.com\/fp\/2024\/06\/21\/tienes-interes-en-conocer-mas-sobre-los-cursos-subvencionados-por-el-soc-que-ofrecemos-en-monlau\/\" \/>\n<meta property=\"og:locale\" content=\"es_ES\" \/>\n<meta property=\"og:type\" content=\"article\" \/>\n<meta property=\"og:title\" content=\"\u00bfTienes inter\u00e9s en conocer m\u00e1s sobre los cursos subvencionados por el SOC que ofrecemos en Monlau? - Formaci\u00f3n profesional\" \/>\n<meta property=\"og:description\" content=\"\u00a1Ya puedes inscribirte para que te enviemos informaci\u00f3n acerca de los cursos subvencionados por el Servei d\u2019Ocupaci\u00f3 de Catalunya (SOC)! Cursos del Servei d\u2019Ocupaci\u00f3 de Catalunya (SOC) en Monlau A continuaci\u00f3n, te presentamos los cursos subvencionados por el SOC que ofreceremos en Monlau en 2025 Para saber m\u00e1s: Buscador de cursos, especialidades y centros de [&hellip;]\" \/>\n<meta property=\"og:url\" content=\"https:\/\/www.monlau.com\/fp\/2024\/06\/21\/tienes-interes-en-conocer-mas-sobre-los-cursos-subvencionados-por-el-soc-que-ofrecemos-en-monlau\/\" \/>\n<meta property=\"og:site_name\" content=\"Formaci\u00f3n profesional\" \/>\n<meta property=\"article:published_time\" content=\"2024-06-20T22:00:00+00:00\" \/>\n<meta property=\"article:modified_time\" content=\"2026-03-10T09:03:28+00:00\" \/>\n<meta property=\"og:image\" content=\"https:\/\/www.monlau.com\/app\/uploads\/sites\/3\/2026\/03\/Gead-1.png\" \/>\n\t<meta property=\"og:image:width\" content=\"627\" \/>\n\t<meta property=\"og:image:height\" content=\"418\" \/>\n\t<meta property=\"og:image:type\" content=\"image\/png\" \/>\n<meta name=\"author\" content=\"adsmurai\" \/>\n<meta name=\"twitter:card\" content=\"summary_large_image\" \/>\n<meta name=\"twitter:label1\" content=\"Escrito por\" \/>\n\t<meta name=\"twitter:data1\" content=\"adsmurai\" \/>\n\t<meta name=\"twitter:label2\" content=\"Tiempo de lectura\" \/>\n\t<meta name=\"twitter:data2\" content=\"2 minutos\" \/>\n<script type=\"application\/ld+json\" class=\"yoast-schema-graph\">{\"@context\":\"https:\/\/schema.org\",\"@graph\":[{\"@type\":\"Article\",\"@id\":\"https:\/\/www.monlau.com\/fp\/2024\/06\/21\/tienes-interes-en-conocer-mas-sobre-los-cursos-subvencionados-por-el-soc-que-ofrecemos-en-monlau\/#article\",\"isPartOf\":{\"@id\":\"https:\/\/www.monlau.com\/fp\/2024\/06\/21\/tienes-interes-en-conocer-mas-sobre-los-cursos-subvencionados-por-el-soc-que-ofrecemos-en-monlau\/\"},\"author\":{\"name\":\"adsmurai\",\"@id\":\"https:\/\/www.monlau.com\/fp\/#\/schema\/person\/419cfdf054323e24e0a2ef1d8597f051\"},\"headline\":\"\u00bfTienes inter\u00e9s en conocer m\u00e1s sobre los cursos subvencionados por el SOC que ofrecemos en Monlau?\",\"datePublished\":\"2024-06-20T22:00:00+00:00\",\"dateModified\":\"2026-03-10T09:03:28+00:00\",\"mainEntityOfPage\":{\"@id\":\"https:\/\/www.monlau.com\/fp\/2024\/06\/21\/tienes-interes-en-conocer-mas-sobre-los-cursos-subvencionados-por-el-soc-que-ofrecemos-en-monlau\/\"},\"wordCount\":337,\"publisher\":{\"@id\":\"https:\/\/www.monlau.com\/fp\/#organization\"},\"image\":{\"@id\":\"https:\/\/www.monlau.com\/fp\/2024\/06\/21\/tienes-interes-en-conocer-mas-sobre-los-cursos-subvencionados-por-el-soc-que-ofrecemos-en-monlau\/#primaryimage\"},\"thumbnailUrl\":\"https:\/\/www.monlau.com\/app\/uploads\/sites\/3\/2026\/03\/Gead-1.png\",\"keywords\":[\"barcelona\",\"carrocer\u00eda\",\"empresas\",\"estudios profesionales\",\"lever touch\",\"Postgrado\"],\"articleSection\":[\"Automoci\u00f3n\",\"Empresa y Marketing\",\"Inform\u00e1tica\",\"Monlau\",\"Postgrado\"],\"inLanguage\":\"es\"},{\"@type\":\"WebPage\",\"@id\":\"https:\/\/www.monlau.com\/fp\/2024\/06\/21\/tienes-interes-en-conocer-mas-sobre-los-cursos-subvencionados-por-el-soc-que-ofrecemos-en-monlau\/\",\"url\":\"https:\/\/www.monlau.com\/fp\/2024\/06\/21\/tienes-interes-en-conocer-mas-sobre-los-cursos-subvencionados-por-el-soc-que-ofrecemos-en-monlau\/\",\"name\":\"\u00bfTienes inter\u00e9s en conocer m\u00e1s sobre los cursos subvencionados por el SOC que ofrecemos en Monlau? - Formaci\u00f3n profesional\",\"isPartOf\":{\"@id\":\"https:\/\/www.monlau.com\/fp\/#website\"},\"primaryImageOfPage\":{\"@id\":\"https:\/\/www.monlau.com\/fp\/2024\/06\/21\/tienes-interes-en-conocer-mas-sobre-los-cursos-subvencionados-por-el-soc-que-ofrecemos-en-monlau\/#primaryimage\"},\"image\":{\"@id\":\"https:\/\/www.monlau.com\/fp\/2024\/06\/21\/tienes-interes-en-conocer-mas-sobre-los-cursos-subvencionados-por-el-soc-que-ofrecemos-en-monlau\/#primaryimage\"},\"thumbnailUrl\":\"https:\/\/www.monlau.com\/app\/uploads\/sites\/3\/2026\/03\/Gead-1.png\",\"datePublished\":\"2024-06-20T22:00:00+00:00\",\"dateModified\":\"2026-03-10T09:03:28+00:00\",\"breadcrumb\":{\"@id\":\"https:\/\/www.monlau.com\/fp\/2024\/06\/21\/tienes-interes-en-conocer-mas-sobre-los-cursos-subvencionados-por-el-soc-que-ofrecemos-en-monlau\/#breadcrumb\"},\"inLanguage\":\"es\",\"potentialAction\":[{\"@type\":\"ReadAction\",\"target\":[\"https:\/\/www.monlau.com\/fp\/2024\/06\/21\/tienes-interes-en-conocer-mas-sobre-los-cursos-subvencionados-por-el-soc-que-ofrecemos-en-monlau\/\"]}]},{\"@type\":\"ImageObject\",\"inLanguage\":\"es\",\"@id\":\"https:\/\/www.monlau.com\/fp\/2024\/06\/21\/tienes-interes-en-conocer-mas-sobre-los-cursos-subvencionados-por-el-soc-que-ofrecemos-en-monlau\/#primaryimage\",\"url\":\"https:\/\/www.monlau.com\/app\/uploads\/sites\/3\/2026\/03\/Gead-1.png\",\"contentUrl\":\"https:\/\/www.monlau.com\/app\/uploads\/sites\/3\/2026\/03\/Gead-1.png\",\"width\":627,\"height\":418},{\"@type\":\"BreadcrumbList\",\"@id\":\"https:\/\/www.monlau.com\/fp\/2024\/06\/21\/tienes-interes-en-conocer-mas-sobre-los-cursos-subvencionados-por-el-soc-que-ofrecemos-en-monlau\/#breadcrumb\",\"itemListElement\":[{\"@type\":\"ListItem\",\"position\":1,\"name\":\"Portada\",\"item\":\"https:\/\/www.monlau.com\/fp\/\"},{\"@type\":\"ListItem\",\"position\":2,\"name\":\"\u00bfTienes inter\u00e9s en conocer m\u00e1s sobre los cursos subvencionados por el SOC que ofrecemos en Monlau?\"}]},{\"@type\":\"WebSite\",\"@id\":\"https:\/\/www.monlau.com\/fp\/#website\",\"url\":\"https:\/\/www.monlau.com\/fp\/\",\"name\":\"Formaci\u00f3n profesional\",\"description\":\"Monlau\",\"publisher\":{\"@id\":\"https:\/\/www.monlau.com\/fp\/#organization\"},\"potentialAction\":[{\"@type\":\"SearchAction\",\"target\":{\"@type\":\"EntryPoint\",\"urlTemplate\":\"https:\/\/www.monlau.com\/fp\/?s={search_term_string}\"},\"query-input\":{\"@type\":\"PropertyValueSpecification\",\"valueRequired\":true,\"valueName\":\"search_term_string\"}}],\"inLanguage\":\"es\"},{\"@type\":\"Organization\",\"@id\":\"https:\/\/www.monlau.com\/fp\/#organization\",\"name\":\"Formaci\u00f3n profesional\",\"url\":\"https:\/\/www.monlau.com\/fp\/\",\"logo\":{\"@type\":\"ImageObject\",\"inLanguage\":\"es\",\"@id\":\"https:\/\/www.monlau.com\/fp\/#\/schema\/logo\/image\/\",\"url\":\"https:\/\/www.monlau.com\/app\/uploads\/sites\/3\/2026\/01\/fp.png\",\"contentUrl\":\"https:\/\/www.monlau.com\/app\/uploads\/sites\/3\/2026\/01\/fp.png\",\"width\":1024,\"height\":878,\"caption\":\"Formaci\u00f3n profesional\"},\"image\":{\"@id\":\"https:\/\/www.monlau.com\/fp\/#\/schema\/logo\/image\/\"}},{\"@type\":\"Person\",\"@id\":\"https:\/\/www.monlau.com\/fp\/#\/schema\/person\/419cfdf054323e24e0a2ef1d8597f051\",\"name\":\"adsmurai\",\"image\":{\"@type\":\"ImageObject\",\"inLanguage\":\"es\",\"@id\":\"https:\/\/secure.gravatar.com\/avatar\/0748788578f91786454454fa3b4c295644edb991ad6caadc70b41d26790d38fc?s=96&d=mm&r=g\",\"url\":\"https:\/\/secure.gravatar.com\/avatar\/0748788578f91786454454fa3b4c295644edb991ad6caadc70b41d26790d38fc?s=96&d=mm&r=g\",\"contentUrl\":\"https:\/\/secure.gravatar.com\/avatar\/0748788578f91786454454fa3b4c295644edb991ad6caadc70b41d26790d38fc?s=96&d=mm&r=g\",\"caption\":\"adsmurai\"},\"sameAs\":[\"https:\/\/www.monlau.com\"],\"url\":\"https:\/\/www.monlau.com\/fp\/author\/adsmurai\/\"}]}<\/script>\n<!-- \/ Yoast SEO plugin. -->","yoast_head_json":{"title":"\u00bfTienes inter\u00e9s en conocer m\u00e1s sobre los cursos subvencionados por el SOC que ofrecemos en Monlau? - Formaci\u00f3n profesional","robots":{"index":"index","follow":"follow","max-snippet":"max-snippet:-1","max-image-preview":"max-image-preview:large","max-video-preview":"max-video-preview:-1"},"canonical":"https:\/\/www.monlau.com\/fp\/2024\/06\/21\/tienes-interes-en-conocer-mas-sobre-los-cursos-subvencionados-por-el-soc-que-ofrecemos-en-monlau\/","og_locale":"es_ES","og_type":"article","og_title":"\u00bfTienes inter\u00e9s en conocer m\u00e1s sobre los cursos subvencionados por el SOC que ofrecemos en Monlau? - Formaci\u00f3n profesional","og_description":"\u00a1Ya puedes inscribirte para que te enviemos informaci\u00f3n acerca de los cursos subvencionados por el Servei d\u2019Ocupaci\u00f3 de Catalunya (SOC)! Cursos del Servei d\u2019Ocupaci\u00f3 de Catalunya (SOC) en Monlau A continuaci\u00f3n, te presentamos los cursos subvencionados por el SOC que ofreceremos en Monlau en 2025 Para saber m\u00e1s: Buscador de cursos, especialidades y centros de [&hellip;]","og_url":"https:\/\/www.monlau.com\/fp\/2024\/06\/21\/tienes-interes-en-conocer-mas-sobre-los-cursos-subvencionados-por-el-soc-que-ofrecemos-en-monlau\/","og_site_name":"Formaci\u00f3n profesional","article_published_time":"2024-06-20T22:00:00+00:00","article_modified_time":"2026-03-10T09:03:28+00:00","og_image":[{"width":627,"height":418,"url":"https:\/\/www.monlau.com\/app\/uploads\/sites\/3\/2026\/03\/Gead-1.png","type":"image\/png"}],"author":"adsmurai","twitter_card":"summary_large_image","twitter_misc":{"Escrito por":"adsmurai","Tiempo de lectura":"2 minutos"},"schema":{"@context":"https:\/\/schema.org","@graph":[{"@type":"Article","@id":"https:\/\/www.monlau.com\/fp\/2024\/06\/21\/tienes-interes-en-conocer-mas-sobre-los-cursos-subvencionados-por-el-soc-que-ofrecemos-en-monlau\/#article","isPartOf":{"@id":"https:\/\/www.monlau.com\/fp\/2024\/06\/21\/tienes-interes-en-conocer-mas-sobre-los-cursos-subvencionados-por-el-soc-que-ofrecemos-en-monlau\/"},"author":{"name":"adsmurai","@id":"https:\/\/www.monlau.com\/fp\/#\/schema\/person\/419cfdf054323e24e0a2ef1d8597f051"},"headline":"\u00bfTienes inter\u00e9s en conocer m\u00e1s sobre los cursos subvencionados por el SOC que ofrecemos en Monlau?","datePublished":"2024-06-20T22:00:00+00:00","dateModified":"2026-03-10T09:03:28+00:00","mainEntityOfPage":{"@id":"https:\/\/www.monlau.com\/fp\/2024\/06\/21\/tienes-interes-en-conocer-mas-sobre-los-cursos-subvencionados-por-el-soc-que-ofrecemos-en-monlau\/"},"wordCount":337,"publisher":{"@id":"https:\/\/www.monlau.com\/fp\/#organization"},"image":{"@id":"https:\/\/www.monlau.com\/fp\/2024\/06\/21\/tienes-interes-en-conocer-mas-sobre-los-cursos-subvencionados-por-el-soc-que-ofrecemos-en-monlau\/#primaryimage"},"thumbnailUrl":"https:\/\/www.monlau.com\/app\/uploads\/sites\/3\/2026\/03\/Gead-1.png","keywords":["barcelona","carrocer\u00eda","empresas","estudios profesionales","lever touch","Postgrado"],"articleSection":["Automoci\u00f3n","Empresa y Marketing","Inform\u00e1tica","Monlau","Postgrado"],"inLanguage":"es"},{"@type":"WebPage","@id":"https:\/\/www.monlau.com\/fp\/2024\/06\/21\/tienes-interes-en-conocer-mas-sobre-los-cursos-subvencionados-por-el-soc-que-ofrecemos-en-monlau\/","url":"https:\/\/www.monlau.com\/fp\/2024\/06\/21\/tienes-interes-en-conocer-mas-sobre-los-cursos-subvencionados-por-el-soc-que-ofrecemos-en-monlau\/","name":"\u00bfTienes inter\u00e9s en conocer m\u00e1s sobre los cursos subvencionados por el SOC que ofrecemos en Monlau? - Formaci\u00f3n profesional","isPartOf":{"@id":"https:\/\/www.monlau.com\/fp\/#website"},"primaryImageOfPage":{"@id":"https:\/\/www.monlau.com\/fp\/2024\/06\/21\/tienes-interes-en-conocer-mas-sobre-los-cursos-subvencionados-por-el-soc-que-ofrecemos-en-monlau\/#primaryimage"},"image":{"@id":"https:\/\/www.monlau.com\/fp\/2024\/06\/21\/tienes-interes-en-conocer-mas-sobre-los-cursos-subvencionados-por-el-soc-que-ofrecemos-en-monlau\/#primaryimage"},"thumbnailUrl":"https:\/\/www.monlau.com\/app\/uploads\/sites\/3\/2026\/03\/Gead-1.png","datePublished":"2024-06-20T22:00:00+00:00","dateModified":"2026-03-10T09:03:28+00:00","breadcrumb":{"@id":"https:\/\/www.monlau.com\/fp\/2024\/06\/21\/tienes-interes-en-conocer-mas-sobre-los-cursos-subvencionados-por-el-soc-que-ofrecemos-en-monlau\/#breadcrumb"},"inLanguage":"es","potentialAction":[{"@type":"ReadAction","target":["https:\/\/www.monlau.com\/fp\/2024\/06\/21\/tienes-interes-en-conocer-mas-sobre-los-cursos-subvencionados-por-el-soc-que-ofrecemos-en-monlau\/"]}]},{"@type":"ImageObject","inLanguage":"es","@id":"https:\/\/www.monlau.com\/fp\/2024\/06\/21\/tienes-interes-en-conocer-mas-sobre-los-cursos-subvencionados-por-el-soc-que-ofrecemos-en-monlau\/#primaryimage","url":"https:\/\/www.monlau.com\/app\/uploads\/sites\/3\/2026\/03\/Gead-1.png","contentUrl":"https:\/\/www.monlau.com\/app\/uploads\/sites\/3\/2026\/03\/Gead-1.png","width":627,"height":418},{"@type":"BreadcrumbList","@id":"https:\/\/www.monlau.com\/fp\/2024\/06\/21\/tienes-interes-en-conocer-mas-sobre-los-cursos-subvencionados-por-el-soc-que-ofrecemos-en-monlau\/#breadcrumb","itemListElement":[{"@type":"ListItem","position":1,"name":"Portada","item":"https:\/\/www.monlau.com\/fp\/"},{"@type":"ListItem","position":2,"name":"\u00bfTienes inter\u00e9s en conocer m\u00e1s sobre los cursos subvencionados por el SOC que ofrecemos en Monlau?"}]},{"@type":"WebSite","@id":"https:\/\/www.monlau.com\/fp\/#website","url":"https:\/\/www.monlau.com\/fp\/","name":"Formaci\u00f3n profesional","description":"Monlau","publisher":{"@id":"https:\/\/www.monlau.com\/fp\/#organization"},"potentialAction":[{"@type":"SearchAction","target":{"@type":"EntryPoint","urlTemplate":"https:\/\/www.monlau.com\/fp\/?s={search_term_string}"},"query-input":{"@type":"PropertyValueSpecification","valueRequired":true,"valueName":"search_term_string"}}],"inLanguage":"es"},{"@type":"Organization","@id":"https:\/\/www.monlau.com\/fp\/#organization","name":"Formaci\u00f3n profesional","url":"https:\/\/www.monlau.com\/fp\/","logo":{"@type":"ImageObject","inLanguage":"es","@id":"https:\/\/www.monlau.com\/fp\/#\/schema\/logo\/image\/","url":"https:\/\/www.monlau.com\/app\/uploads\/sites\/3\/2026\/01\/fp.png","contentUrl":"https:\/\/www.monlau.com\/app\/uploads\/sites\/3\/2026\/01\/fp.png","width":1024,"height":878,"caption":"Formaci\u00f3n profesional"},"image":{"@id":"https:\/\/www.monlau.com\/fp\/#\/schema\/logo\/image\/"}},{"@type":"Person","@id":"https:\/\/www.monlau.com\/fp\/#\/schema\/person\/419cfdf054323e24e0a2ef1d8597f051","name":"adsmurai","image":{"@type":"ImageObject","inLanguage":"es","@id":"https:\/\/secure.gravatar.com\/avatar\/0748788578f91786454454fa3b4c295644edb991ad6caadc70b41d26790d38fc?s=96&d=mm&r=g","url":"https:\/\/secure.gravatar.com\/avatar\/0748788578f91786454454fa3b4c295644edb991ad6caadc70b41d26790d38fc?s=96&d=mm&r=g","contentUrl":"https:\/\/secure.gravatar.com\/avatar\/0748788578f91786454454fa3b4c295644edb991ad6caadc70b41d26790d38fc?s=96&d=mm&r=g","caption":"adsmurai"},"sameAs":["https:\/\/www.monlau.com"],"url":"https:\/\/www.monlau.com\/fp\/author\/adsmurai\/"}]}},"_links":{"self":[{"href":"https:\/\/www.monlau.com\/fp\/wp-json\/wp\/v2\/posts\/5986","targetHints":{"allow":["GET"]}}],"collection":[{"href":"https:\/\/www.monlau.com\/fp\/wp-json\/wp\/v2\/posts"}],"about":[{"href":"https:\/\/www.monlau.com\/fp\/wp-json\/wp\/v2\/types\/post"}],"author":[{"embeddable":true,"href":"https:\/\/www.monlau.com\/fp\/wp-json\/wp\/v2\/users\/1"}],"replies":[{"embeddable":true,"href":"https:\/\/www.monlau.com\/fp\/wp-json\/wp\/v2\/comments?post=5986"}],"version-history":[{"count":1,"href":"https:\/\/www.monlau.com\/fp\/wp-json\/wp\/v2\/posts\/5986\/revisions"}],"predecessor-version":[{"id":6369,"href":"https:\/\/www.monlau.com\/fp\/wp-json\/wp\/v2\/posts\/5986\/revisions\/6369"}],"wp:featuredmedia":[{"embeddable":true,"href":"https:\/\/www.monlau.com\/fp\/wp-json\/wp\/v2\/media\/3700"}],"wp:attachment":[{"href":"https:\/\/www.monlau.com\/fp\/wp-json\/wp\/v2\/media?parent=5986"}],"wp:term":[{"taxonomy":"category","embeddable":true,"href":"https:\/\/www.monlau.com\/fp\/wp-json\/wp\/v2\/categories?post=5986"},{"taxonomy":"post_tag","embeddable":true,"href":"https:\/\/www.monlau.com\/fp\/wp-json\/wp\/v2\/tags?post=5986"}],"curies":[{"name":"wp","href":"https:\/\/api.w.org\/{rel}","templated":true}]}}