{"id":5983,"date":"2024-06-03T00:00:00","date_gmt":"2024-06-02T22:00:00","guid":{"rendered":"https:\/\/www.monlau.com\/formacion-profesional\/jornada-de-la-automocion-2024-un-exito\/"},"modified":"2026-03-23T16:48:13","modified_gmt":"2026-03-23T15:48:13","slug":"jornada-de-la-automocion-2024-un-exito","status":"publish","type":"post","link":"https:\/\/www.monlau.com\/fp\/2024\/06\/03\/jornada-de-la-automocion-2024-un-exito\/","title":{"rendered":"Jornada de la automoci\u00f3n 2024"},"content":{"rendered":"<p><strong>Explorando la Jornada de Automoci\u00f3n Monlau: Impulsando el Futuro del Sector y el Talento Estudiantil&#8230;<\/strong><\/p>\n<p>La Jornada de Automoci\u00f3n Monlau es un evento de vital importancia para estudiantes, empresas y la industria autom\u00f3vil en general.<\/p>\n<p>Este evento, anualmente esperado, es mucho m\u00e1s que una simple presentaci\u00f3n de proyectos; es una plataforma que impulsa el desarrollo profesional de los estudiantes y fortalece los lazos entre la educaci\u00f3n y el mundo laboral.<\/p>\n<p><strong>La jornada destaca por la presentaci\u00f3n de m\u00e1s de 170 proyectos pr\u00e1cticos de los alumnos de 2\u00ba curso de Grado Medio y 2\u00ba curso de Grado Superior.\u00a0<\/strong><\/p>\n<p>Esta exhibici\u00f3n no solo muestra el talento y la dedicaci\u00f3n de los estudiantes, sino que tambi\u00e9n proporciona a las empresas una visi\u00f3n de las habilidades y conocimientos adquiridos por los futuros profesionales.<\/p>\n<h2>Lo mejor de la jornada de la automoci\u00f3n 2024&#8230;<\/h2>\n<p>Uno de los aspectos m\u00e1s destacados del evento son los <strong>6 proyectos de Monlau Tech, veh\u00edculos el\u00e9ctricos ligeros construidos \u00edntegramente por los alumnos de Grado Superior.<\/strong> Las pruebas din\u00e1micas realizadas ofrecen una visi\u00f3n realista del potencial y la innovaci\u00f3n que los estudiantes pueden aportar al sector del motor.<\/p>\n<p><strong>Con la presencia de m\u00e1s de 17 empresas expositoras y m\u00e1s de 40 empresas visitantes<\/strong>, la jornada se convierte en un punto de encuentro fundamental para buscar talento y establecer conexiones. Las empresas participantes conocen\u00a0de primera mano los proyectos estudiantiles y participar en actividades relacionadas con el mundo laboral y la b\u00fasqueda de trabajo.<\/p>\n<p>La colaboraci\u00f3n con las empresas expositoras es clave para realizar con \u00e9xito la Jornada de Automoci\u00f3n Monlau. El compromiso y la implicaci\u00f3n del profesorado, equipo directivo y equipos de gesti\u00f3n tambi\u00e9n son pilares fundamentales en la organizaci\u00f3n del evento.<br \/>\nEl evento se organiza para ver los proyectos pr\u00e1cticos del alumnado, realizar acciones de orientaci\u00f3n profesional y promover la empleabilidad. La conexi\u00f3n entre el alumnado y el mundo laboral es una prioridad, y la jornada ofrece una plataforma ideal para establecer este v\u00ednculo.<\/p>\n<p>Los visitantes pueden esperar una experiencia enriquecedora y diversa. El alumnado de 1o curso tiene su primera toma de contacto con el mundo laboral y puede inspirarse viendo los proyectos de los alumnos de 2o curso, pueden ver sus proyectos finales y presentar su candidatura a empresas en busca de ofertas laborales.<\/p>\n<p><strong>Las empresas pueden contactar con el alumnado para captar talento para trabajar y pr\u00e1cticas formativas.<\/strong><\/p>\n<h2>Una experiencia \u00fanica en la vida&#8230;<\/h2>\n<p style=\"margin: 12.0pt 0cm 12.0pt 0cm;\">Los principales objetivos del evento son promover <strong>la empleabilidad, contribuir a prestigiar la FP y mejorar la competitividad<\/strong>. Adem\u00e1s, se busca fortalecer la colaboraci\u00f3n entre las empresas y Monlau, fundamental para formar a los futuros profesionales del sector.<\/p>\n<p style=\"margin: 12.0pt 0cm 12.0pt 0cm;\">Durante la jornada realizamos actividades para promover la empleabilidad, como mesas redondas con expertos del sector de la automoci\u00f3n, actividades de revisi\u00f3n de CV, elaboraci\u00f3n del test DISC para comprender el perfil profesional de los alumnos y espacios reservados para entrevistar r\u00e1pidamente a candidatos.<\/p>\n<p style=\"margin: 12.0pt 0cm 12.0pt 0cm;\">Los proyectos presentados son evaluados <i>in situ<\/i> por tribunales acad\u00e9micos formados por profesorado, utilizando r\u00fabricas establecidas. Cada proyecto es accesible mediante un c\u00f3digo QR ubicado en el veh\u00edculo, enlazando a una carpeta online con documentaci\u00f3n que incluye una foto del proyecto finalizado, un v\u00eddeo de presentaci\u00f3n, la memoria del proyecto y el CV\/contacto del estudiante.<\/p>\n<p style=\"margin: 12.0pt 0cm 12.0pt 0cm;\">Esperamos que el impacto de la jornada contribuya a la mejora de la empleabilidad y la competitividad del sector automovil\u00edstico. Asimismo, se espera una mejor orientaci\u00f3n acad\u00e9mica para la continuidad formativa y profesional, as\u00ed como una mayor colaboraci\u00f3n entre empresas y Monlau.<\/p>\n<p><strong>La Jornada de Automoci\u00f3n Monlau es una iniciativa de gran inter\u00e9s para todos los agentes implicados. Con m\u00e1s de 800 visitantes y 330 contactos generados entre empresas y alumnos, el evento ha demostrado ser un \u00e9xito rotundo.\u00a0<\/strong><\/p>\n<p>El evento no solo promueve <strong>la empleabilidad y la formaci\u00f3n de calidad<\/strong>, sino que tambi\u00e9n fortalece los lazos entre la educaci\u00f3n y el mundo laboral, sentando las bases para un futuro pr\u00f3spero y colaborativo en la industria del motor.<\/p>\n<p>&nbsp;<\/p>\n<p><strong>Fotos jornada de la automoci\u00f3n 2024: <a href=\"https:\/\/flic.kr\/s\/aHBqjBvGZs\">https:\/\/flic.kr\/s\/aHBqjBvGZs<\/a><\/strong><\/p>\n<p><strong>\u00a0<\/strong><\/p>\n","protected":false},"excerpt":{"rendered":"<p>Explorando la Jornada de Automoci\u00f3n Monlau: Impulsando el Futuro del Sector y el Talento Estudiantil&#8230; La Jornada de Automoci\u00f3n Monlau es un evento de vital importancia para estudiantes, empresas y la industria autom\u00f3vil en general. Este evento, anualmente esperado, es mucho m\u00e1s que una simple presentaci\u00f3n de proyectos; es una plataforma que impulsa el desarrollo [&hellip;]<\/p>\n","protected":false},"author":1,"featured_media":3691,"comment_status":"closed","ping_status":"closed","sticky":false,"template":"","format":"standard","meta":{"footnotes":""},"categories":[36,57],"tags":[166,155,96,176,218,111],"class_list":["post-5983","post","type-post","status-publish","format-standard","has-post-thumbnail","hentry","category-automocion","category-monlau","tag-barcelona","tag-carroceria","tag-empresas","tag-estudios-profesionales","tag-lever-touch","tag-postgrado"],"yoast_head":"<!-- This site is optimized with the Yoast SEO plugin v27.2 - https:\/\/yoast.com\/product\/yoast-seo-wordpress\/ -->\n<title>Jornada de la automoci\u00f3n 2024 - Formaci\u00f3n profesional<\/title>\n<meta name=\"description\" content=\"En la Jornada de la Automoci\u00f3n m\u00e1s de 700 alumnos y alumnas participan exponiendo sus trabajos de final de curso. \u00a1Ya tenemos fecha!\" \/>\n<meta name=\"robots\" content=\"index, follow, max-snippet:-1, max-image-preview:large, max-video-preview:-1\" \/>\n<link rel=\"canonical\" href=\"https:\/\/www.monlau.com\/fp\/2024\/06\/03\/jornada-de-la-automocion-2024-un-exito\/\" \/>\n<meta property=\"og:locale\" content=\"es_ES\" \/>\n<meta property=\"og:type\" content=\"article\" \/>\n<meta property=\"og:title\" content=\"Jornada de la automoci\u00f3n 2024 - Formaci\u00f3n profesional\" \/>\n<meta property=\"og:description\" content=\"En la Jornada de la Automoci\u00f3n m\u00e1s de 700 alumnos y alumnas participan exponiendo sus trabajos de final de curso. \u00a1Ya tenemos fecha!\" \/>\n<meta property=\"og:url\" content=\"https:\/\/www.monlau.com\/fp\/2024\/06\/03\/jornada-de-la-automocion-2024-un-exito\/\" \/>\n<meta property=\"og:site_name\" content=\"Formaci\u00f3n profesional\" \/>\n<meta property=\"article:published_time\" content=\"2024-06-02T22:00:00+00:00\" \/>\n<meta property=\"article:modified_time\" content=\"2026-03-23T15:48:13+00:00\" \/>\n<meta property=\"og:image\" content=\"https:\/\/www.monlau.com\/app\/uploads\/sites\/3\/2026\/03\/Alumno-Monlau-1.jpg\" \/>\n\t<meta property=\"og:image:width\" content=\"1773\" \/>\n\t<meta property=\"og:image:height\" content=\"1182\" \/>\n\t<meta property=\"og:image:type\" content=\"image\/jpeg\" \/>\n<meta name=\"author\" content=\"adsmurai\" \/>\n<meta name=\"twitter:card\" content=\"summary_large_image\" \/>\n<meta name=\"twitter:label1\" content=\"Escrito por\" \/>\n\t<meta name=\"twitter:data1\" content=\"adsmurai\" \/>\n\t<meta name=\"twitter:label2\" content=\"Tiempo de lectura\" \/>\n\t<meta name=\"twitter:data2\" content=\"4 minutos\" \/>\n<script type=\"application\/ld+json\" class=\"yoast-schema-graph\">{\"@context\":\"https:\/\/schema.org\",\"@graph\":[{\"@type\":\"Article\",\"@id\":\"https:\/\/www.monlau.com\/fp\/2024\/06\/03\/jornada-de-la-automocion-2024-un-exito\/#article\",\"isPartOf\":{\"@id\":\"https:\/\/www.monlau.com\/fp\/2024\/06\/03\/jornada-de-la-automocion-2024-un-exito\/\"},\"author\":{\"name\":\"adsmurai\",\"@id\":\"https:\/\/www.monlau.com\/fp\/#\/schema\/person\/419cfdf054323e24e0a2ef1d8597f051\"},\"headline\":\"Jornada de la automoci\u00f3n 2024\",\"datePublished\":\"2024-06-02T22:00:00+00:00\",\"dateModified\":\"2026-03-23T15:48:13+00:00\",\"mainEntityOfPage\":{\"@id\":\"https:\/\/www.monlau.com\/fp\/2024\/06\/03\/jornada-de-la-automocion-2024-un-exito\/\"},\"wordCount\":718,\"publisher\":{\"@id\":\"https:\/\/www.monlau.com\/fp\/#organization\"},\"image\":{\"@id\":\"https:\/\/www.monlau.com\/fp\/2024\/06\/03\/jornada-de-la-automocion-2024-un-exito\/#primaryimage\"},\"thumbnailUrl\":\"https:\/\/www.monlau.com\/app\/uploads\/sites\/3\/2026\/03\/Alumno-Monlau-1.jpg\",\"keywords\":[\"barcelona\",\"carrocer\u00eda\",\"empresas\",\"estudios profesionales\",\"lever touch\",\"Postgrado\"],\"articleSection\":[\"Automoci\u00f3n\",\"Monlau\"],\"inLanguage\":\"es\"},{\"@type\":\"WebPage\",\"@id\":\"https:\/\/www.monlau.com\/fp\/2024\/06\/03\/jornada-de-la-automocion-2024-un-exito\/\",\"url\":\"https:\/\/www.monlau.com\/fp\/2024\/06\/03\/jornada-de-la-automocion-2024-un-exito\/\",\"name\":\"Jornada de la automoci\u00f3n 2024 - Formaci\u00f3n profesional\",\"isPartOf\":{\"@id\":\"https:\/\/www.monlau.com\/fp\/#website\"},\"primaryImageOfPage\":{\"@id\":\"https:\/\/www.monlau.com\/fp\/2024\/06\/03\/jornada-de-la-automocion-2024-un-exito\/#primaryimage\"},\"image\":{\"@id\":\"https:\/\/www.monlau.com\/fp\/2024\/06\/03\/jornada-de-la-automocion-2024-un-exito\/#primaryimage\"},\"thumbnailUrl\":\"https:\/\/www.monlau.com\/app\/uploads\/sites\/3\/2026\/03\/Alumno-Monlau-1.jpg\",\"datePublished\":\"2024-06-02T22:00:00+00:00\",\"dateModified\":\"2026-03-23T15:48:13+00:00\",\"description\":\"En la Jornada de la Automoci\u00f3n m\u00e1s de 700 alumnos y alumnas participan exponiendo sus trabajos de final de curso. \u00a1Ya tenemos fecha!\",\"breadcrumb\":{\"@id\":\"https:\/\/www.monlau.com\/fp\/2024\/06\/03\/jornada-de-la-automocion-2024-un-exito\/#breadcrumb\"},\"inLanguage\":\"es\",\"potentialAction\":[{\"@type\":\"ReadAction\",\"target\":[\"https:\/\/www.monlau.com\/fp\/2024\/06\/03\/jornada-de-la-automocion-2024-un-exito\/\"]}]},{\"@type\":\"ImageObject\",\"inLanguage\":\"es\",\"@id\":\"https:\/\/www.monlau.com\/fp\/2024\/06\/03\/jornada-de-la-automocion-2024-un-exito\/#primaryimage\",\"url\":\"https:\/\/www.monlau.com\/app\/uploads\/sites\/3\/2026\/03\/Alumno-Monlau-1.jpg\",\"contentUrl\":\"https:\/\/www.monlau.com\/app\/uploads\/sites\/3\/2026\/03\/Alumno-Monlau-1.jpg\",\"width\":1773,\"height\":1182},{\"@type\":\"BreadcrumbList\",\"@id\":\"https:\/\/www.monlau.com\/fp\/2024\/06\/03\/jornada-de-la-automocion-2024-un-exito\/#breadcrumb\",\"itemListElement\":[{\"@type\":\"ListItem\",\"position\":1,\"name\":\"Portada\",\"item\":\"https:\/\/www.monlau.com\/fp\/\"},{\"@type\":\"ListItem\",\"position\":2,\"name\":\"Jornada de la automoci\u00f3n 2024\"}]},{\"@type\":\"WebSite\",\"@id\":\"https:\/\/www.monlau.com\/fp\/#website\",\"url\":\"https:\/\/www.monlau.com\/fp\/\",\"name\":\"Formaci\u00f3n profesional\",\"description\":\"Monlau\",\"publisher\":{\"@id\":\"https:\/\/www.monlau.com\/fp\/#organization\"},\"potentialAction\":[{\"@type\":\"SearchAction\",\"target\":{\"@type\":\"EntryPoint\",\"urlTemplate\":\"https:\/\/www.monlau.com\/fp\/?s={search_term_string}\"},\"query-input\":{\"@type\":\"PropertyValueSpecification\",\"valueRequired\":true,\"valueName\":\"search_term_string\"}}],\"inLanguage\":\"es\"},{\"@type\":\"Organization\",\"@id\":\"https:\/\/www.monlau.com\/fp\/#organization\",\"name\":\"Formaci\u00f3n profesional\",\"url\":\"https:\/\/www.monlau.com\/fp\/\",\"logo\":{\"@type\":\"ImageObject\",\"inLanguage\":\"es\",\"@id\":\"https:\/\/www.monlau.com\/fp\/#\/schema\/logo\/image\/\",\"url\":\"https:\/\/www.monlau.com\/app\/uploads\/sites\/3\/2026\/01\/fp.png\",\"contentUrl\":\"https:\/\/www.monlau.com\/app\/uploads\/sites\/3\/2026\/01\/fp.png\",\"width\":1024,\"height\":878,\"caption\":\"Formaci\u00f3n profesional\"},\"image\":{\"@id\":\"https:\/\/www.monlau.com\/fp\/#\/schema\/logo\/image\/\"}},{\"@type\":\"Person\",\"@id\":\"https:\/\/www.monlau.com\/fp\/#\/schema\/person\/419cfdf054323e24e0a2ef1d8597f051\",\"name\":\"adsmurai\",\"image\":{\"@type\":\"ImageObject\",\"inLanguage\":\"es\",\"@id\":\"https:\/\/secure.gravatar.com\/avatar\/0748788578f91786454454fa3b4c295644edb991ad6caadc70b41d26790d38fc?s=96&d=mm&r=g\",\"url\":\"https:\/\/secure.gravatar.com\/avatar\/0748788578f91786454454fa3b4c295644edb991ad6caadc70b41d26790d38fc?s=96&d=mm&r=g\",\"contentUrl\":\"https:\/\/secure.gravatar.com\/avatar\/0748788578f91786454454fa3b4c295644edb991ad6caadc70b41d26790d38fc?s=96&d=mm&r=g\",\"caption\":\"adsmurai\"},\"sameAs\":[\"https:\/\/www.monlau.com\"],\"url\":\"https:\/\/www.monlau.com\/fp\/author\/adsmurai\/\"}]}<\/script>\n<!-- \/ Yoast SEO plugin. -->","yoast_head_json":{"title":"Jornada de la automoci\u00f3n 2024 - Formaci\u00f3n profesional","description":"En la Jornada de la Automoci\u00f3n m\u00e1s de 700 alumnos y alumnas participan exponiendo sus trabajos de final de curso. \u00a1Ya tenemos fecha!","robots":{"index":"index","follow":"follow","max-snippet":"max-snippet:-1","max-image-preview":"max-image-preview:large","max-video-preview":"max-video-preview:-1"},"canonical":"https:\/\/www.monlau.com\/fp\/2024\/06\/03\/jornada-de-la-automocion-2024-un-exito\/","og_locale":"es_ES","og_type":"article","og_title":"Jornada de la automoci\u00f3n 2024 - Formaci\u00f3n profesional","og_description":"En la Jornada de la Automoci\u00f3n m\u00e1s de 700 alumnos y alumnas participan exponiendo sus trabajos de final de curso. \u00a1Ya tenemos fecha!","og_url":"https:\/\/www.monlau.com\/fp\/2024\/06\/03\/jornada-de-la-automocion-2024-un-exito\/","og_site_name":"Formaci\u00f3n profesional","article_published_time":"2024-06-02T22:00:00+00:00","article_modified_time":"2026-03-23T15:48:13+00:00","og_image":[{"width":1773,"height":1182,"url":"https:\/\/www.monlau.com\/app\/uploads\/sites\/3\/2026\/03\/Alumno-Monlau-1.jpg","type":"image\/jpeg"}],"author":"adsmurai","twitter_card":"summary_large_image","twitter_misc":{"Escrito por":"adsmurai","Tiempo de lectura":"4 minutos"},"schema":{"@context":"https:\/\/schema.org","@graph":[{"@type":"Article","@id":"https:\/\/www.monlau.com\/fp\/2024\/06\/03\/jornada-de-la-automocion-2024-un-exito\/#article","isPartOf":{"@id":"https:\/\/www.monlau.com\/fp\/2024\/06\/03\/jornada-de-la-automocion-2024-un-exito\/"},"author":{"name":"adsmurai","@id":"https:\/\/www.monlau.com\/fp\/#\/schema\/person\/419cfdf054323e24e0a2ef1d8597f051"},"headline":"Jornada de la automoci\u00f3n 2024","datePublished":"2024-06-02T22:00:00+00:00","dateModified":"2026-03-23T15:48:13+00:00","mainEntityOfPage":{"@id":"https:\/\/www.monlau.com\/fp\/2024\/06\/03\/jornada-de-la-automocion-2024-un-exito\/"},"wordCount":718,"publisher":{"@id":"https:\/\/www.monlau.com\/fp\/#organization"},"image":{"@id":"https:\/\/www.monlau.com\/fp\/2024\/06\/03\/jornada-de-la-automocion-2024-un-exito\/#primaryimage"},"thumbnailUrl":"https:\/\/www.monlau.com\/app\/uploads\/sites\/3\/2026\/03\/Alumno-Monlau-1.jpg","keywords":["barcelona","carrocer\u00eda","empresas","estudios profesionales","lever touch","Postgrado"],"articleSection":["Automoci\u00f3n","Monlau"],"inLanguage":"es"},{"@type":"WebPage","@id":"https:\/\/www.monlau.com\/fp\/2024\/06\/03\/jornada-de-la-automocion-2024-un-exito\/","url":"https:\/\/www.monlau.com\/fp\/2024\/06\/03\/jornada-de-la-automocion-2024-un-exito\/","name":"Jornada de la automoci\u00f3n 2024 - Formaci\u00f3n profesional","isPartOf":{"@id":"https:\/\/www.monlau.com\/fp\/#website"},"primaryImageOfPage":{"@id":"https:\/\/www.monlau.com\/fp\/2024\/06\/03\/jornada-de-la-automocion-2024-un-exito\/#primaryimage"},"image":{"@id":"https:\/\/www.monlau.com\/fp\/2024\/06\/03\/jornada-de-la-automocion-2024-un-exito\/#primaryimage"},"thumbnailUrl":"https:\/\/www.monlau.com\/app\/uploads\/sites\/3\/2026\/03\/Alumno-Monlau-1.jpg","datePublished":"2024-06-02T22:00:00+00:00","dateModified":"2026-03-23T15:48:13+00:00","description":"En la Jornada de la Automoci\u00f3n m\u00e1s de 700 alumnos y alumnas participan exponiendo sus trabajos de final de curso. \u00a1Ya tenemos fecha!","breadcrumb":{"@id":"https:\/\/www.monlau.com\/fp\/2024\/06\/03\/jornada-de-la-automocion-2024-un-exito\/#breadcrumb"},"inLanguage":"es","potentialAction":[{"@type":"ReadAction","target":["https:\/\/www.monlau.com\/fp\/2024\/06\/03\/jornada-de-la-automocion-2024-un-exito\/"]}]},{"@type":"ImageObject","inLanguage":"es","@id":"https:\/\/www.monlau.com\/fp\/2024\/06\/03\/jornada-de-la-automocion-2024-un-exito\/#primaryimage","url":"https:\/\/www.monlau.com\/app\/uploads\/sites\/3\/2026\/03\/Alumno-Monlau-1.jpg","contentUrl":"https:\/\/www.monlau.com\/app\/uploads\/sites\/3\/2026\/03\/Alumno-Monlau-1.jpg","width":1773,"height":1182},{"@type":"BreadcrumbList","@id":"https:\/\/www.monlau.com\/fp\/2024\/06\/03\/jornada-de-la-automocion-2024-un-exito\/#breadcrumb","itemListElement":[{"@type":"ListItem","position":1,"name":"Portada","item":"https:\/\/www.monlau.com\/fp\/"},{"@type":"ListItem","position":2,"name":"Jornada de la automoci\u00f3n 2024"}]},{"@type":"WebSite","@id":"https:\/\/www.monlau.com\/fp\/#website","url":"https:\/\/www.monlau.com\/fp\/","name":"Formaci\u00f3n profesional","description":"Monlau","publisher":{"@id":"https:\/\/www.monlau.com\/fp\/#organization"},"potentialAction":[{"@type":"SearchAction","target":{"@type":"EntryPoint","urlTemplate":"https:\/\/www.monlau.com\/fp\/?s={search_term_string}"},"query-input":{"@type":"PropertyValueSpecification","valueRequired":true,"valueName":"search_term_string"}}],"inLanguage":"es"},{"@type":"Organization","@id":"https:\/\/www.monlau.com\/fp\/#organization","name":"Formaci\u00f3n profesional","url":"https:\/\/www.monlau.com\/fp\/","logo":{"@type":"ImageObject","inLanguage":"es","@id":"https:\/\/www.monlau.com\/fp\/#\/schema\/logo\/image\/","url":"https:\/\/www.monlau.com\/app\/uploads\/sites\/3\/2026\/01\/fp.png","contentUrl":"https:\/\/www.monlau.com\/app\/uploads\/sites\/3\/2026\/01\/fp.png","width":1024,"height":878,"caption":"Formaci\u00f3n profesional"},"image":{"@id":"https:\/\/www.monlau.com\/fp\/#\/schema\/logo\/image\/"}},{"@type":"Person","@id":"https:\/\/www.monlau.com\/fp\/#\/schema\/person\/419cfdf054323e24e0a2ef1d8597f051","name":"adsmurai","image":{"@type":"ImageObject","inLanguage":"es","@id":"https:\/\/secure.gravatar.com\/avatar\/0748788578f91786454454fa3b4c295644edb991ad6caadc70b41d26790d38fc?s=96&d=mm&r=g","url":"https:\/\/secure.gravatar.com\/avatar\/0748788578f91786454454fa3b4c295644edb991ad6caadc70b41d26790d38fc?s=96&d=mm&r=g","contentUrl":"https:\/\/secure.gravatar.com\/avatar\/0748788578f91786454454fa3b4c295644edb991ad6caadc70b41d26790d38fc?s=96&d=mm&r=g","caption":"adsmurai"},"sameAs":["https:\/\/www.monlau.com"],"url":"https:\/\/www.monlau.com\/fp\/author\/adsmurai\/"}]}},"_links":{"self":[{"href":"https:\/\/www.monlau.com\/fp\/wp-json\/wp\/v2\/posts\/5983","targetHints":{"allow":["GET"]}}],"collection":[{"href":"https:\/\/www.monlau.com\/fp\/wp-json\/wp\/v2\/posts"}],"about":[{"href":"https:\/\/www.monlau.com\/fp\/wp-json\/wp\/v2\/types\/post"}],"author":[{"embeddable":true,"href":"https:\/\/www.monlau.com\/fp\/wp-json\/wp\/v2\/users\/1"}],"replies":[{"embeddable":true,"href":"https:\/\/www.monlau.com\/fp\/wp-json\/wp\/v2\/comments?post=5983"}],"version-history":[{"count":2,"href":"https:\/\/www.monlau.com\/fp\/wp-json\/wp\/v2\/posts\/5983\/revisions"}],"predecessor-version":[{"id":9780,"href":"https:\/\/www.monlau.com\/fp\/wp-json\/wp\/v2\/posts\/5983\/revisions\/9780"}],"wp:featuredmedia":[{"embeddable":true,"href":"https:\/\/www.monlau.com\/fp\/wp-json\/wp\/v2\/media\/3691"}],"wp:attachment":[{"href":"https:\/\/www.monlau.com\/fp\/wp-json\/wp\/v2\/media?parent=5983"}],"wp:term":[{"taxonomy":"category","embeddable":true,"href":"https:\/\/www.monlau.com\/fp\/wp-json\/wp\/v2\/categories?post=5983"},{"taxonomy":"post_tag","embeddable":true,"href":"https:\/\/www.monlau.com\/fp\/wp-json\/wp\/v2\/tags?post=5983"}],"curies":[{"name":"wp","href":"https:\/\/api.w.org\/{rel}","templated":true}]}}