{"id":5981,"date":"2024-04-19T00:00:00","date_gmt":"2024-04-18T22:00:00","guid":{"rendered":"https:\/\/www.monlau.com\/formacion-profesional\/monlau-y-lever-touch-lanzan-el-postgrado-en-tecnicas-avanzadas-de-carroceria\/"},"modified":"2026-03-10T10:03:28","modified_gmt":"2026-03-10T09:03:28","slug":"monlau-y-lever-touch-lanzan-el-postgrado-en-tecnicas-avanzadas-de-carroceria","status":"publish","type":"post","link":"https:\/\/www.monlau.com\/fp\/2024\/04\/19\/monlau-y-lever-touch-lanzan-el-postgrado-en-tecnicas-avanzadas-de-carroceria\/","title":{"rendered":"Monlau y Lever Touch lanzan el Postgrado en T\u00e9cnicas Avanzadas de Carrocer\u00eda"},"content":{"rendered":"<blockquote>\n<p><strong><span style=\"font-size: 16px\">\u25aa El curso empezar\u00e1 en septiembre y ha sido anunciado a los alumnos y alumnas de Monlau en el marco de <\/span>\u00abla Semana de la Orientaci\u00f3n\u00bb<span style=\"font-size: 16px\"> organizada por el departamento de Promoci\u00f3n Laboral del centro<\/span><span style=\"font-size: 16px\"><\/span><\/strong><\/p>\n<p><strong><span style=\"font-size: 16px\">\u25aa Lever Touch ofrecer\u00e1 al alumnado del Postgrado la posibilidad de realizar sus pr\u00e1cticas de forma \u00edntegra en las instalaciones de la empresa en Barcelona.<\/span><\/strong><\/p>\n<\/blockquote>\n<p>Monlau y Lever Touch pondr\u00e1n en marcha el pr\u00f3ximo mes de septiembre la <strong>primera edici\u00f3n del Postgrado en T\u00e9cnicas Avanzadas de Carrocer\u00edas<\/strong>. As\u00ed lo han anunciado el director general de Grupo Monlau, Iban Ventura, y el director de <a href=\"https:\/\/www.levertouch.com\/es\/\">Lever Touch Espa\u00f1a<\/a>, Marcos Hidalgo, tras una visita que responsables de la empresa l\u00edder en t\u00e9cnicas PDR han realizado al centro de formaci\u00f3n en Postventa con mayor n\u00famero de alumnos de Automoci\u00f3n de toda Europa.<\/p>\n<p>Los <strong>m\u00e1s de 1.600 alumnos y alumnas<\/strong> que cursan Automoci\u00f3n en Monlau han podido conocer los detalles de este nuevo curso en el marco de \u2018la Semana de la Orientaci\u00f3n\u2019. \u201cPoder ofrecer un Postgrado en T\u00e9cnicas Avanzadas de Carrocer\u00eda de la mano de una empresa l\u00edder en su sector, como es Lever Touch, es una muy buena noticia para nuestros alumnos y alumnas, ya que les permitir\u00e1 acceder a una formaci\u00f3n en un \u00e1mbito de la Automoci\u00f3n que no para de crecer y demandar perfiles profesionales especializados\u201d, ha explicado Iban Ventura, director general de Grupo Monlau.<\/p>\n<p>Por su parte, el director general de Lever Touch Espa\u00f1a, Marcos Hidalgo, ha adelantado que la marca italiana ofrecer\u00e1 a parte del alumnado la <strong>posibilidad de realizar sus pr\u00e1cticas de forma \u00edntegra en las instalaciones de la empresa<\/strong> en Barcelona. \u201cEstamos muy contentos con este acuerdo. Monlau y Lever Touch compartimos la misma inquietud de ofrecer lo mejor a los j\u00f3venes. Creemos que esta es una oportunidad \u00fanica para ellos de adquirir conocimientos artesanales que pueden brindarles un gran futuro <br \/>profesional. Esto a su vez permitir\u00e1 a nuestra compa\u00f1\u00eda encontrar nuevos talentos\u00bb.<\/p>\n<p>El Postgrado abordar\u00e1, entre otros aspectos, diferentes m\u00e9todos de lijado, pulido, montaje y desmontaje, adem\u00e1s de otras t\u00e9cnicas <strong>\u2018smart repair\u2019<\/strong> con las que es posible reparar ara\u00f1azos, abolladuras por granizo y otros percances que restan valor a los veh\u00edculos. En este sentido, el contenido del curso incluir\u00e1 tambi\u00e9n conocimientos de las t\u00e9cnicas PDR para ense\u00f1ar al alumnado c\u00f3mo reparar abolladuras sin necesidad de pintar, con t\u00e9cnicas poco invasivas a trav\u00e9s de varillas, adhesivos termofusibles o inducci\u00f3n magn\u00e9tica.\u00a0<\/p>\n<p>El expertise de Lever Touch en esta t\u00e9cnica ser\u00e1 puesto a disposici\u00f3n de Grupo Monlau para descubrir nuevos talentos entre el alumnado de Automoci\u00f3n y satisfacer la demanda de un sector que, cada vez m\u00e1s, reclama especialistas para su incorporaci\u00f3n inmediata en los servicios Postventa y concesionarios.<\/p>\n<p>&nbsp;<\/p>\n<h3><strong>Si deseas m\u00e1s informaci\u00f3n sobre el postgrado puedes ponerte en contacto con nosotros:<\/strong><\/h3>\n<h3><strong>\u00a0<\/strong><\/h3>\n<p><strong>\u2022 Grupo Monlau:<\/strong>\u00a0<a href=\"https:\/\/www.linkedin.com\/in\/fernandoalabadi\/\">Fernando Alabad\u00ed<\/a>. E-mail: alabadif@monlau.com Tel\u00e9fono de <br \/>contacto: 667103717<\/p>\n<p><strong>\u2022 Contacto Lever Touch: <\/strong><a href=\"https:\/\/www.linkedin.com\/in\/ramonbruguerasfoye\/\">Ram\u00f3n Brugueras<\/a>. E-mail: brugueras@levertouch.com <br \/>Tel\u00e9fono de contacto: 65096253<\/p>\n","protected":false},"excerpt":{"rendered":"<p>\u25aa El curso empezar\u00e1 en septiembre y ha sido anunciado a los alumnos y alumnas de Monlau en el marco de \u00abla Semana de la Orientaci\u00f3n\u00bb organizada por el departamento de Promoci\u00f3n Laboral del centro \u25aa Lever Touch ofrecer\u00e1 al alumnado del Postgrado la posibilidad de realizar sus pr\u00e1cticas de forma \u00edntegra en las instalaciones [&hellip;]<\/p>\n","protected":false},"author":1,"featured_media":3688,"comment_status":"closed","ping_status":"closed","sticky":false,"template":"","format":"standard","meta":{"footnotes":""},"categories":[36,57,41],"tags":[166,155,96,176,218,111],"class_list":["post-5981","post","type-post","status-publish","format-standard","has-post-thumbnail","hentry","category-automocion","category-monlau","category-postgrado","tag-barcelona","tag-carroceria","tag-empresas","tag-estudios-profesionales","tag-lever-touch","tag-postgrado"],"yoast_head":"<!-- This site is optimized with the Yoast SEO plugin v27.2 - https:\/\/yoast.com\/product\/yoast-seo-wordpress\/ -->\n<title>Monlau y Lever Touch lanzan el Postgrado en T\u00e9cnicas Avanzadas de Carrocer\u00eda - Formaci\u00f3n profesional<\/title>\n<meta name=\"robots\" content=\"index, follow, max-snippet:-1, max-image-preview:large, max-video-preview:-1\" \/>\n<link rel=\"canonical\" href=\"https:\/\/www.monlau.com\/fp\/2024\/04\/19\/monlau-y-lever-touch-lanzan-el-postgrado-en-tecnicas-avanzadas-de-carroceria\/\" \/>\n<meta property=\"og:locale\" content=\"es_ES\" \/>\n<meta property=\"og:type\" content=\"article\" \/>\n<meta property=\"og:title\" content=\"Monlau y Lever Touch lanzan el Postgrado en T\u00e9cnicas Avanzadas de Carrocer\u00eda - Formaci\u00f3n profesional\" \/>\n<meta property=\"og:description\" content=\"\u25aa El curso empezar\u00e1 en septiembre y ha sido anunciado a los alumnos y alumnas de Monlau en el marco de \u00abla Semana de la Orientaci\u00f3n\u00bb organizada por el departamento de Promoci\u00f3n Laboral del centro \u25aa Lever Touch ofrecer\u00e1 al alumnado del Postgrado la posibilidad de realizar sus pr\u00e1cticas de forma \u00edntegra en las instalaciones [&hellip;]\" \/>\n<meta property=\"og:url\" content=\"https:\/\/www.monlau.com\/fp\/2024\/04\/19\/monlau-y-lever-touch-lanzan-el-postgrado-en-tecnicas-avanzadas-de-carroceria\/\" \/>\n<meta property=\"og:site_name\" content=\"Formaci\u00f3n profesional\" \/>\n<meta property=\"article:published_time\" content=\"2024-04-18T22:00:00+00:00\" \/>\n<meta property=\"article:modified_time\" content=\"2026-03-10T09:03:28+00:00\" \/>\n<meta property=\"og:image\" content=\"https:\/\/www.monlau.com\/app\/uploads\/sites\/3\/2026\/03\/Iban-Ventura-y-Marcos-Hidalgo-scaled.jpg\" \/>\n\t<meta property=\"og:image:width\" content=\"2560\" \/>\n\t<meta property=\"og:image:height\" content=\"1705\" \/>\n\t<meta property=\"og:image:type\" content=\"image\/jpeg\" \/>\n<meta name=\"author\" content=\"adsmurai\" \/>\n<meta name=\"twitter:card\" content=\"summary_large_image\" \/>\n<meta name=\"twitter:label1\" content=\"Escrito por\" \/>\n\t<meta name=\"twitter:data1\" content=\"adsmurai\" \/>\n\t<meta name=\"twitter:label2\" content=\"Tiempo de lectura\" \/>\n\t<meta name=\"twitter:data2\" content=\"3 minutos\" \/>\n<script type=\"application\/ld+json\" class=\"yoast-schema-graph\">{\"@context\":\"https:\/\/schema.org\",\"@graph\":[{\"@type\":\"Article\",\"@id\":\"https:\/\/www.monlau.com\/fp\/2024\/04\/19\/monlau-y-lever-touch-lanzan-el-postgrado-en-tecnicas-avanzadas-de-carroceria\/#article\",\"isPartOf\":{\"@id\":\"https:\/\/www.monlau.com\/fp\/2024\/04\/19\/monlau-y-lever-touch-lanzan-el-postgrado-en-tecnicas-avanzadas-de-carroceria\/\"},\"author\":{\"name\":\"adsmurai\",\"@id\":\"https:\/\/www.monlau.com\/fp\/#\/schema\/person\/419cfdf054323e24e0a2ef1d8597f051\"},\"headline\":\"Monlau y Lever Touch lanzan el Postgrado en T\u00e9cnicas Avanzadas de Carrocer\u00eda\",\"datePublished\":\"2024-04-18T22:00:00+00:00\",\"dateModified\":\"2026-03-10T09:03:28+00:00\",\"mainEntityOfPage\":{\"@id\":\"https:\/\/www.monlau.com\/fp\/2024\/04\/19\/monlau-y-lever-touch-lanzan-el-postgrado-en-tecnicas-avanzadas-de-carroceria\/\"},\"wordCount\":542,\"publisher\":{\"@id\":\"https:\/\/www.monlau.com\/fp\/#organization\"},\"image\":{\"@id\":\"https:\/\/www.monlau.com\/fp\/2024\/04\/19\/monlau-y-lever-touch-lanzan-el-postgrado-en-tecnicas-avanzadas-de-carroceria\/#primaryimage\"},\"thumbnailUrl\":\"https:\/\/www.monlau.com\/app\/uploads\/sites\/3\/2026\/03\/Iban-Ventura-y-Marcos-Hidalgo-scaled.jpg\",\"keywords\":[\"barcelona\",\"carrocer\u00eda\",\"empresas\",\"estudios profesionales\",\"lever touch\",\"Postgrado\"],\"articleSection\":[\"Automoci\u00f3n\",\"Monlau\",\"Postgrado\"],\"inLanguage\":\"es\"},{\"@type\":\"WebPage\",\"@id\":\"https:\/\/www.monlau.com\/fp\/2024\/04\/19\/monlau-y-lever-touch-lanzan-el-postgrado-en-tecnicas-avanzadas-de-carroceria\/\",\"url\":\"https:\/\/www.monlau.com\/fp\/2024\/04\/19\/monlau-y-lever-touch-lanzan-el-postgrado-en-tecnicas-avanzadas-de-carroceria\/\",\"name\":\"Monlau y Lever Touch lanzan el Postgrado en T\u00e9cnicas Avanzadas de Carrocer\u00eda - Formaci\u00f3n profesional\",\"isPartOf\":{\"@id\":\"https:\/\/www.monlau.com\/fp\/#website\"},\"primaryImageOfPage\":{\"@id\":\"https:\/\/www.monlau.com\/fp\/2024\/04\/19\/monlau-y-lever-touch-lanzan-el-postgrado-en-tecnicas-avanzadas-de-carroceria\/#primaryimage\"},\"image\":{\"@id\":\"https:\/\/www.monlau.com\/fp\/2024\/04\/19\/monlau-y-lever-touch-lanzan-el-postgrado-en-tecnicas-avanzadas-de-carroceria\/#primaryimage\"},\"thumbnailUrl\":\"https:\/\/www.monlau.com\/app\/uploads\/sites\/3\/2026\/03\/Iban-Ventura-y-Marcos-Hidalgo-scaled.jpg\",\"datePublished\":\"2024-04-18T22:00:00+00:00\",\"dateModified\":\"2026-03-10T09:03:28+00:00\",\"breadcrumb\":{\"@id\":\"https:\/\/www.monlau.com\/fp\/2024\/04\/19\/monlau-y-lever-touch-lanzan-el-postgrado-en-tecnicas-avanzadas-de-carroceria\/#breadcrumb\"},\"inLanguage\":\"es\",\"potentialAction\":[{\"@type\":\"ReadAction\",\"target\":[\"https:\/\/www.monlau.com\/fp\/2024\/04\/19\/monlau-y-lever-touch-lanzan-el-postgrado-en-tecnicas-avanzadas-de-carroceria\/\"]}]},{\"@type\":\"ImageObject\",\"inLanguage\":\"es\",\"@id\":\"https:\/\/www.monlau.com\/fp\/2024\/04\/19\/monlau-y-lever-touch-lanzan-el-postgrado-en-tecnicas-avanzadas-de-carroceria\/#primaryimage\",\"url\":\"https:\/\/www.monlau.com\/app\/uploads\/sites\/3\/2026\/03\/Iban-Ventura-y-Marcos-Hidalgo-scaled.jpg\",\"contentUrl\":\"https:\/\/www.monlau.com\/app\/uploads\/sites\/3\/2026\/03\/Iban-Ventura-y-Marcos-Hidalgo-scaled.jpg\",\"width\":2560,\"height\":1705},{\"@type\":\"BreadcrumbList\",\"@id\":\"https:\/\/www.monlau.com\/fp\/2024\/04\/19\/monlau-y-lever-touch-lanzan-el-postgrado-en-tecnicas-avanzadas-de-carroceria\/#breadcrumb\",\"itemListElement\":[{\"@type\":\"ListItem\",\"position\":1,\"name\":\"Portada\",\"item\":\"https:\/\/www.monlau.com\/fp\/\"},{\"@type\":\"ListItem\",\"position\":2,\"name\":\"Monlau y Lever Touch lanzan el Postgrado en T\u00e9cnicas Avanzadas de Carrocer\u00eda\"}]},{\"@type\":\"WebSite\",\"@id\":\"https:\/\/www.monlau.com\/fp\/#website\",\"url\":\"https:\/\/www.monlau.com\/fp\/\",\"name\":\"Formaci\u00f3n profesional\",\"description\":\"Monlau\",\"publisher\":{\"@id\":\"https:\/\/www.monlau.com\/fp\/#organization\"},\"potentialAction\":[{\"@type\":\"SearchAction\",\"target\":{\"@type\":\"EntryPoint\",\"urlTemplate\":\"https:\/\/www.monlau.com\/fp\/?s={search_term_string}\"},\"query-input\":{\"@type\":\"PropertyValueSpecification\",\"valueRequired\":true,\"valueName\":\"search_term_string\"}}],\"inLanguage\":\"es\"},{\"@type\":\"Organization\",\"@id\":\"https:\/\/www.monlau.com\/fp\/#organization\",\"name\":\"Formaci\u00f3n profesional\",\"url\":\"https:\/\/www.monlau.com\/fp\/\",\"logo\":{\"@type\":\"ImageObject\",\"inLanguage\":\"es\",\"@id\":\"https:\/\/www.monlau.com\/fp\/#\/schema\/logo\/image\/\",\"url\":\"https:\/\/www.monlau.com\/app\/uploads\/sites\/3\/2026\/01\/fp.png\",\"contentUrl\":\"https:\/\/www.monlau.com\/app\/uploads\/sites\/3\/2026\/01\/fp.png\",\"width\":1024,\"height\":878,\"caption\":\"Formaci\u00f3n profesional\"},\"image\":{\"@id\":\"https:\/\/www.monlau.com\/fp\/#\/schema\/logo\/image\/\"}},{\"@type\":\"Person\",\"@id\":\"https:\/\/www.monlau.com\/fp\/#\/schema\/person\/419cfdf054323e24e0a2ef1d8597f051\",\"name\":\"adsmurai\",\"image\":{\"@type\":\"ImageObject\",\"inLanguage\":\"es\",\"@id\":\"https:\/\/secure.gravatar.com\/avatar\/0748788578f91786454454fa3b4c295644edb991ad6caadc70b41d26790d38fc?s=96&d=mm&r=g\",\"url\":\"https:\/\/secure.gravatar.com\/avatar\/0748788578f91786454454fa3b4c295644edb991ad6caadc70b41d26790d38fc?s=96&d=mm&r=g\",\"contentUrl\":\"https:\/\/secure.gravatar.com\/avatar\/0748788578f91786454454fa3b4c295644edb991ad6caadc70b41d26790d38fc?s=96&d=mm&r=g\",\"caption\":\"adsmurai\"},\"sameAs\":[\"https:\/\/www.monlau.com\"],\"url\":\"https:\/\/www.monlau.com\/fp\/author\/adsmurai\/\"}]}<\/script>\n<!-- \/ Yoast SEO plugin. -->","yoast_head_json":{"title":"Monlau y Lever Touch lanzan el Postgrado en T\u00e9cnicas Avanzadas de Carrocer\u00eda - Formaci\u00f3n profesional","robots":{"index":"index","follow":"follow","max-snippet":"max-snippet:-1","max-image-preview":"max-image-preview:large","max-video-preview":"max-video-preview:-1"},"canonical":"https:\/\/www.monlau.com\/fp\/2024\/04\/19\/monlau-y-lever-touch-lanzan-el-postgrado-en-tecnicas-avanzadas-de-carroceria\/","og_locale":"es_ES","og_type":"article","og_title":"Monlau y Lever Touch lanzan el Postgrado en T\u00e9cnicas Avanzadas de Carrocer\u00eda - Formaci\u00f3n profesional","og_description":"\u25aa El curso empezar\u00e1 en septiembre y ha sido anunciado a los alumnos y alumnas de Monlau en el marco de \u00abla Semana de la Orientaci\u00f3n\u00bb organizada por el departamento de Promoci\u00f3n Laboral del centro \u25aa Lever Touch ofrecer\u00e1 al alumnado del Postgrado la posibilidad de realizar sus pr\u00e1cticas de forma \u00edntegra en las instalaciones [&hellip;]","og_url":"https:\/\/www.monlau.com\/fp\/2024\/04\/19\/monlau-y-lever-touch-lanzan-el-postgrado-en-tecnicas-avanzadas-de-carroceria\/","og_site_name":"Formaci\u00f3n profesional","article_published_time":"2024-04-18T22:00:00+00:00","article_modified_time":"2026-03-10T09:03:28+00:00","og_image":[{"width":2560,"height":1705,"url":"https:\/\/www.monlau.com\/app\/uploads\/sites\/3\/2026\/03\/Iban-Ventura-y-Marcos-Hidalgo-scaled.jpg","type":"image\/jpeg"}],"author":"adsmurai","twitter_card":"summary_large_image","twitter_misc":{"Escrito por":"adsmurai","Tiempo de lectura":"3 minutos"},"schema":{"@context":"https:\/\/schema.org","@graph":[{"@type":"Article","@id":"https:\/\/www.monlau.com\/fp\/2024\/04\/19\/monlau-y-lever-touch-lanzan-el-postgrado-en-tecnicas-avanzadas-de-carroceria\/#article","isPartOf":{"@id":"https:\/\/www.monlau.com\/fp\/2024\/04\/19\/monlau-y-lever-touch-lanzan-el-postgrado-en-tecnicas-avanzadas-de-carroceria\/"},"author":{"name":"adsmurai","@id":"https:\/\/www.monlau.com\/fp\/#\/schema\/person\/419cfdf054323e24e0a2ef1d8597f051"},"headline":"Monlau y Lever Touch lanzan el Postgrado en T\u00e9cnicas Avanzadas de Carrocer\u00eda","datePublished":"2024-04-18T22:00:00+00:00","dateModified":"2026-03-10T09:03:28+00:00","mainEntityOfPage":{"@id":"https:\/\/www.monlau.com\/fp\/2024\/04\/19\/monlau-y-lever-touch-lanzan-el-postgrado-en-tecnicas-avanzadas-de-carroceria\/"},"wordCount":542,"publisher":{"@id":"https:\/\/www.monlau.com\/fp\/#organization"},"image":{"@id":"https:\/\/www.monlau.com\/fp\/2024\/04\/19\/monlau-y-lever-touch-lanzan-el-postgrado-en-tecnicas-avanzadas-de-carroceria\/#primaryimage"},"thumbnailUrl":"https:\/\/www.monlau.com\/app\/uploads\/sites\/3\/2026\/03\/Iban-Ventura-y-Marcos-Hidalgo-scaled.jpg","keywords":["barcelona","carrocer\u00eda","empresas","estudios profesionales","lever touch","Postgrado"],"articleSection":["Automoci\u00f3n","Monlau","Postgrado"],"inLanguage":"es"},{"@type":"WebPage","@id":"https:\/\/www.monlau.com\/fp\/2024\/04\/19\/monlau-y-lever-touch-lanzan-el-postgrado-en-tecnicas-avanzadas-de-carroceria\/","url":"https:\/\/www.monlau.com\/fp\/2024\/04\/19\/monlau-y-lever-touch-lanzan-el-postgrado-en-tecnicas-avanzadas-de-carroceria\/","name":"Monlau y Lever Touch lanzan el Postgrado en T\u00e9cnicas Avanzadas de Carrocer\u00eda - Formaci\u00f3n profesional","isPartOf":{"@id":"https:\/\/www.monlau.com\/fp\/#website"},"primaryImageOfPage":{"@id":"https:\/\/www.monlau.com\/fp\/2024\/04\/19\/monlau-y-lever-touch-lanzan-el-postgrado-en-tecnicas-avanzadas-de-carroceria\/#primaryimage"},"image":{"@id":"https:\/\/www.monlau.com\/fp\/2024\/04\/19\/monlau-y-lever-touch-lanzan-el-postgrado-en-tecnicas-avanzadas-de-carroceria\/#primaryimage"},"thumbnailUrl":"https:\/\/www.monlau.com\/app\/uploads\/sites\/3\/2026\/03\/Iban-Ventura-y-Marcos-Hidalgo-scaled.jpg","datePublished":"2024-04-18T22:00:00+00:00","dateModified":"2026-03-10T09:03:28+00:00","breadcrumb":{"@id":"https:\/\/www.monlau.com\/fp\/2024\/04\/19\/monlau-y-lever-touch-lanzan-el-postgrado-en-tecnicas-avanzadas-de-carroceria\/#breadcrumb"},"inLanguage":"es","potentialAction":[{"@type":"ReadAction","target":["https:\/\/www.monlau.com\/fp\/2024\/04\/19\/monlau-y-lever-touch-lanzan-el-postgrado-en-tecnicas-avanzadas-de-carroceria\/"]}]},{"@type":"ImageObject","inLanguage":"es","@id":"https:\/\/www.monlau.com\/fp\/2024\/04\/19\/monlau-y-lever-touch-lanzan-el-postgrado-en-tecnicas-avanzadas-de-carroceria\/#primaryimage","url":"https:\/\/www.monlau.com\/app\/uploads\/sites\/3\/2026\/03\/Iban-Ventura-y-Marcos-Hidalgo-scaled.jpg","contentUrl":"https:\/\/www.monlau.com\/app\/uploads\/sites\/3\/2026\/03\/Iban-Ventura-y-Marcos-Hidalgo-scaled.jpg","width":2560,"height":1705},{"@type":"BreadcrumbList","@id":"https:\/\/www.monlau.com\/fp\/2024\/04\/19\/monlau-y-lever-touch-lanzan-el-postgrado-en-tecnicas-avanzadas-de-carroceria\/#breadcrumb","itemListElement":[{"@type":"ListItem","position":1,"name":"Portada","item":"https:\/\/www.monlau.com\/fp\/"},{"@type":"ListItem","position":2,"name":"Monlau y Lever Touch lanzan el Postgrado en T\u00e9cnicas Avanzadas de Carrocer\u00eda"}]},{"@type":"WebSite","@id":"https:\/\/www.monlau.com\/fp\/#website","url":"https:\/\/www.monlau.com\/fp\/","name":"Formaci\u00f3n profesional","description":"Monlau","publisher":{"@id":"https:\/\/www.monlau.com\/fp\/#organization"},"potentialAction":[{"@type":"SearchAction","target":{"@type":"EntryPoint","urlTemplate":"https:\/\/www.monlau.com\/fp\/?s={search_term_string}"},"query-input":{"@type":"PropertyValueSpecification","valueRequired":true,"valueName":"search_term_string"}}],"inLanguage":"es"},{"@type":"Organization","@id":"https:\/\/www.monlau.com\/fp\/#organization","name":"Formaci\u00f3n profesional","url":"https:\/\/www.monlau.com\/fp\/","logo":{"@type":"ImageObject","inLanguage":"es","@id":"https:\/\/www.monlau.com\/fp\/#\/schema\/logo\/image\/","url":"https:\/\/www.monlau.com\/app\/uploads\/sites\/3\/2026\/01\/fp.png","contentUrl":"https:\/\/www.monlau.com\/app\/uploads\/sites\/3\/2026\/01\/fp.png","width":1024,"height":878,"caption":"Formaci\u00f3n profesional"},"image":{"@id":"https:\/\/www.monlau.com\/fp\/#\/schema\/logo\/image\/"}},{"@type":"Person","@id":"https:\/\/www.monlau.com\/fp\/#\/schema\/person\/419cfdf054323e24e0a2ef1d8597f051","name":"adsmurai","image":{"@type":"ImageObject","inLanguage":"es","@id":"https:\/\/secure.gravatar.com\/avatar\/0748788578f91786454454fa3b4c295644edb991ad6caadc70b41d26790d38fc?s=96&d=mm&r=g","url":"https:\/\/secure.gravatar.com\/avatar\/0748788578f91786454454fa3b4c295644edb991ad6caadc70b41d26790d38fc?s=96&d=mm&r=g","contentUrl":"https:\/\/secure.gravatar.com\/avatar\/0748788578f91786454454fa3b4c295644edb991ad6caadc70b41d26790d38fc?s=96&d=mm&r=g","caption":"adsmurai"},"sameAs":["https:\/\/www.monlau.com"],"url":"https:\/\/www.monlau.com\/fp\/author\/adsmurai\/"}]}},"_links":{"self":[{"href":"https:\/\/www.monlau.com\/fp\/wp-json\/wp\/v2\/posts\/5981","targetHints":{"allow":["GET"]}}],"collection":[{"href":"https:\/\/www.monlau.com\/fp\/wp-json\/wp\/v2\/posts"}],"about":[{"href":"https:\/\/www.monlau.com\/fp\/wp-json\/wp\/v2\/types\/post"}],"author":[{"embeddable":true,"href":"https:\/\/www.monlau.com\/fp\/wp-json\/wp\/v2\/users\/1"}],"replies":[{"embeddable":true,"href":"https:\/\/www.monlau.com\/fp\/wp-json\/wp\/v2\/comments?post=5981"}],"version-history":[{"count":1,"href":"https:\/\/www.monlau.com\/fp\/wp-json\/wp\/v2\/posts\/5981\/revisions"}],"predecessor-version":[{"id":6377,"href":"https:\/\/www.monlau.com\/fp\/wp-json\/wp\/v2\/posts\/5981\/revisions\/6377"}],"wp:featuredmedia":[{"embeddable":true,"href":"https:\/\/www.monlau.com\/fp\/wp-json\/wp\/v2\/media\/3688"}],"wp:attachment":[{"href":"https:\/\/www.monlau.com\/fp\/wp-json\/wp\/v2\/media?parent=5981"}],"wp:term":[{"taxonomy":"category","embeddable":true,"href":"https:\/\/www.monlau.com\/fp\/wp-json\/wp\/v2\/categories?post=5981"},{"taxonomy":"post_tag","embeddable":true,"href":"https:\/\/www.monlau.com\/fp\/wp-json\/wp\/v2\/tags?post=5981"}],"curies":[{"name":"wp","href":"https:\/\/api.w.org\/{rel}","templated":true}]}}