{"id":5980,"date":"2024-02-09T00:00:00","date_gmt":"2024-02-08T23:00:00","guid":{"rendered":"https:\/\/www.monlau.com\/formacion-profesional\/abierta-la-matricula-de-la-tercera-promocion-del-curso-de-especializacion-en-ciberseguridad-ceti-en-barcelona\/"},"modified":"2026-03-23T16:46:54","modified_gmt":"2026-03-23T15:46:54","slug":"abierta-la-matricula-de-la-tercera-promocion-del-curso-de-especializacion-en-ciberseguridad-ceti-en-barcelona","status":"publish","type":"post","link":"https:\/\/www.monlau.com\/fp\/2024\/02\/09\/abierta-la-matricula-de-la-tercera-promocion-del-curso-de-especializacion-en-ciberseguridad-ceti-en-barcelona\/","title":{"rendered":"Abierta la Matricula de la tercera promoci\u00f3n del Curso de Especializaci\u00f3n en Ciberseguridad (CETI) en Barcelona"},"content":{"rendered":"<p><span data-contrast=\"auto\">Vivimos un momento en el que <\/span><b><span data-contrast=\"auto\">cada vez tiene m\u00e1s importancia<\/span><\/b><span data-contrast=\"auto\"> el trabajo de <\/span><b><span data-contrast=\"auto\">profesionales especializados en Ciberseguridad<\/span><\/b><span data-contrast=\"auto\"> que garanticen la protecci\u00f3n de datos para las empresas.<\/span><span data-ccp-props=\"{&quot;201341983&quot;:0,&quot;335559739&quot;:160,&quot;335559740&quot;:259}\">\u00a0<\/span><\/p>\n<p><span data-contrast=\"auto\">En Monlau, estamos comprometidos en formar a los profesionales del futuro, dot\u00e1ndolos de las herramientas y los conocimientos necesarios para hacer frente a esta<\/span><b><span data-contrast=\"auto\"> creciente demanda<\/span><\/b><span data-contrast=\"auto\">.\u00a0<\/span><\/p>\n<p><span data-ccp-props=\"{&quot;201341983&quot;:0,&quot;335559739&quot;:160,&quot;335559740&quot;:259}\"><b>Si eres un apasionado\/a de la Inform\u00e1tica<\/b> y quieres especializarte en Ciberseguridad, nos complace anunciarte que ya <a href=\"https:\/\/www.monlau.com\/formacio-professional\/project\/curso-de-especializacion-de-ciberseguridad-en-entornos-de-las-tecnologias-de-la-informacion-ceti\/\"><b>est\u00e1 abierta la matr\u00edcula<\/b><\/a> para la tercera promoci\u00f3n del <b>mejor curso<\/b> de especializaci\u00f3n en <a href=\"https:\/\/www.monlau.com\/formacio-professional\/project\/curso-de-especializacion-de-ciberseguridad-en-entornos-de-las-tecnologias-de-la-informacion-ceti\/\">Ciberseguridad en Entornos de las Tecnolog\u00edas de la Informaci\u00f3n <\/a><b>en Barcelona<\/b>.\u00a0\u00a0<\/span><\/p>\n<h2><span class=\"TextRun SCXW221269827 BCX9\" lang=\"ES-ES\" data-contrast=\"none\"><span class=\"NormalTextRun SCXW221269827 BCX9\" data-ccp-parastyle=\"heading 2\">\u00bfQu\u00e9 es Ciberseguridad?<\/span><\/span><\/h2>\n<p><span class=\"TextRun SCXW136637558 BCX9\" lang=\"ES-ES\" data-contrast=\"auto\"><span class=\"NormalTextRun SCXW136637558 BCX9\">La ciberseguridad es la rama de la <\/span><span class=\"NormalTextRun SCXW136637558 BCX9\">I<\/span><span class=\"NormalTextRun SCXW136637558 BCX9\">nform\u00e1tica que se encarga de <\/span><\/span><strong><span class=\"TextRun SCXW136637558 BCX9\" lang=\"ES-ES\" data-contrast=\"auto\"><span class=\"NormalTextRun SCXW136637558 BCX9\">proteger la informaci\u00f3n <\/span><\/span><\/strong><span class=\"TextRun SCXW136637558 BCX9\" lang=\"ES-ES\" data-contrast=\"auto\"><span class=\"NormalTextRun SCXW136637558 BCX9\">y los sistemas digitales ante <\/span><span class=\"NormalTextRun SCXW136637558 BCX9\">posibles <\/span><\/span><a href=\"https:\/\/www.ibm.com\/es-es\/topics\/cyber-attack\"><strong><span class=\"TextRun SCXW136637558 BCX9\" lang=\"ES-ES\" data-contrast=\"auto\"><span class=\"NormalTextRun SCXW136637558 BCX9\">ataques inform\u00e1ticos<\/span><\/span><\/strong><\/a><span class=\"TextRun SCXW136637558 BCX9\" lang=\"ES-ES\" data-contrast=\"auto\"><span class=\"NormalTextRun SCXW136637558 BCX9\">.<\/span> <\/span><\/p>\n<p><span class=\"TextRun SCXW136637558 BCX9\" lang=\"ES-ES\" data-contrast=\"auto\"><span class=\"NormalTextRun SCXW136637558 BCX9\">En consecuencia, las empresas tienen la responsabilidad de <\/span><span class=\"NormalTextRun SCXW136637558 BCX9\">resguardar<\/span><span class=\"NormalTextRun SCXW136637558 BCX9\"> los datos que poseen, estableciendo medidas y haciendo uso de herramientas que <\/span><span class=\"NormalTextRun SCXW136637558 BCX9\">garanti<\/span><span class=\"NormalTextRun SCXW136637558 BCX9\">cen<\/span><span class=\"NormalTextRun SCXW136637558 BCX9\"> su confidencialidad<\/span><span class=\"NormalTextRun SCXW136637558 BCX9\">.<\/span><\/span><span class=\"EOP SCXW136637558 BCX9\" data-ccp-props=\"{&quot;201341983&quot;:0,&quot;335559739&quot;:160,&quot;335559740&quot;:259}\">\u00a0<\/span><\/p>\n<h2><span class=\"TextRun SCXW259738094 BCX9\" lang=\"ES-ES\" data-contrast=\"none\"><span class=\"NormalTextRun SCXW259738094 BCX9\" data-ccp-parastyle=\"heading 2\">\u00bfPor qu\u00e9 <\/span><span class=\"NormalTextRun SCXW259738094 BCX9\" data-ccp-parastyle=\"heading 2\">es importante<\/span><span class=\"NormalTextRun SCXW259738094 BCX9\" data-ccp-parastyle=\"heading 2\">?<\/span><\/span><span class=\"EOP SCXW259738094 BCX9\" data-ccp-props=\"{&quot;134245418&quot;:true,&quot;134245529&quot;:true,&quot;201341983&quot;:0,&quot;335559738&quot;:160,&quot;335559739&quot;:80,&quot;335559740&quot;:259}\">\u00a0<\/span><\/h2>\n<p><span data-contrast=\"auto\">El mundo avanza y con ello el uso de entornos digitales en los que existe un <\/span><b><span data-contrast=\"auto\">mayor riesgo de ataques inform\u00e1ticos<\/span><\/b><span data-contrast=\"auto\">.\u00a0<\/span><span data-ccp-props=\"{&quot;201341983&quot;:0,&quot;335559739&quot;:160,&quot;335559740&quot;:259}\">\u00a0<\/span><\/p>\n<p><span data-contrast=\"auto\">La seguridad digital es vital para las empresas, por lo que deben contar con profesionales capacitados que les ayuden a mantener a salvo su informaci\u00f3n.<\/span><span data-ccp-props=\"{&quot;201341983&quot;:0,&quot;335559739&quot;:160,&quot;335559740&quot;:259}\">\u00a0<\/span><\/p>\n<p><span data-contrast=\"auto\">Por esta raz\u00f3n, <\/span><b><span data-contrast=\"auto\">debes estar preparado\/a<\/span><\/b><span data-contrast=\"auto\"> para proteger la informaci\u00f3n y evitar todo tipo de amenazas que puedan poner en riesgo la integridad de tu empresa.<\/span><span data-ccp-props=\"{&quot;201341983&quot;:0,&quot;335559739&quot;:160,&quot;335559740&quot;:259}\">\u00a0<\/span><\/p>\n<h2><span class=\"EOP SCXW259738094 BCX9\" data-ccp-props=\"{&quot;134245418&quot;:true,&quot;134245529&quot;:true,&quot;201341983&quot;:0,&quot;335559738&quot;:160,&quot;335559739&quot;:80,&quot;335559740&quot;:259}\"><span class=\"TextRun SCXW39080427 BCX9\" lang=\"ES-ES\" data-contrast=\"none\"><span class=\"NormalTextRun SCXW39080427 BCX9\" data-ccp-parastyle=\"heading 2\">Especial\u00edzate en Ciberseguridad<\/span><\/span><\/span><\/h2>\n<p><span data-contrast=\"auto\">Es un <\/span><b><span data-contrast=\"auto\">sector en pleno auge<\/span><\/b><span data-contrast=\"auto\">, ya que la escasez de especialistas hace que existan m\u00e1s oportunidades de crecer profesionalmente e integrarte al mundo laboral.<\/span><span data-ccp-props=\"{&quot;201341983&quot;:0,&quot;335559739&quot;:160,&quot;335559740&quot;:259}\">\u00a0<\/span><\/p>\n<p><span data-contrast=\"auto\">As\u00ed que, aprende de la mano de expertos en el sector y s\u00famate a la profesi\u00f3n del futuro en Monlau.<\/span><\/p>\n<p>&nbsp;<\/p>\n<p><span data-contrast=\"auto\">Con el certificado que obtendr\u00e1s de este curso, podr\u00e1s trabajar en multinacionales, empresas y organismos como:<\/span><\/p>\n<p>&nbsp;<\/p>\n<p>&nbsp;<\/p>\n<ul>\n<li data-leveltext=\"-\" data-font=\"Aptos\" data-listid=\"1\" data-list-defn-props=\"{&quot;335551671&quot;:0,&quot;335552541&quot;:1,&quot;335559684&quot;:-2,&quot;335559685&quot;:720,&quot;335559991&quot;:360,&quot;469769226&quot;:&quot;Aptos&quot;,&quot;469769242&quot;:[8226],&quot;469777803&quot;:&quot;left&quot;,&quot;469777804&quot;:&quot;-&quot;,&quot;469777815&quot;:&quot;hybridMultilevel&quot;}\" data-aria-posinset=\"0\" data-aria-level=\"1\"><span data-contrast=\"auto\">Experto\/a.<\/span><span data-ccp-props=\"{&quot;201341983&quot;:0,&quot;335559739&quot;:160,&quot;335559740&quot;:259}\">\u00a0<\/span><\/li>\n<li data-leveltext=\"-\" data-font=\"Aptos\" data-listid=\"1\" data-list-defn-props=\"{&quot;335551671&quot;:0,&quot;335552541&quot;:1,&quot;335559684&quot;:-2,&quot;335559685&quot;:720,&quot;335559991&quot;:360,&quot;469769226&quot;:&quot;Aptos&quot;,&quot;469769242&quot;:[8226],&quot;469777803&quot;:&quot;left&quot;,&quot;469777804&quot;:&quot;-&quot;,&quot;469777815&quot;:&quot;hybridMultilevel&quot;}\" data-aria-posinset=\"0\" data-aria-level=\"1\"><span data-contrast=\"auto\">Auditor\/a.<\/span><span data-ccp-props=\"{&quot;201341983&quot;:0,&quot;335559739&quot;:160,&quot;335559740&quot;:259}\">\u00a0<\/span><\/li>\n<li data-leveltext=\"-\" data-font=\"Aptos\" data-listid=\"1\" data-list-defn-props=\"{&quot;335551671&quot;:0,&quot;335552541&quot;:1,&quot;335559684&quot;:-2,&quot;335559685&quot;:720,&quot;335559991&quot;:360,&quot;469769226&quot;:&quot;Aptos&quot;,&quot;469769242&quot;:[8226],&quot;469777803&quot;:&quot;left&quot;,&quot;469777804&quot;:&quot;-&quot;,&quot;469777815&quot;:&quot;hybridMultilevel&quot;}\" data-aria-posinset=\"0\" data-aria-level=\"1\"><span data-contrast=\"auto\">Consultor\/a.<\/span><span data-ccp-props=\"{&quot;201341983&quot;:0,&quot;335559739&quot;:160,&quot;335559740&quot;:259}\">\u00a0<\/span><\/li>\n<li data-leveltext=\"-\" data-font=\"Aptos\" data-listid=\"1\" data-list-defn-props=\"{&quot;335551671&quot;:0,&quot;335552541&quot;:1,&quot;335559684&quot;:-2,&quot;335559685&quot;:720,&quot;335559991&quot;:360,&quot;469769226&quot;:&quot;Aptos&quot;,&quot;469769242&quot;:[8226],&quot;469777803&quot;:&quot;left&quot;,&quot;469777804&quot;:&quot;-&quot;,&quot;469777815&quot;:&quot;hybridMultilevel&quot;}\" data-aria-posinset=\"0\" data-aria-level=\"1\"><span data-contrast=\"auto\">Hacker \u00e9tico\/a.<\/span><\/li>\n<\/ul>\n<p style=\"text-align: center;\">Habiendo llegado hasta aqu\u00ed<\/p>\n<h3 style=\"text-align: center;\">\u00bfA qu\u00e9 esperas para especializarte en ciberseguridad?<\/h3>\n","protected":false},"excerpt":{"rendered":"<p>Vivimos un momento en el que cada vez tiene m\u00e1s importancia el trabajo de profesionales especializados en Ciberseguridad que garanticen la protecci\u00f3n de datos para las empresas.\u00a0 En Monlau, estamos comprometidos en formar a los profesionales del futuro, dot\u00e1ndolos de las herramientas y los conocimientos necesarios para hacer frente a esta creciente demanda.\u00a0 Si eres [&hellip;]<\/p>\n","protected":false},"author":1,"featured_media":3684,"comment_status":"closed","ping_status":"closed","sticky":false,"template":"","format":"standard","meta":{"footnotes":""},"categories":[220,38],"tags":[166,96,176,39,82],"class_list":["post-5980","post","type-post","status-publish","format-standard","has-post-thumbnail","hentry","category-especializacion","category-informatica","tag-barcelona","tag-empresas","tag-estudios-profesionales","tag-futuro","tag-informatica"],"yoast_head":"<!-- This site is optimized with the Yoast SEO plugin v27.2 - https:\/\/yoast.com\/product\/yoast-seo-wordpress\/ -->\n<title>Abierta la Matricula de la tercera promoci\u00f3n del Curso de Especializaci\u00f3n en Ciberseguridad (CETI) en Barcelona - Formaci\u00f3n profesional<\/title>\n<meta name=\"description\" content=\"Vivimos un momento en el que cada vez tiene m\u00e1s importancia el trabajo de profesionales especializados en Ciberseguridad.\" \/>\n<meta name=\"robots\" content=\"index, follow, max-snippet:-1, max-image-preview:large, max-video-preview:-1\" \/>\n<link rel=\"canonical\" href=\"https:\/\/www.monlau.com\/fp\/2024\/02\/09\/abierta-la-matricula-de-la-tercera-promocion-del-curso-de-especializacion-en-ciberseguridad-ceti-en-barcelona\/\" \/>\n<meta property=\"og:locale\" content=\"es_ES\" \/>\n<meta property=\"og:type\" content=\"article\" \/>\n<meta property=\"og:title\" content=\"Abierta la Matricula de la tercera promoci\u00f3n del Curso de Especializaci\u00f3n en Ciberseguridad (CETI) en Barcelona - Formaci\u00f3n profesional\" \/>\n<meta property=\"og:description\" content=\"Vivimos un momento en el que cada vez tiene m\u00e1s importancia el trabajo de profesionales especializados en Ciberseguridad.\" \/>\n<meta property=\"og:url\" content=\"https:\/\/www.monlau.com\/fp\/2024\/02\/09\/abierta-la-matricula-de-la-tercera-promocion-del-curso-de-especializacion-en-ciberseguridad-ceti-en-barcelona\/\" \/>\n<meta property=\"og:site_name\" content=\"Formaci\u00f3n profesional\" \/>\n<meta property=\"article:published_time\" content=\"2024-02-08T23:00:00+00:00\" \/>\n<meta property=\"article:modified_time\" content=\"2026-03-23T15:46:54+00:00\" \/>\n<meta property=\"og:image\" content=\"https:\/\/www.monlau.com\/app\/uploads\/sites\/3\/2026\/03\/MicrosoftTeams-image-27.jpg\" \/>\n\t<meta property=\"og:image:width\" content=\"2364\" \/>\n\t<meta property=\"og:image:height\" content=\"1437\" \/>\n\t<meta property=\"og:image:type\" content=\"image\/jpeg\" \/>\n<meta name=\"author\" content=\"adsmurai\" \/>\n<meta name=\"twitter:card\" content=\"summary_large_image\" \/>\n<meta name=\"twitter:label1\" content=\"Escrito por\" \/>\n\t<meta name=\"twitter:data1\" content=\"adsmurai\" \/>\n\t<meta name=\"twitter:label2\" content=\"Tiempo de lectura\" \/>\n\t<meta name=\"twitter:data2\" content=\"2 minutos\" \/>\n<script type=\"application\/ld+json\" class=\"yoast-schema-graph\">{\"@context\":\"https:\/\/schema.org\",\"@graph\":[{\"@type\":\"Article\",\"@id\":\"https:\/\/www.monlau.com\/fp\/2024\/02\/09\/abierta-la-matricula-de-la-tercera-promocion-del-curso-de-especializacion-en-ciberseguridad-ceti-en-barcelona\/#article\",\"isPartOf\":{\"@id\":\"https:\/\/www.monlau.com\/fp\/2024\/02\/09\/abierta-la-matricula-de-la-tercera-promocion-del-curso-de-especializacion-en-ciberseguridad-ceti-en-barcelona\/\"},\"author\":{\"name\":\"adsmurai\",\"@id\":\"https:\/\/www.monlau.com\/fp\/#\/schema\/person\/419cfdf054323e24e0a2ef1d8597f051\"},\"headline\":\"Abierta la Matricula de la tercera promoci\u00f3n del Curso de Especializaci\u00f3n en Ciberseguridad (CETI) en Barcelona\",\"datePublished\":\"2024-02-08T23:00:00+00:00\",\"dateModified\":\"2026-03-23T15:46:54+00:00\",\"mainEntityOfPage\":{\"@id\":\"https:\/\/www.monlau.com\/fp\/2024\/02\/09\/abierta-la-matricula-de-la-tercera-promocion-del-curso-de-especializacion-en-ciberseguridad-ceti-en-barcelona\/\"},\"wordCount\":352,\"publisher\":{\"@id\":\"https:\/\/www.monlau.com\/fp\/#organization\"},\"image\":{\"@id\":\"https:\/\/www.monlau.com\/fp\/2024\/02\/09\/abierta-la-matricula-de-la-tercera-promocion-del-curso-de-especializacion-en-ciberseguridad-ceti-en-barcelona\/#primaryimage\"},\"thumbnailUrl\":\"https:\/\/www.monlau.com\/app\/uploads\/sites\/3\/2026\/03\/MicrosoftTeams-image-27.jpg\",\"keywords\":[\"barcelona\",\"empresas\",\"estudios profesionales\",\"futuro\",\"Inform\u00e0tica\"],\"articleSection\":[\"Especializaci\u00f3n\",\"Inform\u00e1tica\"],\"inLanguage\":\"es\"},{\"@type\":\"WebPage\",\"@id\":\"https:\/\/www.monlau.com\/fp\/2024\/02\/09\/abierta-la-matricula-de-la-tercera-promocion-del-curso-de-especializacion-en-ciberseguridad-ceti-en-barcelona\/\",\"url\":\"https:\/\/www.monlau.com\/fp\/2024\/02\/09\/abierta-la-matricula-de-la-tercera-promocion-del-curso-de-especializacion-en-ciberseguridad-ceti-en-barcelona\/\",\"name\":\"Abierta la Matricula de la tercera promoci\u00f3n del Curso de Especializaci\u00f3n en Ciberseguridad (CETI) en Barcelona - Formaci\u00f3n profesional\",\"isPartOf\":{\"@id\":\"https:\/\/www.monlau.com\/fp\/#website\"},\"primaryImageOfPage\":{\"@id\":\"https:\/\/www.monlau.com\/fp\/2024\/02\/09\/abierta-la-matricula-de-la-tercera-promocion-del-curso-de-especializacion-en-ciberseguridad-ceti-en-barcelona\/#primaryimage\"},\"image\":{\"@id\":\"https:\/\/www.monlau.com\/fp\/2024\/02\/09\/abierta-la-matricula-de-la-tercera-promocion-del-curso-de-especializacion-en-ciberseguridad-ceti-en-barcelona\/#primaryimage\"},\"thumbnailUrl\":\"https:\/\/www.monlau.com\/app\/uploads\/sites\/3\/2026\/03\/MicrosoftTeams-image-27.jpg\",\"datePublished\":\"2024-02-08T23:00:00+00:00\",\"dateModified\":\"2026-03-23T15:46:54+00:00\",\"description\":\"Vivimos un momento en el que cada vez tiene m\u00e1s importancia el trabajo de profesionales especializados en Ciberseguridad.\",\"breadcrumb\":{\"@id\":\"https:\/\/www.monlau.com\/fp\/2024\/02\/09\/abierta-la-matricula-de-la-tercera-promocion-del-curso-de-especializacion-en-ciberseguridad-ceti-en-barcelona\/#breadcrumb\"},\"inLanguage\":\"es\",\"potentialAction\":[{\"@type\":\"ReadAction\",\"target\":[\"https:\/\/www.monlau.com\/fp\/2024\/02\/09\/abierta-la-matricula-de-la-tercera-promocion-del-curso-de-especializacion-en-ciberseguridad-ceti-en-barcelona\/\"]}]},{\"@type\":\"ImageObject\",\"inLanguage\":\"es\",\"@id\":\"https:\/\/www.monlau.com\/fp\/2024\/02\/09\/abierta-la-matricula-de-la-tercera-promocion-del-curso-de-especializacion-en-ciberseguridad-ceti-en-barcelona\/#primaryimage\",\"url\":\"https:\/\/www.monlau.com\/app\/uploads\/sites\/3\/2026\/03\/MicrosoftTeams-image-27.jpg\",\"contentUrl\":\"https:\/\/www.monlau.com\/app\/uploads\/sites\/3\/2026\/03\/MicrosoftTeams-image-27.jpg\",\"width\":2364,\"height\":1437},{\"@type\":\"BreadcrumbList\",\"@id\":\"https:\/\/www.monlau.com\/fp\/2024\/02\/09\/abierta-la-matricula-de-la-tercera-promocion-del-curso-de-especializacion-en-ciberseguridad-ceti-en-barcelona\/#breadcrumb\",\"itemListElement\":[{\"@type\":\"ListItem\",\"position\":1,\"name\":\"Portada\",\"item\":\"https:\/\/www.monlau.com\/fp\/\"},{\"@type\":\"ListItem\",\"position\":2,\"name\":\"Abierta la Matricula de la tercera promoci\u00f3n del Curso de Especializaci\u00f3n en Ciberseguridad (CETI) en Barcelona\"}]},{\"@type\":\"WebSite\",\"@id\":\"https:\/\/www.monlau.com\/fp\/#website\",\"url\":\"https:\/\/www.monlau.com\/fp\/\",\"name\":\"Formaci\u00f3n profesional\",\"description\":\"Monlau\",\"publisher\":{\"@id\":\"https:\/\/www.monlau.com\/fp\/#organization\"},\"potentialAction\":[{\"@type\":\"SearchAction\",\"target\":{\"@type\":\"EntryPoint\",\"urlTemplate\":\"https:\/\/www.monlau.com\/fp\/?s={search_term_string}\"},\"query-input\":{\"@type\":\"PropertyValueSpecification\",\"valueRequired\":true,\"valueName\":\"search_term_string\"}}],\"inLanguage\":\"es\"},{\"@type\":\"Organization\",\"@id\":\"https:\/\/www.monlau.com\/fp\/#organization\",\"name\":\"Formaci\u00f3n profesional\",\"url\":\"https:\/\/www.monlau.com\/fp\/\",\"logo\":{\"@type\":\"ImageObject\",\"inLanguage\":\"es\",\"@id\":\"https:\/\/www.monlau.com\/fp\/#\/schema\/logo\/image\/\",\"url\":\"https:\/\/www.monlau.com\/app\/uploads\/sites\/3\/2026\/01\/fp.png\",\"contentUrl\":\"https:\/\/www.monlau.com\/app\/uploads\/sites\/3\/2026\/01\/fp.png\",\"width\":1024,\"height\":878,\"caption\":\"Formaci\u00f3n profesional\"},\"image\":{\"@id\":\"https:\/\/www.monlau.com\/fp\/#\/schema\/logo\/image\/\"}},{\"@type\":\"Person\",\"@id\":\"https:\/\/www.monlau.com\/fp\/#\/schema\/person\/419cfdf054323e24e0a2ef1d8597f051\",\"name\":\"adsmurai\",\"image\":{\"@type\":\"ImageObject\",\"inLanguage\":\"es\",\"@id\":\"https:\/\/secure.gravatar.com\/avatar\/0748788578f91786454454fa3b4c295644edb991ad6caadc70b41d26790d38fc?s=96&d=mm&r=g\",\"url\":\"https:\/\/secure.gravatar.com\/avatar\/0748788578f91786454454fa3b4c295644edb991ad6caadc70b41d26790d38fc?s=96&d=mm&r=g\",\"contentUrl\":\"https:\/\/secure.gravatar.com\/avatar\/0748788578f91786454454fa3b4c295644edb991ad6caadc70b41d26790d38fc?s=96&d=mm&r=g\",\"caption\":\"adsmurai\"},\"sameAs\":[\"https:\/\/www.monlau.com\"],\"url\":\"https:\/\/www.monlau.com\/fp\/author\/adsmurai\/\"}]}<\/script>\n<!-- \/ Yoast SEO plugin. -->","yoast_head_json":{"title":"Abierta la Matricula de la tercera promoci\u00f3n del Curso de Especializaci\u00f3n en Ciberseguridad (CETI) en Barcelona - Formaci\u00f3n profesional","description":"Vivimos un momento en el que cada vez tiene m\u00e1s importancia el trabajo de profesionales especializados en Ciberseguridad.","robots":{"index":"index","follow":"follow","max-snippet":"max-snippet:-1","max-image-preview":"max-image-preview:large","max-video-preview":"max-video-preview:-1"},"canonical":"https:\/\/www.monlau.com\/fp\/2024\/02\/09\/abierta-la-matricula-de-la-tercera-promocion-del-curso-de-especializacion-en-ciberseguridad-ceti-en-barcelona\/","og_locale":"es_ES","og_type":"article","og_title":"Abierta la Matricula de la tercera promoci\u00f3n del Curso de Especializaci\u00f3n en Ciberseguridad (CETI) en Barcelona - Formaci\u00f3n profesional","og_description":"Vivimos un momento en el que cada vez tiene m\u00e1s importancia el trabajo de profesionales especializados en Ciberseguridad.","og_url":"https:\/\/www.monlau.com\/fp\/2024\/02\/09\/abierta-la-matricula-de-la-tercera-promocion-del-curso-de-especializacion-en-ciberseguridad-ceti-en-barcelona\/","og_site_name":"Formaci\u00f3n profesional","article_published_time":"2024-02-08T23:00:00+00:00","article_modified_time":"2026-03-23T15:46:54+00:00","og_image":[{"width":2364,"height":1437,"url":"https:\/\/www.monlau.com\/app\/uploads\/sites\/3\/2026\/03\/MicrosoftTeams-image-27.jpg","type":"image\/jpeg"}],"author":"adsmurai","twitter_card":"summary_large_image","twitter_misc":{"Escrito por":"adsmurai","Tiempo de lectura":"2 minutos"},"schema":{"@context":"https:\/\/schema.org","@graph":[{"@type":"Article","@id":"https:\/\/www.monlau.com\/fp\/2024\/02\/09\/abierta-la-matricula-de-la-tercera-promocion-del-curso-de-especializacion-en-ciberseguridad-ceti-en-barcelona\/#article","isPartOf":{"@id":"https:\/\/www.monlau.com\/fp\/2024\/02\/09\/abierta-la-matricula-de-la-tercera-promocion-del-curso-de-especializacion-en-ciberseguridad-ceti-en-barcelona\/"},"author":{"name":"adsmurai","@id":"https:\/\/www.monlau.com\/fp\/#\/schema\/person\/419cfdf054323e24e0a2ef1d8597f051"},"headline":"Abierta la Matricula de la tercera promoci\u00f3n del Curso de Especializaci\u00f3n en Ciberseguridad (CETI) en Barcelona","datePublished":"2024-02-08T23:00:00+00:00","dateModified":"2026-03-23T15:46:54+00:00","mainEntityOfPage":{"@id":"https:\/\/www.monlau.com\/fp\/2024\/02\/09\/abierta-la-matricula-de-la-tercera-promocion-del-curso-de-especializacion-en-ciberseguridad-ceti-en-barcelona\/"},"wordCount":352,"publisher":{"@id":"https:\/\/www.monlau.com\/fp\/#organization"},"image":{"@id":"https:\/\/www.monlau.com\/fp\/2024\/02\/09\/abierta-la-matricula-de-la-tercera-promocion-del-curso-de-especializacion-en-ciberseguridad-ceti-en-barcelona\/#primaryimage"},"thumbnailUrl":"https:\/\/www.monlau.com\/app\/uploads\/sites\/3\/2026\/03\/MicrosoftTeams-image-27.jpg","keywords":["barcelona","empresas","estudios profesionales","futuro","Inform\u00e0tica"],"articleSection":["Especializaci\u00f3n","Inform\u00e1tica"],"inLanguage":"es"},{"@type":"WebPage","@id":"https:\/\/www.monlau.com\/fp\/2024\/02\/09\/abierta-la-matricula-de-la-tercera-promocion-del-curso-de-especializacion-en-ciberseguridad-ceti-en-barcelona\/","url":"https:\/\/www.monlau.com\/fp\/2024\/02\/09\/abierta-la-matricula-de-la-tercera-promocion-del-curso-de-especializacion-en-ciberseguridad-ceti-en-barcelona\/","name":"Abierta la Matricula de la tercera promoci\u00f3n del Curso de Especializaci\u00f3n en Ciberseguridad (CETI) en Barcelona - Formaci\u00f3n profesional","isPartOf":{"@id":"https:\/\/www.monlau.com\/fp\/#website"},"primaryImageOfPage":{"@id":"https:\/\/www.monlau.com\/fp\/2024\/02\/09\/abierta-la-matricula-de-la-tercera-promocion-del-curso-de-especializacion-en-ciberseguridad-ceti-en-barcelona\/#primaryimage"},"image":{"@id":"https:\/\/www.monlau.com\/fp\/2024\/02\/09\/abierta-la-matricula-de-la-tercera-promocion-del-curso-de-especializacion-en-ciberseguridad-ceti-en-barcelona\/#primaryimage"},"thumbnailUrl":"https:\/\/www.monlau.com\/app\/uploads\/sites\/3\/2026\/03\/MicrosoftTeams-image-27.jpg","datePublished":"2024-02-08T23:00:00+00:00","dateModified":"2026-03-23T15:46:54+00:00","description":"Vivimos un momento en el que cada vez tiene m\u00e1s importancia el trabajo de profesionales especializados en Ciberseguridad.","breadcrumb":{"@id":"https:\/\/www.monlau.com\/fp\/2024\/02\/09\/abierta-la-matricula-de-la-tercera-promocion-del-curso-de-especializacion-en-ciberseguridad-ceti-en-barcelona\/#breadcrumb"},"inLanguage":"es","potentialAction":[{"@type":"ReadAction","target":["https:\/\/www.monlau.com\/fp\/2024\/02\/09\/abierta-la-matricula-de-la-tercera-promocion-del-curso-de-especializacion-en-ciberseguridad-ceti-en-barcelona\/"]}]},{"@type":"ImageObject","inLanguage":"es","@id":"https:\/\/www.monlau.com\/fp\/2024\/02\/09\/abierta-la-matricula-de-la-tercera-promocion-del-curso-de-especializacion-en-ciberseguridad-ceti-en-barcelona\/#primaryimage","url":"https:\/\/www.monlau.com\/app\/uploads\/sites\/3\/2026\/03\/MicrosoftTeams-image-27.jpg","contentUrl":"https:\/\/www.monlau.com\/app\/uploads\/sites\/3\/2026\/03\/MicrosoftTeams-image-27.jpg","width":2364,"height":1437},{"@type":"BreadcrumbList","@id":"https:\/\/www.monlau.com\/fp\/2024\/02\/09\/abierta-la-matricula-de-la-tercera-promocion-del-curso-de-especializacion-en-ciberseguridad-ceti-en-barcelona\/#breadcrumb","itemListElement":[{"@type":"ListItem","position":1,"name":"Portada","item":"https:\/\/www.monlau.com\/fp\/"},{"@type":"ListItem","position":2,"name":"Abierta la Matricula de la tercera promoci\u00f3n del Curso de Especializaci\u00f3n en Ciberseguridad (CETI) en Barcelona"}]},{"@type":"WebSite","@id":"https:\/\/www.monlau.com\/fp\/#website","url":"https:\/\/www.monlau.com\/fp\/","name":"Formaci\u00f3n profesional","description":"Monlau","publisher":{"@id":"https:\/\/www.monlau.com\/fp\/#organization"},"potentialAction":[{"@type":"SearchAction","target":{"@type":"EntryPoint","urlTemplate":"https:\/\/www.monlau.com\/fp\/?s={search_term_string}"},"query-input":{"@type":"PropertyValueSpecification","valueRequired":true,"valueName":"search_term_string"}}],"inLanguage":"es"},{"@type":"Organization","@id":"https:\/\/www.monlau.com\/fp\/#organization","name":"Formaci\u00f3n profesional","url":"https:\/\/www.monlau.com\/fp\/","logo":{"@type":"ImageObject","inLanguage":"es","@id":"https:\/\/www.monlau.com\/fp\/#\/schema\/logo\/image\/","url":"https:\/\/www.monlau.com\/app\/uploads\/sites\/3\/2026\/01\/fp.png","contentUrl":"https:\/\/www.monlau.com\/app\/uploads\/sites\/3\/2026\/01\/fp.png","width":1024,"height":878,"caption":"Formaci\u00f3n profesional"},"image":{"@id":"https:\/\/www.monlau.com\/fp\/#\/schema\/logo\/image\/"}},{"@type":"Person","@id":"https:\/\/www.monlau.com\/fp\/#\/schema\/person\/419cfdf054323e24e0a2ef1d8597f051","name":"adsmurai","image":{"@type":"ImageObject","inLanguage":"es","@id":"https:\/\/secure.gravatar.com\/avatar\/0748788578f91786454454fa3b4c295644edb991ad6caadc70b41d26790d38fc?s=96&d=mm&r=g","url":"https:\/\/secure.gravatar.com\/avatar\/0748788578f91786454454fa3b4c295644edb991ad6caadc70b41d26790d38fc?s=96&d=mm&r=g","contentUrl":"https:\/\/secure.gravatar.com\/avatar\/0748788578f91786454454fa3b4c295644edb991ad6caadc70b41d26790d38fc?s=96&d=mm&r=g","caption":"adsmurai"},"sameAs":["https:\/\/www.monlau.com"],"url":"https:\/\/www.monlau.com\/fp\/author\/adsmurai\/"}]}},"_links":{"self":[{"href":"https:\/\/www.monlau.com\/fp\/wp-json\/wp\/v2\/posts\/5980","targetHints":{"allow":["GET"]}}],"collection":[{"href":"https:\/\/www.monlau.com\/fp\/wp-json\/wp\/v2\/posts"}],"about":[{"href":"https:\/\/www.monlau.com\/fp\/wp-json\/wp\/v2\/types\/post"}],"author":[{"embeddable":true,"href":"https:\/\/www.monlau.com\/fp\/wp-json\/wp\/v2\/users\/1"}],"replies":[{"embeddable":true,"href":"https:\/\/www.monlau.com\/fp\/wp-json\/wp\/v2\/comments?post=5980"}],"version-history":[{"count":2,"href":"https:\/\/www.monlau.com\/fp\/wp-json\/wp\/v2\/posts\/5980\/revisions"}],"predecessor-version":[{"id":9778,"href":"https:\/\/www.monlau.com\/fp\/wp-json\/wp\/v2\/posts\/5980\/revisions\/9778"}],"wp:featuredmedia":[{"embeddable":true,"href":"https:\/\/www.monlau.com\/fp\/wp-json\/wp\/v2\/media\/3684"}],"wp:attachment":[{"href":"https:\/\/www.monlau.com\/fp\/wp-json\/wp\/v2\/media?parent=5980"}],"wp:term":[{"taxonomy":"category","embeddable":true,"href":"https:\/\/www.monlau.com\/fp\/wp-json\/wp\/v2\/categories?post=5980"},{"taxonomy":"post_tag","embeddable":true,"href":"https:\/\/www.monlau.com\/fp\/wp-json\/wp\/v2\/tags?post=5980"}],"curies":[{"name":"wp","href":"https:\/\/api.w.org\/{rel}","templated":true}]}}