{"id":5977,"date":"2023-11-24T00:00:00","date_gmt":"2023-11-23T23:00:00","guid":{"rendered":"https:\/\/www.monlau.com\/formacion-profesional\/monlau-gana-el-premio-educaweb-de-fp-por-la-jornada-de-lautomocio\/"},"modified":"2026-03-10T10:03:28","modified_gmt":"2026-03-10T09:03:28","slug":"monlau-gana-el-premio-educaweb-de-fp-por-la-jornada-de-lautomocio","status":"publish","type":"post","link":"https:\/\/www.monlau.com\/fp\/2023\/11\/24\/monlau-gana-el-premio-educaweb-de-fp-por-la-jornada-de-lautomocio\/","title":{"rendered":"Monlau gana el Premio Educaweb de FP por la Jornada de l&#8217;Automoci\u00f3"},"content":{"rendered":"<p>Monlau ha ganado el Premio iFP Educaweb para Centros de FP por celebrar<a href=\"https:\/\/www.monlau.com\/formacio-professional\/ii-jornada-automocion-2023\/\"> la Jornada de l&#8217;Automoci\u00f3<\/a>. La entrega de los<strong>\u00a0Premios Educaweb de Orientaci\u00f3n Acad\u00e9mica y Profesional<\/strong> ha querido premiar nuestro centro educativo tras considerar que \u00abesta iniciativa constituye<strong> un punto de encuentro entre el alumnado, el profesorado y los representantes de empresas\u00bb. Adem\u00e1s el jurado ha valorado muy positivamente que m\u00e1s de 800 personas participen de un programa de actividades como charlas<\/strong>\u00a0de orientaci\u00f3n acad\u00e9mica y profesional, mesas redondas, sesiones de captaci\u00f3n de talento y entrevistas, sesiones de <em>networking<\/em> entre alumnado y representantes de empresas, etc.<\/p>\n<p>El director del \u00e1rea de Automoci\u00f3n de Monlau, Carlos Salazar, y la directora de Promoci\u00f3n Laboral, Montse Barrera, han recogido este premio y han agradecido a Educaweb este reconocimiento porque \u00abson muchas las personas que organizan este evento pensado para poner en contacto a personas que quieren trabajar y que est\u00e1n altamente capacitadas, con empresas que requieren perfiles t\u00e9cnicos para incorporarlos al mercado laboral\u00bb. En este sentido, Salazar ha recordado que hubo 230 contactos reales entre las m\u00e1s de 40 empresas que asistieron a la jornada y los m\u00e1s de 700 alumnos participantes. Y en muchos de los casos, las empresas finalmente contrataron a estos profesionales.<\/p>\n<p>Por su parte, la directora de Promoci\u00f3n Laboral y Relaciones Externas de Monlau, Montse Barrera, ha subrayado el esfuerzo realizado por Monlau en esta jornada que tiene como objetivo \u00abbuscar oportunidades laborales para los m\u00e1s j\u00f3venes, al tiempo que involucramos en este proceso a las empresas que est\u00e1n demandando una formaci\u00f3n muy concreta en el sector de la Automoci\u00f3n\u00bb.<\/p>\n<h1>M\u00e1s de 60 candidaturas recibidas<\/h1>\n<p><img fetchpriority=\"high\" decoding=\"async\" class=\"aligncenter wp-image-15438\" src=\"https:\/\/www.monlau.com\/formacio-professional\/wp-content\/uploads\/sites\/3\/2023\/11\/20231123_183517860_iOS.jpg\" alt=\"Premios Educaweb Monlau\" width=\"750\" height=\"563\" \/><\/p>\n<p>Monlau ha sido elegido entre m\u00e1s de 60 proyectos que se han presentado procedentes de 15 comunidades aut\u00f3nomas. Seg\u00fan el director general de Educaweb, Josep Llu\u00eds Seg\u00fa, \u00aben esta nueva fiesta de la orientaci\u00f3n queremos, a trav\u00e9s de los proyectos premiados, reconocer el trabajo de todo el colectivo de orientadores acad\u00e9micos y profesionales, as\u00ed como presentar a trav\u00e9s del ponente invitado, las nuevas tendencias en orientaci\u00f3n\u00bb,<\/p>\n<p>Durante la celebraci\u00f3n de los Premios Educaweb se ha contado con la presencia de <strong>Gen\u00eds Roca<\/strong>, experto en transformaci\u00f3n digital y presidente de la Fundaci\u00f3.cat, quien <strong>ha centrado su ponencia en reflexionar sobre la irrupci\u00f3n de la inteligencia artificial (IA) en los entornos formativos y laborales.<\/strong><\/p>\n<h2>Los ganadores de los Premios 2023<\/h2>\n<p>Los proyectos premiados en la 16\u00aa edici\u00f3n de los Premios Educaweb han sido los siguientes:<\/p>\n<ul>\n<li><strong>El<\/strong> <strong>Premio iFP-Educaweb para Centros de Formaci\u00f3n Profesional<\/strong> ha reca\u00eddo en el<strong> proyecto <\/strong><a href=\"https:\/\/educaweb.mx-router-i.com\/c\/01ez8l\/igngdmos\/3akv8tpgxk0\"><em><strong>Jornada de la Automoci\u00f3n: orientaci\u00f3n y especializaci\u00f3n de los perfiles t\u00e9cnicos. \u00bfQu\u00e9 competencias valoran las empresas? Los perfiles profesionales m\u00e1s demandados del sector<\/strong><\/em><\/a><strong>, <\/strong>del centro Monlau Formaci\u00f3n Profesional, de Barcelona, en Catalu\u00f1a.<\/li>\n<li>En<strong> la categor\u00eda Instituciones<\/strong> se ha premiado el <strong>proyecto <\/strong><a href=\"https:\/\/educaweb.mx-router-i.com\/c\/01ez8l\/igngdmos\/alaxtc0artw\"><em><strong>Orienta-2O: un proceso colaborativo de orientaci\u00f3n para la construcci\u00f3n de carreras sostenibles de j\u00f3venes en situaci\u00f3n de riesgo social en las Escuelas de Segunda Oportunidad<\/strong><\/em><\/a><em><strong>. <\/strong><\/em><\/li>\n<li>El <strong>Premio Dualiza-Educaweb de la categor\u00eda Profesionales<\/strong>, patrocinado por CaixaBank Dualiza, ha sido para el juego de mesa <a href=\"https:\/\/educaweb.mx-router-i.com\/c\/01ez8l\/igngdmos\/g-feuizy0qs\"><em><strong>Nobel Run<\/strong><\/em><\/a><strong>, creado por Lorena Fern\u00e1ndez \u00c1lvarez<\/strong>, directora de comunicaci\u00f3n digital de la Universidad de Deusto, en colaboraci\u00f3n con Pablo Garaizar, autor de diversos juegos, e I\u00f1igo Maestro, artista audiovisual.<\/li>\n<li>El <strong>Premio Bertelsmann-Educaweb de Orientaci\u00f3n para Empresas<\/strong>, que se entrega en colaboraci\u00f3n con la Fundaci\u00f3n Bertelsmann, lo ha conseguido el <strong>programa <\/strong><a href=\"https:\/\/educaweb.mx-router-i.com\/c\/01ez8l\/igngdmos\/mnfx2orbjcs\"><em><strong>Creamos Oportunidades en Hosteler\u00eda y Turismo<\/strong><\/em><\/a><strong>, de la Fundaci\u00f3n Mahou San Miguel, <\/strong>en el que participan 16 centros formativos de FP y m\u00e1s de 230 establecimientos de hosteler\u00eda de toda Espa\u00f1a.<\/li>\n<\/ul>\n<h3>El portal referente en orientaci\u00f3n acad\u00e9mica y profesional<\/h3>\n<p><a href=\"https:\/\/www.educaweb.com\/\"><strong>Educaweb<\/strong><\/a> es un buscador de educaci\u00f3n y formaci\u00f3n especializado <strong>en orientaci\u00f3n acad\u00e9mica y profesional<\/strong> que desde 1998 facilita a los usuarios la informaci\u00f3n que necesitan para encontrar la formaci\u00f3n m\u00e1s adecuada para desarrollar su proyecto profesional y de vida. En su portal, que cuenta con un buscador con m\u00e1s de 30.000 cursos y 20.000 centros de formaci\u00f3n, ofrece contenidos, herramientas y servicios de acceso libre que ayudan al usuario a escoger la formaci\u00f3n m\u00e1s adecuada.<\/p>\n","protected":false},"excerpt":{"rendered":"<p>Monlau ha ganado el Premio iFP Educaweb para Centros de FP por celebrar la Jornada de l&#8217;Automoci\u00f3. La entrega de los\u00a0Premios Educaweb de Orientaci\u00f3n Acad\u00e9mica y Profesional ha querido premiar nuestro centro educativo tras considerar que \u00abesta iniciativa constituye un punto de encuentro entre el alumnado, el profesorado y los representantes de empresas\u00bb. Adem\u00e1s el [&hellip;]<\/p>\n","protected":false},"author":1,"featured_media":3671,"comment_status":"closed","ping_status":"closed","sticky":false,"template":"","format":"standard","meta":{"footnotes":""},"categories":[36,57],"tags":[166,248,249,83,250],"class_list":["post-5977","post","type-post","status-publish","format-standard","has-post-thumbnail","hentry","category-automocion","category-monlau","tag-barcelona","tag-educaweb","tag-jornada-de-lautomocio","tag-monlau","tag-premios"],"yoast_head":"<!-- This site is optimized with the Yoast SEO plugin v27.2 - https:\/\/yoast.com\/product\/yoast-seo-wordpress\/ -->\n<title>Monlau gana el Premio Educaweb de FP por la Jornada de l&#039;Automoci\u00f3 - Formaci\u00f3n profesional<\/title>\n<meta name=\"robots\" content=\"index, follow, max-snippet:-1, max-image-preview:large, max-video-preview:-1\" \/>\n<link rel=\"canonical\" href=\"https:\/\/www.monlau.com\/fp\/2023\/11\/24\/monlau-gana-el-premio-educaweb-de-fp-por-la-jornada-de-lautomocio\/\" \/>\n<meta property=\"og:locale\" content=\"es_ES\" \/>\n<meta property=\"og:type\" content=\"article\" \/>\n<meta property=\"og:title\" content=\"Monlau gana el Premio Educaweb de FP por la Jornada de l&#039;Automoci\u00f3 - Formaci\u00f3n profesional\" \/>\n<meta property=\"og:description\" content=\"Monlau ha ganado el Premio iFP Educaweb para Centros de FP por celebrar la Jornada de l&#8217;Automoci\u00f3. La entrega de los\u00a0Premios Educaweb de Orientaci\u00f3n Acad\u00e9mica y Profesional ha querido premiar nuestro centro educativo tras considerar que \u00abesta iniciativa constituye un punto de encuentro entre el alumnado, el profesorado y los representantes de empresas\u00bb. Adem\u00e1s el [&hellip;]\" \/>\n<meta property=\"og:url\" content=\"https:\/\/www.monlau.com\/fp\/2023\/11\/24\/monlau-gana-el-premio-educaweb-de-fp-por-la-jornada-de-lautomocio\/\" \/>\n<meta property=\"og:site_name\" content=\"Formaci\u00f3n profesional\" \/>\n<meta property=\"article:published_time\" content=\"2023-11-23T23:00:00+00:00\" \/>\n<meta property=\"article:modified_time\" content=\"2026-03-10T09:03:28+00:00\" \/>\n<meta property=\"og:image\" content=\"https:\/\/www.monlau.com\/app\/uploads\/sites\/3\/2026\/03\/premios-educaweb-1-scaled.jpg\" \/>\n\t<meta property=\"og:image:width\" content=\"2560\" \/>\n\t<meta property=\"og:image:height\" content=\"1920\" \/>\n\t<meta property=\"og:image:type\" content=\"image\/jpeg\" \/>\n<meta name=\"author\" content=\"adsmurai\" \/>\n<meta name=\"twitter:card\" content=\"summary_large_image\" \/>\n<meta name=\"twitter:label1\" content=\"Escrito por\" \/>\n\t<meta name=\"twitter:data1\" content=\"adsmurai\" \/>\n\t<meta name=\"twitter:label2\" content=\"Tiempo de lectura\" \/>\n\t<meta name=\"twitter:data2\" content=\"4 minutos\" \/>\n<script type=\"application\/ld+json\" class=\"yoast-schema-graph\">{\"@context\":\"https:\/\/schema.org\",\"@graph\":[{\"@type\":\"Article\",\"@id\":\"https:\/\/www.monlau.com\/fp\/2023\/11\/24\/monlau-gana-el-premio-educaweb-de-fp-por-la-jornada-de-lautomocio\/#article\",\"isPartOf\":{\"@id\":\"https:\/\/www.monlau.com\/fp\/2023\/11\/24\/monlau-gana-el-premio-educaweb-de-fp-por-la-jornada-de-lautomocio\/\"},\"author\":{\"name\":\"adsmurai\",\"@id\":\"https:\/\/www.monlau.com\/fp\/#\/schema\/person\/419cfdf054323e24e0a2ef1d8597f051\"},\"headline\":\"Monlau gana el Premio Educaweb de FP por la Jornada de l&#8217;Automoci\u00f3\",\"datePublished\":\"2023-11-23T23:00:00+00:00\",\"dateModified\":\"2026-03-10T09:03:28+00:00\",\"mainEntityOfPage\":{\"@id\":\"https:\/\/www.monlau.com\/fp\/2023\/11\/24\/monlau-gana-el-premio-educaweb-de-fp-por-la-jornada-de-lautomocio\/\"},\"wordCount\":739,\"publisher\":{\"@id\":\"https:\/\/www.monlau.com\/fp\/#organization\"},\"image\":{\"@id\":\"https:\/\/www.monlau.com\/fp\/2023\/11\/24\/monlau-gana-el-premio-educaweb-de-fp-por-la-jornada-de-lautomocio\/#primaryimage\"},\"thumbnailUrl\":\"https:\/\/www.monlau.com\/app\/uploads\/sites\/3\/2026\/03\/premios-educaweb-1-scaled.jpg\",\"keywords\":[\"barcelona\",\"Educaweb\",\"Jornada de l'Automoci\u00f3\",\"Monlau\",\"Premios\"],\"articleSection\":[\"Automoci\u00f3n\",\"Monlau\"],\"inLanguage\":\"es\"},{\"@type\":\"WebPage\",\"@id\":\"https:\/\/www.monlau.com\/fp\/2023\/11\/24\/monlau-gana-el-premio-educaweb-de-fp-por-la-jornada-de-lautomocio\/\",\"url\":\"https:\/\/www.monlau.com\/fp\/2023\/11\/24\/monlau-gana-el-premio-educaweb-de-fp-por-la-jornada-de-lautomocio\/\",\"name\":\"Monlau gana el Premio Educaweb de FP por la Jornada de l'Automoci\u00f3 - Formaci\u00f3n profesional\",\"isPartOf\":{\"@id\":\"https:\/\/www.monlau.com\/fp\/#website\"},\"primaryImageOfPage\":{\"@id\":\"https:\/\/www.monlau.com\/fp\/2023\/11\/24\/monlau-gana-el-premio-educaweb-de-fp-por-la-jornada-de-lautomocio\/#primaryimage\"},\"image\":{\"@id\":\"https:\/\/www.monlau.com\/fp\/2023\/11\/24\/monlau-gana-el-premio-educaweb-de-fp-por-la-jornada-de-lautomocio\/#primaryimage\"},\"thumbnailUrl\":\"https:\/\/www.monlau.com\/app\/uploads\/sites\/3\/2026\/03\/premios-educaweb-1-scaled.jpg\",\"datePublished\":\"2023-11-23T23:00:00+00:00\",\"dateModified\":\"2026-03-10T09:03:28+00:00\",\"breadcrumb\":{\"@id\":\"https:\/\/www.monlau.com\/fp\/2023\/11\/24\/monlau-gana-el-premio-educaweb-de-fp-por-la-jornada-de-lautomocio\/#breadcrumb\"},\"inLanguage\":\"es\",\"potentialAction\":[{\"@type\":\"ReadAction\",\"target\":[\"https:\/\/www.monlau.com\/fp\/2023\/11\/24\/monlau-gana-el-premio-educaweb-de-fp-por-la-jornada-de-lautomocio\/\"]}]},{\"@type\":\"ImageObject\",\"inLanguage\":\"es\",\"@id\":\"https:\/\/www.monlau.com\/fp\/2023\/11\/24\/monlau-gana-el-premio-educaweb-de-fp-por-la-jornada-de-lautomocio\/#primaryimage\",\"url\":\"https:\/\/www.monlau.com\/app\/uploads\/sites\/3\/2026\/03\/premios-educaweb-1-scaled.jpg\",\"contentUrl\":\"https:\/\/www.monlau.com\/app\/uploads\/sites\/3\/2026\/03\/premios-educaweb-1-scaled.jpg\",\"width\":2560,\"height\":1920},{\"@type\":\"BreadcrumbList\",\"@id\":\"https:\/\/www.monlau.com\/fp\/2023\/11\/24\/monlau-gana-el-premio-educaweb-de-fp-por-la-jornada-de-lautomocio\/#breadcrumb\",\"itemListElement\":[{\"@type\":\"ListItem\",\"position\":1,\"name\":\"Portada\",\"item\":\"https:\/\/www.monlau.com\/fp\/\"},{\"@type\":\"ListItem\",\"position\":2,\"name\":\"Monlau gana el Premio Educaweb de FP por la Jornada de l&#8217;Automoci\u00f3\"}]},{\"@type\":\"WebSite\",\"@id\":\"https:\/\/www.monlau.com\/fp\/#website\",\"url\":\"https:\/\/www.monlau.com\/fp\/\",\"name\":\"Formaci\u00f3n profesional\",\"description\":\"Monlau\",\"publisher\":{\"@id\":\"https:\/\/www.monlau.com\/fp\/#organization\"},\"potentialAction\":[{\"@type\":\"SearchAction\",\"target\":{\"@type\":\"EntryPoint\",\"urlTemplate\":\"https:\/\/www.monlau.com\/fp\/?s={search_term_string}\"},\"query-input\":{\"@type\":\"PropertyValueSpecification\",\"valueRequired\":true,\"valueName\":\"search_term_string\"}}],\"inLanguage\":\"es\"},{\"@type\":\"Organization\",\"@id\":\"https:\/\/www.monlau.com\/fp\/#organization\",\"name\":\"Formaci\u00f3n profesional\",\"url\":\"https:\/\/www.monlau.com\/fp\/\",\"logo\":{\"@type\":\"ImageObject\",\"inLanguage\":\"es\",\"@id\":\"https:\/\/www.monlau.com\/fp\/#\/schema\/logo\/image\/\",\"url\":\"https:\/\/www.monlau.com\/app\/uploads\/sites\/3\/2026\/01\/fp.png\",\"contentUrl\":\"https:\/\/www.monlau.com\/app\/uploads\/sites\/3\/2026\/01\/fp.png\",\"width\":1024,\"height\":878,\"caption\":\"Formaci\u00f3n profesional\"},\"image\":{\"@id\":\"https:\/\/www.monlau.com\/fp\/#\/schema\/logo\/image\/\"}},{\"@type\":\"Person\",\"@id\":\"https:\/\/www.monlau.com\/fp\/#\/schema\/person\/419cfdf054323e24e0a2ef1d8597f051\",\"name\":\"adsmurai\",\"image\":{\"@type\":\"ImageObject\",\"inLanguage\":\"es\",\"@id\":\"https:\/\/secure.gravatar.com\/avatar\/0748788578f91786454454fa3b4c295644edb991ad6caadc70b41d26790d38fc?s=96&d=mm&r=g\",\"url\":\"https:\/\/secure.gravatar.com\/avatar\/0748788578f91786454454fa3b4c295644edb991ad6caadc70b41d26790d38fc?s=96&d=mm&r=g\",\"contentUrl\":\"https:\/\/secure.gravatar.com\/avatar\/0748788578f91786454454fa3b4c295644edb991ad6caadc70b41d26790d38fc?s=96&d=mm&r=g\",\"caption\":\"adsmurai\"},\"sameAs\":[\"https:\/\/www.monlau.com\"],\"url\":\"https:\/\/www.monlau.com\/fp\/author\/adsmurai\/\"}]}<\/script>\n<!-- \/ Yoast SEO plugin. -->","yoast_head_json":{"title":"Monlau gana el Premio Educaweb de FP por la Jornada de l'Automoci\u00f3 - Formaci\u00f3n profesional","robots":{"index":"index","follow":"follow","max-snippet":"max-snippet:-1","max-image-preview":"max-image-preview:large","max-video-preview":"max-video-preview:-1"},"canonical":"https:\/\/www.monlau.com\/fp\/2023\/11\/24\/monlau-gana-el-premio-educaweb-de-fp-por-la-jornada-de-lautomocio\/","og_locale":"es_ES","og_type":"article","og_title":"Monlau gana el Premio Educaweb de FP por la Jornada de l'Automoci\u00f3 - Formaci\u00f3n profesional","og_description":"Monlau ha ganado el Premio iFP Educaweb para Centros de FP por celebrar la Jornada de l&#8217;Automoci\u00f3. La entrega de los\u00a0Premios Educaweb de Orientaci\u00f3n Acad\u00e9mica y Profesional ha querido premiar nuestro centro educativo tras considerar que \u00abesta iniciativa constituye un punto de encuentro entre el alumnado, el profesorado y los representantes de empresas\u00bb. Adem\u00e1s el [&hellip;]","og_url":"https:\/\/www.monlau.com\/fp\/2023\/11\/24\/monlau-gana-el-premio-educaweb-de-fp-por-la-jornada-de-lautomocio\/","og_site_name":"Formaci\u00f3n profesional","article_published_time":"2023-11-23T23:00:00+00:00","article_modified_time":"2026-03-10T09:03:28+00:00","og_image":[{"width":2560,"height":1920,"url":"https:\/\/www.monlau.com\/app\/uploads\/sites\/3\/2026\/03\/premios-educaweb-1-scaled.jpg","type":"image\/jpeg"}],"author":"adsmurai","twitter_card":"summary_large_image","twitter_misc":{"Escrito por":"adsmurai","Tiempo de lectura":"4 minutos"},"schema":{"@context":"https:\/\/schema.org","@graph":[{"@type":"Article","@id":"https:\/\/www.monlau.com\/fp\/2023\/11\/24\/monlau-gana-el-premio-educaweb-de-fp-por-la-jornada-de-lautomocio\/#article","isPartOf":{"@id":"https:\/\/www.monlau.com\/fp\/2023\/11\/24\/monlau-gana-el-premio-educaweb-de-fp-por-la-jornada-de-lautomocio\/"},"author":{"name":"adsmurai","@id":"https:\/\/www.monlau.com\/fp\/#\/schema\/person\/419cfdf054323e24e0a2ef1d8597f051"},"headline":"Monlau gana el Premio Educaweb de FP por la Jornada de l&#8217;Automoci\u00f3","datePublished":"2023-11-23T23:00:00+00:00","dateModified":"2026-03-10T09:03:28+00:00","mainEntityOfPage":{"@id":"https:\/\/www.monlau.com\/fp\/2023\/11\/24\/monlau-gana-el-premio-educaweb-de-fp-por-la-jornada-de-lautomocio\/"},"wordCount":739,"publisher":{"@id":"https:\/\/www.monlau.com\/fp\/#organization"},"image":{"@id":"https:\/\/www.monlau.com\/fp\/2023\/11\/24\/monlau-gana-el-premio-educaweb-de-fp-por-la-jornada-de-lautomocio\/#primaryimage"},"thumbnailUrl":"https:\/\/www.monlau.com\/app\/uploads\/sites\/3\/2026\/03\/premios-educaweb-1-scaled.jpg","keywords":["barcelona","Educaweb","Jornada de l'Automoci\u00f3","Monlau","Premios"],"articleSection":["Automoci\u00f3n","Monlau"],"inLanguage":"es"},{"@type":"WebPage","@id":"https:\/\/www.monlau.com\/fp\/2023\/11\/24\/monlau-gana-el-premio-educaweb-de-fp-por-la-jornada-de-lautomocio\/","url":"https:\/\/www.monlau.com\/fp\/2023\/11\/24\/monlau-gana-el-premio-educaweb-de-fp-por-la-jornada-de-lautomocio\/","name":"Monlau gana el Premio Educaweb de FP por la Jornada de l'Automoci\u00f3 - Formaci\u00f3n profesional","isPartOf":{"@id":"https:\/\/www.monlau.com\/fp\/#website"},"primaryImageOfPage":{"@id":"https:\/\/www.monlau.com\/fp\/2023\/11\/24\/monlau-gana-el-premio-educaweb-de-fp-por-la-jornada-de-lautomocio\/#primaryimage"},"image":{"@id":"https:\/\/www.monlau.com\/fp\/2023\/11\/24\/monlau-gana-el-premio-educaweb-de-fp-por-la-jornada-de-lautomocio\/#primaryimage"},"thumbnailUrl":"https:\/\/www.monlau.com\/app\/uploads\/sites\/3\/2026\/03\/premios-educaweb-1-scaled.jpg","datePublished":"2023-11-23T23:00:00+00:00","dateModified":"2026-03-10T09:03:28+00:00","breadcrumb":{"@id":"https:\/\/www.monlau.com\/fp\/2023\/11\/24\/monlau-gana-el-premio-educaweb-de-fp-por-la-jornada-de-lautomocio\/#breadcrumb"},"inLanguage":"es","potentialAction":[{"@type":"ReadAction","target":["https:\/\/www.monlau.com\/fp\/2023\/11\/24\/monlau-gana-el-premio-educaweb-de-fp-por-la-jornada-de-lautomocio\/"]}]},{"@type":"ImageObject","inLanguage":"es","@id":"https:\/\/www.monlau.com\/fp\/2023\/11\/24\/monlau-gana-el-premio-educaweb-de-fp-por-la-jornada-de-lautomocio\/#primaryimage","url":"https:\/\/www.monlau.com\/app\/uploads\/sites\/3\/2026\/03\/premios-educaweb-1-scaled.jpg","contentUrl":"https:\/\/www.monlau.com\/app\/uploads\/sites\/3\/2026\/03\/premios-educaweb-1-scaled.jpg","width":2560,"height":1920},{"@type":"BreadcrumbList","@id":"https:\/\/www.monlau.com\/fp\/2023\/11\/24\/monlau-gana-el-premio-educaweb-de-fp-por-la-jornada-de-lautomocio\/#breadcrumb","itemListElement":[{"@type":"ListItem","position":1,"name":"Portada","item":"https:\/\/www.monlau.com\/fp\/"},{"@type":"ListItem","position":2,"name":"Monlau gana el Premio Educaweb de FP por la Jornada de l&#8217;Automoci\u00f3"}]},{"@type":"WebSite","@id":"https:\/\/www.monlau.com\/fp\/#website","url":"https:\/\/www.monlau.com\/fp\/","name":"Formaci\u00f3n profesional","description":"Monlau","publisher":{"@id":"https:\/\/www.monlau.com\/fp\/#organization"},"potentialAction":[{"@type":"SearchAction","target":{"@type":"EntryPoint","urlTemplate":"https:\/\/www.monlau.com\/fp\/?s={search_term_string}"},"query-input":{"@type":"PropertyValueSpecification","valueRequired":true,"valueName":"search_term_string"}}],"inLanguage":"es"},{"@type":"Organization","@id":"https:\/\/www.monlau.com\/fp\/#organization","name":"Formaci\u00f3n profesional","url":"https:\/\/www.monlau.com\/fp\/","logo":{"@type":"ImageObject","inLanguage":"es","@id":"https:\/\/www.monlau.com\/fp\/#\/schema\/logo\/image\/","url":"https:\/\/www.monlau.com\/app\/uploads\/sites\/3\/2026\/01\/fp.png","contentUrl":"https:\/\/www.monlau.com\/app\/uploads\/sites\/3\/2026\/01\/fp.png","width":1024,"height":878,"caption":"Formaci\u00f3n profesional"},"image":{"@id":"https:\/\/www.monlau.com\/fp\/#\/schema\/logo\/image\/"}},{"@type":"Person","@id":"https:\/\/www.monlau.com\/fp\/#\/schema\/person\/419cfdf054323e24e0a2ef1d8597f051","name":"adsmurai","image":{"@type":"ImageObject","inLanguage":"es","@id":"https:\/\/secure.gravatar.com\/avatar\/0748788578f91786454454fa3b4c295644edb991ad6caadc70b41d26790d38fc?s=96&d=mm&r=g","url":"https:\/\/secure.gravatar.com\/avatar\/0748788578f91786454454fa3b4c295644edb991ad6caadc70b41d26790d38fc?s=96&d=mm&r=g","contentUrl":"https:\/\/secure.gravatar.com\/avatar\/0748788578f91786454454fa3b4c295644edb991ad6caadc70b41d26790d38fc?s=96&d=mm&r=g","caption":"adsmurai"},"sameAs":["https:\/\/www.monlau.com"],"url":"https:\/\/www.monlau.com\/fp\/author\/adsmurai\/"}]}},"_links":{"self":[{"href":"https:\/\/www.monlau.com\/fp\/wp-json\/wp\/v2\/posts\/5977","targetHints":{"allow":["GET"]}}],"collection":[{"href":"https:\/\/www.monlau.com\/fp\/wp-json\/wp\/v2\/posts"}],"about":[{"href":"https:\/\/www.monlau.com\/fp\/wp-json\/wp\/v2\/types\/post"}],"author":[{"embeddable":true,"href":"https:\/\/www.monlau.com\/fp\/wp-json\/wp\/v2\/users\/1"}],"replies":[{"embeddable":true,"href":"https:\/\/www.monlau.com\/fp\/wp-json\/wp\/v2\/comments?post=5977"}],"version-history":[{"count":1,"href":"https:\/\/www.monlau.com\/fp\/wp-json\/wp\/v2\/posts\/5977\/revisions"}],"predecessor-version":[{"id":6382,"href":"https:\/\/www.monlau.com\/fp\/wp-json\/wp\/v2\/posts\/5977\/revisions\/6382"}],"wp:featuredmedia":[{"embeddable":true,"href":"https:\/\/www.monlau.com\/fp\/wp-json\/wp\/v2\/media\/3671"}],"wp:attachment":[{"href":"https:\/\/www.monlau.com\/fp\/wp-json\/wp\/v2\/media?parent=5977"}],"wp:term":[{"taxonomy":"category","embeddable":true,"href":"https:\/\/www.monlau.com\/fp\/wp-json\/wp\/v2\/categories?post=5977"},{"taxonomy":"post_tag","embeddable":true,"href":"https:\/\/www.monlau.com\/fp\/wp-json\/wp\/v2\/tags?post=5977"}],"curies":[{"name":"wp","href":"https:\/\/api.w.org\/{rel}","templated":true}]}}