{"id":5974,"date":"2023-04-21T00:00:00","date_gmt":"2023-04-20T22:00:00","guid":{"rendered":"https:\/\/www.monlau.com\/formacion-profesional\/se-acerca-la-2a-jornada-de-la-automocion-de-monlau\/"},"modified":"2026-03-10T10:03:28","modified_gmt":"2026-03-10T09:03:28","slug":"se-acerca-la-2a-jornada-de-la-automocion-de-monlau","status":"publish","type":"post","link":"https:\/\/www.monlau.com\/fp\/2023\/04\/21\/se-acerca-la-2a-jornada-de-la-automocion-de-monlau\/","title":{"rendered":"Se acerca la 2\u00aa Jornada de la Automoci\u00f3n de Monlau"},"content":{"rendered":"<p>\u00a1Ya tenemos fecha para la Jornada de Automoci\u00f3n!<\/p>\n<p><strong>Reserva la fecha porque el pr\u00f3ximo 30 de mayo te esperamos en las instalaciones de <\/strong><a href=\"https:\/\/nurburgreen.net\/\"><strong>N\u00fcrburgreen Indoor, el Karting 100% el\u00e9ctrico m\u00e1s avanzado de Europa<\/strong><\/a><strong>, para celebrar esta jornada que quiere reunir a alumnxs y empresas de la Automoci\u00f3n.<\/strong><\/p>\n<p>Este evento es una oportunidad \u00fanica para lxs alumnxs de los <a href=\"https:\/\/www.monlau.com\/formacio-professional\/area-automocion\/\">ciclos de Formaci\u00f3n Profesional de Automoci\u00f3n<\/a>, ya que les permitir\u00e1 exponer sus proyectos y mostrar todo su potencial a las empresas del sector que asistir\u00e1n.<\/p>\n<p>El sector de la automoci\u00f3n es uno de los m\u00e1s relevantes y, por ello, es imprescindible que los futuros profesionales est\u00e9n al d\u00eda en las \u00faltimas tecnolog\u00edas y tendencias. Durante esta jornada, <strong>los estudiantes tendr\u00e1n la oportunidad de presentar sus proyectos y exponer el trabajo que han estado realizando durante el curso a empresas del sector y recibir un <em>feedback<\/em> valioso de profesionales con experiencia en el campo<\/strong>. Adem\u00e1s, podr\u00e1n conocer a mucha gente y ampliar su red de contactos, algo fundamental en un sector tan competitivo como este.<\/p>\n<p>El a\u00f1o pasado fue todo un \u00e9xito y no esperamos menos en esta edici\u00f3n. \u00a1Nuestrxs alumnxs tienen much\u00edsimo potencial y van mejorando d\u00eda a d\u00eda! Os lo demostramos con una peque\u00f1a muestra de lo que nuestrxs alumnxs consiguieron hace un a\u00f1o en la Fiesta de la Automoci\u00f3n:<\/p>\n<h3>Las empresas de Automoci\u00f3n toman el evento<\/h3>\n<p>Las empresas del sector tambi\u00e9n tendr\u00e1n la oportunidad de conocer de cerca el potencial de lxs alumnxs de Monlau y estar en contacto con futuros profesionales. Te damos 3 motivos para participar:<\/p>\n<ul>\n<li><strong>Captaci\u00f3n de talento<\/strong>: unos 700 alumnos presentan m\u00e1s de 170 proyectos finales. Lxs futurxs profesionales de la Automoci\u00f3n est\u00e1n aqu\u00ed. Con speed meetings y entrevistas personales.<\/li>\n<li><strong>Presentaciones y demostraciones<\/strong>: Convi\u00e9rtete en expositor de la feria con tu estand para presentar tus productos o servicios.<\/li>\n<li><strong>Conferencias y charlas<\/strong>: \u00bfEres expertx en el sector? \u00bfQuieres impartir una ponencia durante el evento? \u00a1Cu\u00e9ntanos tu idea y te asignaremos un horario y un espacio para ello!<\/li>\n<\/ul>\n<p>Si eres una empresa del sector de la Automoci\u00f3n, no puedes perderte la segunda Jornada de la Automoci\u00f3n de Monlau FP. Si quieres asistir y participar activamente del evento, escr\u00edbenos a <a href=\"mailto:promolaboral@monlau.com\">promolaboral@monlau.com<\/a>, y te ayudaremos en la organizaci\u00f3n.<\/p>\n<p>\u00a1No te lo pierdas!<\/p>\n<p><strong>#SaveTheDate<\/strong><\/p>\n","protected":false},"excerpt":{"rendered":"<p>\u00a1Ya tenemos fecha para la Jornada de Automoci\u00f3n! Reserva la fecha porque el pr\u00f3ximo 30 de mayo te esperamos en las instalaciones de N\u00fcrburgreen Indoor, el Karting 100% el\u00e9ctrico m\u00e1s avanzado de Europa, para celebrar esta jornada que quiere reunir a alumnxs y empresas de la Automoci\u00f3n. Este evento es una oportunidad \u00fanica para lxs [&hellip;]<\/p>\n","protected":false},"author":1,"featured_media":3656,"comment_status":"closed","ping_status":"closed","sticky":false,"template":"","format":"standard","meta":{"footnotes":""},"categories":[36],"tags":[96,49,83,241,242],"class_list":["post-5974","post","type-post","status-publish","format-standard","has-post-thumbnail","hentry","category-automocion","tag-empresas","tag-formacion-profesional","tag-monlau","tag-nurburgreen","tag-proyectos"],"yoast_head":"<!-- This site is optimized with the Yoast SEO plugin v27.2 - https:\/\/yoast.com\/product\/yoast-seo-wordpress\/ -->\n<title>Se acerca la 2\u00aa Jornada de la Automoci\u00f3n de Monlau - Formaci\u00f3n profesional<\/title>\n<meta name=\"robots\" content=\"index, follow, max-snippet:-1, max-image-preview:large, max-video-preview:-1\" \/>\n<link rel=\"canonical\" href=\"https:\/\/www.monlau.com\/fp\/2023\/04\/21\/se-acerca-la-2a-jornada-de-la-automocion-de-monlau\/\" \/>\n<meta property=\"og:locale\" content=\"es_ES\" \/>\n<meta property=\"og:type\" content=\"article\" \/>\n<meta property=\"og:title\" content=\"Se acerca la 2\u00aa Jornada de la Automoci\u00f3n de Monlau - Formaci\u00f3n profesional\" \/>\n<meta property=\"og:description\" content=\"\u00a1Ya tenemos fecha para la Jornada de Automoci\u00f3n! Reserva la fecha porque el pr\u00f3ximo 30 de mayo te esperamos en las instalaciones de N\u00fcrburgreen Indoor, el Karting 100% el\u00e9ctrico m\u00e1s avanzado de Europa, para celebrar esta jornada que quiere reunir a alumnxs y empresas de la Automoci\u00f3n. Este evento es una oportunidad \u00fanica para lxs [&hellip;]\" \/>\n<meta property=\"og:url\" content=\"https:\/\/www.monlau.com\/fp\/2023\/04\/21\/se-acerca-la-2a-jornada-de-la-automocion-de-monlau\/\" \/>\n<meta property=\"og:site_name\" content=\"Formaci\u00f3n profesional\" \/>\n<meta property=\"article:published_time\" content=\"2023-04-20T22:00:00+00:00\" \/>\n<meta property=\"article:modified_time\" content=\"2026-03-10T09:03:28+00:00\" \/>\n<meta property=\"og:image\" content=\"https:\/\/www.monlau.com\/app\/uploads\/sites\/3\/2026\/03\/Jornada-de-lAutomocio-SAVE-THE-DATE.jpg\" \/>\n\t<meta property=\"og:image:width\" content=\"750\" \/>\n\t<meta property=\"og:image:height\" content=\"500\" \/>\n\t<meta property=\"og:image:type\" content=\"image\/jpeg\" \/>\n<meta name=\"author\" content=\"adsmurai\" \/>\n<meta name=\"twitter:card\" content=\"summary_large_image\" \/>\n<meta name=\"twitter:label1\" content=\"Escrito por\" \/>\n\t<meta name=\"twitter:data1\" content=\"adsmurai\" \/>\n\t<meta name=\"twitter:label2\" content=\"Tiempo de lectura\" \/>\n\t<meta name=\"twitter:data2\" content=\"2 minutos\" \/>\n<script type=\"application\/ld+json\" class=\"yoast-schema-graph\">{\"@context\":\"https:\/\/schema.org\",\"@graph\":[{\"@type\":\"Article\",\"@id\":\"https:\/\/www.monlau.com\/fp\/2023\/04\/21\/se-acerca-la-2a-jornada-de-la-automocion-de-monlau\/#article\",\"isPartOf\":{\"@id\":\"https:\/\/www.monlau.com\/fp\/2023\/04\/21\/se-acerca-la-2a-jornada-de-la-automocion-de-monlau\/\"},\"author\":{\"name\":\"adsmurai\",\"@id\":\"https:\/\/www.monlau.com\/fp\/#\/schema\/person\/419cfdf054323e24e0a2ef1d8597f051\"},\"headline\":\"Se acerca la 2\u00aa Jornada de la Automoci\u00f3n de Monlau\",\"datePublished\":\"2023-04-20T22:00:00+00:00\",\"dateModified\":\"2026-03-10T09:03:28+00:00\",\"mainEntityOfPage\":{\"@id\":\"https:\/\/www.monlau.com\/fp\/2023\/04\/21\/se-acerca-la-2a-jornada-de-la-automocion-de-monlau\/\"},\"wordCount\":418,\"publisher\":{\"@id\":\"https:\/\/www.monlau.com\/fp\/#organization\"},\"image\":{\"@id\":\"https:\/\/www.monlau.com\/fp\/2023\/04\/21\/se-acerca-la-2a-jornada-de-la-automocion-de-monlau\/#primaryimage\"},\"thumbnailUrl\":\"https:\/\/www.monlau.com\/app\/uploads\/sites\/3\/2026\/03\/Jornada-de-lAutomocio-SAVE-THE-DATE.jpg\",\"keywords\":[\"empresas\",\"formaci\u00f3n profesional\",\"Monlau\",\"N\u00fcrburgreen\",\"proyectos\"],\"articleSection\":[\"Automoci\u00f3n\"],\"inLanguage\":\"es\"},{\"@type\":\"WebPage\",\"@id\":\"https:\/\/www.monlau.com\/fp\/2023\/04\/21\/se-acerca-la-2a-jornada-de-la-automocion-de-monlau\/\",\"url\":\"https:\/\/www.monlau.com\/fp\/2023\/04\/21\/se-acerca-la-2a-jornada-de-la-automocion-de-monlau\/\",\"name\":\"Se acerca la 2\u00aa Jornada de la Automoci\u00f3n de Monlau - Formaci\u00f3n profesional\",\"isPartOf\":{\"@id\":\"https:\/\/www.monlau.com\/fp\/#website\"},\"primaryImageOfPage\":{\"@id\":\"https:\/\/www.monlau.com\/fp\/2023\/04\/21\/se-acerca-la-2a-jornada-de-la-automocion-de-monlau\/#primaryimage\"},\"image\":{\"@id\":\"https:\/\/www.monlau.com\/fp\/2023\/04\/21\/se-acerca-la-2a-jornada-de-la-automocion-de-monlau\/#primaryimage\"},\"thumbnailUrl\":\"https:\/\/www.monlau.com\/app\/uploads\/sites\/3\/2026\/03\/Jornada-de-lAutomocio-SAVE-THE-DATE.jpg\",\"datePublished\":\"2023-04-20T22:00:00+00:00\",\"dateModified\":\"2026-03-10T09:03:28+00:00\",\"breadcrumb\":{\"@id\":\"https:\/\/www.monlau.com\/fp\/2023\/04\/21\/se-acerca-la-2a-jornada-de-la-automocion-de-monlau\/#breadcrumb\"},\"inLanguage\":\"es\",\"potentialAction\":[{\"@type\":\"ReadAction\",\"target\":[\"https:\/\/www.monlau.com\/fp\/2023\/04\/21\/se-acerca-la-2a-jornada-de-la-automocion-de-monlau\/\"]}]},{\"@type\":\"ImageObject\",\"inLanguage\":\"es\",\"@id\":\"https:\/\/www.monlau.com\/fp\/2023\/04\/21\/se-acerca-la-2a-jornada-de-la-automocion-de-monlau\/#primaryimage\",\"url\":\"https:\/\/www.monlau.com\/app\/uploads\/sites\/3\/2026\/03\/Jornada-de-lAutomocio-SAVE-THE-DATE.jpg\",\"contentUrl\":\"https:\/\/www.monlau.com\/app\/uploads\/sites\/3\/2026\/03\/Jornada-de-lAutomocio-SAVE-THE-DATE.jpg\",\"width\":750,\"height\":500},{\"@type\":\"BreadcrumbList\",\"@id\":\"https:\/\/www.monlau.com\/fp\/2023\/04\/21\/se-acerca-la-2a-jornada-de-la-automocion-de-monlau\/#breadcrumb\",\"itemListElement\":[{\"@type\":\"ListItem\",\"position\":1,\"name\":\"Portada\",\"item\":\"https:\/\/www.monlau.com\/fp\/\"},{\"@type\":\"ListItem\",\"position\":2,\"name\":\"Se acerca la 2\u00aa Jornada de la Automoci\u00f3n de Monlau\"}]},{\"@type\":\"WebSite\",\"@id\":\"https:\/\/www.monlau.com\/fp\/#website\",\"url\":\"https:\/\/www.monlau.com\/fp\/\",\"name\":\"Formaci\u00f3n profesional\",\"description\":\"Monlau\",\"publisher\":{\"@id\":\"https:\/\/www.monlau.com\/fp\/#organization\"},\"potentialAction\":[{\"@type\":\"SearchAction\",\"target\":{\"@type\":\"EntryPoint\",\"urlTemplate\":\"https:\/\/www.monlau.com\/fp\/?s={search_term_string}\"},\"query-input\":{\"@type\":\"PropertyValueSpecification\",\"valueRequired\":true,\"valueName\":\"search_term_string\"}}],\"inLanguage\":\"es\"},{\"@type\":\"Organization\",\"@id\":\"https:\/\/www.monlau.com\/fp\/#organization\",\"name\":\"Formaci\u00f3n profesional\",\"url\":\"https:\/\/www.monlau.com\/fp\/\",\"logo\":{\"@type\":\"ImageObject\",\"inLanguage\":\"es\",\"@id\":\"https:\/\/www.monlau.com\/fp\/#\/schema\/logo\/image\/\",\"url\":\"https:\/\/www.monlau.com\/app\/uploads\/sites\/3\/2026\/01\/fp.png\",\"contentUrl\":\"https:\/\/www.monlau.com\/app\/uploads\/sites\/3\/2026\/01\/fp.png\",\"width\":1024,\"height\":878,\"caption\":\"Formaci\u00f3n profesional\"},\"image\":{\"@id\":\"https:\/\/www.monlau.com\/fp\/#\/schema\/logo\/image\/\"}},{\"@type\":\"Person\",\"@id\":\"https:\/\/www.monlau.com\/fp\/#\/schema\/person\/419cfdf054323e24e0a2ef1d8597f051\",\"name\":\"adsmurai\",\"image\":{\"@type\":\"ImageObject\",\"inLanguage\":\"es\",\"@id\":\"https:\/\/secure.gravatar.com\/avatar\/0748788578f91786454454fa3b4c295644edb991ad6caadc70b41d26790d38fc?s=96&d=mm&r=g\",\"url\":\"https:\/\/secure.gravatar.com\/avatar\/0748788578f91786454454fa3b4c295644edb991ad6caadc70b41d26790d38fc?s=96&d=mm&r=g\",\"contentUrl\":\"https:\/\/secure.gravatar.com\/avatar\/0748788578f91786454454fa3b4c295644edb991ad6caadc70b41d26790d38fc?s=96&d=mm&r=g\",\"caption\":\"adsmurai\"},\"sameAs\":[\"https:\/\/www.monlau.com\"],\"url\":\"https:\/\/www.monlau.com\/fp\/author\/adsmurai\/\"}]}<\/script>\n<!-- \/ Yoast SEO plugin. -->","yoast_head_json":{"title":"Se acerca la 2\u00aa Jornada de la Automoci\u00f3n de Monlau - Formaci\u00f3n profesional","robots":{"index":"index","follow":"follow","max-snippet":"max-snippet:-1","max-image-preview":"max-image-preview:large","max-video-preview":"max-video-preview:-1"},"canonical":"https:\/\/www.monlau.com\/fp\/2023\/04\/21\/se-acerca-la-2a-jornada-de-la-automocion-de-monlau\/","og_locale":"es_ES","og_type":"article","og_title":"Se acerca la 2\u00aa Jornada de la Automoci\u00f3n de Monlau - Formaci\u00f3n profesional","og_description":"\u00a1Ya tenemos fecha para la Jornada de Automoci\u00f3n! Reserva la fecha porque el pr\u00f3ximo 30 de mayo te esperamos en las instalaciones de N\u00fcrburgreen Indoor, el Karting 100% el\u00e9ctrico m\u00e1s avanzado de Europa, para celebrar esta jornada que quiere reunir a alumnxs y empresas de la Automoci\u00f3n. Este evento es una oportunidad \u00fanica para lxs [&hellip;]","og_url":"https:\/\/www.monlau.com\/fp\/2023\/04\/21\/se-acerca-la-2a-jornada-de-la-automocion-de-monlau\/","og_site_name":"Formaci\u00f3n profesional","article_published_time":"2023-04-20T22:00:00+00:00","article_modified_time":"2026-03-10T09:03:28+00:00","og_image":[{"width":750,"height":500,"url":"https:\/\/www.monlau.com\/app\/uploads\/sites\/3\/2026\/03\/Jornada-de-lAutomocio-SAVE-THE-DATE.jpg","type":"image\/jpeg"}],"author":"adsmurai","twitter_card":"summary_large_image","twitter_misc":{"Escrito por":"adsmurai","Tiempo de lectura":"2 minutos"},"schema":{"@context":"https:\/\/schema.org","@graph":[{"@type":"Article","@id":"https:\/\/www.monlau.com\/fp\/2023\/04\/21\/se-acerca-la-2a-jornada-de-la-automocion-de-monlau\/#article","isPartOf":{"@id":"https:\/\/www.monlau.com\/fp\/2023\/04\/21\/se-acerca-la-2a-jornada-de-la-automocion-de-monlau\/"},"author":{"name":"adsmurai","@id":"https:\/\/www.monlau.com\/fp\/#\/schema\/person\/419cfdf054323e24e0a2ef1d8597f051"},"headline":"Se acerca la 2\u00aa Jornada de la Automoci\u00f3n de Monlau","datePublished":"2023-04-20T22:00:00+00:00","dateModified":"2026-03-10T09:03:28+00:00","mainEntityOfPage":{"@id":"https:\/\/www.monlau.com\/fp\/2023\/04\/21\/se-acerca-la-2a-jornada-de-la-automocion-de-monlau\/"},"wordCount":418,"publisher":{"@id":"https:\/\/www.monlau.com\/fp\/#organization"},"image":{"@id":"https:\/\/www.monlau.com\/fp\/2023\/04\/21\/se-acerca-la-2a-jornada-de-la-automocion-de-monlau\/#primaryimage"},"thumbnailUrl":"https:\/\/www.monlau.com\/app\/uploads\/sites\/3\/2026\/03\/Jornada-de-lAutomocio-SAVE-THE-DATE.jpg","keywords":["empresas","formaci\u00f3n profesional","Monlau","N\u00fcrburgreen","proyectos"],"articleSection":["Automoci\u00f3n"],"inLanguage":"es"},{"@type":"WebPage","@id":"https:\/\/www.monlau.com\/fp\/2023\/04\/21\/se-acerca-la-2a-jornada-de-la-automocion-de-monlau\/","url":"https:\/\/www.monlau.com\/fp\/2023\/04\/21\/se-acerca-la-2a-jornada-de-la-automocion-de-monlau\/","name":"Se acerca la 2\u00aa Jornada de la Automoci\u00f3n de Monlau - Formaci\u00f3n profesional","isPartOf":{"@id":"https:\/\/www.monlau.com\/fp\/#website"},"primaryImageOfPage":{"@id":"https:\/\/www.monlau.com\/fp\/2023\/04\/21\/se-acerca-la-2a-jornada-de-la-automocion-de-monlau\/#primaryimage"},"image":{"@id":"https:\/\/www.monlau.com\/fp\/2023\/04\/21\/se-acerca-la-2a-jornada-de-la-automocion-de-monlau\/#primaryimage"},"thumbnailUrl":"https:\/\/www.monlau.com\/app\/uploads\/sites\/3\/2026\/03\/Jornada-de-lAutomocio-SAVE-THE-DATE.jpg","datePublished":"2023-04-20T22:00:00+00:00","dateModified":"2026-03-10T09:03:28+00:00","breadcrumb":{"@id":"https:\/\/www.monlau.com\/fp\/2023\/04\/21\/se-acerca-la-2a-jornada-de-la-automocion-de-monlau\/#breadcrumb"},"inLanguage":"es","potentialAction":[{"@type":"ReadAction","target":["https:\/\/www.monlau.com\/fp\/2023\/04\/21\/se-acerca-la-2a-jornada-de-la-automocion-de-monlau\/"]}]},{"@type":"ImageObject","inLanguage":"es","@id":"https:\/\/www.monlau.com\/fp\/2023\/04\/21\/se-acerca-la-2a-jornada-de-la-automocion-de-monlau\/#primaryimage","url":"https:\/\/www.monlau.com\/app\/uploads\/sites\/3\/2026\/03\/Jornada-de-lAutomocio-SAVE-THE-DATE.jpg","contentUrl":"https:\/\/www.monlau.com\/app\/uploads\/sites\/3\/2026\/03\/Jornada-de-lAutomocio-SAVE-THE-DATE.jpg","width":750,"height":500},{"@type":"BreadcrumbList","@id":"https:\/\/www.monlau.com\/fp\/2023\/04\/21\/se-acerca-la-2a-jornada-de-la-automocion-de-monlau\/#breadcrumb","itemListElement":[{"@type":"ListItem","position":1,"name":"Portada","item":"https:\/\/www.monlau.com\/fp\/"},{"@type":"ListItem","position":2,"name":"Se acerca la 2\u00aa Jornada de la Automoci\u00f3n de Monlau"}]},{"@type":"WebSite","@id":"https:\/\/www.monlau.com\/fp\/#website","url":"https:\/\/www.monlau.com\/fp\/","name":"Formaci\u00f3n profesional","description":"Monlau","publisher":{"@id":"https:\/\/www.monlau.com\/fp\/#organization"},"potentialAction":[{"@type":"SearchAction","target":{"@type":"EntryPoint","urlTemplate":"https:\/\/www.monlau.com\/fp\/?s={search_term_string}"},"query-input":{"@type":"PropertyValueSpecification","valueRequired":true,"valueName":"search_term_string"}}],"inLanguage":"es"},{"@type":"Organization","@id":"https:\/\/www.monlau.com\/fp\/#organization","name":"Formaci\u00f3n profesional","url":"https:\/\/www.monlau.com\/fp\/","logo":{"@type":"ImageObject","inLanguage":"es","@id":"https:\/\/www.monlau.com\/fp\/#\/schema\/logo\/image\/","url":"https:\/\/www.monlau.com\/app\/uploads\/sites\/3\/2026\/01\/fp.png","contentUrl":"https:\/\/www.monlau.com\/app\/uploads\/sites\/3\/2026\/01\/fp.png","width":1024,"height":878,"caption":"Formaci\u00f3n profesional"},"image":{"@id":"https:\/\/www.monlau.com\/fp\/#\/schema\/logo\/image\/"}},{"@type":"Person","@id":"https:\/\/www.monlau.com\/fp\/#\/schema\/person\/419cfdf054323e24e0a2ef1d8597f051","name":"adsmurai","image":{"@type":"ImageObject","inLanguage":"es","@id":"https:\/\/secure.gravatar.com\/avatar\/0748788578f91786454454fa3b4c295644edb991ad6caadc70b41d26790d38fc?s=96&d=mm&r=g","url":"https:\/\/secure.gravatar.com\/avatar\/0748788578f91786454454fa3b4c295644edb991ad6caadc70b41d26790d38fc?s=96&d=mm&r=g","contentUrl":"https:\/\/secure.gravatar.com\/avatar\/0748788578f91786454454fa3b4c295644edb991ad6caadc70b41d26790d38fc?s=96&d=mm&r=g","caption":"adsmurai"},"sameAs":["https:\/\/www.monlau.com"],"url":"https:\/\/www.monlau.com\/fp\/author\/adsmurai\/"}]}},"_links":{"self":[{"href":"https:\/\/www.monlau.com\/fp\/wp-json\/wp\/v2\/posts\/5974","targetHints":{"allow":["GET"]}}],"collection":[{"href":"https:\/\/www.monlau.com\/fp\/wp-json\/wp\/v2\/posts"}],"about":[{"href":"https:\/\/www.monlau.com\/fp\/wp-json\/wp\/v2\/types\/post"}],"author":[{"embeddable":true,"href":"https:\/\/www.monlau.com\/fp\/wp-json\/wp\/v2\/users\/1"}],"replies":[{"embeddable":true,"href":"https:\/\/www.monlau.com\/fp\/wp-json\/wp\/v2\/comments?post=5974"}],"version-history":[{"count":1,"href":"https:\/\/www.monlau.com\/fp\/wp-json\/wp\/v2\/posts\/5974\/revisions"}],"predecessor-version":[{"id":6383,"href":"https:\/\/www.monlau.com\/fp\/wp-json\/wp\/v2\/posts\/5974\/revisions\/6383"}],"wp:featuredmedia":[{"embeddable":true,"href":"https:\/\/www.monlau.com\/fp\/wp-json\/wp\/v2\/media\/3656"}],"wp:attachment":[{"href":"https:\/\/www.monlau.com\/fp\/wp-json\/wp\/v2\/media?parent=5974"}],"wp:term":[{"taxonomy":"category","embeddable":true,"href":"https:\/\/www.monlau.com\/fp\/wp-json\/wp\/v2\/categories?post=5974"},{"taxonomy":"post_tag","embeddable":true,"href":"https:\/\/www.monlau.com\/fp\/wp-json\/wp\/v2\/tags?post=5974"}],"curies":[{"name":"wp","href":"https:\/\/api.w.org\/{rel}","templated":true}]}}