{"id":5972,"date":"2022-12-20T00:00:00","date_gmt":"2022-12-19T23:00:00","guid":{"rendered":"https:\/\/www.monlau.com\/formacion-profesional\/nueva-ley-fp\/"},"modified":"2026-03-10T10:03:29","modified_gmt":"2026-03-10T09:03:29","slug":"nueva-ley-fp","status":"publish","type":"post","link":"https:\/\/www.monlau.com\/fp\/2022\/12\/20\/nueva-ley-fp\/","title":{"rendered":"\u00bfEn qu\u00e9 consiste la nueva ley FP?"},"content":{"rendered":"<p>Actualmente, m\u00e1s del 30% de los j\u00f3venes est\u00e1n en el paro y muchos de ellos no piensan en la formaci\u00f3n profesional. El 24,3% de la poblaci\u00f3n tiene un t\u00edtulo de la FP.<\/p>\n<p>Por suerte, en marzo de este a\u00f1o el gobierno fue aprobada una nueva Ley Org\u00e1nica de Ordenaci\u00f3n e Integraci\u00f3n de la Formaci\u00f3n Profesional con el fin de transformar el sistema de la formaci\u00f3n profesional y convertirlo en un sistema \u00fanico para poder asegurar una puerta a un puesto de trabajo de calidad para los j\u00f3venes.<\/p>\n<p>El gobierno quiere regular un r\u00e9gimen de formaci\u00f3n y acompa\u00f1amiento de profesionales, ofreci\u00e9ndoles valores y competencias demandadas por las nuevas necesidades productivas y sectoriales para el aumento de la productividad y de la generaci\u00f3n de empleo.<\/p>\n<p>Hoy en d\u00eda en Espa\u00f1a contamos con un 12% de j\u00f3venes que estudian este tipo de formaci\u00f3n. Es por ello, que, con esta reforma, el gobierno ha propuesto aumentar el porcentaje actual al 25% europeo o incluso el 29% de la OCDE para en un futuro tener t\u00e9cnicos capacitados en aquellos puestos que hagan falta.<\/p>\n<p>Adem\u00e1s, se aspira a elevar el 25% al 50% el porcentaje de j\u00f3venes con nivel de cualificaci\u00f3n medio.<\/p>\n<p>La reforma introduce las siguientes novedades para hacer posible el incremento de j\u00f3venes que apuestan por la formaci\u00f3n profesional.<\/p>\n<h4>Unificar la formaci\u00f3n profesional y la formaci\u00f3n para el empleo<\/h4>\n<p>El nuevo sistema de la formaci\u00f3n profesional ser\u00e1 m\u00e1s flexible y accesible, para as\u00ed ofrecer a trabajadores y estudiantes la oportunidad de programar itinerarios formativos en funci\u00f3n de sus expectativas y necesidades.<\/p>\n<h4>Potenciar la orientaci\u00f3n profesional<\/h4>\n<p>Saber qu\u00e9 hacer despu\u00e9s de finalizar la formaci\u00f3n es muy importante para los alumnos. Es por ello por lo que esta nueva ley tiene como objetivo presentar un servicio de acompa\u00f1amiento obligado al aprendizaje a lo largo de la vida.<\/p>\n<h4>Reforzar la acreditaci\u00f3n de competencias por v\u00eda laboral<\/h4>\n<p>Esta novedad beneficiar\u00e1 a la parte de la poblaci\u00f3n activa que no posee una cualificaci\u00f3n o que no tiene las competencias personales acreditadas. Se quiere mejorar el acceso a la acreditaci\u00f3n para cubrir toda la demanda de empleo.<\/p>\n<h4>Ampliar la formaci\u00f3n dual<\/h4>\n<p>La nueva ley permite acercar m\u00e1s la formaci\u00f3n profesional al mundo laboral aplicando una formaci\u00f3n dual. Con esta formaci\u00f3n, los estudiantes podr\u00e1n realizar parte de su formaci\u00f3n en las empresas.<\/p>\n<p>En Monlau estamos comprometidos desde hace 40 a\u00f1os por la formaci\u00f3n profesional y te animamos a que le des una oportunidad a este tipo de ense\u00f1anza.<\/p>\n","protected":false},"excerpt":{"rendered":"<p>Actualmente, m\u00e1s del 30% de los j\u00f3venes est\u00e1n en el paro y muchos de ellos no piensan en la formaci\u00f3n profesional. El 24,3% de la poblaci\u00f3n tiene un t\u00edtulo de la FP. Por suerte, en marzo de este a\u00f1o el gobierno fue aprobada una nueva Ley Org\u00e1nica de Ordenaci\u00f3n e Integraci\u00f3n de la Formaci\u00f3n Profesional [&hellip;]<\/p>\n","protected":false},"author":1,"featured_media":3650,"comment_status":"closed","ping_status":"closed","sticky":false,"template":"","format":"standard","meta":{"footnotes":""},"categories":[71],"tags":[104,49,157,239],"class_list":["post-5972","post","type-post","status-publish","format-standard","has-post-thumbnail","hentry","category-sin-categorizar","tag-ciclos-formativos","tag-formacion-profesional","tag-fp","tag-ley"],"yoast_head":"<!-- This site is optimized with the Yoast SEO plugin v27.2 - https:\/\/yoast.com\/product\/yoast-seo-wordpress\/ -->\n<title>\u00bfEn qu\u00e9 consiste la nueva ley FP? - Formaci\u00f3n profesional<\/title>\n<meta name=\"robots\" content=\"index, follow, max-snippet:-1, max-image-preview:large, max-video-preview:-1\" \/>\n<link rel=\"canonical\" href=\"https:\/\/www.monlau.com\/fp\/2022\/12\/20\/nueva-ley-fp\/\" \/>\n<meta property=\"og:locale\" content=\"es_ES\" \/>\n<meta property=\"og:type\" content=\"article\" \/>\n<meta property=\"og:title\" content=\"\u00bfEn qu\u00e9 consiste la nueva ley FP? - Formaci\u00f3n profesional\" \/>\n<meta property=\"og:description\" content=\"Actualmente, m\u00e1s del 30% de los j\u00f3venes est\u00e1n en el paro y muchos de ellos no piensan en la formaci\u00f3n profesional. El 24,3% de la poblaci\u00f3n tiene un t\u00edtulo de la FP. Por suerte, en marzo de este a\u00f1o el gobierno fue aprobada una nueva Ley Org\u00e1nica de Ordenaci\u00f3n e Integraci\u00f3n de la Formaci\u00f3n Profesional [&hellip;]\" \/>\n<meta property=\"og:url\" content=\"https:\/\/www.monlau.com\/fp\/2022\/12\/20\/nueva-ley-fp\/\" \/>\n<meta property=\"og:site_name\" content=\"Formaci\u00f3n profesional\" \/>\n<meta property=\"article:published_time\" content=\"2022-12-19T23:00:00+00:00\" \/>\n<meta property=\"article:modified_time\" content=\"2026-03-10T09:03:29+00:00\" \/>\n<meta property=\"og:image\" content=\"https:\/\/www.monlau.com\/app\/uploads\/sites\/3\/2026\/03\/MicrosoftTeams-image-19.png\" \/>\n\t<meta property=\"og:image:width\" content=\"1600\" \/>\n\t<meta property=\"og:image:height\" content=\"900\" \/>\n\t<meta property=\"og:image:type\" content=\"image\/png\" \/>\n<meta name=\"author\" content=\"adsmurai\" \/>\n<meta name=\"twitter:card\" content=\"summary_large_image\" \/>\n<meta name=\"twitter:label1\" content=\"Escrito por\" \/>\n\t<meta name=\"twitter:data1\" content=\"adsmurai\" \/>\n\t<meta name=\"twitter:label2\" content=\"Tiempo de lectura\" \/>\n\t<meta name=\"twitter:data2\" content=\"2 minutos\" \/>\n<script type=\"application\/ld+json\" class=\"yoast-schema-graph\">{\"@context\":\"https:\/\/schema.org\",\"@graph\":[{\"@type\":\"Article\",\"@id\":\"https:\/\/www.monlau.com\/fp\/2022\/12\/20\/nueva-ley-fp\/#article\",\"isPartOf\":{\"@id\":\"https:\/\/www.monlau.com\/fp\/2022\/12\/20\/nueva-ley-fp\/\"},\"author\":{\"name\":\"adsmurai\",\"@id\":\"https:\/\/www.monlau.com\/fp\/#\/schema\/person\/419cfdf054323e24e0a2ef1d8597f051\"},\"headline\":\"\u00bfEn qu\u00e9 consiste la nueva ley FP?\",\"datePublished\":\"2022-12-19T23:00:00+00:00\",\"dateModified\":\"2026-03-10T09:03:29+00:00\",\"mainEntityOfPage\":{\"@id\":\"https:\/\/www.monlau.com\/fp\/2022\/12\/20\/nueva-ley-fp\/\"},\"wordCount\":458,\"publisher\":{\"@id\":\"https:\/\/www.monlau.com\/fp\/#organization\"},\"image\":{\"@id\":\"https:\/\/www.monlau.com\/fp\/2022\/12\/20\/nueva-ley-fp\/#primaryimage\"},\"thumbnailUrl\":\"https:\/\/www.monlau.com\/app\/uploads\/sites\/3\/2026\/03\/MicrosoftTeams-image-19.png\",\"keywords\":[\"Ciclos Formativos\",\"formaci\u00f3n profesional\",\"fp\",\"ley\"],\"articleSection\":[\"Sin categorizar\"],\"inLanguage\":\"es\"},{\"@type\":\"WebPage\",\"@id\":\"https:\/\/www.monlau.com\/fp\/2022\/12\/20\/nueva-ley-fp\/\",\"url\":\"https:\/\/www.monlau.com\/fp\/2022\/12\/20\/nueva-ley-fp\/\",\"name\":\"\u00bfEn qu\u00e9 consiste la nueva ley FP? - Formaci\u00f3n profesional\",\"isPartOf\":{\"@id\":\"https:\/\/www.monlau.com\/fp\/#website\"},\"primaryImageOfPage\":{\"@id\":\"https:\/\/www.monlau.com\/fp\/2022\/12\/20\/nueva-ley-fp\/#primaryimage\"},\"image\":{\"@id\":\"https:\/\/www.monlau.com\/fp\/2022\/12\/20\/nueva-ley-fp\/#primaryimage\"},\"thumbnailUrl\":\"https:\/\/www.monlau.com\/app\/uploads\/sites\/3\/2026\/03\/MicrosoftTeams-image-19.png\",\"datePublished\":\"2022-12-19T23:00:00+00:00\",\"dateModified\":\"2026-03-10T09:03:29+00:00\",\"breadcrumb\":{\"@id\":\"https:\/\/www.monlau.com\/fp\/2022\/12\/20\/nueva-ley-fp\/#breadcrumb\"},\"inLanguage\":\"es\",\"potentialAction\":[{\"@type\":\"ReadAction\",\"target\":[\"https:\/\/www.monlau.com\/fp\/2022\/12\/20\/nueva-ley-fp\/\"]}]},{\"@type\":\"ImageObject\",\"inLanguage\":\"es\",\"@id\":\"https:\/\/www.monlau.com\/fp\/2022\/12\/20\/nueva-ley-fp\/#primaryimage\",\"url\":\"https:\/\/www.monlau.com\/app\/uploads\/sites\/3\/2026\/03\/MicrosoftTeams-image-19.png\",\"contentUrl\":\"https:\/\/www.monlau.com\/app\/uploads\/sites\/3\/2026\/03\/MicrosoftTeams-image-19.png\",\"width\":1600,\"height\":900},{\"@type\":\"BreadcrumbList\",\"@id\":\"https:\/\/www.monlau.com\/fp\/2022\/12\/20\/nueva-ley-fp\/#breadcrumb\",\"itemListElement\":[{\"@type\":\"ListItem\",\"position\":1,\"name\":\"Portada\",\"item\":\"https:\/\/www.monlau.com\/fp\/\"},{\"@type\":\"ListItem\",\"position\":2,\"name\":\"\u00bfEn qu\u00e9 consiste la nueva ley FP?\"}]},{\"@type\":\"WebSite\",\"@id\":\"https:\/\/www.monlau.com\/fp\/#website\",\"url\":\"https:\/\/www.monlau.com\/fp\/\",\"name\":\"Formaci\u00f3n profesional\",\"description\":\"Monlau\",\"publisher\":{\"@id\":\"https:\/\/www.monlau.com\/fp\/#organization\"},\"potentialAction\":[{\"@type\":\"SearchAction\",\"target\":{\"@type\":\"EntryPoint\",\"urlTemplate\":\"https:\/\/www.monlau.com\/fp\/?s={search_term_string}\"},\"query-input\":{\"@type\":\"PropertyValueSpecification\",\"valueRequired\":true,\"valueName\":\"search_term_string\"}}],\"inLanguage\":\"es\"},{\"@type\":\"Organization\",\"@id\":\"https:\/\/www.monlau.com\/fp\/#organization\",\"name\":\"Formaci\u00f3n profesional\",\"url\":\"https:\/\/www.monlau.com\/fp\/\",\"logo\":{\"@type\":\"ImageObject\",\"inLanguage\":\"es\",\"@id\":\"https:\/\/www.monlau.com\/fp\/#\/schema\/logo\/image\/\",\"url\":\"https:\/\/www.monlau.com\/app\/uploads\/sites\/3\/2026\/01\/fp.png\",\"contentUrl\":\"https:\/\/www.monlau.com\/app\/uploads\/sites\/3\/2026\/01\/fp.png\",\"width\":1024,\"height\":878,\"caption\":\"Formaci\u00f3n profesional\"},\"image\":{\"@id\":\"https:\/\/www.monlau.com\/fp\/#\/schema\/logo\/image\/\"}},{\"@type\":\"Person\",\"@id\":\"https:\/\/www.monlau.com\/fp\/#\/schema\/person\/419cfdf054323e24e0a2ef1d8597f051\",\"name\":\"adsmurai\",\"image\":{\"@type\":\"ImageObject\",\"inLanguage\":\"es\",\"@id\":\"https:\/\/secure.gravatar.com\/avatar\/0748788578f91786454454fa3b4c295644edb991ad6caadc70b41d26790d38fc?s=96&d=mm&r=g\",\"url\":\"https:\/\/secure.gravatar.com\/avatar\/0748788578f91786454454fa3b4c295644edb991ad6caadc70b41d26790d38fc?s=96&d=mm&r=g\",\"contentUrl\":\"https:\/\/secure.gravatar.com\/avatar\/0748788578f91786454454fa3b4c295644edb991ad6caadc70b41d26790d38fc?s=96&d=mm&r=g\",\"caption\":\"adsmurai\"},\"sameAs\":[\"https:\/\/www.monlau.com\"],\"url\":\"https:\/\/www.monlau.com\/fp\/author\/adsmurai\/\"}]}<\/script>\n<!-- \/ Yoast SEO plugin. -->","yoast_head_json":{"title":"\u00bfEn qu\u00e9 consiste la nueva ley FP? - Formaci\u00f3n profesional","robots":{"index":"index","follow":"follow","max-snippet":"max-snippet:-1","max-image-preview":"max-image-preview:large","max-video-preview":"max-video-preview:-1"},"canonical":"https:\/\/www.monlau.com\/fp\/2022\/12\/20\/nueva-ley-fp\/","og_locale":"es_ES","og_type":"article","og_title":"\u00bfEn qu\u00e9 consiste la nueva ley FP? - Formaci\u00f3n profesional","og_description":"Actualmente, m\u00e1s del 30% de los j\u00f3venes est\u00e1n en el paro y muchos de ellos no piensan en la formaci\u00f3n profesional. El 24,3% de la poblaci\u00f3n tiene un t\u00edtulo de la FP. Por suerte, en marzo de este a\u00f1o el gobierno fue aprobada una nueva Ley Org\u00e1nica de Ordenaci\u00f3n e Integraci\u00f3n de la Formaci\u00f3n Profesional [&hellip;]","og_url":"https:\/\/www.monlau.com\/fp\/2022\/12\/20\/nueva-ley-fp\/","og_site_name":"Formaci\u00f3n profesional","article_published_time":"2022-12-19T23:00:00+00:00","article_modified_time":"2026-03-10T09:03:29+00:00","og_image":[{"width":1600,"height":900,"url":"https:\/\/www.monlau.com\/app\/uploads\/sites\/3\/2026\/03\/MicrosoftTeams-image-19.png","type":"image\/png"}],"author":"adsmurai","twitter_card":"summary_large_image","twitter_misc":{"Escrito por":"adsmurai","Tiempo de lectura":"2 minutos"},"schema":{"@context":"https:\/\/schema.org","@graph":[{"@type":"Article","@id":"https:\/\/www.monlau.com\/fp\/2022\/12\/20\/nueva-ley-fp\/#article","isPartOf":{"@id":"https:\/\/www.monlau.com\/fp\/2022\/12\/20\/nueva-ley-fp\/"},"author":{"name":"adsmurai","@id":"https:\/\/www.monlau.com\/fp\/#\/schema\/person\/419cfdf054323e24e0a2ef1d8597f051"},"headline":"\u00bfEn qu\u00e9 consiste la nueva ley FP?","datePublished":"2022-12-19T23:00:00+00:00","dateModified":"2026-03-10T09:03:29+00:00","mainEntityOfPage":{"@id":"https:\/\/www.monlau.com\/fp\/2022\/12\/20\/nueva-ley-fp\/"},"wordCount":458,"publisher":{"@id":"https:\/\/www.monlau.com\/fp\/#organization"},"image":{"@id":"https:\/\/www.monlau.com\/fp\/2022\/12\/20\/nueva-ley-fp\/#primaryimage"},"thumbnailUrl":"https:\/\/www.monlau.com\/app\/uploads\/sites\/3\/2026\/03\/MicrosoftTeams-image-19.png","keywords":["Ciclos Formativos","formaci\u00f3n profesional","fp","ley"],"articleSection":["Sin categorizar"],"inLanguage":"es"},{"@type":"WebPage","@id":"https:\/\/www.monlau.com\/fp\/2022\/12\/20\/nueva-ley-fp\/","url":"https:\/\/www.monlau.com\/fp\/2022\/12\/20\/nueva-ley-fp\/","name":"\u00bfEn qu\u00e9 consiste la nueva ley FP? - Formaci\u00f3n profesional","isPartOf":{"@id":"https:\/\/www.monlau.com\/fp\/#website"},"primaryImageOfPage":{"@id":"https:\/\/www.monlau.com\/fp\/2022\/12\/20\/nueva-ley-fp\/#primaryimage"},"image":{"@id":"https:\/\/www.monlau.com\/fp\/2022\/12\/20\/nueva-ley-fp\/#primaryimage"},"thumbnailUrl":"https:\/\/www.monlau.com\/app\/uploads\/sites\/3\/2026\/03\/MicrosoftTeams-image-19.png","datePublished":"2022-12-19T23:00:00+00:00","dateModified":"2026-03-10T09:03:29+00:00","breadcrumb":{"@id":"https:\/\/www.monlau.com\/fp\/2022\/12\/20\/nueva-ley-fp\/#breadcrumb"},"inLanguage":"es","potentialAction":[{"@type":"ReadAction","target":["https:\/\/www.monlau.com\/fp\/2022\/12\/20\/nueva-ley-fp\/"]}]},{"@type":"ImageObject","inLanguage":"es","@id":"https:\/\/www.monlau.com\/fp\/2022\/12\/20\/nueva-ley-fp\/#primaryimage","url":"https:\/\/www.monlau.com\/app\/uploads\/sites\/3\/2026\/03\/MicrosoftTeams-image-19.png","contentUrl":"https:\/\/www.monlau.com\/app\/uploads\/sites\/3\/2026\/03\/MicrosoftTeams-image-19.png","width":1600,"height":900},{"@type":"BreadcrumbList","@id":"https:\/\/www.monlau.com\/fp\/2022\/12\/20\/nueva-ley-fp\/#breadcrumb","itemListElement":[{"@type":"ListItem","position":1,"name":"Portada","item":"https:\/\/www.monlau.com\/fp\/"},{"@type":"ListItem","position":2,"name":"\u00bfEn qu\u00e9 consiste la nueva ley FP?"}]},{"@type":"WebSite","@id":"https:\/\/www.monlau.com\/fp\/#website","url":"https:\/\/www.monlau.com\/fp\/","name":"Formaci\u00f3n profesional","description":"Monlau","publisher":{"@id":"https:\/\/www.monlau.com\/fp\/#organization"},"potentialAction":[{"@type":"SearchAction","target":{"@type":"EntryPoint","urlTemplate":"https:\/\/www.monlau.com\/fp\/?s={search_term_string}"},"query-input":{"@type":"PropertyValueSpecification","valueRequired":true,"valueName":"search_term_string"}}],"inLanguage":"es"},{"@type":"Organization","@id":"https:\/\/www.monlau.com\/fp\/#organization","name":"Formaci\u00f3n profesional","url":"https:\/\/www.monlau.com\/fp\/","logo":{"@type":"ImageObject","inLanguage":"es","@id":"https:\/\/www.monlau.com\/fp\/#\/schema\/logo\/image\/","url":"https:\/\/www.monlau.com\/app\/uploads\/sites\/3\/2026\/01\/fp.png","contentUrl":"https:\/\/www.monlau.com\/app\/uploads\/sites\/3\/2026\/01\/fp.png","width":1024,"height":878,"caption":"Formaci\u00f3n profesional"},"image":{"@id":"https:\/\/www.monlau.com\/fp\/#\/schema\/logo\/image\/"}},{"@type":"Person","@id":"https:\/\/www.monlau.com\/fp\/#\/schema\/person\/419cfdf054323e24e0a2ef1d8597f051","name":"adsmurai","image":{"@type":"ImageObject","inLanguage":"es","@id":"https:\/\/secure.gravatar.com\/avatar\/0748788578f91786454454fa3b4c295644edb991ad6caadc70b41d26790d38fc?s=96&d=mm&r=g","url":"https:\/\/secure.gravatar.com\/avatar\/0748788578f91786454454fa3b4c295644edb991ad6caadc70b41d26790d38fc?s=96&d=mm&r=g","contentUrl":"https:\/\/secure.gravatar.com\/avatar\/0748788578f91786454454fa3b4c295644edb991ad6caadc70b41d26790d38fc?s=96&d=mm&r=g","caption":"adsmurai"},"sameAs":["https:\/\/www.monlau.com"],"url":"https:\/\/www.monlau.com\/fp\/author\/adsmurai\/"}]}},"_links":{"self":[{"href":"https:\/\/www.monlau.com\/fp\/wp-json\/wp\/v2\/posts\/5972","targetHints":{"allow":["GET"]}}],"collection":[{"href":"https:\/\/www.monlau.com\/fp\/wp-json\/wp\/v2\/posts"}],"about":[{"href":"https:\/\/www.monlau.com\/fp\/wp-json\/wp\/v2\/types\/post"}],"author":[{"embeddable":true,"href":"https:\/\/www.monlau.com\/fp\/wp-json\/wp\/v2\/users\/1"}],"replies":[{"embeddable":true,"href":"https:\/\/www.monlau.com\/fp\/wp-json\/wp\/v2\/comments?post=5972"}],"version-history":[{"count":1,"href":"https:\/\/www.monlau.com\/fp\/wp-json\/wp\/v2\/posts\/5972\/revisions"}],"predecessor-version":[{"id":6388,"href":"https:\/\/www.monlau.com\/fp\/wp-json\/wp\/v2\/posts\/5972\/revisions\/6388"}],"wp:featuredmedia":[{"embeddable":true,"href":"https:\/\/www.monlau.com\/fp\/wp-json\/wp\/v2\/media\/3650"}],"wp:attachment":[{"href":"https:\/\/www.monlau.com\/fp\/wp-json\/wp\/v2\/media?parent=5972"}],"wp:term":[{"taxonomy":"category","embeddable":true,"href":"https:\/\/www.monlau.com\/fp\/wp-json\/wp\/v2\/categories?post=5972"},{"taxonomy":"post_tag","embeddable":true,"href":"https:\/\/www.monlau.com\/fp\/wp-json\/wp\/v2\/tags?post=5972"}],"curies":[{"name":"wp","href":"https:\/\/api.w.org\/{rel}","templated":true}]}}