{"id":5971,"date":"2022-11-11T00:00:00","date_gmt":"2022-11-10T23:00:00","guid":{"rendered":"https:\/\/www.monlau.com\/formacion-profesional\/la-fp-antes-de-la-universidad\/"},"modified":"2026-03-10T10:03:29","modified_gmt":"2026-03-10T09:03:29","slug":"la-fp-antes-de-la-universidad","status":"publish","type":"post","link":"https:\/\/www.monlau.com\/fp\/2022\/11\/11\/la-fp-antes-de-la-universidad\/","title":{"rendered":"\u00bfES UNA P\u00c9RDIDA DE TIEMPO REALIZAR UNA FP ANTES DE IR A LA UNIVERSIDAD?"},"content":{"rendered":"<p>C\u00f3mo ya todos sabemos, a la hora de elegir tu camino en los estudios todo vale, pues no hay nada mejor ni peor, ya que todo el mundo es libre de elegir lo que quiere hacer y c\u00f3mo quiere hacerlo.<\/p>\n<p>Pero podemos dar por seguro que realizar un curso de <strong>Formaci\u00f3n Profesional<\/strong> no es para nada una p\u00e9rdida de tiempo en ninguno de los casos.<\/p>\n<p>&nbsp;<\/p>\n<h3>ENTONCES, \u00bfPOR QU\u00c9 MERECE LA PENA HACER UNA FP?<\/h3>\n<p>Hacer una <strong>FP<\/strong> es un privilegio que no todo el mundo quiere permitirse, aunque puedan, ya que muchos siguen pensando que es una p\u00e9rdida de tiempo.<\/p>\n<p>Lo cierto es que <strong>estudiar<\/strong> una FP tiene muchos <strong>beneficios<\/strong>, ya que no solo est\u00e1s ampliando tus estudios, sino que gracias a su metodolog\u00eda y las vinculaciones que tiene cada centro con distintas empresas, puedes llegar a obtener una mejor <strong>inserci\u00f3n laboral<\/strong>.<\/p>\n<p>Merece mucho la pena darle una <strong>oportunidad<\/strong> a la Formaci\u00f3n Profesional por varias razones.<\/p>\n<p>Para empezar, hay una gran variedad de cursos a elegir, de todos los sectores y con muchas <strong>salidas profesionales<\/strong>. Unos ejemplos serian algunas de las \u00e1reas donde en <strong>Monlau<\/strong> ofrecemos diferentes grados:<\/p>\n<p><strong>&#8211; AUTOMOCI\u00d3N<\/strong><\/p>\n<p><strong>&#8211; EMPRESA Y MARKETING<\/strong><\/p>\n<p><strong>&#8211; HOTELER\u00cdA Y TURISMO<\/strong><\/p>\n<p><strong>&#8211; INFORM\u00c1TICA<\/strong><\/p>\n<p>A lo largo de los a\u00f1os la FP se ha modernizado mucho, ha mejorado y el <strong>programa acad\u00e9mico<\/strong> es mucho m\u00e1s completo y espec\u00edfico. Adem\u00e1s de todo esto, ofrecen un per\u00edodo de pr\u00e1cticas m\u00e1s que decente para poder aprender y especializarte.<\/p>\n<p>No todo el mundo tiene un <strong>t\u00edtulo universitario<\/strong> y no por ello es menos importante, as\u00ed que con la FP puedes confiar en qu\u00e9 tendr\u00e1s un <strong>trabajo<\/strong> en cuanto te grad\u00faes. Lo m\u00e1s importante es tener una buena formaci\u00f3n de aquello que m\u00e1s te gusta, empezando desde abajo e ir avanzando poco a poco para ampliar el nivel.<\/p>\n<p>&nbsp;<\/p>\n<h3>\u00bfQU\u00c9 PASA ENTONCES CON LA UNIVERSIDAD?<\/h3>\n<p>Todo depende de la persona y de lo que quiera estudiar, pero siempre es recomendable pasar antes por una Formaci\u00f3n profesional para saber si lo que estamos estudiando es realmente aquello que nos gusta y a lo que nos queremos dedicar o no. Con una Formaci\u00f3n Profesional suelen <strong>convalidarte algunas materias<\/strong> posteriormente cursando la universidad, y con ello podr\u00e1s obtener una base de estudios m\u00e1s amplia que al fin y al cabo va a ayudarte a reducir a\u00f1os de estudio.<\/p>\n<p>Es por eso que todos somos <strong>libres<\/strong> de elegir el camino que queremos para nuestro futuro, pero la opci\u00f3n de cursar una Formaci\u00f3n Profesional, es <strong>un rotundo S\u00cd.<\/strong><\/p>\n","protected":false},"excerpt":{"rendered":"<p>C\u00f3mo ya todos sabemos, a la hora de elegir tu camino en los estudios todo vale, pues no hay nada mejor ni peor, ya que todo el mundo es libre de elegir lo que quiere hacer y c\u00f3mo quiere hacerlo. Pero podemos dar por seguro que realizar un curso de Formaci\u00f3n Profesional no es para [&hellip;]<\/p>\n","protected":false},"author":1,"featured_media":3643,"comment_status":"closed","ping_status":"closed","sticky":false,"template":"","format":"standard","meta":{"footnotes":""},"categories":[57],"tags":[104,157,238],"class_list":["post-5971","post","type-post","status-publish","format-standard","has-post-thumbnail","hentry","category-monlau","tag-ciclos-formativos","tag-fp","tag-universidad"],"yoast_head":"<!-- This site is optimized with the Yoast SEO plugin v27.2 - https:\/\/yoast.com\/product\/yoast-seo-wordpress\/ -->\n<title>\u00bfES UNA P\u00c9RDIDA DE TIEMPO REALIZAR UNA FP ANTES DE IR A LA UNIVERSIDAD? - Formaci\u00f3n profesional<\/title>\n<meta name=\"robots\" content=\"index, follow, max-snippet:-1, max-image-preview:large, max-video-preview:-1\" \/>\n<link rel=\"canonical\" href=\"https:\/\/www.monlau.com\/fp\/2022\/11\/11\/la-fp-antes-de-la-universidad\/\" \/>\n<meta property=\"og:locale\" content=\"es_ES\" \/>\n<meta property=\"og:type\" content=\"article\" \/>\n<meta property=\"og:title\" content=\"\u00bfES UNA P\u00c9RDIDA DE TIEMPO REALIZAR UNA FP ANTES DE IR A LA UNIVERSIDAD? - Formaci\u00f3n profesional\" \/>\n<meta property=\"og:description\" content=\"C\u00f3mo ya todos sabemos, a la hora de elegir tu camino en los estudios todo vale, pues no hay nada mejor ni peor, ya que todo el mundo es libre de elegir lo que quiere hacer y c\u00f3mo quiere hacerlo. Pero podemos dar por seguro que realizar un curso de Formaci\u00f3n Profesional no es para [&hellip;]\" \/>\n<meta property=\"og:url\" content=\"https:\/\/www.monlau.com\/fp\/2022\/11\/11\/la-fp-antes-de-la-universidad\/\" \/>\n<meta property=\"og:site_name\" content=\"Formaci\u00f3n profesional\" \/>\n<meta property=\"article:published_time\" content=\"2022-11-10T23:00:00+00:00\" \/>\n<meta property=\"article:modified_time\" content=\"2026-03-10T09:03:29+00:00\" \/>\n<meta property=\"og:image\" content=\"https:\/\/www.monlau.com\/app\/uploads\/sites\/3\/2026\/03\/fp-antes-de-la-unii.png\" \/>\n\t<meta property=\"og:image:width\" content=\"1600\" \/>\n\t<meta property=\"og:image:height\" content=\"900\" \/>\n\t<meta property=\"og:image:type\" content=\"image\/png\" \/>\n<meta name=\"author\" content=\"adsmurai\" \/>\n<meta name=\"twitter:card\" content=\"summary_large_image\" \/>\n<meta name=\"twitter:label1\" content=\"Escrito por\" \/>\n\t<meta name=\"twitter:data1\" content=\"adsmurai\" \/>\n\t<meta name=\"twitter:label2\" content=\"Tiempo de lectura\" \/>\n\t<meta name=\"twitter:data2\" content=\"2 minutos\" \/>\n<script type=\"application\/ld+json\" class=\"yoast-schema-graph\">{\"@context\":\"https:\/\/schema.org\",\"@graph\":[{\"@type\":\"Article\",\"@id\":\"https:\/\/www.monlau.com\/fp\/2022\/11\/11\/la-fp-antes-de-la-universidad\/#article\",\"isPartOf\":{\"@id\":\"https:\/\/www.monlau.com\/fp\/2022\/11\/11\/la-fp-antes-de-la-universidad\/\"},\"author\":{\"name\":\"adsmurai\",\"@id\":\"https:\/\/www.monlau.com\/fp\/#\/schema\/person\/419cfdf054323e24e0a2ef1d8597f051\"},\"headline\":\"\u00bfES UNA P\u00c9RDIDA DE TIEMPO REALIZAR UNA FP ANTES DE IR A LA UNIVERSIDAD?\",\"datePublished\":\"2022-11-10T23:00:00+00:00\",\"dateModified\":\"2026-03-10T09:03:29+00:00\",\"mainEntityOfPage\":{\"@id\":\"https:\/\/www.monlau.com\/fp\/2022\/11\/11\/la-fp-antes-de-la-universidad\/\"},\"wordCount\":463,\"publisher\":{\"@id\":\"https:\/\/www.monlau.com\/fp\/#organization\"},\"image\":{\"@id\":\"https:\/\/www.monlau.com\/fp\/2022\/11\/11\/la-fp-antes-de-la-universidad\/#primaryimage\"},\"thumbnailUrl\":\"https:\/\/www.monlau.com\/app\/uploads\/sites\/3\/2026\/03\/fp-antes-de-la-unii.png\",\"keywords\":[\"Ciclos Formativos\",\"fp\",\"universidad\"],\"articleSection\":[\"Monlau\"],\"inLanguage\":\"es\"},{\"@type\":\"WebPage\",\"@id\":\"https:\/\/www.monlau.com\/fp\/2022\/11\/11\/la-fp-antes-de-la-universidad\/\",\"url\":\"https:\/\/www.monlau.com\/fp\/2022\/11\/11\/la-fp-antes-de-la-universidad\/\",\"name\":\"\u00bfES UNA P\u00c9RDIDA DE TIEMPO REALIZAR UNA FP ANTES DE IR A LA UNIVERSIDAD? - Formaci\u00f3n profesional\",\"isPartOf\":{\"@id\":\"https:\/\/www.monlau.com\/fp\/#website\"},\"primaryImageOfPage\":{\"@id\":\"https:\/\/www.monlau.com\/fp\/2022\/11\/11\/la-fp-antes-de-la-universidad\/#primaryimage\"},\"image\":{\"@id\":\"https:\/\/www.monlau.com\/fp\/2022\/11\/11\/la-fp-antes-de-la-universidad\/#primaryimage\"},\"thumbnailUrl\":\"https:\/\/www.monlau.com\/app\/uploads\/sites\/3\/2026\/03\/fp-antes-de-la-unii.png\",\"datePublished\":\"2022-11-10T23:00:00+00:00\",\"dateModified\":\"2026-03-10T09:03:29+00:00\",\"breadcrumb\":{\"@id\":\"https:\/\/www.monlau.com\/fp\/2022\/11\/11\/la-fp-antes-de-la-universidad\/#breadcrumb\"},\"inLanguage\":\"es\",\"potentialAction\":[{\"@type\":\"ReadAction\",\"target\":[\"https:\/\/www.monlau.com\/fp\/2022\/11\/11\/la-fp-antes-de-la-universidad\/\"]}]},{\"@type\":\"ImageObject\",\"inLanguage\":\"es\",\"@id\":\"https:\/\/www.monlau.com\/fp\/2022\/11\/11\/la-fp-antes-de-la-universidad\/#primaryimage\",\"url\":\"https:\/\/www.monlau.com\/app\/uploads\/sites\/3\/2026\/03\/fp-antes-de-la-unii.png\",\"contentUrl\":\"https:\/\/www.monlau.com\/app\/uploads\/sites\/3\/2026\/03\/fp-antes-de-la-unii.png\",\"width\":1600,\"height\":900},{\"@type\":\"BreadcrumbList\",\"@id\":\"https:\/\/www.monlau.com\/fp\/2022\/11\/11\/la-fp-antes-de-la-universidad\/#breadcrumb\",\"itemListElement\":[{\"@type\":\"ListItem\",\"position\":1,\"name\":\"Portada\",\"item\":\"https:\/\/www.monlau.com\/fp\/\"},{\"@type\":\"ListItem\",\"position\":2,\"name\":\"\u00bfES UNA P\u00c9RDIDA DE TIEMPO REALIZAR UNA FP ANTES DE IR A LA UNIVERSIDAD?\"}]},{\"@type\":\"WebSite\",\"@id\":\"https:\/\/www.monlau.com\/fp\/#website\",\"url\":\"https:\/\/www.monlau.com\/fp\/\",\"name\":\"Formaci\u00f3n profesional\",\"description\":\"Monlau\",\"publisher\":{\"@id\":\"https:\/\/www.monlau.com\/fp\/#organization\"},\"potentialAction\":[{\"@type\":\"SearchAction\",\"target\":{\"@type\":\"EntryPoint\",\"urlTemplate\":\"https:\/\/www.monlau.com\/fp\/?s={search_term_string}\"},\"query-input\":{\"@type\":\"PropertyValueSpecification\",\"valueRequired\":true,\"valueName\":\"search_term_string\"}}],\"inLanguage\":\"es\"},{\"@type\":\"Organization\",\"@id\":\"https:\/\/www.monlau.com\/fp\/#organization\",\"name\":\"Formaci\u00f3n profesional\",\"url\":\"https:\/\/www.monlau.com\/fp\/\",\"logo\":{\"@type\":\"ImageObject\",\"inLanguage\":\"es\",\"@id\":\"https:\/\/www.monlau.com\/fp\/#\/schema\/logo\/image\/\",\"url\":\"https:\/\/www.monlau.com\/app\/uploads\/sites\/3\/2026\/01\/fp.png\",\"contentUrl\":\"https:\/\/www.monlau.com\/app\/uploads\/sites\/3\/2026\/01\/fp.png\",\"width\":1024,\"height\":878,\"caption\":\"Formaci\u00f3n profesional\"},\"image\":{\"@id\":\"https:\/\/www.monlau.com\/fp\/#\/schema\/logo\/image\/\"}},{\"@type\":\"Person\",\"@id\":\"https:\/\/www.monlau.com\/fp\/#\/schema\/person\/419cfdf054323e24e0a2ef1d8597f051\",\"name\":\"adsmurai\",\"image\":{\"@type\":\"ImageObject\",\"inLanguage\":\"es\",\"@id\":\"https:\/\/secure.gravatar.com\/avatar\/0748788578f91786454454fa3b4c295644edb991ad6caadc70b41d26790d38fc?s=96&d=mm&r=g\",\"url\":\"https:\/\/secure.gravatar.com\/avatar\/0748788578f91786454454fa3b4c295644edb991ad6caadc70b41d26790d38fc?s=96&d=mm&r=g\",\"contentUrl\":\"https:\/\/secure.gravatar.com\/avatar\/0748788578f91786454454fa3b4c295644edb991ad6caadc70b41d26790d38fc?s=96&d=mm&r=g\",\"caption\":\"adsmurai\"},\"sameAs\":[\"https:\/\/www.monlau.com\"],\"url\":\"https:\/\/www.monlau.com\/fp\/author\/adsmurai\/\"}]}<\/script>\n<!-- \/ Yoast SEO plugin. -->","yoast_head_json":{"title":"\u00bfES UNA P\u00c9RDIDA DE TIEMPO REALIZAR UNA FP ANTES DE IR A LA UNIVERSIDAD? - Formaci\u00f3n profesional","robots":{"index":"index","follow":"follow","max-snippet":"max-snippet:-1","max-image-preview":"max-image-preview:large","max-video-preview":"max-video-preview:-1"},"canonical":"https:\/\/www.monlau.com\/fp\/2022\/11\/11\/la-fp-antes-de-la-universidad\/","og_locale":"es_ES","og_type":"article","og_title":"\u00bfES UNA P\u00c9RDIDA DE TIEMPO REALIZAR UNA FP ANTES DE IR A LA UNIVERSIDAD? - Formaci\u00f3n profesional","og_description":"C\u00f3mo ya todos sabemos, a la hora de elegir tu camino en los estudios todo vale, pues no hay nada mejor ni peor, ya que todo el mundo es libre de elegir lo que quiere hacer y c\u00f3mo quiere hacerlo. Pero podemos dar por seguro que realizar un curso de Formaci\u00f3n Profesional no es para [&hellip;]","og_url":"https:\/\/www.monlau.com\/fp\/2022\/11\/11\/la-fp-antes-de-la-universidad\/","og_site_name":"Formaci\u00f3n profesional","article_published_time":"2022-11-10T23:00:00+00:00","article_modified_time":"2026-03-10T09:03:29+00:00","og_image":[{"width":1600,"height":900,"url":"https:\/\/www.monlau.com\/app\/uploads\/sites\/3\/2026\/03\/fp-antes-de-la-unii.png","type":"image\/png"}],"author":"adsmurai","twitter_card":"summary_large_image","twitter_misc":{"Escrito por":"adsmurai","Tiempo de lectura":"2 minutos"},"schema":{"@context":"https:\/\/schema.org","@graph":[{"@type":"Article","@id":"https:\/\/www.monlau.com\/fp\/2022\/11\/11\/la-fp-antes-de-la-universidad\/#article","isPartOf":{"@id":"https:\/\/www.monlau.com\/fp\/2022\/11\/11\/la-fp-antes-de-la-universidad\/"},"author":{"name":"adsmurai","@id":"https:\/\/www.monlau.com\/fp\/#\/schema\/person\/419cfdf054323e24e0a2ef1d8597f051"},"headline":"\u00bfES UNA P\u00c9RDIDA DE TIEMPO REALIZAR UNA FP ANTES DE IR A LA UNIVERSIDAD?","datePublished":"2022-11-10T23:00:00+00:00","dateModified":"2026-03-10T09:03:29+00:00","mainEntityOfPage":{"@id":"https:\/\/www.monlau.com\/fp\/2022\/11\/11\/la-fp-antes-de-la-universidad\/"},"wordCount":463,"publisher":{"@id":"https:\/\/www.monlau.com\/fp\/#organization"},"image":{"@id":"https:\/\/www.monlau.com\/fp\/2022\/11\/11\/la-fp-antes-de-la-universidad\/#primaryimage"},"thumbnailUrl":"https:\/\/www.monlau.com\/app\/uploads\/sites\/3\/2026\/03\/fp-antes-de-la-unii.png","keywords":["Ciclos Formativos","fp","universidad"],"articleSection":["Monlau"],"inLanguage":"es"},{"@type":"WebPage","@id":"https:\/\/www.monlau.com\/fp\/2022\/11\/11\/la-fp-antes-de-la-universidad\/","url":"https:\/\/www.monlau.com\/fp\/2022\/11\/11\/la-fp-antes-de-la-universidad\/","name":"\u00bfES UNA P\u00c9RDIDA DE TIEMPO REALIZAR UNA FP ANTES DE IR A LA UNIVERSIDAD? - Formaci\u00f3n profesional","isPartOf":{"@id":"https:\/\/www.monlau.com\/fp\/#website"},"primaryImageOfPage":{"@id":"https:\/\/www.monlau.com\/fp\/2022\/11\/11\/la-fp-antes-de-la-universidad\/#primaryimage"},"image":{"@id":"https:\/\/www.monlau.com\/fp\/2022\/11\/11\/la-fp-antes-de-la-universidad\/#primaryimage"},"thumbnailUrl":"https:\/\/www.monlau.com\/app\/uploads\/sites\/3\/2026\/03\/fp-antes-de-la-unii.png","datePublished":"2022-11-10T23:00:00+00:00","dateModified":"2026-03-10T09:03:29+00:00","breadcrumb":{"@id":"https:\/\/www.monlau.com\/fp\/2022\/11\/11\/la-fp-antes-de-la-universidad\/#breadcrumb"},"inLanguage":"es","potentialAction":[{"@type":"ReadAction","target":["https:\/\/www.monlau.com\/fp\/2022\/11\/11\/la-fp-antes-de-la-universidad\/"]}]},{"@type":"ImageObject","inLanguage":"es","@id":"https:\/\/www.monlau.com\/fp\/2022\/11\/11\/la-fp-antes-de-la-universidad\/#primaryimage","url":"https:\/\/www.monlau.com\/app\/uploads\/sites\/3\/2026\/03\/fp-antes-de-la-unii.png","contentUrl":"https:\/\/www.monlau.com\/app\/uploads\/sites\/3\/2026\/03\/fp-antes-de-la-unii.png","width":1600,"height":900},{"@type":"BreadcrumbList","@id":"https:\/\/www.monlau.com\/fp\/2022\/11\/11\/la-fp-antes-de-la-universidad\/#breadcrumb","itemListElement":[{"@type":"ListItem","position":1,"name":"Portada","item":"https:\/\/www.monlau.com\/fp\/"},{"@type":"ListItem","position":2,"name":"\u00bfES UNA P\u00c9RDIDA DE TIEMPO REALIZAR UNA FP ANTES DE IR A LA UNIVERSIDAD?"}]},{"@type":"WebSite","@id":"https:\/\/www.monlau.com\/fp\/#website","url":"https:\/\/www.monlau.com\/fp\/","name":"Formaci\u00f3n profesional","description":"Monlau","publisher":{"@id":"https:\/\/www.monlau.com\/fp\/#organization"},"potentialAction":[{"@type":"SearchAction","target":{"@type":"EntryPoint","urlTemplate":"https:\/\/www.monlau.com\/fp\/?s={search_term_string}"},"query-input":{"@type":"PropertyValueSpecification","valueRequired":true,"valueName":"search_term_string"}}],"inLanguage":"es"},{"@type":"Organization","@id":"https:\/\/www.monlau.com\/fp\/#organization","name":"Formaci\u00f3n profesional","url":"https:\/\/www.monlau.com\/fp\/","logo":{"@type":"ImageObject","inLanguage":"es","@id":"https:\/\/www.monlau.com\/fp\/#\/schema\/logo\/image\/","url":"https:\/\/www.monlau.com\/app\/uploads\/sites\/3\/2026\/01\/fp.png","contentUrl":"https:\/\/www.monlau.com\/app\/uploads\/sites\/3\/2026\/01\/fp.png","width":1024,"height":878,"caption":"Formaci\u00f3n profesional"},"image":{"@id":"https:\/\/www.monlau.com\/fp\/#\/schema\/logo\/image\/"}},{"@type":"Person","@id":"https:\/\/www.monlau.com\/fp\/#\/schema\/person\/419cfdf054323e24e0a2ef1d8597f051","name":"adsmurai","image":{"@type":"ImageObject","inLanguage":"es","@id":"https:\/\/secure.gravatar.com\/avatar\/0748788578f91786454454fa3b4c295644edb991ad6caadc70b41d26790d38fc?s=96&d=mm&r=g","url":"https:\/\/secure.gravatar.com\/avatar\/0748788578f91786454454fa3b4c295644edb991ad6caadc70b41d26790d38fc?s=96&d=mm&r=g","contentUrl":"https:\/\/secure.gravatar.com\/avatar\/0748788578f91786454454fa3b4c295644edb991ad6caadc70b41d26790d38fc?s=96&d=mm&r=g","caption":"adsmurai"},"sameAs":["https:\/\/www.monlau.com"],"url":"https:\/\/www.monlau.com\/fp\/author\/adsmurai\/"}]}},"_links":{"self":[{"href":"https:\/\/www.monlau.com\/fp\/wp-json\/wp\/v2\/posts\/5971","targetHints":{"allow":["GET"]}}],"collection":[{"href":"https:\/\/www.monlau.com\/fp\/wp-json\/wp\/v2\/posts"}],"about":[{"href":"https:\/\/www.monlau.com\/fp\/wp-json\/wp\/v2\/types\/post"}],"author":[{"embeddable":true,"href":"https:\/\/www.monlau.com\/fp\/wp-json\/wp\/v2\/users\/1"}],"replies":[{"embeddable":true,"href":"https:\/\/www.monlau.com\/fp\/wp-json\/wp\/v2\/comments?post=5971"}],"version-history":[{"count":1,"href":"https:\/\/www.monlau.com\/fp\/wp-json\/wp\/v2\/posts\/5971\/revisions"}],"predecessor-version":[{"id":6390,"href":"https:\/\/www.monlau.com\/fp\/wp-json\/wp\/v2\/posts\/5971\/revisions\/6390"}],"wp:featuredmedia":[{"embeddable":true,"href":"https:\/\/www.monlau.com\/fp\/wp-json\/wp\/v2\/media\/3643"}],"wp:attachment":[{"href":"https:\/\/www.monlau.com\/fp\/wp-json\/wp\/v2\/media?parent=5971"}],"wp:term":[{"taxonomy":"category","embeddable":true,"href":"https:\/\/www.monlau.com\/fp\/wp-json\/wp\/v2\/categories?post=5971"},{"taxonomy":"post_tag","embeddable":true,"href":"https:\/\/www.monlau.com\/fp\/wp-json\/wp\/v2\/tags?post=5971"}],"curies":[{"name":"wp","href":"https:\/\/api.w.org\/{rel}","templated":true}]}}