{"id":5970,"date":"2022-10-18T00:00:00","date_gmt":"2022-10-17T22:00:00","guid":{"rendered":"https:\/\/www.monlau.com\/formacion-profesional\/marc-martinez-resalta-la-importancia-de-la-itv\/"},"modified":"2026-03-10T10:03:29","modified_gmt":"2026-03-10T09:03:29","slug":"marc-martinez-resalta-la-importancia-de-la-itv","status":"publish","type":"post","link":"https:\/\/www.monlau.com\/fp\/2022\/10\/18\/marc-martinez-resalta-la-importancia-de-la-itv\/","title":{"rendered":"Marc Mart\u00ednez resalta la importancia de la ITV"},"content":{"rendered":"<p><span style=\"color: #000000\"><strong>La inspecci\u00f3n t\u00e9cnica en el mundo del motor es una de las muchas salidas que puede tener nuestro alumnado de automoci\u00f3n<\/strong>, aunque no siempre es la m\u00e1s elegida por l@s graduad@s, ya que se desconoce la importancia de esta. Es por ello, que<strong> nuestro ex compa\u00f1ero, Marc Mart\u00ednez, vino recientemente a dar una ponencia a nuestro alumnado de <a style=\"color: #000000\" href=\"https:\/\/www.monlau.com\/formacio-professional\/project\/grado-medio-electromecanica-vehiculos-motocicletas\/\">Grado Medio de electromec\u00e1nica de motocicletas<\/a>. <\/strong>\u00a0<\/span><\/p>\n<p><span style=\"color: #000000\">El objetivo principal de la ponencia fue ofrecer al l@s alumn@s<strong> conocimientos sobre la normativa de la ITV en las motocicletas<\/strong> y el proceso que llevaba hacer este tipo de revisi\u00f3n. Antes de entrar en detalles, Marc present\u00f3 su trayectoria educativa y profesional para introducir la charla.\u00a0<\/span><\/p>\n<h4>\u00a0<\/h4>\n<h4><span style=\"color: #000000\"><b>\u00bfQU\u00c9 ES LA ITV?<\/b>\u00a0<\/span><\/h4>\n<p><span style=\"color: #000000\"><strong>La Inspecci\u00f3n T\u00e9cnica de Veh\u00edculos es un tr\u00e1mite obligatorio en nuestro pa\u00eds<\/strong><strong> que se realiza con el objetivo de garantizar el estado del veh\u00edculo y as\u00ed reducir al m\u00e1ximo posible el n\u00famero de accidentes.<\/strong> Espa\u00f1a fue el pa\u00eds pionero en implantar esta inspecci\u00f3n para las motocicletas y ciclomotores, en 1987 y 2007. <strong>Las motos deben pasar la ITV la primera vez a los 4 a\u00f1os desde su primera matriculaci\u00f3n y, acto seguido, cada 2 a\u00f1os.\u00a0<\/strong><strong>\u00a0<\/strong><\/span><\/p>\n<h4>\u00a0<\/h4>\n<h4><span style=\"color: #000000\"><b>LA ITV ES MUY IMPORTANTE PARA PODER CIRCULAR<\/b>\u00a0<\/span><\/h4>\n<p><span style=\"color: #000000\"><strong>La prueba de inspecci\u00f3n t\u00e9cnica es muy importante para poder circular por las v\u00edas<\/strong>, ya que de lo contrario puede llegar a ocasionar un accidente de tr\u00e1fico. Adem\u00e1s, <strong>conducir con una documentaci\u00f3n caducada le supone al conductor@ una sanci\u00f3n econ\u00f3mica entre 200 euros y 500 euros.<\/strong><strong>\u00a0<\/strong><\/span><\/p>\n<p><span style=\"color: #000000\">Marc Mart\u00ednez acab\u00f3 la explicaci\u00f3n comentando que<strong> lo m\u00e1s aconsejable para pasar la inspecci\u00f3n a la primera es llevar el mantenimiento del veh\u00edculo al d\u00eda.<\/strong> Si se revisa con frecuencia el veh\u00edculo y se cuidan todos los componentes, no se tendr\u00e1 ning\u00fan problema a la hora de pasar la prueba.\u00a0<\/span><\/p>\n<p><span style=\"color: #000000\">El alumnado coment\u00f3 que la charla ha sido un tremendo \u00e9xito y ya est\u00e1 pendiente una segunda sesi\u00f3n para que Marc les muestre una prueba de pr\u00e1ctica con una moto de nuestro centro.\u00a0<\/span><\/p>\n<p>&nbsp;<\/p>\n<p><span style=\"color: #000000\">\u00bfTe gustar\u00eda saber cu\u00e1ndo se realizar\u00e1? Te invitamos a que est\u00e9s muy atent@ a nuestras<a style=\"color: #000000\" href=\"https:\/\/linktr.ee\/monlau_fp\"> redes sociales<\/a> y a <a style=\"color: #000000\" href=\"https:\/\/www.monlau.com\/formacio-professional\/noticias\/\">nuestro blog<\/a> , \u00a1te esperamos!\u00a0<\/span><\/p>\n<p><span data-contrast=\"none\">\u00a0<\/span><span data-ccp-props=\"{&quot;201341983&quot;:0,&quot;335559739&quot;:160,&quot;335559740&quot;:259}\">\u00a0<\/span><\/p>\n","protected":false},"excerpt":{"rendered":"<p>La inspecci\u00f3n t\u00e9cnica en el mundo del motor es una de las muchas salidas que puede tener nuestro alumnado de automoci\u00f3n, aunque no siempre es la m\u00e1s elegida por l@s graduad@s, ya que se desconoce la importancia de esta. Es por ello, que nuestro ex compa\u00f1ero, Marc Mart\u00ednez, vino recientemente a dar una ponencia a [&hellip;]<\/p>\n","protected":false},"author":1,"featured_media":3640,"comment_status":"closed","ping_status":"closed","sticky":false,"template":"","format":"standard","meta":{"footnotes":""},"categories":[36,57],"tags":[161,157,236,237,162],"class_list":["post-5970","post","type-post","status-publish","format-standard","has-post-thumbnail","hentry","category-automocion","category-monlau","tag-electromecanica","tag-fp","tag-inspeccion-tecnica","tag-itv","tag-motocicletas"],"yoast_head":"<!-- This site is optimized with the Yoast SEO plugin v27.2 - https:\/\/yoast.com\/product\/yoast-seo-wordpress\/ -->\n<title>Marc Mart\u00ednez resalta la importancia de la ITV - Formaci\u00f3n profesional<\/title>\n<meta name=\"robots\" content=\"index, follow, max-snippet:-1, max-image-preview:large, max-video-preview:-1\" \/>\n<link rel=\"canonical\" href=\"https:\/\/www.monlau.com\/fp\/2022\/10\/18\/marc-martinez-resalta-la-importancia-de-la-itv\/\" \/>\n<meta property=\"og:locale\" content=\"es_ES\" \/>\n<meta property=\"og:type\" content=\"article\" \/>\n<meta property=\"og:title\" content=\"Marc Mart\u00ednez resalta la importancia de la ITV - Formaci\u00f3n profesional\" \/>\n<meta property=\"og:description\" content=\"La inspecci\u00f3n t\u00e9cnica en el mundo del motor es una de las muchas salidas que puede tener nuestro alumnado de automoci\u00f3n, aunque no siempre es la m\u00e1s elegida por l@s graduad@s, ya que se desconoce la importancia de esta. Es por ello, que nuestro ex compa\u00f1ero, Marc Mart\u00ednez, vino recientemente a dar una ponencia a [&hellip;]\" \/>\n<meta property=\"og:url\" content=\"https:\/\/www.monlau.com\/fp\/2022\/10\/18\/marc-martinez-resalta-la-importancia-de-la-itv\/\" \/>\n<meta property=\"og:site_name\" content=\"Formaci\u00f3n profesional\" \/>\n<meta property=\"article:published_time\" content=\"2022-10-17T22:00:00+00:00\" \/>\n<meta property=\"article:modified_time\" content=\"2026-03-10T09:03:29+00:00\" \/>\n<meta property=\"og:image\" content=\"https:\/\/www.monlau.com\/app\/uploads\/sites\/3\/2026\/03\/IMG_0356-scaled.jpg\" \/>\n\t<meta property=\"og:image:width\" content=\"2560\" \/>\n\t<meta property=\"og:image:height\" content=\"1707\" \/>\n\t<meta property=\"og:image:type\" content=\"image\/jpeg\" \/>\n<meta name=\"author\" content=\"adsmurai\" \/>\n<meta name=\"twitter:card\" content=\"summary_large_image\" \/>\n<meta name=\"twitter:label1\" content=\"Escrito por\" \/>\n\t<meta name=\"twitter:data1\" content=\"adsmurai\" \/>\n\t<meta name=\"twitter:label2\" content=\"Tiempo de lectura\" \/>\n\t<meta name=\"twitter:data2\" content=\"2 minutos\" \/>\n<script type=\"application\/ld+json\" class=\"yoast-schema-graph\">{\"@context\":\"https:\/\/schema.org\",\"@graph\":[{\"@type\":\"Article\",\"@id\":\"https:\/\/www.monlau.com\/fp\/2022\/10\/18\/marc-martinez-resalta-la-importancia-de-la-itv\/#article\",\"isPartOf\":{\"@id\":\"https:\/\/www.monlau.com\/fp\/2022\/10\/18\/marc-martinez-resalta-la-importancia-de-la-itv\/\"},\"author\":{\"name\":\"adsmurai\",\"@id\":\"https:\/\/www.monlau.com\/fp\/#\/schema\/person\/419cfdf054323e24e0a2ef1d8597f051\"},\"headline\":\"Marc Mart\u00ednez resalta la importancia de la ITV\",\"datePublished\":\"2022-10-17T22:00:00+00:00\",\"dateModified\":\"2026-03-10T09:03:29+00:00\",\"mainEntityOfPage\":{\"@id\":\"https:\/\/www.monlau.com\/fp\/2022\/10\/18\/marc-martinez-resalta-la-importancia-de-la-itv\/\"},\"wordCount\":401,\"publisher\":{\"@id\":\"https:\/\/www.monlau.com\/fp\/#organization\"},\"image\":{\"@id\":\"https:\/\/www.monlau.com\/fp\/2022\/10\/18\/marc-martinez-resalta-la-importancia-de-la-itv\/#primaryimage\"},\"thumbnailUrl\":\"https:\/\/www.monlau.com\/app\/uploads\/sites\/3\/2026\/03\/IMG_0356-scaled.jpg\",\"keywords\":[\"electromec\u00e1nica\",\"fp\",\"inspecci\u00f3n t\u00e9cnica\",\"ITV\",\"motocicletas\"],\"articleSection\":[\"Automoci\u00f3n\",\"Monlau\"],\"inLanguage\":\"es\"},{\"@type\":\"WebPage\",\"@id\":\"https:\/\/www.monlau.com\/fp\/2022\/10\/18\/marc-martinez-resalta-la-importancia-de-la-itv\/\",\"url\":\"https:\/\/www.monlau.com\/fp\/2022\/10\/18\/marc-martinez-resalta-la-importancia-de-la-itv\/\",\"name\":\"Marc Mart\u00ednez resalta la importancia de la ITV - Formaci\u00f3n profesional\",\"isPartOf\":{\"@id\":\"https:\/\/www.monlau.com\/fp\/#website\"},\"primaryImageOfPage\":{\"@id\":\"https:\/\/www.monlau.com\/fp\/2022\/10\/18\/marc-martinez-resalta-la-importancia-de-la-itv\/#primaryimage\"},\"image\":{\"@id\":\"https:\/\/www.monlau.com\/fp\/2022\/10\/18\/marc-martinez-resalta-la-importancia-de-la-itv\/#primaryimage\"},\"thumbnailUrl\":\"https:\/\/www.monlau.com\/app\/uploads\/sites\/3\/2026\/03\/IMG_0356-scaled.jpg\",\"datePublished\":\"2022-10-17T22:00:00+00:00\",\"dateModified\":\"2026-03-10T09:03:29+00:00\",\"breadcrumb\":{\"@id\":\"https:\/\/www.monlau.com\/fp\/2022\/10\/18\/marc-martinez-resalta-la-importancia-de-la-itv\/#breadcrumb\"},\"inLanguage\":\"es\",\"potentialAction\":[{\"@type\":\"ReadAction\",\"target\":[\"https:\/\/www.monlau.com\/fp\/2022\/10\/18\/marc-martinez-resalta-la-importancia-de-la-itv\/\"]}]},{\"@type\":\"ImageObject\",\"inLanguage\":\"es\",\"@id\":\"https:\/\/www.monlau.com\/fp\/2022\/10\/18\/marc-martinez-resalta-la-importancia-de-la-itv\/#primaryimage\",\"url\":\"https:\/\/www.monlau.com\/app\/uploads\/sites\/3\/2026\/03\/IMG_0356-scaled.jpg\",\"contentUrl\":\"https:\/\/www.monlau.com\/app\/uploads\/sites\/3\/2026\/03\/IMG_0356-scaled.jpg\",\"width\":2560,\"height\":1707},{\"@type\":\"BreadcrumbList\",\"@id\":\"https:\/\/www.monlau.com\/fp\/2022\/10\/18\/marc-martinez-resalta-la-importancia-de-la-itv\/#breadcrumb\",\"itemListElement\":[{\"@type\":\"ListItem\",\"position\":1,\"name\":\"Portada\",\"item\":\"https:\/\/www.monlau.com\/fp\/\"},{\"@type\":\"ListItem\",\"position\":2,\"name\":\"Marc Mart\u00ednez resalta la importancia de la ITV\"}]},{\"@type\":\"WebSite\",\"@id\":\"https:\/\/www.monlau.com\/fp\/#website\",\"url\":\"https:\/\/www.monlau.com\/fp\/\",\"name\":\"Formaci\u00f3n profesional\",\"description\":\"Monlau\",\"publisher\":{\"@id\":\"https:\/\/www.monlau.com\/fp\/#organization\"},\"potentialAction\":[{\"@type\":\"SearchAction\",\"target\":{\"@type\":\"EntryPoint\",\"urlTemplate\":\"https:\/\/www.monlau.com\/fp\/?s={search_term_string}\"},\"query-input\":{\"@type\":\"PropertyValueSpecification\",\"valueRequired\":true,\"valueName\":\"search_term_string\"}}],\"inLanguage\":\"es\"},{\"@type\":\"Organization\",\"@id\":\"https:\/\/www.monlau.com\/fp\/#organization\",\"name\":\"Formaci\u00f3n profesional\",\"url\":\"https:\/\/www.monlau.com\/fp\/\",\"logo\":{\"@type\":\"ImageObject\",\"inLanguage\":\"es\",\"@id\":\"https:\/\/www.monlau.com\/fp\/#\/schema\/logo\/image\/\",\"url\":\"https:\/\/www.monlau.com\/app\/uploads\/sites\/3\/2026\/01\/fp.png\",\"contentUrl\":\"https:\/\/www.monlau.com\/app\/uploads\/sites\/3\/2026\/01\/fp.png\",\"width\":1024,\"height\":878,\"caption\":\"Formaci\u00f3n profesional\"},\"image\":{\"@id\":\"https:\/\/www.monlau.com\/fp\/#\/schema\/logo\/image\/\"}},{\"@type\":\"Person\",\"@id\":\"https:\/\/www.monlau.com\/fp\/#\/schema\/person\/419cfdf054323e24e0a2ef1d8597f051\",\"name\":\"adsmurai\",\"image\":{\"@type\":\"ImageObject\",\"inLanguage\":\"es\",\"@id\":\"https:\/\/secure.gravatar.com\/avatar\/0748788578f91786454454fa3b4c295644edb991ad6caadc70b41d26790d38fc?s=96&d=mm&r=g\",\"url\":\"https:\/\/secure.gravatar.com\/avatar\/0748788578f91786454454fa3b4c295644edb991ad6caadc70b41d26790d38fc?s=96&d=mm&r=g\",\"contentUrl\":\"https:\/\/secure.gravatar.com\/avatar\/0748788578f91786454454fa3b4c295644edb991ad6caadc70b41d26790d38fc?s=96&d=mm&r=g\",\"caption\":\"adsmurai\"},\"sameAs\":[\"https:\/\/www.monlau.com\"],\"url\":\"https:\/\/www.monlau.com\/fp\/author\/adsmurai\/\"}]}<\/script>\n<!-- \/ Yoast SEO plugin. -->","yoast_head_json":{"title":"Marc Mart\u00ednez resalta la importancia de la ITV - Formaci\u00f3n profesional","robots":{"index":"index","follow":"follow","max-snippet":"max-snippet:-1","max-image-preview":"max-image-preview:large","max-video-preview":"max-video-preview:-1"},"canonical":"https:\/\/www.monlau.com\/fp\/2022\/10\/18\/marc-martinez-resalta-la-importancia-de-la-itv\/","og_locale":"es_ES","og_type":"article","og_title":"Marc Mart\u00ednez resalta la importancia de la ITV - Formaci\u00f3n profesional","og_description":"La inspecci\u00f3n t\u00e9cnica en el mundo del motor es una de las muchas salidas que puede tener nuestro alumnado de automoci\u00f3n, aunque no siempre es la m\u00e1s elegida por l@s graduad@s, ya que se desconoce la importancia de esta. Es por ello, que nuestro ex compa\u00f1ero, Marc Mart\u00ednez, vino recientemente a dar una ponencia a [&hellip;]","og_url":"https:\/\/www.monlau.com\/fp\/2022\/10\/18\/marc-martinez-resalta-la-importancia-de-la-itv\/","og_site_name":"Formaci\u00f3n profesional","article_published_time":"2022-10-17T22:00:00+00:00","article_modified_time":"2026-03-10T09:03:29+00:00","og_image":[{"width":2560,"height":1707,"url":"https:\/\/www.monlau.com\/app\/uploads\/sites\/3\/2026\/03\/IMG_0356-scaled.jpg","type":"image\/jpeg"}],"author":"adsmurai","twitter_card":"summary_large_image","twitter_misc":{"Escrito por":"adsmurai","Tiempo de lectura":"2 minutos"},"schema":{"@context":"https:\/\/schema.org","@graph":[{"@type":"Article","@id":"https:\/\/www.monlau.com\/fp\/2022\/10\/18\/marc-martinez-resalta-la-importancia-de-la-itv\/#article","isPartOf":{"@id":"https:\/\/www.monlau.com\/fp\/2022\/10\/18\/marc-martinez-resalta-la-importancia-de-la-itv\/"},"author":{"name":"adsmurai","@id":"https:\/\/www.monlau.com\/fp\/#\/schema\/person\/419cfdf054323e24e0a2ef1d8597f051"},"headline":"Marc Mart\u00ednez resalta la importancia de la ITV","datePublished":"2022-10-17T22:00:00+00:00","dateModified":"2026-03-10T09:03:29+00:00","mainEntityOfPage":{"@id":"https:\/\/www.monlau.com\/fp\/2022\/10\/18\/marc-martinez-resalta-la-importancia-de-la-itv\/"},"wordCount":401,"publisher":{"@id":"https:\/\/www.monlau.com\/fp\/#organization"},"image":{"@id":"https:\/\/www.monlau.com\/fp\/2022\/10\/18\/marc-martinez-resalta-la-importancia-de-la-itv\/#primaryimage"},"thumbnailUrl":"https:\/\/www.monlau.com\/app\/uploads\/sites\/3\/2026\/03\/IMG_0356-scaled.jpg","keywords":["electromec\u00e1nica","fp","inspecci\u00f3n t\u00e9cnica","ITV","motocicletas"],"articleSection":["Automoci\u00f3n","Monlau"],"inLanguage":"es"},{"@type":"WebPage","@id":"https:\/\/www.monlau.com\/fp\/2022\/10\/18\/marc-martinez-resalta-la-importancia-de-la-itv\/","url":"https:\/\/www.monlau.com\/fp\/2022\/10\/18\/marc-martinez-resalta-la-importancia-de-la-itv\/","name":"Marc Mart\u00ednez resalta la importancia de la ITV - Formaci\u00f3n profesional","isPartOf":{"@id":"https:\/\/www.monlau.com\/fp\/#website"},"primaryImageOfPage":{"@id":"https:\/\/www.monlau.com\/fp\/2022\/10\/18\/marc-martinez-resalta-la-importancia-de-la-itv\/#primaryimage"},"image":{"@id":"https:\/\/www.monlau.com\/fp\/2022\/10\/18\/marc-martinez-resalta-la-importancia-de-la-itv\/#primaryimage"},"thumbnailUrl":"https:\/\/www.monlau.com\/app\/uploads\/sites\/3\/2026\/03\/IMG_0356-scaled.jpg","datePublished":"2022-10-17T22:00:00+00:00","dateModified":"2026-03-10T09:03:29+00:00","breadcrumb":{"@id":"https:\/\/www.monlau.com\/fp\/2022\/10\/18\/marc-martinez-resalta-la-importancia-de-la-itv\/#breadcrumb"},"inLanguage":"es","potentialAction":[{"@type":"ReadAction","target":["https:\/\/www.monlau.com\/fp\/2022\/10\/18\/marc-martinez-resalta-la-importancia-de-la-itv\/"]}]},{"@type":"ImageObject","inLanguage":"es","@id":"https:\/\/www.monlau.com\/fp\/2022\/10\/18\/marc-martinez-resalta-la-importancia-de-la-itv\/#primaryimage","url":"https:\/\/www.monlau.com\/app\/uploads\/sites\/3\/2026\/03\/IMG_0356-scaled.jpg","contentUrl":"https:\/\/www.monlau.com\/app\/uploads\/sites\/3\/2026\/03\/IMG_0356-scaled.jpg","width":2560,"height":1707},{"@type":"BreadcrumbList","@id":"https:\/\/www.monlau.com\/fp\/2022\/10\/18\/marc-martinez-resalta-la-importancia-de-la-itv\/#breadcrumb","itemListElement":[{"@type":"ListItem","position":1,"name":"Portada","item":"https:\/\/www.monlau.com\/fp\/"},{"@type":"ListItem","position":2,"name":"Marc Mart\u00ednez resalta la importancia de la ITV"}]},{"@type":"WebSite","@id":"https:\/\/www.monlau.com\/fp\/#website","url":"https:\/\/www.monlau.com\/fp\/","name":"Formaci\u00f3n profesional","description":"Monlau","publisher":{"@id":"https:\/\/www.monlau.com\/fp\/#organization"},"potentialAction":[{"@type":"SearchAction","target":{"@type":"EntryPoint","urlTemplate":"https:\/\/www.monlau.com\/fp\/?s={search_term_string}"},"query-input":{"@type":"PropertyValueSpecification","valueRequired":true,"valueName":"search_term_string"}}],"inLanguage":"es"},{"@type":"Organization","@id":"https:\/\/www.monlau.com\/fp\/#organization","name":"Formaci\u00f3n profesional","url":"https:\/\/www.monlau.com\/fp\/","logo":{"@type":"ImageObject","inLanguage":"es","@id":"https:\/\/www.monlau.com\/fp\/#\/schema\/logo\/image\/","url":"https:\/\/www.monlau.com\/app\/uploads\/sites\/3\/2026\/01\/fp.png","contentUrl":"https:\/\/www.monlau.com\/app\/uploads\/sites\/3\/2026\/01\/fp.png","width":1024,"height":878,"caption":"Formaci\u00f3n profesional"},"image":{"@id":"https:\/\/www.monlau.com\/fp\/#\/schema\/logo\/image\/"}},{"@type":"Person","@id":"https:\/\/www.monlau.com\/fp\/#\/schema\/person\/419cfdf054323e24e0a2ef1d8597f051","name":"adsmurai","image":{"@type":"ImageObject","inLanguage":"es","@id":"https:\/\/secure.gravatar.com\/avatar\/0748788578f91786454454fa3b4c295644edb991ad6caadc70b41d26790d38fc?s=96&d=mm&r=g","url":"https:\/\/secure.gravatar.com\/avatar\/0748788578f91786454454fa3b4c295644edb991ad6caadc70b41d26790d38fc?s=96&d=mm&r=g","contentUrl":"https:\/\/secure.gravatar.com\/avatar\/0748788578f91786454454fa3b4c295644edb991ad6caadc70b41d26790d38fc?s=96&d=mm&r=g","caption":"adsmurai"},"sameAs":["https:\/\/www.monlau.com"],"url":"https:\/\/www.monlau.com\/fp\/author\/adsmurai\/"}]}},"_links":{"self":[{"href":"https:\/\/www.monlau.com\/fp\/wp-json\/wp\/v2\/posts\/5970","targetHints":{"allow":["GET"]}}],"collection":[{"href":"https:\/\/www.monlau.com\/fp\/wp-json\/wp\/v2\/posts"}],"about":[{"href":"https:\/\/www.monlau.com\/fp\/wp-json\/wp\/v2\/types\/post"}],"author":[{"embeddable":true,"href":"https:\/\/www.monlau.com\/fp\/wp-json\/wp\/v2\/users\/1"}],"replies":[{"embeddable":true,"href":"https:\/\/www.monlau.com\/fp\/wp-json\/wp\/v2\/comments?post=5970"}],"version-history":[{"count":1,"href":"https:\/\/www.monlau.com\/fp\/wp-json\/wp\/v2\/posts\/5970\/revisions"}],"predecessor-version":[{"id":6392,"href":"https:\/\/www.monlau.com\/fp\/wp-json\/wp\/v2\/posts\/5970\/revisions\/6392"}],"wp:featuredmedia":[{"embeddable":true,"href":"https:\/\/www.monlau.com\/fp\/wp-json\/wp\/v2\/media\/3640"}],"wp:attachment":[{"href":"https:\/\/www.monlau.com\/fp\/wp-json\/wp\/v2\/media?parent=5970"}],"wp:term":[{"taxonomy":"category","embeddable":true,"href":"https:\/\/www.monlau.com\/fp\/wp-json\/wp\/v2\/categories?post=5970"},{"taxonomy":"post_tag","embeddable":true,"href":"https:\/\/www.monlau.com\/fp\/wp-json\/wp\/v2\/tags?post=5970"}],"curies":[{"name":"wp","href":"https:\/\/api.w.org\/{rel}","templated":true}]}}