{"id":5969,"date":"2022-09-14T00:00:00","date_gmt":"2022-09-13T22:00:00","guid":{"rendered":"https:\/\/www.monlau.com\/formacion-profesional\/bereal-la-red-social-de-moda-que-lo-esta-petando\/"},"modified":"2026-03-10T10:03:29","modified_gmt":"2026-03-10T09:03:29","slug":"bereal-la-red-social-de-moda-que-lo-esta-petando","status":"publish","type":"post","link":"https:\/\/www.monlau.com\/fp\/2022\/09\/14\/bereal-la-red-social-de-moda-que-lo-esta-petando\/","title":{"rendered":"BeReal, la red social de moda que lo est\u00e1 petando"},"content":{"rendered":"<h3>\u00bfAlguna vez has o\u00eddo hablar sobre la red social BeReal?<\/h3>\n<p>BeReal es una aplicaci\u00f3n que fue lanzada en 2020 y que ha ido ganando popularidad entre la<strong> Generaci\u00f3n Z<\/strong> a principios de a\u00f1o.<\/p>\n<p>Ha ido ganando popularidad en este sector gracias a su innovaci\u00f3n. BeReal es una red social que abre la puerta a compartir contenido con amigxs siguiendo unas normas que implantan; <strong>s\u00f3lo da dos minutos para retratar momentos<\/strong>, en la que se capturan tanto la parte trasera del tel\u00e9fono como la delantera. <strong>Todos los usuarios comparten el contenido creado a la vez.<\/strong><\/p>\n<p>&nbsp;<\/p>\n<h3>BeReal ha conseguido estimular la imaginaci\u00f3n de los consumidores y hacer que compartir fotos sea m\u00e1s divertido y natural.<\/h3>\n<p>Por ello, la aplicaci\u00f3n tiene unas cuantas normas para que se cumpla la diversi\u00f3n. Estas son:<\/p>\n<ol>\n<li>No se puede compartir contenido cuando los usuarios quieren, s\u00f3lo cuando la app lo diga.<\/li>\n<li>Cada d\u00eda env\u00edan una notificaci\u00f3n para que se hagan una foto.<\/li>\n<li>Una vez recibida dicha notificaci\u00f3n, los usuarios tendr\u00e1n dos minutos para hacer su foto. Pasados esos minutos, la oportunidad de postear una foto se esfumar\u00e1.<\/li>\n<li>La foto puede ir o no geolocalizada, eso se deja a mano de los consumidores, eligiendo entre dejarla privada para que s\u00f3lo la puedan ver sus amigos, o como p\u00fablica, en la que es visible por cualquiera registrado en la app.<\/li>\n<li>Una vez subida la foto, los contactos pueden ver lo que han subido sus amigos, teniendo la opci\u00f3n de comentar.<\/li>\n<li>Por \u00faltimo, las fotos son temporales, cuando llega el turno de crear una nueva foto, la del d\u00eda anterior se borra.<\/li>\n<\/ol>\n<p>Con estas normas, BeReal permite obtener<strong> una experiencia como usuario m\u00e1s divertida<\/strong>.<\/p>\n<p>Cada vez hay m\u00e1s usuarios enganchados a esta red social y muchas empresas se plantean hacerse un perfil. Puede ser una muy buena<strong> oportunidad para que las empresas conecten m\u00e1s con su p\u00fablico<\/strong>, ya que publicar\u00edan fotos del proceso que hay detr\u00e1s de cada producto y servicio y, ser\u00eda una relaci\u00f3n m\u00e1s natural y cercana entre la empresa y el consumidor.<\/p>\n<p>&nbsp;<\/p>\n<h4>Y t\u00fa, \u00bfte atreves a crearte un perfil?<\/h4>\n","protected":false},"excerpt":{"rendered":"<p>\u00bfAlguna vez has o\u00eddo hablar sobre la red social BeReal? BeReal es una aplicaci\u00f3n que fue lanzada en 2020 y que ha ido ganando popularidad entre la Generaci\u00f3n Z a principios de a\u00f1o. Ha ido ganando popularidad en este sector gracias a su innovaci\u00f3n. BeReal es una red social que abre la puerta a compartir [&hellip;]<\/p>\n","protected":false},"author":1,"featured_media":3636,"comment_status":"closed","ping_status":"closed","sticky":false,"template":"","format":"standard","meta":{"footnotes":""},"categories":[32,57],"tags":[235,102,123],"class_list":["post-5969","post","type-post","status-publish","format-standard","has-post-thumbnail","hentry","category-empresa-y-marketing","category-monlau","tag-bereal","tag-marketing-y-publicidad","tag-redes-sociales"],"yoast_head":"<!-- This site is optimized with the Yoast SEO plugin v27.2 - https:\/\/yoast.com\/product\/yoast-seo-wordpress\/ -->\n<title>BeReal, la red social de moda que lo est\u00e1 petando - Formaci\u00f3n profesional<\/title>\n<meta name=\"robots\" content=\"index, follow, max-snippet:-1, max-image-preview:large, max-video-preview:-1\" \/>\n<link rel=\"canonical\" href=\"https:\/\/www.monlau.com\/fp\/2022\/09\/14\/bereal-la-red-social-de-moda-que-lo-esta-petando\/\" \/>\n<meta property=\"og:locale\" content=\"es_ES\" \/>\n<meta property=\"og:type\" content=\"article\" \/>\n<meta property=\"og:title\" content=\"BeReal, la red social de moda que lo est\u00e1 petando - Formaci\u00f3n profesional\" \/>\n<meta property=\"og:description\" content=\"\u00bfAlguna vez has o\u00eddo hablar sobre la red social BeReal? BeReal es una aplicaci\u00f3n que fue lanzada en 2020 y que ha ido ganando popularidad entre la Generaci\u00f3n Z a principios de a\u00f1o. Ha ido ganando popularidad en este sector gracias a su innovaci\u00f3n. BeReal es una red social que abre la puerta a compartir [&hellip;]\" \/>\n<meta property=\"og:url\" content=\"https:\/\/www.monlau.com\/fp\/2022\/09\/14\/bereal-la-red-social-de-moda-que-lo-esta-petando\/\" \/>\n<meta property=\"og:site_name\" content=\"Formaci\u00f3n profesional\" \/>\n<meta property=\"article:published_time\" content=\"2022-09-13T22:00:00+00:00\" \/>\n<meta property=\"article:modified_time\" content=\"2026-03-10T09:03:29+00:00\" \/>\n<meta property=\"og:image\" content=\"https:\/\/www.monlau.com\/app\/uploads\/sites\/3\/2026\/03\/MicrosoftTeams-image-4-1.png\" \/>\n\t<meta property=\"og:image:width\" content=\"2362\" \/>\n\t<meta property=\"og:image:height\" content=\"1417\" \/>\n\t<meta property=\"og:image:type\" content=\"image\/png\" \/>\n<meta name=\"author\" content=\"adsmurai\" \/>\n<meta name=\"twitter:card\" content=\"summary_large_image\" \/>\n<meta name=\"twitter:label1\" content=\"Escrito por\" \/>\n\t<meta name=\"twitter:data1\" content=\"adsmurai\" \/>\n\t<meta name=\"twitter:label2\" content=\"Tiempo de lectura\" \/>\n\t<meta name=\"twitter:data2\" content=\"2 minutos\" \/>\n<script type=\"application\/ld+json\" class=\"yoast-schema-graph\">{\"@context\":\"https:\/\/schema.org\",\"@graph\":[{\"@type\":\"Article\",\"@id\":\"https:\/\/www.monlau.com\/fp\/2022\/09\/14\/bereal-la-red-social-de-moda-que-lo-esta-petando\/#article\",\"isPartOf\":{\"@id\":\"https:\/\/www.monlau.com\/fp\/2022\/09\/14\/bereal-la-red-social-de-moda-que-lo-esta-petando\/\"},\"author\":{\"name\":\"adsmurai\",\"@id\":\"https:\/\/www.monlau.com\/fp\/#\/schema\/person\/419cfdf054323e24e0a2ef1d8597f051\"},\"headline\":\"BeReal, la red social de moda que lo est\u00e1 petando\",\"datePublished\":\"2022-09-13T22:00:00+00:00\",\"dateModified\":\"2026-03-10T09:03:29+00:00\",\"mainEntityOfPage\":{\"@id\":\"https:\/\/www.monlau.com\/fp\/2022\/09\/14\/bereal-la-red-social-de-moda-que-lo-esta-petando\/\"},\"wordCount\":384,\"publisher\":{\"@id\":\"https:\/\/www.monlau.com\/fp\/#organization\"},\"image\":{\"@id\":\"https:\/\/www.monlau.com\/fp\/2022\/09\/14\/bereal-la-red-social-de-moda-que-lo-esta-petando\/#primaryimage\"},\"thumbnailUrl\":\"https:\/\/www.monlau.com\/app\/uploads\/sites\/3\/2026\/03\/MicrosoftTeams-image-4-1.png\",\"keywords\":[\"BeReal\",\"Marketing y Publicidad\",\"Redes Sociales\"],\"articleSection\":[\"Empresa y Marketing\",\"Monlau\"],\"inLanguage\":\"es\"},{\"@type\":\"WebPage\",\"@id\":\"https:\/\/www.monlau.com\/fp\/2022\/09\/14\/bereal-la-red-social-de-moda-que-lo-esta-petando\/\",\"url\":\"https:\/\/www.monlau.com\/fp\/2022\/09\/14\/bereal-la-red-social-de-moda-que-lo-esta-petando\/\",\"name\":\"BeReal, la red social de moda que lo est\u00e1 petando - Formaci\u00f3n profesional\",\"isPartOf\":{\"@id\":\"https:\/\/www.monlau.com\/fp\/#website\"},\"primaryImageOfPage\":{\"@id\":\"https:\/\/www.monlau.com\/fp\/2022\/09\/14\/bereal-la-red-social-de-moda-que-lo-esta-petando\/#primaryimage\"},\"image\":{\"@id\":\"https:\/\/www.monlau.com\/fp\/2022\/09\/14\/bereal-la-red-social-de-moda-que-lo-esta-petando\/#primaryimage\"},\"thumbnailUrl\":\"https:\/\/www.monlau.com\/app\/uploads\/sites\/3\/2026\/03\/MicrosoftTeams-image-4-1.png\",\"datePublished\":\"2022-09-13T22:00:00+00:00\",\"dateModified\":\"2026-03-10T09:03:29+00:00\",\"breadcrumb\":{\"@id\":\"https:\/\/www.monlau.com\/fp\/2022\/09\/14\/bereal-la-red-social-de-moda-que-lo-esta-petando\/#breadcrumb\"},\"inLanguage\":\"es\",\"potentialAction\":[{\"@type\":\"ReadAction\",\"target\":[\"https:\/\/www.monlau.com\/fp\/2022\/09\/14\/bereal-la-red-social-de-moda-que-lo-esta-petando\/\"]}]},{\"@type\":\"ImageObject\",\"inLanguage\":\"es\",\"@id\":\"https:\/\/www.monlau.com\/fp\/2022\/09\/14\/bereal-la-red-social-de-moda-que-lo-esta-petando\/#primaryimage\",\"url\":\"https:\/\/www.monlau.com\/app\/uploads\/sites\/3\/2026\/03\/MicrosoftTeams-image-4-1.png\",\"contentUrl\":\"https:\/\/www.monlau.com\/app\/uploads\/sites\/3\/2026\/03\/MicrosoftTeams-image-4-1.png\",\"width\":2362,\"height\":1417},{\"@type\":\"BreadcrumbList\",\"@id\":\"https:\/\/www.monlau.com\/fp\/2022\/09\/14\/bereal-la-red-social-de-moda-que-lo-esta-petando\/#breadcrumb\",\"itemListElement\":[{\"@type\":\"ListItem\",\"position\":1,\"name\":\"Portada\",\"item\":\"https:\/\/www.monlau.com\/fp\/\"},{\"@type\":\"ListItem\",\"position\":2,\"name\":\"BeReal, la red social de moda que lo est\u00e1 petando\"}]},{\"@type\":\"WebSite\",\"@id\":\"https:\/\/www.monlau.com\/fp\/#website\",\"url\":\"https:\/\/www.monlau.com\/fp\/\",\"name\":\"Formaci\u00f3n profesional\",\"description\":\"Monlau\",\"publisher\":{\"@id\":\"https:\/\/www.monlau.com\/fp\/#organization\"},\"potentialAction\":[{\"@type\":\"SearchAction\",\"target\":{\"@type\":\"EntryPoint\",\"urlTemplate\":\"https:\/\/www.monlau.com\/fp\/?s={search_term_string}\"},\"query-input\":{\"@type\":\"PropertyValueSpecification\",\"valueRequired\":true,\"valueName\":\"search_term_string\"}}],\"inLanguage\":\"es\"},{\"@type\":\"Organization\",\"@id\":\"https:\/\/www.monlau.com\/fp\/#organization\",\"name\":\"Formaci\u00f3n profesional\",\"url\":\"https:\/\/www.monlau.com\/fp\/\",\"logo\":{\"@type\":\"ImageObject\",\"inLanguage\":\"es\",\"@id\":\"https:\/\/www.monlau.com\/fp\/#\/schema\/logo\/image\/\",\"url\":\"https:\/\/www.monlau.com\/app\/uploads\/sites\/3\/2026\/01\/fp.png\",\"contentUrl\":\"https:\/\/www.monlau.com\/app\/uploads\/sites\/3\/2026\/01\/fp.png\",\"width\":1024,\"height\":878,\"caption\":\"Formaci\u00f3n profesional\"},\"image\":{\"@id\":\"https:\/\/www.monlau.com\/fp\/#\/schema\/logo\/image\/\"}},{\"@type\":\"Person\",\"@id\":\"https:\/\/www.monlau.com\/fp\/#\/schema\/person\/419cfdf054323e24e0a2ef1d8597f051\",\"name\":\"adsmurai\",\"image\":{\"@type\":\"ImageObject\",\"inLanguage\":\"es\",\"@id\":\"https:\/\/secure.gravatar.com\/avatar\/0748788578f91786454454fa3b4c295644edb991ad6caadc70b41d26790d38fc?s=96&d=mm&r=g\",\"url\":\"https:\/\/secure.gravatar.com\/avatar\/0748788578f91786454454fa3b4c295644edb991ad6caadc70b41d26790d38fc?s=96&d=mm&r=g\",\"contentUrl\":\"https:\/\/secure.gravatar.com\/avatar\/0748788578f91786454454fa3b4c295644edb991ad6caadc70b41d26790d38fc?s=96&d=mm&r=g\",\"caption\":\"adsmurai\"},\"sameAs\":[\"https:\/\/www.monlau.com\"],\"url\":\"https:\/\/www.monlau.com\/fp\/author\/adsmurai\/\"}]}<\/script>\n<!-- \/ Yoast SEO plugin. -->","yoast_head_json":{"title":"BeReal, la red social de moda que lo est\u00e1 petando - Formaci\u00f3n profesional","robots":{"index":"index","follow":"follow","max-snippet":"max-snippet:-1","max-image-preview":"max-image-preview:large","max-video-preview":"max-video-preview:-1"},"canonical":"https:\/\/www.monlau.com\/fp\/2022\/09\/14\/bereal-la-red-social-de-moda-que-lo-esta-petando\/","og_locale":"es_ES","og_type":"article","og_title":"BeReal, la red social de moda que lo est\u00e1 petando - Formaci\u00f3n profesional","og_description":"\u00bfAlguna vez has o\u00eddo hablar sobre la red social BeReal? BeReal es una aplicaci\u00f3n que fue lanzada en 2020 y que ha ido ganando popularidad entre la Generaci\u00f3n Z a principios de a\u00f1o. Ha ido ganando popularidad en este sector gracias a su innovaci\u00f3n. BeReal es una red social que abre la puerta a compartir [&hellip;]","og_url":"https:\/\/www.monlau.com\/fp\/2022\/09\/14\/bereal-la-red-social-de-moda-que-lo-esta-petando\/","og_site_name":"Formaci\u00f3n profesional","article_published_time":"2022-09-13T22:00:00+00:00","article_modified_time":"2026-03-10T09:03:29+00:00","og_image":[{"width":2362,"height":1417,"url":"https:\/\/www.monlau.com\/app\/uploads\/sites\/3\/2026\/03\/MicrosoftTeams-image-4-1.png","type":"image\/png"}],"author":"adsmurai","twitter_card":"summary_large_image","twitter_misc":{"Escrito por":"adsmurai","Tiempo de lectura":"2 minutos"},"schema":{"@context":"https:\/\/schema.org","@graph":[{"@type":"Article","@id":"https:\/\/www.monlau.com\/fp\/2022\/09\/14\/bereal-la-red-social-de-moda-que-lo-esta-petando\/#article","isPartOf":{"@id":"https:\/\/www.monlau.com\/fp\/2022\/09\/14\/bereal-la-red-social-de-moda-que-lo-esta-petando\/"},"author":{"name":"adsmurai","@id":"https:\/\/www.monlau.com\/fp\/#\/schema\/person\/419cfdf054323e24e0a2ef1d8597f051"},"headline":"BeReal, la red social de moda que lo est\u00e1 petando","datePublished":"2022-09-13T22:00:00+00:00","dateModified":"2026-03-10T09:03:29+00:00","mainEntityOfPage":{"@id":"https:\/\/www.monlau.com\/fp\/2022\/09\/14\/bereal-la-red-social-de-moda-que-lo-esta-petando\/"},"wordCount":384,"publisher":{"@id":"https:\/\/www.monlau.com\/fp\/#organization"},"image":{"@id":"https:\/\/www.monlau.com\/fp\/2022\/09\/14\/bereal-la-red-social-de-moda-que-lo-esta-petando\/#primaryimage"},"thumbnailUrl":"https:\/\/www.monlau.com\/app\/uploads\/sites\/3\/2026\/03\/MicrosoftTeams-image-4-1.png","keywords":["BeReal","Marketing y Publicidad","Redes Sociales"],"articleSection":["Empresa y Marketing","Monlau"],"inLanguage":"es"},{"@type":"WebPage","@id":"https:\/\/www.monlau.com\/fp\/2022\/09\/14\/bereal-la-red-social-de-moda-que-lo-esta-petando\/","url":"https:\/\/www.monlau.com\/fp\/2022\/09\/14\/bereal-la-red-social-de-moda-que-lo-esta-petando\/","name":"BeReal, la red social de moda que lo est\u00e1 petando - Formaci\u00f3n profesional","isPartOf":{"@id":"https:\/\/www.monlau.com\/fp\/#website"},"primaryImageOfPage":{"@id":"https:\/\/www.monlau.com\/fp\/2022\/09\/14\/bereal-la-red-social-de-moda-que-lo-esta-petando\/#primaryimage"},"image":{"@id":"https:\/\/www.monlau.com\/fp\/2022\/09\/14\/bereal-la-red-social-de-moda-que-lo-esta-petando\/#primaryimage"},"thumbnailUrl":"https:\/\/www.monlau.com\/app\/uploads\/sites\/3\/2026\/03\/MicrosoftTeams-image-4-1.png","datePublished":"2022-09-13T22:00:00+00:00","dateModified":"2026-03-10T09:03:29+00:00","breadcrumb":{"@id":"https:\/\/www.monlau.com\/fp\/2022\/09\/14\/bereal-la-red-social-de-moda-que-lo-esta-petando\/#breadcrumb"},"inLanguage":"es","potentialAction":[{"@type":"ReadAction","target":["https:\/\/www.monlau.com\/fp\/2022\/09\/14\/bereal-la-red-social-de-moda-que-lo-esta-petando\/"]}]},{"@type":"ImageObject","inLanguage":"es","@id":"https:\/\/www.monlau.com\/fp\/2022\/09\/14\/bereal-la-red-social-de-moda-que-lo-esta-petando\/#primaryimage","url":"https:\/\/www.monlau.com\/app\/uploads\/sites\/3\/2026\/03\/MicrosoftTeams-image-4-1.png","contentUrl":"https:\/\/www.monlau.com\/app\/uploads\/sites\/3\/2026\/03\/MicrosoftTeams-image-4-1.png","width":2362,"height":1417},{"@type":"BreadcrumbList","@id":"https:\/\/www.monlau.com\/fp\/2022\/09\/14\/bereal-la-red-social-de-moda-que-lo-esta-petando\/#breadcrumb","itemListElement":[{"@type":"ListItem","position":1,"name":"Portada","item":"https:\/\/www.monlau.com\/fp\/"},{"@type":"ListItem","position":2,"name":"BeReal, la red social de moda que lo est\u00e1 petando"}]},{"@type":"WebSite","@id":"https:\/\/www.monlau.com\/fp\/#website","url":"https:\/\/www.monlau.com\/fp\/","name":"Formaci\u00f3n profesional","description":"Monlau","publisher":{"@id":"https:\/\/www.monlau.com\/fp\/#organization"},"potentialAction":[{"@type":"SearchAction","target":{"@type":"EntryPoint","urlTemplate":"https:\/\/www.monlau.com\/fp\/?s={search_term_string}"},"query-input":{"@type":"PropertyValueSpecification","valueRequired":true,"valueName":"search_term_string"}}],"inLanguage":"es"},{"@type":"Organization","@id":"https:\/\/www.monlau.com\/fp\/#organization","name":"Formaci\u00f3n profesional","url":"https:\/\/www.monlau.com\/fp\/","logo":{"@type":"ImageObject","inLanguage":"es","@id":"https:\/\/www.monlau.com\/fp\/#\/schema\/logo\/image\/","url":"https:\/\/www.monlau.com\/app\/uploads\/sites\/3\/2026\/01\/fp.png","contentUrl":"https:\/\/www.monlau.com\/app\/uploads\/sites\/3\/2026\/01\/fp.png","width":1024,"height":878,"caption":"Formaci\u00f3n profesional"},"image":{"@id":"https:\/\/www.monlau.com\/fp\/#\/schema\/logo\/image\/"}},{"@type":"Person","@id":"https:\/\/www.monlau.com\/fp\/#\/schema\/person\/419cfdf054323e24e0a2ef1d8597f051","name":"adsmurai","image":{"@type":"ImageObject","inLanguage":"es","@id":"https:\/\/secure.gravatar.com\/avatar\/0748788578f91786454454fa3b4c295644edb991ad6caadc70b41d26790d38fc?s=96&d=mm&r=g","url":"https:\/\/secure.gravatar.com\/avatar\/0748788578f91786454454fa3b4c295644edb991ad6caadc70b41d26790d38fc?s=96&d=mm&r=g","contentUrl":"https:\/\/secure.gravatar.com\/avatar\/0748788578f91786454454fa3b4c295644edb991ad6caadc70b41d26790d38fc?s=96&d=mm&r=g","caption":"adsmurai"},"sameAs":["https:\/\/www.monlau.com"],"url":"https:\/\/www.monlau.com\/fp\/author\/adsmurai\/"}]}},"_links":{"self":[{"href":"https:\/\/www.monlau.com\/fp\/wp-json\/wp\/v2\/posts\/5969","targetHints":{"allow":["GET"]}}],"collection":[{"href":"https:\/\/www.monlau.com\/fp\/wp-json\/wp\/v2\/posts"}],"about":[{"href":"https:\/\/www.monlau.com\/fp\/wp-json\/wp\/v2\/types\/post"}],"author":[{"embeddable":true,"href":"https:\/\/www.monlau.com\/fp\/wp-json\/wp\/v2\/users\/1"}],"replies":[{"embeddable":true,"href":"https:\/\/www.monlau.com\/fp\/wp-json\/wp\/v2\/comments?post=5969"}],"version-history":[{"count":1,"href":"https:\/\/www.monlau.com\/fp\/wp-json\/wp\/v2\/posts\/5969\/revisions"}],"predecessor-version":[{"id":6394,"href":"https:\/\/www.monlau.com\/fp\/wp-json\/wp\/v2\/posts\/5969\/revisions\/6394"}],"wp:featuredmedia":[{"embeddable":true,"href":"https:\/\/www.monlau.com\/fp\/wp-json\/wp\/v2\/media\/3636"}],"wp:attachment":[{"href":"https:\/\/www.monlau.com\/fp\/wp-json\/wp\/v2\/media?parent=5969"}],"wp:term":[{"taxonomy":"category","embeddable":true,"href":"https:\/\/www.monlau.com\/fp\/wp-json\/wp\/v2\/categories?post=5969"},{"taxonomy":"post_tag","embeddable":true,"href":"https:\/\/www.monlau.com\/fp\/wp-json\/wp\/v2\/tags?post=5969"}],"curies":[{"name":"wp","href":"https:\/\/api.w.org\/{rel}","templated":true}]}}