{"id":5968,"date":"2022-06-30T00:00:00","date_gmt":"2022-06-29T22:00:00","guid":{"rendered":"https:\/\/www.monlau.com\/formacion-profesional\/tienes-pensado-estudiar-grado-medio-de-electromecanica-de-motocicletas\/"},"modified":"2026-03-10T10:03:29","modified_gmt":"2026-03-10T09:03:29","slug":"tienes-pensado-estudiar-grado-medio-de-electromecanica-de-motocicletas","status":"publish","type":"post","link":"https:\/\/www.monlau.com\/fp\/2022\/06\/30\/tienes-pensado-estudiar-grado-medio-de-electromecanica-de-motocicletas\/","title":{"rendered":"\u00bfTienes pensado estudiar Grado Medio de Electromec\u00e1nica de motocicletas?"},"content":{"rendered":"<p>Si te gusta el mundo del motor, sobre todo el de las motos y quieres convertirte en un profesional de la mec\u00e1nica para trabajar de lo que de verdad te apasiona, en<strong> Monlau Formaci\u00f3n Profesional<\/strong>, ahora puedes hacerlo.<\/p>\n<h3>\u00a1\u00bfA QU\u00c9 EST\u00c1S ESPERANDO?!<\/h3>\n<p>En Monlau Formaci\u00f3n Profesional ofrecemos el<a href=\"https:\/\/www.monlau.com\/formacio-professional\/project\/grado-medio-electromecanica-vehiculos-motocicletas\/\"><strong> Grado Medio de Electromec\u00e1nica de Motocicletas<\/strong><\/a> en el que podr\u00e1s ser un experto en el sector de la electromec\u00e1nica de motocicletas gracias a nuestros m\u00e9todos de aprendizaje en el aula que son, en gran parte, pr\u00e1cticos. De esta forma podr\u00e1s ser capaz de desenvolverte de una forma mucho m\u00e1s f\u00e1cil en el <strong>mundo laboral<\/strong> en muy pocos a\u00f1os.<br \/>En este ciclo formativo de grado medio podr\u00e1s ver al detalle el funcionamiento de las motos y sus sistemas, las piezas, el mantenimiento de motores, neum\u00e1ticos, refrigeraci\u00f3n&#8230;<\/p>\n<p>&nbsp;<\/p>\n<h3>\u00bfQU\u00c9 SALIDAS PROFESIONALES TIENE ESTE CURSO?<\/h3>\n<p>Al terminar el ciclo formativo puedes emprender varios caminos, ya sea seguir con la formaci\u00f3n profesional o bien introducirte en el mundo laboral. Con la siguiente titulaci\u00f3n tienes una gran variedad de opciones como:<\/p>\n<p><strong>&#8211; En un taller o concesionario.<\/strong><br \/><strong>&#8211; En una tienda de repuestos.<\/strong><br \/><strong>&#8211; Montaje de m\u00e1quinas nuevas.<\/strong><br \/><strong>&#8211; Exposiciones en ferias, escaparates o bien pruebas con clientes.<\/strong><\/p>\n<p>De hecho, seg\u00fan un estudio del<strong> Instituto de Ciencia y Tecnolog\u00eda Ambientales (ICTA \u2013 UAB)<\/strong> y el <strong>Departamento de Geograf\u00eda de la Universitat Aut\u00f2noma de Barcelona<\/strong> se ha demostrado que ha habido un incremento de las motocicletas durante la <strong>crisis econ\u00f3mica<\/strong> que ha posicionado a<br \/>Barcelona en la ciudad europea con m\u00e1s motos por habitante. Seg\u00fan este estudio, hoy en d\u00eda las motos en Barcelona suponen el<strong> 22,2% del parque m\u00f3vil de la ciudad<\/strong> y el <strong>26,5% del tr\u00e1fico motorizado<\/strong>.<br \/><a href=\"https:\/\/www.elperiodico.com\/es\/barcelona\/20161220\/barcelona-ciudad-europea-con-mas-motos-por-habitante-5702740\">Barcelona es la ciudad europea con m\u00e1s motos por habitante (elperiodico.com)<\/a><br \/>Esto genera una <strong>mayor oportunidad de encontrar trabajo<\/strong> en este sector en la gran ciudad. As\u00ed que no tengas miedo a dedicarte a aquello que m\u00e1s te gusta, siempre tendr\u00e1s alguna puerta abierta.<\/p>\n<p>&nbsp;<\/p>\n<h3>\u00bfQU\u00c9 PUEDO SEGUIR ESTUDIANDO CUANDO FINALIZE EL GRADO?<\/h3>\n<p>Si quieres formarte m\u00e1s antes de acceder al mundo laboral, con Monlau te damos esa opci\u00f3n ya que ofrecemos un <a href=\"https:\/\/www.monlau.com\/formacio-professional\/project\/grado-superior-automocion\/\"><strong>Grado Superior en Automoci\u00f3n<\/strong><\/a>. En \u00e9l podr\u00e1s adquirir m\u00e1s conocimientos sobre los sistemas el\u00e9ctricos, la gesti\u00f3n, log\u00edstica y mantenimiento de los veh\u00edculos, entre otras de las asignaturas que impartimos en este ciclo formativo y por ello estar\u00e1s m\u00e1s preparado para entrar en el mundo laboral laboral, por ejemplo.<br \/>Al terminar el Grado Superior de Automoci\u00f3n tendr\u00e1s la oportunidad de tener una mayor variedad de salidas laborales ya sea <strong>gerente de ITV<\/strong>, <strong>responsable del \u00e1rea comercial<\/strong> de equipos relacionados con veh\u00edculos entre muchas otras.<\/p>\n<p>&nbsp;<\/p>\n<h3>\u00bfPOR QU\u00c9 MONLAU ES LA MEJOR OPCI\u00d3N?<\/h3>\n<p>En <strong>Monlau Formaci\u00f3n Profesional<\/strong> tenemos el compromiso de ense\u00f1ar a nuestros alumnos de la mejor forma posible, es, por eso, por lo que contamos con un <strong>equipo docente actualizado<\/strong> y vinculado al <strong>sector profesional<\/strong>, unas muy buenas <strong>instalaciones amplias<\/strong> y un <strong>parque de motos <\/strong><br \/><strong>de \u00faltima tecnolog\u00eda<\/strong>, tambi\u00e9n el\u00e9ctricas, garantizar un aprendizaje efectivo.<br \/>Adem\u00e1s, Monlau cuenta con una <strong>cartera empresas del sector<\/strong> donde poder realizar las pr\u00e1cticas y por qu\u00e9 no conseguir tu primera <strong>oportunidad laboral<\/strong>.<\/p>\n<p>&nbsp;<\/p>\n<h3>\u00bfC\u00d3MO SON NUESTRAS AULAS?<\/h3>\n<p>Para nosotros es muy importante que nuestros alumnos salgan <strong>preparados para el mundo laboral<\/strong>, por lo que las aulas son <strong>talleres especializados y equipados<\/strong> con todo lo necesario. De esta forma podr\u00e1n lidiar con los retos a los que sus profesores les someten simulando situaciones del\u00a0 trabajo en la vida cotidiana. Gracias a la disposici\u00f3n de estos talleres podemos facilitarles su<strong> periodo de pr\u00e1cticas<\/strong> que van a tener que realizar durante sus estudios en Monlau, pues ellos ya sabr\u00e1n c\u00f3mo desenvolverse en el entorno de una empresa real.<br \/>En el siguiente enlace podr\u00e1s ver c\u00f3mo son nuestros talleres en una <strong>vista de 360\u00ba<\/strong>.<\/p>\n","protected":false},"excerpt":{"rendered":"<p>Si te gusta el mundo del motor, sobre todo el de las motos y quieres convertirte en un profesional de la mec\u00e1nica para trabajar de lo que de verdad te apasiona, en Monlau Formaci\u00f3n Profesional, ahora puedes hacerlo. \u00a1\u00bfA QU\u00c9 EST\u00c1S ESPERANDO?! En Monlau Formaci\u00f3n Profesional ofrecemos el Grado Medio de Electromec\u00e1nica de Motocicletas en [&hellip;]<\/p>\n","protected":false},"author":1,"featured_media":2847,"comment_status":"closed","ping_status":"closed","sticky":false,"template":"","format":"standard","meta":{"footnotes":""},"categories":[36,57],"tags":[107,166,161,66,162,169],"class_list":["post-5968","post","type-post","status-publish","format-standard","has-post-thumbnail","hentry","category-automocion","category-monlau","tag-automocion","tag-barcelona","tag-electromecanica","tag-grado-medio","tag-motocicletas","tag-vehiculos-electricos"],"yoast_head":"<!-- This site is optimized with the Yoast SEO plugin v27.2 - https:\/\/yoast.com\/product\/yoast-seo-wordpress\/ -->\n<title>\u00bfTienes pensado estudiar Grado Medio de Electromec\u00e1nica de motocicletas? - Formaci\u00f3n profesional<\/title>\n<meta name=\"robots\" content=\"index, follow, max-snippet:-1, max-image-preview:large, max-video-preview:-1\" \/>\n<link rel=\"canonical\" href=\"https:\/\/www.monlau.com\/fp\/2022\/06\/30\/tienes-pensado-estudiar-grado-medio-de-electromecanica-de-motocicletas\/\" \/>\n<meta property=\"og:locale\" content=\"es_ES\" \/>\n<meta property=\"og:type\" content=\"article\" \/>\n<meta property=\"og:title\" content=\"\u00bfTienes pensado estudiar Grado Medio de Electromec\u00e1nica de motocicletas? - Formaci\u00f3n profesional\" \/>\n<meta property=\"og:description\" content=\"Si te gusta el mundo del motor, sobre todo el de las motos y quieres convertirte en un profesional de la mec\u00e1nica para trabajar de lo que de verdad te apasiona, en Monlau Formaci\u00f3n Profesional, ahora puedes hacerlo. \u00a1\u00bfA QU\u00c9 EST\u00c1S ESPERANDO?! En Monlau Formaci\u00f3n Profesional ofrecemos el Grado Medio de Electromec\u00e1nica de Motocicletas en [&hellip;]\" \/>\n<meta property=\"og:url\" content=\"https:\/\/www.monlau.com\/fp\/2022\/06\/30\/tienes-pensado-estudiar-grado-medio-de-electromecanica-de-motocicletas\/\" \/>\n<meta property=\"og:site_name\" content=\"Formaci\u00f3n profesional\" \/>\n<meta property=\"article:published_time\" content=\"2022-06-29T22:00:00+00:00\" \/>\n<meta property=\"article:modified_time\" content=\"2026-03-10T09:03:29+00:00\" \/>\n<meta property=\"og:image\" content=\"https:\/\/www.monlau.com\/app\/uploads\/sites\/3\/2026\/02\/articulo-proyectos.jpeg\" \/>\n\t<meta property=\"og:image:width\" content=\"1600\" \/>\n\t<meta property=\"og:image:height\" content=\"1066\" \/>\n\t<meta property=\"og:image:type\" content=\"image\/jpeg\" \/>\n<meta name=\"author\" content=\"adsmurai\" \/>\n<meta name=\"twitter:card\" content=\"summary_large_image\" \/>\n<meta name=\"twitter:label1\" content=\"Escrito por\" \/>\n\t<meta name=\"twitter:data1\" content=\"adsmurai\" \/>\n\t<meta name=\"twitter:label2\" content=\"Tiempo de lectura\" \/>\n\t<meta name=\"twitter:data2\" content=\"3 minutos\" \/>\n<script type=\"application\/ld+json\" class=\"yoast-schema-graph\">{\"@context\":\"https:\/\/schema.org\",\"@graph\":[{\"@type\":\"Article\",\"@id\":\"https:\/\/www.monlau.com\/fp\/2022\/06\/30\/tienes-pensado-estudiar-grado-medio-de-electromecanica-de-motocicletas\/#article\",\"isPartOf\":{\"@id\":\"https:\/\/www.monlau.com\/fp\/2022\/06\/30\/tienes-pensado-estudiar-grado-medio-de-electromecanica-de-motocicletas\/\"},\"author\":{\"name\":\"adsmurai\",\"@id\":\"https:\/\/www.monlau.com\/fp\/#\/schema\/person\/419cfdf054323e24e0a2ef1d8597f051\"},\"headline\":\"\u00bfTienes pensado estudiar Grado Medio de Electromec\u00e1nica de motocicletas?\",\"datePublished\":\"2022-06-29T22:00:00+00:00\",\"dateModified\":\"2026-03-10T09:03:29+00:00\",\"mainEntityOfPage\":{\"@id\":\"https:\/\/www.monlau.com\/fp\/2022\/06\/30\/tienes-pensado-estudiar-grado-medio-de-electromecanica-de-motocicletas\/\"},\"wordCount\":697,\"publisher\":{\"@id\":\"https:\/\/www.monlau.com\/fp\/#organization\"},\"image\":{\"@id\":\"https:\/\/www.monlau.com\/fp\/2022\/06\/30\/tienes-pensado-estudiar-grado-medio-de-electromecanica-de-motocicletas\/#primaryimage\"},\"thumbnailUrl\":\"https:\/\/www.monlau.com\/app\/uploads\/sites\/3\/2026\/02\/articulo-proyectos.jpeg\",\"keywords\":[\"Automoci\u00f3n\",\"barcelona\",\"electromec\u00e1nica\",\"Grado Medio\",\"motocicletas\",\"veh\u00edculos el\u00e9ctricos\"],\"articleSection\":[\"Automoci\u00f3n\",\"Monlau\"],\"inLanguage\":\"es\"},{\"@type\":\"WebPage\",\"@id\":\"https:\/\/www.monlau.com\/fp\/2022\/06\/30\/tienes-pensado-estudiar-grado-medio-de-electromecanica-de-motocicletas\/\",\"url\":\"https:\/\/www.monlau.com\/fp\/2022\/06\/30\/tienes-pensado-estudiar-grado-medio-de-electromecanica-de-motocicletas\/\",\"name\":\"\u00bfTienes pensado estudiar Grado Medio de Electromec\u00e1nica de motocicletas? - Formaci\u00f3n profesional\",\"isPartOf\":{\"@id\":\"https:\/\/www.monlau.com\/fp\/#website\"},\"primaryImageOfPage\":{\"@id\":\"https:\/\/www.monlau.com\/fp\/2022\/06\/30\/tienes-pensado-estudiar-grado-medio-de-electromecanica-de-motocicletas\/#primaryimage\"},\"image\":{\"@id\":\"https:\/\/www.monlau.com\/fp\/2022\/06\/30\/tienes-pensado-estudiar-grado-medio-de-electromecanica-de-motocicletas\/#primaryimage\"},\"thumbnailUrl\":\"https:\/\/www.monlau.com\/app\/uploads\/sites\/3\/2026\/02\/articulo-proyectos.jpeg\",\"datePublished\":\"2022-06-29T22:00:00+00:00\",\"dateModified\":\"2026-03-10T09:03:29+00:00\",\"breadcrumb\":{\"@id\":\"https:\/\/www.monlau.com\/fp\/2022\/06\/30\/tienes-pensado-estudiar-grado-medio-de-electromecanica-de-motocicletas\/#breadcrumb\"},\"inLanguage\":\"es\",\"potentialAction\":[{\"@type\":\"ReadAction\",\"target\":[\"https:\/\/www.monlau.com\/fp\/2022\/06\/30\/tienes-pensado-estudiar-grado-medio-de-electromecanica-de-motocicletas\/\"]}]},{\"@type\":\"ImageObject\",\"inLanguage\":\"es\",\"@id\":\"https:\/\/www.monlau.com\/fp\/2022\/06\/30\/tienes-pensado-estudiar-grado-medio-de-electromecanica-de-motocicletas\/#primaryimage\",\"url\":\"https:\/\/www.monlau.com\/app\/uploads\/sites\/3\/2026\/02\/articulo-proyectos.jpeg\",\"contentUrl\":\"https:\/\/www.monlau.com\/app\/uploads\/sites\/3\/2026\/02\/articulo-proyectos.jpeg\",\"width\":1600,\"height\":1066},{\"@type\":\"BreadcrumbList\",\"@id\":\"https:\/\/www.monlau.com\/fp\/2022\/06\/30\/tienes-pensado-estudiar-grado-medio-de-electromecanica-de-motocicletas\/#breadcrumb\",\"itemListElement\":[{\"@type\":\"ListItem\",\"position\":1,\"name\":\"Portada\",\"item\":\"https:\/\/www.monlau.com\/fp\/\"},{\"@type\":\"ListItem\",\"position\":2,\"name\":\"\u00bfTienes pensado estudiar Grado Medio de Electromec\u00e1nica de motocicletas?\"}]},{\"@type\":\"WebSite\",\"@id\":\"https:\/\/www.monlau.com\/fp\/#website\",\"url\":\"https:\/\/www.monlau.com\/fp\/\",\"name\":\"Formaci\u00f3n profesional\",\"description\":\"Monlau\",\"publisher\":{\"@id\":\"https:\/\/www.monlau.com\/fp\/#organization\"},\"potentialAction\":[{\"@type\":\"SearchAction\",\"target\":{\"@type\":\"EntryPoint\",\"urlTemplate\":\"https:\/\/www.monlau.com\/fp\/?s={search_term_string}\"},\"query-input\":{\"@type\":\"PropertyValueSpecification\",\"valueRequired\":true,\"valueName\":\"search_term_string\"}}],\"inLanguage\":\"es\"},{\"@type\":\"Organization\",\"@id\":\"https:\/\/www.monlau.com\/fp\/#organization\",\"name\":\"Formaci\u00f3n profesional\",\"url\":\"https:\/\/www.monlau.com\/fp\/\",\"logo\":{\"@type\":\"ImageObject\",\"inLanguage\":\"es\",\"@id\":\"https:\/\/www.monlau.com\/fp\/#\/schema\/logo\/image\/\",\"url\":\"https:\/\/www.monlau.com\/app\/uploads\/sites\/3\/2026\/01\/fp.png\",\"contentUrl\":\"https:\/\/www.monlau.com\/app\/uploads\/sites\/3\/2026\/01\/fp.png\",\"width\":1024,\"height\":878,\"caption\":\"Formaci\u00f3n profesional\"},\"image\":{\"@id\":\"https:\/\/www.monlau.com\/fp\/#\/schema\/logo\/image\/\"}},{\"@type\":\"Person\",\"@id\":\"https:\/\/www.monlau.com\/fp\/#\/schema\/person\/419cfdf054323e24e0a2ef1d8597f051\",\"name\":\"adsmurai\",\"image\":{\"@type\":\"ImageObject\",\"inLanguage\":\"es\",\"@id\":\"https:\/\/secure.gravatar.com\/avatar\/0748788578f91786454454fa3b4c295644edb991ad6caadc70b41d26790d38fc?s=96&d=mm&r=g\",\"url\":\"https:\/\/secure.gravatar.com\/avatar\/0748788578f91786454454fa3b4c295644edb991ad6caadc70b41d26790d38fc?s=96&d=mm&r=g\",\"contentUrl\":\"https:\/\/secure.gravatar.com\/avatar\/0748788578f91786454454fa3b4c295644edb991ad6caadc70b41d26790d38fc?s=96&d=mm&r=g\",\"caption\":\"adsmurai\"},\"sameAs\":[\"https:\/\/www.monlau.com\"],\"url\":\"https:\/\/www.monlau.com\/fp\/author\/adsmurai\/\"}]}<\/script>\n<!-- \/ Yoast SEO plugin. -->","yoast_head_json":{"title":"\u00bfTienes pensado estudiar Grado Medio de Electromec\u00e1nica de motocicletas? - Formaci\u00f3n profesional","robots":{"index":"index","follow":"follow","max-snippet":"max-snippet:-1","max-image-preview":"max-image-preview:large","max-video-preview":"max-video-preview:-1"},"canonical":"https:\/\/www.monlau.com\/fp\/2022\/06\/30\/tienes-pensado-estudiar-grado-medio-de-electromecanica-de-motocicletas\/","og_locale":"es_ES","og_type":"article","og_title":"\u00bfTienes pensado estudiar Grado Medio de Electromec\u00e1nica de motocicletas? - Formaci\u00f3n profesional","og_description":"Si te gusta el mundo del motor, sobre todo el de las motos y quieres convertirte en un profesional de la mec\u00e1nica para trabajar de lo que de verdad te apasiona, en Monlau Formaci\u00f3n Profesional, ahora puedes hacerlo. \u00a1\u00bfA QU\u00c9 EST\u00c1S ESPERANDO?! En Monlau Formaci\u00f3n Profesional ofrecemos el Grado Medio de Electromec\u00e1nica de Motocicletas en [&hellip;]","og_url":"https:\/\/www.monlau.com\/fp\/2022\/06\/30\/tienes-pensado-estudiar-grado-medio-de-electromecanica-de-motocicletas\/","og_site_name":"Formaci\u00f3n profesional","article_published_time":"2022-06-29T22:00:00+00:00","article_modified_time":"2026-03-10T09:03:29+00:00","og_image":[{"width":1600,"height":1066,"url":"https:\/\/www.monlau.com\/app\/uploads\/sites\/3\/2026\/02\/articulo-proyectos.jpeg","type":"image\/jpeg"}],"author":"adsmurai","twitter_card":"summary_large_image","twitter_misc":{"Escrito por":"adsmurai","Tiempo de lectura":"3 minutos"},"schema":{"@context":"https:\/\/schema.org","@graph":[{"@type":"Article","@id":"https:\/\/www.monlau.com\/fp\/2022\/06\/30\/tienes-pensado-estudiar-grado-medio-de-electromecanica-de-motocicletas\/#article","isPartOf":{"@id":"https:\/\/www.monlau.com\/fp\/2022\/06\/30\/tienes-pensado-estudiar-grado-medio-de-electromecanica-de-motocicletas\/"},"author":{"name":"adsmurai","@id":"https:\/\/www.monlau.com\/fp\/#\/schema\/person\/419cfdf054323e24e0a2ef1d8597f051"},"headline":"\u00bfTienes pensado estudiar Grado Medio de Electromec\u00e1nica de motocicletas?","datePublished":"2022-06-29T22:00:00+00:00","dateModified":"2026-03-10T09:03:29+00:00","mainEntityOfPage":{"@id":"https:\/\/www.monlau.com\/fp\/2022\/06\/30\/tienes-pensado-estudiar-grado-medio-de-electromecanica-de-motocicletas\/"},"wordCount":697,"publisher":{"@id":"https:\/\/www.monlau.com\/fp\/#organization"},"image":{"@id":"https:\/\/www.monlau.com\/fp\/2022\/06\/30\/tienes-pensado-estudiar-grado-medio-de-electromecanica-de-motocicletas\/#primaryimage"},"thumbnailUrl":"https:\/\/www.monlau.com\/app\/uploads\/sites\/3\/2026\/02\/articulo-proyectos.jpeg","keywords":["Automoci\u00f3n","barcelona","electromec\u00e1nica","Grado Medio","motocicletas","veh\u00edculos el\u00e9ctricos"],"articleSection":["Automoci\u00f3n","Monlau"],"inLanguage":"es"},{"@type":"WebPage","@id":"https:\/\/www.monlau.com\/fp\/2022\/06\/30\/tienes-pensado-estudiar-grado-medio-de-electromecanica-de-motocicletas\/","url":"https:\/\/www.monlau.com\/fp\/2022\/06\/30\/tienes-pensado-estudiar-grado-medio-de-electromecanica-de-motocicletas\/","name":"\u00bfTienes pensado estudiar Grado Medio de Electromec\u00e1nica de motocicletas? - Formaci\u00f3n profesional","isPartOf":{"@id":"https:\/\/www.monlau.com\/fp\/#website"},"primaryImageOfPage":{"@id":"https:\/\/www.monlau.com\/fp\/2022\/06\/30\/tienes-pensado-estudiar-grado-medio-de-electromecanica-de-motocicletas\/#primaryimage"},"image":{"@id":"https:\/\/www.monlau.com\/fp\/2022\/06\/30\/tienes-pensado-estudiar-grado-medio-de-electromecanica-de-motocicletas\/#primaryimage"},"thumbnailUrl":"https:\/\/www.monlau.com\/app\/uploads\/sites\/3\/2026\/02\/articulo-proyectos.jpeg","datePublished":"2022-06-29T22:00:00+00:00","dateModified":"2026-03-10T09:03:29+00:00","breadcrumb":{"@id":"https:\/\/www.monlau.com\/fp\/2022\/06\/30\/tienes-pensado-estudiar-grado-medio-de-electromecanica-de-motocicletas\/#breadcrumb"},"inLanguage":"es","potentialAction":[{"@type":"ReadAction","target":["https:\/\/www.monlau.com\/fp\/2022\/06\/30\/tienes-pensado-estudiar-grado-medio-de-electromecanica-de-motocicletas\/"]}]},{"@type":"ImageObject","inLanguage":"es","@id":"https:\/\/www.monlau.com\/fp\/2022\/06\/30\/tienes-pensado-estudiar-grado-medio-de-electromecanica-de-motocicletas\/#primaryimage","url":"https:\/\/www.monlau.com\/app\/uploads\/sites\/3\/2026\/02\/articulo-proyectos.jpeg","contentUrl":"https:\/\/www.monlau.com\/app\/uploads\/sites\/3\/2026\/02\/articulo-proyectos.jpeg","width":1600,"height":1066},{"@type":"BreadcrumbList","@id":"https:\/\/www.monlau.com\/fp\/2022\/06\/30\/tienes-pensado-estudiar-grado-medio-de-electromecanica-de-motocicletas\/#breadcrumb","itemListElement":[{"@type":"ListItem","position":1,"name":"Portada","item":"https:\/\/www.monlau.com\/fp\/"},{"@type":"ListItem","position":2,"name":"\u00bfTienes pensado estudiar Grado Medio de Electromec\u00e1nica de motocicletas?"}]},{"@type":"WebSite","@id":"https:\/\/www.monlau.com\/fp\/#website","url":"https:\/\/www.monlau.com\/fp\/","name":"Formaci\u00f3n profesional","description":"Monlau","publisher":{"@id":"https:\/\/www.monlau.com\/fp\/#organization"},"potentialAction":[{"@type":"SearchAction","target":{"@type":"EntryPoint","urlTemplate":"https:\/\/www.monlau.com\/fp\/?s={search_term_string}"},"query-input":{"@type":"PropertyValueSpecification","valueRequired":true,"valueName":"search_term_string"}}],"inLanguage":"es"},{"@type":"Organization","@id":"https:\/\/www.monlau.com\/fp\/#organization","name":"Formaci\u00f3n profesional","url":"https:\/\/www.monlau.com\/fp\/","logo":{"@type":"ImageObject","inLanguage":"es","@id":"https:\/\/www.monlau.com\/fp\/#\/schema\/logo\/image\/","url":"https:\/\/www.monlau.com\/app\/uploads\/sites\/3\/2026\/01\/fp.png","contentUrl":"https:\/\/www.monlau.com\/app\/uploads\/sites\/3\/2026\/01\/fp.png","width":1024,"height":878,"caption":"Formaci\u00f3n profesional"},"image":{"@id":"https:\/\/www.monlau.com\/fp\/#\/schema\/logo\/image\/"}},{"@type":"Person","@id":"https:\/\/www.monlau.com\/fp\/#\/schema\/person\/419cfdf054323e24e0a2ef1d8597f051","name":"adsmurai","image":{"@type":"ImageObject","inLanguage":"es","@id":"https:\/\/secure.gravatar.com\/avatar\/0748788578f91786454454fa3b4c295644edb991ad6caadc70b41d26790d38fc?s=96&d=mm&r=g","url":"https:\/\/secure.gravatar.com\/avatar\/0748788578f91786454454fa3b4c295644edb991ad6caadc70b41d26790d38fc?s=96&d=mm&r=g","contentUrl":"https:\/\/secure.gravatar.com\/avatar\/0748788578f91786454454fa3b4c295644edb991ad6caadc70b41d26790d38fc?s=96&d=mm&r=g","caption":"adsmurai"},"sameAs":["https:\/\/www.monlau.com"],"url":"https:\/\/www.monlau.com\/fp\/author\/adsmurai\/"}]}},"_links":{"self":[{"href":"https:\/\/www.monlau.com\/fp\/wp-json\/wp\/v2\/posts\/5968","targetHints":{"allow":["GET"]}}],"collection":[{"href":"https:\/\/www.monlau.com\/fp\/wp-json\/wp\/v2\/posts"}],"about":[{"href":"https:\/\/www.monlau.com\/fp\/wp-json\/wp\/v2\/types\/post"}],"author":[{"embeddable":true,"href":"https:\/\/www.monlau.com\/fp\/wp-json\/wp\/v2\/users\/1"}],"replies":[{"embeddable":true,"href":"https:\/\/www.monlau.com\/fp\/wp-json\/wp\/v2\/comments?post=5968"}],"version-history":[{"count":1,"href":"https:\/\/www.monlau.com\/fp\/wp-json\/wp\/v2\/posts\/5968\/revisions"}],"predecessor-version":[{"id":6396,"href":"https:\/\/www.monlau.com\/fp\/wp-json\/wp\/v2\/posts\/5968\/revisions\/6396"}],"wp:featuredmedia":[{"embeddable":true,"href":"https:\/\/www.monlau.com\/fp\/wp-json\/wp\/v2\/media\/2847"}],"wp:attachment":[{"href":"https:\/\/www.monlau.com\/fp\/wp-json\/wp\/v2\/media?parent=5968"}],"wp:term":[{"taxonomy":"category","embeddable":true,"href":"https:\/\/www.monlau.com\/fp\/wp-json\/wp\/v2\/categories?post=5968"},{"taxonomy":"post_tag","embeddable":true,"href":"https:\/\/www.monlau.com\/fp\/wp-json\/wp\/v2\/tags?post=5968"}],"curies":[{"name":"wp","href":"https:\/\/api.w.org\/{rel}","templated":true}]}}