{"id":5960,"date":"2022-04-21T00:00:00","date_gmt":"2022-04-20T22:00:00","guid":{"rendered":"https:\/\/www.monlau.com\/formacion-profesional\/como-realizar-preinscripcion-ciclos-grado-medio-fp\/"},"modified":"2026-03-10T10:03:30","modified_gmt":"2026-03-10T09:03:30","slug":"como-realizar-preinscripcion-ciclos-grado-medio-fp","status":"publish","type":"post","link":"https:\/\/www.monlau.com\/fp\/2022\/04\/21\/como-realizar-preinscripcion-ciclos-grado-medio-fp\/","title":{"rendered":"C\u00f3mo realizar la preinscripci\u00f3n a los ciclos de Grado Medio de FP"},"content":{"rendered":"<p>Los <a href=\"https:\/\/www.monlau.com\/formacio-professional\/oferta-formativa\/\">ciclos formativos de grado medio<\/a> son aquellos que proporcionan la informaci\u00f3n necesaria para adquirir las competencias profesionales necesarias y propias de cada sector. Para poder acceder a estos, hay que cumplir previamente con una serie de requisitos:<\/p>\n<ul>\n<li>Tener el t\u00edtulo de graduado en educaci\u00f3n secundaria obligatoria (ESO)<\/li>\n<li>Tener el t\u00edtulo de t\u00e9cnico\/a o t\u00e9cnico\/a auxiliar<\/li>\n<li>A ver superado el CAM (curso espec\u00edfico para el acceso a los ciclos de grado medio)<\/li>\n<li>Tener estudios equivalentes a efectos acad\u00e9micos<\/li>\n<li>Haber superado los m\u00f3dulos obligatorios de un programa de cualificaci\u00f3n profesional inicial (PQPI)<\/li>\n<li>Haber superado la prueba de acceso a la universidad para mayores de 25 a\u00f1os o de 45 a\u00f1os, o haber accedido a la universidad por haber acreditado experiencia laboral o profesional teniendo cumplidos los 40 a\u00f1os<\/li>\n<li>Tener un t\u00edtulo para acceder a un ciclo formativo de grado superior<\/li>\n<\/ul>\n<p>En el caso de la <strong>preinscripci\u00f3n a los ciclos de Grado Medio, se dividir\u00e1 en dos procesos<\/strong> con fechas de inscripci\u00f3n diferentes; uno para el alumnado de continuidad de escolarizaci\u00f3n, y un proceso para el resto de alumnado. Si quieres saber a qu\u00e9 grupo perteneces, \u00a1<a href=\"https:\/\/preinscripcio.gencat.cat\/ca\/estudis\/fp-grau-mitja\/informat\/criteris-assignacio\/\">haz clic aqu\u00ed<\/a>!<\/p>\n<h3><strong>Como realizar la preinscripci\u00f3n a los ciclos de grado medio<\/strong><\/h3>\n<p>Las preinscripciones se realizan desde la p\u00e1gina web del <a href=\"https:\/\/preinscripcio.gencat.cat\/ca\/estudis\/fp-grau-mitja\/inici\/\">Departamento de Educaci\u00f3n<\/a>; desde donde podr\u00edas tramitar la solicitud hasta el<strong> 26 de abril <\/strong>en caso de pertenecer al primer grupo.<\/p>\n<ol>\n<li>Prepara la documentaci\u00f3n necesaria para acreditar la identidad del alumno:<\/li>\n<\/ol>\n<ul>\n<li>Herramienta de <strong>identificaci\u00f3n digital<\/strong> (DNI electr\u00f3nico, Sistema Cl@ve, T-CAT o idCAT m\u00f3vil)<\/li>\n<li>C\u00f3digo <strong>identificador del alumno (<\/strong><a href=\"https:\/\/educacio.gencat.cat\/ca\/tramits\/tramits-temes\/identificador-alumne\"><strong>RALC<\/strong><\/a>). Esta informaci\u00f3n os la proporcionar\u00e1 el centro de origen<a href=\"https:\/\/preinscripcio.gencat.cat\/ca\/estudis\/fp-grau-mitja\/informat\/prepara-documentacio\/\">. (No dispongo de RALC<\/a>).<\/li>\n<li><strong>Nota media de la etapa anterior<\/strong>. Esta informaci\u00f3n la proporcionar\u00e1 vuestro centro de origen. En caso de no saberla, deber\u00e9is poner cualquier numero y el sistema lo modificar\u00e1 autom\u00e1ticamente.<\/li>\n<\/ul>\n<ol start=\"2\">\n<li>Dar de alta al alumno si es mayor de edad o al tutor legal si es menor de edad mediante <a href=\"https:\/\/idcatmobil.seu.cat\/loginSenseCertificat\">IDCAT MOBIL<\/a>. Esta aplicaci\u00f3n facilitar\u00e1 una contrase\u00f1a para poder firmar y tramitar la solicitud.<\/li>\n<\/ol>\n<p><strong>Finalmente, recuerda que las preinscripciones se pueden realizar en <\/strong><a href=\"https:\/\/accesvalidat.ensenyament.gencat.cat\/wayf\/wayf-IDP-SM.html?entityID=https%3A%2F%2Faccesvalidat.ensenyament.gencat.cat&amp;return=https%3A%2F%2Faccesvalidat.ensenyament.gencat.cat%2FShibboleth.sso%2FLogin%3FSAMLDS%3D1%26target%3Dhttps%253A%252F%252Faccesvalidat.ensenyament.gencat.cat%252Fpls%252Fapex%252Ff%253Fp%253D20160079072543618%253A102\"><strong>formato electr\u00f3nico<\/strong><\/a><strong> o mediante un <\/strong><a href=\"https:\/\/aplicacions.ensenyament.gencat.cat\/pls\/apex\/f?p=20160079072543618:6:::NO:RP,6,5,10,15,20,25::&amp;cs=3I3m6dZkINWIrWAKoQSB28AkLVgs\"><strong>soporte inform\u00e1tico<\/strong><\/a><strong>. <\/strong><\/p>\n<p>&nbsp;<\/p>\n","protected":false},"excerpt":{"rendered":"<p>Los ciclos formativos de grado medio son aquellos que proporcionan la informaci\u00f3n necesaria para adquirir las competencias profesionales necesarias y propias de cada sector. Para poder acceder a estos, hay que cumplir previamente con una serie de requisitos: Tener el t\u00edtulo de graduado en educaci\u00f3n secundaria obligatoria (ESO) Tener el t\u00edtulo de t\u00e9cnico\/a o t\u00e9cnico\/a [&hellip;]<\/p>\n","protected":false},"author":1,"featured_media":3595,"comment_status":"closed","ping_status":"closed","sticky":false,"template":"","format":"standard","meta":{"footnotes":""},"categories":[57],"tags":[49,157,66,70],"class_list":["post-5960","post","type-post","status-publish","format-standard","has-post-thumbnail","hentry","category-monlau","tag-formacion-profesional","tag-fp","tag-grado-medio","tag-preinscripcion"],"yoast_head":"<!-- This site is optimized with the Yoast SEO plugin v27.2 - https:\/\/yoast.com\/product\/yoast-seo-wordpress\/ -->\n<title>C\u00f3mo realizar la preinscripci\u00f3n a los ciclos de Grado Medio de FP - Formaci\u00f3n profesional<\/title>\n<meta name=\"robots\" content=\"index, follow, max-snippet:-1, max-image-preview:large, max-video-preview:-1\" \/>\n<link rel=\"canonical\" href=\"https:\/\/www.monlau.com\/fp\/2022\/04\/21\/como-realizar-preinscripcion-ciclos-grado-medio-fp\/\" \/>\n<meta property=\"og:locale\" content=\"es_ES\" \/>\n<meta property=\"og:type\" content=\"article\" \/>\n<meta property=\"og:title\" content=\"C\u00f3mo realizar la preinscripci\u00f3n a los ciclos de Grado Medio de FP - Formaci\u00f3n profesional\" \/>\n<meta property=\"og:description\" content=\"Los ciclos formativos de grado medio son aquellos que proporcionan la informaci\u00f3n necesaria para adquirir las competencias profesionales necesarias y propias de cada sector. Para poder acceder a estos, hay que cumplir previamente con una serie de requisitos: Tener el t\u00edtulo de graduado en educaci\u00f3n secundaria obligatoria (ESO) Tener el t\u00edtulo de t\u00e9cnico\/a o t\u00e9cnico\/a [&hellip;]\" \/>\n<meta property=\"og:url\" content=\"https:\/\/www.monlau.com\/fp\/2022\/04\/21\/como-realizar-preinscripcion-ciclos-grado-medio-fp\/\" \/>\n<meta property=\"og:site_name\" content=\"Formaci\u00f3n profesional\" \/>\n<meta property=\"article:published_time\" content=\"2022-04-20T22:00:00+00:00\" \/>\n<meta property=\"article:modified_time\" content=\"2026-03-10T09:03:30+00:00\" \/>\n<meta property=\"og:image\" content=\"https:\/\/www.monlau.com\/app\/uploads\/sites\/3\/2026\/03\/MONLAU-0004.jpg\" \/>\n\t<meta property=\"og:image:width\" content=\"2000\" \/>\n\t<meta property=\"og:image:height\" content=\"1333\" \/>\n\t<meta property=\"og:image:type\" content=\"image\/jpeg\" \/>\n<meta name=\"author\" content=\"adsmurai\" \/>\n<meta name=\"twitter:card\" content=\"summary_large_image\" \/>\n<meta name=\"twitter:label1\" content=\"Escrito por\" \/>\n\t<meta name=\"twitter:data1\" content=\"adsmurai\" \/>\n\t<meta name=\"twitter:label2\" content=\"Tiempo de lectura\" \/>\n\t<meta name=\"twitter:data2\" content=\"2 minutos\" \/>\n<script type=\"application\/ld+json\" class=\"yoast-schema-graph\">{\"@context\":\"https:\/\/schema.org\",\"@graph\":[{\"@type\":\"Article\",\"@id\":\"https:\/\/www.monlau.com\/fp\/2022\/04\/21\/como-realizar-preinscripcion-ciclos-grado-medio-fp\/#article\",\"isPartOf\":{\"@id\":\"https:\/\/www.monlau.com\/fp\/2022\/04\/21\/como-realizar-preinscripcion-ciclos-grado-medio-fp\/\"},\"author\":{\"name\":\"adsmurai\",\"@id\":\"https:\/\/www.monlau.com\/fp\/#\/schema\/person\/419cfdf054323e24e0a2ef1d8597f051\"},\"headline\":\"C\u00f3mo realizar la preinscripci\u00f3n a los ciclos de Grado Medio de FP\",\"datePublished\":\"2022-04-20T22:00:00+00:00\",\"dateModified\":\"2026-03-10T09:03:30+00:00\",\"mainEntityOfPage\":{\"@id\":\"https:\/\/www.monlau.com\/fp\/2022\/04\/21\/como-realizar-preinscripcion-ciclos-grado-medio-fp\/\"},\"wordCount\":394,\"publisher\":{\"@id\":\"https:\/\/www.monlau.com\/fp\/#organization\"},\"image\":{\"@id\":\"https:\/\/www.monlau.com\/fp\/2022\/04\/21\/como-realizar-preinscripcion-ciclos-grado-medio-fp\/#primaryimage\"},\"thumbnailUrl\":\"https:\/\/www.monlau.com\/app\/uploads\/sites\/3\/2026\/03\/MONLAU-0004.jpg\",\"keywords\":[\"formaci\u00f3n profesional\",\"fp\",\"Grado Medio\",\"Preinscripci\u00f3n\"],\"articleSection\":[\"Monlau\"],\"inLanguage\":\"es\"},{\"@type\":\"WebPage\",\"@id\":\"https:\/\/www.monlau.com\/fp\/2022\/04\/21\/como-realizar-preinscripcion-ciclos-grado-medio-fp\/\",\"url\":\"https:\/\/www.monlau.com\/fp\/2022\/04\/21\/como-realizar-preinscripcion-ciclos-grado-medio-fp\/\",\"name\":\"C\u00f3mo realizar la preinscripci\u00f3n a los ciclos de Grado Medio de FP - Formaci\u00f3n profesional\",\"isPartOf\":{\"@id\":\"https:\/\/www.monlau.com\/fp\/#website\"},\"primaryImageOfPage\":{\"@id\":\"https:\/\/www.monlau.com\/fp\/2022\/04\/21\/como-realizar-preinscripcion-ciclos-grado-medio-fp\/#primaryimage\"},\"image\":{\"@id\":\"https:\/\/www.monlau.com\/fp\/2022\/04\/21\/como-realizar-preinscripcion-ciclos-grado-medio-fp\/#primaryimage\"},\"thumbnailUrl\":\"https:\/\/www.monlau.com\/app\/uploads\/sites\/3\/2026\/03\/MONLAU-0004.jpg\",\"datePublished\":\"2022-04-20T22:00:00+00:00\",\"dateModified\":\"2026-03-10T09:03:30+00:00\",\"breadcrumb\":{\"@id\":\"https:\/\/www.monlau.com\/fp\/2022\/04\/21\/como-realizar-preinscripcion-ciclos-grado-medio-fp\/#breadcrumb\"},\"inLanguage\":\"es\",\"potentialAction\":[{\"@type\":\"ReadAction\",\"target\":[\"https:\/\/www.monlau.com\/fp\/2022\/04\/21\/como-realizar-preinscripcion-ciclos-grado-medio-fp\/\"]}]},{\"@type\":\"ImageObject\",\"inLanguage\":\"es\",\"@id\":\"https:\/\/www.monlau.com\/fp\/2022\/04\/21\/como-realizar-preinscripcion-ciclos-grado-medio-fp\/#primaryimage\",\"url\":\"https:\/\/www.monlau.com\/app\/uploads\/sites\/3\/2026\/03\/MONLAU-0004.jpg\",\"contentUrl\":\"https:\/\/www.monlau.com\/app\/uploads\/sites\/3\/2026\/03\/MONLAU-0004.jpg\",\"width\":2000,\"height\":1333},{\"@type\":\"BreadcrumbList\",\"@id\":\"https:\/\/www.monlau.com\/fp\/2022\/04\/21\/como-realizar-preinscripcion-ciclos-grado-medio-fp\/#breadcrumb\",\"itemListElement\":[{\"@type\":\"ListItem\",\"position\":1,\"name\":\"Portada\",\"item\":\"https:\/\/www.monlau.com\/fp\/\"},{\"@type\":\"ListItem\",\"position\":2,\"name\":\"C\u00f3mo realizar la preinscripci\u00f3n a los ciclos de Grado Medio de FP\"}]},{\"@type\":\"WebSite\",\"@id\":\"https:\/\/www.monlau.com\/fp\/#website\",\"url\":\"https:\/\/www.monlau.com\/fp\/\",\"name\":\"Formaci\u00f3n profesional\",\"description\":\"Monlau\",\"publisher\":{\"@id\":\"https:\/\/www.monlau.com\/fp\/#organization\"},\"potentialAction\":[{\"@type\":\"SearchAction\",\"target\":{\"@type\":\"EntryPoint\",\"urlTemplate\":\"https:\/\/www.monlau.com\/fp\/?s={search_term_string}\"},\"query-input\":{\"@type\":\"PropertyValueSpecification\",\"valueRequired\":true,\"valueName\":\"search_term_string\"}}],\"inLanguage\":\"es\"},{\"@type\":\"Organization\",\"@id\":\"https:\/\/www.monlau.com\/fp\/#organization\",\"name\":\"Formaci\u00f3n profesional\",\"url\":\"https:\/\/www.monlau.com\/fp\/\",\"logo\":{\"@type\":\"ImageObject\",\"inLanguage\":\"es\",\"@id\":\"https:\/\/www.monlau.com\/fp\/#\/schema\/logo\/image\/\",\"url\":\"https:\/\/www.monlau.com\/app\/uploads\/sites\/3\/2026\/01\/fp.png\",\"contentUrl\":\"https:\/\/www.monlau.com\/app\/uploads\/sites\/3\/2026\/01\/fp.png\",\"width\":1024,\"height\":878,\"caption\":\"Formaci\u00f3n profesional\"},\"image\":{\"@id\":\"https:\/\/www.monlau.com\/fp\/#\/schema\/logo\/image\/\"}},{\"@type\":\"Person\",\"@id\":\"https:\/\/www.monlau.com\/fp\/#\/schema\/person\/419cfdf054323e24e0a2ef1d8597f051\",\"name\":\"adsmurai\",\"image\":{\"@type\":\"ImageObject\",\"inLanguage\":\"es\",\"@id\":\"https:\/\/secure.gravatar.com\/avatar\/0748788578f91786454454fa3b4c295644edb991ad6caadc70b41d26790d38fc?s=96&d=mm&r=g\",\"url\":\"https:\/\/secure.gravatar.com\/avatar\/0748788578f91786454454fa3b4c295644edb991ad6caadc70b41d26790d38fc?s=96&d=mm&r=g\",\"contentUrl\":\"https:\/\/secure.gravatar.com\/avatar\/0748788578f91786454454fa3b4c295644edb991ad6caadc70b41d26790d38fc?s=96&d=mm&r=g\",\"caption\":\"adsmurai\"},\"sameAs\":[\"https:\/\/www.monlau.com\"],\"url\":\"https:\/\/www.monlau.com\/fp\/author\/adsmurai\/\"}]}<\/script>\n<!-- \/ Yoast SEO plugin. -->","yoast_head_json":{"title":"C\u00f3mo realizar la preinscripci\u00f3n a los ciclos de Grado Medio de FP - Formaci\u00f3n profesional","robots":{"index":"index","follow":"follow","max-snippet":"max-snippet:-1","max-image-preview":"max-image-preview:large","max-video-preview":"max-video-preview:-1"},"canonical":"https:\/\/www.monlau.com\/fp\/2022\/04\/21\/como-realizar-preinscripcion-ciclos-grado-medio-fp\/","og_locale":"es_ES","og_type":"article","og_title":"C\u00f3mo realizar la preinscripci\u00f3n a los ciclos de Grado Medio de FP - Formaci\u00f3n profesional","og_description":"Los ciclos formativos de grado medio son aquellos que proporcionan la informaci\u00f3n necesaria para adquirir las competencias profesionales necesarias y propias de cada sector. Para poder acceder a estos, hay que cumplir previamente con una serie de requisitos: Tener el t\u00edtulo de graduado en educaci\u00f3n secundaria obligatoria (ESO) Tener el t\u00edtulo de t\u00e9cnico\/a o t\u00e9cnico\/a [&hellip;]","og_url":"https:\/\/www.monlau.com\/fp\/2022\/04\/21\/como-realizar-preinscripcion-ciclos-grado-medio-fp\/","og_site_name":"Formaci\u00f3n profesional","article_published_time":"2022-04-20T22:00:00+00:00","article_modified_time":"2026-03-10T09:03:30+00:00","og_image":[{"width":2000,"height":1333,"url":"https:\/\/www.monlau.com\/app\/uploads\/sites\/3\/2026\/03\/MONLAU-0004.jpg","type":"image\/jpeg"}],"author":"adsmurai","twitter_card":"summary_large_image","twitter_misc":{"Escrito por":"adsmurai","Tiempo de lectura":"2 minutos"},"schema":{"@context":"https:\/\/schema.org","@graph":[{"@type":"Article","@id":"https:\/\/www.monlau.com\/fp\/2022\/04\/21\/como-realizar-preinscripcion-ciclos-grado-medio-fp\/#article","isPartOf":{"@id":"https:\/\/www.monlau.com\/fp\/2022\/04\/21\/como-realizar-preinscripcion-ciclos-grado-medio-fp\/"},"author":{"name":"adsmurai","@id":"https:\/\/www.monlau.com\/fp\/#\/schema\/person\/419cfdf054323e24e0a2ef1d8597f051"},"headline":"C\u00f3mo realizar la preinscripci\u00f3n a los ciclos de Grado Medio de FP","datePublished":"2022-04-20T22:00:00+00:00","dateModified":"2026-03-10T09:03:30+00:00","mainEntityOfPage":{"@id":"https:\/\/www.monlau.com\/fp\/2022\/04\/21\/como-realizar-preinscripcion-ciclos-grado-medio-fp\/"},"wordCount":394,"publisher":{"@id":"https:\/\/www.monlau.com\/fp\/#organization"},"image":{"@id":"https:\/\/www.monlau.com\/fp\/2022\/04\/21\/como-realizar-preinscripcion-ciclos-grado-medio-fp\/#primaryimage"},"thumbnailUrl":"https:\/\/www.monlau.com\/app\/uploads\/sites\/3\/2026\/03\/MONLAU-0004.jpg","keywords":["formaci\u00f3n profesional","fp","Grado Medio","Preinscripci\u00f3n"],"articleSection":["Monlau"],"inLanguage":"es"},{"@type":"WebPage","@id":"https:\/\/www.monlau.com\/fp\/2022\/04\/21\/como-realizar-preinscripcion-ciclos-grado-medio-fp\/","url":"https:\/\/www.monlau.com\/fp\/2022\/04\/21\/como-realizar-preinscripcion-ciclos-grado-medio-fp\/","name":"C\u00f3mo realizar la preinscripci\u00f3n a los ciclos de Grado Medio de FP - Formaci\u00f3n profesional","isPartOf":{"@id":"https:\/\/www.monlau.com\/fp\/#website"},"primaryImageOfPage":{"@id":"https:\/\/www.monlau.com\/fp\/2022\/04\/21\/como-realizar-preinscripcion-ciclos-grado-medio-fp\/#primaryimage"},"image":{"@id":"https:\/\/www.monlau.com\/fp\/2022\/04\/21\/como-realizar-preinscripcion-ciclos-grado-medio-fp\/#primaryimage"},"thumbnailUrl":"https:\/\/www.monlau.com\/app\/uploads\/sites\/3\/2026\/03\/MONLAU-0004.jpg","datePublished":"2022-04-20T22:00:00+00:00","dateModified":"2026-03-10T09:03:30+00:00","breadcrumb":{"@id":"https:\/\/www.monlau.com\/fp\/2022\/04\/21\/como-realizar-preinscripcion-ciclos-grado-medio-fp\/#breadcrumb"},"inLanguage":"es","potentialAction":[{"@type":"ReadAction","target":["https:\/\/www.monlau.com\/fp\/2022\/04\/21\/como-realizar-preinscripcion-ciclos-grado-medio-fp\/"]}]},{"@type":"ImageObject","inLanguage":"es","@id":"https:\/\/www.monlau.com\/fp\/2022\/04\/21\/como-realizar-preinscripcion-ciclos-grado-medio-fp\/#primaryimage","url":"https:\/\/www.monlau.com\/app\/uploads\/sites\/3\/2026\/03\/MONLAU-0004.jpg","contentUrl":"https:\/\/www.monlau.com\/app\/uploads\/sites\/3\/2026\/03\/MONLAU-0004.jpg","width":2000,"height":1333},{"@type":"BreadcrumbList","@id":"https:\/\/www.monlau.com\/fp\/2022\/04\/21\/como-realizar-preinscripcion-ciclos-grado-medio-fp\/#breadcrumb","itemListElement":[{"@type":"ListItem","position":1,"name":"Portada","item":"https:\/\/www.monlau.com\/fp\/"},{"@type":"ListItem","position":2,"name":"C\u00f3mo realizar la preinscripci\u00f3n a los ciclos de Grado Medio de FP"}]},{"@type":"WebSite","@id":"https:\/\/www.monlau.com\/fp\/#website","url":"https:\/\/www.monlau.com\/fp\/","name":"Formaci\u00f3n profesional","description":"Monlau","publisher":{"@id":"https:\/\/www.monlau.com\/fp\/#organization"},"potentialAction":[{"@type":"SearchAction","target":{"@type":"EntryPoint","urlTemplate":"https:\/\/www.monlau.com\/fp\/?s={search_term_string}"},"query-input":{"@type":"PropertyValueSpecification","valueRequired":true,"valueName":"search_term_string"}}],"inLanguage":"es"},{"@type":"Organization","@id":"https:\/\/www.monlau.com\/fp\/#organization","name":"Formaci\u00f3n profesional","url":"https:\/\/www.monlau.com\/fp\/","logo":{"@type":"ImageObject","inLanguage":"es","@id":"https:\/\/www.monlau.com\/fp\/#\/schema\/logo\/image\/","url":"https:\/\/www.monlau.com\/app\/uploads\/sites\/3\/2026\/01\/fp.png","contentUrl":"https:\/\/www.monlau.com\/app\/uploads\/sites\/3\/2026\/01\/fp.png","width":1024,"height":878,"caption":"Formaci\u00f3n profesional"},"image":{"@id":"https:\/\/www.monlau.com\/fp\/#\/schema\/logo\/image\/"}},{"@type":"Person","@id":"https:\/\/www.monlau.com\/fp\/#\/schema\/person\/419cfdf054323e24e0a2ef1d8597f051","name":"adsmurai","image":{"@type":"ImageObject","inLanguage":"es","@id":"https:\/\/secure.gravatar.com\/avatar\/0748788578f91786454454fa3b4c295644edb991ad6caadc70b41d26790d38fc?s=96&d=mm&r=g","url":"https:\/\/secure.gravatar.com\/avatar\/0748788578f91786454454fa3b4c295644edb991ad6caadc70b41d26790d38fc?s=96&d=mm&r=g","contentUrl":"https:\/\/secure.gravatar.com\/avatar\/0748788578f91786454454fa3b4c295644edb991ad6caadc70b41d26790d38fc?s=96&d=mm&r=g","caption":"adsmurai"},"sameAs":["https:\/\/www.monlau.com"],"url":"https:\/\/www.monlau.com\/fp\/author\/adsmurai\/"}]}},"_links":{"self":[{"href":"https:\/\/www.monlau.com\/fp\/wp-json\/wp\/v2\/posts\/5960","targetHints":{"allow":["GET"]}}],"collection":[{"href":"https:\/\/www.monlau.com\/fp\/wp-json\/wp\/v2\/posts"}],"about":[{"href":"https:\/\/www.monlau.com\/fp\/wp-json\/wp\/v2\/types\/post"}],"author":[{"embeddable":true,"href":"https:\/\/www.monlau.com\/fp\/wp-json\/wp\/v2\/users\/1"}],"replies":[{"embeddable":true,"href":"https:\/\/www.monlau.com\/fp\/wp-json\/wp\/v2\/comments?post=5960"}],"version-history":[{"count":1,"href":"https:\/\/www.monlau.com\/fp\/wp-json\/wp\/v2\/posts\/5960\/revisions"}],"predecessor-version":[{"id":6411,"href":"https:\/\/www.monlau.com\/fp\/wp-json\/wp\/v2\/posts\/5960\/revisions\/6411"}],"wp:featuredmedia":[{"embeddable":true,"href":"https:\/\/www.monlau.com\/fp\/wp-json\/wp\/v2\/media\/3595"}],"wp:attachment":[{"href":"https:\/\/www.monlau.com\/fp\/wp-json\/wp\/v2\/media?parent=5960"}],"wp:term":[{"taxonomy":"category","embeddable":true,"href":"https:\/\/www.monlau.com\/fp\/wp-json\/wp\/v2\/categories?post=5960"},{"taxonomy":"post_tag","embeddable":true,"href":"https:\/\/www.monlau.com\/fp\/wp-json\/wp\/v2\/tags?post=5960"}],"curies":[{"name":"wp","href":"https:\/\/api.w.org\/{rel}","templated":true}]}}