{"id":5959,"date":"2022-04-20T00:00:00","date_gmt":"2022-04-19T22:00:00","guid":{"rendered":"https:\/\/www.monlau.com\/formacion-profesional\/que-son-nuevos-cursos-de-especializacion-fp\/"},"modified":"2026-03-10T10:03:30","modified_gmt":"2026-03-10T09:03:30","slug":"que-son-nuevos-cursos-de-especializacion-fp","status":"publish","type":"post","link":"https:\/\/www.monlau.com\/fp\/2022\/04\/20\/que-son-nuevos-cursos-de-especializacion-fp\/","title":{"rendered":"Qu\u00e9 son los nuevos cursos de especializaci\u00f3n de FP"},"content":{"rendered":"<p>A ra\u00edz de las exigencias y demandas del mundo laboral en los \u00faltimos a\u00f1os, y con la nueva reforma de la FP, han surgido nuevos m\u00e9todos de ense\u00f1anza y educaci\u00f3n como <strong>los cursos de especializaci\u00f3n de Formaci\u00f3n Profesional<\/strong>, que se empezar\u00e1n a impartir a partir del pr\u00f3ximo curso.<\/p>\n<p>Estos estudios \u00a0equivaldr\u00edan a un m\u00e1ster \u00a0en la FP, y permiten aumentar los conocimientos y mejorar las competencias adquiridas previamente en el ciclo formativo de Formaci\u00f3n Profesional. Los cursos de especializaci\u00f3n son de un a\u00f1o lectivo, y tienen una carga de \u00a0entre 300 y 700 horas; adem\u00e1s de incluir en la mayor\u00eda de estos un n\u00famero de cr\u00e9ditos de FCT en empresas externas.<\/p>\n<p>Del mismo modo que los ciclos de FP, estos cursos acreditan una <strong>ense\u00f1anza y t\u00edtulo oficial<\/strong> con validez en todo el territorio nacional.<\/p>\n<h3><strong>Acceso a los cursos de especializaci\u00f3n<\/strong><\/h3>\n<p>Para poder acceder a estos postgrados de Formaci\u00f3n Profesional, es necesario haber realizado y tener el <strong>t\u00edtulo en Grado Medio o Grado Superior de la misma rama que el curso de especializaci\u00f3n <\/strong>que se quiere realizar. Dependiendo del curso de especializaci\u00f3n que se quiera realizar, el alumno necesitar\u00e1 acreditar una formaci\u00f3n u otra; dependiendo de los requisitos demandados.<\/p>\n<h3><strong>D\u00f3nde estudiar un curso de especializaci\u00f3n de FP<\/strong><\/h3>\n<p>Pese a la gran demanda e implementaci\u00f3n de estas nuevas especialidades, de momento solo hay unos cuantos centros educativos e institutos que lleven a cabo estos cursos. Si estas interesado en realizar un curso de especializaci\u00f3n, puedes consultarlos por Comunidades Aut\u00f3nomas en <a href=\"https:\/\/www.todofp.es\/que-estudiar\/ciclos\/curso-especializacion\/webs-cursos-especializacion-ccaa.html\">todofp.es<\/a>.<\/p>\n<h3><strong>CETI, el nuevo Curso de Especializaci\u00f3n en Ciberseguridad que impartiremos en Monlau<\/strong><\/h3>\n<p>Actualmente, se implantan un total de 13 cursos de especializaci\u00f3n de las ramas de Hosteler\u00eda y Turismo, Imagen y Sonido, Electricidad y Electr\u00f3nica, Instalaciones y Mantenimiento, Qu\u00edmica, Transporte y Mantenimiento de Veh\u00edculos, Fabricaci\u00f3n de mec\u00e1nica y finalmente <strong>Inform\u00e1tica y Comunicaciones.\u00a0 <\/strong><\/p>\n<p>En el caso de esta \u00faltima rama, en Monlau ofrecemos la posibilidad de realizar <a href=\"https:\/\/www.monlau.com\/formacio-professional\/project\/curso-de-especializacion-de-ciberseguridad-en-entornos-de-las-tecnologias-de-la-informacion-ceti\/\"><strong>el Curso de especializaci\u00f3n en Ciberseguridad en entornos de las tecnolog\u00edas de la informaci\u00f3n (CETI<\/strong><\/a><strong>) <\/strong>a partir del pr\u00f3ximo curso 2022\/2023<strong>.<\/strong><\/p>\n<p>Este curso consiste principalmente en definir e implementar las estrategias de seguridad en los sistemas de la informaci\u00f3n; haciendo diagn\u00f3sticos e implementando las nuevas medidas para mitigarlas de acuerdo con la normativa vigente y est\u00e1ndares del sector. \u00a1Si quieres saber qu\u00e9 es un CETI, visita nuestro <a href=\"https:\/\/www.monlau.com\/formacio-professional\/2022\/03\/22\/que-es-un-ceti-conoce-el-nuevo-curso-de-especializacion-en-ciberseguridad\/\">art\u00edculo en el blog<\/a>!<\/p>\n<p>Para poder acceder a este curso de especializaci\u00f3n en Ciberseguridad en Entornos de las Tecnolog\u00edas de la Informaci\u00f3n (CETI), ser\u00e1 necesario acreditar una de las siguientes titulaciones:<\/p>\n<ul>\n<li>T\u00e9cnico superior en\u00a0<a href=\"https:\/\/www.monlau.com\/formacio-professional\/project\/grado-superior-adminsitracion-sistemas-informaticos-redes-asix\/\">Administraci\u00f3n de Sistemas Inform\u00e1ticos en Red (ASIX)<\/a><\/li>\n<li>T\u00e9cnico superior en\u00a0<a href=\"https:\/\/www.monlau.com\/formacio-professional\/project\/grado-superior-desarrollo-aplicaciones-multiplataforma-dam\/\">Desarrollo de Aplicaciones Multiplataforma (DAM)<\/a><\/li>\n<li>T\u00e9cnico superior en\u00a0<a href=\"https:\/\/www.monlau.com\/formacio-professional\/project\/grado-superior-desarrollo-aplicaciones-web-daw\/\">Desarrollo de Aplicaciones Web (DAW)<\/a><\/li>\n<li>T\u00e9cnico superior en Sistemas de Telecomunicaciones e Inform\u00e1ticos<\/li>\n<li>T\u00e9cnico superior en Mantenimiento Electr\u00f3nico<\/li>\n<\/ul>\n<p><strong>\u00a1Aprovecha esta oportunidad y empieza este nuevo <\/strong><a href=\"https:\/\/www.monlau.com\/formacio-professional\/project\/curso-de-especializacion-de-ciberseguridad-en-entornos-de-las-tecnologias-de-la-informacion-ceti\/\"><strong>curso de especializaci\u00f3n en Monlau FP<\/strong><\/a><strong>!\u00a0<\/strong><\/p>\n<p>&nbsp;<\/p>\n<p>&nbsp;<\/p>\n","protected":false},"excerpt":{"rendered":"<p>A ra\u00edz de las exigencias y demandas del mundo laboral en los \u00faltimos a\u00f1os, y con la nueva reforma de la FP, han surgido nuevos m\u00e9todos de ense\u00f1anza y educaci\u00f3n como los cursos de especializaci\u00f3n de Formaci\u00f3n Profesional, que se empezar\u00e1n a impartir a partir del pr\u00f3ximo curso. Estos estudios \u00a0equivaldr\u00edan a un m\u00e1ster \u00a0en [&hellip;]<\/p>\n","protected":false},"author":1,"featured_media":3591,"comment_status":"closed","ping_status":"closed","sticky":false,"template":"","format":"standard","meta":{"footnotes":""},"categories":[220,38],"tags":[221,230,49,157,83],"class_list":["post-5959","post","type-post","status-publish","format-standard","has-post-thumbnail","hentry","category-especializacion","category-informatica","tag-ceti","tag-curso-especializacion","tag-formacion-profesional","tag-fp","tag-monlau"],"yoast_head":"<!-- This site is optimized with the Yoast SEO plugin v27.2 - https:\/\/yoast.com\/product\/yoast-seo-wordpress\/ -->\n<title>Qu\u00e9 son los nuevos cursos de especializaci\u00f3n de FP - Formaci\u00f3n profesional<\/title>\n<meta name=\"robots\" content=\"index, follow, max-snippet:-1, max-image-preview:large, max-video-preview:-1\" \/>\n<link rel=\"canonical\" href=\"https:\/\/www.monlau.com\/fp\/2022\/04\/20\/que-son-nuevos-cursos-de-especializacion-fp\/\" \/>\n<meta property=\"og:locale\" content=\"es_ES\" \/>\n<meta property=\"og:type\" content=\"article\" \/>\n<meta property=\"og:title\" content=\"Qu\u00e9 son los nuevos cursos de especializaci\u00f3n de FP - Formaci\u00f3n profesional\" \/>\n<meta property=\"og:description\" content=\"A ra\u00edz de las exigencias y demandas del mundo laboral en los \u00faltimos a\u00f1os, y con la nueva reforma de la FP, han surgido nuevos m\u00e9todos de ense\u00f1anza y educaci\u00f3n como los cursos de especializaci\u00f3n de Formaci\u00f3n Profesional, que se empezar\u00e1n a impartir a partir del pr\u00f3ximo curso. Estos estudios \u00a0equivaldr\u00edan a un m\u00e1ster \u00a0en [&hellip;]\" \/>\n<meta property=\"og:url\" content=\"https:\/\/www.monlau.com\/fp\/2022\/04\/20\/que-son-nuevos-cursos-de-especializacion-fp\/\" \/>\n<meta property=\"og:site_name\" content=\"Formaci\u00f3n profesional\" \/>\n<meta property=\"article:published_time\" content=\"2022-04-19T22:00:00+00:00\" \/>\n<meta property=\"article:modified_time\" content=\"2026-03-10T09:03:30+00:00\" \/>\n<meta property=\"og:image\" content=\"https:\/\/www.monlau.com\/app\/uploads\/sites\/3\/2026\/03\/IMG_1442.jpg\" \/>\n\t<meta property=\"og:image:width\" content=\"2000\" \/>\n\t<meta property=\"og:image:height\" content=\"1123\" \/>\n\t<meta property=\"og:image:type\" content=\"image\/jpeg\" \/>\n<meta name=\"author\" content=\"adsmurai\" \/>\n<meta name=\"twitter:card\" content=\"summary_large_image\" \/>\n<meta name=\"twitter:label1\" content=\"Escrito por\" \/>\n\t<meta name=\"twitter:data1\" content=\"adsmurai\" \/>\n\t<meta name=\"twitter:label2\" content=\"Tiempo de lectura\" \/>\n\t<meta name=\"twitter:data2\" content=\"3 minutos\" \/>\n<script type=\"application\/ld+json\" class=\"yoast-schema-graph\">{\"@context\":\"https:\/\/schema.org\",\"@graph\":[{\"@type\":\"Article\",\"@id\":\"https:\/\/www.monlau.com\/fp\/2022\/04\/20\/que-son-nuevos-cursos-de-especializacion-fp\/#article\",\"isPartOf\":{\"@id\":\"https:\/\/www.monlau.com\/fp\/2022\/04\/20\/que-son-nuevos-cursos-de-especializacion-fp\/\"},\"author\":{\"name\":\"adsmurai\",\"@id\":\"https:\/\/www.monlau.com\/fp\/#\/schema\/person\/419cfdf054323e24e0a2ef1d8597f051\"},\"headline\":\"Qu\u00e9 son los nuevos cursos de especializaci\u00f3n de FP\",\"datePublished\":\"2022-04-19T22:00:00+00:00\",\"dateModified\":\"2026-03-10T09:03:30+00:00\",\"mainEntityOfPage\":{\"@id\":\"https:\/\/www.monlau.com\/fp\/2022\/04\/20\/que-son-nuevos-cursos-de-especializacion-fp\/\"},\"wordCount\":535,\"publisher\":{\"@id\":\"https:\/\/www.monlau.com\/fp\/#organization\"},\"image\":{\"@id\":\"https:\/\/www.monlau.com\/fp\/2022\/04\/20\/que-son-nuevos-cursos-de-especializacion-fp\/#primaryimage\"},\"thumbnailUrl\":\"https:\/\/www.monlau.com\/app\/uploads\/sites\/3\/2026\/03\/IMG_1442.jpg\",\"keywords\":[\"ceti\",\"curso especializaci\u00f3n\",\"formaci\u00f3n profesional\",\"fp\",\"Monlau\"],\"articleSection\":[\"Especializaci\u00f3n\",\"Inform\u00e1tica\"],\"inLanguage\":\"es\"},{\"@type\":\"WebPage\",\"@id\":\"https:\/\/www.monlau.com\/fp\/2022\/04\/20\/que-son-nuevos-cursos-de-especializacion-fp\/\",\"url\":\"https:\/\/www.monlau.com\/fp\/2022\/04\/20\/que-son-nuevos-cursos-de-especializacion-fp\/\",\"name\":\"Qu\u00e9 son los nuevos cursos de especializaci\u00f3n de FP - Formaci\u00f3n profesional\",\"isPartOf\":{\"@id\":\"https:\/\/www.monlau.com\/fp\/#website\"},\"primaryImageOfPage\":{\"@id\":\"https:\/\/www.monlau.com\/fp\/2022\/04\/20\/que-son-nuevos-cursos-de-especializacion-fp\/#primaryimage\"},\"image\":{\"@id\":\"https:\/\/www.monlau.com\/fp\/2022\/04\/20\/que-son-nuevos-cursos-de-especializacion-fp\/#primaryimage\"},\"thumbnailUrl\":\"https:\/\/www.monlau.com\/app\/uploads\/sites\/3\/2026\/03\/IMG_1442.jpg\",\"datePublished\":\"2022-04-19T22:00:00+00:00\",\"dateModified\":\"2026-03-10T09:03:30+00:00\",\"breadcrumb\":{\"@id\":\"https:\/\/www.monlau.com\/fp\/2022\/04\/20\/que-son-nuevos-cursos-de-especializacion-fp\/#breadcrumb\"},\"inLanguage\":\"es\",\"potentialAction\":[{\"@type\":\"ReadAction\",\"target\":[\"https:\/\/www.monlau.com\/fp\/2022\/04\/20\/que-son-nuevos-cursos-de-especializacion-fp\/\"]}]},{\"@type\":\"ImageObject\",\"inLanguage\":\"es\",\"@id\":\"https:\/\/www.monlau.com\/fp\/2022\/04\/20\/que-son-nuevos-cursos-de-especializacion-fp\/#primaryimage\",\"url\":\"https:\/\/www.monlau.com\/app\/uploads\/sites\/3\/2026\/03\/IMG_1442.jpg\",\"contentUrl\":\"https:\/\/www.monlau.com\/app\/uploads\/sites\/3\/2026\/03\/IMG_1442.jpg\",\"width\":2000,\"height\":1123},{\"@type\":\"BreadcrumbList\",\"@id\":\"https:\/\/www.monlau.com\/fp\/2022\/04\/20\/que-son-nuevos-cursos-de-especializacion-fp\/#breadcrumb\",\"itemListElement\":[{\"@type\":\"ListItem\",\"position\":1,\"name\":\"Portada\",\"item\":\"https:\/\/www.monlau.com\/fp\/\"},{\"@type\":\"ListItem\",\"position\":2,\"name\":\"Qu\u00e9 son los nuevos cursos de especializaci\u00f3n de FP\"}]},{\"@type\":\"WebSite\",\"@id\":\"https:\/\/www.monlau.com\/fp\/#website\",\"url\":\"https:\/\/www.monlau.com\/fp\/\",\"name\":\"Formaci\u00f3n profesional\",\"description\":\"Monlau\",\"publisher\":{\"@id\":\"https:\/\/www.monlau.com\/fp\/#organization\"},\"potentialAction\":[{\"@type\":\"SearchAction\",\"target\":{\"@type\":\"EntryPoint\",\"urlTemplate\":\"https:\/\/www.monlau.com\/fp\/?s={search_term_string}\"},\"query-input\":{\"@type\":\"PropertyValueSpecification\",\"valueRequired\":true,\"valueName\":\"search_term_string\"}}],\"inLanguage\":\"es\"},{\"@type\":\"Organization\",\"@id\":\"https:\/\/www.monlau.com\/fp\/#organization\",\"name\":\"Formaci\u00f3n profesional\",\"url\":\"https:\/\/www.monlau.com\/fp\/\",\"logo\":{\"@type\":\"ImageObject\",\"inLanguage\":\"es\",\"@id\":\"https:\/\/www.monlau.com\/fp\/#\/schema\/logo\/image\/\",\"url\":\"https:\/\/www.monlau.com\/app\/uploads\/sites\/3\/2026\/01\/fp.png\",\"contentUrl\":\"https:\/\/www.monlau.com\/app\/uploads\/sites\/3\/2026\/01\/fp.png\",\"width\":1024,\"height\":878,\"caption\":\"Formaci\u00f3n profesional\"},\"image\":{\"@id\":\"https:\/\/www.monlau.com\/fp\/#\/schema\/logo\/image\/\"}},{\"@type\":\"Person\",\"@id\":\"https:\/\/www.monlau.com\/fp\/#\/schema\/person\/419cfdf054323e24e0a2ef1d8597f051\",\"name\":\"adsmurai\",\"image\":{\"@type\":\"ImageObject\",\"inLanguage\":\"es\",\"@id\":\"https:\/\/secure.gravatar.com\/avatar\/0748788578f91786454454fa3b4c295644edb991ad6caadc70b41d26790d38fc?s=96&d=mm&r=g\",\"url\":\"https:\/\/secure.gravatar.com\/avatar\/0748788578f91786454454fa3b4c295644edb991ad6caadc70b41d26790d38fc?s=96&d=mm&r=g\",\"contentUrl\":\"https:\/\/secure.gravatar.com\/avatar\/0748788578f91786454454fa3b4c295644edb991ad6caadc70b41d26790d38fc?s=96&d=mm&r=g\",\"caption\":\"adsmurai\"},\"sameAs\":[\"https:\/\/www.monlau.com\"],\"url\":\"https:\/\/www.monlau.com\/fp\/author\/adsmurai\/\"}]}<\/script>\n<!-- \/ Yoast SEO plugin. -->","yoast_head_json":{"title":"Qu\u00e9 son los nuevos cursos de especializaci\u00f3n de FP - Formaci\u00f3n profesional","robots":{"index":"index","follow":"follow","max-snippet":"max-snippet:-1","max-image-preview":"max-image-preview:large","max-video-preview":"max-video-preview:-1"},"canonical":"https:\/\/www.monlau.com\/fp\/2022\/04\/20\/que-son-nuevos-cursos-de-especializacion-fp\/","og_locale":"es_ES","og_type":"article","og_title":"Qu\u00e9 son los nuevos cursos de especializaci\u00f3n de FP - Formaci\u00f3n profesional","og_description":"A ra\u00edz de las exigencias y demandas del mundo laboral en los \u00faltimos a\u00f1os, y con la nueva reforma de la FP, han surgido nuevos m\u00e9todos de ense\u00f1anza y educaci\u00f3n como los cursos de especializaci\u00f3n de Formaci\u00f3n Profesional, que se empezar\u00e1n a impartir a partir del pr\u00f3ximo curso. Estos estudios \u00a0equivaldr\u00edan a un m\u00e1ster \u00a0en [&hellip;]","og_url":"https:\/\/www.monlau.com\/fp\/2022\/04\/20\/que-son-nuevos-cursos-de-especializacion-fp\/","og_site_name":"Formaci\u00f3n profesional","article_published_time":"2022-04-19T22:00:00+00:00","article_modified_time":"2026-03-10T09:03:30+00:00","og_image":[{"width":2000,"height":1123,"url":"https:\/\/www.monlau.com\/app\/uploads\/sites\/3\/2026\/03\/IMG_1442.jpg","type":"image\/jpeg"}],"author":"adsmurai","twitter_card":"summary_large_image","twitter_misc":{"Escrito por":"adsmurai","Tiempo de lectura":"3 minutos"},"schema":{"@context":"https:\/\/schema.org","@graph":[{"@type":"Article","@id":"https:\/\/www.monlau.com\/fp\/2022\/04\/20\/que-son-nuevos-cursos-de-especializacion-fp\/#article","isPartOf":{"@id":"https:\/\/www.monlau.com\/fp\/2022\/04\/20\/que-son-nuevos-cursos-de-especializacion-fp\/"},"author":{"name":"adsmurai","@id":"https:\/\/www.monlau.com\/fp\/#\/schema\/person\/419cfdf054323e24e0a2ef1d8597f051"},"headline":"Qu\u00e9 son los nuevos cursos de especializaci\u00f3n de FP","datePublished":"2022-04-19T22:00:00+00:00","dateModified":"2026-03-10T09:03:30+00:00","mainEntityOfPage":{"@id":"https:\/\/www.monlau.com\/fp\/2022\/04\/20\/que-son-nuevos-cursos-de-especializacion-fp\/"},"wordCount":535,"publisher":{"@id":"https:\/\/www.monlau.com\/fp\/#organization"},"image":{"@id":"https:\/\/www.monlau.com\/fp\/2022\/04\/20\/que-son-nuevos-cursos-de-especializacion-fp\/#primaryimage"},"thumbnailUrl":"https:\/\/www.monlau.com\/app\/uploads\/sites\/3\/2026\/03\/IMG_1442.jpg","keywords":["ceti","curso especializaci\u00f3n","formaci\u00f3n profesional","fp","Monlau"],"articleSection":["Especializaci\u00f3n","Inform\u00e1tica"],"inLanguage":"es"},{"@type":"WebPage","@id":"https:\/\/www.monlau.com\/fp\/2022\/04\/20\/que-son-nuevos-cursos-de-especializacion-fp\/","url":"https:\/\/www.monlau.com\/fp\/2022\/04\/20\/que-son-nuevos-cursos-de-especializacion-fp\/","name":"Qu\u00e9 son los nuevos cursos de especializaci\u00f3n de FP - Formaci\u00f3n profesional","isPartOf":{"@id":"https:\/\/www.monlau.com\/fp\/#website"},"primaryImageOfPage":{"@id":"https:\/\/www.monlau.com\/fp\/2022\/04\/20\/que-son-nuevos-cursos-de-especializacion-fp\/#primaryimage"},"image":{"@id":"https:\/\/www.monlau.com\/fp\/2022\/04\/20\/que-son-nuevos-cursos-de-especializacion-fp\/#primaryimage"},"thumbnailUrl":"https:\/\/www.monlau.com\/app\/uploads\/sites\/3\/2026\/03\/IMG_1442.jpg","datePublished":"2022-04-19T22:00:00+00:00","dateModified":"2026-03-10T09:03:30+00:00","breadcrumb":{"@id":"https:\/\/www.monlau.com\/fp\/2022\/04\/20\/que-son-nuevos-cursos-de-especializacion-fp\/#breadcrumb"},"inLanguage":"es","potentialAction":[{"@type":"ReadAction","target":["https:\/\/www.monlau.com\/fp\/2022\/04\/20\/que-son-nuevos-cursos-de-especializacion-fp\/"]}]},{"@type":"ImageObject","inLanguage":"es","@id":"https:\/\/www.monlau.com\/fp\/2022\/04\/20\/que-son-nuevos-cursos-de-especializacion-fp\/#primaryimage","url":"https:\/\/www.monlau.com\/app\/uploads\/sites\/3\/2026\/03\/IMG_1442.jpg","contentUrl":"https:\/\/www.monlau.com\/app\/uploads\/sites\/3\/2026\/03\/IMG_1442.jpg","width":2000,"height":1123},{"@type":"BreadcrumbList","@id":"https:\/\/www.monlau.com\/fp\/2022\/04\/20\/que-son-nuevos-cursos-de-especializacion-fp\/#breadcrumb","itemListElement":[{"@type":"ListItem","position":1,"name":"Portada","item":"https:\/\/www.monlau.com\/fp\/"},{"@type":"ListItem","position":2,"name":"Qu\u00e9 son los nuevos cursos de especializaci\u00f3n de FP"}]},{"@type":"WebSite","@id":"https:\/\/www.monlau.com\/fp\/#website","url":"https:\/\/www.monlau.com\/fp\/","name":"Formaci\u00f3n profesional","description":"Monlau","publisher":{"@id":"https:\/\/www.monlau.com\/fp\/#organization"},"potentialAction":[{"@type":"SearchAction","target":{"@type":"EntryPoint","urlTemplate":"https:\/\/www.monlau.com\/fp\/?s={search_term_string}"},"query-input":{"@type":"PropertyValueSpecification","valueRequired":true,"valueName":"search_term_string"}}],"inLanguage":"es"},{"@type":"Organization","@id":"https:\/\/www.monlau.com\/fp\/#organization","name":"Formaci\u00f3n profesional","url":"https:\/\/www.monlau.com\/fp\/","logo":{"@type":"ImageObject","inLanguage":"es","@id":"https:\/\/www.monlau.com\/fp\/#\/schema\/logo\/image\/","url":"https:\/\/www.monlau.com\/app\/uploads\/sites\/3\/2026\/01\/fp.png","contentUrl":"https:\/\/www.monlau.com\/app\/uploads\/sites\/3\/2026\/01\/fp.png","width":1024,"height":878,"caption":"Formaci\u00f3n profesional"},"image":{"@id":"https:\/\/www.monlau.com\/fp\/#\/schema\/logo\/image\/"}},{"@type":"Person","@id":"https:\/\/www.monlau.com\/fp\/#\/schema\/person\/419cfdf054323e24e0a2ef1d8597f051","name":"adsmurai","image":{"@type":"ImageObject","inLanguage":"es","@id":"https:\/\/secure.gravatar.com\/avatar\/0748788578f91786454454fa3b4c295644edb991ad6caadc70b41d26790d38fc?s=96&d=mm&r=g","url":"https:\/\/secure.gravatar.com\/avatar\/0748788578f91786454454fa3b4c295644edb991ad6caadc70b41d26790d38fc?s=96&d=mm&r=g","contentUrl":"https:\/\/secure.gravatar.com\/avatar\/0748788578f91786454454fa3b4c295644edb991ad6caadc70b41d26790d38fc?s=96&d=mm&r=g","caption":"adsmurai"},"sameAs":["https:\/\/www.monlau.com"],"url":"https:\/\/www.monlau.com\/fp\/author\/adsmurai\/"}]}},"_links":{"self":[{"href":"https:\/\/www.monlau.com\/fp\/wp-json\/wp\/v2\/posts\/5959","targetHints":{"allow":["GET"]}}],"collection":[{"href":"https:\/\/www.monlau.com\/fp\/wp-json\/wp\/v2\/posts"}],"about":[{"href":"https:\/\/www.monlau.com\/fp\/wp-json\/wp\/v2\/types\/post"}],"author":[{"embeddable":true,"href":"https:\/\/www.monlau.com\/fp\/wp-json\/wp\/v2\/users\/1"}],"replies":[{"embeddable":true,"href":"https:\/\/www.monlau.com\/fp\/wp-json\/wp\/v2\/comments?post=5959"}],"version-history":[{"count":1,"href":"https:\/\/www.monlau.com\/fp\/wp-json\/wp\/v2\/posts\/5959\/revisions"}],"predecessor-version":[{"id":6413,"href":"https:\/\/www.monlau.com\/fp\/wp-json\/wp\/v2\/posts\/5959\/revisions\/6413"}],"wp:featuredmedia":[{"embeddable":true,"href":"https:\/\/www.monlau.com\/fp\/wp-json\/wp\/v2\/media\/3591"}],"wp:attachment":[{"href":"https:\/\/www.monlau.com\/fp\/wp-json\/wp\/v2\/media?parent=5959"}],"wp:term":[{"taxonomy":"category","embeddable":true,"href":"https:\/\/www.monlau.com\/fp\/wp-json\/wp\/v2\/categories?post=5959"},{"taxonomy":"post_tag","embeddable":true,"href":"https:\/\/www.monlau.com\/fp\/wp-json\/wp\/v2\/tags?post=5959"}],"curies":[{"name":"wp","href":"https:\/\/api.w.org\/{rel}","templated":true}]}}