{"id":5957,"date":"2022-03-24T00:00:00","date_gmt":"2022-03-23T23:00:00","guid":{"rendered":"https:\/\/www.monlau.com\/formacion-profesional\/reparacion-vehiculos-industriales-pesados-en-automocion\/"},"modified":"2026-03-10T10:03:30","modified_gmt":"2026-03-10T09:03:30","slug":"reparacion-vehiculos-industriales-pesados-en-automocion","status":"publish","type":"post","link":"https:\/\/www.monlau.com\/fp\/2022\/03\/24\/reparacion-vehiculos-industriales-pesados-en-automocion\/","title":{"rendered":"La Reparaci\u00f3n de Veh\u00edculos Industriales Pesados en Automoci\u00f3n"},"content":{"rendered":"<p>Habitualmente cuando hablamos de automoci\u00f3n o mec\u00e1nica solemos asociarlo con los veh\u00edculos m\u00e1s comunes como son los autom\u00f3viles o las motocicletas; olvid\u00e1ndonos completamente del amplio abanico de veh\u00edculos que existen.<\/p>\n<p>Con el objetivo principal de <strong>introducir a nuestros alumnos en el sector de la reparaci\u00f3n de los veh\u00edculos industriales pesados<\/strong>, y ense\u00f1arles la <strong>amplia variedad de salidas profesionales que ofrece<\/strong>, desde Monlau hemos organizado una mesa redonda con empresas referentes del sector, y una sesi\u00f3n pr\u00e1ctica con uno de los \u00faltimos modelos. En esta, hemos contado con la colaboraci\u00f3n y participaci\u00f3n de <a href=\"https:\/\/www.alltrucks.com\/es\/\">ALLTRUCKS<\/a> como agrupaci\u00f3n de marcas, y con <a href=\"https:\/\/www.daf.es\/es-es\">DAF<\/a>, <a href=\"https:\/\/www.iveco.com\/spain\/pages\/home-page.aspx\">IVECO<\/a>, <a href=\"http:\/\/www.nirvauto.es\/\">NIRVAUTO<\/a> y <a href=\"https:\/\/www.viserveis.cat\/\">VISERVEIS<\/a> como empresas interesadas.<\/p>\n<h2>Una jornada con profesionales del sector<\/h2>\n<p>Para poder llevar a cabo la mesa redonda, la actividad se ha estructurado en distintas franjas horarias; donde inicialmente se ha introducido el sector. Actualmente, el \u00e1rea de los veh\u00edculos industriales pesados ofrece una amplia variedad de salidas laborales y cuenta con una tecnolog\u00eda puntera. No obstante, se encuentra bajo m\u00ednimos y necesitan profesionales que tambi\u00e9n contemplen esta opci\u00f3n como una salida profesional<\/p>\n<p>Por esa raz\u00f3n, es de vital importancia introducir a los alumnos en el mundo de la reparaci\u00f3n de este tipo de veh\u00edculos y\u00a0 adem\u00e1s, <strong>formarlos y asesorarlos a corto plazo en la FCT y la modalidad DUAL sobre las oportunidades que se les brinda<\/strong>.<\/p>\n<p>Despu\u00e9s de la primera introducci\u00f3n sobre <em>Los veh\u00edculos industriales dentro del mundo de la formaci\u00f3n vs mundo laboral<\/em> a cargo de Xavier Castell\u00f3, Project Manager de Monlau Corporate Montse Barrera, Directora del departamento de Promoci\u00f3n Laboral de Monlau FP, present\u00f3 a los ponentes de la mesa. Contamos con la presencia de Joaqu\u00edn Monle\u00f3n de ALLTRUCKS; Marwa El Yacoubi, de VISERVEIS; y con Rub\u00e9n Murciano, Asesor de Servicio, y Jos\u00e9 Luis Murciano, Asesor Comercial en Nirvauto.<\/p>\n<p>La sesi\u00f3n pr\u00e1ctica corri\u00f3 a cargo de este \u00faltimo, que explic\u00f3 a los alumnos las partes y componentes de una cabina tractora de \u00faltima generaci\u00f3n que desplazaron hasta nuestras instalaciones en Barcelona.<\/p>\n<p>Una vez realizada esta jornada, desde Monlau vemos oportuno a medio <strong>plazo introducir conceptos mec\u00e1nicos en los grados medios y superiores<\/strong>, con la finalidad de, a largo plazo, <strong>empezar una nueva especializaci\u00f3n en reparaci\u00f3n de este tipo de veh\u00edculos<\/strong>; como ya es el caso de <a href=\"https:\/\/www.monlau.com\/formacio-professional\/project\/grado-medio-electromecanica-vehiculos-motocicletas\/\">especializaci\u00f3n de motos<\/a>.<\/p>\n<p>&nbsp;<\/p>\n","protected":false},"excerpt":{"rendered":"<p>Habitualmente cuando hablamos de automoci\u00f3n o mec\u00e1nica solemos asociarlo con los veh\u00edculos m\u00e1s comunes como son los autom\u00f3viles o las motocicletas; olvid\u00e1ndonos completamente del amplio abanico de veh\u00edculos que existen. Con el objetivo principal de introducir a nuestros alumnos en el sector de la reparaci\u00f3n de los veh\u00edculos industriales pesados, y ense\u00f1arles la amplia variedad [&hellip;]<\/p>\n","protected":false},"author":1,"featured_media":3572,"comment_status":"closed","ping_status":"closed","sticky":false,"template":"","format":"standard","meta":{"footnotes":""},"categories":[36,220],"tags":[107,225,157,87,226],"class_list":["post-5957","post","type-post","status-publish","format-standard","has-post-thumbnail","hentry","category-automocion","category-especializacion","tag-automocion","tag-camiones","tag-fp","tag-innovacion","tag-vehiculos-pesados"],"yoast_head":"<!-- This site is optimized with the Yoast SEO plugin v27.2 - https:\/\/yoast.com\/product\/yoast-seo-wordpress\/ -->\n<title>La Reparaci\u00f3n de Veh\u00edculos Industriales Pesados en Automoci\u00f3n - Formaci\u00f3n profesional<\/title>\n<meta name=\"robots\" content=\"index, follow, max-snippet:-1, max-image-preview:large, max-video-preview:-1\" \/>\n<link rel=\"canonical\" href=\"https:\/\/www.monlau.com\/fp\/2022\/03\/24\/reparacion-vehiculos-industriales-pesados-en-automocion\/\" \/>\n<meta property=\"og:locale\" content=\"es_ES\" \/>\n<meta property=\"og:type\" content=\"article\" \/>\n<meta property=\"og:title\" content=\"La Reparaci\u00f3n de Veh\u00edculos Industriales Pesados en Automoci\u00f3n - Formaci\u00f3n profesional\" \/>\n<meta property=\"og:description\" content=\"Habitualmente cuando hablamos de automoci\u00f3n o mec\u00e1nica solemos asociarlo con los veh\u00edculos m\u00e1s comunes como son los autom\u00f3viles o las motocicletas; olvid\u00e1ndonos completamente del amplio abanico de veh\u00edculos que existen. Con el objetivo principal de introducir a nuestros alumnos en el sector de la reparaci\u00f3n de los veh\u00edculos industriales pesados, y ense\u00f1arles la amplia variedad [&hellip;]\" \/>\n<meta property=\"og:url\" content=\"https:\/\/www.monlau.com\/fp\/2022\/03\/24\/reparacion-vehiculos-industriales-pesados-en-automocion\/\" \/>\n<meta property=\"og:site_name\" content=\"Formaci\u00f3n profesional\" \/>\n<meta property=\"article:published_time\" content=\"2022-03-23T23:00:00+00:00\" \/>\n<meta property=\"article:modified_time\" content=\"2026-03-10T09:03:30+00:00\" \/>\n<meta property=\"og:image\" content=\"https:\/\/www.monlau.com\/app\/uploads\/sites\/3\/2026\/03\/IMG_7994.jpg\" \/>\n\t<meta property=\"og:image:width\" content=\"2000\" \/>\n\t<meta property=\"og:image:height\" content=\"1333\" \/>\n\t<meta property=\"og:image:type\" content=\"image\/jpeg\" \/>\n<meta name=\"author\" content=\"adsmurai\" \/>\n<meta name=\"twitter:card\" content=\"summary_large_image\" \/>\n<meta name=\"twitter:label1\" content=\"Escrito por\" \/>\n\t<meta name=\"twitter:data1\" content=\"adsmurai\" \/>\n\t<meta name=\"twitter:label2\" content=\"Tiempo de lectura\" \/>\n\t<meta name=\"twitter:data2\" content=\"2 minutos\" \/>\n<script type=\"application\/ld+json\" class=\"yoast-schema-graph\">{\"@context\":\"https:\/\/schema.org\",\"@graph\":[{\"@type\":\"Article\",\"@id\":\"https:\/\/www.monlau.com\/fp\/2022\/03\/24\/reparacion-vehiculos-industriales-pesados-en-automocion\/#article\",\"isPartOf\":{\"@id\":\"https:\/\/www.monlau.com\/fp\/2022\/03\/24\/reparacion-vehiculos-industriales-pesados-en-automocion\/\"},\"author\":{\"name\":\"adsmurai\",\"@id\":\"https:\/\/www.monlau.com\/fp\/#\/schema\/person\/419cfdf054323e24e0a2ef1d8597f051\"},\"headline\":\"La Reparaci\u00f3n de Veh\u00edculos Industriales Pesados en Automoci\u00f3n\",\"datePublished\":\"2022-03-23T23:00:00+00:00\",\"dateModified\":\"2026-03-10T09:03:30+00:00\",\"mainEntityOfPage\":{\"@id\":\"https:\/\/www.monlau.com\/fp\/2022\/03\/24\/reparacion-vehiculos-industriales-pesados-en-automocion\/\"},\"wordCount\":427,\"publisher\":{\"@id\":\"https:\/\/www.monlau.com\/fp\/#organization\"},\"image\":{\"@id\":\"https:\/\/www.monlau.com\/fp\/2022\/03\/24\/reparacion-vehiculos-industriales-pesados-en-automocion\/#primaryimage\"},\"thumbnailUrl\":\"https:\/\/www.monlau.com\/app\/uploads\/sites\/3\/2026\/03\/IMG_7994.jpg\",\"keywords\":[\"Automoci\u00f3n\",\"camiones\",\"fp\",\"Innovaci\u00f3n\",\"veh\u00edculos pesados\"],\"articleSection\":[\"Automoci\u00f3n\",\"Especializaci\u00f3n\"],\"inLanguage\":\"es\"},{\"@type\":\"WebPage\",\"@id\":\"https:\/\/www.monlau.com\/fp\/2022\/03\/24\/reparacion-vehiculos-industriales-pesados-en-automocion\/\",\"url\":\"https:\/\/www.monlau.com\/fp\/2022\/03\/24\/reparacion-vehiculos-industriales-pesados-en-automocion\/\",\"name\":\"La Reparaci\u00f3n de Veh\u00edculos Industriales Pesados en Automoci\u00f3n - Formaci\u00f3n profesional\",\"isPartOf\":{\"@id\":\"https:\/\/www.monlau.com\/fp\/#website\"},\"primaryImageOfPage\":{\"@id\":\"https:\/\/www.monlau.com\/fp\/2022\/03\/24\/reparacion-vehiculos-industriales-pesados-en-automocion\/#primaryimage\"},\"image\":{\"@id\":\"https:\/\/www.monlau.com\/fp\/2022\/03\/24\/reparacion-vehiculos-industriales-pesados-en-automocion\/#primaryimage\"},\"thumbnailUrl\":\"https:\/\/www.monlau.com\/app\/uploads\/sites\/3\/2026\/03\/IMG_7994.jpg\",\"datePublished\":\"2022-03-23T23:00:00+00:00\",\"dateModified\":\"2026-03-10T09:03:30+00:00\",\"breadcrumb\":{\"@id\":\"https:\/\/www.monlau.com\/fp\/2022\/03\/24\/reparacion-vehiculos-industriales-pesados-en-automocion\/#breadcrumb\"},\"inLanguage\":\"es\",\"potentialAction\":[{\"@type\":\"ReadAction\",\"target\":[\"https:\/\/www.monlau.com\/fp\/2022\/03\/24\/reparacion-vehiculos-industriales-pesados-en-automocion\/\"]}]},{\"@type\":\"ImageObject\",\"inLanguage\":\"es\",\"@id\":\"https:\/\/www.monlau.com\/fp\/2022\/03\/24\/reparacion-vehiculos-industriales-pesados-en-automocion\/#primaryimage\",\"url\":\"https:\/\/www.monlau.com\/app\/uploads\/sites\/3\/2026\/03\/IMG_7994.jpg\",\"contentUrl\":\"https:\/\/www.monlau.com\/app\/uploads\/sites\/3\/2026\/03\/IMG_7994.jpg\",\"width\":2000,\"height\":1333},{\"@type\":\"BreadcrumbList\",\"@id\":\"https:\/\/www.monlau.com\/fp\/2022\/03\/24\/reparacion-vehiculos-industriales-pesados-en-automocion\/#breadcrumb\",\"itemListElement\":[{\"@type\":\"ListItem\",\"position\":1,\"name\":\"Portada\",\"item\":\"https:\/\/www.monlau.com\/fp\/\"},{\"@type\":\"ListItem\",\"position\":2,\"name\":\"La Reparaci\u00f3n de Veh\u00edculos Industriales Pesados en Automoci\u00f3n\"}]},{\"@type\":\"WebSite\",\"@id\":\"https:\/\/www.monlau.com\/fp\/#website\",\"url\":\"https:\/\/www.monlau.com\/fp\/\",\"name\":\"Formaci\u00f3n profesional\",\"description\":\"Monlau\",\"publisher\":{\"@id\":\"https:\/\/www.monlau.com\/fp\/#organization\"},\"potentialAction\":[{\"@type\":\"SearchAction\",\"target\":{\"@type\":\"EntryPoint\",\"urlTemplate\":\"https:\/\/www.monlau.com\/fp\/?s={search_term_string}\"},\"query-input\":{\"@type\":\"PropertyValueSpecification\",\"valueRequired\":true,\"valueName\":\"search_term_string\"}}],\"inLanguage\":\"es\"},{\"@type\":\"Organization\",\"@id\":\"https:\/\/www.monlau.com\/fp\/#organization\",\"name\":\"Formaci\u00f3n profesional\",\"url\":\"https:\/\/www.monlau.com\/fp\/\",\"logo\":{\"@type\":\"ImageObject\",\"inLanguage\":\"es\",\"@id\":\"https:\/\/www.monlau.com\/fp\/#\/schema\/logo\/image\/\",\"url\":\"https:\/\/www.monlau.com\/app\/uploads\/sites\/3\/2026\/01\/fp.png\",\"contentUrl\":\"https:\/\/www.monlau.com\/app\/uploads\/sites\/3\/2026\/01\/fp.png\",\"width\":1024,\"height\":878,\"caption\":\"Formaci\u00f3n profesional\"},\"image\":{\"@id\":\"https:\/\/www.monlau.com\/fp\/#\/schema\/logo\/image\/\"}},{\"@type\":\"Person\",\"@id\":\"https:\/\/www.monlau.com\/fp\/#\/schema\/person\/419cfdf054323e24e0a2ef1d8597f051\",\"name\":\"adsmurai\",\"image\":{\"@type\":\"ImageObject\",\"inLanguage\":\"es\",\"@id\":\"https:\/\/secure.gravatar.com\/avatar\/0748788578f91786454454fa3b4c295644edb991ad6caadc70b41d26790d38fc?s=96&d=mm&r=g\",\"url\":\"https:\/\/secure.gravatar.com\/avatar\/0748788578f91786454454fa3b4c295644edb991ad6caadc70b41d26790d38fc?s=96&d=mm&r=g\",\"contentUrl\":\"https:\/\/secure.gravatar.com\/avatar\/0748788578f91786454454fa3b4c295644edb991ad6caadc70b41d26790d38fc?s=96&d=mm&r=g\",\"caption\":\"adsmurai\"},\"sameAs\":[\"https:\/\/www.monlau.com\"],\"url\":\"https:\/\/www.monlau.com\/fp\/author\/adsmurai\/\"}]}<\/script>\n<!-- \/ Yoast SEO plugin. -->","yoast_head_json":{"title":"La Reparaci\u00f3n de Veh\u00edculos Industriales Pesados en Automoci\u00f3n - Formaci\u00f3n profesional","robots":{"index":"index","follow":"follow","max-snippet":"max-snippet:-1","max-image-preview":"max-image-preview:large","max-video-preview":"max-video-preview:-1"},"canonical":"https:\/\/www.monlau.com\/fp\/2022\/03\/24\/reparacion-vehiculos-industriales-pesados-en-automocion\/","og_locale":"es_ES","og_type":"article","og_title":"La Reparaci\u00f3n de Veh\u00edculos Industriales Pesados en Automoci\u00f3n - Formaci\u00f3n profesional","og_description":"Habitualmente cuando hablamos de automoci\u00f3n o mec\u00e1nica solemos asociarlo con los veh\u00edculos m\u00e1s comunes como son los autom\u00f3viles o las motocicletas; olvid\u00e1ndonos completamente del amplio abanico de veh\u00edculos que existen. Con el objetivo principal de introducir a nuestros alumnos en el sector de la reparaci\u00f3n de los veh\u00edculos industriales pesados, y ense\u00f1arles la amplia variedad [&hellip;]","og_url":"https:\/\/www.monlau.com\/fp\/2022\/03\/24\/reparacion-vehiculos-industriales-pesados-en-automocion\/","og_site_name":"Formaci\u00f3n profesional","article_published_time":"2022-03-23T23:00:00+00:00","article_modified_time":"2026-03-10T09:03:30+00:00","og_image":[{"width":2000,"height":1333,"url":"https:\/\/www.monlau.com\/app\/uploads\/sites\/3\/2026\/03\/IMG_7994.jpg","type":"image\/jpeg"}],"author":"adsmurai","twitter_card":"summary_large_image","twitter_misc":{"Escrito por":"adsmurai","Tiempo de lectura":"2 minutos"},"schema":{"@context":"https:\/\/schema.org","@graph":[{"@type":"Article","@id":"https:\/\/www.monlau.com\/fp\/2022\/03\/24\/reparacion-vehiculos-industriales-pesados-en-automocion\/#article","isPartOf":{"@id":"https:\/\/www.monlau.com\/fp\/2022\/03\/24\/reparacion-vehiculos-industriales-pesados-en-automocion\/"},"author":{"name":"adsmurai","@id":"https:\/\/www.monlau.com\/fp\/#\/schema\/person\/419cfdf054323e24e0a2ef1d8597f051"},"headline":"La Reparaci\u00f3n de Veh\u00edculos Industriales Pesados en Automoci\u00f3n","datePublished":"2022-03-23T23:00:00+00:00","dateModified":"2026-03-10T09:03:30+00:00","mainEntityOfPage":{"@id":"https:\/\/www.monlau.com\/fp\/2022\/03\/24\/reparacion-vehiculos-industriales-pesados-en-automocion\/"},"wordCount":427,"publisher":{"@id":"https:\/\/www.monlau.com\/fp\/#organization"},"image":{"@id":"https:\/\/www.monlau.com\/fp\/2022\/03\/24\/reparacion-vehiculos-industriales-pesados-en-automocion\/#primaryimage"},"thumbnailUrl":"https:\/\/www.monlau.com\/app\/uploads\/sites\/3\/2026\/03\/IMG_7994.jpg","keywords":["Automoci\u00f3n","camiones","fp","Innovaci\u00f3n","veh\u00edculos pesados"],"articleSection":["Automoci\u00f3n","Especializaci\u00f3n"],"inLanguage":"es"},{"@type":"WebPage","@id":"https:\/\/www.monlau.com\/fp\/2022\/03\/24\/reparacion-vehiculos-industriales-pesados-en-automocion\/","url":"https:\/\/www.monlau.com\/fp\/2022\/03\/24\/reparacion-vehiculos-industriales-pesados-en-automocion\/","name":"La Reparaci\u00f3n de Veh\u00edculos Industriales Pesados en Automoci\u00f3n - Formaci\u00f3n profesional","isPartOf":{"@id":"https:\/\/www.monlau.com\/fp\/#website"},"primaryImageOfPage":{"@id":"https:\/\/www.monlau.com\/fp\/2022\/03\/24\/reparacion-vehiculos-industriales-pesados-en-automocion\/#primaryimage"},"image":{"@id":"https:\/\/www.monlau.com\/fp\/2022\/03\/24\/reparacion-vehiculos-industriales-pesados-en-automocion\/#primaryimage"},"thumbnailUrl":"https:\/\/www.monlau.com\/app\/uploads\/sites\/3\/2026\/03\/IMG_7994.jpg","datePublished":"2022-03-23T23:00:00+00:00","dateModified":"2026-03-10T09:03:30+00:00","breadcrumb":{"@id":"https:\/\/www.monlau.com\/fp\/2022\/03\/24\/reparacion-vehiculos-industriales-pesados-en-automocion\/#breadcrumb"},"inLanguage":"es","potentialAction":[{"@type":"ReadAction","target":["https:\/\/www.monlau.com\/fp\/2022\/03\/24\/reparacion-vehiculos-industriales-pesados-en-automocion\/"]}]},{"@type":"ImageObject","inLanguage":"es","@id":"https:\/\/www.monlau.com\/fp\/2022\/03\/24\/reparacion-vehiculos-industriales-pesados-en-automocion\/#primaryimage","url":"https:\/\/www.monlau.com\/app\/uploads\/sites\/3\/2026\/03\/IMG_7994.jpg","contentUrl":"https:\/\/www.monlau.com\/app\/uploads\/sites\/3\/2026\/03\/IMG_7994.jpg","width":2000,"height":1333},{"@type":"BreadcrumbList","@id":"https:\/\/www.monlau.com\/fp\/2022\/03\/24\/reparacion-vehiculos-industriales-pesados-en-automocion\/#breadcrumb","itemListElement":[{"@type":"ListItem","position":1,"name":"Portada","item":"https:\/\/www.monlau.com\/fp\/"},{"@type":"ListItem","position":2,"name":"La Reparaci\u00f3n de Veh\u00edculos Industriales Pesados en Automoci\u00f3n"}]},{"@type":"WebSite","@id":"https:\/\/www.monlau.com\/fp\/#website","url":"https:\/\/www.monlau.com\/fp\/","name":"Formaci\u00f3n profesional","description":"Monlau","publisher":{"@id":"https:\/\/www.monlau.com\/fp\/#organization"},"potentialAction":[{"@type":"SearchAction","target":{"@type":"EntryPoint","urlTemplate":"https:\/\/www.monlau.com\/fp\/?s={search_term_string}"},"query-input":{"@type":"PropertyValueSpecification","valueRequired":true,"valueName":"search_term_string"}}],"inLanguage":"es"},{"@type":"Organization","@id":"https:\/\/www.monlau.com\/fp\/#organization","name":"Formaci\u00f3n profesional","url":"https:\/\/www.monlau.com\/fp\/","logo":{"@type":"ImageObject","inLanguage":"es","@id":"https:\/\/www.monlau.com\/fp\/#\/schema\/logo\/image\/","url":"https:\/\/www.monlau.com\/app\/uploads\/sites\/3\/2026\/01\/fp.png","contentUrl":"https:\/\/www.monlau.com\/app\/uploads\/sites\/3\/2026\/01\/fp.png","width":1024,"height":878,"caption":"Formaci\u00f3n profesional"},"image":{"@id":"https:\/\/www.monlau.com\/fp\/#\/schema\/logo\/image\/"}},{"@type":"Person","@id":"https:\/\/www.monlau.com\/fp\/#\/schema\/person\/419cfdf054323e24e0a2ef1d8597f051","name":"adsmurai","image":{"@type":"ImageObject","inLanguage":"es","@id":"https:\/\/secure.gravatar.com\/avatar\/0748788578f91786454454fa3b4c295644edb991ad6caadc70b41d26790d38fc?s=96&d=mm&r=g","url":"https:\/\/secure.gravatar.com\/avatar\/0748788578f91786454454fa3b4c295644edb991ad6caadc70b41d26790d38fc?s=96&d=mm&r=g","contentUrl":"https:\/\/secure.gravatar.com\/avatar\/0748788578f91786454454fa3b4c295644edb991ad6caadc70b41d26790d38fc?s=96&d=mm&r=g","caption":"adsmurai"},"sameAs":["https:\/\/www.monlau.com"],"url":"https:\/\/www.monlau.com\/fp\/author\/adsmurai\/"}]}},"_links":{"self":[{"href":"https:\/\/www.monlau.com\/fp\/wp-json\/wp\/v2\/posts\/5957","targetHints":{"allow":["GET"]}}],"collection":[{"href":"https:\/\/www.monlau.com\/fp\/wp-json\/wp\/v2\/posts"}],"about":[{"href":"https:\/\/www.monlau.com\/fp\/wp-json\/wp\/v2\/types\/post"}],"author":[{"embeddable":true,"href":"https:\/\/www.monlau.com\/fp\/wp-json\/wp\/v2\/users\/1"}],"replies":[{"embeddable":true,"href":"https:\/\/www.monlau.com\/fp\/wp-json\/wp\/v2\/comments?post=5957"}],"version-history":[{"count":1,"href":"https:\/\/www.monlau.com\/fp\/wp-json\/wp\/v2\/posts\/5957\/revisions"}],"predecessor-version":[{"id":6419,"href":"https:\/\/www.monlau.com\/fp\/wp-json\/wp\/v2\/posts\/5957\/revisions\/6419"}],"wp:featuredmedia":[{"embeddable":true,"href":"https:\/\/www.monlau.com\/fp\/wp-json\/wp\/v2\/media\/3572"}],"wp:attachment":[{"href":"https:\/\/www.monlau.com\/fp\/wp-json\/wp\/v2\/media?parent=5957"}],"wp:term":[{"taxonomy":"category","embeddable":true,"href":"https:\/\/www.monlau.com\/fp\/wp-json\/wp\/v2\/categories?post=5957"},{"taxonomy":"post_tag","embeddable":true,"href":"https:\/\/www.monlau.com\/fp\/wp-json\/wp\/v2\/tags?post=5957"}],"curies":[{"name":"wp","href":"https:\/\/api.w.org\/{rel}","templated":true}]}}