{"id":5953,"date":"2022-02-24T00:00:00","date_gmt":"2022-02-23T23:00:00","guid":{"rendered":"https:\/\/www.monlau.com\/formacion-profesional\/aula-taller-mecanizado\/"},"modified":"2026-03-10T10:03:30","modified_gmt":"2026-03-10T09:03:30","slug":"aula-taller-mecanizado","status":"publish","type":"post","link":"https:\/\/www.monlau.com\/fp\/2022\/02\/24\/aula-taller-mecanizado\/","title":{"rendered":"\u00bfC\u00f3mo se trabaja en un aula taller de mecanizado?"},"content":{"rendered":"<p>El paso del tiempo hace que las formaciones se reinventen para afrontar tanto las necesidades de los alumnos como las necesidades del mercado. En un <strong>aula taller de mecanizado<\/strong> se trabaja desde una perspectiva bastante pr\u00e1ctica. En el caso de los <strong>estudios de automoci\u00f3n<\/strong> las aulas se convierten en elementos fundamentales para llevar a cabo la ense\u00f1anza. Los avances tecnol\u00f3gicos y t\u00e9cnicos, los cambios, innovaciones o nuevas tendencias con algunos de los motivos por los cuales el aprendizaje se vuelve m\u00e1s funcional. El objetivo de un aula taller es acerca el mundo real a los estudiantes de ciclos formativos de <strong>Grado Medio<\/strong> y <strong>Superior<\/strong>.<\/p>\n<p>La<strong> formaci\u00f3n pr\u00e1ctica<\/strong> se convierte en un gran complemento a la formaci\u00f3n te\u00f3rica. Los talleres permiten a los alumnos adquirir m\u00e1s conocimiento y reforzar el existente. Dentro de las instalaciones se utilizan varios veh\u00edculos para ser reparados o utilizados por el alumnado. Las diferentes zonas de trabajo permiten al alumnado desempe\u00f1ar diferentes funciones dentro de un taller de mecanizado real. De este modo, en cada pr\u00e1ctica ser desarrollan los diferentes roles de un equipo, experimentando as\u00ed las funcionas de cada uno de ellos.<\/p>\n<h2>\u00bfQu\u00e9 es un taller de mecanizado?<\/h2>\n<p>Un taller de mecanizado es aquel en el que se realizan trabajos de dise\u00f1o de piezas, plegados, soldadura, trabajos con herramientas de cortes, entre muchos otros. Para realizar todo este tipo de trabajo se necesita un taller adaptado que cuente con las herramientas necesarias para llevar a cabo todos los servicios. En un aula taller encontrar\u00e1s un espacio real para desarrollar las tareas. Algunas de las actividades que se llevan a cabo son:<\/p>\n<ul>\n<li>Realizar mantenimientos y revisiones de veh\u00edculos<\/li>\n<li>Soldadura<\/li>\n<li>Torneado<\/li>\n<li>Diagnosticar aver\u00edas<\/li>\n<\/ul>\n<p>Entre otras\u2026<\/p>\n<h2>Pr\u00e1cticas en un taller de mecanizado<\/h2>\n<p>En <strong>Monlau<\/strong> apostamos por aprendizajes basados en casos reales. Contamos con diferentes aulas talleres donde nuestros alumnos ponen en pr\u00e1ctica los conocimientos adquiridos en las clases previas. Se trata de trabajar en un ambiente totalmente cercano al mundo laboral. Conoce como se trabaja en un aula taller de mecanizado de forma real gracias a los videos 360\u00ba. Despl\u00e1zate por toda el aula y ad\u00e9ntrate en el funcionamiento de las clases. Descubre todos <strong><a href=\"https:\/\/www.monlau.com\/formacio-professional\/talleres\/\" target=\"_blank\" rel=\"noopener\">nuestros talleres<\/a><\/strong> y conoce nuestra metodolog\u00eda.<\/p>\n<p>Para que puedas ver el funcionamiento de una nuestras clases, te mostramos el taller de mecanizaci\u00f3n de Grado Superior.<\/p>\n<p>\u00bfEst\u00e1s buscando estudiar automoci\u00f3n? Si quieres formarte en el sector automotriz descubre nuestros ciclos formativos de <a href=\"https:\/\/www.monlau.com\/formacio-professional\/ciclos-formativos-grado-medio\/\" target=\"_blank\" rel=\"noopener\"><strong>Grado Medio<\/strong><\/a> y <a href=\"https:\/\/www.monlau.com\/formacio-professional\/ciclos-formativos-grado-superior\/\" target=\"_blank\" rel=\"noopener\"><strong>Grado Superior<\/strong><\/a>.<\/p>\n","protected":false},"excerpt":{"rendered":"<p>El paso del tiempo hace que las formaciones se reinventen para afrontar tanto las necesidades de los alumnos como las necesidades del mercado. En un aula taller de mecanizado se trabaja desde una perspectiva bastante pr\u00e1ctica. En el caso de los estudios de automoci\u00f3n las aulas se convierten en elementos fundamentales para llevar a cabo [&hellip;]<\/p>\n","protected":false},"author":1,"featured_media":3558,"comment_status":"closed","ping_status":"closed","sticky":false,"template":"","format":"standard","meta":{"footnotes":""},"categories":[36,57],"tags":[],"class_list":["post-5953","post","type-post","status-publish","format-standard","has-post-thumbnail","hentry","category-automocion","category-monlau"],"yoast_head":"<!-- This site is optimized with the Yoast SEO plugin v27.2 - https:\/\/yoast.com\/product\/yoast-seo-wordpress\/ -->\n<title>\u00bfC\u00f3mo se trabaja en un aula taller de mecanizado? - Formaci\u00f3n profesional<\/title>\n<meta name=\"robots\" content=\"index, follow, max-snippet:-1, max-image-preview:large, max-video-preview:-1\" \/>\n<link rel=\"canonical\" href=\"https:\/\/www.monlau.com\/fp\/2022\/02\/24\/aula-taller-mecanizado\/\" \/>\n<meta property=\"og:locale\" content=\"es_ES\" \/>\n<meta property=\"og:type\" content=\"article\" \/>\n<meta property=\"og:title\" content=\"\u00bfC\u00f3mo se trabaja en un aula taller de mecanizado? - Formaci\u00f3n profesional\" \/>\n<meta property=\"og:description\" content=\"El paso del tiempo hace que las formaciones se reinventen para afrontar tanto las necesidades de los alumnos como las necesidades del mercado. En un aula taller de mecanizado se trabaja desde una perspectiva bastante pr\u00e1ctica. En el caso de los estudios de automoci\u00f3n las aulas se convierten en elementos fundamentales para llevar a cabo [&hellip;]\" \/>\n<meta property=\"og:url\" content=\"https:\/\/www.monlau.com\/fp\/2022\/02\/24\/aula-taller-mecanizado\/\" \/>\n<meta property=\"og:site_name\" content=\"Formaci\u00f3n profesional\" \/>\n<meta property=\"article:published_time\" content=\"2022-02-23T23:00:00+00:00\" \/>\n<meta property=\"article:modified_time\" content=\"2026-03-10T09:03:30+00:00\" \/>\n<meta property=\"og:image\" content=\"https:\/\/www.monlau.com\/app\/uploads\/sites\/3\/2026\/03\/MONLAU-0470-scaled.jpg\" \/>\n\t<meta property=\"og:image:width\" content=\"2560\" \/>\n\t<meta property=\"og:image:height\" content=\"1707\" \/>\n\t<meta property=\"og:image:type\" content=\"image\/jpeg\" \/>\n<meta name=\"author\" content=\"adsmurai\" \/>\n<meta name=\"twitter:card\" content=\"summary_large_image\" \/>\n<meta name=\"twitter:label1\" content=\"Escrito por\" \/>\n\t<meta name=\"twitter:data1\" content=\"adsmurai\" \/>\n\t<meta name=\"twitter:label2\" content=\"Tiempo de lectura\" \/>\n\t<meta name=\"twitter:data2\" content=\"2 minutos\" \/>\n<script type=\"application\/ld+json\" class=\"yoast-schema-graph\">{\"@context\":\"https:\/\/schema.org\",\"@graph\":[{\"@type\":\"Article\",\"@id\":\"https:\/\/www.monlau.com\/fp\/2022\/02\/24\/aula-taller-mecanizado\/#article\",\"isPartOf\":{\"@id\":\"https:\/\/www.monlau.com\/fp\/2022\/02\/24\/aula-taller-mecanizado\/\"},\"author\":{\"name\":\"adsmurai\",\"@id\":\"https:\/\/www.monlau.com\/fp\/#\/schema\/person\/419cfdf054323e24e0a2ef1d8597f051\"},\"headline\":\"\u00bfC\u00f3mo se trabaja en un aula taller de mecanizado?\",\"datePublished\":\"2022-02-23T23:00:00+00:00\",\"dateModified\":\"2026-03-10T09:03:30+00:00\",\"mainEntityOfPage\":{\"@id\":\"https:\/\/www.monlau.com\/fp\/2022\/02\/24\/aula-taller-mecanizado\/\"},\"wordCount\":437,\"publisher\":{\"@id\":\"https:\/\/www.monlau.com\/fp\/#organization\"},\"image\":{\"@id\":\"https:\/\/www.monlau.com\/fp\/2022\/02\/24\/aula-taller-mecanizado\/#primaryimage\"},\"thumbnailUrl\":\"https:\/\/www.monlau.com\/app\/uploads\/sites\/3\/2026\/03\/MONLAU-0470-scaled.jpg\",\"articleSection\":[\"Automoci\u00f3n\",\"Monlau\"],\"inLanguage\":\"es\"},{\"@type\":\"WebPage\",\"@id\":\"https:\/\/www.monlau.com\/fp\/2022\/02\/24\/aula-taller-mecanizado\/\",\"url\":\"https:\/\/www.monlau.com\/fp\/2022\/02\/24\/aula-taller-mecanizado\/\",\"name\":\"\u00bfC\u00f3mo se trabaja en un aula taller de mecanizado? - Formaci\u00f3n profesional\",\"isPartOf\":{\"@id\":\"https:\/\/www.monlau.com\/fp\/#website\"},\"primaryImageOfPage\":{\"@id\":\"https:\/\/www.monlau.com\/fp\/2022\/02\/24\/aula-taller-mecanizado\/#primaryimage\"},\"image\":{\"@id\":\"https:\/\/www.monlau.com\/fp\/2022\/02\/24\/aula-taller-mecanizado\/#primaryimage\"},\"thumbnailUrl\":\"https:\/\/www.monlau.com\/app\/uploads\/sites\/3\/2026\/03\/MONLAU-0470-scaled.jpg\",\"datePublished\":\"2022-02-23T23:00:00+00:00\",\"dateModified\":\"2026-03-10T09:03:30+00:00\",\"breadcrumb\":{\"@id\":\"https:\/\/www.monlau.com\/fp\/2022\/02\/24\/aula-taller-mecanizado\/#breadcrumb\"},\"inLanguage\":\"es\",\"potentialAction\":[{\"@type\":\"ReadAction\",\"target\":[\"https:\/\/www.monlau.com\/fp\/2022\/02\/24\/aula-taller-mecanizado\/\"]}]},{\"@type\":\"ImageObject\",\"inLanguage\":\"es\",\"@id\":\"https:\/\/www.monlau.com\/fp\/2022\/02\/24\/aula-taller-mecanizado\/#primaryimage\",\"url\":\"https:\/\/www.monlau.com\/app\/uploads\/sites\/3\/2026\/03\/MONLAU-0470-scaled.jpg\",\"contentUrl\":\"https:\/\/www.monlau.com\/app\/uploads\/sites\/3\/2026\/03\/MONLAU-0470-scaled.jpg\",\"width\":2560,\"height\":1707},{\"@type\":\"BreadcrumbList\",\"@id\":\"https:\/\/www.monlau.com\/fp\/2022\/02\/24\/aula-taller-mecanizado\/#breadcrumb\",\"itemListElement\":[{\"@type\":\"ListItem\",\"position\":1,\"name\":\"Portada\",\"item\":\"https:\/\/www.monlau.com\/fp\/\"},{\"@type\":\"ListItem\",\"position\":2,\"name\":\"\u00bfC\u00f3mo se trabaja en un aula taller de mecanizado?\"}]},{\"@type\":\"WebSite\",\"@id\":\"https:\/\/www.monlau.com\/fp\/#website\",\"url\":\"https:\/\/www.monlau.com\/fp\/\",\"name\":\"Formaci\u00f3n profesional\",\"description\":\"Monlau\",\"publisher\":{\"@id\":\"https:\/\/www.monlau.com\/fp\/#organization\"},\"potentialAction\":[{\"@type\":\"SearchAction\",\"target\":{\"@type\":\"EntryPoint\",\"urlTemplate\":\"https:\/\/www.monlau.com\/fp\/?s={search_term_string}\"},\"query-input\":{\"@type\":\"PropertyValueSpecification\",\"valueRequired\":true,\"valueName\":\"search_term_string\"}}],\"inLanguage\":\"es\"},{\"@type\":\"Organization\",\"@id\":\"https:\/\/www.monlau.com\/fp\/#organization\",\"name\":\"Formaci\u00f3n profesional\",\"url\":\"https:\/\/www.monlau.com\/fp\/\",\"logo\":{\"@type\":\"ImageObject\",\"inLanguage\":\"es\",\"@id\":\"https:\/\/www.monlau.com\/fp\/#\/schema\/logo\/image\/\",\"url\":\"https:\/\/www.monlau.com\/app\/uploads\/sites\/3\/2026\/01\/fp.png\",\"contentUrl\":\"https:\/\/www.monlau.com\/app\/uploads\/sites\/3\/2026\/01\/fp.png\",\"width\":1024,\"height\":878,\"caption\":\"Formaci\u00f3n profesional\"},\"image\":{\"@id\":\"https:\/\/www.monlau.com\/fp\/#\/schema\/logo\/image\/\"}},{\"@type\":\"Person\",\"@id\":\"https:\/\/www.monlau.com\/fp\/#\/schema\/person\/419cfdf054323e24e0a2ef1d8597f051\",\"name\":\"adsmurai\",\"image\":{\"@type\":\"ImageObject\",\"inLanguage\":\"es\",\"@id\":\"https:\/\/secure.gravatar.com\/avatar\/0748788578f91786454454fa3b4c295644edb991ad6caadc70b41d26790d38fc?s=96&d=mm&r=g\",\"url\":\"https:\/\/secure.gravatar.com\/avatar\/0748788578f91786454454fa3b4c295644edb991ad6caadc70b41d26790d38fc?s=96&d=mm&r=g\",\"contentUrl\":\"https:\/\/secure.gravatar.com\/avatar\/0748788578f91786454454fa3b4c295644edb991ad6caadc70b41d26790d38fc?s=96&d=mm&r=g\",\"caption\":\"adsmurai\"},\"sameAs\":[\"https:\/\/www.monlau.com\"],\"url\":\"https:\/\/www.monlau.com\/fp\/author\/adsmurai\/\"}]}<\/script>\n<!-- \/ Yoast SEO plugin. -->","yoast_head_json":{"title":"\u00bfC\u00f3mo se trabaja en un aula taller de mecanizado? - Formaci\u00f3n profesional","robots":{"index":"index","follow":"follow","max-snippet":"max-snippet:-1","max-image-preview":"max-image-preview:large","max-video-preview":"max-video-preview:-1"},"canonical":"https:\/\/www.monlau.com\/fp\/2022\/02\/24\/aula-taller-mecanizado\/","og_locale":"es_ES","og_type":"article","og_title":"\u00bfC\u00f3mo se trabaja en un aula taller de mecanizado? - Formaci\u00f3n profesional","og_description":"El paso del tiempo hace que las formaciones se reinventen para afrontar tanto las necesidades de los alumnos como las necesidades del mercado. En un aula taller de mecanizado se trabaja desde una perspectiva bastante pr\u00e1ctica. En el caso de los estudios de automoci\u00f3n las aulas se convierten en elementos fundamentales para llevar a cabo [&hellip;]","og_url":"https:\/\/www.monlau.com\/fp\/2022\/02\/24\/aula-taller-mecanizado\/","og_site_name":"Formaci\u00f3n profesional","article_published_time":"2022-02-23T23:00:00+00:00","article_modified_time":"2026-03-10T09:03:30+00:00","og_image":[{"width":2560,"height":1707,"url":"https:\/\/www.monlau.com\/app\/uploads\/sites\/3\/2026\/03\/MONLAU-0470-scaled.jpg","type":"image\/jpeg"}],"author":"adsmurai","twitter_card":"summary_large_image","twitter_misc":{"Escrito por":"adsmurai","Tiempo de lectura":"2 minutos"},"schema":{"@context":"https:\/\/schema.org","@graph":[{"@type":"Article","@id":"https:\/\/www.monlau.com\/fp\/2022\/02\/24\/aula-taller-mecanizado\/#article","isPartOf":{"@id":"https:\/\/www.monlau.com\/fp\/2022\/02\/24\/aula-taller-mecanizado\/"},"author":{"name":"adsmurai","@id":"https:\/\/www.monlau.com\/fp\/#\/schema\/person\/419cfdf054323e24e0a2ef1d8597f051"},"headline":"\u00bfC\u00f3mo se trabaja en un aula taller de mecanizado?","datePublished":"2022-02-23T23:00:00+00:00","dateModified":"2026-03-10T09:03:30+00:00","mainEntityOfPage":{"@id":"https:\/\/www.monlau.com\/fp\/2022\/02\/24\/aula-taller-mecanizado\/"},"wordCount":437,"publisher":{"@id":"https:\/\/www.monlau.com\/fp\/#organization"},"image":{"@id":"https:\/\/www.monlau.com\/fp\/2022\/02\/24\/aula-taller-mecanizado\/#primaryimage"},"thumbnailUrl":"https:\/\/www.monlau.com\/app\/uploads\/sites\/3\/2026\/03\/MONLAU-0470-scaled.jpg","articleSection":["Automoci\u00f3n","Monlau"],"inLanguage":"es"},{"@type":"WebPage","@id":"https:\/\/www.monlau.com\/fp\/2022\/02\/24\/aula-taller-mecanizado\/","url":"https:\/\/www.monlau.com\/fp\/2022\/02\/24\/aula-taller-mecanizado\/","name":"\u00bfC\u00f3mo se trabaja en un aula taller de mecanizado? - Formaci\u00f3n profesional","isPartOf":{"@id":"https:\/\/www.monlau.com\/fp\/#website"},"primaryImageOfPage":{"@id":"https:\/\/www.monlau.com\/fp\/2022\/02\/24\/aula-taller-mecanizado\/#primaryimage"},"image":{"@id":"https:\/\/www.monlau.com\/fp\/2022\/02\/24\/aula-taller-mecanizado\/#primaryimage"},"thumbnailUrl":"https:\/\/www.monlau.com\/app\/uploads\/sites\/3\/2026\/03\/MONLAU-0470-scaled.jpg","datePublished":"2022-02-23T23:00:00+00:00","dateModified":"2026-03-10T09:03:30+00:00","breadcrumb":{"@id":"https:\/\/www.monlau.com\/fp\/2022\/02\/24\/aula-taller-mecanizado\/#breadcrumb"},"inLanguage":"es","potentialAction":[{"@type":"ReadAction","target":["https:\/\/www.monlau.com\/fp\/2022\/02\/24\/aula-taller-mecanizado\/"]}]},{"@type":"ImageObject","inLanguage":"es","@id":"https:\/\/www.monlau.com\/fp\/2022\/02\/24\/aula-taller-mecanizado\/#primaryimage","url":"https:\/\/www.monlau.com\/app\/uploads\/sites\/3\/2026\/03\/MONLAU-0470-scaled.jpg","contentUrl":"https:\/\/www.monlau.com\/app\/uploads\/sites\/3\/2026\/03\/MONLAU-0470-scaled.jpg","width":2560,"height":1707},{"@type":"BreadcrumbList","@id":"https:\/\/www.monlau.com\/fp\/2022\/02\/24\/aula-taller-mecanizado\/#breadcrumb","itemListElement":[{"@type":"ListItem","position":1,"name":"Portada","item":"https:\/\/www.monlau.com\/fp\/"},{"@type":"ListItem","position":2,"name":"\u00bfC\u00f3mo se trabaja en un aula taller de mecanizado?"}]},{"@type":"WebSite","@id":"https:\/\/www.monlau.com\/fp\/#website","url":"https:\/\/www.monlau.com\/fp\/","name":"Formaci\u00f3n profesional","description":"Monlau","publisher":{"@id":"https:\/\/www.monlau.com\/fp\/#organization"},"potentialAction":[{"@type":"SearchAction","target":{"@type":"EntryPoint","urlTemplate":"https:\/\/www.monlau.com\/fp\/?s={search_term_string}"},"query-input":{"@type":"PropertyValueSpecification","valueRequired":true,"valueName":"search_term_string"}}],"inLanguage":"es"},{"@type":"Organization","@id":"https:\/\/www.monlau.com\/fp\/#organization","name":"Formaci\u00f3n profesional","url":"https:\/\/www.monlau.com\/fp\/","logo":{"@type":"ImageObject","inLanguage":"es","@id":"https:\/\/www.monlau.com\/fp\/#\/schema\/logo\/image\/","url":"https:\/\/www.monlau.com\/app\/uploads\/sites\/3\/2026\/01\/fp.png","contentUrl":"https:\/\/www.monlau.com\/app\/uploads\/sites\/3\/2026\/01\/fp.png","width":1024,"height":878,"caption":"Formaci\u00f3n profesional"},"image":{"@id":"https:\/\/www.monlau.com\/fp\/#\/schema\/logo\/image\/"}},{"@type":"Person","@id":"https:\/\/www.monlau.com\/fp\/#\/schema\/person\/419cfdf054323e24e0a2ef1d8597f051","name":"adsmurai","image":{"@type":"ImageObject","inLanguage":"es","@id":"https:\/\/secure.gravatar.com\/avatar\/0748788578f91786454454fa3b4c295644edb991ad6caadc70b41d26790d38fc?s=96&d=mm&r=g","url":"https:\/\/secure.gravatar.com\/avatar\/0748788578f91786454454fa3b4c295644edb991ad6caadc70b41d26790d38fc?s=96&d=mm&r=g","contentUrl":"https:\/\/secure.gravatar.com\/avatar\/0748788578f91786454454fa3b4c295644edb991ad6caadc70b41d26790d38fc?s=96&d=mm&r=g","caption":"adsmurai"},"sameAs":["https:\/\/www.monlau.com"],"url":"https:\/\/www.monlau.com\/fp\/author\/adsmurai\/"}]}},"_links":{"self":[{"href":"https:\/\/www.monlau.com\/fp\/wp-json\/wp\/v2\/posts\/5953","targetHints":{"allow":["GET"]}}],"collection":[{"href":"https:\/\/www.monlau.com\/fp\/wp-json\/wp\/v2\/posts"}],"about":[{"href":"https:\/\/www.monlau.com\/fp\/wp-json\/wp\/v2\/types\/post"}],"author":[{"embeddable":true,"href":"https:\/\/www.monlau.com\/fp\/wp-json\/wp\/v2\/users\/1"}],"replies":[{"embeddable":true,"href":"https:\/\/www.monlau.com\/fp\/wp-json\/wp\/v2\/comments?post=5953"}],"version-history":[{"count":1,"href":"https:\/\/www.monlau.com\/fp\/wp-json\/wp\/v2\/posts\/5953\/revisions"}],"predecessor-version":[{"id":6425,"href":"https:\/\/www.monlau.com\/fp\/wp-json\/wp\/v2\/posts\/5953\/revisions\/6425"}],"wp:featuredmedia":[{"embeddable":true,"href":"https:\/\/www.monlau.com\/fp\/wp-json\/wp\/v2\/media\/3558"}],"wp:attachment":[{"href":"https:\/\/www.monlau.com\/fp\/wp-json\/wp\/v2\/media?parent=5953"}],"wp:term":[{"taxonomy":"category","embeddable":true,"href":"https:\/\/www.monlau.com\/fp\/wp-json\/wp\/v2\/categories?post=5953"},{"taxonomy":"post_tag","embeddable":true,"href":"https:\/\/www.monlau.com\/fp\/wp-json\/wp\/v2\/tags?post=5953"}],"curies":[{"name":"wp","href":"https:\/\/api.w.org\/{rel}","templated":true}]}}