{"id":5947,"date":"2021-11-22T00:00:00","date_gmt":"2021-11-21T23:00:00","guid":{"rendered":"https:\/\/www.monlau.com\/formacion-profesional\/formacion-profesional-demandada-espana\/"},"modified":"2026-03-10T10:03:31","modified_gmt":"2026-03-10T09:03:31","slug":"formacion-profesional-demandada-espana","status":"publish","type":"post","link":"https:\/\/www.monlau.com\/fp\/2021\/11\/22\/formacion-profesional-demandada-espana\/","title":{"rendered":"La Formaci\u00f3n Profesional es la m\u00e1s demandada en Espa\u00f1a"},"content":{"rendered":"<p><span class=\"Fuentedeprrafopredeter1\">A ra\u00edz de la pandemia del COVID en 2020, ha habido un gran desajuste del sector laboral y, como resultado un entorno inseguro y cambiante. Este actualmente <b>demanda habilidades blandas y competencias sociales y t\u00e9cnicas<\/b>, para garantizar la recuperaci\u00f3n del empleo y competitividad en el pa\u00eds. \u00a0Estas habilidades vienen dadas por la\u00a0<b>Formaci\u00f3n Profesional<\/b> y la experiencia laboral que ofrece y se ve reflejada en los resultados; la FP en Espa\u00f1a da acceso a cuatro de cada diez ofertas de trabajo, siendo la formaci\u00f3n m\u00e1s demandada. Estos resultados los ha publicado recientemente El Pa\u00eds en <\/span><a title=\"https:\/\/elpais-com.cdn.ampproject.org\/c\/s\/elpais.com\/economia\/formacion\/2021-09-17\/asi-son-los-perfiles-profesionales-que-tendran-mas-demanda-en-2022.html?outputtype=amp\" href=\"https:\/\/elpais-com.cdn.ampproject.org\/c\/s\/elpais.com\/economia\/formacion\/2021-09-17\/asi-son-los-perfiles-profesionales-que-tendran-mas-demanda-en-2022.html?outputType=amp\"><span class=\"Hipervnculo1\">As\u00ed son los perfiles profesionales que tendr\u00e1n m\u00e1s demanda en 2022.<\/span><\/a><\/p>\n<p><span class=\"Fuentedeprrafopredeter1\">No obstante, los perfiles profesionales cambian y evolucionan r\u00e1pidamente, por lo que \u201c<i>es de gran importancia la\u00a0<b>especializaci\u00f3n en m\u00e1steres<\/b>\u00a0continuamente para responder a todas las demandas del mercado<\/i>\u201d. Tal y como anuncia Mar\u00eda Concepci\u00f3n Garc\u00eda, <\/span><a title=\"https:\/\/www.ucm.es\/vicerrectorado-de-transferencia-del-conocimiento-y-emprendimiento\" href=\"https:\/\/www.ucm.es\/vicerrectorado-de-transferencia-del-conocimiento-y-emprendimiento\"><span class=\"Fuentedeprrafopredeter1\">vicerrectora de Empleabilidad y Emprendimiento<\/span><\/a><span class=\"Fuentedeprrafopredeter1\">\u00a0de la Universidad Complutense de Madrid.<\/span><\/p>\n<blockquote>\n<p align=\"center\">Competencias sociales, habilidades profesionales y una apuesta por la educaci\u00f3n intermedia es lo que el sector profesional y laboral demanda actualmente.<\/p>\n<\/blockquote>\n<p><span class=\"Fuentedeprrafopredeter1\">Unas de las \u00e1reas m\u00e1s demandadas actualmente que requieren la titulaci\u00f3n de Formaci\u00f3n Profesional y \u00a0las habilidades que esta ofrece, es la\u00a0<\/span><a title=\"https:\/\/www.monlau.com\/formacio-professional\/area-informatica\/\" href=\"https:\/\/www.monlau.com\/formacio-professional\/area-informatica\/\"><span class=\"Hipervnculo1\">Inform\u00e1tica<\/span><\/a><span class=\"Fuentedeprrafopredeter1\">\u00a0(13,2%). El Monlau contamos con 4 ciclos formativos de esta \u00e1rea que\u00a0<b>permite a los j\u00f3venes desarrollar las habilidades y capacidades que requiere el mercado<\/b>\u00a0<b>y sector profesional.<\/b> No obstante, a pesar de existir una alta demanda de perfiles t\u00e9cnicos y digitales, hay una gran carencia de profesionales preparados con las habilidades necesarias para llevar a cabo este tipo de roles. En consecuencia, un gran mercado esperando personas que dominen las herramientas claves para poder afrontar la digitalizaci\u00f3n y retos del futuro.<\/span><\/p>\n","protected":false},"excerpt":{"rendered":"<p>A ra\u00edz de la pandemia del COVID en 2020, ha habido un gran desajuste del sector laboral y, como resultado un entorno inseguro y cambiante. Este actualmente demanda habilidades blandas y competencias sociales y t\u00e9cnicas, para garantizar la recuperaci\u00f3n del empleo y competitividad en el pa\u00eds. \u00a0Estas habilidades vienen dadas por la\u00a0Formaci\u00f3n Profesional y la [&hellip;]<\/p>\n","protected":false},"author":1,"featured_media":3520,"comment_status":"closed","ping_status":"closed","sticky":false,"template":"","format":"standard","meta":{"footnotes":""},"categories":[38,57],"tags":[203,49,110,204,205,82,206,207],"class_list":["post-5947","post","type-post","status-publish","format-standard","has-post-thumbnail","hentry","category-informatica","category-monlau","tag-el-pais","tag-formacion-profesional","tag-grado-superior","tag-habilidades-competenciales","tag-habilidades-profesionales","tag-informatica","tag-ofertas-de-trabajo","tag-sector-profesional"],"yoast_head":"<!-- This site is optimized with the Yoast SEO plugin v27.2 - https:\/\/yoast.com\/product\/yoast-seo-wordpress\/ -->\n<title>La Formaci\u00f3n Profesional es la m\u00e1s demandada en Espa\u00f1a - Formaci\u00f3n profesional<\/title>\n<meta name=\"robots\" content=\"index, follow, max-snippet:-1, max-image-preview:large, max-video-preview:-1\" \/>\n<link rel=\"canonical\" href=\"https:\/\/www.monlau.com\/fp\/2021\/11\/22\/formacion-profesional-demandada-espana\/\" \/>\n<meta property=\"og:locale\" content=\"es_ES\" \/>\n<meta property=\"og:type\" content=\"article\" \/>\n<meta property=\"og:title\" content=\"La Formaci\u00f3n Profesional es la m\u00e1s demandada en Espa\u00f1a - Formaci\u00f3n profesional\" \/>\n<meta property=\"og:description\" content=\"A ra\u00edz de la pandemia del COVID en 2020, ha habido un gran desajuste del sector laboral y, como resultado un entorno inseguro y cambiante. Este actualmente demanda habilidades blandas y competencias sociales y t\u00e9cnicas, para garantizar la recuperaci\u00f3n del empleo y competitividad en el pa\u00eds. \u00a0Estas habilidades vienen dadas por la\u00a0Formaci\u00f3n Profesional y la [&hellip;]\" \/>\n<meta property=\"og:url\" content=\"https:\/\/www.monlau.com\/fp\/2021\/11\/22\/formacion-profesional-demandada-espana\/\" \/>\n<meta property=\"og:site_name\" content=\"Formaci\u00f3n profesional\" \/>\n<meta property=\"article:published_time\" content=\"2021-11-21T23:00:00+00:00\" \/>\n<meta property=\"article:modified_time\" content=\"2026-03-10T09:03:31+00:00\" \/>\n<meta property=\"og:image\" content=\"https:\/\/www.monlau.com\/app\/uploads\/sites\/3\/2026\/03\/WhatsApp-Image-2021-10-20-at-11.44.01-1.jpeg\" \/>\n\t<meta property=\"og:image:width\" content=\"2048\" \/>\n\t<meta property=\"og:image:height\" content=\"1536\" \/>\n\t<meta property=\"og:image:type\" content=\"image\/jpeg\" \/>\n<meta name=\"author\" content=\"adsmurai\" \/>\n<meta name=\"twitter:card\" content=\"summary_large_image\" \/>\n<meta name=\"twitter:label1\" content=\"Escrito por\" \/>\n\t<meta name=\"twitter:data1\" content=\"adsmurai\" \/>\n\t<meta name=\"twitter:label2\" content=\"Tiempo de lectura\" \/>\n\t<meta name=\"twitter:data2\" content=\"2 minutos\" \/>\n<script type=\"application\/ld+json\" class=\"yoast-schema-graph\">{\"@context\":\"https:\/\/schema.org\",\"@graph\":[{\"@type\":\"Article\",\"@id\":\"https:\/\/www.monlau.com\/fp\/2021\/11\/22\/formacion-profesional-demandada-espana\/#article\",\"isPartOf\":{\"@id\":\"https:\/\/www.monlau.com\/fp\/2021\/11\/22\/formacion-profesional-demandada-espana\/\"},\"author\":{\"name\":\"adsmurai\",\"@id\":\"https:\/\/www.monlau.com\/fp\/#\/schema\/person\/419cfdf054323e24e0a2ef1d8597f051\"},\"headline\":\"La Formaci\u00f3n Profesional es la m\u00e1s demandada en Espa\u00f1a\",\"datePublished\":\"2021-11-21T23:00:00+00:00\",\"dateModified\":\"2026-03-10T09:03:31+00:00\",\"mainEntityOfPage\":{\"@id\":\"https:\/\/www.monlau.com\/fp\/2021\/11\/22\/formacion-profesional-demandada-espana\/\"},\"wordCount\":312,\"publisher\":{\"@id\":\"https:\/\/www.monlau.com\/fp\/#organization\"},\"image\":{\"@id\":\"https:\/\/www.monlau.com\/fp\/2021\/11\/22\/formacion-profesional-demandada-espana\/#primaryimage\"},\"thumbnailUrl\":\"https:\/\/www.monlau.com\/app\/uploads\/sites\/3\/2026\/03\/WhatsApp-Image-2021-10-20-at-11.44.01-1.jpeg\",\"keywords\":[\"El Pa\u00eds\",\"formaci\u00f3n profesional\",\"Grado Superior\",\"habilidades competenciales\",\"habilidades profesionales\",\"Inform\u00e0tica\",\"ofertas de trabajo\",\"sector profesional\"],\"articleSection\":[\"Inform\u00e1tica\",\"Monlau\"],\"inLanguage\":\"es\"},{\"@type\":\"WebPage\",\"@id\":\"https:\/\/www.monlau.com\/fp\/2021\/11\/22\/formacion-profesional-demandada-espana\/\",\"url\":\"https:\/\/www.monlau.com\/fp\/2021\/11\/22\/formacion-profesional-demandada-espana\/\",\"name\":\"La Formaci\u00f3n Profesional es la m\u00e1s demandada en Espa\u00f1a - Formaci\u00f3n profesional\",\"isPartOf\":{\"@id\":\"https:\/\/www.monlau.com\/fp\/#website\"},\"primaryImageOfPage\":{\"@id\":\"https:\/\/www.monlau.com\/fp\/2021\/11\/22\/formacion-profesional-demandada-espana\/#primaryimage\"},\"image\":{\"@id\":\"https:\/\/www.monlau.com\/fp\/2021\/11\/22\/formacion-profesional-demandada-espana\/#primaryimage\"},\"thumbnailUrl\":\"https:\/\/www.monlau.com\/app\/uploads\/sites\/3\/2026\/03\/WhatsApp-Image-2021-10-20-at-11.44.01-1.jpeg\",\"datePublished\":\"2021-11-21T23:00:00+00:00\",\"dateModified\":\"2026-03-10T09:03:31+00:00\",\"breadcrumb\":{\"@id\":\"https:\/\/www.monlau.com\/fp\/2021\/11\/22\/formacion-profesional-demandada-espana\/#breadcrumb\"},\"inLanguage\":\"es\",\"potentialAction\":[{\"@type\":\"ReadAction\",\"target\":[\"https:\/\/www.monlau.com\/fp\/2021\/11\/22\/formacion-profesional-demandada-espana\/\"]}]},{\"@type\":\"ImageObject\",\"inLanguage\":\"es\",\"@id\":\"https:\/\/www.monlau.com\/fp\/2021\/11\/22\/formacion-profesional-demandada-espana\/#primaryimage\",\"url\":\"https:\/\/www.monlau.com\/app\/uploads\/sites\/3\/2026\/03\/WhatsApp-Image-2021-10-20-at-11.44.01-1.jpeg\",\"contentUrl\":\"https:\/\/www.monlau.com\/app\/uploads\/sites\/3\/2026\/03\/WhatsApp-Image-2021-10-20-at-11.44.01-1.jpeg\",\"width\":2048,\"height\":1536},{\"@type\":\"BreadcrumbList\",\"@id\":\"https:\/\/www.monlau.com\/fp\/2021\/11\/22\/formacion-profesional-demandada-espana\/#breadcrumb\",\"itemListElement\":[{\"@type\":\"ListItem\",\"position\":1,\"name\":\"Portada\",\"item\":\"https:\/\/www.monlau.com\/fp\/\"},{\"@type\":\"ListItem\",\"position\":2,\"name\":\"La Formaci\u00f3n Profesional es la m\u00e1s demandada en Espa\u00f1a\"}]},{\"@type\":\"WebSite\",\"@id\":\"https:\/\/www.monlau.com\/fp\/#website\",\"url\":\"https:\/\/www.monlau.com\/fp\/\",\"name\":\"Formaci\u00f3n profesional\",\"description\":\"Monlau\",\"publisher\":{\"@id\":\"https:\/\/www.monlau.com\/fp\/#organization\"},\"potentialAction\":[{\"@type\":\"SearchAction\",\"target\":{\"@type\":\"EntryPoint\",\"urlTemplate\":\"https:\/\/www.monlau.com\/fp\/?s={search_term_string}\"},\"query-input\":{\"@type\":\"PropertyValueSpecification\",\"valueRequired\":true,\"valueName\":\"search_term_string\"}}],\"inLanguage\":\"es\"},{\"@type\":\"Organization\",\"@id\":\"https:\/\/www.monlau.com\/fp\/#organization\",\"name\":\"Formaci\u00f3n profesional\",\"url\":\"https:\/\/www.monlau.com\/fp\/\",\"logo\":{\"@type\":\"ImageObject\",\"inLanguage\":\"es\",\"@id\":\"https:\/\/www.monlau.com\/fp\/#\/schema\/logo\/image\/\",\"url\":\"https:\/\/www.monlau.com\/app\/uploads\/sites\/3\/2026\/01\/fp.png\",\"contentUrl\":\"https:\/\/www.monlau.com\/app\/uploads\/sites\/3\/2026\/01\/fp.png\",\"width\":1024,\"height\":878,\"caption\":\"Formaci\u00f3n profesional\"},\"image\":{\"@id\":\"https:\/\/www.monlau.com\/fp\/#\/schema\/logo\/image\/\"}},{\"@type\":\"Person\",\"@id\":\"https:\/\/www.monlau.com\/fp\/#\/schema\/person\/419cfdf054323e24e0a2ef1d8597f051\",\"name\":\"adsmurai\",\"image\":{\"@type\":\"ImageObject\",\"inLanguage\":\"es\",\"@id\":\"https:\/\/secure.gravatar.com\/avatar\/0748788578f91786454454fa3b4c295644edb991ad6caadc70b41d26790d38fc?s=96&d=mm&r=g\",\"url\":\"https:\/\/secure.gravatar.com\/avatar\/0748788578f91786454454fa3b4c295644edb991ad6caadc70b41d26790d38fc?s=96&d=mm&r=g\",\"contentUrl\":\"https:\/\/secure.gravatar.com\/avatar\/0748788578f91786454454fa3b4c295644edb991ad6caadc70b41d26790d38fc?s=96&d=mm&r=g\",\"caption\":\"adsmurai\"},\"sameAs\":[\"https:\/\/www.monlau.com\"],\"url\":\"https:\/\/www.monlau.com\/fp\/author\/adsmurai\/\"}]}<\/script>\n<!-- \/ Yoast SEO plugin. -->","yoast_head_json":{"title":"La Formaci\u00f3n Profesional es la m\u00e1s demandada en Espa\u00f1a - Formaci\u00f3n profesional","robots":{"index":"index","follow":"follow","max-snippet":"max-snippet:-1","max-image-preview":"max-image-preview:large","max-video-preview":"max-video-preview:-1"},"canonical":"https:\/\/www.monlau.com\/fp\/2021\/11\/22\/formacion-profesional-demandada-espana\/","og_locale":"es_ES","og_type":"article","og_title":"La Formaci\u00f3n Profesional es la m\u00e1s demandada en Espa\u00f1a - Formaci\u00f3n profesional","og_description":"A ra\u00edz de la pandemia del COVID en 2020, ha habido un gran desajuste del sector laboral y, como resultado un entorno inseguro y cambiante. Este actualmente demanda habilidades blandas y competencias sociales y t\u00e9cnicas, para garantizar la recuperaci\u00f3n del empleo y competitividad en el pa\u00eds. \u00a0Estas habilidades vienen dadas por la\u00a0Formaci\u00f3n Profesional y la [&hellip;]","og_url":"https:\/\/www.monlau.com\/fp\/2021\/11\/22\/formacion-profesional-demandada-espana\/","og_site_name":"Formaci\u00f3n profesional","article_published_time":"2021-11-21T23:00:00+00:00","article_modified_time":"2026-03-10T09:03:31+00:00","og_image":[{"width":2048,"height":1536,"url":"https:\/\/www.monlau.com\/app\/uploads\/sites\/3\/2026\/03\/WhatsApp-Image-2021-10-20-at-11.44.01-1.jpeg","type":"image\/jpeg"}],"author":"adsmurai","twitter_card":"summary_large_image","twitter_misc":{"Escrito por":"adsmurai","Tiempo de lectura":"2 minutos"},"schema":{"@context":"https:\/\/schema.org","@graph":[{"@type":"Article","@id":"https:\/\/www.monlau.com\/fp\/2021\/11\/22\/formacion-profesional-demandada-espana\/#article","isPartOf":{"@id":"https:\/\/www.monlau.com\/fp\/2021\/11\/22\/formacion-profesional-demandada-espana\/"},"author":{"name":"adsmurai","@id":"https:\/\/www.monlau.com\/fp\/#\/schema\/person\/419cfdf054323e24e0a2ef1d8597f051"},"headline":"La Formaci\u00f3n Profesional es la m\u00e1s demandada en Espa\u00f1a","datePublished":"2021-11-21T23:00:00+00:00","dateModified":"2026-03-10T09:03:31+00:00","mainEntityOfPage":{"@id":"https:\/\/www.monlau.com\/fp\/2021\/11\/22\/formacion-profesional-demandada-espana\/"},"wordCount":312,"publisher":{"@id":"https:\/\/www.monlau.com\/fp\/#organization"},"image":{"@id":"https:\/\/www.monlau.com\/fp\/2021\/11\/22\/formacion-profesional-demandada-espana\/#primaryimage"},"thumbnailUrl":"https:\/\/www.monlau.com\/app\/uploads\/sites\/3\/2026\/03\/WhatsApp-Image-2021-10-20-at-11.44.01-1.jpeg","keywords":["El Pa\u00eds","formaci\u00f3n profesional","Grado Superior","habilidades competenciales","habilidades profesionales","Inform\u00e0tica","ofertas de trabajo","sector profesional"],"articleSection":["Inform\u00e1tica","Monlau"],"inLanguage":"es"},{"@type":"WebPage","@id":"https:\/\/www.monlau.com\/fp\/2021\/11\/22\/formacion-profesional-demandada-espana\/","url":"https:\/\/www.monlau.com\/fp\/2021\/11\/22\/formacion-profesional-demandada-espana\/","name":"La Formaci\u00f3n Profesional es la m\u00e1s demandada en Espa\u00f1a - Formaci\u00f3n profesional","isPartOf":{"@id":"https:\/\/www.monlau.com\/fp\/#website"},"primaryImageOfPage":{"@id":"https:\/\/www.monlau.com\/fp\/2021\/11\/22\/formacion-profesional-demandada-espana\/#primaryimage"},"image":{"@id":"https:\/\/www.monlau.com\/fp\/2021\/11\/22\/formacion-profesional-demandada-espana\/#primaryimage"},"thumbnailUrl":"https:\/\/www.monlau.com\/app\/uploads\/sites\/3\/2026\/03\/WhatsApp-Image-2021-10-20-at-11.44.01-1.jpeg","datePublished":"2021-11-21T23:00:00+00:00","dateModified":"2026-03-10T09:03:31+00:00","breadcrumb":{"@id":"https:\/\/www.monlau.com\/fp\/2021\/11\/22\/formacion-profesional-demandada-espana\/#breadcrumb"},"inLanguage":"es","potentialAction":[{"@type":"ReadAction","target":["https:\/\/www.monlau.com\/fp\/2021\/11\/22\/formacion-profesional-demandada-espana\/"]}]},{"@type":"ImageObject","inLanguage":"es","@id":"https:\/\/www.monlau.com\/fp\/2021\/11\/22\/formacion-profesional-demandada-espana\/#primaryimage","url":"https:\/\/www.monlau.com\/app\/uploads\/sites\/3\/2026\/03\/WhatsApp-Image-2021-10-20-at-11.44.01-1.jpeg","contentUrl":"https:\/\/www.monlau.com\/app\/uploads\/sites\/3\/2026\/03\/WhatsApp-Image-2021-10-20-at-11.44.01-1.jpeg","width":2048,"height":1536},{"@type":"BreadcrumbList","@id":"https:\/\/www.monlau.com\/fp\/2021\/11\/22\/formacion-profesional-demandada-espana\/#breadcrumb","itemListElement":[{"@type":"ListItem","position":1,"name":"Portada","item":"https:\/\/www.monlau.com\/fp\/"},{"@type":"ListItem","position":2,"name":"La Formaci\u00f3n Profesional es la m\u00e1s demandada en Espa\u00f1a"}]},{"@type":"WebSite","@id":"https:\/\/www.monlau.com\/fp\/#website","url":"https:\/\/www.monlau.com\/fp\/","name":"Formaci\u00f3n profesional","description":"Monlau","publisher":{"@id":"https:\/\/www.monlau.com\/fp\/#organization"},"potentialAction":[{"@type":"SearchAction","target":{"@type":"EntryPoint","urlTemplate":"https:\/\/www.monlau.com\/fp\/?s={search_term_string}"},"query-input":{"@type":"PropertyValueSpecification","valueRequired":true,"valueName":"search_term_string"}}],"inLanguage":"es"},{"@type":"Organization","@id":"https:\/\/www.monlau.com\/fp\/#organization","name":"Formaci\u00f3n profesional","url":"https:\/\/www.monlau.com\/fp\/","logo":{"@type":"ImageObject","inLanguage":"es","@id":"https:\/\/www.monlau.com\/fp\/#\/schema\/logo\/image\/","url":"https:\/\/www.monlau.com\/app\/uploads\/sites\/3\/2026\/01\/fp.png","contentUrl":"https:\/\/www.monlau.com\/app\/uploads\/sites\/3\/2026\/01\/fp.png","width":1024,"height":878,"caption":"Formaci\u00f3n profesional"},"image":{"@id":"https:\/\/www.monlau.com\/fp\/#\/schema\/logo\/image\/"}},{"@type":"Person","@id":"https:\/\/www.monlau.com\/fp\/#\/schema\/person\/419cfdf054323e24e0a2ef1d8597f051","name":"adsmurai","image":{"@type":"ImageObject","inLanguage":"es","@id":"https:\/\/secure.gravatar.com\/avatar\/0748788578f91786454454fa3b4c295644edb991ad6caadc70b41d26790d38fc?s=96&d=mm&r=g","url":"https:\/\/secure.gravatar.com\/avatar\/0748788578f91786454454fa3b4c295644edb991ad6caadc70b41d26790d38fc?s=96&d=mm&r=g","contentUrl":"https:\/\/secure.gravatar.com\/avatar\/0748788578f91786454454fa3b4c295644edb991ad6caadc70b41d26790d38fc?s=96&d=mm&r=g","caption":"adsmurai"},"sameAs":["https:\/\/www.monlau.com"],"url":"https:\/\/www.monlau.com\/fp\/author\/adsmurai\/"}]}},"_links":{"self":[{"href":"https:\/\/www.monlau.com\/fp\/wp-json\/wp\/v2\/posts\/5947","targetHints":{"allow":["GET"]}}],"collection":[{"href":"https:\/\/www.monlau.com\/fp\/wp-json\/wp\/v2\/posts"}],"about":[{"href":"https:\/\/www.monlau.com\/fp\/wp-json\/wp\/v2\/types\/post"}],"author":[{"embeddable":true,"href":"https:\/\/www.monlau.com\/fp\/wp-json\/wp\/v2\/users\/1"}],"replies":[{"embeddable":true,"href":"https:\/\/www.monlau.com\/fp\/wp-json\/wp\/v2\/comments?post=5947"}],"version-history":[{"count":1,"href":"https:\/\/www.monlau.com\/fp\/wp-json\/wp\/v2\/posts\/5947\/revisions"}],"predecessor-version":[{"id":6436,"href":"https:\/\/www.monlau.com\/fp\/wp-json\/wp\/v2\/posts\/5947\/revisions\/6436"}],"wp:featuredmedia":[{"embeddable":true,"href":"https:\/\/www.monlau.com\/fp\/wp-json\/wp\/v2\/media\/3520"}],"wp:attachment":[{"href":"https:\/\/www.monlau.com\/fp\/wp-json\/wp\/v2\/media?parent=5947"}],"wp:term":[{"taxonomy":"category","embeddable":true,"href":"https:\/\/www.monlau.com\/fp\/wp-json\/wp\/v2\/categories?post=5947"},{"taxonomy":"post_tag","embeddable":true,"href":"https:\/\/www.monlau.com\/fp\/wp-json\/wp\/v2\/tags?post=5947"}],"curies":[{"name":"wp","href":"https:\/\/api.w.org\/{rel}","templated":true}]}}