{"id":5944,"date":"2021-06-02T00:00:00","date_gmt":"2021-06-01T22:00:00","guid":{"rendered":"https:\/\/www.monlau.com\/formacion-profesional\/la-formacion-profesional-la-clave-del-futuro-laboral\/"},"modified":"2026-03-10T10:03:31","modified_gmt":"2026-03-10T09:03:31","slug":"la-formacion-profesional-la-clave-del-futuro-laboral","status":"publish","type":"post","link":"https:\/\/www.monlau.com\/fp\/2021\/06\/02\/la-formacion-profesional-la-clave-del-futuro-laboral\/","title":{"rendered":"La Formaci\u00f3n Profesional, la clave del futuro laboral"},"content":{"rendered":"<h3 style=\"text-align: center\"><strong>Un 21.2%<\/strong> <strong>de las ofertas de trabajo de nuestro pa\u00eds van dirigidas a candidatos con formaci\u00f3n profesional.<\/strong> Esta es una de las razones principales por las que estudiar una FP,<strong> ya que tienen un\u00a0 alto porcentaje de empleabilidad, que es muy superior al de las carreras universitarias. <\/strong>Adem\u00e1s, por lo general el coste de los estudios de formaci\u00f3n profesional es m\u00e1s accesible que las tasas universitarias y te permiten compaginarlas con un trabajo.<\/h3>\n<p><strong>Se trabajan contenidos muy espec\u00edficos donde la aplicaci\u00f3n pr\u00e1ctica supone un papel muy importante. Adem\u00e1s el<\/strong> alumno asienta los conocimientos y sabe como realizar las funciones que se le ense\u00f1an, a diferencia de otros estudios en los que lo m\u00e1s importante es pasar un examen te\u00f3rico<strong>. <\/strong><\/p>\n<p><strong>Adem\u00e1s se trata de una formaci\u00f3n continuada, los ciclos de grado medio te permiten acceder a los ciclos de grado superior y estos a los grados universitarios<\/strong> de manera que puedas optar por el camino que m\u00e1s te interese.<\/p>\n<p>Para tener acceso a esta formaci\u00f3n se necesita tener el t\u00edtulo de Bachillerato o haber aprobado una FP de grado medio. <strong>En la mayor\u00eda casi un 70% de las actividades son pr\u00e1cticas; el resto es formaci\u00f3n conceptual y te\u00f3rica\u201d,<\/strong><\/p>\n<p>En estos ciclos se considera muy importante las <a href=\"https:\/\/www.monlau.com\/formacio-professional\/2021\/01\/29\/las-soft-skills-y-como-vencer-a-terminator\/\"><strong><u>\u201cSoft Skills<\/u><\/strong><u>\u201d<\/u><\/a> <strong>capacidades personales y profesionales que los alumnos trabajan como pensamiento anal\u00edtico, aprendizaje activo<\/strong>, resoluci\u00f3n de problemas, uso de tecnolog\u00edas, liderazgo\u2026 las cuales cada vez son m\u00e1s consideradas por las empresas a la hora de seleccionar a los candidatos.<\/p>\n<p><strong>Recibir\u00e1s un t\u00edtulo de t\u00e9cnico o t\u00e9cnico superior que acreditar\u00e1 que tienes las capacidades para poder entrar en el mundo laboral.<\/strong><\/p>\n<p><strong>Hay m\u00e1s de 150 ciclos de FP,\u00a0distribuidos en 26 familias profesionales<\/strong>\u00a0que abarcan pr\u00e1cticamente todos los sectores productivos en Espa\u00f1a: <strong>turismo, electricidad, sanidad, desarrollo de aplicaciones, inform\u00e1tica\u2026<\/strong> Pero todos tienen un objetivo com\u00fan: ofrecer un entrenamiento t\u00e9cnico y pr\u00e1ctico dirigido a la realidad del d\u00eda a d\u00eda en un puesto de trabajo.<\/p>\n<p><strong>Y aunque se define como un puente hacia el trabajo, tambi\u00e9n se puede utilizar como una v\u00eda para seguir estudiando.<\/strong> Es un camino de ida y vuelta que trata de facilitar al estudiante el objetivo al que aspira.<\/p>\n<p><strong>\u00bfTe gustar\u00eda estudiar un grado superior pero a\u00fan no sabes cu\u00e1l?<\/strong> En Monlau disponemos de los siguientes grados:<\/p>\n<p><a href=\"https:\/\/www.monlau.com\/formacio-professional\/project\/grado-superior-gestion-alojamientos-turisticos\/\">Gesti\u00f3n de Alojamientos Tur\u00edsticos<\/a>, <a href=\"https:\/\/www.monlau.com\/formacio-professional\/project\/grado-superior-marketing-publicidad\/\">Marketing y Publicidad<\/a>, <a href=\"https:\/\/www.monlau.com\/formacio-professional\/project\/grado-superior-adminsitracion-sistemas-informaticos-redes-asix\/\">Administraci\u00f3n y Sistemas Inform\u00e1ticos y Redes (ASIX),<\/a> <a href=\"https:\/\/www.monlau.com\/formacio-professional\/project\/grado-superior-desarrollo-aplicaciones-web-daw\/\">Desarrollo de Aplicaciones Web (DAW),<\/a> <a href=\"https:\/\/www.monlau.com\/formacio-professional\/project\/grado-superior-desarrollo-aplicaciones-multiplataforma-dam\/\">Desarrollo de aplicaciones Multiplataforma<\/a> y <a href=\"https:\/\/www.monlau.com\/formacio-professional\/project\/grado-superior-automocion\/\">Automoci\u00f3n<\/a> tanto presencial como online.<\/p>\n","protected":false},"excerpt":{"rendered":"<p>Un 21.2% de las ofertas de trabajo de nuestro pa\u00eds van dirigidas a candidatos con formaci\u00f3n profesional. Esta es una de las razones principales por las que estudiar una FP, ya que tienen un\u00a0 alto porcentaje de empleabilidad, que es muy superior al de las carreras universitarias. Adem\u00e1s, por lo general el coste de los [&hellip;]<\/p>\n","protected":false},"author":1,"featured_media":3505,"comment_status":"closed","ping_status":"closed","sticky":false,"template":"","format":"standard","meta":{"footnotes":""},"categories":[36,32,37,38],"tags":[160,53,107,108,176,49,110],"class_list":["post-5944","post","type-post","status-publish","format-standard","has-post-thumbnail","hentry","category-automocion","category-empresa-y-marketing","category-hoteleria-y-turismo","category-informatica","tag-alumnos","tag-asix","tag-automocion","tag-automocion-online","tag-estudios-profesionales","tag-formacion-profesional","tag-grado-superior"],"yoast_head":"<!-- This site is optimized with the Yoast SEO plugin v27.2 - https:\/\/yoast.com\/product\/yoast-seo-wordpress\/ -->\n<title>La Formaci\u00f3n Profesional, la clave del futuro laboral - Formaci\u00f3n profesional<\/title>\n<meta name=\"robots\" content=\"index, follow, max-snippet:-1, max-image-preview:large, max-video-preview:-1\" \/>\n<link rel=\"canonical\" href=\"https:\/\/www.monlau.com\/fp\/2021\/06\/02\/la-formacion-profesional-la-clave-del-futuro-laboral\/\" \/>\n<meta property=\"og:locale\" content=\"es_ES\" \/>\n<meta property=\"og:type\" content=\"article\" \/>\n<meta property=\"og:title\" content=\"La Formaci\u00f3n Profesional, la clave del futuro laboral - Formaci\u00f3n profesional\" \/>\n<meta property=\"og:description\" content=\"Un 21.2% de las ofertas de trabajo de nuestro pa\u00eds van dirigidas a candidatos con formaci\u00f3n profesional. Esta es una de las razones principales por las que estudiar una FP, ya que tienen un\u00a0 alto porcentaje de empleabilidad, que es muy superior al de las carreras universitarias. Adem\u00e1s, por lo general el coste de los [&hellip;]\" \/>\n<meta property=\"og:url\" content=\"https:\/\/www.monlau.com\/fp\/2021\/06\/02\/la-formacion-profesional-la-clave-del-futuro-laboral\/\" \/>\n<meta property=\"og:site_name\" content=\"Formaci\u00f3n profesional\" \/>\n<meta property=\"article:published_time\" content=\"2021-06-01T22:00:00+00:00\" \/>\n<meta property=\"article:modified_time\" content=\"2026-03-10T09:03:31+00:00\" \/>\n<meta property=\"og:image\" content=\"https:\/\/www.monlau.com\/app\/uploads\/sites\/3\/2026\/03\/formacion-laboral-blog.png\" \/>\n\t<meta property=\"og:image:width\" content=\"1080\" \/>\n\t<meta property=\"og:image:height\" content=\"610\" \/>\n\t<meta property=\"og:image:type\" content=\"image\/png\" \/>\n<meta name=\"author\" content=\"adsmurai\" \/>\n<meta name=\"twitter:card\" content=\"summary_large_image\" \/>\n<meta name=\"twitter:label1\" content=\"Escrito por\" \/>\n\t<meta name=\"twitter:data1\" content=\"adsmurai\" \/>\n\t<meta name=\"twitter:label2\" content=\"Tiempo de lectura\" \/>\n\t<meta name=\"twitter:data2\" content=\"2 minutos\" \/>\n<script type=\"application\/ld+json\" class=\"yoast-schema-graph\">{\"@context\":\"https:\/\/schema.org\",\"@graph\":[{\"@type\":\"Article\",\"@id\":\"https:\/\/www.monlau.com\/fp\/2021\/06\/02\/la-formacion-profesional-la-clave-del-futuro-laboral\/#article\",\"isPartOf\":{\"@id\":\"https:\/\/www.monlau.com\/fp\/2021\/06\/02\/la-formacion-profesional-la-clave-del-futuro-laboral\/\"},\"author\":{\"name\":\"adsmurai\",\"@id\":\"https:\/\/www.monlau.com\/fp\/#\/schema\/person\/419cfdf054323e24e0a2ef1d8597f051\"},\"headline\":\"La Formaci\u00f3n Profesional, la clave del futuro laboral\",\"datePublished\":\"2021-06-01T22:00:00+00:00\",\"dateModified\":\"2026-03-10T09:03:31+00:00\",\"mainEntityOfPage\":{\"@id\":\"https:\/\/www.monlau.com\/fp\/2021\/06\/02\/la-formacion-profesional-la-clave-del-futuro-laboral\/\"},\"wordCount\":457,\"publisher\":{\"@id\":\"https:\/\/www.monlau.com\/fp\/#organization\"},\"image\":{\"@id\":\"https:\/\/www.monlau.com\/fp\/2021\/06\/02\/la-formacion-profesional-la-clave-del-futuro-laboral\/#primaryimage\"},\"thumbnailUrl\":\"https:\/\/www.monlau.com\/app\/uploads\/sites\/3\/2026\/03\/formacion-laboral-blog.png\",\"keywords\":[\"alumnos\",\"ASIX\",\"Automoci\u00f3n\",\"Automoci\u00f3n Online\",\"estudios profesionales\",\"formaci\u00f3n profesional\",\"Grado Superior\"],\"articleSection\":[\"Automoci\u00f3n\",\"Empresa y Marketing\",\"Hoteler\u00eda y Turismo\",\"Inform\u00e1tica\"],\"inLanguage\":\"es\"},{\"@type\":\"WebPage\",\"@id\":\"https:\/\/www.monlau.com\/fp\/2021\/06\/02\/la-formacion-profesional-la-clave-del-futuro-laboral\/\",\"url\":\"https:\/\/www.monlau.com\/fp\/2021\/06\/02\/la-formacion-profesional-la-clave-del-futuro-laboral\/\",\"name\":\"La Formaci\u00f3n Profesional, la clave del futuro laboral - Formaci\u00f3n profesional\",\"isPartOf\":{\"@id\":\"https:\/\/www.monlau.com\/fp\/#website\"},\"primaryImageOfPage\":{\"@id\":\"https:\/\/www.monlau.com\/fp\/2021\/06\/02\/la-formacion-profesional-la-clave-del-futuro-laboral\/#primaryimage\"},\"image\":{\"@id\":\"https:\/\/www.monlau.com\/fp\/2021\/06\/02\/la-formacion-profesional-la-clave-del-futuro-laboral\/#primaryimage\"},\"thumbnailUrl\":\"https:\/\/www.monlau.com\/app\/uploads\/sites\/3\/2026\/03\/formacion-laboral-blog.png\",\"datePublished\":\"2021-06-01T22:00:00+00:00\",\"dateModified\":\"2026-03-10T09:03:31+00:00\",\"breadcrumb\":{\"@id\":\"https:\/\/www.monlau.com\/fp\/2021\/06\/02\/la-formacion-profesional-la-clave-del-futuro-laboral\/#breadcrumb\"},\"inLanguage\":\"es\",\"potentialAction\":[{\"@type\":\"ReadAction\",\"target\":[\"https:\/\/www.monlau.com\/fp\/2021\/06\/02\/la-formacion-profesional-la-clave-del-futuro-laboral\/\"]}]},{\"@type\":\"ImageObject\",\"inLanguage\":\"es\",\"@id\":\"https:\/\/www.monlau.com\/fp\/2021\/06\/02\/la-formacion-profesional-la-clave-del-futuro-laboral\/#primaryimage\",\"url\":\"https:\/\/www.monlau.com\/app\/uploads\/sites\/3\/2026\/03\/formacion-laboral-blog.png\",\"contentUrl\":\"https:\/\/www.monlau.com\/app\/uploads\/sites\/3\/2026\/03\/formacion-laboral-blog.png\",\"width\":1080,\"height\":610},{\"@type\":\"BreadcrumbList\",\"@id\":\"https:\/\/www.monlau.com\/fp\/2021\/06\/02\/la-formacion-profesional-la-clave-del-futuro-laboral\/#breadcrumb\",\"itemListElement\":[{\"@type\":\"ListItem\",\"position\":1,\"name\":\"Portada\",\"item\":\"https:\/\/www.monlau.com\/fp\/\"},{\"@type\":\"ListItem\",\"position\":2,\"name\":\"La Formaci\u00f3n Profesional, la clave del futuro laboral\"}]},{\"@type\":\"WebSite\",\"@id\":\"https:\/\/www.monlau.com\/fp\/#website\",\"url\":\"https:\/\/www.monlau.com\/fp\/\",\"name\":\"Formaci\u00f3n profesional\",\"description\":\"Monlau\",\"publisher\":{\"@id\":\"https:\/\/www.monlau.com\/fp\/#organization\"},\"potentialAction\":[{\"@type\":\"SearchAction\",\"target\":{\"@type\":\"EntryPoint\",\"urlTemplate\":\"https:\/\/www.monlau.com\/fp\/?s={search_term_string}\"},\"query-input\":{\"@type\":\"PropertyValueSpecification\",\"valueRequired\":true,\"valueName\":\"search_term_string\"}}],\"inLanguage\":\"es\"},{\"@type\":\"Organization\",\"@id\":\"https:\/\/www.monlau.com\/fp\/#organization\",\"name\":\"Formaci\u00f3n profesional\",\"url\":\"https:\/\/www.monlau.com\/fp\/\",\"logo\":{\"@type\":\"ImageObject\",\"inLanguage\":\"es\",\"@id\":\"https:\/\/www.monlau.com\/fp\/#\/schema\/logo\/image\/\",\"url\":\"https:\/\/www.monlau.com\/app\/uploads\/sites\/3\/2026\/01\/fp.png\",\"contentUrl\":\"https:\/\/www.monlau.com\/app\/uploads\/sites\/3\/2026\/01\/fp.png\",\"width\":1024,\"height\":878,\"caption\":\"Formaci\u00f3n profesional\"},\"image\":{\"@id\":\"https:\/\/www.monlau.com\/fp\/#\/schema\/logo\/image\/\"}},{\"@type\":\"Person\",\"@id\":\"https:\/\/www.monlau.com\/fp\/#\/schema\/person\/419cfdf054323e24e0a2ef1d8597f051\",\"name\":\"adsmurai\",\"image\":{\"@type\":\"ImageObject\",\"inLanguage\":\"es\",\"@id\":\"https:\/\/secure.gravatar.com\/avatar\/0748788578f91786454454fa3b4c295644edb991ad6caadc70b41d26790d38fc?s=96&d=mm&r=g\",\"url\":\"https:\/\/secure.gravatar.com\/avatar\/0748788578f91786454454fa3b4c295644edb991ad6caadc70b41d26790d38fc?s=96&d=mm&r=g\",\"contentUrl\":\"https:\/\/secure.gravatar.com\/avatar\/0748788578f91786454454fa3b4c295644edb991ad6caadc70b41d26790d38fc?s=96&d=mm&r=g\",\"caption\":\"adsmurai\"},\"sameAs\":[\"https:\/\/www.monlau.com\"],\"url\":\"https:\/\/www.monlau.com\/fp\/author\/adsmurai\/\"}]}<\/script>\n<!-- \/ Yoast SEO plugin. -->","yoast_head_json":{"title":"La Formaci\u00f3n Profesional, la clave del futuro laboral - Formaci\u00f3n profesional","robots":{"index":"index","follow":"follow","max-snippet":"max-snippet:-1","max-image-preview":"max-image-preview:large","max-video-preview":"max-video-preview:-1"},"canonical":"https:\/\/www.monlau.com\/fp\/2021\/06\/02\/la-formacion-profesional-la-clave-del-futuro-laboral\/","og_locale":"es_ES","og_type":"article","og_title":"La Formaci\u00f3n Profesional, la clave del futuro laboral - Formaci\u00f3n profesional","og_description":"Un 21.2% de las ofertas de trabajo de nuestro pa\u00eds van dirigidas a candidatos con formaci\u00f3n profesional. Esta es una de las razones principales por las que estudiar una FP, ya que tienen un\u00a0 alto porcentaje de empleabilidad, que es muy superior al de las carreras universitarias. Adem\u00e1s, por lo general el coste de los [&hellip;]","og_url":"https:\/\/www.monlau.com\/fp\/2021\/06\/02\/la-formacion-profesional-la-clave-del-futuro-laboral\/","og_site_name":"Formaci\u00f3n profesional","article_published_time":"2021-06-01T22:00:00+00:00","article_modified_time":"2026-03-10T09:03:31+00:00","og_image":[{"width":1080,"height":610,"url":"https:\/\/www.monlau.com\/app\/uploads\/sites\/3\/2026\/03\/formacion-laboral-blog.png","type":"image\/png"}],"author":"adsmurai","twitter_card":"summary_large_image","twitter_misc":{"Escrito por":"adsmurai","Tiempo de lectura":"2 minutos"},"schema":{"@context":"https:\/\/schema.org","@graph":[{"@type":"Article","@id":"https:\/\/www.monlau.com\/fp\/2021\/06\/02\/la-formacion-profesional-la-clave-del-futuro-laboral\/#article","isPartOf":{"@id":"https:\/\/www.monlau.com\/fp\/2021\/06\/02\/la-formacion-profesional-la-clave-del-futuro-laboral\/"},"author":{"name":"adsmurai","@id":"https:\/\/www.monlau.com\/fp\/#\/schema\/person\/419cfdf054323e24e0a2ef1d8597f051"},"headline":"La Formaci\u00f3n Profesional, la clave del futuro laboral","datePublished":"2021-06-01T22:00:00+00:00","dateModified":"2026-03-10T09:03:31+00:00","mainEntityOfPage":{"@id":"https:\/\/www.monlau.com\/fp\/2021\/06\/02\/la-formacion-profesional-la-clave-del-futuro-laboral\/"},"wordCount":457,"publisher":{"@id":"https:\/\/www.monlau.com\/fp\/#organization"},"image":{"@id":"https:\/\/www.monlau.com\/fp\/2021\/06\/02\/la-formacion-profesional-la-clave-del-futuro-laboral\/#primaryimage"},"thumbnailUrl":"https:\/\/www.monlau.com\/app\/uploads\/sites\/3\/2026\/03\/formacion-laboral-blog.png","keywords":["alumnos","ASIX","Automoci\u00f3n","Automoci\u00f3n Online","estudios profesionales","formaci\u00f3n profesional","Grado Superior"],"articleSection":["Automoci\u00f3n","Empresa y Marketing","Hoteler\u00eda y Turismo","Inform\u00e1tica"],"inLanguage":"es"},{"@type":"WebPage","@id":"https:\/\/www.monlau.com\/fp\/2021\/06\/02\/la-formacion-profesional-la-clave-del-futuro-laboral\/","url":"https:\/\/www.monlau.com\/fp\/2021\/06\/02\/la-formacion-profesional-la-clave-del-futuro-laboral\/","name":"La Formaci\u00f3n Profesional, la clave del futuro laboral - Formaci\u00f3n profesional","isPartOf":{"@id":"https:\/\/www.monlau.com\/fp\/#website"},"primaryImageOfPage":{"@id":"https:\/\/www.monlau.com\/fp\/2021\/06\/02\/la-formacion-profesional-la-clave-del-futuro-laboral\/#primaryimage"},"image":{"@id":"https:\/\/www.monlau.com\/fp\/2021\/06\/02\/la-formacion-profesional-la-clave-del-futuro-laboral\/#primaryimage"},"thumbnailUrl":"https:\/\/www.monlau.com\/app\/uploads\/sites\/3\/2026\/03\/formacion-laboral-blog.png","datePublished":"2021-06-01T22:00:00+00:00","dateModified":"2026-03-10T09:03:31+00:00","breadcrumb":{"@id":"https:\/\/www.monlau.com\/fp\/2021\/06\/02\/la-formacion-profesional-la-clave-del-futuro-laboral\/#breadcrumb"},"inLanguage":"es","potentialAction":[{"@type":"ReadAction","target":["https:\/\/www.monlau.com\/fp\/2021\/06\/02\/la-formacion-profesional-la-clave-del-futuro-laboral\/"]}]},{"@type":"ImageObject","inLanguage":"es","@id":"https:\/\/www.monlau.com\/fp\/2021\/06\/02\/la-formacion-profesional-la-clave-del-futuro-laboral\/#primaryimage","url":"https:\/\/www.monlau.com\/app\/uploads\/sites\/3\/2026\/03\/formacion-laboral-blog.png","contentUrl":"https:\/\/www.monlau.com\/app\/uploads\/sites\/3\/2026\/03\/formacion-laboral-blog.png","width":1080,"height":610},{"@type":"BreadcrumbList","@id":"https:\/\/www.monlau.com\/fp\/2021\/06\/02\/la-formacion-profesional-la-clave-del-futuro-laboral\/#breadcrumb","itemListElement":[{"@type":"ListItem","position":1,"name":"Portada","item":"https:\/\/www.monlau.com\/fp\/"},{"@type":"ListItem","position":2,"name":"La Formaci\u00f3n Profesional, la clave del futuro laboral"}]},{"@type":"WebSite","@id":"https:\/\/www.monlau.com\/fp\/#website","url":"https:\/\/www.monlau.com\/fp\/","name":"Formaci\u00f3n profesional","description":"Monlau","publisher":{"@id":"https:\/\/www.monlau.com\/fp\/#organization"},"potentialAction":[{"@type":"SearchAction","target":{"@type":"EntryPoint","urlTemplate":"https:\/\/www.monlau.com\/fp\/?s={search_term_string}"},"query-input":{"@type":"PropertyValueSpecification","valueRequired":true,"valueName":"search_term_string"}}],"inLanguage":"es"},{"@type":"Organization","@id":"https:\/\/www.monlau.com\/fp\/#organization","name":"Formaci\u00f3n profesional","url":"https:\/\/www.monlau.com\/fp\/","logo":{"@type":"ImageObject","inLanguage":"es","@id":"https:\/\/www.monlau.com\/fp\/#\/schema\/logo\/image\/","url":"https:\/\/www.monlau.com\/app\/uploads\/sites\/3\/2026\/01\/fp.png","contentUrl":"https:\/\/www.monlau.com\/app\/uploads\/sites\/3\/2026\/01\/fp.png","width":1024,"height":878,"caption":"Formaci\u00f3n profesional"},"image":{"@id":"https:\/\/www.monlau.com\/fp\/#\/schema\/logo\/image\/"}},{"@type":"Person","@id":"https:\/\/www.monlau.com\/fp\/#\/schema\/person\/419cfdf054323e24e0a2ef1d8597f051","name":"adsmurai","image":{"@type":"ImageObject","inLanguage":"es","@id":"https:\/\/secure.gravatar.com\/avatar\/0748788578f91786454454fa3b4c295644edb991ad6caadc70b41d26790d38fc?s=96&d=mm&r=g","url":"https:\/\/secure.gravatar.com\/avatar\/0748788578f91786454454fa3b4c295644edb991ad6caadc70b41d26790d38fc?s=96&d=mm&r=g","contentUrl":"https:\/\/secure.gravatar.com\/avatar\/0748788578f91786454454fa3b4c295644edb991ad6caadc70b41d26790d38fc?s=96&d=mm&r=g","caption":"adsmurai"},"sameAs":["https:\/\/www.monlau.com"],"url":"https:\/\/www.monlau.com\/fp\/author\/adsmurai\/"}]}},"_links":{"self":[{"href":"https:\/\/www.monlau.com\/fp\/wp-json\/wp\/v2\/posts\/5944","targetHints":{"allow":["GET"]}}],"collection":[{"href":"https:\/\/www.monlau.com\/fp\/wp-json\/wp\/v2\/posts"}],"about":[{"href":"https:\/\/www.monlau.com\/fp\/wp-json\/wp\/v2\/types\/post"}],"author":[{"embeddable":true,"href":"https:\/\/www.monlau.com\/fp\/wp-json\/wp\/v2\/users\/1"}],"replies":[{"embeddable":true,"href":"https:\/\/www.monlau.com\/fp\/wp-json\/wp\/v2\/comments?post=5944"}],"version-history":[{"count":1,"href":"https:\/\/www.monlau.com\/fp\/wp-json\/wp\/v2\/posts\/5944\/revisions"}],"predecessor-version":[{"id":6442,"href":"https:\/\/www.monlau.com\/fp\/wp-json\/wp\/v2\/posts\/5944\/revisions\/6442"}],"wp:featuredmedia":[{"embeddable":true,"href":"https:\/\/www.monlau.com\/fp\/wp-json\/wp\/v2\/media\/3505"}],"wp:attachment":[{"href":"https:\/\/www.monlau.com\/fp\/wp-json\/wp\/v2\/media?parent=5944"}],"wp:term":[{"taxonomy":"category","embeddable":true,"href":"https:\/\/www.monlau.com\/fp\/wp-json\/wp\/v2\/categories?post=5944"},{"taxonomy":"post_tag","embeddable":true,"href":"https:\/\/www.monlau.com\/fp\/wp-json\/wp\/v2\/tags?post=5944"}],"curies":[{"name":"wp","href":"https:\/\/api.w.org\/{rel}","templated":true}]}}