{"id":5941,"date":"2021-05-10T00:00:00","date_gmt":"2021-05-09T22:00:00","guid":{"rendered":"https:\/\/www.monlau.com\/formacion-profesional\/gestion-administrativa-el-grado-medio-con-mas-insercion-laboral\/"},"modified":"2026-03-10T10:03:32","modified_gmt":"2026-03-10T09:03:32","slug":"gestion-administrativa-el-grado-medio-con-mas-insercion-laboral","status":"publish","type":"post","link":"https:\/\/www.monlau.com\/fp\/2021\/05\/10\/gestion-administrativa-el-grado-medio-con-mas-insercion-laboral\/","title":{"rendered":"Gesti\u00f3n Administrativa, el Grado Medio con m\u00e1s inserci\u00f3n laboral"},"content":{"rendered":"<p style=\"text-align: center\"><strong>La formaci\u00f3n profesional es el nivel de estudios que en Espa\u00f1a genera una mayor demanda laboral. Actualmente alcanza la cifra del 42,2%, 4 puntos por encima de los titulados universitarios. <\/strong>En el caso de los Grados Medios, adem\u00e1s, la tasa de desempleo de los j\u00f3venes con este nivel de estudios es tres veces menor que el resto.<\/p>\n<p>Ante estos datos, cuando nos interesamos por la formaci\u00f3n es importante que conozcamos\u00a0 la situaci\u00f3n en la que se encuentra su mercado laboral. La titulaci\u00f3n de <strong>gesti\u00f3n administrativa es una de las profesiones con m\u00e1s demanda en el mercado<\/strong>, con m\u00e1s de 160.000 contractos en el pasado a\u00f1o.<\/p>\n<p>Los estudios de <a href=\"https:\/\/www.monlau.com\/formacio-professional\/project\/grado-medio-gestion-administrativa\/\"><strong>Gesti\u00f3n Administrativa<\/strong><\/a> en Monlau se adaptan perfectamente a tus necesidades ya que puede estudiar <strong>en modalidad presencial o en online,<\/strong> para que puedas organizarte de la mejor manera posible. Nuestros alumnos reciben mucha formaci\u00f3n pr\u00e1ctica y tienen una <strong>toma de contacto directo con<\/strong> <strong>el mundo laboral ya que utilizan los mismos programas que las empresas, como Factusol o Contasol<\/strong>, con los que realizan la facturaci\u00f3n y<strong> realizan una simulaci\u00f3n de una empresa real.<\/strong><\/p>\n<p>Pero vamos a lo que m\u00e1s nos interesa, <strong>las salidas profesionales que ofrece esta formaci\u00f3n <\/strong><strong>administrativa:<\/strong><\/p>\n<ul>\n<li>Auxiliar administrativo de oficina, comercial, financiero, contable, log\u00edstico, seguros, recursos humanos y\/o administraci\u00f3n p\u00fablica.<\/li>\n<li>Atenci\u00f3n al cliente<\/li>\n<li>Recepci\u00f3n y ayudante de oficina<\/li>\n<li>Tesorer\u00eda y m\u00e9todos de pago<\/li>\n<\/ul>\n<p><strong>\u00bfD\u00f3nde podr\u00e9 trabajar?<\/strong><\/p>\n<ul>\n<li>Banca y finanzas<\/li>\n<li>Comercio<\/li>\n<li>Servicios para empresas<\/li>\n<li>Departamento administrativo y\/o contable de cualquier sector<\/li>\n<li>Turismo y hosteler\u00eda<\/li>\n<\/ul>\n<p>Adem\u00e1s, durante el primer a\u00f1o estudiaras materias como:<\/p>\n<p>Comunicaci\u00f3n empresarial y servicio al cliente, Administraci\u00f3n de compra y venta, Inform\u00e1tica, Soporte administrativo, Empresa, fiscalidad, emprendimiento y AAPP, Marketing Online y publicidad y t\u00e9cnicas de venta. Puedes ver m\u00e1s en profundidad la metodolog\u00eda que utilizamos para ense\u00f1ar asignaturas como <a href=\"https:\/\/www.monlau.com\/formacio-professional\/2021\/03\/11\/que-hacemos-en-compra-venda\/\"><strong>Compra-Venta.<\/strong><\/a><\/p>\n<p><strong>Algunas de las asignaturas destacadas del segundo a\u00f1o son Recursos Humanos, Tesorer\u00eda, finanzas y seguros, Ingl\u00e9s y Simulaci\u00f3n de negocios. <\/strong>Confiamos en la importancia de tener un buen dominio de lenguas y es por eso por lo que contamos con un <strong>programa internacional de Erasmus<\/strong> por Europa para practicar ingl\u00e9s y hacer pr\u00e1cticas en empresas internacionales.<\/p>\n<p>Realizamos <strong>seminarios de profesionales<\/strong> en los que colaboran profesionales del sector en activo con la formaci\u00f3n de nuestros alumnos.<\/p>\n<p>Una vez terminado el ciclo formativo de grado medio en Gesti\u00f3n Administrativa, podr\u00e1s adentrarte en el mundo laboral o seguir estudiandoun grado superior en nuestro <strong><a href=\"https:\/\/www.monlau.com\/formacio-professional\/project\/grado-superior-marketing-publicidad\/\">Grado Superior en Marketing y Publicidad <\/a><\/strong>o <strong><a href=\"https:\/\/www.monlau.com\/formacio-professional\/project\/grado-superior-gestion-alojamientos-turisticos\/\">Gesti\u00f3n de Alojamientos Tur\u00edsticos.<\/a><\/strong><\/p>\n<h3>\u00a0<\/h3>\n<h3>\u00bfQuieres m\u00e1s informaci\u00f3n?<\/h3>\n<p>Si estas interesado en recibir m\u00e1s informaci\u00f3n sobre el ciclo formativo de grado medio de gesti\u00f3n administrativa, rellena el siguiente formulario y contactaremos contigo lo antes posible para resolver tus dudas.<\/p>\n<p>[contact-form-7 id=\u00bb8552&#8243; title=\u00bbInformaci\u00f3 general ES\u00bb]<\/p>\n","protected":false},"excerpt":{"rendered":"<p>La formaci\u00f3n profesional es el nivel de estudios que en Espa\u00f1a genera una mayor demanda laboral. Actualmente alcanza la cifra del 42,2%, 4 puntos por encima de los titulados universitarios. En el caso de los Grados Medios, adem\u00e1s, la tasa de desempleo de los j\u00f3venes con este nivel de estudios es tres veces menor que [&hellip;]<\/p>\n","protected":false},"author":1,"featured_media":3490,"comment_status":"closed","ping_status":"closed","sticky":false,"template":"","format":"standard","meta":{"footnotes":""},"categories":[32],"tags":[160,176,49,66,110,117,83,98,35,194],"class_list":["post-5941","post","type-post","status-publish","format-standard","has-post-thumbnail","hentry","category-empresa-y-marketing","tag-alumnos","tag-estudios-profesionales","tag-formacion-profesional","tag-grado-medio","tag-grado-superior","tag-insercion-laboral","tag-monlau","tag-mundo-laboral","tag-necesidades","tag-online"],"yoast_head":"<!-- This site is optimized with the Yoast SEO plugin v27.2 - https:\/\/yoast.com\/product\/yoast-seo-wordpress\/ -->\n<title>Gesti\u00f3n Administrativa, el Grado Medio con m\u00e1s inserci\u00f3n laboral - Formaci\u00f3n profesional<\/title>\n<meta name=\"robots\" content=\"index, follow, max-snippet:-1, max-image-preview:large, max-video-preview:-1\" \/>\n<link rel=\"canonical\" href=\"https:\/\/www.monlau.com\/fp\/2021\/05\/10\/gestion-administrativa-el-grado-medio-con-mas-insercion-laboral\/\" \/>\n<meta property=\"og:locale\" content=\"es_ES\" \/>\n<meta property=\"og:type\" content=\"article\" \/>\n<meta property=\"og:title\" content=\"Gesti\u00f3n Administrativa, el Grado Medio con m\u00e1s inserci\u00f3n laboral - Formaci\u00f3n profesional\" \/>\n<meta property=\"og:description\" content=\"La formaci\u00f3n profesional es el nivel de estudios que en Espa\u00f1a genera una mayor demanda laboral. Actualmente alcanza la cifra del 42,2%, 4 puntos por encima de los titulados universitarios. En el caso de los Grados Medios, adem\u00e1s, la tasa de desempleo de los j\u00f3venes con este nivel de estudios es tres veces menor que [&hellip;]\" \/>\n<meta property=\"og:url\" content=\"https:\/\/www.monlau.com\/fp\/2021\/05\/10\/gestion-administrativa-el-grado-medio-con-mas-insercion-laboral\/\" \/>\n<meta property=\"og:site_name\" content=\"Formaci\u00f3n profesional\" \/>\n<meta property=\"article:published_time\" content=\"2021-05-09T22:00:00+00:00\" \/>\n<meta property=\"article:modified_time\" content=\"2026-03-10T09:03:32+00:00\" \/>\n<meta property=\"og:image\" content=\"https:\/\/www.monlau.com\/app\/uploads\/sites\/3\/2026\/03\/Gestion-Administrativa-BLOG-CAS.jpg\" \/>\n\t<meta property=\"og:image:width\" content=\"1080\" \/>\n\t<meta property=\"og:image:height\" content=\"610\" \/>\n\t<meta property=\"og:image:type\" content=\"image\/jpeg\" \/>\n<meta name=\"author\" content=\"adsmurai\" \/>\n<meta name=\"twitter:card\" content=\"summary_large_image\" \/>\n<meta name=\"twitter:label1\" content=\"Escrito por\" \/>\n\t<meta name=\"twitter:data1\" content=\"adsmurai\" \/>\n\t<meta name=\"twitter:label2\" content=\"Tiempo de lectura\" \/>\n\t<meta name=\"twitter:data2\" content=\"2 minutos\" \/>\n<script type=\"application\/ld+json\" class=\"yoast-schema-graph\">{\"@context\":\"https:\/\/schema.org\",\"@graph\":[{\"@type\":\"Article\",\"@id\":\"https:\/\/www.monlau.com\/fp\/2021\/05\/10\/gestion-administrativa-el-grado-medio-con-mas-insercion-laboral\/#article\",\"isPartOf\":{\"@id\":\"https:\/\/www.monlau.com\/fp\/2021\/05\/10\/gestion-administrativa-el-grado-medio-con-mas-insercion-laboral\/\"},\"author\":{\"name\":\"adsmurai\",\"@id\":\"https:\/\/www.monlau.com\/fp\/#\/schema\/person\/419cfdf054323e24e0a2ef1d8597f051\"},\"headline\":\"Gesti\u00f3n Administrativa, el Grado Medio con m\u00e1s inserci\u00f3n laboral\",\"datePublished\":\"2021-05-09T22:00:00+00:00\",\"dateModified\":\"2026-03-10T09:03:32+00:00\",\"mainEntityOfPage\":{\"@id\":\"https:\/\/www.monlau.com\/fp\/2021\/05\/10\/gestion-administrativa-el-grado-medio-con-mas-insercion-laboral\/\"},\"wordCount\":507,\"publisher\":{\"@id\":\"https:\/\/www.monlau.com\/fp\/#organization\"},\"image\":{\"@id\":\"https:\/\/www.monlau.com\/fp\/2021\/05\/10\/gestion-administrativa-el-grado-medio-con-mas-insercion-laboral\/#primaryimage\"},\"thumbnailUrl\":\"https:\/\/www.monlau.com\/app\/uploads\/sites\/3\/2026\/03\/Gestion-Administrativa-BLOG-CAS.jpg\",\"keywords\":[\"alumnos\",\"estudios profesionales\",\"formaci\u00f3n profesional\",\"Grado Medio\",\"Grado Superior\",\"Inserci\u00f3n laboral\",\"Monlau\",\"mundo laboral\",\"necesidades\",\"online\"],\"articleSection\":[\"Empresa y Marketing\"],\"inLanguage\":\"es\"},{\"@type\":\"WebPage\",\"@id\":\"https:\/\/www.monlau.com\/fp\/2021\/05\/10\/gestion-administrativa-el-grado-medio-con-mas-insercion-laboral\/\",\"url\":\"https:\/\/www.monlau.com\/fp\/2021\/05\/10\/gestion-administrativa-el-grado-medio-con-mas-insercion-laboral\/\",\"name\":\"Gesti\u00f3n Administrativa, el Grado Medio con m\u00e1s inserci\u00f3n laboral - Formaci\u00f3n profesional\",\"isPartOf\":{\"@id\":\"https:\/\/www.monlau.com\/fp\/#website\"},\"primaryImageOfPage\":{\"@id\":\"https:\/\/www.monlau.com\/fp\/2021\/05\/10\/gestion-administrativa-el-grado-medio-con-mas-insercion-laboral\/#primaryimage\"},\"image\":{\"@id\":\"https:\/\/www.monlau.com\/fp\/2021\/05\/10\/gestion-administrativa-el-grado-medio-con-mas-insercion-laboral\/#primaryimage\"},\"thumbnailUrl\":\"https:\/\/www.monlau.com\/app\/uploads\/sites\/3\/2026\/03\/Gestion-Administrativa-BLOG-CAS.jpg\",\"datePublished\":\"2021-05-09T22:00:00+00:00\",\"dateModified\":\"2026-03-10T09:03:32+00:00\",\"breadcrumb\":{\"@id\":\"https:\/\/www.monlau.com\/fp\/2021\/05\/10\/gestion-administrativa-el-grado-medio-con-mas-insercion-laboral\/#breadcrumb\"},\"inLanguage\":\"es\",\"potentialAction\":[{\"@type\":\"ReadAction\",\"target\":[\"https:\/\/www.monlau.com\/fp\/2021\/05\/10\/gestion-administrativa-el-grado-medio-con-mas-insercion-laboral\/\"]}]},{\"@type\":\"ImageObject\",\"inLanguage\":\"es\",\"@id\":\"https:\/\/www.monlau.com\/fp\/2021\/05\/10\/gestion-administrativa-el-grado-medio-con-mas-insercion-laboral\/#primaryimage\",\"url\":\"https:\/\/www.monlau.com\/app\/uploads\/sites\/3\/2026\/03\/Gestion-Administrativa-BLOG-CAS.jpg\",\"contentUrl\":\"https:\/\/www.monlau.com\/app\/uploads\/sites\/3\/2026\/03\/Gestion-Administrativa-BLOG-CAS.jpg\",\"width\":1080,\"height\":610},{\"@type\":\"BreadcrumbList\",\"@id\":\"https:\/\/www.monlau.com\/fp\/2021\/05\/10\/gestion-administrativa-el-grado-medio-con-mas-insercion-laboral\/#breadcrumb\",\"itemListElement\":[{\"@type\":\"ListItem\",\"position\":1,\"name\":\"Portada\",\"item\":\"https:\/\/www.monlau.com\/fp\/\"},{\"@type\":\"ListItem\",\"position\":2,\"name\":\"Gesti\u00f3n Administrativa, el Grado Medio con m\u00e1s inserci\u00f3n laboral\"}]},{\"@type\":\"WebSite\",\"@id\":\"https:\/\/www.monlau.com\/fp\/#website\",\"url\":\"https:\/\/www.monlau.com\/fp\/\",\"name\":\"Formaci\u00f3n profesional\",\"description\":\"Monlau\",\"publisher\":{\"@id\":\"https:\/\/www.monlau.com\/fp\/#organization\"},\"potentialAction\":[{\"@type\":\"SearchAction\",\"target\":{\"@type\":\"EntryPoint\",\"urlTemplate\":\"https:\/\/www.monlau.com\/fp\/?s={search_term_string}\"},\"query-input\":{\"@type\":\"PropertyValueSpecification\",\"valueRequired\":true,\"valueName\":\"search_term_string\"}}],\"inLanguage\":\"es\"},{\"@type\":\"Organization\",\"@id\":\"https:\/\/www.monlau.com\/fp\/#organization\",\"name\":\"Formaci\u00f3n profesional\",\"url\":\"https:\/\/www.monlau.com\/fp\/\",\"logo\":{\"@type\":\"ImageObject\",\"inLanguage\":\"es\",\"@id\":\"https:\/\/www.monlau.com\/fp\/#\/schema\/logo\/image\/\",\"url\":\"https:\/\/www.monlau.com\/app\/uploads\/sites\/3\/2026\/01\/fp.png\",\"contentUrl\":\"https:\/\/www.monlau.com\/app\/uploads\/sites\/3\/2026\/01\/fp.png\",\"width\":1024,\"height\":878,\"caption\":\"Formaci\u00f3n profesional\"},\"image\":{\"@id\":\"https:\/\/www.monlau.com\/fp\/#\/schema\/logo\/image\/\"}},{\"@type\":\"Person\",\"@id\":\"https:\/\/www.monlau.com\/fp\/#\/schema\/person\/419cfdf054323e24e0a2ef1d8597f051\",\"name\":\"adsmurai\",\"image\":{\"@type\":\"ImageObject\",\"inLanguage\":\"es\",\"@id\":\"https:\/\/secure.gravatar.com\/avatar\/0748788578f91786454454fa3b4c295644edb991ad6caadc70b41d26790d38fc?s=96&d=mm&r=g\",\"url\":\"https:\/\/secure.gravatar.com\/avatar\/0748788578f91786454454fa3b4c295644edb991ad6caadc70b41d26790d38fc?s=96&d=mm&r=g\",\"contentUrl\":\"https:\/\/secure.gravatar.com\/avatar\/0748788578f91786454454fa3b4c295644edb991ad6caadc70b41d26790d38fc?s=96&d=mm&r=g\",\"caption\":\"adsmurai\"},\"sameAs\":[\"https:\/\/www.monlau.com\"],\"url\":\"https:\/\/www.monlau.com\/fp\/author\/adsmurai\/\"}]}<\/script>\n<!-- \/ Yoast SEO plugin. -->","yoast_head_json":{"title":"Gesti\u00f3n Administrativa, el Grado Medio con m\u00e1s inserci\u00f3n laboral - Formaci\u00f3n profesional","robots":{"index":"index","follow":"follow","max-snippet":"max-snippet:-1","max-image-preview":"max-image-preview:large","max-video-preview":"max-video-preview:-1"},"canonical":"https:\/\/www.monlau.com\/fp\/2021\/05\/10\/gestion-administrativa-el-grado-medio-con-mas-insercion-laboral\/","og_locale":"es_ES","og_type":"article","og_title":"Gesti\u00f3n Administrativa, el Grado Medio con m\u00e1s inserci\u00f3n laboral - Formaci\u00f3n profesional","og_description":"La formaci\u00f3n profesional es el nivel de estudios que en Espa\u00f1a genera una mayor demanda laboral. Actualmente alcanza la cifra del 42,2%, 4 puntos por encima de los titulados universitarios. En el caso de los Grados Medios, adem\u00e1s, la tasa de desempleo de los j\u00f3venes con este nivel de estudios es tres veces menor que [&hellip;]","og_url":"https:\/\/www.monlau.com\/fp\/2021\/05\/10\/gestion-administrativa-el-grado-medio-con-mas-insercion-laboral\/","og_site_name":"Formaci\u00f3n profesional","article_published_time":"2021-05-09T22:00:00+00:00","article_modified_time":"2026-03-10T09:03:32+00:00","og_image":[{"width":1080,"height":610,"url":"https:\/\/www.monlau.com\/app\/uploads\/sites\/3\/2026\/03\/Gestion-Administrativa-BLOG-CAS.jpg","type":"image\/jpeg"}],"author":"adsmurai","twitter_card":"summary_large_image","twitter_misc":{"Escrito por":"adsmurai","Tiempo de lectura":"2 minutos"},"schema":{"@context":"https:\/\/schema.org","@graph":[{"@type":"Article","@id":"https:\/\/www.monlau.com\/fp\/2021\/05\/10\/gestion-administrativa-el-grado-medio-con-mas-insercion-laboral\/#article","isPartOf":{"@id":"https:\/\/www.monlau.com\/fp\/2021\/05\/10\/gestion-administrativa-el-grado-medio-con-mas-insercion-laboral\/"},"author":{"name":"adsmurai","@id":"https:\/\/www.monlau.com\/fp\/#\/schema\/person\/419cfdf054323e24e0a2ef1d8597f051"},"headline":"Gesti\u00f3n Administrativa, el Grado Medio con m\u00e1s inserci\u00f3n laboral","datePublished":"2021-05-09T22:00:00+00:00","dateModified":"2026-03-10T09:03:32+00:00","mainEntityOfPage":{"@id":"https:\/\/www.monlau.com\/fp\/2021\/05\/10\/gestion-administrativa-el-grado-medio-con-mas-insercion-laboral\/"},"wordCount":507,"publisher":{"@id":"https:\/\/www.monlau.com\/fp\/#organization"},"image":{"@id":"https:\/\/www.monlau.com\/fp\/2021\/05\/10\/gestion-administrativa-el-grado-medio-con-mas-insercion-laboral\/#primaryimage"},"thumbnailUrl":"https:\/\/www.monlau.com\/app\/uploads\/sites\/3\/2026\/03\/Gestion-Administrativa-BLOG-CAS.jpg","keywords":["alumnos","estudios profesionales","formaci\u00f3n profesional","Grado Medio","Grado Superior","Inserci\u00f3n laboral","Monlau","mundo laboral","necesidades","online"],"articleSection":["Empresa y Marketing"],"inLanguage":"es"},{"@type":"WebPage","@id":"https:\/\/www.monlau.com\/fp\/2021\/05\/10\/gestion-administrativa-el-grado-medio-con-mas-insercion-laboral\/","url":"https:\/\/www.monlau.com\/fp\/2021\/05\/10\/gestion-administrativa-el-grado-medio-con-mas-insercion-laboral\/","name":"Gesti\u00f3n Administrativa, el Grado Medio con m\u00e1s inserci\u00f3n laboral - Formaci\u00f3n profesional","isPartOf":{"@id":"https:\/\/www.monlau.com\/fp\/#website"},"primaryImageOfPage":{"@id":"https:\/\/www.monlau.com\/fp\/2021\/05\/10\/gestion-administrativa-el-grado-medio-con-mas-insercion-laboral\/#primaryimage"},"image":{"@id":"https:\/\/www.monlau.com\/fp\/2021\/05\/10\/gestion-administrativa-el-grado-medio-con-mas-insercion-laboral\/#primaryimage"},"thumbnailUrl":"https:\/\/www.monlau.com\/app\/uploads\/sites\/3\/2026\/03\/Gestion-Administrativa-BLOG-CAS.jpg","datePublished":"2021-05-09T22:00:00+00:00","dateModified":"2026-03-10T09:03:32+00:00","breadcrumb":{"@id":"https:\/\/www.monlau.com\/fp\/2021\/05\/10\/gestion-administrativa-el-grado-medio-con-mas-insercion-laboral\/#breadcrumb"},"inLanguage":"es","potentialAction":[{"@type":"ReadAction","target":["https:\/\/www.monlau.com\/fp\/2021\/05\/10\/gestion-administrativa-el-grado-medio-con-mas-insercion-laboral\/"]}]},{"@type":"ImageObject","inLanguage":"es","@id":"https:\/\/www.monlau.com\/fp\/2021\/05\/10\/gestion-administrativa-el-grado-medio-con-mas-insercion-laboral\/#primaryimage","url":"https:\/\/www.monlau.com\/app\/uploads\/sites\/3\/2026\/03\/Gestion-Administrativa-BLOG-CAS.jpg","contentUrl":"https:\/\/www.monlau.com\/app\/uploads\/sites\/3\/2026\/03\/Gestion-Administrativa-BLOG-CAS.jpg","width":1080,"height":610},{"@type":"BreadcrumbList","@id":"https:\/\/www.monlau.com\/fp\/2021\/05\/10\/gestion-administrativa-el-grado-medio-con-mas-insercion-laboral\/#breadcrumb","itemListElement":[{"@type":"ListItem","position":1,"name":"Portada","item":"https:\/\/www.monlau.com\/fp\/"},{"@type":"ListItem","position":2,"name":"Gesti\u00f3n Administrativa, el Grado Medio con m\u00e1s inserci\u00f3n laboral"}]},{"@type":"WebSite","@id":"https:\/\/www.monlau.com\/fp\/#website","url":"https:\/\/www.monlau.com\/fp\/","name":"Formaci\u00f3n profesional","description":"Monlau","publisher":{"@id":"https:\/\/www.monlau.com\/fp\/#organization"},"potentialAction":[{"@type":"SearchAction","target":{"@type":"EntryPoint","urlTemplate":"https:\/\/www.monlau.com\/fp\/?s={search_term_string}"},"query-input":{"@type":"PropertyValueSpecification","valueRequired":true,"valueName":"search_term_string"}}],"inLanguage":"es"},{"@type":"Organization","@id":"https:\/\/www.monlau.com\/fp\/#organization","name":"Formaci\u00f3n profesional","url":"https:\/\/www.monlau.com\/fp\/","logo":{"@type":"ImageObject","inLanguage":"es","@id":"https:\/\/www.monlau.com\/fp\/#\/schema\/logo\/image\/","url":"https:\/\/www.monlau.com\/app\/uploads\/sites\/3\/2026\/01\/fp.png","contentUrl":"https:\/\/www.monlau.com\/app\/uploads\/sites\/3\/2026\/01\/fp.png","width":1024,"height":878,"caption":"Formaci\u00f3n profesional"},"image":{"@id":"https:\/\/www.monlau.com\/fp\/#\/schema\/logo\/image\/"}},{"@type":"Person","@id":"https:\/\/www.monlau.com\/fp\/#\/schema\/person\/419cfdf054323e24e0a2ef1d8597f051","name":"adsmurai","image":{"@type":"ImageObject","inLanguage":"es","@id":"https:\/\/secure.gravatar.com\/avatar\/0748788578f91786454454fa3b4c295644edb991ad6caadc70b41d26790d38fc?s=96&d=mm&r=g","url":"https:\/\/secure.gravatar.com\/avatar\/0748788578f91786454454fa3b4c295644edb991ad6caadc70b41d26790d38fc?s=96&d=mm&r=g","contentUrl":"https:\/\/secure.gravatar.com\/avatar\/0748788578f91786454454fa3b4c295644edb991ad6caadc70b41d26790d38fc?s=96&d=mm&r=g","caption":"adsmurai"},"sameAs":["https:\/\/www.monlau.com"],"url":"https:\/\/www.monlau.com\/fp\/author\/adsmurai\/"}]}},"_links":{"self":[{"href":"https:\/\/www.monlau.com\/fp\/wp-json\/wp\/v2\/posts\/5941","targetHints":{"allow":["GET"]}}],"collection":[{"href":"https:\/\/www.monlau.com\/fp\/wp-json\/wp\/v2\/posts"}],"about":[{"href":"https:\/\/www.monlau.com\/fp\/wp-json\/wp\/v2\/types\/post"}],"author":[{"embeddable":true,"href":"https:\/\/www.monlau.com\/fp\/wp-json\/wp\/v2\/users\/1"}],"replies":[{"embeddable":true,"href":"https:\/\/www.monlau.com\/fp\/wp-json\/wp\/v2\/comments?post=5941"}],"version-history":[{"count":1,"href":"https:\/\/www.monlau.com\/fp\/wp-json\/wp\/v2\/posts\/5941\/revisions"}],"predecessor-version":[{"id":6448,"href":"https:\/\/www.monlau.com\/fp\/wp-json\/wp\/v2\/posts\/5941\/revisions\/6448"}],"wp:featuredmedia":[{"embeddable":true,"href":"https:\/\/www.monlau.com\/fp\/wp-json\/wp\/v2\/media\/3490"}],"wp:attachment":[{"href":"https:\/\/www.monlau.com\/fp\/wp-json\/wp\/v2\/media?parent=5941"}],"wp:term":[{"taxonomy":"category","embeddable":true,"href":"https:\/\/www.monlau.com\/fp\/wp-json\/wp\/v2\/categories?post=5941"},{"taxonomy":"post_tag","embeddable":true,"href":"https:\/\/www.monlau.com\/fp\/wp-json\/wp\/v2\/tags?post=5941"}],"curies":[{"name":"wp","href":"https:\/\/api.w.org\/{rel}","templated":true}]}}