{"id":5940,"date":"2021-05-06T00:00:00","date_gmt":"2021-05-05T22:00:00","guid":{"rendered":"https:\/\/www.monlau.com\/formacion-profesional\/los-alumnos-de-marketing-llegan-a-la-final-del-desafio-junior-de-esic\/"},"modified":"2026-03-10T10:03:32","modified_gmt":"2026-03-10T09:03:32","slug":"los-alumnos-de-marketing-llegan-a-la-final-del-desafio-junior-de-esic","status":"publish","type":"post","link":"https:\/\/www.monlau.com\/fp\/2021\/05\/06\/los-alumnos-de-marketing-llegan-a-la-final-del-desafio-junior-de-esic\/","title":{"rendered":"Los alumnos de Marketing llegan a la final del Desaf\u00edo Junior de ESIC"},"content":{"rendered":"<p>A lo largo del ciclo, <strong>los estudiantes del <a href=\"https:\/\/www.monlau.com\/formacio-professional\/project\/grado-superior-marketing-publicidad\/\">Grado Superior en Marketing y Publicidad<\/a><\/strong> crean y participan en diferentes\u00a0proyectos en los que trabajan <strong>desde la idea de negocio, a la definici\u00f3n del producto, pasando por la creaci\u00f3n y puesta en marcha de estrategias de marketing<\/strong> as\u00ed como de analizar su viabilidad global.<\/p>\n<p>Cuando llegan al segundo curso, <strong>dentro de la asignatura de Lanzamiento de Productos y Servicios, tienen como misi\u00f3n la creaci\u00f3n de un producto o servicio \u201cespecial\u00bb, <\/strong>en el que ponen en pr\u00e1ctica todos los conocimientos adquiridos mientras est\u00e1n estudiando el Grado Superior. Es especial porque este proyecto forma parte del <strong>Desaf\u00edo Junior Empresarial<\/strong>, <strong>una competici\u00f3n entre alumnos de diferentes centros de ense\u00f1anza de toda Espa\u00f1a, creada por la <a href=\"https:\/\/www.esic.edu\/?originCampaignId=7010N000000mp39QAA&amp;gclsrc=aw.ds&amp;&amp;gclid=Cj0KCQjwp86EBhD7ARIsAFkgakgvYo0yvTD0NsYoVg0K5pIdU2FhN8VTIoXhTPwlmKgKNRDDPFzfFWIaAoteEALw_wcB\">ESIC Business &amp; Marketing School.<\/a><\/strong> El objetivo de este Desaf\u00edo es que los alumnos simulen la realidad empresarial creado su propia empresa, tutorizados por un profesor de su centro. Es una forma \u00f3ptima de conocer todos los aspectos a tener en cuenta antes de embarcarse en el apasionante y duro mundo de los emprendedores.<\/p>\n<p><strong>Los alumnos de Marketing de Monlau ha llegado a la final nacional en varias ediciones e\u00a0incluso han ganado varias de ellas<\/strong>. Este curso 2020-2021, se celebra la 15\u00aa edici\u00f3n del Desaf\u00edo Junior Empresarial y en ella han participado las dos clases de marketing , divididas en 13 grupos, cada uno con su idea de proyecto empresarial propio.<\/p>\n<p><span style=\"font-style: inherit;font-weight: inherit\">Todos los grupos han superado las tres etapas en las que se divide el Desaf\u00edo, todos han trabajado duro\u2026 y uno de los grupos fue seleccionado para la semifinal territorial celebrada en la sede de ESIC en Barcelona el pasado 4 de mayo.<\/span><\/p>\n<p><span style=\"font-style: inherit;font-weight: inherit\">Arabela, Dani, Fran, Marc y Paula, integrantes del grupo \u201c<em>Voltage<\/em>\u201d, presentaron ante el jurado su <strong>proyecto \u201cMOKAI\u201d; una app que permite hacer \u201c<em>match<\/em>\u201d entre personas que quieren adoptar un animal y animales de diferentes protectoras que necesitan ser adoptados<\/strong>, asesorados por un equipo de profesionales que se encargaran de formar el t\u00e1ndem perfecto entre adoptante y adoptado. <\/span><span style=\"font-weight: inherit;font-style: inherit\">Desde la emoci\u00f3n y sin entrar en el concepto \u201cdar pena\u201d, el equipo defendi\u00f3 su proyecto con convicci\u00f3n. Con su ilusi\u00f3n y su profesionalidad y muy bien cohesionados, supieron\u00a0transmitir al jurado la esencia de \u201cMokai\u201d\u2026 y eso les llev\u00f3 a ser seleccionados para pasar a la final nacional del Desaf\u00edo Junior Empresarial<\/span><strong style=\"font-style: inherit\">.\u00a0\u00a0Entre m\u00e1s de 675 alumnos y m\u00e1s de 175 equipos implicados, Voltage est\u00e1 en la final.<\/strong><\/p>\n<p><span style=\"font-weight: inherit;font-style: inherit\">\u00a0<\/span><span style=\"font-weight: inherit;font-style: inherit\">El pr\u00f3ximo paso , la final, que se celebra el pr\u00f3ximo 25 de mayo entre los mejores proyectos de todo el pa\u00eds.<\/span> Desde Monlau solo podemos alegrarnos y felicitarlos por haber llegado hasta aqu\u00ed. Ya no nos queda nada para completar este Desafio. \u00a1Vamos a por ello!<\/p>\n<p>&nbsp;<\/p>\n","protected":false},"excerpt":{"rendered":"<p>A lo largo del ciclo, los estudiantes del Grado Superior en Marketing y Publicidad crean y participan en diferentes\u00a0proyectos en los que trabajan desde la idea de negocio, a la definici\u00f3n del producto, pasando por la creaci\u00f3n y puesta en marcha de estrategias de marketing as\u00ed como de analizar su viabilidad global. Cuando llegan al [&hellip;]<\/p>\n","protected":false},"author":1,"featured_media":3486,"comment_status":"closed","ping_status":"closed","sticky":false,"template":"","format":"standard","meta":{"footnotes":""},"categories":[32],"tags":[160,110,117,102,83,98,35],"class_list":["post-5940","post","type-post","status-publish","format-standard","has-post-thumbnail","hentry","category-empresa-y-marketing","tag-alumnos","tag-grado-superior","tag-insercion-laboral","tag-marketing-y-publicidad","tag-monlau","tag-mundo-laboral","tag-necesidades"],"yoast_head":"<!-- This site is optimized with the Yoast SEO plugin v27.2 - https:\/\/yoast.com\/product\/yoast-seo-wordpress\/ -->\n<title>Los alumnos de Marketing llegan a la final del Desaf\u00edo Junior de ESIC - Formaci\u00f3n profesional<\/title>\n<meta name=\"robots\" content=\"index, follow, max-snippet:-1, max-image-preview:large, max-video-preview:-1\" \/>\n<link rel=\"canonical\" href=\"https:\/\/www.monlau.com\/fp\/2021\/05\/06\/los-alumnos-de-marketing-llegan-a-la-final-del-desafio-junior-de-esic\/\" \/>\n<meta property=\"og:locale\" content=\"es_ES\" \/>\n<meta property=\"og:type\" content=\"article\" \/>\n<meta property=\"og:title\" content=\"Los alumnos de Marketing llegan a la final del Desaf\u00edo Junior de ESIC - Formaci\u00f3n profesional\" \/>\n<meta property=\"og:description\" content=\"A lo largo del ciclo, los estudiantes del Grado Superior en Marketing y Publicidad crean y participan en diferentes\u00a0proyectos en los que trabajan desde la idea de negocio, a la definici\u00f3n del producto, pasando por la creaci\u00f3n y puesta en marcha de estrategias de marketing as\u00ed como de analizar su viabilidad global. Cuando llegan al [&hellip;]\" \/>\n<meta property=\"og:url\" content=\"https:\/\/www.monlau.com\/fp\/2021\/05\/06\/los-alumnos-de-marketing-llegan-a-la-final-del-desafio-junior-de-esic\/\" \/>\n<meta property=\"og:site_name\" content=\"Formaci\u00f3n profesional\" \/>\n<meta property=\"article:published_time\" content=\"2021-05-05T22:00:00+00:00\" \/>\n<meta property=\"article:modified_time\" content=\"2026-03-10T09:03:32+00:00\" \/>\n<meta property=\"og:image\" content=\"https:\/\/www.monlau.com\/app\/uploads\/sites\/3\/2026\/03\/BLOG-CAS-ESIC.jpg\" \/>\n\t<meta property=\"og:image:width\" content=\"1080\" \/>\n\t<meta property=\"og:image:height\" content=\"610\" \/>\n\t<meta property=\"og:image:type\" content=\"image\/jpeg\" \/>\n<meta name=\"author\" content=\"adsmurai\" \/>\n<meta name=\"twitter:card\" content=\"summary_large_image\" \/>\n<meta name=\"twitter:label1\" content=\"Escrito por\" \/>\n\t<meta name=\"twitter:data1\" content=\"adsmurai\" \/>\n\t<meta name=\"twitter:label2\" content=\"Tiempo de lectura\" \/>\n\t<meta name=\"twitter:data2\" content=\"2 minutos\" \/>\n<script type=\"application\/ld+json\" class=\"yoast-schema-graph\">{\"@context\":\"https:\/\/schema.org\",\"@graph\":[{\"@type\":\"Article\",\"@id\":\"https:\/\/www.monlau.com\/fp\/2021\/05\/06\/los-alumnos-de-marketing-llegan-a-la-final-del-desafio-junior-de-esic\/#article\",\"isPartOf\":{\"@id\":\"https:\/\/www.monlau.com\/fp\/2021\/05\/06\/los-alumnos-de-marketing-llegan-a-la-final-del-desafio-junior-de-esic\/\"},\"author\":{\"name\":\"adsmurai\",\"@id\":\"https:\/\/www.monlau.com\/fp\/#\/schema\/person\/419cfdf054323e24e0a2ef1d8597f051\"},\"headline\":\"Los alumnos de Marketing llegan a la final del Desaf\u00edo Junior de ESIC\",\"datePublished\":\"2021-05-05T22:00:00+00:00\",\"dateModified\":\"2026-03-10T09:03:32+00:00\",\"mainEntityOfPage\":{\"@id\":\"https:\/\/www.monlau.com\/fp\/2021\/05\/06\/los-alumnos-de-marketing-llegan-a-la-final-del-desafio-junior-de-esic\/\"},\"wordCount\":480,\"publisher\":{\"@id\":\"https:\/\/www.monlau.com\/fp\/#organization\"},\"image\":{\"@id\":\"https:\/\/www.monlau.com\/fp\/2021\/05\/06\/los-alumnos-de-marketing-llegan-a-la-final-del-desafio-junior-de-esic\/#primaryimage\"},\"thumbnailUrl\":\"https:\/\/www.monlau.com\/app\/uploads\/sites\/3\/2026\/03\/BLOG-CAS-ESIC.jpg\",\"keywords\":[\"alumnos\",\"Grado Superior\",\"Inserci\u00f3n laboral\",\"Marketing y Publicidad\",\"Monlau\",\"mundo laboral\",\"necesidades\"],\"articleSection\":[\"Empresa y Marketing\"],\"inLanguage\":\"es\"},{\"@type\":\"WebPage\",\"@id\":\"https:\/\/www.monlau.com\/fp\/2021\/05\/06\/los-alumnos-de-marketing-llegan-a-la-final-del-desafio-junior-de-esic\/\",\"url\":\"https:\/\/www.monlau.com\/fp\/2021\/05\/06\/los-alumnos-de-marketing-llegan-a-la-final-del-desafio-junior-de-esic\/\",\"name\":\"Los alumnos de Marketing llegan a la final del Desaf\u00edo Junior de ESIC - Formaci\u00f3n profesional\",\"isPartOf\":{\"@id\":\"https:\/\/www.monlau.com\/fp\/#website\"},\"primaryImageOfPage\":{\"@id\":\"https:\/\/www.monlau.com\/fp\/2021\/05\/06\/los-alumnos-de-marketing-llegan-a-la-final-del-desafio-junior-de-esic\/#primaryimage\"},\"image\":{\"@id\":\"https:\/\/www.monlau.com\/fp\/2021\/05\/06\/los-alumnos-de-marketing-llegan-a-la-final-del-desafio-junior-de-esic\/#primaryimage\"},\"thumbnailUrl\":\"https:\/\/www.monlau.com\/app\/uploads\/sites\/3\/2026\/03\/BLOG-CAS-ESIC.jpg\",\"datePublished\":\"2021-05-05T22:00:00+00:00\",\"dateModified\":\"2026-03-10T09:03:32+00:00\",\"breadcrumb\":{\"@id\":\"https:\/\/www.monlau.com\/fp\/2021\/05\/06\/los-alumnos-de-marketing-llegan-a-la-final-del-desafio-junior-de-esic\/#breadcrumb\"},\"inLanguage\":\"es\",\"potentialAction\":[{\"@type\":\"ReadAction\",\"target\":[\"https:\/\/www.monlau.com\/fp\/2021\/05\/06\/los-alumnos-de-marketing-llegan-a-la-final-del-desafio-junior-de-esic\/\"]}]},{\"@type\":\"ImageObject\",\"inLanguage\":\"es\",\"@id\":\"https:\/\/www.monlau.com\/fp\/2021\/05\/06\/los-alumnos-de-marketing-llegan-a-la-final-del-desafio-junior-de-esic\/#primaryimage\",\"url\":\"https:\/\/www.monlau.com\/app\/uploads\/sites\/3\/2026\/03\/BLOG-CAS-ESIC.jpg\",\"contentUrl\":\"https:\/\/www.monlau.com\/app\/uploads\/sites\/3\/2026\/03\/BLOG-CAS-ESIC.jpg\",\"width\":1080,\"height\":610},{\"@type\":\"BreadcrumbList\",\"@id\":\"https:\/\/www.monlau.com\/fp\/2021\/05\/06\/los-alumnos-de-marketing-llegan-a-la-final-del-desafio-junior-de-esic\/#breadcrumb\",\"itemListElement\":[{\"@type\":\"ListItem\",\"position\":1,\"name\":\"Portada\",\"item\":\"https:\/\/www.monlau.com\/fp\/\"},{\"@type\":\"ListItem\",\"position\":2,\"name\":\"Los alumnos de Marketing llegan a la final del Desaf\u00edo Junior de ESIC\"}]},{\"@type\":\"WebSite\",\"@id\":\"https:\/\/www.monlau.com\/fp\/#website\",\"url\":\"https:\/\/www.monlau.com\/fp\/\",\"name\":\"Formaci\u00f3n profesional\",\"description\":\"Monlau\",\"publisher\":{\"@id\":\"https:\/\/www.monlau.com\/fp\/#organization\"},\"potentialAction\":[{\"@type\":\"SearchAction\",\"target\":{\"@type\":\"EntryPoint\",\"urlTemplate\":\"https:\/\/www.monlau.com\/fp\/?s={search_term_string}\"},\"query-input\":{\"@type\":\"PropertyValueSpecification\",\"valueRequired\":true,\"valueName\":\"search_term_string\"}}],\"inLanguage\":\"es\"},{\"@type\":\"Organization\",\"@id\":\"https:\/\/www.monlau.com\/fp\/#organization\",\"name\":\"Formaci\u00f3n profesional\",\"url\":\"https:\/\/www.monlau.com\/fp\/\",\"logo\":{\"@type\":\"ImageObject\",\"inLanguage\":\"es\",\"@id\":\"https:\/\/www.monlau.com\/fp\/#\/schema\/logo\/image\/\",\"url\":\"https:\/\/www.monlau.com\/app\/uploads\/sites\/3\/2026\/01\/fp.png\",\"contentUrl\":\"https:\/\/www.monlau.com\/app\/uploads\/sites\/3\/2026\/01\/fp.png\",\"width\":1024,\"height\":878,\"caption\":\"Formaci\u00f3n profesional\"},\"image\":{\"@id\":\"https:\/\/www.monlau.com\/fp\/#\/schema\/logo\/image\/\"}},{\"@type\":\"Person\",\"@id\":\"https:\/\/www.monlau.com\/fp\/#\/schema\/person\/419cfdf054323e24e0a2ef1d8597f051\",\"name\":\"adsmurai\",\"image\":{\"@type\":\"ImageObject\",\"inLanguage\":\"es\",\"@id\":\"https:\/\/secure.gravatar.com\/avatar\/0748788578f91786454454fa3b4c295644edb991ad6caadc70b41d26790d38fc?s=96&d=mm&r=g\",\"url\":\"https:\/\/secure.gravatar.com\/avatar\/0748788578f91786454454fa3b4c295644edb991ad6caadc70b41d26790d38fc?s=96&d=mm&r=g\",\"contentUrl\":\"https:\/\/secure.gravatar.com\/avatar\/0748788578f91786454454fa3b4c295644edb991ad6caadc70b41d26790d38fc?s=96&d=mm&r=g\",\"caption\":\"adsmurai\"},\"sameAs\":[\"https:\/\/www.monlau.com\"],\"url\":\"https:\/\/www.monlau.com\/fp\/author\/adsmurai\/\"}]}<\/script>\n<!-- \/ Yoast SEO plugin. -->","yoast_head_json":{"title":"Los alumnos de Marketing llegan a la final del Desaf\u00edo Junior de ESIC - Formaci\u00f3n profesional","robots":{"index":"index","follow":"follow","max-snippet":"max-snippet:-1","max-image-preview":"max-image-preview:large","max-video-preview":"max-video-preview:-1"},"canonical":"https:\/\/www.monlau.com\/fp\/2021\/05\/06\/los-alumnos-de-marketing-llegan-a-la-final-del-desafio-junior-de-esic\/","og_locale":"es_ES","og_type":"article","og_title":"Los alumnos de Marketing llegan a la final del Desaf\u00edo Junior de ESIC - Formaci\u00f3n profesional","og_description":"A lo largo del ciclo, los estudiantes del Grado Superior en Marketing y Publicidad crean y participan en diferentes\u00a0proyectos en los que trabajan desde la idea de negocio, a la definici\u00f3n del producto, pasando por la creaci\u00f3n y puesta en marcha de estrategias de marketing as\u00ed como de analizar su viabilidad global. Cuando llegan al [&hellip;]","og_url":"https:\/\/www.monlau.com\/fp\/2021\/05\/06\/los-alumnos-de-marketing-llegan-a-la-final-del-desafio-junior-de-esic\/","og_site_name":"Formaci\u00f3n profesional","article_published_time":"2021-05-05T22:00:00+00:00","article_modified_time":"2026-03-10T09:03:32+00:00","og_image":[{"width":1080,"height":610,"url":"https:\/\/www.monlau.com\/app\/uploads\/sites\/3\/2026\/03\/BLOG-CAS-ESIC.jpg","type":"image\/jpeg"}],"author":"adsmurai","twitter_card":"summary_large_image","twitter_misc":{"Escrito por":"adsmurai","Tiempo de lectura":"2 minutos"},"schema":{"@context":"https:\/\/schema.org","@graph":[{"@type":"Article","@id":"https:\/\/www.monlau.com\/fp\/2021\/05\/06\/los-alumnos-de-marketing-llegan-a-la-final-del-desafio-junior-de-esic\/#article","isPartOf":{"@id":"https:\/\/www.monlau.com\/fp\/2021\/05\/06\/los-alumnos-de-marketing-llegan-a-la-final-del-desafio-junior-de-esic\/"},"author":{"name":"adsmurai","@id":"https:\/\/www.monlau.com\/fp\/#\/schema\/person\/419cfdf054323e24e0a2ef1d8597f051"},"headline":"Los alumnos de Marketing llegan a la final del Desaf\u00edo Junior de ESIC","datePublished":"2021-05-05T22:00:00+00:00","dateModified":"2026-03-10T09:03:32+00:00","mainEntityOfPage":{"@id":"https:\/\/www.monlau.com\/fp\/2021\/05\/06\/los-alumnos-de-marketing-llegan-a-la-final-del-desafio-junior-de-esic\/"},"wordCount":480,"publisher":{"@id":"https:\/\/www.monlau.com\/fp\/#organization"},"image":{"@id":"https:\/\/www.monlau.com\/fp\/2021\/05\/06\/los-alumnos-de-marketing-llegan-a-la-final-del-desafio-junior-de-esic\/#primaryimage"},"thumbnailUrl":"https:\/\/www.monlau.com\/app\/uploads\/sites\/3\/2026\/03\/BLOG-CAS-ESIC.jpg","keywords":["alumnos","Grado Superior","Inserci\u00f3n laboral","Marketing y Publicidad","Monlau","mundo laboral","necesidades"],"articleSection":["Empresa y Marketing"],"inLanguage":"es"},{"@type":"WebPage","@id":"https:\/\/www.monlau.com\/fp\/2021\/05\/06\/los-alumnos-de-marketing-llegan-a-la-final-del-desafio-junior-de-esic\/","url":"https:\/\/www.monlau.com\/fp\/2021\/05\/06\/los-alumnos-de-marketing-llegan-a-la-final-del-desafio-junior-de-esic\/","name":"Los alumnos de Marketing llegan a la final del Desaf\u00edo Junior de ESIC - Formaci\u00f3n profesional","isPartOf":{"@id":"https:\/\/www.monlau.com\/fp\/#website"},"primaryImageOfPage":{"@id":"https:\/\/www.monlau.com\/fp\/2021\/05\/06\/los-alumnos-de-marketing-llegan-a-la-final-del-desafio-junior-de-esic\/#primaryimage"},"image":{"@id":"https:\/\/www.monlau.com\/fp\/2021\/05\/06\/los-alumnos-de-marketing-llegan-a-la-final-del-desafio-junior-de-esic\/#primaryimage"},"thumbnailUrl":"https:\/\/www.monlau.com\/app\/uploads\/sites\/3\/2026\/03\/BLOG-CAS-ESIC.jpg","datePublished":"2021-05-05T22:00:00+00:00","dateModified":"2026-03-10T09:03:32+00:00","breadcrumb":{"@id":"https:\/\/www.monlau.com\/fp\/2021\/05\/06\/los-alumnos-de-marketing-llegan-a-la-final-del-desafio-junior-de-esic\/#breadcrumb"},"inLanguage":"es","potentialAction":[{"@type":"ReadAction","target":["https:\/\/www.monlau.com\/fp\/2021\/05\/06\/los-alumnos-de-marketing-llegan-a-la-final-del-desafio-junior-de-esic\/"]}]},{"@type":"ImageObject","inLanguage":"es","@id":"https:\/\/www.monlau.com\/fp\/2021\/05\/06\/los-alumnos-de-marketing-llegan-a-la-final-del-desafio-junior-de-esic\/#primaryimage","url":"https:\/\/www.monlau.com\/app\/uploads\/sites\/3\/2026\/03\/BLOG-CAS-ESIC.jpg","contentUrl":"https:\/\/www.monlau.com\/app\/uploads\/sites\/3\/2026\/03\/BLOG-CAS-ESIC.jpg","width":1080,"height":610},{"@type":"BreadcrumbList","@id":"https:\/\/www.monlau.com\/fp\/2021\/05\/06\/los-alumnos-de-marketing-llegan-a-la-final-del-desafio-junior-de-esic\/#breadcrumb","itemListElement":[{"@type":"ListItem","position":1,"name":"Portada","item":"https:\/\/www.monlau.com\/fp\/"},{"@type":"ListItem","position":2,"name":"Los alumnos de Marketing llegan a la final del Desaf\u00edo Junior de ESIC"}]},{"@type":"WebSite","@id":"https:\/\/www.monlau.com\/fp\/#website","url":"https:\/\/www.monlau.com\/fp\/","name":"Formaci\u00f3n profesional","description":"Monlau","publisher":{"@id":"https:\/\/www.monlau.com\/fp\/#organization"},"potentialAction":[{"@type":"SearchAction","target":{"@type":"EntryPoint","urlTemplate":"https:\/\/www.monlau.com\/fp\/?s={search_term_string}"},"query-input":{"@type":"PropertyValueSpecification","valueRequired":true,"valueName":"search_term_string"}}],"inLanguage":"es"},{"@type":"Organization","@id":"https:\/\/www.monlau.com\/fp\/#organization","name":"Formaci\u00f3n profesional","url":"https:\/\/www.monlau.com\/fp\/","logo":{"@type":"ImageObject","inLanguage":"es","@id":"https:\/\/www.monlau.com\/fp\/#\/schema\/logo\/image\/","url":"https:\/\/www.monlau.com\/app\/uploads\/sites\/3\/2026\/01\/fp.png","contentUrl":"https:\/\/www.monlau.com\/app\/uploads\/sites\/3\/2026\/01\/fp.png","width":1024,"height":878,"caption":"Formaci\u00f3n profesional"},"image":{"@id":"https:\/\/www.monlau.com\/fp\/#\/schema\/logo\/image\/"}},{"@type":"Person","@id":"https:\/\/www.monlau.com\/fp\/#\/schema\/person\/419cfdf054323e24e0a2ef1d8597f051","name":"adsmurai","image":{"@type":"ImageObject","inLanguage":"es","@id":"https:\/\/secure.gravatar.com\/avatar\/0748788578f91786454454fa3b4c295644edb991ad6caadc70b41d26790d38fc?s=96&d=mm&r=g","url":"https:\/\/secure.gravatar.com\/avatar\/0748788578f91786454454fa3b4c295644edb991ad6caadc70b41d26790d38fc?s=96&d=mm&r=g","contentUrl":"https:\/\/secure.gravatar.com\/avatar\/0748788578f91786454454fa3b4c295644edb991ad6caadc70b41d26790d38fc?s=96&d=mm&r=g","caption":"adsmurai"},"sameAs":["https:\/\/www.monlau.com"],"url":"https:\/\/www.monlau.com\/fp\/author\/adsmurai\/"}]}},"_links":{"self":[{"href":"https:\/\/www.monlau.com\/fp\/wp-json\/wp\/v2\/posts\/5940","targetHints":{"allow":["GET"]}}],"collection":[{"href":"https:\/\/www.monlau.com\/fp\/wp-json\/wp\/v2\/posts"}],"about":[{"href":"https:\/\/www.monlau.com\/fp\/wp-json\/wp\/v2\/types\/post"}],"author":[{"embeddable":true,"href":"https:\/\/www.monlau.com\/fp\/wp-json\/wp\/v2\/users\/1"}],"replies":[{"embeddable":true,"href":"https:\/\/www.monlau.com\/fp\/wp-json\/wp\/v2\/comments?post=5940"}],"version-history":[{"count":1,"href":"https:\/\/www.monlau.com\/fp\/wp-json\/wp\/v2\/posts\/5940\/revisions"}],"predecessor-version":[{"id":6450,"href":"https:\/\/www.monlau.com\/fp\/wp-json\/wp\/v2\/posts\/5940\/revisions\/6450"}],"wp:featuredmedia":[{"embeddable":true,"href":"https:\/\/www.monlau.com\/fp\/wp-json\/wp\/v2\/media\/3486"}],"wp:attachment":[{"href":"https:\/\/www.monlau.com\/fp\/wp-json\/wp\/v2\/media?parent=5940"}],"wp:term":[{"taxonomy":"category","embeddable":true,"href":"https:\/\/www.monlau.com\/fp\/wp-json\/wp\/v2\/categories?post=5940"},{"taxonomy":"post_tag","embeddable":true,"href":"https:\/\/www.monlau.com\/fp\/wp-json\/wp\/v2\/tags?post=5940"}],"curies":[{"name":"wp","href":"https:\/\/api.w.org\/{rel}","templated":true}]}}