{"id":5937,"date":"2021-04-22T00:00:00","date_gmt":"2021-04-21T22:00:00","guid":{"rendered":"https:\/\/www.monlau.com\/formacion-profesional\/la-gestion-de-alojamientos-turisticos-en-practica\/"},"modified":"2026-03-10T10:03:32","modified_gmt":"2026-03-10T09:03:32","slug":"la-gestion-de-alojamientos-turisticos-en-practica","status":"publish","type":"post","link":"https:\/\/www.monlau.com\/fp\/2021\/04\/22\/la-gestion-de-alojamientos-turisticos-en-practica\/","title":{"rendered":"La Gesti\u00f3n de Alojamientos tur\u00edsticos en pr\u00e1ctica"},"content":{"rendered":"<p>El es David Casanelles, profesor y responsable de \u00e1rea del <a href=\"https:\/\/www.monlau.com\/formacio-professional\/?post_type=project&#038;p=6806\"><strong><u>Ciclo de Grado Superior de Gesti\u00f3n de Alojamientos Tur\u00edsticos<\/u><\/strong><\/a> y nos explica la metodolog\u00eda con la que ense\u00f1an a los alumnos y las ventajas de tener un hotel propio d\u00f3nde aprender.<\/p>\n<p>&nbsp;<\/p>\n<p><strong>El sector tur\u00edstico<\/strong> como se ha demostrado en los \u00faltimos <strong>a\u00f1os es uno de los pilares principales de la econom\u00eda de nuestro pa\u00eds.<\/strong> Un sector que ha tenido su r\u00e1pida evoluci\u00f3n y que requiere de profesionales con conocimientos t\u00e9cnicos y habilidades muy espec\u00edficas para dar servicio a este viajero que es cada vez m\u00e1s exigente.<\/p>\n<p>Contamos con <strong>nuestro propio Hotel. El Hotel Laumon *** (de tres estrellas)<\/strong> que funciona con visitantes de todo el mundo. Son las instalaciones perfectas para que <strong>nuestros alumnos puedan desempe\u00f1ar y practicar los conocimientos aprendidos.<\/strong><\/p>\n<p>Disponemos de un <strong>programa internacional de Erasmus para practicar ingl\u00e9s por Europa y hacer pr\u00e1cticas en hoteles y agencias internacionales. <\/strong><\/p>\n<p>Nuestro ciclo de alojamientos tur\u00edsticos est\u00e1 totalmente <strong>actualizado para<\/strong> <strong>proporcionar competencias t\u00e9cnicas y habilidades<\/strong> que necesitas para dar respuesta a las exigencias de este sector donde podr\u00e1s contar con programas inform\u00e1ticos reales que se utilizan en el d\u00eda a d\u00eda del sector y <strong>podr\u00e1s aprender las estrategias en Revenue Management o la\u00a0 gesti\u00f3n de precios din\u00e1micos que se est\u00e1n aplicando hoy en d\u00eda en este sector tur\u00edstico.<\/strong><\/p>\n<p>Nuestros alumnos estudian asignaturas como Direcci\u00f3n del Departamento de Pisos, Marketing Tur\u00edstico, <strong>Proyecto de Gesti\u00f3n de Alojamiento Tur\u00edstico, ingl\u00e9s, Restauraci\u00f3n, Alem\u00e1n, Gesti\u00f3n de la restauraci\u00f3n Estructura del Mercado Tur\u00edstico durante el primer a\u00f1o<\/strong>. Y Gesti\u00f3n de Alojamientos Tur\u00edsticos, Protocolo y Relaciones P\u00fablicas, Recursos Humanos en Alojamientos, Ingl\u00e9s, Franc\u00e9s, Empresa e iniciativa emprendedora y Restauraci\u00f3n durante el segundo a\u00f1o entre otras.<\/p>\n<p>Adem\u00e1s reforzamos habilidades como la capacidad de controlar y organizar establecimientos de alojamientos tur\u00edsticos, aplicar\u00a0<strong>pol\u00edticas empresariales<\/strong>\u00a0centradas en objetivos espec\u00edficos, llevar a cabo\u00a0<strong>acciones comerciales<\/strong>\u00a0y garantizar r<strong>esultados econ\u00f3micos.<\/strong>\u00a0Siempre trabajando desde un servicio al cliente de\u00a0<strong>calidad<\/strong>\u00a0que garantice su\u00a0<strong>satisfacci\u00f3n<\/strong>.<\/p>\n<p><strong>Podr\u00e1s tener la oportunidad de ocupar puestos de trabajo c\u00f3mo:<\/strong><\/p>\n<ul>\n<li>Director del \u00e1rea de alojamiento de establecimientos tur\u00edsticos<\/li>\n<li>Jefe de recepci\u00f3n y gestor de reservas<\/li>\n<li>Gerente General del piso y servicio de limpieza, de alojamiento en casas rurales, en residencias, hospitales y similares<\/li>\n<li>Coordinador de eventos<\/li>\n<li>Responsable de ventas en establecimientos de alojamiento tur\u00edstico<\/li>\n<li>Responsable del \u00e1rea comercial de alojamientos tur\u00edsticos<\/li>\n<\/ul>\n<p>Y una vez terminado el ciclo formativo de grado superior en Gesti\u00f3n de Alojamientos Tur\u00edsticos, podr\u00e1s\u00a0<strong>acceder a la\u00a0Universidad<\/strong>\u00a0o al mundo laboral.<\/p>\n<p>&nbsp;<\/p>\n<h3>\u00bfQuieres m\u00e1s informaci\u00f3n?<\/h3>\n<p>Si estas interesado en recibir m\u00e1s informaci\u00f3n sobre el ciclo formativo de grado superior de Marketing y Publicidad, rellena el siguiente formulario y contactaremos contigo lo antes posible para resolver tus dudas.<\/p>\n<p>&nbsp;<\/p>\n<p>[contact-form-7 id=\u00bb8552&#8243; title=\u00bbInformaci\u00f3 general ES\u00bb]<\/p>\n","protected":false},"excerpt":{"rendered":"<p>El es David Casanelles, profesor y responsable de \u00e1rea del Ciclo de Grado Superior de Gesti\u00f3n de Alojamientos Tur\u00edsticos y nos explica la metodolog\u00eda con la que ense\u00f1an a los alumnos y las ventajas de tener un hotel propio d\u00f3nde aprender. &nbsp; El sector tur\u00edstico como se ha demostrado en los \u00faltimos a\u00f1os es uno [&hellip;]<\/p>\n","protected":false},"author":1,"featured_media":3472,"comment_status":"closed","ping_status":"closed","sticky":false,"template":"","format":"standard","meta":{"footnotes":""},"categories":[37],"tags":[160,189,81,137,190,98,141,124],"class_list":["post-5937","post","type-post","status-publish","format-standard","has-post-thumbnail","hentry","category-hoteleria-y-turismo","tag-alumnos","tag-gestion-de-alojamientos","tag-gestion-de-alojamientos-turisticos","tag-hoteleria-y-turismo","tag-insercio-laboral","tag-mundo-laboral","tag-turisme","tag-turismo"],"yoast_head":"<!-- This site is optimized with the Yoast SEO plugin v27.2 - https:\/\/yoast.com\/product\/yoast-seo-wordpress\/ -->\n<title>La Gesti\u00f3n de Alojamientos tur\u00edsticos en pr\u00e1ctica - Formaci\u00f3n profesional<\/title>\n<meta name=\"robots\" content=\"index, follow, max-snippet:-1, max-image-preview:large, max-video-preview:-1\" \/>\n<link rel=\"canonical\" href=\"https:\/\/www.monlau.com\/fp\/2021\/04\/22\/la-gestion-de-alojamientos-turisticos-en-practica\/\" \/>\n<meta property=\"og:locale\" content=\"es_ES\" \/>\n<meta property=\"og:type\" content=\"article\" \/>\n<meta property=\"og:title\" content=\"La Gesti\u00f3n de Alojamientos tur\u00edsticos en pr\u00e1ctica - Formaci\u00f3n profesional\" \/>\n<meta property=\"og:description\" content=\"El es David Casanelles, profesor y responsable de \u00e1rea del Ciclo de Grado Superior de Gesti\u00f3n de Alojamientos Tur\u00edsticos y nos explica la metodolog\u00eda con la que ense\u00f1an a los alumnos y las ventajas de tener un hotel propio d\u00f3nde aprender. &nbsp; El sector tur\u00edstico como se ha demostrado en los \u00faltimos a\u00f1os es uno [&hellip;]\" \/>\n<meta property=\"og:url\" content=\"https:\/\/www.monlau.com\/fp\/2021\/04\/22\/la-gestion-de-alojamientos-turisticos-en-practica\/\" \/>\n<meta property=\"og:site_name\" content=\"Formaci\u00f3n profesional\" \/>\n<meta property=\"article:published_time\" content=\"2021-04-21T22:00:00+00:00\" \/>\n<meta property=\"article:modified_time\" content=\"2026-03-10T09:03:32+00:00\" \/>\n<meta property=\"og:image\" content=\"https:\/\/www.monlau.com\/app\/uploads\/sites\/3\/2026\/03\/David-Casanellas-Que-se-hace-en-Gestion-de-alojamientos-BLOG-CAST.jpg\" \/>\n\t<meta property=\"og:image:width\" content=\"1085\" \/>\n\t<meta property=\"og:image:height\" content=\"610\" \/>\n\t<meta property=\"og:image:type\" content=\"image\/jpeg\" \/>\n<meta name=\"author\" content=\"adsmurai\" \/>\n<meta name=\"twitter:card\" content=\"summary_large_image\" \/>\n<meta name=\"twitter:label1\" content=\"Escrito por\" \/>\n\t<meta name=\"twitter:data1\" content=\"adsmurai\" \/>\n\t<meta name=\"twitter:label2\" content=\"Tiempo de lectura\" \/>\n\t<meta name=\"twitter:data2\" content=\"3 minutos\" \/>\n<script type=\"application\/ld+json\" class=\"yoast-schema-graph\">{\"@context\":\"https:\/\/schema.org\",\"@graph\":[{\"@type\":\"Article\",\"@id\":\"https:\/\/www.monlau.com\/fp\/2021\/04\/22\/la-gestion-de-alojamientos-turisticos-en-practica\/#article\",\"isPartOf\":{\"@id\":\"https:\/\/www.monlau.com\/fp\/2021\/04\/22\/la-gestion-de-alojamientos-turisticos-en-practica\/\"},\"author\":{\"name\":\"adsmurai\",\"@id\":\"https:\/\/www.monlau.com\/fp\/#\/schema\/person\/419cfdf054323e24e0a2ef1d8597f051\"},\"headline\":\"La Gesti\u00f3n de Alojamientos tur\u00edsticos en pr\u00e1ctica\",\"datePublished\":\"2021-04-21T22:00:00+00:00\",\"dateModified\":\"2026-03-10T09:03:32+00:00\",\"mainEntityOfPage\":{\"@id\":\"https:\/\/www.monlau.com\/fp\/2021\/04\/22\/la-gestion-de-alojamientos-turisticos-en-practica\/\"},\"wordCount\":525,\"publisher\":{\"@id\":\"https:\/\/www.monlau.com\/fp\/#organization\"},\"image\":{\"@id\":\"https:\/\/www.monlau.com\/fp\/2021\/04\/22\/la-gestion-de-alojamientos-turisticos-en-practica\/#primaryimage\"},\"thumbnailUrl\":\"https:\/\/www.monlau.com\/app\/uploads\/sites\/3\/2026\/03\/David-Casanellas-Que-se-hace-en-Gestion-de-alojamientos-BLOG-CAST.jpg\",\"keywords\":[\"alumnos\",\"gesti\u00f3n de alojamientos\",\"Gesti\u00f3n de Alojamientos Tur\u00edsticos\",\"Hoteler\u00eda y Turismo\",\"Inserci\u00f3 laboral\",\"mundo laboral\",\"Turisme\",\"Turismo\"],\"articleSection\":[\"Hoteler\u00eda y Turismo\"],\"inLanguage\":\"es\"},{\"@type\":\"WebPage\",\"@id\":\"https:\/\/www.monlau.com\/fp\/2021\/04\/22\/la-gestion-de-alojamientos-turisticos-en-practica\/\",\"url\":\"https:\/\/www.monlau.com\/fp\/2021\/04\/22\/la-gestion-de-alojamientos-turisticos-en-practica\/\",\"name\":\"La Gesti\u00f3n de Alojamientos tur\u00edsticos en pr\u00e1ctica - Formaci\u00f3n profesional\",\"isPartOf\":{\"@id\":\"https:\/\/www.monlau.com\/fp\/#website\"},\"primaryImageOfPage\":{\"@id\":\"https:\/\/www.monlau.com\/fp\/2021\/04\/22\/la-gestion-de-alojamientos-turisticos-en-practica\/#primaryimage\"},\"image\":{\"@id\":\"https:\/\/www.monlau.com\/fp\/2021\/04\/22\/la-gestion-de-alojamientos-turisticos-en-practica\/#primaryimage\"},\"thumbnailUrl\":\"https:\/\/www.monlau.com\/app\/uploads\/sites\/3\/2026\/03\/David-Casanellas-Que-se-hace-en-Gestion-de-alojamientos-BLOG-CAST.jpg\",\"datePublished\":\"2021-04-21T22:00:00+00:00\",\"dateModified\":\"2026-03-10T09:03:32+00:00\",\"breadcrumb\":{\"@id\":\"https:\/\/www.monlau.com\/fp\/2021\/04\/22\/la-gestion-de-alojamientos-turisticos-en-practica\/#breadcrumb\"},\"inLanguage\":\"es\",\"potentialAction\":[{\"@type\":\"ReadAction\",\"target\":[\"https:\/\/www.monlau.com\/fp\/2021\/04\/22\/la-gestion-de-alojamientos-turisticos-en-practica\/\"]}]},{\"@type\":\"ImageObject\",\"inLanguage\":\"es\",\"@id\":\"https:\/\/www.monlau.com\/fp\/2021\/04\/22\/la-gestion-de-alojamientos-turisticos-en-practica\/#primaryimage\",\"url\":\"https:\/\/www.monlau.com\/app\/uploads\/sites\/3\/2026\/03\/David-Casanellas-Que-se-hace-en-Gestion-de-alojamientos-BLOG-CAST.jpg\",\"contentUrl\":\"https:\/\/www.monlau.com\/app\/uploads\/sites\/3\/2026\/03\/David-Casanellas-Que-se-hace-en-Gestion-de-alojamientos-BLOG-CAST.jpg\",\"width\":1085,\"height\":610},{\"@type\":\"BreadcrumbList\",\"@id\":\"https:\/\/www.monlau.com\/fp\/2021\/04\/22\/la-gestion-de-alojamientos-turisticos-en-practica\/#breadcrumb\",\"itemListElement\":[{\"@type\":\"ListItem\",\"position\":1,\"name\":\"Portada\",\"item\":\"https:\/\/www.monlau.com\/fp\/\"},{\"@type\":\"ListItem\",\"position\":2,\"name\":\"La Gesti\u00f3n de Alojamientos tur\u00edsticos en pr\u00e1ctica\"}]},{\"@type\":\"WebSite\",\"@id\":\"https:\/\/www.monlau.com\/fp\/#website\",\"url\":\"https:\/\/www.monlau.com\/fp\/\",\"name\":\"Formaci\u00f3n profesional\",\"description\":\"Monlau\",\"publisher\":{\"@id\":\"https:\/\/www.monlau.com\/fp\/#organization\"},\"potentialAction\":[{\"@type\":\"SearchAction\",\"target\":{\"@type\":\"EntryPoint\",\"urlTemplate\":\"https:\/\/www.monlau.com\/fp\/?s={search_term_string}\"},\"query-input\":{\"@type\":\"PropertyValueSpecification\",\"valueRequired\":true,\"valueName\":\"search_term_string\"}}],\"inLanguage\":\"es\"},{\"@type\":\"Organization\",\"@id\":\"https:\/\/www.monlau.com\/fp\/#organization\",\"name\":\"Formaci\u00f3n profesional\",\"url\":\"https:\/\/www.monlau.com\/fp\/\",\"logo\":{\"@type\":\"ImageObject\",\"inLanguage\":\"es\",\"@id\":\"https:\/\/www.monlau.com\/fp\/#\/schema\/logo\/image\/\",\"url\":\"https:\/\/www.monlau.com\/app\/uploads\/sites\/3\/2026\/01\/fp.png\",\"contentUrl\":\"https:\/\/www.monlau.com\/app\/uploads\/sites\/3\/2026\/01\/fp.png\",\"width\":1024,\"height\":878,\"caption\":\"Formaci\u00f3n profesional\"},\"image\":{\"@id\":\"https:\/\/www.monlau.com\/fp\/#\/schema\/logo\/image\/\"}},{\"@type\":\"Person\",\"@id\":\"https:\/\/www.monlau.com\/fp\/#\/schema\/person\/419cfdf054323e24e0a2ef1d8597f051\",\"name\":\"adsmurai\",\"image\":{\"@type\":\"ImageObject\",\"inLanguage\":\"es\",\"@id\":\"https:\/\/secure.gravatar.com\/avatar\/0748788578f91786454454fa3b4c295644edb991ad6caadc70b41d26790d38fc?s=96&d=mm&r=g\",\"url\":\"https:\/\/secure.gravatar.com\/avatar\/0748788578f91786454454fa3b4c295644edb991ad6caadc70b41d26790d38fc?s=96&d=mm&r=g\",\"contentUrl\":\"https:\/\/secure.gravatar.com\/avatar\/0748788578f91786454454fa3b4c295644edb991ad6caadc70b41d26790d38fc?s=96&d=mm&r=g\",\"caption\":\"adsmurai\"},\"sameAs\":[\"https:\/\/www.monlau.com\"],\"url\":\"https:\/\/www.monlau.com\/fp\/author\/adsmurai\/\"}]}<\/script>\n<!-- \/ Yoast SEO plugin. -->","yoast_head_json":{"title":"La Gesti\u00f3n de Alojamientos tur\u00edsticos en pr\u00e1ctica - Formaci\u00f3n profesional","robots":{"index":"index","follow":"follow","max-snippet":"max-snippet:-1","max-image-preview":"max-image-preview:large","max-video-preview":"max-video-preview:-1"},"canonical":"https:\/\/www.monlau.com\/fp\/2021\/04\/22\/la-gestion-de-alojamientos-turisticos-en-practica\/","og_locale":"es_ES","og_type":"article","og_title":"La Gesti\u00f3n de Alojamientos tur\u00edsticos en pr\u00e1ctica - Formaci\u00f3n profesional","og_description":"El es David Casanelles, profesor y responsable de \u00e1rea del Ciclo de Grado Superior de Gesti\u00f3n de Alojamientos Tur\u00edsticos y nos explica la metodolog\u00eda con la que ense\u00f1an a los alumnos y las ventajas de tener un hotel propio d\u00f3nde aprender. &nbsp; El sector tur\u00edstico como se ha demostrado en los \u00faltimos a\u00f1os es uno [&hellip;]","og_url":"https:\/\/www.monlau.com\/fp\/2021\/04\/22\/la-gestion-de-alojamientos-turisticos-en-practica\/","og_site_name":"Formaci\u00f3n profesional","article_published_time":"2021-04-21T22:00:00+00:00","article_modified_time":"2026-03-10T09:03:32+00:00","og_image":[{"width":1085,"height":610,"url":"https:\/\/www.monlau.com\/app\/uploads\/sites\/3\/2026\/03\/David-Casanellas-Que-se-hace-en-Gestion-de-alojamientos-BLOG-CAST.jpg","type":"image\/jpeg"}],"author":"adsmurai","twitter_card":"summary_large_image","twitter_misc":{"Escrito por":"adsmurai","Tiempo de lectura":"3 minutos"},"schema":{"@context":"https:\/\/schema.org","@graph":[{"@type":"Article","@id":"https:\/\/www.monlau.com\/fp\/2021\/04\/22\/la-gestion-de-alojamientos-turisticos-en-practica\/#article","isPartOf":{"@id":"https:\/\/www.monlau.com\/fp\/2021\/04\/22\/la-gestion-de-alojamientos-turisticos-en-practica\/"},"author":{"name":"adsmurai","@id":"https:\/\/www.monlau.com\/fp\/#\/schema\/person\/419cfdf054323e24e0a2ef1d8597f051"},"headline":"La Gesti\u00f3n de Alojamientos tur\u00edsticos en pr\u00e1ctica","datePublished":"2021-04-21T22:00:00+00:00","dateModified":"2026-03-10T09:03:32+00:00","mainEntityOfPage":{"@id":"https:\/\/www.monlau.com\/fp\/2021\/04\/22\/la-gestion-de-alojamientos-turisticos-en-practica\/"},"wordCount":525,"publisher":{"@id":"https:\/\/www.monlau.com\/fp\/#organization"},"image":{"@id":"https:\/\/www.monlau.com\/fp\/2021\/04\/22\/la-gestion-de-alojamientos-turisticos-en-practica\/#primaryimage"},"thumbnailUrl":"https:\/\/www.monlau.com\/app\/uploads\/sites\/3\/2026\/03\/David-Casanellas-Que-se-hace-en-Gestion-de-alojamientos-BLOG-CAST.jpg","keywords":["alumnos","gesti\u00f3n de alojamientos","Gesti\u00f3n de Alojamientos Tur\u00edsticos","Hoteler\u00eda y Turismo","Inserci\u00f3 laboral","mundo laboral","Turisme","Turismo"],"articleSection":["Hoteler\u00eda y Turismo"],"inLanguage":"es"},{"@type":"WebPage","@id":"https:\/\/www.monlau.com\/fp\/2021\/04\/22\/la-gestion-de-alojamientos-turisticos-en-practica\/","url":"https:\/\/www.monlau.com\/fp\/2021\/04\/22\/la-gestion-de-alojamientos-turisticos-en-practica\/","name":"La Gesti\u00f3n de Alojamientos tur\u00edsticos en pr\u00e1ctica - Formaci\u00f3n profesional","isPartOf":{"@id":"https:\/\/www.monlau.com\/fp\/#website"},"primaryImageOfPage":{"@id":"https:\/\/www.monlau.com\/fp\/2021\/04\/22\/la-gestion-de-alojamientos-turisticos-en-practica\/#primaryimage"},"image":{"@id":"https:\/\/www.monlau.com\/fp\/2021\/04\/22\/la-gestion-de-alojamientos-turisticos-en-practica\/#primaryimage"},"thumbnailUrl":"https:\/\/www.monlau.com\/app\/uploads\/sites\/3\/2026\/03\/David-Casanellas-Que-se-hace-en-Gestion-de-alojamientos-BLOG-CAST.jpg","datePublished":"2021-04-21T22:00:00+00:00","dateModified":"2026-03-10T09:03:32+00:00","breadcrumb":{"@id":"https:\/\/www.monlau.com\/fp\/2021\/04\/22\/la-gestion-de-alojamientos-turisticos-en-practica\/#breadcrumb"},"inLanguage":"es","potentialAction":[{"@type":"ReadAction","target":["https:\/\/www.monlau.com\/fp\/2021\/04\/22\/la-gestion-de-alojamientos-turisticos-en-practica\/"]}]},{"@type":"ImageObject","inLanguage":"es","@id":"https:\/\/www.monlau.com\/fp\/2021\/04\/22\/la-gestion-de-alojamientos-turisticos-en-practica\/#primaryimage","url":"https:\/\/www.monlau.com\/app\/uploads\/sites\/3\/2026\/03\/David-Casanellas-Que-se-hace-en-Gestion-de-alojamientos-BLOG-CAST.jpg","contentUrl":"https:\/\/www.monlau.com\/app\/uploads\/sites\/3\/2026\/03\/David-Casanellas-Que-se-hace-en-Gestion-de-alojamientos-BLOG-CAST.jpg","width":1085,"height":610},{"@type":"BreadcrumbList","@id":"https:\/\/www.monlau.com\/fp\/2021\/04\/22\/la-gestion-de-alojamientos-turisticos-en-practica\/#breadcrumb","itemListElement":[{"@type":"ListItem","position":1,"name":"Portada","item":"https:\/\/www.monlau.com\/fp\/"},{"@type":"ListItem","position":2,"name":"La Gesti\u00f3n de Alojamientos tur\u00edsticos en pr\u00e1ctica"}]},{"@type":"WebSite","@id":"https:\/\/www.monlau.com\/fp\/#website","url":"https:\/\/www.monlau.com\/fp\/","name":"Formaci\u00f3n profesional","description":"Monlau","publisher":{"@id":"https:\/\/www.monlau.com\/fp\/#organization"},"potentialAction":[{"@type":"SearchAction","target":{"@type":"EntryPoint","urlTemplate":"https:\/\/www.monlau.com\/fp\/?s={search_term_string}"},"query-input":{"@type":"PropertyValueSpecification","valueRequired":true,"valueName":"search_term_string"}}],"inLanguage":"es"},{"@type":"Organization","@id":"https:\/\/www.monlau.com\/fp\/#organization","name":"Formaci\u00f3n profesional","url":"https:\/\/www.monlau.com\/fp\/","logo":{"@type":"ImageObject","inLanguage":"es","@id":"https:\/\/www.monlau.com\/fp\/#\/schema\/logo\/image\/","url":"https:\/\/www.monlau.com\/app\/uploads\/sites\/3\/2026\/01\/fp.png","contentUrl":"https:\/\/www.monlau.com\/app\/uploads\/sites\/3\/2026\/01\/fp.png","width":1024,"height":878,"caption":"Formaci\u00f3n profesional"},"image":{"@id":"https:\/\/www.monlau.com\/fp\/#\/schema\/logo\/image\/"}},{"@type":"Person","@id":"https:\/\/www.monlau.com\/fp\/#\/schema\/person\/419cfdf054323e24e0a2ef1d8597f051","name":"adsmurai","image":{"@type":"ImageObject","inLanguage":"es","@id":"https:\/\/secure.gravatar.com\/avatar\/0748788578f91786454454fa3b4c295644edb991ad6caadc70b41d26790d38fc?s=96&d=mm&r=g","url":"https:\/\/secure.gravatar.com\/avatar\/0748788578f91786454454fa3b4c295644edb991ad6caadc70b41d26790d38fc?s=96&d=mm&r=g","contentUrl":"https:\/\/secure.gravatar.com\/avatar\/0748788578f91786454454fa3b4c295644edb991ad6caadc70b41d26790d38fc?s=96&d=mm&r=g","caption":"adsmurai"},"sameAs":["https:\/\/www.monlau.com"],"url":"https:\/\/www.monlau.com\/fp\/author\/adsmurai\/"}]}},"_links":{"self":[{"href":"https:\/\/www.monlau.com\/fp\/wp-json\/wp\/v2\/posts\/5937","targetHints":{"allow":["GET"]}}],"collection":[{"href":"https:\/\/www.monlau.com\/fp\/wp-json\/wp\/v2\/posts"}],"about":[{"href":"https:\/\/www.monlau.com\/fp\/wp-json\/wp\/v2\/types\/post"}],"author":[{"embeddable":true,"href":"https:\/\/www.monlau.com\/fp\/wp-json\/wp\/v2\/users\/1"}],"replies":[{"embeddable":true,"href":"https:\/\/www.monlau.com\/fp\/wp-json\/wp\/v2\/comments?post=5937"}],"version-history":[{"count":1,"href":"https:\/\/www.monlau.com\/fp\/wp-json\/wp\/v2\/posts\/5937\/revisions"}],"predecessor-version":[{"id":6456,"href":"https:\/\/www.monlau.com\/fp\/wp-json\/wp\/v2\/posts\/5937\/revisions\/6456"}],"wp:featuredmedia":[{"embeddable":true,"href":"https:\/\/www.monlau.com\/fp\/wp-json\/wp\/v2\/media\/3472"}],"wp:attachment":[{"href":"https:\/\/www.monlau.com\/fp\/wp-json\/wp\/v2\/media?parent=5937"}],"wp:term":[{"taxonomy":"category","embeddable":true,"href":"https:\/\/www.monlau.com\/fp\/wp-json\/wp\/v2\/categories?post=5937"},{"taxonomy":"post_tag","embeddable":true,"href":"https:\/\/www.monlau.com\/fp\/wp-json\/wp\/v2\/tags?post=5937"}],"curies":[{"name":"wp","href":"https:\/\/api.w.org\/{rel}","templated":true}]}}