{"id":5935,"date":"2021-03-25T00:00:00","date_gmt":"2021-03-24T23:00:00","guid":{"rendered":"https:\/\/www.monlau.com\/formacion-profesional\/la-administracion-de-las-bases-de-datos-javier-salvador\/"},"modified":"2026-03-10T10:03:32","modified_gmt":"2026-03-10T09:03:32","slug":"la-administracion-de-las-bases-de-datos-javier-salvador","status":"publish","type":"post","link":"https:\/\/www.monlau.com\/fp\/2021\/03\/25\/la-administracion-de-las-bases-de-datos-javier-salvador\/","title":{"rendered":"La administraci\u00f3n de las bases de datos \u2013 Javier Salvador"},"content":{"rendered":"<p>El es Javier Salvador, coordinador del \u00e1rea de inform\u00e1tica y profesor del<a href=\"https:\/\/www.monlau.com\/formacio-professional\/project\/grado-superior-adminsitracion-sistemas-informaticos-redes-asix\/\"><strong> Ciclo Formativo de Grado Superior en Administraci\u00f3n de Sistemas Inform\u00e1ticos y Redes \u2013 ASIX <\/strong><\/a>\u00a0y nos habla de la administraci\u00f3n de la base de datos.<\/p>\n<p>&nbsp;<\/p>\n<p>Es una parte muy importante de la inform\u00e1tica y la cu\u00e1l <strong>trabajamos en el grado para que los alumnos puedan administrar y configurar una base de datos <\/strong>en un motor tan potente como \u00ad\u00ad\u00ad\u00ad\u00ad\u00ad\u00adOracle. Es bastante pionero en el mercado hoy en d\u00eda y asegura la informaci\u00f3n a trav\u00e9s de diferentes herramientas como Datapath una de las herramientas m\u00e1s demandada dentro de la consultor\u00eda inform\u00e1tica y gracias a este m\u00f3dulo podr\u00e1s obtener todo lo que necesitas para poder trabajar de administrador de base de datos en un futuro.<\/p>\n<p><strong>En el primer curso <\/strong>realizaras asignaturas como implantaci\u00f3n de sistemas operativos, gesti\u00f3n de bases de datos, programaci\u00f3n b\u00e1sica, lenguajes de marcas y administraci\u00f3n de sistemas operativos y de gesti\u00f3n de bases de datos entre otras.<\/p>\n<p>Y en el segundo curso <strong>fundamentos de maquinaria (hardware), servicios de red e Internet, Implantaci\u00f3n de aplicaciones Web, Planificaci\u00f3n y administraci\u00f3n de redes,<\/strong> Formaci\u00f3n y orientaci\u00f3n laboral (FOL), Empresa y emprendimiento (EIE), Proyecto de administraci\u00f3n de sistemas inform\u00e1ticos y redes. Puedes estudiar este ciclo tanto <strong>en modalidad presencial como online a trav\u00e9s de Linkia FP.<\/strong><\/p>\n<p><strong>Podr\u00e1s adentrarte en el mundo laboral <\/strong>en puestos c\u00f3mo:<\/p>\n<ul>\n<li>T\u00e9cnico en administraci\u00f3n de sistemas<\/li>\n<li>Jefe de inform\u00e1tica<\/li>\n<li>T\u00e9cnico en servicios de Internet, mensajer\u00eda electr\u00f3nica, asistencia remota y gesti\u00f3n de bases de datos<\/li>\n<li>Supervisor de sistemas<\/li>\n<li>T\u00e9cnico en redes, servicios de comunicaciones y entornos web<\/li>\n<\/ul>\n<p><strong>Trabajamos codo con codo con las mejores empresas del sector<\/strong>, nacionales e internacionales como Axxon, BDO, Fractalia Grupo, Toyota Material Handling. Para poder mejorar la formaci\u00f3n de nuestros alumnos y su inserci\u00f3n laboral una vez terminado el ciclo formativo.<\/p>\n<p>Tambi\u00e9n puedes realizar una continuidad acad\u00e9mica adentr\u00e1ndote <strong>en el mundo universitario o bien cursando otro a\u00f1o para obtener el <a href=\"https:\/\/www.monlau.com\/formacio-professional\/project\/grado-superior-desarrollo-aplicaciones-multiplataforma-dam\/\">Grado Superior de Desarrollo de Aplicaciones Multiplataforma \u2013 DAM.<\/a><\/strong><\/p>\n<h3>Quieres m\u00e1s informaci\u00f3n?<\/h3>\n<p>Si est\u00e1 interesado a recibir m\u00e1s informaci\u00f3n sobre el <strong>Ciclo Formativo de Grado Superior en Administraci\u00f3n de Sistemas Inform\u00e1ticos y Redes \u2013 ASIX <\/strong>, rellena el siguiente formulario y contactaremos contigo lo antes posible para resolver tus dudas.<\/p>\n<p>[contact-form-7 id=\u00bb8552&#8243; title=\u00bbInformaci\u00f3 general ES\u00bb]<\/p>\n","protected":false},"excerpt":{"rendered":"<p>El es Javier Salvador, coordinador del \u00e1rea de inform\u00e1tica y profesor del Ciclo Formativo de Grado Superior en Administraci\u00f3n de Sistemas Inform\u00e1ticos y Redes \u2013 ASIX \u00a0y nos habla de la administraci\u00f3n de la base de datos. &nbsp; Es una parte muy importante de la inform\u00e1tica y la cu\u00e1l trabajamos en el grado para que [&hellip;]<\/p>\n","protected":false},"author":1,"featured_media":3465,"comment_status":"closed","ping_status":"closed","sticky":false,"template":"","format":"standard","meta":{"footnotes":""},"categories":[38],"tags":[188,176,110,82],"class_list":["post-5935","post","type-post","status-publish","format-standard","has-post-thumbnail","hentry","category-informatica","tag-bases-de-datos","tag-estudios-profesionales","tag-grado-superior","tag-informatica"],"yoast_head":"<!-- This site is optimized with the Yoast SEO plugin v27.2 - https:\/\/yoast.com\/product\/yoast-seo-wordpress\/ -->\n<title>La administraci\u00f3n de las bases de datos \u2013 Javier Salvador - Formaci\u00f3n profesional<\/title>\n<meta name=\"robots\" content=\"index, follow, max-snippet:-1, max-image-preview:large, max-video-preview:-1\" \/>\n<link rel=\"canonical\" href=\"https:\/\/www.monlau.com\/fp\/2021\/03\/25\/la-administracion-de-las-bases-de-datos-javier-salvador\/\" \/>\n<meta property=\"og:locale\" content=\"es_ES\" \/>\n<meta property=\"og:type\" content=\"article\" \/>\n<meta property=\"og:title\" content=\"La administraci\u00f3n de las bases de datos \u2013 Javier Salvador - Formaci\u00f3n profesional\" \/>\n<meta property=\"og:description\" content=\"El es Javier Salvador, coordinador del \u00e1rea de inform\u00e1tica y profesor del Ciclo Formativo de Grado Superior en Administraci\u00f3n de Sistemas Inform\u00e1ticos y Redes \u2013 ASIX \u00a0y nos habla de la administraci\u00f3n de la base de datos. &nbsp; Es una parte muy importante de la inform\u00e1tica y la cu\u00e1l trabajamos en el grado para que [&hellip;]\" \/>\n<meta property=\"og:url\" content=\"https:\/\/www.monlau.com\/fp\/2021\/03\/25\/la-administracion-de-las-bases-de-datos-javier-salvador\/\" \/>\n<meta property=\"og:site_name\" content=\"Formaci\u00f3n profesional\" \/>\n<meta property=\"article:published_time\" content=\"2021-03-24T23:00:00+00:00\" \/>\n<meta property=\"article:modified_time\" content=\"2026-03-10T09:03:32+00:00\" \/>\n<meta property=\"og:image\" content=\"https:\/\/www.monlau.com\/app\/uploads\/sites\/3\/2026\/03\/MicrosoftTeams-image-6-1.jpg\" \/>\n\t<meta property=\"og:image:width\" content=\"1085\" \/>\n\t<meta property=\"og:image:height\" content=\"610\" \/>\n\t<meta property=\"og:image:type\" content=\"image\/jpeg\" \/>\n<meta name=\"author\" content=\"adsmurai\" \/>\n<meta name=\"twitter:card\" content=\"summary_large_image\" \/>\n<meta name=\"twitter:label1\" content=\"Escrito por\" \/>\n\t<meta name=\"twitter:data1\" content=\"adsmurai\" \/>\n\t<meta name=\"twitter:label2\" content=\"Tiempo de lectura\" \/>\n\t<meta name=\"twitter:data2\" content=\"2 minutos\" \/>\n<script type=\"application\/ld+json\" class=\"yoast-schema-graph\">{\"@context\":\"https:\/\/schema.org\",\"@graph\":[{\"@type\":\"Article\",\"@id\":\"https:\/\/www.monlau.com\/fp\/2021\/03\/25\/la-administracion-de-las-bases-de-datos-javier-salvador\/#article\",\"isPartOf\":{\"@id\":\"https:\/\/www.monlau.com\/fp\/2021\/03\/25\/la-administracion-de-las-bases-de-datos-javier-salvador\/\"},\"author\":{\"name\":\"adsmurai\",\"@id\":\"https:\/\/www.monlau.com\/fp\/#\/schema\/person\/419cfdf054323e24e0a2ef1d8597f051\"},\"headline\":\"La administraci\u00f3n de las bases de datos \u2013 Javier Salvador\",\"datePublished\":\"2021-03-24T23:00:00+00:00\",\"dateModified\":\"2026-03-10T09:03:32+00:00\",\"mainEntityOfPage\":{\"@id\":\"https:\/\/www.monlau.com\/fp\/2021\/03\/25\/la-administracion-de-las-bases-de-datos-javier-salvador\/\"},\"wordCount\":430,\"publisher\":{\"@id\":\"https:\/\/www.monlau.com\/fp\/#organization\"},\"image\":{\"@id\":\"https:\/\/www.monlau.com\/fp\/2021\/03\/25\/la-administracion-de-las-bases-de-datos-javier-salvador\/#primaryimage\"},\"thumbnailUrl\":\"https:\/\/www.monlau.com\/app\/uploads\/sites\/3\/2026\/03\/MicrosoftTeams-image-6-1.jpg\",\"keywords\":[\"bases de datos\",\"estudios profesionales\",\"Grado Superior\",\"Inform\u00e0tica\"],\"articleSection\":[\"Inform\u00e1tica\"],\"inLanguage\":\"es\"},{\"@type\":\"WebPage\",\"@id\":\"https:\/\/www.monlau.com\/fp\/2021\/03\/25\/la-administracion-de-las-bases-de-datos-javier-salvador\/\",\"url\":\"https:\/\/www.monlau.com\/fp\/2021\/03\/25\/la-administracion-de-las-bases-de-datos-javier-salvador\/\",\"name\":\"La administraci\u00f3n de las bases de datos \u2013 Javier Salvador - Formaci\u00f3n profesional\",\"isPartOf\":{\"@id\":\"https:\/\/www.monlau.com\/fp\/#website\"},\"primaryImageOfPage\":{\"@id\":\"https:\/\/www.monlau.com\/fp\/2021\/03\/25\/la-administracion-de-las-bases-de-datos-javier-salvador\/#primaryimage\"},\"image\":{\"@id\":\"https:\/\/www.monlau.com\/fp\/2021\/03\/25\/la-administracion-de-las-bases-de-datos-javier-salvador\/#primaryimage\"},\"thumbnailUrl\":\"https:\/\/www.monlau.com\/app\/uploads\/sites\/3\/2026\/03\/MicrosoftTeams-image-6-1.jpg\",\"datePublished\":\"2021-03-24T23:00:00+00:00\",\"dateModified\":\"2026-03-10T09:03:32+00:00\",\"breadcrumb\":{\"@id\":\"https:\/\/www.monlau.com\/fp\/2021\/03\/25\/la-administracion-de-las-bases-de-datos-javier-salvador\/#breadcrumb\"},\"inLanguage\":\"es\",\"potentialAction\":[{\"@type\":\"ReadAction\",\"target\":[\"https:\/\/www.monlau.com\/fp\/2021\/03\/25\/la-administracion-de-las-bases-de-datos-javier-salvador\/\"]}]},{\"@type\":\"ImageObject\",\"inLanguage\":\"es\",\"@id\":\"https:\/\/www.monlau.com\/fp\/2021\/03\/25\/la-administracion-de-las-bases-de-datos-javier-salvador\/#primaryimage\",\"url\":\"https:\/\/www.monlau.com\/app\/uploads\/sites\/3\/2026\/03\/MicrosoftTeams-image-6-1.jpg\",\"contentUrl\":\"https:\/\/www.monlau.com\/app\/uploads\/sites\/3\/2026\/03\/MicrosoftTeams-image-6-1.jpg\",\"width\":1085,\"height\":610},{\"@type\":\"BreadcrumbList\",\"@id\":\"https:\/\/www.monlau.com\/fp\/2021\/03\/25\/la-administracion-de-las-bases-de-datos-javier-salvador\/#breadcrumb\",\"itemListElement\":[{\"@type\":\"ListItem\",\"position\":1,\"name\":\"Portada\",\"item\":\"https:\/\/www.monlau.com\/fp\/\"},{\"@type\":\"ListItem\",\"position\":2,\"name\":\"La administraci\u00f3n de las bases de datos \u2013 Javier Salvador\"}]},{\"@type\":\"WebSite\",\"@id\":\"https:\/\/www.monlau.com\/fp\/#website\",\"url\":\"https:\/\/www.monlau.com\/fp\/\",\"name\":\"Formaci\u00f3n profesional\",\"description\":\"Monlau\",\"publisher\":{\"@id\":\"https:\/\/www.monlau.com\/fp\/#organization\"},\"potentialAction\":[{\"@type\":\"SearchAction\",\"target\":{\"@type\":\"EntryPoint\",\"urlTemplate\":\"https:\/\/www.monlau.com\/fp\/?s={search_term_string}\"},\"query-input\":{\"@type\":\"PropertyValueSpecification\",\"valueRequired\":true,\"valueName\":\"search_term_string\"}}],\"inLanguage\":\"es\"},{\"@type\":\"Organization\",\"@id\":\"https:\/\/www.monlau.com\/fp\/#organization\",\"name\":\"Formaci\u00f3n profesional\",\"url\":\"https:\/\/www.monlau.com\/fp\/\",\"logo\":{\"@type\":\"ImageObject\",\"inLanguage\":\"es\",\"@id\":\"https:\/\/www.monlau.com\/fp\/#\/schema\/logo\/image\/\",\"url\":\"https:\/\/www.monlau.com\/app\/uploads\/sites\/3\/2026\/01\/fp.png\",\"contentUrl\":\"https:\/\/www.monlau.com\/app\/uploads\/sites\/3\/2026\/01\/fp.png\",\"width\":1024,\"height\":878,\"caption\":\"Formaci\u00f3n profesional\"},\"image\":{\"@id\":\"https:\/\/www.monlau.com\/fp\/#\/schema\/logo\/image\/\"}},{\"@type\":\"Person\",\"@id\":\"https:\/\/www.monlau.com\/fp\/#\/schema\/person\/419cfdf054323e24e0a2ef1d8597f051\",\"name\":\"adsmurai\",\"image\":{\"@type\":\"ImageObject\",\"inLanguage\":\"es\",\"@id\":\"https:\/\/secure.gravatar.com\/avatar\/0748788578f91786454454fa3b4c295644edb991ad6caadc70b41d26790d38fc?s=96&d=mm&r=g\",\"url\":\"https:\/\/secure.gravatar.com\/avatar\/0748788578f91786454454fa3b4c295644edb991ad6caadc70b41d26790d38fc?s=96&d=mm&r=g\",\"contentUrl\":\"https:\/\/secure.gravatar.com\/avatar\/0748788578f91786454454fa3b4c295644edb991ad6caadc70b41d26790d38fc?s=96&d=mm&r=g\",\"caption\":\"adsmurai\"},\"sameAs\":[\"https:\/\/www.monlau.com\"],\"url\":\"https:\/\/www.monlau.com\/fp\/author\/adsmurai\/\"}]}<\/script>\n<!-- \/ Yoast SEO plugin. -->","yoast_head_json":{"title":"La administraci\u00f3n de las bases de datos \u2013 Javier Salvador - Formaci\u00f3n profesional","robots":{"index":"index","follow":"follow","max-snippet":"max-snippet:-1","max-image-preview":"max-image-preview:large","max-video-preview":"max-video-preview:-1"},"canonical":"https:\/\/www.monlau.com\/fp\/2021\/03\/25\/la-administracion-de-las-bases-de-datos-javier-salvador\/","og_locale":"es_ES","og_type":"article","og_title":"La administraci\u00f3n de las bases de datos \u2013 Javier Salvador - Formaci\u00f3n profesional","og_description":"El es Javier Salvador, coordinador del \u00e1rea de inform\u00e1tica y profesor del Ciclo Formativo de Grado Superior en Administraci\u00f3n de Sistemas Inform\u00e1ticos y Redes \u2013 ASIX \u00a0y nos habla de la administraci\u00f3n de la base de datos. &nbsp; Es una parte muy importante de la inform\u00e1tica y la cu\u00e1l trabajamos en el grado para que [&hellip;]","og_url":"https:\/\/www.monlau.com\/fp\/2021\/03\/25\/la-administracion-de-las-bases-de-datos-javier-salvador\/","og_site_name":"Formaci\u00f3n profesional","article_published_time":"2021-03-24T23:00:00+00:00","article_modified_time":"2026-03-10T09:03:32+00:00","og_image":[{"width":1085,"height":610,"url":"https:\/\/www.monlau.com\/app\/uploads\/sites\/3\/2026\/03\/MicrosoftTeams-image-6-1.jpg","type":"image\/jpeg"}],"author":"adsmurai","twitter_card":"summary_large_image","twitter_misc":{"Escrito por":"adsmurai","Tiempo de lectura":"2 minutos"},"schema":{"@context":"https:\/\/schema.org","@graph":[{"@type":"Article","@id":"https:\/\/www.monlau.com\/fp\/2021\/03\/25\/la-administracion-de-las-bases-de-datos-javier-salvador\/#article","isPartOf":{"@id":"https:\/\/www.monlau.com\/fp\/2021\/03\/25\/la-administracion-de-las-bases-de-datos-javier-salvador\/"},"author":{"name":"adsmurai","@id":"https:\/\/www.monlau.com\/fp\/#\/schema\/person\/419cfdf054323e24e0a2ef1d8597f051"},"headline":"La administraci\u00f3n de las bases de datos \u2013 Javier Salvador","datePublished":"2021-03-24T23:00:00+00:00","dateModified":"2026-03-10T09:03:32+00:00","mainEntityOfPage":{"@id":"https:\/\/www.monlau.com\/fp\/2021\/03\/25\/la-administracion-de-las-bases-de-datos-javier-salvador\/"},"wordCount":430,"publisher":{"@id":"https:\/\/www.monlau.com\/fp\/#organization"},"image":{"@id":"https:\/\/www.monlau.com\/fp\/2021\/03\/25\/la-administracion-de-las-bases-de-datos-javier-salvador\/#primaryimage"},"thumbnailUrl":"https:\/\/www.monlau.com\/app\/uploads\/sites\/3\/2026\/03\/MicrosoftTeams-image-6-1.jpg","keywords":["bases de datos","estudios profesionales","Grado Superior","Inform\u00e0tica"],"articleSection":["Inform\u00e1tica"],"inLanguage":"es"},{"@type":"WebPage","@id":"https:\/\/www.monlau.com\/fp\/2021\/03\/25\/la-administracion-de-las-bases-de-datos-javier-salvador\/","url":"https:\/\/www.monlau.com\/fp\/2021\/03\/25\/la-administracion-de-las-bases-de-datos-javier-salvador\/","name":"La administraci\u00f3n de las bases de datos \u2013 Javier Salvador - Formaci\u00f3n profesional","isPartOf":{"@id":"https:\/\/www.monlau.com\/fp\/#website"},"primaryImageOfPage":{"@id":"https:\/\/www.monlau.com\/fp\/2021\/03\/25\/la-administracion-de-las-bases-de-datos-javier-salvador\/#primaryimage"},"image":{"@id":"https:\/\/www.monlau.com\/fp\/2021\/03\/25\/la-administracion-de-las-bases-de-datos-javier-salvador\/#primaryimage"},"thumbnailUrl":"https:\/\/www.monlau.com\/app\/uploads\/sites\/3\/2026\/03\/MicrosoftTeams-image-6-1.jpg","datePublished":"2021-03-24T23:00:00+00:00","dateModified":"2026-03-10T09:03:32+00:00","breadcrumb":{"@id":"https:\/\/www.monlau.com\/fp\/2021\/03\/25\/la-administracion-de-las-bases-de-datos-javier-salvador\/#breadcrumb"},"inLanguage":"es","potentialAction":[{"@type":"ReadAction","target":["https:\/\/www.monlau.com\/fp\/2021\/03\/25\/la-administracion-de-las-bases-de-datos-javier-salvador\/"]}]},{"@type":"ImageObject","inLanguage":"es","@id":"https:\/\/www.monlau.com\/fp\/2021\/03\/25\/la-administracion-de-las-bases-de-datos-javier-salvador\/#primaryimage","url":"https:\/\/www.monlau.com\/app\/uploads\/sites\/3\/2026\/03\/MicrosoftTeams-image-6-1.jpg","contentUrl":"https:\/\/www.monlau.com\/app\/uploads\/sites\/3\/2026\/03\/MicrosoftTeams-image-6-1.jpg","width":1085,"height":610},{"@type":"BreadcrumbList","@id":"https:\/\/www.monlau.com\/fp\/2021\/03\/25\/la-administracion-de-las-bases-de-datos-javier-salvador\/#breadcrumb","itemListElement":[{"@type":"ListItem","position":1,"name":"Portada","item":"https:\/\/www.monlau.com\/fp\/"},{"@type":"ListItem","position":2,"name":"La administraci\u00f3n de las bases de datos \u2013 Javier Salvador"}]},{"@type":"WebSite","@id":"https:\/\/www.monlau.com\/fp\/#website","url":"https:\/\/www.monlau.com\/fp\/","name":"Formaci\u00f3n profesional","description":"Monlau","publisher":{"@id":"https:\/\/www.monlau.com\/fp\/#organization"},"potentialAction":[{"@type":"SearchAction","target":{"@type":"EntryPoint","urlTemplate":"https:\/\/www.monlau.com\/fp\/?s={search_term_string}"},"query-input":{"@type":"PropertyValueSpecification","valueRequired":true,"valueName":"search_term_string"}}],"inLanguage":"es"},{"@type":"Organization","@id":"https:\/\/www.monlau.com\/fp\/#organization","name":"Formaci\u00f3n profesional","url":"https:\/\/www.monlau.com\/fp\/","logo":{"@type":"ImageObject","inLanguage":"es","@id":"https:\/\/www.monlau.com\/fp\/#\/schema\/logo\/image\/","url":"https:\/\/www.monlau.com\/app\/uploads\/sites\/3\/2026\/01\/fp.png","contentUrl":"https:\/\/www.monlau.com\/app\/uploads\/sites\/3\/2026\/01\/fp.png","width":1024,"height":878,"caption":"Formaci\u00f3n profesional"},"image":{"@id":"https:\/\/www.monlau.com\/fp\/#\/schema\/logo\/image\/"}},{"@type":"Person","@id":"https:\/\/www.monlau.com\/fp\/#\/schema\/person\/419cfdf054323e24e0a2ef1d8597f051","name":"adsmurai","image":{"@type":"ImageObject","inLanguage":"es","@id":"https:\/\/secure.gravatar.com\/avatar\/0748788578f91786454454fa3b4c295644edb991ad6caadc70b41d26790d38fc?s=96&d=mm&r=g","url":"https:\/\/secure.gravatar.com\/avatar\/0748788578f91786454454fa3b4c295644edb991ad6caadc70b41d26790d38fc?s=96&d=mm&r=g","contentUrl":"https:\/\/secure.gravatar.com\/avatar\/0748788578f91786454454fa3b4c295644edb991ad6caadc70b41d26790d38fc?s=96&d=mm&r=g","caption":"adsmurai"},"sameAs":["https:\/\/www.monlau.com"],"url":"https:\/\/www.monlau.com\/fp\/author\/adsmurai\/"}]}},"_links":{"self":[{"href":"https:\/\/www.monlau.com\/fp\/wp-json\/wp\/v2\/posts\/5935","targetHints":{"allow":["GET"]}}],"collection":[{"href":"https:\/\/www.monlau.com\/fp\/wp-json\/wp\/v2\/posts"}],"about":[{"href":"https:\/\/www.monlau.com\/fp\/wp-json\/wp\/v2\/types\/post"}],"author":[{"embeddable":true,"href":"https:\/\/www.monlau.com\/fp\/wp-json\/wp\/v2\/users\/1"}],"replies":[{"embeddable":true,"href":"https:\/\/www.monlau.com\/fp\/wp-json\/wp\/v2\/comments?post=5935"}],"version-history":[{"count":1,"href":"https:\/\/www.monlau.com\/fp\/wp-json\/wp\/v2\/posts\/5935\/revisions"}],"predecessor-version":[{"id":6463,"href":"https:\/\/www.monlau.com\/fp\/wp-json\/wp\/v2\/posts\/5935\/revisions\/6463"}],"wp:featuredmedia":[{"embeddable":true,"href":"https:\/\/www.monlau.com\/fp\/wp-json\/wp\/v2\/media\/3465"}],"wp:attachment":[{"href":"https:\/\/www.monlau.com\/fp\/wp-json\/wp\/v2\/media?parent=5935"}],"wp:term":[{"taxonomy":"category","embeddable":true,"href":"https:\/\/www.monlau.com\/fp\/wp-json\/wp\/v2\/categories?post=5935"},{"taxonomy":"post_tag","embeddable":true,"href":"https:\/\/www.monlau.com\/fp\/wp-json\/wp\/v2\/tags?post=5935"}],"curies":[{"name":"wp","href":"https:\/\/api.w.org\/{rel}","templated":true}]}}