{"id":5933,"date":"2021-03-18T00:00:00","date_gmt":"2021-03-17T23:00:00","guid":{"rendered":"https:\/\/www.monlau.com\/formacion-profesional\/como-se-trabaja-en-el-taller-de-motocicletas-miguel-a-nuno\/"},"modified":"2026-03-10T10:03:33","modified_gmt":"2026-03-10T09:03:33","slug":"como-se-trabaja-en-el-taller-de-motocicletas-miguel-a-nuno","status":"publish","type":"post","link":"https:\/\/www.monlau.com\/fp\/2021\/03\/18\/como-se-trabaja-en-el-taller-de-motocicletas-miguel-a-nuno\/","title":{"rendered":"Como se trabaja en el taller de motocicletas &#8211; Miguel A. Nu\u00f1o"},"content":{"rendered":"<p>El es Miguel Angel Nu\u00f1o, el coordinador del departamento y profesor del <a href=\"https:\/\/www.monlau.com\/formacio-professional\/project\/grado-medio-electromecanica-vehiculos-motocicletas\/\"><strong>Ciclo Formativo de Grado Medio en electromec\u00e1nica de motocicletas<\/strong><\/a> y nos explica c\u00f3mo trabajan en el <strong>en el taller de motocicletas.<\/strong><\/p>\n<p>En Monlau tenemos la suerte de contar con <strong>el mejor equipo a nivel de profesorado<\/strong> ya que son profesionales del sector, apasionados de su profesi\u00f3n que velan d\u00eda a d\u00eda por la formaci\u00f3n de sus alumnos. <strong>A nivel de instalaciones \u00a0trabajamos en el aula-taller con motocicletas de \u00faltima tecnolog\u00eda.<\/strong> Y actualmente estamos trabajando con las <strong>motocicletas el\u00e9ctricas<\/strong> que es uno de los productos que nuestro departamento ha elaborado. Consideramos que una profesi\u00f3n c\u00f3mo la electromec\u00e1nica de motocicletas debe ense\u00f1arse de manera te\u00f3rica pero sobre todo pr\u00e1ctica c\u00f3mo lo hacemos nosotros aqu\u00ed en Monlau. <strong>Los alumnos deben comprobar en primera persona <\/strong>la ejecuci\u00f3n de estos procesos, los materiales\u2026 Adem\u00e1s salen con la capacidad suficiente para trabajar en equipo ya que es una habilidad que reforzamos porqu\u00e9 la consideramos primordial.En el plan de estudios del ciclo de medio de mec\u00e1nica de motocicletas se estudian asignaturas c\u00f3mo motores, circuitos fluidos, suspensi\u00f3n y direcci\u00f3n, mecanizado, ingl\u00e9s, empresa y emprendimiento, Formaci\u00f3n y orientaci\u00f3n laboral (FOL) durante el primer a\u00f1o. Y <strong>sistemas auxiliares de motor, sistemas de transmisi\u00f3n y frenado, circuitos el\u00e9ctricos y auxiliares del veh\u00edculo, sistemas de seguridad y confortabilidad adem\u00e1s del proyecto de s\u00edntesis<\/strong> durante el segundo.<\/p>\n<p>Gracias a este ciclo podr\u00e1s tener una <strong>inserci\u00f3n laboral directa<\/strong> en puestos c\u00f3mo:<\/p>\n<ul>\n<li>Mec\u00e1nico de motocicletas y veh\u00edculos pesados<\/li>\n<li>Electricista automotriz y motocicleta<\/li>\n<li>Instalador de accesorios para motocicletas<\/li>\n<\/ul>\n<p>Cabe recalcar que<strong> trabajamos codo con codo con las mejores empresas del sector, concesionarios oficiales y talleres para mejorar la formaci\u00f3n<\/strong> de nuestros alumnos y su inserci\u00f3n laboral una vez terminado el cicl\u00f3 formativo.<\/p>\n<p>Y si por lo contrario quieren seguir aprendiendo pueden continuar en nuestro <strong><a href=\"https:\/\/www.monlau.com\/formacio-professional\/project\/grado-superior-automocion\/\">Ciclo Formativo de Grado Superior en Automoci\u00f3n<\/a><\/strong> tanto en <strong>modalidad Dual c\u00f3mo en ingl\u00e9s<\/strong> d\u00f3nde adquirir vocabulario espec\u00edfico del sector de la Automoci\u00f3n.<\/p>\n<h3>\u00a0<\/h3>\n<h3>Quieres m\u00e1s informaci\u00f3n?<\/h3>\n<p>Si est\u00e1 interesado a recibir m\u00e1s informaci\u00f3n sobre el ciclo formativo de grado mediano de motocicletas, rellena el siguiente formulario y contactaremos contigo lo antes posible para resolver tus dudas.<\/p>\n<p>[contact-form-7 id=\u00bb8552&#8243; title=\u00bbInformaci\u00f3 general ES\u00bb]<\/p>\n","protected":false},"excerpt":{"rendered":"<p>El es Miguel Angel Nu\u00f1o, el coordinador del departamento y profesor del Ciclo Formativo de Grado Medio en electromec\u00e1nica de motocicletas y nos explica c\u00f3mo trabajan en el en el taller de motocicletas. En Monlau tenemos la suerte de contar con el mejor equipo a nivel de profesorado ya que son profesionales del sector, apasionados [&hellip;]<\/p>\n","protected":false},"author":1,"featured_media":3453,"comment_status":"closed","ping_status":"closed","sticky":false,"template":"","format":"standard","meta":{"footnotes":""},"categories":[36,31],"tags":[160,186,107,176,66,110,117,83,162,44],"class_list":["post-5933","post","type-post","status-publish","format-standard","has-post-thumbnail","hentry","category-automocion","category-fp-dual","tag-alumnos","tag-auto","tag-automocion","tag-estudios-profesionales","tag-grado-medio","tag-grado-superior","tag-insercion-laboral","tag-monlau","tag-motocicletas","tag-sector-automovilistico"],"yoast_head":"<!-- This site is optimized with the Yoast SEO plugin v27.2 - https:\/\/yoast.com\/product\/yoast-seo-wordpress\/ -->\n<title>Como se trabaja en el taller de motocicletas - Miguel A. Nu\u00f1o - Formaci\u00f3n profesional<\/title>\n<meta name=\"robots\" content=\"index, follow, max-snippet:-1, max-image-preview:large, max-video-preview:-1\" \/>\n<link rel=\"canonical\" href=\"https:\/\/www.monlau.com\/fp\/2021\/03\/18\/como-se-trabaja-en-el-taller-de-motocicletas-miguel-a-nuno\/\" \/>\n<meta property=\"og:locale\" content=\"es_ES\" \/>\n<meta property=\"og:type\" content=\"article\" \/>\n<meta property=\"og:title\" content=\"Como se trabaja en el taller de motocicletas - Miguel A. Nu\u00f1o - Formaci\u00f3n profesional\" \/>\n<meta property=\"og:description\" content=\"El es Miguel Angel Nu\u00f1o, el coordinador del departamento y profesor del Ciclo Formativo de Grado Medio en electromec\u00e1nica de motocicletas y nos explica c\u00f3mo trabajan en el en el taller de motocicletas. En Monlau tenemos la suerte de contar con el mejor equipo a nivel de profesorado ya que son profesionales del sector, apasionados [&hellip;]\" \/>\n<meta property=\"og:url\" content=\"https:\/\/www.monlau.com\/fp\/2021\/03\/18\/como-se-trabaja-en-el-taller-de-motocicletas-miguel-a-nuno\/\" \/>\n<meta property=\"og:site_name\" content=\"Formaci\u00f3n profesional\" \/>\n<meta property=\"article:published_time\" content=\"2021-03-17T23:00:00+00:00\" \/>\n<meta property=\"article:modified_time\" content=\"2026-03-10T09:03:33+00:00\" \/>\n<meta property=\"og:image\" content=\"https:\/\/www.monlau.com\/app\/uploads\/sites\/3\/2026\/03\/Miguel-A.-Nuno-Como-se-trabaja-en-el-taller-de-motocicletas.jpg\" \/>\n\t<meta property=\"og:image:width\" content=\"1085\" \/>\n\t<meta property=\"og:image:height\" content=\"610\" \/>\n\t<meta property=\"og:image:type\" content=\"image\/jpeg\" \/>\n<meta name=\"author\" content=\"adsmurai\" \/>\n<meta name=\"twitter:card\" content=\"summary_large_image\" \/>\n<meta name=\"twitter:label1\" content=\"Escrito por\" \/>\n\t<meta name=\"twitter:data1\" content=\"adsmurai\" \/>\n\t<meta name=\"twitter:label2\" content=\"Tiempo de lectura\" \/>\n\t<meta name=\"twitter:data2\" content=\"2 minutos\" \/>\n<script type=\"application\/ld+json\" class=\"yoast-schema-graph\">{\"@context\":\"https:\/\/schema.org\",\"@graph\":[{\"@type\":\"Article\",\"@id\":\"https:\/\/www.monlau.com\/fp\/2021\/03\/18\/como-se-trabaja-en-el-taller-de-motocicletas-miguel-a-nuno\/#article\",\"isPartOf\":{\"@id\":\"https:\/\/www.monlau.com\/fp\/2021\/03\/18\/como-se-trabaja-en-el-taller-de-motocicletas-miguel-a-nuno\/\"},\"author\":{\"name\":\"adsmurai\",\"@id\":\"https:\/\/www.monlau.com\/fp\/#\/schema\/person\/419cfdf054323e24e0a2ef1d8597f051\"},\"headline\":\"Como se trabaja en el taller de motocicletas &#8211; Miguel A. Nu\u00f1o\",\"datePublished\":\"2021-03-17T23:00:00+00:00\",\"dateModified\":\"2026-03-10T09:03:33+00:00\",\"mainEntityOfPage\":{\"@id\":\"https:\/\/www.monlau.com\/fp\/2021\/03\/18\/como-se-trabaja-en-el-taller-de-motocicletas-miguel-a-nuno\/\"},\"wordCount\":424,\"publisher\":{\"@id\":\"https:\/\/www.monlau.com\/fp\/#organization\"},\"image\":{\"@id\":\"https:\/\/www.monlau.com\/fp\/2021\/03\/18\/como-se-trabaja-en-el-taller-de-motocicletas-miguel-a-nuno\/#primaryimage\"},\"thumbnailUrl\":\"https:\/\/www.monlau.com\/app\/uploads\/sites\/3\/2026\/03\/Miguel-A.-Nuno-Como-se-trabaja-en-el-taller-de-motocicletas.jpg\",\"keywords\":[\"alumnos\",\"auto\",\"Automoci\u00f3n\",\"estudios profesionales\",\"Grado Medio\",\"Grado Superior\",\"Inserci\u00f3n laboral\",\"Monlau\",\"motocicletas\",\"sector automovil\u00edstico\"],\"articleSection\":[\"Automoci\u00f3n\",\"FP Dual\"],\"inLanguage\":\"es\"},{\"@type\":\"WebPage\",\"@id\":\"https:\/\/www.monlau.com\/fp\/2021\/03\/18\/como-se-trabaja-en-el-taller-de-motocicletas-miguel-a-nuno\/\",\"url\":\"https:\/\/www.monlau.com\/fp\/2021\/03\/18\/como-se-trabaja-en-el-taller-de-motocicletas-miguel-a-nuno\/\",\"name\":\"Como se trabaja en el taller de motocicletas - Miguel A. Nu\u00f1o - Formaci\u00f3n profesional\",\"isPartOf\":{\"@id\":\"https:\/\/www.monlau.com\/fp\/#website\"},\"primaryImageOfPage\":{\"@id\":\"https:\/\/www.monlau.com\/fp\/2021\/03\/18\/como-se-trabaja-en-el-taller-de-motocicletas-miguel-a-nuno\/#primaryimage\"},\"image\":{\"@id\":\"https:\/\/www.monlau.com\/fp\/2021\/03\/18\/como-se-trabaja-en-el-taller-de-motocicletas-miguel-a-nuno\/#primaryimage\"},\"thumbnailUrl\":\"https:\/\/www.monlau.com\/app\/uploads\/sites\/3\/2026\/03\/Miguel-A.-Nuno-Como-se-trabaja-en-el-taller-de-motocicletas.jpg\",\"datePublished\":\"2021-03-17T23:00:00+00:00\",\"dateModified\":\"2026-03-10T09:03:33+00:00\",\"breadcrumb\":{\"@id\":\"https:\/\/www.monlau.com\/fp\/2021\/03\/18\/como-se-trabaja-en-el-taller-de-motocicletas-miguel-a-nuno\/#breadcrumb\"},\"inLanguage\":\"es\",\"potentialAction\":[{\"@type\":\"ReadAction\",\"target\":[\"https:\/\/www.monlau.com\/fp\/2021\/03\/18\/como-se-trabaja-en-el-taller-de-motocicletas-miguel-a-nuno\/\"]}]},{\"@type\":\"ImageObject\",\"inLanguage\":\"es\",\"@id\":\"https:\/\/www.monlau.com\/fp\/2021\/03\/18\/como-se-trabaja-en-el-taller-de-motocicletas-miguel-a-nuno\/#primaryimage\",\"url\":\"https:\/\/www.monlau.com\/app\/uploads\/sites\/3\/2026\/03\/Miguel-A.-Nuno-Como-se-trabaja-en-el-taller-de-motocicletas.jpg\",\"contentUrl\":\"https:\/\/www.monlau.com\/app\/uploads\/sites\/3\/2026\/03\/Miguel-A.-Nuno-Como-se-trabaja-en-el-taller-de-motocicletas.jpg\",\"width\":1085,\"height\":610},{\"@type\":\"BreadcrumbList\",\"@id\":\"https:\/\/www.monlau.com\/fp\/2021\/03\/18\/como-se-trabaja-en-el-taller-de-motocicletas-miguel-a-nuno\/#breadcrumb\",\"itemListElement\":[{\"@type\":\"ListItem\",\"position\":1,\"name\":\"Portada\",\"item\":\"https:\/\/www.monlau.com\/fp\/\"},{\"@type\":\"ListItem\",\"position\":2,\"name\":\"Como se trabaja en el taller de motocicletas &#8211; Miguel A. Nu\u00f1o\"}]},{\"@type\":\"WebSite\",\"@id\":\"https:\/\/www.monlau.com\/fp\/#website\",\"url\":\"https:\/\/www.monlau.com\/fp\/\",\"name\":\"Formaci\u00f3n profesional\",\"description\":\"Monlau\",\"publisher\":{\"@id\":\"https:\/\/www.monlau.com\/fp\/#organization\"},\"potentialAction\":[{\"@type\":\"SearchAction\",\"target\":{\"@type\":\"EntryPoint\",\"urlTemplate\":\"https:\/\/www.monlau.com\/fp\/?s={search_term_string}\"},\"query-input\":{\"@type\":\"PropertyValueSpecification\",\"valueRequired\":true,\"valueName\":\"search_term_string\"}}],\"inLanguage\":\"es\"},{\"@type\":\"Organization\",\"@id\":\"https:\/\/www.monlau.com\/fp\/#organization\",\"name\":\"Formaci\u00f3n profesional\",\"url\":\"https:\/\/www.monlau.com\/fp\/\",\"logo\":{\"@type\":\"ImageObject\",\"inLanguage\":\"es\",\"@id\":\"https:\/\/www.monlau.com\/fp\/#\/schema\/logo\/image\/\",\"url\":\"https:\/\/www.monlau.com\/app\/uploads\/sites\/3\/2026\/01\/fp.png\",\"contentUrl\":\"https:\/\/www.monlau.com\/app\/uploads\/sites\/3\/2026\/01\/fp.png\",\"width\":1024,\"height\":878,\"caption\":\"Formaci\u00f3n profesional\"},\"image\":{\"@id\":\"https:\/\/www.monlau.com\/fp\/#\/schema\/logo\/image\/\"}},{\"@type\":\"Person\",\"@id\":\"https:\/\/www.monlau.com\/fp\/#\/schema\/person\/419cfdf054323e24e0a2ef1d8597f051\",\"name\":\"adsmurai\",\"image\":{\"@type\":\"ImageObject\",\"inLanguage\":\"es\",\"@id\":\"https:\/\/secure.gravatar.com\/avatar\/0748788578f91786454454fa3b4c295644edb991ad6caadc70b41d26790d38fc?s=96&d=mm&r=g\",\"url\":\"https:\/\/secure.gravatar.com\/avatar\/0748788578f91786454454fa3b4c295644edb991ad6caadc70b41d26790d38fc?s=96&d=mm&r=g\",\"contentUrl\":\"https:\/\/secure.gravatar.com\/avatar\/0748788578f91786454454fa3b4c295644edb991ad6caadc70b41d26790d38fc?s=96&d=mm&r=g\",\"caption\":\"adsmurai\"},\"sameAs\":[\"https:\/\/www.monlau.com\"],\"url\":\"https:\/\/www.monlau.com\/fp\/author\/adsmurai\/\"}]}<\/script>\n<!-- \/ Yoast SEO plugin. -->","yoast_head_json":{"title":"Como se trabaja en el taller de motocicletas - Miguel A. Nu\u00f1o - Formaci\u00f3n profesional","robots":{"index":"index","follow":"follow","max-snippet":"max-snippet:-1","max-image-preview":"max-image-preview:large","max-video-preview":"max-video-preview:-1"},"canonical":"https:\/\/www.monlau.com\/fp\/2021\/03\/18\/como-se-trabaja-en-el-taller-de-motocicletas-miguel-a-nuno\/","og_locale":"es_ES","og_type":"article","og_title":"Como se trabaja en el taller de motocicletas - Miguel A. Nu\u00f1o - Formaci\u00f3n profesional","og_description":"El es Miguel Angel Nu\u00f1o, el coordinador del departamento y profesor del Ciclo Formativo de Grado Medio en electromec\u00e1nica de motocicletas y nos explica c\u00f3mo trabajan en el en el taller de motocicletas. En Monlau tenemos la suerte de contar con el mejor equipo a nivel de profesorado ya que son profesionales del sector, apasionados [&hellip;]","og_url":"https:\/\/www.monlau.com\/fp\/2021\/03\/18\/como-se-trabaja-en-el-taller-de-motocicletas-miguel-a-nuno\/","og_site_name":"Formaci\u00f3n profesional","article_published_time":"2021-03-17T23:00:00+00:00","article_modified_time":"2026-03-10T09:03:33+00:00","og_image":[{"width":1085,"height":610,"url":"https:\/\/www.monlau.com\/app\/uploads\/sites\/3\/2026\/03\/Miguel-A.-Nuno-Como-se-trabaja-en-el-taller-de-motocicletas.jpg","type":"image\/jpeg"}],"author":"adsmurai","twitter_card":"summary_large_image","twitter_misc":{"Escrito por":"adsmurai","Tiempo de lectura":"2 minutos"},"schema":{"@context":"https:\/\/schema.org","@graph":[{"@type":"Article","@id":"https:\/\/www.monlau.com\/fp\/2021\/03\/18\/como-se-trabaja-en-el-taller-de-motocicletas-miguel-a-nuno\/#article","isPartOf":{"@id":"https:\/\/www.monlau.com\/fp\/2021\/03\/18\/como-se-trabaja-en-el-taller-de-motocicletas-miguel-a-nuno\/"},"author":{"name":"adsmurai","@id":"https:\/\/www.monlau.com\/fp\/#\/schema\/person\/419cfdf054323e24e0a2ef1d8597f051"},"headline":"Como se trabaja en el taller de motocicletas &#8211; Miguel A. Nu\u00f1o","datePublished":"2021-03-17T23:00:00+00:00","dateModified":"2026-03-10T09:03:33+00:00","mainEntityOfPage":{"@id":"https:\/\/www.monlau.com\/fp\/2021\/03\/18\/como-se-trabaja-en-el-taller-de-motocicletas-miguel-a-nuno\/"},"wordCount":424,"publisher":{"@id":"https:\/\/www.monlau.com\/fp\/#organization"},"image":{"@id":"https:\/\/www.monlau.com\/fp\/2021\/03\/18\/como-se-trabaja-en-el-taller-de-motocicletas-miguel-a-nuno\/#primaryimage"},"thumbnailUrl":"https:\/\/www.monlau.com\/app\/uploads\/sites\/3\/2026\/03\/Miguel-A.-Nuno-Como-se-trabaja-en-el-taller-de-motocicletas.jpg","keywords":["alumnos","auto","Automoci\u00f3n","estudios profesionales","Grado Medio","Grado Superior","Inserci\u00f3n laboral","Monlau","motocicletas","sector automovil\u00edstico"],"articleSection":["Automoci\u00f3n","FP Dual"],"inLanguage":"es"},{"@type":"WebPage","@id":"https:\/\/www.monlau.com\/fp\/2021\/03\/18\/como-se-trabaja-en-el-taller-de-motocicletas-miguel-a-nuno\/","url":"https:\/\/www.monlau.com\/fp\/2021\/03\/18\/como-se-trabaja-en-el-taller-de-motocicletas-miguel-a-nuno\/","name":"Como se trabaja en el taller de motocicletas - Miguel A. Nu\u00f1o - Formaci\u00f3n profesional","isPartOf":{"@id":"https:\/\/www.monlau.com\/fp\/#website"},"primaryImageOfPage":{"@id":"https:\/\/www.monlau.com\/fp\/2021\/03\/18\/como-se-trabaja-en-el-taller-de-motocicletas-miguel-a-nuno\/#primaryimage"},"image":{"@id":"https:\/\/www.monlau.com\/fp\/2021\/03\/18\/como-se-trabaja-en-el-taller-de-motocicletas-miguel-a-nuno\/#primaryimage"},"thumbnailUrl":"https:\/\/www.monlau.com\/app\/uploads\/sites\/3\/2026\/03\/Miguel-A.-Nuno-Como-se-trabaja-en-el-taller-de-motocicletas.jpg","datePublished":"2021-03-17T23:00:00+00:00","dateModified":"2026-03-10T09:03:33+00:00","breadcrumb":{"@id":"https:\/\/www.monlau.com\/fp\/2021\/03\/18\/como-se-trabaja-en-el-taller-de-motocicletas-miguel-a-nuno\/#breadcrumb"},"inLanguage":"es","potentialAction":[{"@type":"ReadAction","target":["https:\/\/www.monlau.com\/fp\/2021\/03\/18\/como-se-trabaja-en-el-taller-de-motocicletas-miguel-a-nuno\/"]}]},{"@type":"ImageObject","inLanguage":"es","@id":"https:\/\/www.monlau.com\/fp\/2021\/03\/18\/como-se-trabaja-en-el-taller-de-motocicletas-miguel-a-nuno\/#primaryimage","url":"https:\/\/www.monlau.com\/app\/uploads\/sites\/3\/2026\/03\/Miguel-A.-Nuno-Como-se-trabaja-en-el-taller-de-motocicletas.jpg","contentUrl":"https:\/\/www.monlau.com\/app\/uploads\/sites\/3\/2026\/03\/Miguel-A.-Nuno-Como-se-trabaja-en-el-taller-de-motocicletas.jpg","width":1085,"height":610},{"@type":"BreadcrumbList","@id":"https:\/\/www.monlau.com\/fp\/2021\/03\/18\/como-se-trabaja-en-el-taller-de-motocicletas-miguel-a-nuno\/#breadcrumb","itemListElement":[{"@type":"ListItem","position":1,"name":"Portada","item":"https:\/\/www.monlau.com\/fp\/"},{"@type":"ListItem","position":2,"name":"Como se trabaja en el taller de motocicletas &#8211; Miguel A. Nu\u00f1o"}]},{"@type":"WebSite","@id":"https:\/\/www.monlau.com\/fp\/#website","url":"https:\/\/www.monlau.com\/fp\/","name":"Formaci\u00f3n profesional","description":"Monlau","publisher":{"@id":"https:\/\/www.monlau.com\/fp\/#organization"},"potentialAction":[{"@type":"SearchAction","target":{"@type":"EntryPoint","urlTemplate":"https:\/\/www.monlau.com\/fp\/?s={search_term_string}"},"query-input":{"@type":"PropertyValueSpecification","valueRequired":true,"valueName":"search_term_string"}}],"inLanguage":"es"},{"@type":"Organization","@id":"https:\/\/www.monlau.com\/fp\/#organization","name":"Formaci\u00f3n profesional","url":"https:\/\/www.monlau.com\/fp\/","logo":{"@type":"ImageObject","inLanguage":"es","@id":"https:\/\/www.monlau.com\/fp\/#\/schema\/logo\/image\/","url":"https:\/\/www.monlau.com\/app\/uploads\/sites\/3\/2026\/01\/fp.png","contentUrl":"https:\/\/www.monlau.com\/app\/uploads\/sites\/3\/2026\/01\/fp.png","width":1024,"height":878,"caption":"Formaci\u00f3n profesional"},"image":{"@id":"https:\/\/www.monlau.com\/fp\/#\/schema\/logo\/image\/"}},{"@type":"Person","@id":"https:\/\/www.monlau.com\/fp\/#\/schema\/person\/419cfdf054323e24e0a2ef1d8597f051","name":"adsmurai","image":{"@type":"ImageObject","inLanguage":"es","@id":"https:\/\/secure.gravatar.com\/avatar\/0748788578f91786454454fa3b4c295644edb991ad6caadc70b41d26790d38fc?s=96&d=mm&r=g","url":"https:\/\/secure.gravatar.com\/avatar\/0748788578f91786454454fa3b4c295644edb991ad6caadc70b41d26790d38fc?s=96&d=mm&r=g","contentUrl":"https:\/\/secure.gravatar.com\/avatar\/0748788578f91786454454fa3b4c295644edb991ad6caadc70b41d26790d38fc?s=96&d=mm&r=g","caption":"adsmurai"},"sameAs":["https:\/\/www.monlau.com"],"url":"https:\/\/www.monlau.com\/fp\/author\/adsmurai\/"}]}},"_links":{"self":[{"href":"https:\/\/www.monlau.com\/fp\/wp-json\/wp\/v2\/posts\/5933","targetHints":{"allow":["GET"]}}],"collection":[{"href":"https:\/\/www.monlau.com\/fp\/wp-json\/wp\/v2\/posts"}],"about":[{"href":"https:\/\/www.monlau.com\/fp\/wp-json\/wp\/v2\/types\/post"}],"author":[{"embeddable":true,"href":"https:\/\/www.monlau.com\/fp\/wp-json\/wp\/v2\/users\/1"}],"replies":[{"embeddable":true,"href":"https:\/\/www.monlau.com\/fp\/wp-json\/wp\/v2\/comments?post=5933"}],"version-history":[{"count":1,"href":"https:\/\/www.monlau.com\/fp\/wp-json\/wp\/v2\/posts\/5933\/revisions"}],"predecessor-version":[{"id":6465,"href":"https:\/\/www.monlau.com\/fp\/wp-json\/wp\/v2\/posts\/5933\/revisions\/6465"}],"wp:featuredmedia":[{"embeddable":true,"href":"https:\/\/www.monlau.com\/fp\/wp-json\/wp\/v2\/media\/3453"}],"wp:attachment":[{"href":"https:\/\/www.monlau.com\/fp\/wp-json\/wp\/v2\/media?parent=5933"}],"wp:term":[{"taxonomy":"category","embeddable":true,"href":"https:\/\/www.monlau.com\/fp\/wp-json\/wp\/v2\/categories?post=5933"},{"taxonomy":"post_tag","embeddable":true,"href":"https:\/\/www.monlau.com\/fp\/wp-json\/wp\/v2\/tags?post=5933"}],"curies":[{"name":"wp","href":"https:\/\/api.w.org\/{rel}","templated":true}]}}