{"id":5932,"date":"2021-03-11T00:00:00","date_gmt":"2021-03-10T23:00:00","guid":{"rendered":"https:\/\/www.monlau.com\/formacion-profesional\/que-hacemos-en-compra-venda\/"},"modified":"2026-03-10T10:03:33","modified_gmt":"2026-03-10T09:03:33","slug":"que-hacemos-en-compra-venda","status":"publish","type":"post","link":"https:\/\/www.monlau.com\/fp\/2021\/03\/11\/que-hacemos-en-compra-venda\/","title":{"rendered":"\u00bfQu\u00e9 hacemos en Compra-Venta?"},"content":{"rendered":"<p>Ella es Elena de la Mota, la profesora de <strong>Compra-Venta<\/strong> del <strong>\u00a0<\/strong><a href=\"https:\/\/www.monlau.com\/formacio-professional\/project\/grado-medio-gestion-administrativa\/\"><strong>Ciclo Formativo de Grado Medio en Gesti\u00f3n Administrativa<\/strong> . <\/a>Elena lleva 30 a\u00f1os impartiendo la ense\u00f1anza en Monlau y nos explicara como trabajan esta asignatura. Los alumnos aprenden a realizar toda la <strong>documentaci\u00f3n <\/strong>necesaria desde el presupuesto, el pedido, el albar\u00e1n, la factura\u2026 <strong>Adem\u00e1s de tener el soporte de<\/strong> <strong>Factusol<\/strong>, que es un programa para hacer toda la facturaci\u00f3n. Aprenden a hacer un contrato, ven el sistema de <strong>servicio de proveedores<\/strong>, la declaraci\u00f3n trimestral del <strong>IVA\u2026<\/strong> <strong>Adem\u00e1s del proyecto de simulaci\u00f3n de una empresa real<\/strong> llamada \u201cMonlam\u00f2s\u201d, en la cual cada semana se le realiza un d\u00eda de dedicaci\u00f3n. <strong>Los alumnos tienen una toma de contacto directo con el mundo laboral<\/strong> ya que practican con esta empresa d\u00f3nde realizan diferentes tareas de administraci\u00f3n que ellos mismos archivan. Y para cuando llegan a final de curso gracias al este simulacro de empresa, han podido ver todo el ciclo administrativo de la asignatura con este soporte explicado de una manera pr\u00e1ctica. Adem\u00e1s tambi\u00e9n se imparten <strong>asignaturas c\u00f3mo Business Communication y atenci\u00f3n al cliente, soporte administrativo, M\u00e1rquetin digital y publicidad, Ingl\u00e9s\u2026<\/strong> \u00a0Y gracias a este ciclo podr\u00e1s tener una <strong>inserci\u00f3n laboral directa<\/strong> en puestos c\u00f3mo:<\/p>\n<ul>\n<li>Auxiliar administrativo de oficina, financiero, comercial, contable, log\u00edstica, seguros, recursos humanos y\/o administrativo p\u00fablico.<\/li>\n<li>Atenci\u00f3n al cliente<\/li>\n<li>Recepci\u00f3n y ayudante de oficina<\/li>\n<li>Tesorer\u00eda y medios de pago<\/li>\n<\/ul>\n<p>Adem\u00e1s, nuestros alumnos reciben la formaci\u00f3n necesaria para poder <strong>trabajar<\/strong> en sectores c\u00f3mo la banca y las fianzas, el comercio, servicios y empresas, departamentos administrativos y\/o contables de cualquier sector, turismo y hoteler\u00eda. \u00a0Y si quieren seguir aprendiendo pueden continuar en nuestro grado superior ya sea por el camino de la <a href=\"https:\/\/www.monlau.com\/formacio-professional\/?post_type=project&#038;p=6806\"><strong>Gesti\u00f3n de alojamientos Turisticos <\/strong><\/a>\u00a0o por el de <strong><a href=\"https:\/\/www.monlau.com\/formacio-professional\/project\/grado-superior-marketing-publicidad\/\">Marketing y Publicidad<\/a>.<\/strong> <\/p>\n<h3>Quieres m\u00e1s informaci\u00f3n?<\/h3>\n<p>Si est\u00e1 interesado en recibir m\u00e1s informaci\u00f3n sobre el ciclo de grado mediano de gesti\u00f3n administrativa, rellena el siguiente formulario y contactaremos contigo lo antes posible para resolver tus dudas. [contact-form-7 id=\u00bb8552&#8243; title=\u00bbInformaci\u00f3 general ES\u00bb]<\/p>\n","protected":false},"excerpt":{"rendered":"<p>Ella es Elena de la Mota, la profesora de Compra-Venta del \u00a0Ciclo Formativo de Grado Medio en Gesti\u00f3n Administrativa . Elena lleva 30 a\u00f1os impartiendo la ense\u00f1anza en Monlau y nos explicara como trabajan esta asignatura. Los alumnos aprenden a realizar toda la documentaci\u00f3n necesaria desde el presupuesto, el pedido, el albar\u00e1n, la factura\u2026 Adem\u00e1s [&hellip;]<\/p>\n","protected":false},"author":1,"featured_media":3446,"comment_status":"closed","ping_status":"closed","sticky":false,"template":"","format":"standard","meta":{"footnotes":""},"categories":[32],"tags":[160,184,176,185,66,117,102,98],"class_list":["post-5932","post","type-post","status-publish","format-standard","has-post-thumbnail","hentry","category-empresa-y-marketing","tag-alumnos","tag-compra-venda","tag-estudios-profesionales","tag-gestion-administrativa","tag-grado-medio","tag-insercion-laboral","tag-marketing-y-publicidad","tag-mundo-laboral"],"yoast_head":"<!-- This site is optimized with the Yoast SEO plugin v27.2 - https:\/\/yoast.com\/product\/yoast-seo-wordpress\/ -->\n<title>\u00bfQu\u00e9 hacemos en Compra-Venta? - Formaci\u00f3n profesional<\/title>\n<meta name=\"robots\" content=\"index, follow, max-snippet:-1, max-image-preview:large, max-video-preview:-1\" \/>\n<link rel=\"canonical\" href=\"https:\/\/www.monlau.com\/fp\/2021\/03\/11\/que-hacemos-en-compra-venda\/\" \/>\n<meta property=\"og:locale\" content=\"es_ES\" \/>\n<meta property=\"og:type\" content=\"article\" \/>\n<meta property=\"og:title\" content=\"\u00bfQu\u00e9 hacemos en Compra-Venta? - Formaci\u00f3n profesional\" \/>\n<meta property=\"og:description\" content=\"Ella es Elena de la Mota, la profesora de Compra-Venta del \u00a0Ciclo Formativo de Grado Medio en Gesti\u00f3n Administrativa . Elena lleva 30 a\u00f1os impartiendo la ense\u00f1anza en Monlau y nos explicara como trabajan esta asignatura. Los alumnos aprenden a realizar toda la documentaci\u00f3n necesaria desde el presupuesto, el pedido, el albar\u00e1n, la factura\u2026 Adem\u00e1s [&hellip;]\" \/>\n<meta property=\"og:url\" content=\"https:\/\/www.monlau.com\/fp\/2021\/03\/11\/que-hacemos-en-compra-venda\/\" \/>\n<meta property=\"og:site_name\" content=\"Formaci\u00f3n profesional\" \/>\n<meta property=\"article:published_time\" content=\"2021-03-10T23:00:00+00:00\" \/>\n<meta property=\"article:modified_time\" content=\"2026-03-10T09:03:33+00:00\" \/>\n<meta property=\"og:image\" content=\"https:\/\/www.monlau.com\/app\/uploads\/sites\/3\/2026\/03\/Que-se-hace-en-Compra-Venta-blog-1.jpg\" \/>\n\t<meta property=\"og:image:width\" content=\"1085\" \/>\n\t<meta property=\"og:image:height\" content=\"610\" \/>\n\t<meta property=\"og:image:type\" content=\"image\/jpeg\" \/>\n<meta name=\"author\" content=\"adsmurai\" \/>\n<meta name=\"twitter:card\" content=\"summary_large_image\" \/>\n<meta name=\"twitter:label1\" content=\"Escrito por\" \/>\n\t<meta name=\"twitter:data1\" content=\"adsmurai\" \/>\n\t<meta name=\"twitter:label2\" content=\"Tiempo de lectura\" \/>\n\t<meta name=\"twitter:data2\" content=\"2 minutos\" \/>\n<script type=\"application\/ld+json\" class=\"yoast-schema-graph\">{\"@context\":\"https:\/\/schema.org\",\"@graph\":[{\"@type\":\"Article\",\"@id\":\"https:\/\/www.monlau.com\/fp\/2021\/03\/11\/que-hacemos-en-compra-venda\/#article\",\"isPartOf\":{\"@id\":\"https:\/\/www.monlau.com\/fp\/2021\/03\/11\/que-hacemos-en-compra-venda\/\"},\"author\":{\"name\":\"adsmurai\",\"@id\":\"https:\/\/www.monlau.com\/fp\/#\/schema\/person\/419cfdf054323e24e0a2ef1d8597f051\"},\"headline\":\"\u00bfQu\u00e9 hacemos en Compra-Venta?\",\"datePublished\":\"2021-03-10T23:00:00+00:00\",\"dateModified\":\"2026-03-10T09:03:33+00:00\",\"mainEntityOfPage\":{\"@id\":\"https:\/\/www.monlau.com\/fp\/2021\/03\/11\/que-hacemos-en-compra-venda\/\"},\"wordCount\":375,\"publisher\":{\"@id\":\"https:\/\/www.monlau.com\/fp\/#organization\"},\"image\":{\"@id\":\"https:\/\/www.monlau.com\/fp\/2021\/03\/11\/que-hacemos-en-compra-venda\/#primaryimage\"},\"thumbnailUrl\":\"https:\/\/www.monlau.com\/app\/uploads\/sites\/3\/2026\/03\/Que-se-hace-en-Compra-Venta-blog-1.jpg\",\"keywords\":[\"alumnos\",\"compra-venda\",\"estudios profesionales\",\"gesti\u00f3n administrativa\",\"Grado Medio\",\"Inserci\u00f3n laboral\",\"Marketing y Publicidad\",\"mundo laboral\"],\"articleSection\":[\"Empresa y Marketing\"],\"inLanguage\":\"es\"},{\"@type\":\"WebPage\",\"@id\":\"https:\/\/www.monlau.com\/fp\/2021\/03\/11\/que-hacemos-en-compra-venda\/\",\"url\":\"https:\/\/www.monlau.com\/fp\/2021\/03\/11\/que-hacemos-en-compra-venda\/\",\"name\":\"\u00bfQu\u00e9 hacemos en Compra-Venta? - Formaci\u00f3n profesional\",\"isPartOf\":{\"@id\":\"https:\/\/www.monlau.com\/fp\/#website\"},\"primaryImageOfPage\":{\"@id\":\"https:\/\/www.monlau.com\/fp\/2021\/03\/11\/que-hacemos-en-compra-venda\/#primaryimage\"},\"image\":{\"@id\":\"https:\/\/www.monlau.com\/fp\/2021\/03\/11\/que-hacemos-en-compra-venda\/#primaryimage\"},\"thumbnailUrl\":\"https:\/\/www.monlau.com\/app\/uploads\/sites\/3\/2026\/03\/Que-se-hace-en-Compra-Venta-blog-1.jpg\",\"datePublished\":\"2021-03-10T23:00:00+00:00\",\"dateModified\":\"2026-03-10T09:03:33+00:00\",\"breadcrumb\":{\"@id\":\"https:\/\/www.monlau.com\/fp\/2021\/03\/11\/que-hacemos-en-compra-venda\/#breadcrumb\"},\"inLanguage\":\"es\",\"potentialAction\":[{\"@type\":\"ReadAction\",\"target\":[\"https:\/\/www.monlau.com\/fp\/2021\/03\/11\/que-hacemos-en-compra-venda\/\"]}]},{\"@type\":\"ImageObject\",\"inLanguage\":\"es\",\"@id\":\"https:\/\/www.monlau.com\/fp\/2021\/03\/11\/que-hacemos-en-compra-venda\/#primaryimage\",\"url\":\"https:\/\/www.monlau.com\/app\/uploads\/sites\/3\/2026\/03\/Que-se-hace-en-Compra-Venta-blog-1.jpg\",\"contentUrl\":\"https:\/\/www.monlau.com\/app\/uploads\/sites\/3\/2026\/03\/Que-se-hace-en-Compra-Venta-blog-1.jpg\",\"width\":1085,\"height\":610},{\"@type\":\"BreadcrumbList\",\"@id\":\"https:\/\/www.monlau.com\/fp\/2021\/03\/11\/que-hacemos-en-compra-venda\/#breadcrumb\",\"itemListElement\":[{\"@type\":\"ListItem\",\"position\":1,\"name\":\"Portada\",\"item\":\"https:\/\/www.monlau.com\/fp\/\"},{\"@type\":\"ListItem\",\"position\":2,\"name\":\"\u00bfQu\u00e9 hacemos en Compra-Venta?\"}]},{\"@type\":\"WebSite\",\"@id\":\"https:\/\/www.monlau.com\/fp\/#website\",\"url\":\"https:\/\/www.monlau.com\/fp\/\",\"name\":\"Formaci\u00f3n profesional\",\"description\":\"Monlau\",\"publisher\":{\"@id\":\"https:\/\/www.monlau.com\/fp\/#organization\"},\"potentialAction\":[{\"@type\":\"SearchAction\",\"target\":{\"@type\":\"EntryPoint\",\"urlTemplate\":\"https:\/\/www.monlau.com\/fp\/?s={search_term_string}\"},\"query-input\":{\"@type\":\"PropertyValueSpecification\",\"valueRequired\":true,\"valueName\":\"search_term_string\"}}],\"inLanguage\":\"es\"},{\"@type\":\"Organization\",\"@id\":\"https:\/\/www.monlau.com\/fp\/#organization\",\"name\":\"Formaci\u00f3n profesional\",\"url\":\"https:\/\/www.monlau.com\/fp\/\",\"logo\":{\"@type\":\"ImageObject\",\"inLanguage\":\"es\",\"@id\":\"https:\/\/www.monlau.com\/fp\/#\/schema\/logo\/image\/\",\"url\":\"https:\/\/www.monlau.com\/app\/uploads\/sites\/3\/2026\/01\/fp.png\",\"contentUrl\":\"https:\/\/www.monlau.com\/app\/uploads\/sites\/3\/2026\/01\/fp.png\",\"width\":1024,\"height\":878,\"caption\":\"Formaci\u00f3n profesional\"},\"image\":{\"@id\":\"https:\/\/www.monlau.com\/fp\/#\/schema\/logo\/image\/\"}},{\"@type\":\"Person\",\"@id\":\"https:\/\/www.monlau.com\/fp\/#\/schema\/person\/419cfdf054323e24e0a2ef1d8597f051\",\"name\":\"adsmurai\",\"image\":{\"@type\":\"ImageObject\",\"inLanguage\":\"es\",\"@id\":\"https:\/\/secure.gravatar.com\/avatar\/0748788578f91786454454fa3b4c295644edb991ad6caadc70b41d26790d38fc?s=96&d=mm&r=g\",\"url\":\"https:\/\/secure.gravatar.com\/avatar\/0748788578f91786454454fa3b4c295644edb991ad6caadc70b41d26790d38fc?s=96&d=mm&r=g\",\"contentUrl\":\"https:\/\/secure.gravatar.com\/avatar\/0748788578f91786454454fa3b4c295644edb991ad6caadc70b41d26790d38fc?s=96&d=mm&r=g\",\"caption\":\"adsmurai\"},\"sameAs\":[\"https:\/\/www.monlau.com\"],\"url\":\"https:\/\/www.monlau.com\/fp\/author\/adsmurai\/\"}]}<\/script>\n<!-- \/ Yoast SEO plugin. -->","yoast_head_json":{"title":"\u00bfQu\u00e9 hacemos en Compra-Venta? - Formaci\u00f3n profesional","robots":{"index":"index","follow":"follow","max-snippet":"max-snippet:-1","max-image-preview":"max-image-preview:large","max-video-preview":"max-video-preview:-1"},"canonical":"https:\/\/www.monlau.com\/fp\/2021\/03\/11\/que-hacemos-en-compra-venda\/","og_locale":"es_ES","og_type":"article","og_title":"\u00bfQu\u00e9 hacemos en Compra-Venta? - Formaci\u00f3n profesional","og_description":"Ella es Elena de la Mota, la profesora de Compra-Venta del \u00a0Ciclo Formativo de Grado Medio en Gesti\u00f3n Administrativa . Elena lleva 30 a\u00f1os impartiendo la ense\u00f1anza en Monlau y nos explicara como trabajan esta asignatura. Los alumnos aprenden a realizar toda la documentaci\u00f3n necesaria desde el presupuesto, el pedido, el albar\u00e1n, la factura\u2026 Adem\u00e1s [&hellip;]","og_url":"https:\/\/www.monlau.com\/fp\/2021\/03\/11\/que-hacemos-en-compra-venda\/","og_site_name":"Formaci\u00f3n profesional","article_published_time":"2021-03-10T23:00:00+00:00","article_modified_time":"2026-03-10T09:03:33+00:00","og_image":[{"width":1085,"height":610,"url":"https:\/\/www.monlau.com\/app\/uploads\/sites\/3\/2026\/03\/Que-se-hace-en-Compra-Venta-blog-1.jpg","type":"image\/jpeg"}],"author":"adsmurai","twitter_card":"summary_large_image","twitter_misc":{"Escrito por":"adsmurai","Tiempo de lectura":"2 minutos"},"schema":{"@context":"https:\/\/schema.org","@graph":[{"@type":"Article","@id":"https:\/\/www.monlau.com\/fp\/2021\/03\/11\/que-hacemos-en-compra-venda\/#article","isPartOf":{"@id":"https:\/\/www.monlau.com\/fp\/2021\/03\/11\/que-hacemos-en-compra-venda\/"},"author":{"name":"adsmurai","@id":"https:\/\/www.monlau.com\/fp\/#\/schema\/person\/419cfdf054323e24e0a2ef1d8597f051"},"headline":"\u00bfQu\u00e9 hacemos en Compra-Venta?","datePublished":"2021-03-10T23:00:00+00:00","dateModified":"2026-03-10T09:03:33+00:00","mainEntityOfPage":{"@id":"https:\/\/www.monlau.com\/fp\/2021\/03\/11\/que-hacemos-en-compra-venda\/"},"wordCount":375,"publisher":{"@id":"https:\/\/www.monlau.com\/fp\/#organization"},"image":{"@id":"https:\/\/www.monlau.com\/fp\/2021\/03\/11\/que-hacemos-en-compra-venda\/#primaryimage"},"thumbnailUrl":"https:\/\/www.monlau.com\/app\/uploads\/sites\/3\/2026\/03\/Que-se-hace-en-Compra-Venta-blog-1.jpg","keywords":["alumnos","compra-venda","estudios profesionales","gesti\u00f3n administrativa","Grado Medio","Inserci\u00f3n laboral","Marketing y Publicidad","mundo laboral"],"articleSection":["Empresa y Marketing"],"inLanguage":"es"},{"@type":"WebPage","@id":"https:\/\/www.monlau.com\/fp\/2021\/03\/11\/que-hacemos-en-compra-venda\/","url":"https:\/\/www.monlau.com\/fp\/2021\/03\/11\/que-hacemos-en-compra-venda\/","name":"\u00bfQu\u00e9 hacemos en Compra-Venta? - Formaci\u00f3n profesional","isPartOf":{"@id":"https:\/\/www.monlau.com\/fp\/#website"},"primaryImageOfPage":{"@id":"https:\/\/www.monlau.com\/fp\/2021\/03\/11\/que-hacemos-en-compra-venda\/#primaryimage"},"image":{"@id":"https:\/\/www.monlau.com\/fp\/2021\/03\/11\/que-hacemos-en-compra-venda\/#primaryimage"},"thumbnailUrl":"https:\/\/www.monlau.com\/app\/uploads\/sites\/3\/2026\/03\/Que-se-hace-en-Compra-Venta-blog-1.jpg","datePublished":"2021-03-10T23:00:00+00:00","dateModified":"2026-03-10T09:03:33+00:00","breadcrumb":{"@id":"https:\/\/www.monlau.com\/fp\/2021\/03\/11\/que-hacemos-en-compra-venda\/#breadcrumb"},"inLanguage":"es","potentialAction":[{"@type":"ReadAction","target":["https:\/\/www.monlau.com\/fp\/2021\/03\/11\/que-hacemos-en-compra-venda\/"]}]},{"@type":"ImageObject","inLanguage":"es","@id":"https:\/\/www.monlau.com\/fp\/2021\/03\/11\/que-hacemos-en-compra-venda\/#primaryimage","url":"https:\/\/www.monlau.com\/app\/uploads\/sites\/3\/2026\/03\/Que-se-hace-en-Compra-Venta-blog-1.jpg","contentUrl":"https:\/\/www.monlau.com\/app\/uploads\/sites\/3\/2026\/03\/Que-se-hace-en-Compra-Venta-blog-1.jpg","width":1085,"height":610},{"@type":"BreadcrumbList","@id":"https:\/\/www.monlau.com\/fp\/2021\/03\/11\/que-hacemos-en-compra-venda\/#breadcrumb","itemListElement":[{"@type":"ListItem","position":1,"name":"Portada","item":"https:\/\/www.monlau.com\/fp\/"},{"@type":"ListItem","position":2,"name":"\u00bfQu\u00e9 hacemos en Compra-Venta?"}]},{"@type":"WebSite","@id":"https:\/\/www.monlau.com\/fp\/#website","url":"https:\/\/www.monlau.com\/fp\/","name":"Formaci\u00f3n profesional","description":"Monlau","publisher":{"@id":"https:\/\/www.monlau.com\/fp\/#organization"},"potentialAction":[{"@type":"SearchAction","target":{"@type":"EntryPoint","urlTemplate":"https:\/\/www.monlau.com\/fp\/?s={search_term_string}"},"query-input":{"@type":"PropertyValueSpecification","valueRequired":true,"valueName":"search_term_string"}}],"inLanguage":"es"},{"@type":"Organization","@id":"https:\/\/www.monlau.com\/fp\/#organization","name":"Formaci\u00f3n profesional","url":"https:\/\/www.monlau.com\/fp\/","logo":{"@type":"ImageObject","inLanguage":"es","@id":"https:\/\/www.monlau.com\/fp\/#\/schema\/logo\/image\/","url":"https:\/\/www.monlau.com\/app\/uploads\/sites\/3\/2026\/01\/fp.png","contentUrl":"https:\/\/www.monlau.com\/app\/uploads\/sites\/3\/2026\/01\/fp.png","width":1024,"height":878,"caption":"Formaci\u00f3n profesional"},"image":{"@id":"https:\/\/www.monlau.com\/fp\/#\/schema\/logo\/image\/"}},{"@type":"Person","@id":"https:\/\/www.monlau.com\/fp\/#\/schema\/person\/419cfdf054323e24e0a2ef1d8597f051","name":"adsmurai","image":{"@type":"ImageObject","inLanguage":"es","@id":"https:\/\/secure.gravatar.com\/avatar\/0748788578f91786454454fa3b4c295644edb991ad6caadc70b41d26790d38fc?s=96&d=mm&r=g","url":"https:\/\/secure.gravatar.com\/avatar\/0748788578f91786454454fa3b4c295644edb991ad6caadc70b41d26790d38fc?s=96&d=mm&r=g","contentUrl":"https:\/\/secure.gravatar.com\/avatar\/0748788578f91786454454fa3b4c295644edb991ad6caadc70b41d26790d38fc?s=96&d=mm&r=g","caption":"adsmurai"},"sameAs":["https:\/\/www.monlau.com"],"url":"https:\/\/www.monlau.com\/fp\/author\/adsmurai\/"}]}},"_links":{"self":[{"href":"https:\/\/www.monlau.com\/fp\/wp-json\/wp\/v2\/posts\/5932","targetHints":{"allow":["GET"]}}],"collection":[{"href":"https:\/\/www.monlau.com\/fp\/wp-json\/wp\/v2\/posts"}],"about":[{"href":"https:\/\/www.monlau.com\/fp\/wp-json\/wp\/v2\/types\/post"}],"author":[{"embeddable":true,"href":"https:\/\/www.monlau.com\/fp\/wp-json\/wp\/v2\/users\/1"}],"replies":[{"embeddable":true,"href":"https:\/\/www.monlau.com\/fp\/wp-json\/wp\/v2\/comments?post=5932"}],"version-history":[{"count":1,"href":"https:\/\/www.monlau.com\/fp\/wp-json\/wp\/v2\/posts\/5932\/revisions"}],"predecessor-version":[{"id":6467,"href":"https:\/\/www.monlau.com\/fp\/wp-json\/wp\/v2\/posts\/5932\/revisions\/6467"}],"wp:featuredmedia":[{"embeddable":true,"href":"https:\/\/www.monlau.com\/fp\/wp-json\/wp\/v2\/media\/3446"}],"wp:attachment":[{"href":"https:\/\/www.monlau.com\/fp\/wp-json\/wp\/v2\/media?parent=5932"}],"wp:term":[{"taxonomy":"category","embeddable":true,"href":"https:\/\/www.monlau.com\/fp\/wp-json\/wp\/v2\/categories?post=5932"},{"taxonomy":"post_tag","embeddable":true,"href":"https:\/\/www.monlau.com\/fp\/wp-json\/wp\/v2\/tags?post=5932"}],"curies":[{"name":"wp","href":"https:\/\/api.w.org\/{rel}","templated":true}]}}