{"id":5931,"date":"2021-03-04T00:00:00","date_gmt":"2021-03-03T23:00:00","guid":{"rendered":"https:\/\/www.monlau.com\/formacion-profesional\/que-hacemos-en-el-ciclo-medio-de-carroceria-manuel-moreno\/"},"modified":"2026-03-10T10:03:33","modified_gmt":"2026-03-10T09:03:33","slug":"que-hacemos-en-el-ciclo-medio-de-carroceria-manuel-moreno","status":"publish","type":"post","link":"https:\/\/www.monlau.com\/fp\/2021\/03\/04\/que-hacemos-en-el-ciclo-medio-de-carroceria-manuel-moreno\/","title":{"rendered":"\u00bfQu\u00e9 hacemos en el ciclo medio de carrocer\u00eda? &#8211; Manuel Moreno"},"content":{"rendered":"<p>Manuel Moreno, el coordinador del departamento de carrocer\u00eda\u00a0 nos explica c\u00f3mo trabajan en el <a href=\"https:\/\/www.monlau.com\/formacio-professional\/project\/grado-medio-carroceria\/\">Ciclo Formativo de Grado Medio en Carrocer\u00eda <\/a>para formar a profesionales capaces de realizar operaciones de reparaci\u00f3n, transformaciones de veh\u00edculos en el \u00e1rea de carrocer\u00eda y mucho m\u00e1s.<br \/>\nEste ciclo se compone de dos a\u00f1os, en los que se estudian diferentes <strong>m\u00f3dulos te\u00f3rico-pr\u00e1cticos<\/strong> <strong>que se realizan simult\u00e1neamente en el aula-taller<\/strong> d\u00f3nde el alumno adquiere conocimientos c\u00f3mo mecanizado, corte, taladrado, roscado, diferentes tipos de soldadura\u2026 Adem\u00e1s de <strong>fabricar sus propias piezas<\/strong> para interpretar en planos y poner en pr\u00e1ctica los conocimientos adquiridos en las asignaturas de metodolog\u00eda. Tocan todos los materiales de los que se compone el autom\u00f3vil o la motocicleta, c\u00f3mo el pl\u00e1stico o la chapa. Estas pr\u00e1cticas se realizan en la preparaci\u00f3n de la superficie, para posteriormente pintar.<\/p>\n<p>En el <strong>segundo curso realizamos pr\u00e1cticas sobre veh\u00edculos reales<\/strong>, reparaciones de diferentes elementos tanto estructurales c\u00f3mo no estructurales con diferentes aplicaciones de pintura, barnices, sistemas de pulido, vinilos, etc. Con estos dos a\u00f1os el alumno adquiere <strong>toda la<\/strong> <strong>preparaci\u00f3n<\/strong> <strong>necesaria<\/strong> sobre el pintado y el mantenimiento de carrocer\u00edas, adem\u00e1s de diferentes conocimientos de asignaturas c\u00f3mo Formaci\u00f3n y Orientaci\u00f3n Laboral, Empresa e ingl\u00e9s.<\/p>\n<p>Adem\u00e1s en Monlau contamos con entidades vinculadas al sector de la automoci\u00f3n c\u00f3mo: Quadis, TMB, Arcplus, <strong>Audi Superwagen<\/strong>, Cooltra y muchas m\u00e1s, d\u00f3nde nuestros alumnos tienen un alto \u00edndice de<strong> inserci\u00f3n laboral.<\/strong><\/p>\n<p>Gracias a este ciclo podr\u00e1s acceder a puestos de trabajo c\u00f3mo:<\/p>\n<ul>\n<li>Reparador o pintor de carrocer\u00eda de autom\u00f3viles<\/li>\n<li>Veh\u00edculos pesados , tractores, maquinaria agr\u00edcola\u2026<\/li>\n<li>Construcci\u00f3n y obras p\u00fablicas<\/li>\n<li>Material ferroviario<\/li>\n<li>Instalador de lunas y montador de accesorios<\/li>\n<\/ul>\n<p>Y si quieres seguir aprendiendo puedes continuar en nuestro <a href=\"https:\/\/www.monlau.com\/formacio-professional\/cursos\/grau-superior-automocio\/?lang=ca\"><strong>Grado Superior de<\/strong> <strong>Automoci\u00f3n <\/strong><\/a>tanto presencial c\u00f3mo <a href=\"https:\/\/www.monlau.com\/formacio-professional\/project\/grado-superior-automocion-online\/\"><strong>online<\/strong>\u00a0<\/a>o bien en otras especialidades.<\/p>\n<h3><span data-contrast=\"auto\">\u00bfQuieres m\u00e1s informaci\u00f3n?\u00a0<\/span><span data-ccp-props=\"{&quot;201341983&quot;:0,&quot;335551550&quot;:6,&quot;335551620&quot;:6,&quot;335559739&quot;:160,&quot;335559740&quot;:259}\">\u00a0<\/span><\/h3>\n<p><span data-contrast=\"auto\">Si estas interesado en recibir m\u00e1s informaci\u00f3n sobre el ciclo formativo de grado medio de Carrocer\u00eda, rellena el siguiente formulario y contactaremos contigo lo antes posible para resolver tus dudas.\u00a0<\/span><span data-ccp-props=\"{&quot;201341983&quot;:0,&quot;335551550&quot;:6,&quot;335551620&quot;:6,&quot;335559739&quot;:160,&quot;335559740&quot;:259}\">\u00a0<\/span><br \/>\n[contact-form-7 id=\u00bb8552&#8243; title=\u00bbInformaci\u00f3 general ES\u00bb]<\/p>\n","protected":false},"excerpt":{"rendered":"<p>Manuel Moreno, el coordinador del departamento de carrocer\u00eda\u00a0 nos explica c\u00f3mo trabajan en el Ciclo Formativo de Grado Medio en Carrocer\u00eda para formar a profesionales capaces de realizar operaciones de reparaci\u00f3n, transformaciones de veh\u00edculos en el \u00e1rea de carrocer\u00eda y mucho m\u00e1s. Este ciclo se compone de dos a\u00f1os, en los que se estudian diferentes [&hellip;]<\/p>\n","protected":false},"author":1,"featured_media":3438,"comment_status":"closed","ping_status":"closed","sticky":false,"template":"","format":"standard","meta":{"footnotes":""},"categories":[36],"tags":[160,183,107,155],"class_list":["post-5931","post","type-post","status-publish","format-standard","has-post-thumbnail","hentry","category-automocion","tag-alumnos","tag-aula-taller","tag-automocion","tag-carroceria"],"yoast_head":"<!-- This site is optimized with the Yoast SEO plugin v27.2 - https:\/\/yoast.com\/product\/yoast-seo-wordpress\/ -->\n<title>\u00bfQu\u00e9 hacemos en el ciclo medio de carrocer\u00eda? - Manuel Moreno - Formaci\u00f3n profesional<\/title>\n<meta name=\"robots\" content=\"index, follow, max-snippet:-1, max-image-preview:large, max-video-preview:-1\" \/>\n<link rel=\"canonical\" href=\"https:\/\/www.monlau.com\/fp\/2021\/03\/04\/que-hacemos-en-el-ciclo-medio-de-carroceria-manuel-moreno\/\" \/>\n<meta property=\"og:locale\" content=\"es_ES\" \/>\n<meta property=\"og:type\" content=\"article\" \/>\n<meta property=\"og:title\" content=\"\u00bfQu\u00e9 hacemos en el ciclo medio de carrocer\u00eda? - Manuel Moreno - Formaci\u00f3n profesional\" \/>\n<meta property=\"og:description\" content=\"Manuel Moreno, el coordinador del departamento de carrocer\u00eda\u00a0 nos explica c\u00f3mo trabajan en el Ciclo Formativo de Grado Medio en Carrocer\u00eda para formar a profesionales capaces de realizar operaciones de reparaci\u00f3n, transformaciones de veh\u00edculos en el \u00e1rea de carrocer\u00eda y mucho m\u00e1s. Este ciclo se compone de dos a\u00f1os, en los que se estudian diferentes [&hellip;]\" \/>\n<meta property=\"og:url\" content=\"https:\/\/www.monlau.com\/fp\/2021\/03\/04\/que-hacemos-en-el-ciclo-medio-de-carroceria-manuel-moreno\/\" \/>\n<meta property=\"og:site_name\" content=\"Formaci\u00f3n profesional\" \/>\n<meta property=\"article:published_time\" content=\"2021-03-03T23:00:00+00:00\" \/>\n<meta property=\"article:modified_time\" content=\"2026-03-10T09:03:33+00:00\" \/>\n<meta property=\"og:image\" content=\"https:\/\/www.monlau.com\/app\/uploads\/sites\/3\/2026\/03\/MANUEL1.jpg\" \/>\n\t<meta property=\"og:image:width\" content=\"1085\" \/>\n\t<meta property=\"og:image:height\" content=\"610\" \/>\n\t<meta property=\"og:image:type\" content=\"image\/jpeg\" \/>\n<meta name=\"author\" content=\"adsmurai\" \/>\n<meta name=\"twitter:card\" content=\"summary_large_image\" \/>\n<meta name=\"twitter:label1\" content=\"Escrito por\" \/>\n\t<meta name=\"twitter:data1\" content=\"adsmurai\" \/>\n\t<meta name=\"twitter:label2\" content=\"Tiempo de lectura\" \/>\n\t<meta name=\"twitter:data2\" content=\"2 minutos\" \/>\n<script type=\"application\/ld+json\" class=\"yoast-schema-graph\">{\"@context\":\"https:\/\/schema.org\",\"@graph\":[{\"@type\":\"Article\",\"@id\":\"https:\/\/www.monlau.com\/fp\/2021\/03\/04\/que-hacemos-en-el-ciclo-medio-de-carroceria-manuel-moreno\/#article\",\"isPartOf\":{\"@id\":\"https:\/\/www.monlau.com\/fp\/2021\/03\/04\/que-hacemos-en-el-ciclo-medio-de-carroceria-manuel-moreno\/\"},\"author\":{\"name\":\"adsmurai\",\"@id\":\"https:\/\/www.monlau.com\/fp\/#\/schema\/person\/419cfdf054323e24e0a2ef1d8597f051\"},\"headline\":\"\u00bfQu\u00e9 hacemos en el ciclo medio de carrocer\u00eda? &#8211; Manuel Moreno\",\"datePublished\":\"2021-03-03T23:00:00+00:00\",\"dateModified\":\"2026-03-10T09:03:33+00:00\",\"mainEntityOfPage\":{\"@id\":\"https:\/\/www.monlau.com\/fp\/2021\/03\/04\/que-hacemos-en-el-ciclo-medio-de-carroceria-manuel-moreno\/\"},\"wordCount\":390,\"publisher\":{\"@id\":\"https:\/\/www.monlau.com\/fp\/#organization\"},\"image\":{\"@id\":\"https:\/\/www.monlau.com\/fp\/2021\/03\/04\/que-hacemos-en-el-ciclo-medio-de-carroceria-manuel-moreno\/#primaryimage\"},\"thumbnailUrl\":\"https:\/\/www.monlau.com\/app\/uploads\/sites\/3\/2026\/03\/MANUEL1.jpg\",\"keywords\":[\"alumnos\",\"Aula-taller\",\"Automoci\u00f3n\",\"carrocer\u00eda\"],\"articleSection\":[\"Automoci\u00f3n\"],\"inLanguage\":\"es\"},{\"@type\":\"WebPage\",\"@id\":\"https:\/\/www.monlau.com\/fp\/2021\/03\/04\/que-hacemos-en-el-ciclo-medio-de-carroceria-manuel-moreno\/\",\"url\":\"https:\/\/www.monlau.com\/fp\/2021\/03\/04\/que-hacemos-en-el-ciclo-medio-de-carroceria-manuel-moreno\/\",\"name\":\"\u00bfQu\u00e9 hacemos en el ciclo medio de carrocer\u00eda? - Manuel Moreno - Formaci\u00f3n profesional\",\"isPartOf\":{\"@id\":\"https:\/\/www.monlau.com\/fp\/#website\"},\"primaryImageOfPage\":{\"@id\":\"https:\/\/www.monlau.com\/fp\/2021\/03\/04\/que-hacemos-en-el-ciclo-medio-de-carroceria-manuel-moreno\/#primaryimage\"},\"image\":{\"@id\":\"https:\/\/www.monlau.com\/fp\/2021\/03\/04\/que-hacemos-en-el-ciclo-medio-de-carroceria-manuel-moreno\/#primaryimage\"},\"thumbnailUrl\":\"https:\/\/www.monlau.com\/app\/uploads\/sites\/3\/2026\/03\/MANUEL1.jpg\",\"datePublished\":\"2021-03-03T23:00:00+00:00\",\"dateModified\":\"2026-03-10T09:03:33+00:00\",\"breadcrumb\":{\"@id\":\"https:\/\/www.monlau.com\/fp\/2021\/03\/04\/que-hacemos-en-el-ciclo-medio-de-carroceria-manuel-moreno\/#breadcrumb\"},\"inLanguage\":\"es\",\"potentialAction\":[{\"@type\":\"ReadAction\",\"target\":[\"https:\/\/www.monlau.com\/fp\/2021\/03\/04\/que-hacemos-en-el-ciclo-medio-de-carroceria-manuel-moreno\/\"]}]},{\"@type\":\"ImageObject\",\"inLanguage\":\"es\",\"@id\":\"https:\/\/www.monlau.com\/fp\/2021\/03\/04\/que-hacemos-en-el-ciclo-medio-de-carroceria-manuel-moreno\/#primaryimage\",\"url\":\"https:\/\/www.monlau.com\/app\/uploads\/sites\/3\/2026\/03\/MANUEL1.jpg\",\"contentUrl\":\"https:\/\/www.monlau.com\/app\/uploads\/sites\/3\/2026\/03\/MANUEL1.jpg\",\"width\":1085,\"height\":610},{\"@type\":\"BreadcrumbList\",\"@id\":\"https:\/\/www.monlau.com\/fp\/2021\/03\/04\/que-hacemos-en-el-ciclo-medio-de-carroceria-manuel-moreno\/#breadcrumb\",\"itemListElement\":[{\"@type\":\"ListItem\",\"position\":1,\"name\":\"Portada\",\"item\":\"https:\/\/www.monlau.com\/fp\/\"},{\"@type\":\"ListItem\",\"position\":2,\"name\":\"\u00bfQu\u00e9 hacemos en el ciclo medio de carrocer\u00eda? &#8211; Manuel Moreno\"}]},{\"@type\":\"WebSite\",\"@id\":\"https:\/\/www.monlau.com\/fp\/#website\",\"url\":\"https:\/\/www.monlau.com\/fp\/\",\"name\":\"Formaci\u00f3n profesional\",\"description\":\"Monlau\",\"publisher\":{\"@id\":\"https:\/\/www.monlau.com\/fp\/#organization\"},\"potentialAction\":[{\"@type\":\"SearchAction\",\"target\":{\"@type\":\"EntryPoint\",\"urlTemplate\":\"https:\/\/www.monlau.com\/fp\/?s={search_term_string}\"},\"query-input\":{\"@type\":\"PropertyValueSpecification\",\"valueRequired\":true,\"valueName\":\"search_term_string\"}}],\"inLanguage\":\"es\"},{\"@type\":\"Organization\",\"@id\":\"https:\/\/www.monlau.com\/fp\/#organization\",\"name\":\"Formaci\u00f3n profesional\",\"url\":\"https:\/\/www.monlau.com\/fp\/\",\"logo\":{\"@type\":\"ImageObject\",\"inLanguage\":\"es\",\"@id\":\"https:\/\/www.monlau.com\/fp\/#\/schema\/logo\/image\/\",\"url\":\"https:\/\/www.monlau.com\/app\/uploads\/sites\/3\/2026\/01\/fp.png\",\"contentUrl\":\"https:\/\/www.monlau.com\/app\/uploads\/sites\/3\/2026\/01\/fp.png\",\"width\":1024,\"height\":878,\"caption\":\"Formaci\u00f3n profesional\"},\"image\":{\"@id\":\"https:\/\/www.monlau.com\/fp\/#\/schema\/logo\/image\/\"}},{\"@type\":\"Person\",\"@id\":\"https:\/\/www.monlau.com\/fp\/#\/schema\/person\/419cfdf054323e24e0a2ef1d8597f051\",\"name\":\"adsmurai\",\"image\":{\"@type\":\"ImageObject\",\"inLanguage\":\"es\",\"@id\":\"https:\/\/secure.gravatar.com\/avatar\/0748788578f91786454454fa3b4c295644edb991ad6caadc70b41d26790d38fc?s=96&d=mm&r=g\",\"url\":\"https:\/\/secure.gravatar.com\/avatar\/0748788578f91786454454fa3b4c295644edb991ad6caadc70b41d26790d38fc?s=96&d=mm&r=g\",\"contentUrl\":\"https:\/\/secure.gravatar.com\/avatar\/0748788578f91786454454fa3b4c295644edb991ad6caadc70b41d26790d38fc?s=96&d=mm&r=g\",\"caption\":\"adsmurai\"},\"sameAs\":[\"https:\/\/www.monlau.com\"],\"url\":\"https:\/\/www.monlau.com\/fp\/author\/adsmurai\/\"}]}<\/script>\n<!-- \/ Yoast SEO plugin. -->","yoast_head_json":{"title":"\u00bfQu\u00e9 hacemos en el ciclo medio de carrocer\u00eda? - Manuel Moreno - Formaci\u00f3n profesional","robots":{"index":"index","follow":"follow","max-snippet":"max-snippet:-1","max-image-preview":"max-image-preview:large","max-video-preview":"max-video-preview:-1"},"canonical":"https:\/\/www.monlau.com\/fp\/2021\/03\/04\/que-hacemos-en-el-ciclo-medio-de-carroceria-manuel-moreno\/","og_locale":"es_ES","og_type":"article","og_title":"\u00bfQu\u00e9 hacemos en el ciclo medio de carrocer\u00eda? - Manuel Moreno - Formaci\u00f3n profesional","og_description":"Manuel Moreno, el coordinador del departamento de carrocer\u00eda\u00a0 nos explica c\u00f3mo trabajan en el Ciclo Formativo de Grado Medio en Carrocer\u00eda para formar a profesionales capaces de realizar operaciones de reparaci\u00f3n, transformaciones de veh\u00edculos en el \u00e1rea de carrocer\u00eda y mucho m\u00e1s. Este ciclo se compone de dos a\u00f1os, en los que se estudian diferentes [&hellip;]","og_url":"https:\/\/www.monlau.com\/fp\/2021\/03\/04\/que-hacemos-en-el-ciclo-medio-de-carroceria-manuel-moreno\/","og_site_name":"Formaci\u00f3n profesional","article_published_time":"2021-03-03T23:00:00+00:00","article_modified_time":"2026-03-10T09:03:33+00:00","og_image":[{"width":1085,"height":610,"url":"https:\/\/www.monlau.com\/app\/uploads\/sites\/3\/2026\/03\/MANUEL1.jpg","type":"image\/jpeg"}],"author":"adsmurai","twitter_card":"summary_large_image","twitter_misc":{"Escrito por":"adsmurai","Tiempo de lectura":"2 minutos"},"schema":{"@context":"https:\/\/schema.org","@graph":[{"@type":"Article","@id":"https:\/\/www.monlau.com\/fp\/2021\/03\/04\/que-hacemos-en-el-ciclo-medio-de-carroceria-manuel-moreno\/#article","isPartOf":{"@id":"https:\/\/www.monlau.com\/fp\/2021\/03\/04\/que-hacemos-en-el-ciclo-medio-de-carroceria-manuel-moreno\/"},"author":{"name":"adsmurai","@id":"https:\/\/www.monlau.com\/fp\/#\/schema\/person\/419cfdf054323e24e0a2ef1d8597f051"},"headline":"\u00bfQu\u00e9 hacemos en el ciclo medio de carrocer\u00eda? &#8211; Manuel Moreno","datePublished":"2021-03-03T23:00:00+00:00","dateModified":"2026-03-10T09:03:33+00:00","mainEntityOfPage":{"@id":"https:\/\/www.monlau.com\/fp\/2021\/03\/04\/que-hacemos-en-el-ciclo-medio-de-carroceria-manuel-moreno\/"},"wordCount":390,"publisher":{"@id":"https:\/\/www.monlau.com\/fp\/#organization"},"image":{"@id":"https:\/\/www.monlau.com\/fp\/2021\/03\/04\/que-hacemos-en-el-ciclo-medio-de-carroceria-manuel-moreno\/#primaryimage"},"thumbnailUrl":"https:\/\/www.monlau.com\/app\/uploads\/sites\/3\/2026\/03\/MANUEL1.jpg","keywords":["alumnos","Aula-taller","Automoci\u00f3n","carrocer\u00eda"],"articleSection":["Automoci\u00f3n"],"inLanguage":"es"},{"@type":"WebPage","@id":"https:\/\/www.monlau.com\/fp\/2021\/03\/04\/que-hacemos-en-el-ciclo-medio-de-carroceria-manuel-moreno\/","url":"https:\/\/www.monlau.com\/fp\/2021\/03\/04\/que-hacemos-en-el-ciclo-medio-de-carroceria-manuel-moreno\/","name":"\u00bfQu\u00e9 hacemos en el ciclo medio de carrocer\u00eda? - Manuel Moreno - Formaci\u00f3n profesional","isPartOf":{"@id":"https:\/\/www.monlau.com\/fp\/#website"},"primaryImageOfPage":{"@id":"https:\/\/www.monlau.com\/fp\/2021\/03\/04\/que-hacemos-en-el-ciclo-medio-de-carroceria-manuel-moreno\/#primaryimage"},"image":{"@id":"https:\/\/www.monlau.com\/fp\/2021\/03\/04\/que-hacemos-en-el-ciclo-medio-de-carroceria-manuel-moreno\/#primaryimage"},"thumbnailUrl":"https:\/\/www.monlau.com\/app\/uploads\/sites\/3\/2026\/03\/MANUEL1.jpg","datePublished":"2021-03-03T23:00:00+00:00","dateModified":"2026-03-10T09:03:33+00:00","breadcrumb":{"@id":"https:\/\/www.monlau.com\/fp\/2021\/03\/04\/que-hacemos-en-el-ciclo-medio-de-carroceria-manuel-moreno\/#breadcrumb"},"inLanguage":"es","potentialAction":[{"@type":"ReadAction","target":["https:\/\/www.monlau.com\/fp\/2021\/03\/04\/que-hacemos-en-el-ciclo-medio-de-carroceria-manuel-moreno\/"]}]},{"@type":"ImageObject","inLanguage":"es","@id":"https:\/\/www.monlau.com\/fp\/2021\/03\/04\/que-hacemos-en-el-ciclo-medio-de-carroceria-manuel-moreno\/#primaryimage","url":"https:\/\/www.monlau.com\/app\/uploads\/sites\/3\/2026\/03\/MANUEL1.jpg","contentUrl":"https:\/\/www.monlau.com\/app\/uploads\/sites\/3\/2026\/03\/MANUEL1.jpg","width":1085,"height":610},{"@type":"BreadcrumbList","@id":"https:\/\/www.monlau.com\/fp\/2021\/03\/04\/que-hacemos-en-el-ciclo-medio-de-carroceria-manuel-moreno\/#breadcrumb","itemListElement":[{"@type":"ListItem","position":1,"name":"Portada","item":"https:\/\/www.monlau.com\/fp\/"},{"@type":"ListItem","position":2,"name":"\u00bfQu\u00e9 hacemos en el ciclo medio de carrocer\u00eda? &#8211; Manuel Moreno"}]},{"@type":"WebSite","@id":"https:\/\/www.monlau.com\/fp\/#website","url":"https:\/\/www.monlau.com\/fp\/","name":"Formaci\u00f3n profesional","description":"Monlau","publisher":{"@id":"https:\/\/www.monlau.com\/fp\/#organization"},"potentialAction":[{"@type":"SearchAction","target":{"@type":"EntryPoint","urlTemplate":"https:\/\/www.monlau.com\/fp\/?s={search_term_string}"},"query-input":{"@type":"PropertyValueSpecification","valueRequired":true,"valueName":"search_term_string"}}],"inLanguage":"es"},{"@type":"Organization","@id":"https:\/\/www.monlau.com\/fp\/#organization","name":"Formaci\u00f3n profesional","url":"https:\/\/www.monlau.com\/fp\/","logo":{"@type":"ImageObject","inLanguage":"es","@id":"https:\/\/www.monlau.com\/fp\/#\/schema\/logo\/image\/","url":"https:\/\/www.monlau.com\/app\/uploads\/sites\/3\/2026\/01\/fp.png","contentUrl":"https:\/\/www.monlau.com\/app\/uploads\/sites\/3\/2026\/01\/fp.png","width":1024,"height":878,"caption":"Formaci\u00f3n profesional"},"image":{"@id":"https:\/\/www.monlau.com\/fp\/#\/schema\/logo\/image\/"}},{"@type":"Person","@id":"https:\/\/www.monlau.com\/fp\/#\/schema\/person\/419cfdf054323e24e0a2ef1d8597f051","name":"adsmurai","image":{"@type":"ImageObject","inLanguage":"es","@id":"https:\/\/secure.gravatar.com\/avatar\/0748788578f91786454454fa3b4c295644edb991ad6caadc70b41d26790d38fc?s=96&d=mm&r=g","url":"https:\/\/secure.gravatar.com\/avatar\/0748788578f91786454454fa3b4c295644edb991ad6caadc70b41d26790d38fc?s=96&d=mm&r=g","contentUrl":"https:\/\/secure.gravatar.com\/avatar\/0748788578f91786454454fa3b4c295644edb991ad6caadc70b41d26790d38fc?s=96&d=mm&r=g","caption":"adsmurai"},"sameAs":["https:\/\/www.monlau.com"],"url":"https:\/\/www.monlau.com\/fp\/author\/adsmurai\/"}]}},"_links":{"self":[{"href":"https:\/\/www.monlau.com\/fp\/wp-json\/wp\/v2\/posts\/5931","targetHints":{"allow":["GET"]}}],"collection":[{"href":"https:\/\/www.monlau.com\/fp\/wp-json\/wp\/v2\/posts"}],"about":[{"href":"https:\/\/www.monlau.com\/fp\/wp-json\/wp\/v2\/types\/post"}],"author":[{"embeddable":true,"href":"https:\/\/www.monlau.com\/fp\/wp-json\/wp\/v2\/users\/1"}],"replies":[{"embeddable":true,"href":"https:\/\/www.monlau.com\/fp\/wp-json\/wp\/v2\/comments?post=5931"}],"version-history":[{"count":1,"href":"https:\/\/www.monlau.com\/fp\/wp-json\/wp\/v2\/posts\/5931\/revisions"}],"predecessor-version":[{"id":6469,"href":"https:\/\/www.monlau.com\/fp\/wp-json\/wp\/v2\/posts\/5931\/revisions\/6469"}],"wp:featuredmedia":[{"embeddable":true,"href":"https:\/\/www.monlau.com\/fp\/wp-json\/wp\/v2\/media\/3438"}],"wp:attachment":[{"href":"https:\/\/www.monlau.com\/fp\/wp-json\/wp\/v2\/media?parent=5931"}],"wp:term":[{"taxonomy":"category","embeddable":true,"href":"https:\/\/www.monlau.com\/fp\/wp-json\/wp\/v2\/categories?post=5931"},{"taxonomy":"post_tag","embeddable":true,"href":"https:\/\/www.monlau.com\/fp\/wp-json\/wp\/v2\/tags?post=5931"}],"curies":[{"name":"wp","href":"https:\/\/api.w.org\/{rel}","templated":true}]}}